{"id":61598,"date":"2026-04-27T14:06:48","date_gmt":"2026-04-27T13:06:48","guid":{"rendered":"https:\/\/algarve7.pt\/?p=61598"},"modified":"2026-04-27T14:06:51","modified_gmt":"2026-04-27T13:06:51","slug":"olhao-voltou-a-celebrar-o-25-de-abril-com-cerimonias-e-homenagens-a-liberdade","status":"publish","type":"post","link":"https:\/\/algarve7.pt\/index.php\/2026\/04\/olhao-voltou-a-celebrar-o-25-de-abril-com-cerimonias-e-homenagens-a-liberdade\/atualidade\/14\/06\/","title":{"rendered":"Olh\u00e3o voltou a celebrar o 25 de Abril com cerim\u00f3nias e homenagens \u00e0 liberdade"},"content":{"rendered":"\n<p>O concelho de Olh\u00e3o voltou a celebrar o 25 de Abril de 1974, reafirmando os valores da Revolu\u00e7\u00e3o dos Cravos atrav\u00e9s de um programa diversificado que uniu momentos institucionais e culturais, envolvendo a comunidade numa homenagem \u00e0 liberdade e \u00e0 democracia.\u00a0<br><br>As comemora\u00e7\u00f5es tiveram in\u00edcio com a tradicional cerim\u00f3nia do hastear das bandeiras, nos Pa\u00e7os do Concelho, num momento marcado pelo simbolismo e pela uni\u00e3o entre autarcas, entidades e popula\u00e7\u00e3o. A cerim\u00f3nia contou com a participa\u00e7\u00e3o de Pedro e Teresa Viola, que interpretaram o Hino Nacional e \u00abGr\u00e2ndola, Vila Morena\u00bb, acompanhados pela Banda Filarm\u00f3nica 1.\u00ba de Dezembro de Moncarapacho, evocando de forma emotiva o esp\u00edrito de Abril.\u00a0<br><br>Seguiu-se, no Jardim Pescador Olhanense, a cerim\u00f3nia de promo\u00e7\u00e3o de Bombeiros Sapadores, onde foi reconhecido o m\u00e9rito, a dedica\u00e7\u00e3o e o compromisso destes profissionais. Na ocasi\u00e3o, o presidente da C\u00e2mara Municipal, Ricardo Veia Cal\u00e9, destacou o\u00a0<strong>\u201corgulho nos Bombeiros Municipais de Olh\u00e3o\u201d<\/strong>, sublinhando que<strong>\u00a0\u201csabemos que temos uma corpora\u00e7\u00e3o de bombeiros que est\u00e1 \u00e0 altura dos meses desafiantes que se avizinham\u201d<\/strong>, numa refer\u00eancia \u00e0 \u00e9poca de inc\u00eandios. O autarca acrescentou ainda que\u00a0<strong>\u201cOlh\u00e3o tem uma das corpora\u00e7\u00f5es mais qualificadas a sul do pa\u00eds\u201d<\/strong>\u00a0e revelou:<strong>\u00a0\u201cAt\u00e9 final do ano queremos lan\u00e7ar o concurso para a constru\u00e7\u00e3o do novo quartel dos bombeiros\u201d<\/strong>.\u00a0<br><br>As celebra\u00e7\u00f5es culminaram \u00e0 noite, no Audit\u00f3rio Municipal Maria Barroso, com o espet\u00e1culo \u00abDomingos Caetano Canta Abril\u00bb, que trouxe \u00e0 mem\u00f3ria m\u00fasicas e emo\u00e7\u00f5es ligadas \u00e0 hist\u00f3ria recente do pa\u00eds, num ambiente de homenagem e reflex\u00e3o. Mais do que assinalar uma data, Olh\u00e3o voltou a celebrar um legado que, como referiu Ricardo Veia Cal\u00e9,\u00a0<strong>\u201cfoi conquistado com muito esfor\u00e7o\u201d<\/strong>\u00a0e que deve ser honrado diariamente:\u00a0<strong>\u201cTodos os dias devemos trabalhar para que se cumpra a liberdade, porque a liberdade \u00e9 uma conquista di\u00e1ria\u201d<\/strong>.<\/p>\n","protected":false},"excerpt":{"rendered":"<p>O concelho de Olh\u00e3o voltou a celebrar o 25 de Abril de 1974, reafirmando os valores da Revolu\u00e7\u00e3o dos Cravos<\/p>\n","protected":false},"author":1,"featured_media":61599,"comment_status":"closed","ping_status":"closed","sticky":false,"template":"","format":"standard","meta":{"colormag_page_container_layout":"default_layout","colormag_page_sidebar_layout":"default_layout","_monsterinsights_skip_tracking":false,"_monsterinsights_sitenote_active":false,"_monsterinsights_sitenote_note":"","_monsterinsights_sitenote_category":0,"jetpack_post_was_ever_published":false,"_jetpack_newsletter_access":"","_jetpack_dont_email_post_to_subs":false,"_jetpack_newsletter_tier_id":0,"_jetpack_memberships_contains_paywalled_content":false,"_jetpack_memberships_contains_paid_content":false,"footnotes":"","jetpack_publicize_message":"","jetpack_publicize_feature_enabled":true,"jetpack_social_post_already_shared":true,"jetpack_social_options":{"image_generator_settings":{"template":"highway","default_image_id":0,"font":"","enabled":false},"version":2}},"categories":[11],"tags":[354,36,62,37],"class_list":["post-61598","post","type-post","status-publish","format-standard","has-post-thumbnail","hentry","category-atualidade","tag-25-de-abril","tag-algarve","tag-atualidade","tag-olhao"],"yoast_head":"<!-- This site is optimized with the Yoast SEO plugin v27.4 - https:\/\/yoast.com\/product\/yoast-seo-wordpress\/ -->\n<title>Olh\u00e3o voltou a celebrar o 25 de Abril com cerim\u00f3nias e homenagens \u00e0 liberdade - Algarve 7<\/title>\n<meta name=\"description\" content=\"Olh\u00e3o voltou a celebrar o 25 de Abril com cerim\u00f3nias e homenagens \u00e0 liberdade Atualidade\" \/>\n<meta name=\"robots\" content=\"index, follow, max-snippet:-1, max-image-preview:large, max-video-preview:-1\" \/>\n<link rel=\"canonical\" href=\"https:\/\/algarve7.pt\/index.php\/2026\/04\/olhao-voltou-a-celebrar-o-25-de-abril-com-cerimonias-e-homenagens-a-liberdade\/atualidade\/14\/06\/\" \/>\n<meta property=\"og:locale\" content=\"pt_PT\" \/>\n<meta property=\"og:type\" content=\"article\" \/>\n<meta property=\"og:title\" content=\"Olh\u00e3o voltou a celebrar o 25 de Abril com cerim\u00f3nias e homenagens \u00e0 liberdade - Algarve 7\" \/>\n<meta property=\"og:description\" content=\"Olh\u00e3o voltou a celebrar o 25 de Abril com cerim\u00f3nias e homenagens \u00e0 liberdade Atualidade\" \/>\n<meta property=\"og:url\" content=\"https:\/\/algarve7.pt\/index.php\/2026\/04\/olhao-voltou-a-celebrar-o-25-de-abril-com-cerimonias-e-homenagens-a-liberdade\/atualidade\/14\/06\/\" \/>\n<meta property=\"og:site_name\" content=\"Algarve 7\" \/>\n<meta property=\"article:publisher\" content=\"https:\/\/www.facebook.com\/algarve7\" \/>\n<meta property=\"article:author\" content=\"https:\/\/www.facebook.com\/algarve7\" \/>\n<meta property=\"article:published_time\" content=\"2026-04-27T13:06:48+00:00\" \/>\n<meta property=\"article:modified_time\" content=\"2026-04-27T13:06:51+00:00\" \/>\n<meta property=\"og:image\" content=\"https:\/\/algarve7.pt\/wp-content\/uploads\/2026\/04\/25abrilolhao.jpg\" \/>\n\t<meta property=\"og:image:width\" content=\"800\" \/>\n\t<meta property=\"og:image:height\" content=\"445\" \/>\n\t<meta property=\"og:image:type\" content=\"image\/jpeg\" \/>\n<meta name=\"author\" content=\"Algarve 7\" \/>\n<meta name=\"twitter:card\" content=\"summary_large_image\" \/>\n<meta name=\"twitter:creator\" content=\"@Algarvesete\" \/>\n<meta name=\"twitter:site\" content=\"@Algarvesete\" \/>\n<meta name=\"twitter:label1\" content=\"Escrito por\" \/>\n\t<meta name=\"twitter:data1\" content=\"Algarve 7\" \/>\n\t<meta name=\"twitter:label2\" content=\"Tempo estimado de leitura\" \/>\n\t<meta name=\"twitter:data2\" content=\"2 minutos\" \/>\n<script type=\"application\/ld+json\" class=\"yoast-schema-graph\">{\"@context\":\"https:\\\/\\\/schema.org\",\"@graph\":[{\"@type\":\"Article\",\"@id\":\"https:\\\/\\\/algarve7.pt\\\/index.php\\\/2026\\\/04\\\/olhao-voltou-a-celebrar-o-25-de-abril-com-cerimonias-e-homenagens-a-liberdade\\\/atualidade\\\/14\\\/06\\\/#article\",\"isPartOf\":{\"@id\":\"https:\\\/\\\/algarve7.pt\\\/index.php\\\/2026\\\/04\\\/olhao-voltou-a-celebrar-o-25-de-abril-com-cerimonias-e-homenagens-a-liberdade\\\/atualidade\\\/14\\\/06\\\/\"},\"author\":{\"name\":\"Algarve 7\",\"@id\":\"https:\\\/\\\/algarve7.pt\\\/#\\\/schema\\\/person\\\/23fa70681308e7b319a3204bcea45e0c\"},\"headline\":\"Olh\u00e3o voltou a celebrar o 25 de Abril com cerim\u00f3nias e homenagens \u00e0 liberdade\",\"datePublished\":\"2026-04-27T13:06:48+00:00\",\"dateModified\":\"2026-04-27T13:06:51+00:00\",\"mainEntityOfPage\":{\"@id\":\"https:\\\/\\\/algarve7.pt\\\/index.php\\\/2026\\\/04\\\/olhao-voltou-a-celebrar-o-25-de-abril-com-cerimonias-e-homenagens-a-liberdade\\\/atualidade\\\/14\\\/06\\\/\"},\"wordCount\":335,\"publisher\":{\"@id\":\"https:\\\/\\\/algarve7.pt\\\/#organization\"},\"image\":{\"@id\":\"https:\\\/\\\/algarve7.pt\\\/index.php\\\/2026\\\/04\\\/olhao-voltou-a-celebrar-o-25-de-abril-com-cerimonias-e-homenagens-a-liberdade\\\/atualidade\\\/14\\\/06\\\/#primaryimage\"},\"thumbnailUrl\":\"https:\\\/\\\/algarve7.pt\\\/wp-content\\\/uploads\\\/2026\\\/04\\\/25abrilolhao.jpg\",\"keywords\":[\"25 de Abril\",\"Algarve\",\"Atualidade\",\"Olh\u00e3o\"],\"articleSection\":[\"Atualidade\"],\"inLanguage\":\"pt-PT\"},{\"@type\":\"WebPage\",\"@id\":\"https:\\\/\\\/algarve7.pt\\\/index.php\\\/2026\\\/04\\\/olhao-voltou-a-celebrar-o-25-de-abril-com-cerimonias-e-homenagens-a-liberdade\\\/atualidade\\\/14\\\/06\\\/\",\"url\":\"https:\\\/\\\/algarve7.pt\\\/index.php\\\/2026\\\/04\\\/olhao-voltou-a-celebrar-o-25-de-abril-com-cerimonias-e-homenagens-a-liberdade\\\/atualidade\\\/14\\\/06\\\/\",\"name\":\"Olh\u00e3o voltou a celebrar o 25 de Abril com cerim\u00f3nias e homenagens \u00e0 liberdade - Algarve 7\",\"isPartOf\":{\"@id\":\"https:\\\/\\\/algarve7.pt\\\/#website\"},\"primaryImageOfPage\":{\"@id\":\"https:\\\/\\\/algarve7.pt\\\/index.php\\\/2026\\\/04\\\/olhao-voltou-a-celebrar-o-25-de-abril-com-cerimonias-e-homenagens-a-liberdade\\\/atualidade\\\/14\\\/06\\\/#primaryimage\"},\"image\":{\"@id\":\"https:\\\/\\\/algarve7.pt\\\/index.php\\\/2026\\\/04\\\/olhao-voltou-a-celebrar-o-25-de-abril-com-cerimonias-e-homenagens-a-liberdade\\\/atualidade\\\/14\\\/06\\\/#primaryimage\"},\"thumbnailUrl\":\"https:\\\/\\\/algarve7.pt\\\/wp-content\\\/uploads\\\/2026\\\/04\\\/25abrilolhao.jpg\",\"datePublished\":\"2026-04-27T13:06:48+00:00\",\"dateModified\":\"2026-04-27T13:06:51+00:00\",\"description\":\"Olh\u00e3o voltou a celebrar o 25 de Abril com cerim\u00f3nias e homenagens \u00e0 liberdade Atualidade\",\"breadcrumb\":{\"@id\":\"https:\\\/\\\/algarve7.pt\\\/index.php\\\/2026\\\/04\\\/olhao-voltou-a-celebrar-o-25-de-abril-com-cerimonias-e-homenagens-a-liberdade\\\/atualidade\\\/14\\\/06\\\/#breadcrumb\"},\"inLanguage\":\"pt-PT\",\"potentialAction\":[{\"@type\":\"ReadAction\",\"target\":[\"https:\\\/\\\/algarve7.pt\\\/index.php\\\/2026\\\/04\\\/olhao-voltou-a-celebrar-o-25-de-abril-com-cerimonias-e-homenagens-a-liberdade\\\/atualidade\\\/14\\\/06\\\/\"]}]},{\"@type\":\"ImageObject\",\"inLanguage\":\"pt-PT\",\"@id\":\"https:\\\/\\\/algarve7.pt\\\/index.php\\\/2026\\\/04\\\/olhao-voltou-a-celebrar-o-25-de-abril-com-cerimonias-e-homenagens-a-liberdade\\\/atualidade\\\/14\\\/06\\\/#primaryimage\",\"url\":\"https:\\\/\\\/algarve7.pt\\\/wp-content\\\/uploads\\\/2026\\\/04\\\/25abrilolhao.jpg\",\"contentUrl\":\"https:\\\/\\\/algarve7.pt\\\/wp-content\\\/uploads\\\/2026\\\/04\\\/25abrilolhao.jpg\",\"width\":800,\"height\":445},{\"@type\":\"BreadcrumbList\",\"@id\":\"https:\\\/\\\/algarve7.pt\\\/index.php\\\/2026\\\/04\\\/olhao-voltou-a-celebrar-o-25-de-abril-com-cerimonias-e-homenagens-a-liberdade\\\/atualidade\\\/14\\\/06\\\/#breadcrumb\",\"itemListElement\":[{\"@type\":\"ListItem\",\"position\":1,\"name\":\"In\u00edcio\",\"item\":\"https:\\\/\\\/algarve7.pt\\\/\"},{\"@type\":\"ListItem\",\"position\":2,\"name\":\"Olh\u00e3o voltou a celebrar o 25 de Abril com cerim\u00f3nias e homenagens \u00e0 liberdade\"}]},{\"@type\":\"WebSite\",\"@id\":\"https:\\\/\\\/algarve7.pt\\\/#website\",\"url\":\"https:\\\/\\\/algarve7.pt\\\/\",\"name\":\"Algarve 7\",\"description\":\"Informa\u00e7\u00e3o sobre o Algarve\",\"publisher\":{\"@id\":\"https:\\\/\\\/algarve7.pt\\\/#organization\"},\"potentialAction\":[{\"@type\":\"SearchAction\",\"target\":{\"@type\":\"EntryPoint\",\"urlTemplate\":\"https:\\\/\\\/algarve7.pt\\\/?s={search_term_string}\"},\"query-input\":{\"@type\":\"PropertyValueSpecification\",\"valueRequired\":true,\"valueName\":\"search_term_string\"}}],\"inLanguage\":\"pt-PT\"},{\"@type\":\"Organization\",\"@id\":\"https:\\\/\\\/algarve7.pt\\\/#organization\",\"name\":\"Algarve 7\",\"url\":\"https:\\\/\\\/algarve7.pt\\\/\",\"logo\":{\"@type\":\"ImageObject\",\"inLanguage\":\"pt-PT\",\"@id\":\"https:\\\/\\\/algarve7.pt\\\/#\\\/schema\\\/logo\\\/image\\\/\",\"url\":\"https:\\\/\\\/algarve7.pt\\\/wp-content\\\/uploads\\\/2020\\\/10\\\/Logo-8.jpg\",\"contentUrl\":\"https:\\\/\\\/algarve7.pt\\\/wp-content\\\/uploads\\\/2020\\\/10\\\/Logo-8.jpg\",\"width\":1680,\"height\":1186,\"caption\":\"Algarve 7\"},\"image\":{\"@id\":\"https:\\\/\\\/algarve7.pt\\\/#\\\/schema\\\/logo\\\/image\\\/\"},\"sameAs\":[\"https:\\\/\\\/www.facebook.com\\\/algarve7\",\"https:\\\/\\\/x.com\\\/Algarvesete\",\"https:\\\/\\\/www.instagram.com\\\/jornalalgarve7\\\/\",\"https:\\\/\\\/www.linkedin.com\\\/company\\\/algarve7\",\"https:\\\/\\\/www.pinterest.pt\\\/geral0939\\\/_created\\\/\"]},{\"@type\":\"Person\",\"@id\":\"https:\\\/\\\/algarve7.pt\\\/#\\\/schema\\\/person\\\/23fa70681308e7b319a3204bcea45e0c\",\"name\":\"Algarve 7\",\"sameAs\":[\"https:\\\/\\\/algarve7.pt\",\"https:\\\/\\\/www.facebook.com\\\/algarve7\"],\"url\":\"https:\\\/\\\/algarve7.pt\\\/index.php\\\/author\\\/geralalgarve7-pt\\\/\"}]}<\/script>\n<!-- \/ Yoast SEO plugin. -->","yoast_head_json":{"title":"Olh\u00e3o voltou a celebrar o 25 de Abril com cerim\u00f3nias e homenagens \u00e0 liberdade - Algarve 7","description":"Olh\u00e3o voltou a celebrar o 25 de Abril com cerim\u00f3nias e homenagens \u00e0 liberdade Atualidade","robots":{"index":"index","follow":"follow","max-snippet":"max-snippet:-1","max-image-preview":"max-image-preview:large","max-video-preview":"max-video-preview:-1"},"canonical":"https:\/\/algarve7.pt\/index.php\/2026\/04\/olhao-voltou-a-celebrar-o-25-de-abril-com-cerimonias-e-homenagens-a-liberdade\/atualidade\/14\/06\/","og_locale":"pt_PT","og_type":"article","og_title":"Olh\u00e3o voltou a celebrar o 25 de Abril com cerim\u00f3nias e homenagens \u00e0 liberdade - Algarve 7","og_description":"Olh\u00e3o voltou a celebrar o 25 de Abril com cerim\u00f3nias e homenagens \u00e0 liberdade Atualidade","og_url":"https:\/\/algarve7.pt\/index.php\/2026\/04\/olhao-voltou-a-celebrar-o-25-de-abril-com-cerimonias-e-homenagens-a-liberdade\/atualidade\/14\/06\/","og_site_name":"Algarve 7","article_publisher":"https:\/\/www.facebook.com\/algarve7","article_author":"https:\/\/www.facebook.com\/algarve7","article_published_time":"2026-04-27T13:06:48+00:00","article_modified_time":"2026-04-27T13:06:51+00:00","og_image":[{"width":800,"height":445,"url":"https:\/\/algarve7.pt\/wp-content\/uploads\/2026\/04\/25abrilolhao.jpg","type":"image\/jpeg"}],"author":"Algarve 7","twitter_card":"summary_large_image","twitter_creator":"@Algarvesete","twitter_site":"@Algarvesete","twitter_misc":{"Escrito por":"Algarve 7","Tempo estimado de leitura":"2 minutos"},"schema":{"@context":"https:\/\/schema.org","@graph":[{"@type":"Article","@id":"https:\/\/algarve7.pt\/index.php\/2026\/04\/olhao-voltou-a-celebrar-o-25-de-abril-com-cerimonias-e-homenagens-a-liberdade\/atualidade\/14\/06\/#article","isPartOf":{"@id":"https:\/\/algarve7.pt\/index.php\/2026\/04\/olhao-voltou-a-celebrar-o-25-de-abril-com-cerimonias-e-homenagens-a-liberdade\/atualidade\/14\/06\/"},"author":{"name":"Algarve 7","@id":"https:\/\/algarve7.pt\/#\/schema\/person\/23fa70681308e7b319a3204bcea45e0c"},"headline":"Olh\u00e3o voltou a celebrar o 25 de Abril com cerim\u00f3nias e homenagens \u00e0 liberdade","datePublished":"2026-04-27T13:06:48+00:00","dateModified":"2026-04-27T13:06:51+00:00","mainEntityOfPage":{"@id":"https:\/\/algarve7.pt\/index.php\/2026\/04\/olhao-voltou-a-celebrar-o-25-de-abril-com-cerimonias-e-homenagens-a-liberdade\/atualidade\/14\/06\/"},"wordCount":335,"publisher":{"@id":"https:\/\/algarve7.pt\/#organization"},"image":{"@id":"https:\/\/algarve7.pt\/index.php\/2026\/04\/olhao-voltou-a-celebrar-o-25-de-abril-com-cerimonias-e-homenagens-a-liberdade\/atualidade\/14\/06\/#primaryimage"},"thumbnailUrl":"https:\/\/algarve7.pt\/wp-content\/uploads\/2026\/04\/25abrilolhao.jpg","keywords":["25 de Abril","Algarve","Atualidade","Olh\u00e3o"],"articleSection":["Atualidade"],"inLanguage":"pt-PT"},{"@type":"WebPage","@id":"https:\/\/algarve7.pt\/index.php\/2026\/04\/olhao-voltou-a-celebrar-o-25-de-abril-com-cerimonias-e-homenagens-a-liberdade\/atualidade\/14\/06\/","url":"https:\/\/algarve7.pt\/index.php\/2026\/04\/olhao-voltou-a-celebrar-o-25-de-abril-com-cerimonias-e-homenagens-a-liberdade\/atualidade\/14\/06\/","name":"Olh\u00e3o voltou a celebrar o 25 de Abril com cerim\u00f3nias e homenagens \u00e0 liberdade - Algarve 7","isPartOf":{"@id":"https:\/\/algarve7.pt\/#website"},"primaryImageOfPage":{"@id":"https:\/\/algarve7.pt\/index.php\/2026\/04\/olhao-voltou-a-celebrar-o-25-de-abril-com-cerimonias-e-homenagens-a-liberdade\/atualidade\/14\/06\/#primaryimage"},"image":{"@id":"https:\/\/algarve7.pt\/index.php\/2026\/04\/olhao-voltou-a-celebrar-o-25-de-abril-com-cerimonias-e-homenagens-a-liberdade\/atualidade\/14\/06\/#primaryimage"},"thumbnailUrl":"https:\/\/algarve7.pt\/wp-content\/uploads\/2026\/04\/25abrilolhao.jpg","datePublished":"2026-04-27T13:06:48+00:00","dateModified":"2026-04-27T13:06:51+00:00","description":"Olh\u00e3o voltou a celebrar o 25 de Abril com cerim\u00f3nias e homenagens \u00e0 liberdade Atualidade","breadcrumb":{"@id":"https:\/\/algarve7.pt\/index.php\/2026\/04\/olhao-voltou-a-celebrar-o-25-de-abril-com-cerimonias-e-homenagens-a-liberdade\/atualidade\/14\/06\/#breadcrumb"},"inLanguage":"pt-PT","potentialAction":[{"@type":"ReadAction","target":["https:\/\/algarve7.pt\/index.php\/2026\/04\/olhao-voltou-a-celebrar-o-25-de-abril-com-cerimonias-e-homenagens-a-liberdade\/atualidade\/14\/06\/"]}]},{"@type":"ImageObject","inLanguage":"pt-PT","@id":"https:\/\/algarve7.pt\/index.php\/2026\/04\/olhao-voltou-a-celebrar-o-25-de-abril-com-cerimonias-e-homenagens-a-liberdade\/atualidade\/14\/06\/#primaryimage","url":"https:\/\/algarve7.pt\/wp-content\/uploads\/2026\/04\/25abrilolhao.jpg","contentUrl":"https:\/\/algarve7.pt\/wp-content\/uploads\/2026\/04\/25abrilolhao.jpg","width":800,"height":445},{"@type":"BreadcrumbList","@id":"https:\/\/algarve7.pt\/index.php\/2026\/04\/olhao-voltou-a-celebrar-o-25-de-abril-com-cerimonias-e-homenagens-a-liberdade\/atualidade\/14\/06\/#breadcrumb","itemListElement":[{"@type":"ListItem","position":1,"name":"In\u00edcio","item":"https:\/\/algarve7.pt\/"},{"@type":"ListItem","position":2,"name":"Olh\u00e3o voltou a celebrar o 25 de Abril com cerim\u00f3nias e homenagens \u00e0 liberdade"}]},{"@type":"WebSite","@id":"https:\/\/algarve7.pt\/#website","url":"https:\/\/algarve7.pt\/","name":"Algarve 7","description":"Informa\u00e7\u00e3o sobre o Algarve","publisher":{"@id":"https:\/\/algarve7.pt\/#organization"},"potentialAction":[{"@type":"SearchAction","target":{"@type":"EntryPoint","urlTemplate":"https:\/\/algarve7.pt\/?s={search_term_string}"},"query-input":{"@type":"PropertyValueSpecification","valueRequired":true,"valueName":"search_term_string"}}],"inLanguage":"pt-PT"},{"@type":"Organization","@id":"https:\/\/algarve7.pt\/#organization","name":"Algarve 7","url":"https:\/\/algarve7.pt\/","logo":{"@type":"ImageObject","inLanguage":"pt-PT","@id":"https:\/\/algarve7.pt\/#\/schema\/logo\/image\/","url":"https:\/\/algarve7.pt\/wp-content\/uploads\/2020\/10\/Logo-8.jpg","contentUrl":"https:\/\/algarve7.pt\/wp-content\/uploads\/2020\/10\/Logo-8.jpg","width":1680,"height":1186,"caption":"Algarve 7"},"image":{"@id":"https:\/\/algarve7.pt\/#\/schema\/logo\/image\/"},"sameAs":["https:\/\/www.facebook.com\/algarve7","https:\/\/x.com\/Algarvesete","https:\/\/www.instagram.com\/jornalalgarve7\/","https:\/\/www.linkedin.com\/company\/algarve7","https:\/\/www.pinterest.pt\/geral0939\/_created\/"]},{"@type":"Person","@id":"https:\/\/algarve7.pt\/#\/schema\/person\/23fa70681308e7b319a3204bcea45e0c","name":"Algarve 7","sameAs":["https:\/\/algarve7.pt","https:\/\/www.facebook.com\/algarve7"],"url":"https:\/\/algarve7.pt\/index.php\/author\/geralalgarve7-pt\/"}]}},"jetpack_publicize_connections":[],"jetpack_featured_media_url":"https:\/\/algarve7.pt\/wp-content\/uploads\/2026\/04\/25abrilolhao.jpg","jetpack_shortlink":"https:\/\/wp.me\/pcezmW-g1w","jetpack_sharing_enabled":true,"_links":{"self":[{"href":"https:\/\/algarve7.pt\/index.php\/wp-json\/wp\/v2\/posts\/61598","targetHints":{"allow":["GET"]}}],"collection":[{"href":"https:\/\/algarve7.pt\/index.php\/wp-json\/wp\/v2\/posts"}],"about":[{"href":"https:\/\/algarve7.pt\/index.php\/wp-json\/wp\/v2\/types\/post"}],"author":[{"embeddable":true,"href":"https:\/\/algarve7.pt\/index.php\/wp-json\/wp\/v2\/users\/1"}],"replies":[{"embeddable":true,"href":"https:\/\/algarve7.pt\/index.php\/wp-json\/wp\/v2\/comments?post=61598"}],"version-history":[{"count":1,"href":"https:\/\/algarve7.pt\/index.php\/wp-json\/wp\/v2\/posts\/61598\/revisions"}],"predecessor-version":[{"id":61600,"href":"https:\/\/algarve7.pt\/index.php\/wp-json\/wp\/v2\/posts\/61598\/revisions\/61600"}],"wp:featuredmedia":[{"embeddable":true,"href":"https:\/\/algarve7.pt\/index.php\/wp-json\/wp\/v2\/media\/61599"}],"wp:attachment":[{"href":"https:\/\/algarve7.pt\/index.php\/wp-json\/wp\/v2\/media?parent=61598"}],"wp:term":[{"taxonomy":"category","embeddable":true,"href":"https:\/\/algarve7.pt\/index.php\/wp-json\/wp\/v2\/categories?post=61598"},{"taxonomy":"post_tag","embeddable":true,"href":"https:\/\/algarve7.pt\/index.php\/wp-json\/wp\/v2\/tags?post=61598"}],"curies":[{"name":"wp","href":"https:\/\/api.w.org\/{rel}","templated":true}]}}