{"id":61594,"date":"2026-04-27T12:11:52","date_gmt":"2026-04-27T11:11:52","guid":{"rendered":"https:\/\/algarve7.pt\/?p=61594"},"modified":"2026-04-27T12:11:55","modified_gmt":"2026-04-27T11:11:55","slug":"formacao-em-inteligencia-emocional-reforca-capacitacao-dos-bombeiros-do-algarve-no-ambito-do-decir-2026","status":"publish","type":"post","link":"https:\/\/algarve7.pt\/index.php\/2026\/04\/formacao-em-inteligencia-emocional-reforca-capacitacao-dos-bombeiros-do-algarve-no-ambito-do-decir-2026\/atualidade\/12\/11\/","title":{"rendered":"Forma\u00e7\u00e3o em Intelig\u00eancia Emocional refor\u00e7a capacita\u00e7\u00e3o dos Bombeiros do Algarve no \u00e2mbito do DECIR 2026\u00a0"},"content":{"rendered":"\n<p>O Comando Regional de Emerg\u00eancia e Prote\u00e7\u00e3o Civil do Algarve (CREPC Algarve), em estreita articula\u00e7\u00e3o com a Federa\u00e7\u00e3o de Bombeiros do Algarve (FBA) e com o apoio da Comunidade Intermunicipal do Algarve (AMAL), que assegurou o financiamento da iniciativa, promove um conjunto de a\u00e7\u00f5es de forma\u00e7\u00e3o em Intelig\u00eancia Emocional dirigidas aos corpos de bombeiros da regi\u00e3o, no \u00e2mbito do Dispositivo Especial de Combate a Inc\u00eandios Rurais (DECIR) 2026.&nbsp;<\/p>\n\n\n\n<p>Sob o lema&nbsp;<em>\u201cProteger Quem Protege \u2013 Para Al\u00e9m da Farda\u201d<\/em>, esta iniciativa afirma uma vis\u00e3o clara e estrat\u00e9gica. A efic\u00e1cia operacional n\u00e3o se esgota nos meios e nas t\u00e9cnicas, constr\u00f3i-se, sobretudo, nas pessoas.&nbsp;<\/p>\n\n\n\n<p>Trata-se de uma forma\u00e7\u00e3o pioneira na regi\u00e3o do Algarve, introduzindo uma abordagem inovadora na prepara\u00e7\u00e3o dos bombeiros, centrada no desenvolvimento de compet\u00eancias emocionais enquanto fator cr\u00edtico de desempenho em contexto de emerg\u00eancia.&nbsp;<\/p>\n\n\n\n<p>Num cen\u00e1rio operacional cada vez mais exigente, marcado por elevados n\u00edveis de press\u00e3o, risco e desgaste cont\u00ednuo, torna-se imperativo capacitar os bombeiros para responder com equil\u00edbrio, resili\u00eancia e capacidade de decis\u00e3o. A Intelig\u00eancia Emocional assume, assim, um papel determinante na prontid\u00e3o e efic\u00e1cia das for\u00e7as, afirmando-se como uma compet\u00eancia operacional essencial.&nbsp;<\/p>\n\n\n\n<p>As a\u00e7\u00f5es de forma\u00e7\u00e3o visam desenvolver compet\u00eancias pr\u00e1ticas em \u00e1reas determinantes para a atividade operacional, nomeadamente:&nbsp;<\/p>\n\n\n\n<ul class=\"wp-block-list\">\n<li>Gest\u00e3o emocional em situa\u00e7\u00f5es de elevada press\u00e3o;\u00a0<\/li>\n\n\n\n<li>Comunica\u00e7\u00e3o assertiva e escuta ativa;\u00a0<\/li>\n\n\n\n<li>Preven\u00e7\u00e3o e gest\u00e3o de conflitos;\u00a0<\/li>\n\n\n\n<li>Rela\u00e7\u00e3o com v\u00edtimas, familiares e equipas;\u00a0<\/li>\n\n\n\n<li>Reconhecimento e gest\u00e3o do trauma e do desgaste emocional;\u00a0<\/li>\n\n\n\n<li>Lideran\u00e7a emocionalmente inteligente.\u00a0<\/li>\n<\/ul>\n\n\n\n<p>Ser\u00e3o realizadas tr\u00eas a\u00e7\u00f5es presenciais, distribu\u00eddas estrategicamente pelo Barlavento, Centro e Sotavento algarvio, em turmas reduzidas, privilegiando uma abordagem pr\u00e1tica, participativa e orientada para a realidade operacional dos bombeiros.&nbsp;<\/p>\n\n\n\n<p>Esta iniciativa conjunta do CREPC do Algarve e da Federa\u00e7\u00e3o de Bombeiros do Algarve, com o apoio da AMAL, traduz um compromisso firme com a valoriza\u00e7\u00e3o dos recursos humanos e com a inova\u00e7\u00e3o na prepara\u00e7\u00e3o das for\u00e7as. \u00c9, igualmente, inten\u00e7\u00e3o das entidades promotoras que esta forma\u00e7\u00e3o possa ser progressivamente replicada e alargada, consolidando-se como uma componente estruturante na capacita\u00e7\u00e3o dos operacionais a n\u00edvel regional.&nbsp;<\/p>\n","protected":false},"excerpt":{"rendered":"<p>O Comando Regional de Emerg\u00eancia e Prote\u00e7\u00e3o Civil do Algarve (CREPC Algarve), em estreita articula\u00e7\u00e3o com a Federa\u00e7\u00e3o de Bombeiros<\/p>\n","protected":false},"author":1,"featured_media":61595,"comment_status":"closed","ping_status":"closed","sticky":false,"template":"","format":"standard","meta":{"colormag_page_container_layout":"default_layout","colormag_page_sidebar_layout":"default_layout","_monsterinsights_skip_tracking":false,"_monsterinsights_sitenote_active":false,"_monsterinsights_sitenote_note":"","_monsterinsights_sitenote_category":0,"jetpack_post_was_ever_published":false,"_jetpack_newsletter_access":"","_jetpack_dont_email_post_to_subs":false,"_jetpack_newsletter_tier_id":0,"_jetpack_memberships_contains_paywalled_content":false,"_jetpack_memberships_contains_paid_content":false,"footnotes":"","jetpack_publicize_message":"","jetpack_publicize_feature_enabled":true,"jetpack_social_post_already_shared":true,"jetpack_social_options":{"image_generator_settings":{"template":"highway","default_image_id":0,"font":"","enabled":false},"version":2}},"categories":[11],"tags":[36,62,104,1220],"class_list":["post-61594","post","type-post","status-publish","format-standard","has-post-thumbnail","hentry","category-atualidade","tag-algarve","tag-atualidade","tag-bombeiros","tag-crepc-algarve"],"yoast_head":"<!-- This site is optimized with the Yoast SEO plugin v27.4 - https:\/\/yoast.com\/product\/yoast-seo-wordpress\/ -->\n<title>Forma\u00e7\u00e3o em Intelig\u00eancia Emocional refor\u00e7a capacita\u00e7\u00e3o dos Bombeiros do Algarve no \u00e2mbito do DECIR 2026\u00a0 - Algarve 7<\/title>\n<meta name=\"description\" content=\"Forma\u00e7\u00e3o em Intelig\u00eancia Emocional refor\u00e7a capacita\u00e7\u00e3o dos Bombeiros do Algarve no \u00e2mbito do DECIR 2026\u00a0 Atualidade\" \/>\n<meta name=\"robots\" content=\"index, follow, max-snippet:-1, max-image-preview:large, max-video-preview:-1\" \/>\n<link rel=\"canonical\" href=\"https:\/\/algarve7.pt\/index.php\/2026\/04\/formacao-em-inteligencia-emocional-reforca-capacitacao-dos-bombeiros-do-algarve-no-ambito-do-decir-2026\/atualidade\/12\/11\/\" \/>\n<meta property=\"og:locale\" content=\"pt_PT\" \/>\n<meta property=\"og:type\" content=\"article\" \/>\n<meta property=\"og:title\" content=\"Forma\u00e7\u00e3o em Intelig\u00eancia Emocional refor\u00e7a capacita\u00e7\u00e3o dos Bombeiros do Algarve no \u00e2mbito do DECIR 2026\u00a0 - Algarve 7\" \/>\n<meta property=\"og:description\" content=\"Forma\u00e7\u00e3o em Intelig\u00eancia Emocional refor\u00e7a capacita\u00e7\u00e3o dos Bombeiros do Algarve no \u00e2mbito do DECIR 2026\u00a0 Atualidade\" \/>\n<meta property=\"og:url\" content=\"https:\/\/algarve7.pt\/index.php\/2026\/04\/formacao-em-inteligencia-emocional-reforca-capacitacao-dos-bombeiros-do-algarve-no-ambito-do-decir-2026\/atualidade\/12\/11\/\" \/>\n<meta property=\"og:site_name\" content=\"Algarve 7\" \/>\n<meta property=\"article:publisher\" content=\"https:\/\/www.facebook.com\/algarve7\" \/>\n<meta property=\"article:author\" content=\"https:\/\/www.facebook.com\/algarve7\" \/>\n<meta property=\"article:published_time\" content=\"2026-04-27T11:11:52+00:00\" \/>\n<meta property=\"article:modified_time\" content=\"2026-04-27T11:11:55+00:00\" \/>\n<meta property=\"og:image\" content=\"https:\/\/algarve7.pt\/wp-content\/uploads\/2026\/04\/Captura-de-ecra-2026-04-27-as-12.09.29.png\" \/>\n\t<meta property=\"og:image:width\" content=\"800\" \/>\n\t<meta property=\"og:image:height\" content=\"445\" \/>\n\t<meta property=\"og:image:type\" content=\"image\/png\" \/>\n<meta name=\"author\" content=\"Algarve 7\" \/>\n<meta name=\"twitter:card\" content=\"summary_large_image\" \/>\n<meta name=\"twitter:creator\" content=\"@Algarvesete\" \/>\n<meta name=\"twitter:site\" content=\"@Algarvesete\" \/>\n<meta name=\"twitter:label1\" content=\"Escrito por\" \/>\n\t<meta name=\"twitter:data1\" content=\"Algarve 7\" \/>\n\t<meta name=\"twitter:label2\" content=\"Tempo estimado de leitura\" \/>\n\t<meta name=\"twitter:data2\" content=\"3 minutos\" \/>\n<script type=\"application\/ld+json\" class=\"yoast-schema-graph\">{\"@context\":\"https:\\\/\\\/schema.org\",\"@graph\":[{\"@type\":\"Article\",\"@id\":\"https:\\\/\\\/algarve7.pt\\\/index.php\\\/2026\\\/04\\\/formacao-em-inteligencia-emocional-reforca-capacitacao-dos-bombeiros-do-algarve-no-ambito-do-decir-2026\\\/atualidade\\\/12\\\/11\\\/#article\",\"isPartOf\":{\"@id\":\"https:\\\/\\\/algarve7.pt\\\/index.php\\\/2026\\\/04\\\/formacao-em-inteligencia-emocional-reforca-capacitacao-dos-bombeiros-do-algarve-no-ambito-do-decir-2026\\\/atualidade\\\/12\\\/11\\\/\"},\"author\":{\"name\":\"Algarve 7\",\"@id\":\"https:\\\/\\\/algarve7.pt\\\/#\\\/schema\\\/person\\\/23fa70681308e7b319a3204bcea45e0c\"},\"headline\":\"Forma\u00e7\u00e3o em Intelig\u00eancia Emocional refor\u00e7a capacita\u00e7\u00e3o dos Bombeiros do Algarve no \u00e2mbito do DECIR 2026\u00a0\",\"datePublished\":\"2026-04-27T11:11:52+00:00\",\"dateModified\":\"2026-04-27T11:11:55+00:00\",\"mainEntityOfPage\":{\"@id\":\"https:\\\/\\\/algarve7.pt\\\/index.php\\\/2026\\\/04\\\/formacao-em-inteligencia-emocional-reforca-capacitacao-dos-bombeiros-do-algarve-no-ambito-do-decir-2026\\\/atualidade\\\/12\\\/11\\\/\"},\"wordCount\":414,\"publisher\":{\"@id\":\"https:\\\/\\\/algarve7.pt\\\/#organization\"},\"image\":{\"@id\":\"https:\\\/\\\/algarve7.pt\\\/index.php\\\/2026\\\/04\\\/formacao-em-inteligencia-emocional-reforca-capacitacao-dos-bombeiros-do-algarve-no-ambito-do-decir-2026\\\/atualidade\\\/12\\\/11\\\/#primaryimage\"},\"thumbnailUrl\":\"https:\\\/\\\/algarve7.pt\\\/wp-content\\\/uploads\\\/2026\\\/04\\\/Captura-de-ecra-2026-04-27-as-12.09.29.png\",\"keywords\":[\"Algarve\",\"Atualidade\",\"Bombeiros\",\"CREPC Algarve\"],\"articleSection\":[\"Atualidade\"],\"inLanguage\":\"pt-PT\"},{\"@type\":\"WebPage\",\"@id\":\"https:\\\/\\\/algarve7.pt\\\/index.php\\\/2026\\\/04\\\/formacao-em-inteligencia-emocional-reforca-capacitacao-dos-bombeiros-do-algarve-no-ambito-do-decir-2026\\\/atualidade\\\/12\\\/11\\\/\",\"url\":\"https:\\\/\\\/algarve7.pt\\\/index.php\\\/2026\\\/04\\\/formacao-em-inteligencia-emocional-reforca-capacitacao-dos-bombeiros-do-algarve-no-ambito-do-decir-2026\\\/atualidade\\\/12\\\/11\\\/\",\"name\":\"Forma\u00e7\u00e3o em Intelig\u00eancia Emocional refor\u00e7a capacita\u00e7\u00e3o dos Bombeiros do Algarve no \u00e2mbito do DECIR 2026\u00a0 - Algarve 7\",\"isPartOf\":{\"@id\":\"https:\\\/\\\/algarve7.pt\\\/#website\"},\"primaryImageOfPage\":{\"@id\":\"https:\\\/\\\/algarve7.pt\\\/index.php\\\/2026\\\/04\\\/formacao-em-inteligencia-emocional-reforca-capacitacao-dos-bombeiros-do-algarve-no-ambito-do-decir-2026\\\/atualidade\\\/12\\\/11\\\/#primaryimage\"},\"image\":{\"@id\":\"https:\\\/\\\/algarve7.pt\\\/index.php\\\/2026\\\/04\\\/formacao-em-inteligencia-emocional-reforca-capacitacao-dos-bombeiros-do-algarve-no-ambito-do-decir-2026\\\/atualidade\\\/12\\\/11\\\/#primaryimage\"},\"thumbnailUrl\":\"https:\\\/\\\/algarve7.pt\\\/wp-content\\\/uploads\\\/2026\\\/04\\\/Captura-de-ecra-2026-04-27-as-12.09.29.png\",\"datePublished\":\"2026-04-27T11:11:52+00:00\",\"dateModified\":\"2026-04-27T11:11:55+00:00\",\"description\":\"Forma\u00e7\u00e3o em Intelig\u00eancia Emocional refor\u00e7a capacita\u00e7\u00e3o dos Bombeiros do Algarve no \u00e2mbito do DECIR 2026\u00a0 Atualidade\",\"breadcrumb\":{\"@id\":\"https:\\\/\\\/algarve7.pt\\\/index.php\\\/2026\\\/04\\\/formacao-em-inteligencia-emocional-reforca-capacitacao-dos-bombeiros-do-algarve-no-ambito-do-decir-2026\\\/atualidade\\\/12\\\/11\\\/#breadcrumb\"},\"inLanguage\":\"pt-PT\",\"potentialAction\":[{\"@type\":\"ReadAction\",\"target\":[\"https:\\\/\\\/algarve7.pt\\\/index.php\\\/2026\\\/04\\\/formacao-em-inteligencia-emocional-reforca-capacitacao-dos-bombeiros-do-algarve-no-ambito-do-decir-2026\\\/atualidade\\\/12\\\/11\\\/\"]}]},{\"@type\":\"ImageObject\",\"inLanguage\":\"pt-PT\",\"@id\":\"https:\\\/\\\/algarve7.pt\\\/index.php\\\/2026\\\/04\\\/formacao-em-inteligencia-emocional-reforca-capacitacao-dos-bombeiros-do-algarve-no-ambito-do-decir-2026\\\/atualidade\\\/12\\\/11\\\/#primaryimage\",\"url\":\"https:\\\/\\\/algarve7.pt\\\/wp-content\\\/uploads\\\/2026\\\/04\\\/Captura-de-ecra-2026-04-27-as-12.09.29.png\",\"contentUrl\":\"https:\\\/\\\/algarve7.pt\\\/wp-content\\\/uploads\\\/2026\\\/04\\\/Captura-de-ecra-2026-04-27-as-12.09.29.png\",\"width\":800,\"height\":445},{\"@type\":\"BreadcrumbList\",\"@id\":\"https:\\\/\\\/algarve7.pt\\\/index.php\\\/2026\\\/04\\\/formacao-em-inteligencia-emocional-reforca-capacitacao-dos-bombeiros-do-algarve-no-ambito-do-decir-2026\\\/atualidade\\\/12\\\/11\\\/#breadcrumb\",\"itemListElement\":[{\"@type\":\"ListItem\",\"position\":1,\"name\":\"In\u00edcio\",\"item\":\"https:\\\/\\\/algarve7.pt\\\/\"},{\"@type\":\"ListItem\",\"position\":2,\"name\":\"Forma\u00e7\u00e3o em Intelig\u00eancia Emocional refor\u00e7a capacita\u00e7\u00e3o dos Bombeiros do Algarve no \u00e2mbito do DECIR 2026\u00a0\"}]},{\"@type\":\"WebSite\",\"@id\":\"https:\\\/\\\/algarve7.pt\\\/#website\",\"url\":\"https:\\\/\\\/algarve7.pt\\\/\",\"name\":\"Algarve 7\",\"description\":\"Informa\u00e7\u00e3o sobre o Algarve\",\"publisher\":{\"@id\":\"https:\\\/\\\/algarve7.pt\\\/#organization\"},\"potentialAction\":[{\"@type\":\"SearchAction\",\"target\":{\"@type\":\"EntryPoint\",\"urlTemplate\":\"https:\\\/\\\/algarve7.pt\\\/?s={search_term_string}\"},\"query-input\":{\"@type\":\"PropertyValueSpecification\",\"valueRequired\":true,\"valueName\":\"search_term_string\"}}],\"inLanguage\":\"pt-PT\"},{\"@type\":\"Organization\",\"@id\":\"https:\\\/\\\/algarve7.pt\\\/#organization\",\"name\":\"Algarve 7\",\"url\":\"https:\\\/\\\/algarve7.pt\\\/\",\"logo\":{\"@type\":\"ImageObject\",\"inLanguage\":\"pt-PT\",\"@id\":\"https:\\\/\\\/algarve7.pt\\\/#\\\/schema\\\/logo\\\/image\\\/\",\"url\":\"https:\\\/\\\/algarve7.pt\\\/wp-content\\\/uploads\\\/2020\\\/10\\\/Logo-8.jpg\",\"contentUrl\":\"https:\\\/\\\/algarve7.pt\\\/wp-content\\\/uploads\\\/2020\\\/10\\\/Logo-8.jpg\",\"width\":1680,\"height\":1186,\"caption\":\"Algarve 7\"},\"image\":{\"@id\":\"https:\\\/\\\/algarve7.pt\\\/#\\\/schema\\\/logo\\\/image\\\/\"},\"sameAs\":[\"https:\\\/\\\/www.facebook.com\\\/algarve7\",\"https:\\\/\\\/x.com\\\/Algarvesete\",\"https:\\\/\\\/www.instagram.com\\\/jornalalgarve7\\\/\",\"https:\\\/\\\/www.linkedin.com\\\/company\\\/algarve7\",\"https:\\\/\\\/www.pinterest.pt\\\/geral0939\\\/_created\\\/\"]},{\"@type\":\"Person\",\"@id\":\"https:\\\/\\\/algarve7.pt\\\/#\\\/schema\\\/person\\\/23fa70681308e7b319a3204bcea45e0c\",\"name\":\"Algarve 7\",\"sameAs\":[\"https:\\\/\\\/algarve7.pt\",\"https:\\\/\\\/www.facebook.com\\\/algarve7\"],\"url\":\"https:\\\/\\\/algarve7.pt\\\/index.php\\\/author\\\/geralalgarve7-pt\\\/\"}]}<\/script>\n<!-- \/ Yoast SEO plugin. -->","yoast_head_json":{"title":"Forma\u00e7\u00e3o em Intelig\u00eancia Emocional refor\u00e7a capacita\u00e7\u00e3o dos Bombeiros do Algarve no \u00e2mbito do DECIR 2026\u00a0 - Algarve 7","description":"Forma\u00e7\u00e3o em Intelig\u00eancia Emocional refor\u00e7a capacita\u00e7\u00e3o dos Bombeiros do Algarve no \u00e2mbito do DECIR 2026\u00a0 Atualidade","robots":{"index":"index","follow":"follow","max-snippet":"max-snippet:-1","max-image-preview":"max-image-preview:large","max-video-preview":"max-video-preview:-1"},"canonical":"https:\/\/algarve7.pt\/index.php\/2026\/04\/formacao-em-inteligencia-emocional-reforca-capacitacao-dos-bombeiros-do-algarve-no-ambito-do-decir-2026\/atualidade\/12\/11\/","og_locale":"pt_PT","og_type":"article","og_title":"Forma\u00e7\u00e3o em Intelig\u00eancia Emocional refor\u00e7a capacita\u00e7\u00e3o dos Bombeiros do Algarve no \u00e2mbito do DECIR 2026\u00a0 - Algarve 7","og_description":"Forma\u00e7\u00e3o em Intelig\u00eancia Emocional refor\u00e7a capacita\u00e7\u00e3o dos Bombeiros do Algarve no \u00e2mbito do DECIR 2026\u00a0 Atualidade","og_url":"https:\/\/algarve7.pt\/index.php\/2026\/04\/formacao-em-inteligencia-emocional-reforca-capacitacao-dos-bombeiros-do-algarve-no-ambito-do-decir-2026\/atualidade\/12\/11\/","og_site_name":"Algarve 7","article_publisher":"https:\/\/www.facebook.com\/algarve7","article_author":"https:\/\/www.facebook.com\/algarve7","article_published_time":"2026-04-27T11:11:52+00:00","article_modified_time":"2026-04-27T11:11:55+00:00","og_image":[{"width":800,"height":445,"url":"https:\/\/algarve7.pt\/wp-content\/uploads\/2026\/04\/Captura-de-ecra-2026-04-27-as-12.09.29.png","type":"image\/png"}],"author":"Algarve 7","twitter_card":"summary_large_image","twitter_creator":"@Algarvesete","twitter_site":"@Algarvesete","twitter_misc":{"Escrito por":"Algarve 7","Tempo estimado de leitura":"3 minutos"},"schema":{"@context":"https:\/\/schema.org","@graph":[{"@type":"Article","@id":"https:\/\/algarve7.pt\/index.php\/2026\/04\/formacao-em-inteligencia-emocional-reforca-capacitacao-dos-bombeiros-do-algarve-no-ambito-do-decir-2026\/atualidade\/12\/11\/#article","isPartOf":{"@id":"https:\/\/algarve7.pt\/index.php\/2026\/04\/formacao-em-inteligencia-emocional-reforca-capacitacao-dos-bombeiros-do-algarve-no-ambito-do-decir-2026\/atualidade\/12\/11\/"},"author":{"name":"Algarve 7","@id":"https:\/\/algarve7.pt\/#\/schema\/person\/23fa70681308e7b319a3204bcea45e0c"},"headline":"Forma\u00e7\u00e3o em Intelig\u00eancia Emocional refor\u00e7a capacita\u00e7\u00e3o dos Bombeiros do Algarve no \u00e2mbito do DECIR 2026\u00a0","datePublished":"2026-04-27T11:11:52+00:00","dateModified":"2026-04-27T11:11:55+00:00","mainEntityOfPage":{"@id":"https:\/\/algarve7.pt\/index.php\/2026\/04\/formacao-em-inteligencia-emocional-reforca-capacitacao-dos-bombeiros-do-algarve-no-ambito-do-decir-2026\/atualidade\/12\/11\/"},"wordCount":414,"publisher":{"@id":"https:\/\/algarve7.pt\/#organization"},"image":{"@id":"https:\/\/algarve7.pt\/index.php\/2026\/04\/formacao-em-inteligencia-emocional-reforca-capacitacao-dos-bombeiros-do-algarve-no-ambito-do-decir-2026\/atualidade\/12\/11\/#primaryimage"},"thumbnailUrl":"https:\/\/algarve7.pt\/wp-content\/uploads\/2026\/04\/Captura-de-ecra-2026-04-27-as-12.09.29.png","keywords":["Algarve","Atualidade","Bombeiros","CREPC Algarve"],"articleSection":["Atualidade"],"inLanguage":"pt-PT"},{"@type":"WebPage","@id":"https:\/\/algarve7.pt\/index.php\/2026\/04\/formacao-em-inteligencia-emocional-reforca-capacitacao-dos-bombeiros-do-algarve-no-ambito-do-decir-2026\/atualidade\/12\/11\/","url":"https:\/\/algarve7.pt\/index.php\/2026\/04\/formacao-em-inteligencia-emocional-reforca-capacitacao-dos-bombeiros-do-algarve-no-ambito-do-decir-2026\/atualidade\/12\/11\/","name":"Forma\u00e7\u00e3o em Intelig\u00eancia Emocional refor\u00e7a capacita\u00e7\u00e3o dos Bombeiros do Algarve no \u00e2mbito do DECIR 2026\u00a0 - Algarve 7","isPartOf":{"@id":"https:\/\/algarve7.pt\/#website"},"primaryImageOfPage":{"@id":"https:\/\/algarve7.pt\/index.php\/2026\/04\/formacao-em-inteligencia-emocional-reforca-capacitacao-dos-bombeiros-do-algarve-no-ambito-do-decir-2026\/atualidade\/12\/11\/#primaryimage"},"image":{"@id":"https:\/\/algarve7.pt\/index.php\/2026\/04\/formacao-em-inteligencia-emocional-reforca-capacitacao-dos-bombeiros-do-algarve-no-ambito-do-decir-2026\/atualidade\/12\/11\/#primaryimage"},"thumbnailUrl":"https:\/\/algarve7.pt\/wp-content\/uploads\/2026\/04\/Captura-de-ecra-2026-04-27-as-12.09.29.png","datePublished":"2026-04-27T11:11:52+00:00","dateModified":"2026-04-27T11:11:55+00:00","description":"Forma\u00e7\u00e3o em Intelig\u00eancia Emocional refor\u00e7a capacita\u00e7\u00e3o dos Bombeiros do Algarve no \u00e2mbito do DECIR 2026\u00a0 Atualidade","breadcrumb":{"@id":"https:\/\/algarve7.pt\/index.php\/2026\/04\/formacao-em-inteligencia-emocional-reforca-capacitacao-dos-bombeiros-do-algarve-no-ambito-do-decir-2026\/atualidade\/12\/11\/#breadcrumb"},"inLanguage":"pt-PT","potentialAction":[{"@type":"ReadAction","target":["https:\/\/algarve7.pt\/index.php\/2026\/04\/formacao-em-inteligencia-emocional-reforca-capacitacao-dos-bombeiros-do-algarve-no-ambito-do-decir-2026\/atualidade\/12\/11\/"]}]},{"@type":"ImageObject","inLanguage":"pt-PT","@id":"https:\/\/algarve7.pt\/index.php\/2026\/04\/formacao-em-inteligencia-emocional-reforca-capacitacao-dos-bombeiros-do-algarve-no-ambito-do-decir-2026\/atualidade\/12\/11\/#primaryimage","url":"https:\/\/algarve7.pt\/wp-content\/uploads\/2026\/04\/Captura-de-ecra-2026-04-27-as-12.09.29.png","contentUrl":"https:\/\/algarve7.pt\/wp-content\/uploads\/2026\/04\/Captura-de-ecra-2026-04-27-as-12.09.29.png","width":800,"height":445},{"@type":"BreadcrumbList","@id":"https:\/\/algarve7.pt\/index.php\/2026\/04\/formacao-em-inteligencia-emocional-reforca-capacitacao-dos-bombeiros-do-algarve-no-ambito-do-decir-2026\/atualidade\/12\/11\/#breadcrumb","itemListElement":[{"@type":"ListItem","position":1,"name":"In\u00edcio","item":"https:\/\/algarve7.pt\/"},{"@type":"ListItem","position":2,"name":"Forma\u00e7\u00e3o em Intelig\u00eancia Emocional refor\u00e7a capacita\u00e7\u00e3o dos Bombeiros do Algarve no \u00e2mbito do DECIR 2026\u00a0"}]},{"@type":"WebSite","@id":"https:\/\/algarve7.pt\/#website","url":"https:\/\/algarve7.pt\/","name":"Algarve 7","description":"Informa\u00e7\u00e3o sobre o Algarve","publisher":{"@id":"https:\/\/algarve7.pt\/#organization"},"potentialAction":[{"@type":"SearchAction","target":{"@type":"EntryPoint","urlTemplate":"https:\/\/algarve7.pt\/?s={search_term_string}"},"query-input":{"@type":"PropertyValueSpecification","valueRequired":true,"valueName":"search_term_string"}}],"inLanguage":"pt-PT"},{"@type":"Organization","@id":"https:\/\/algarve7.pt\/#organization","name":"Algarve 7","url":"https:\/\/algarve7.pt\/","logo":{"@type":"ImageObject","inLanguage":"pt-PT","@id":"https:\/\/algarve7.pt\/#\/schema\/logo\/image\/","url":"https:\/\/algarve7.pt\/wp-content\/uploads\/2020\/10\/Logo-8.jpg","contentUrl":"https:\/\/algarve7.pt\/wp-content\/uploads\/2020\/10\/Logo-8.jpg","width":1680,"height":1186,"caption":"Algarve 7"},"image":{"@id":"https:\/\/algarve7.pt\/#\/schema\/logo\/image\/"},"sameAs":["https:\/\/www.facebook.com\/algarve7","https:\/\/x.com\/Algarvesete","https:\/\/www.instagram.com\/jornalalgarve7\/","https:\/\/www.linkedin.com\/company\/algarve7","https:\/\/www.pinterest.pt\/geral0939\/_created\/"]},{"@type":"Person","@id":"https:\/\/algarve7.pt\/#\/schema\/person\/23fa70681308e7b319a3204bcea45e0c","name":"Algarve 7","sameAs":["https:\/\/algarve7.pt","https:\/\/www.facebook.com\/algarve7"],"url":"https:\/\/algarve7.pt\/index.php\/author\/geralalgarve7-pt\/"}]}},"jetpack_publicize_connections":[],"jetpack_featured_media_url":"https:\/\/algarve7.pt\/wp-content\/uploads\/2026\/04\/Captura-de-ecra-2026-04-27-as-12.09.29.png","jetpack_shortlink":"https:\/\/wp.me\/pcezmW-g1s","jetpack_sharing_enabled":true,"_links":{"self":[{"href":"https:\/\/algarve7.pt\/index.php\/wp-json\/wp\/v2\/posts\/61594","targetHints":{"allow":["GET"]}}],"collection":[{"href":"https:\/\/algarve7.pt\/index.php\/wp-json\/wp\/v2\/posts"}],"about":[{"href":"https:\/\/algarve7.pt\/index.php\/wp-json\/wp\/v2\/types\/post"}],"author":[{"embeddable":true,"href":"https:\/\/algarve7.pt\/index.php\/wp-json\/wp\/v2\/users\/1"}],"replies":[{"embeddable":true,"href":"https:\/\/algarve7.pt\/index.php\/wp-json\/wp\/v2\/comments?post=61594"}],"version-history":[{"count":1,"href":"https:\/\/algarve7.pt\/index.php\/wp-json\/wp\/v2\/posts\/61594\/revisions"}],"predecessor-version":[{"id":61596,"href":"https:\/\/algarve7.pt\/index.php\/wp-json\/wp\/v2\/posts\/61594\/revisions\/61596"}],"wp:featuredmedia":[{"embeddable":true,"href":"https:\/\/algarve7.pt\/index.php\/wp-json\/wp\/v2\/media\/61595"}],"wp:attachment":[{"href":"https:\/\/algarve7.pt\/index.php\/wp-json\/wp\/v2\/media?parent=61594"}],"wp:term":[{"taxonomy":"category","embeddable":true,"href":"https:\/\/algarve7.pt\/index.php\/wp-json\/wp\/v2\/categories?post=61594"},{"taxonomy":"post_tag","embeddable":true,"href":"https:\/\/algarve7.pt\/index.php\/wp-json\/wp\/v2\/tags?post=61594"}],"curies":[{"name":"wp","href":"https:\/\/api.w.org\/{rel}","templated":true}]}}