{"id":61591,"date":"2026-04-27T12:09:01","date_gmt":"2026-04-27T11:09:01","guid":{"rendered":"https:\/\/algarve7.pt\/?p=61591"},"modified":"2026-04-27T12:09:07","modified_gmt":"2026-04-27T11:09:07","slug":"em-loule-reitora-da-ualg-evocou-importancia-da-academia-na-consolidacao-da-democracia-e-desenvolvimento-regional","status":"publish","type":"post","link":"https:\/\/algarve7.pt\/index.php\/2026\/04\/em-loule-reitora-da-ualg-evocou-importancia-da-academia-na-consolidacao-da-democracia-e-desenvolvimento-regional\/atualidade\/12\/09\/","title":{"rendered":"Em Loul\u00e9, reitora da UALG evocou import\u00e2ncia da academia na consolida\u00e7\u00e3o da democracia e desenvolvimento regional"},"content":{"rendered":"\n<p>Foi ao som do emblem\u00e1tico \u201cGr\u00e2ndola Vila Morena\u201d, interpretado pelo Grupo Coral de Quarteira, Coro Infantil de Loul\u00e9 e Grupo Coral \u201cVozes da Liberdade\u201d, que teve in\u00edcio a sess\u00e3o solene da Assembleia Municipal de Loul\u00e9 comemorativa dos 52 anos do 25 de Abril. O Cineteatro Louletano voltou a ser palco deste momento alto da celebra\u00e7\u00e3o da Revolu\u00e7\u00e3o dos Cravos em Loul\u00e9, e que teve como convidada a reitora da Universidade do Algarve, Alexandra Teod\u00f3sio.<\/p>\n\n\n\n<p>Na sess\u00e3o de abertura, Silv\u00e9rio Guerreiro, presidente da Assembleia Municipal de Loul\u00e9, fez um enquadramento dos acontecimentos internacionais e nacionais que marcam a atualidade. A n\u00edvel local, sublinhou \u201co relacionamento proativo, de di\u00e1logo e respeito das autarquias locais, Assembleia Municipal (deliberativo), C\u00e2mara Municipal (Executivo), Assembleias e Juntas de Freguesia, com um intenso trabalho pr\u00e9vio e tem traduzido uma aparente facilidade na condu\u00e7\u00e3o dos assuntos municipais\u201d.<\/p>\n\n\n\n<p>Depois de nomes como a escritora L\u00eddia Jorge ou o m\u00fasico Dino D\u2019Santiago, este ano coube a Alexandra Teod\u00f3sio proferir algumas palavras alusivas \u00e0 data maior da democracia portuguesa. No seu discurso, a acad\u00e9mica destacou o papel do ensino superior como pilar da democracia local, promovendo a educa\u00e7\u00e3o, a justi\u00e7a social e a produ\u00e7\u00e3o de conhecimento aplicado ao territ\u00f3rio. A comunica\u00e7\u00e3o enfatizou a UAlg como um produto da democracia, nascida para democratizar o acesso ao ensino, e que hoje colabora ativamente com o concelho de Loul\u00e9 em projetos de refer\u00eancia, como o Geoparque&nbsp;<em>Algarvensis<\/em>, o futuro&nbsp;<em>Campus<\/em>&nbsp;da Sa\u00fade e tamb\u00e9m na forma\u00e7\u00e3o de jovens cidad\u00e3os<\/p>\n\n\n\n<p>\u201cA educa\u00e7\u00e3o \u00e9 a forma mais justa de quebrar o ciclo da exclus\u00e3o\u201d, disse a reitora, reiterando que \u201co ensino superior n\u00e3o \u00e9 um luxo; \u00e9 uma infraestrutura democr\u00e1tica\u201d que, de acordo com a oradora, protege a liberdade atrav\u00e9s da forma\u00e7\u00e3o, produ\u00e7\u00e3o de conhecimento e servindo a comunidade.<\/p>\n\n\n\n<p>Alexandra Teod\u00f3sio destacou a Universidade do Algarve como um \u201cexemplo fora do comum\u201d, tendo nascido diretamente do processo de democratiza\u00e7\u00e3o do pa\u00eds para \u201ccorrigir desigualdades regionais hist\u00f3ricas\u201d. Recordou o papel relevante do louletano Manuel Gomes Guerreiro, primeiro reitor da UAlg, enquanto o grande respons\u00e1vel por lan\u00e7ar uma \u201csemente\u201d que hoje floresce com mais de 11000 estudantes de 110 nacionalidades.<\/p>\n\n\n\n<p>A acad\u00e9mica revelou dados que explicam bem a liga\u00e7\u00e3o entre Loul\u00e9 e a institui\u00e7\u00e3o: depois de Faro, este \u00e9 o concelho com maior percentagem de alunos inscritos na UAlg (cerca de 17%), destacando-se n\u00e3o s\u00f3 pela quantidade, mas pela qualidade e pelo n\u00famero de bolsas de excel\u00eancia atribu\u00eddas aos estudantes louletanos.<\/p>\n\n\n\n<p>Olhando para o futuro, a representante da Universidade alertou para os riscos da &#8220;era do burburinho online&#8221; e da desinforma\u00e7\u00e3o. Defendeu que a democracia moderna exige uma &#8220;decis\u00e3o informada&#8221; e que o ensino superior deve atuar como uma infraestrutura cr\u00edtica que protege a liberdade atrav\u00e9s do rigor cient\u00edfico e do di\u00e1logo.<\/p>\n\n\n\n<p>\u201cSer digno de Abril exige que o conhecimento saia do papel e entre na vida das pessoas\u201d, disse, apontando o exemplo do Geoparque&nbsp;<em>Algarvensis<\/em>&nbsp;(recentemente distinguido pela UNESCO) como o modelo ideal de colabora\u00e7\u00e3o entre a academia, os munic\u00edpios e o territ\u00f3rio.<\/p>\n\n\n\n<p>E dentro destas parcerias falou ainda sobre o futuro&nbsp;<em>Campus<\/em>&nbsp;da Sa\u00fade no Parque das Cidades, com acordo em negocia\u00e7\u00e3o entre Faro e Loul\u00e9, em articula\u00e7\u00e3o com o Hospital Central do Algarve. Uma \u201cambi\u00e7\u00e3o clara\u201d da Universidade do Algarve que tem como objetivos aproximar ensino superior, investiga\u00e7\u00e3o e pr\u00e1tica cl\u00ednica; criar melhores condi\u00e7\u00f5es para o crescimento da forma\u00e7\u00e3o em Medicina e nas Ci\u00eancias da Sa\u00fade; refor\u00e7ar a investiga\u00e7\u00e3o cl\u00ednica e a inova\u00e7\u00e3o; e contribuir para fixar profissionais na regi\u00e3o, com impacto direto na qualidade dos cuidados e na sustentabilidade do sistema.<\/p>\n\n\n\n<p>\u201cEste n\u00e3o \u00e9 um projeto apenas da universidade. \u00c9 um projeto que s\u00f3 faz sentido como projeto regional, feito com os munic\u00edpios, com a Unidade Local de Sa\u00fade, com o Estado e com as comunidades. \u00c9 uma express\u00e3o de democracia local madura: uma democracia que sabe investir em infraestruturas que melhoram a vida real e que sabe faz\u00ea-lo com planeamento, parceria e vis\u00e3o de longo prazo\u201d, disse ainda.<\/p>\n\n\n\n<p>Depois da reitora, coube aos representantes das bancadas com assento nesta Assembleia darem voz ao sentido de Abril, em particular na vida comunit\u00e1ria, atrav\u00e9s dos discursos protocolares de Jo\u00e3o Apol\u00f3nia, da Iniciativa Liberal, Isilda Guerreiro, do CDS-PP, Renato Monteiro, do CHEGA, Ivone Machado, do PS, e Irina Martins, do PPD-PSD.<\/p>\n\n\n\n<p>No seu primeiro discurso nas comemora\u00e7\u00f5es do 25 de Abril enquanto presidente da C\u00e2mara Municipal de Loul\u00e9, Telmo Pinto disse que \u201choje, mais do que nunca, \u00e9 fundamental defender os valores de Abril\u201d, num mundo amea\u00e7ado por ideias antag\u00f3nicas aos seus princ\u00edpios. \u201c\u00c9 nossa miss\u00e3o, \u00e9 nosso dever, com responsabilidades acrescidas pelo facto de ocuparmos cargos p\u00fablicos, combater os populismos que hoje se espalham por muitos dos pa\u00edses democratas\u201d, frisou o autarca.<\/p>\n\n\n\n<p>No encerramento dos trabalhos, Silv\u00e9rio Guerreiro, presidente da Assembleia Municipal de Loul\u00e9, lembrou os homens que integraram a Comiss\u00e3o Administrativa Democr\u00e1tica, \u00f3rg\u00e3o instalador da C\u00e2mara de Loul\u00e9 empossada a 19 de julho de 1974, presidida por Barros Madeira.<\/p>\n\n\n\n<p>No ano em que se assinalam os 50 anos da entrada em vigor da Constitui\u00e7\u00e3o da Rep\u00fablica Portuguesa, este respons\u00e1vel falou do papel das Assembleias Municipais como centro do poder local democr\u00e1tico. Nesse sentido, elencou alguns pontos do trabalho que tem sido feito no concelho de Loul\u00e9, como as Assembleias Municipais Jovens, a realiza\u00e7\u00e3o de Assembleias Municipais tem\u00e1ticas (dedicadas a mat\u00e9rias como a mobilidade, eros\u00e3o costeira ou habita\u00e7\u00e3o), numa aposta de aproximar cada vez mais os eleitos dos cidad\u00e3os.<\/p>\n\n\n\n<p>\u201cO elo de confian\u00e7a entre os cidad\u00e3os e a pol\u00edtica s\u00f3 se refor\u00e7a com a revaloriza\u00e7\u00e3o da pol\u00edtica local e a afirma\u00e7\u00e3o da cidadania, sendo as Assembleias o espa\u00e7o adequado para essa afirma\u00e7\u00e3o e defesa intransigente do interesse geral\u201d, disse ainda Silv\u00e9rio Guerreiro.<\/p>\n\n\n\n<p>A sess\u00e3o ficou marcada ainda por outros momentos musicais, com a interpreta\u00e7\u00e3o de \u201cA Queda do Imp\u00e9rio\u201d, \u201cVerdes s\u00e3o os Campos\u201d e \u201cSomos Livres\u201d, pelos grupos participantes, culminando com o hino nacional \u201cA Portuguesa\u201d.<\/p>\n","protected":false},"excerpt":{"rendered":"<p>Foi ao som do emblem\u00e1tico \u201cGr\u00e2ndola Vila Morena\u201d, interpretado pelo Grupo Coral de Quarteira, Coro Infantil de Loul\u00e9 e Grupo<\/p>\n","protected":false},"author":1,"featured_media":61592,"comment_status":"closed","ping_status":"closed","sticky":false,"template":"","format":"standard","meta":{"colormag_page_container_layout":"default_layout","colormag_page_sidebar_layout":"default_layout","_monsterinsights_skip_tracking":false,"_monsterinsights_sitenote_active":false,"_monsterinsights_sitenote_note":"","_monsterinsights_sitenote_category":0,"jetpack_post_was_ever_published":false,"_jetpack_newsletter_access":"","_jetpack_dont_email_post_to_subs":false,"_jetpack_newsletter_tier_id":0,"_jetpack_memberships_contains_paywalled_content":false,"_jetpack_memberships_contains_paid_content":false,"footnotes":"","jetpack_publicize_message":"","jetpack_publicize_feature_enabled":true,"jetpack_social_post_already_shared":true,"jetpack_social_options":{"image_generator_settings":{"template":"highway","default_image_id":0,"font":"","enabled":false},"version":2}},"categories":[11],"tags":[354,36,62,31],"class_list":["post-61591","post","type-post","status-publish","format-standard","has-post-thumbnail","hentry","category-atualidade","tag-25-de-abril","tag-algarve","tag-atualidade","tag-loule"],"yoast_head":"<!-- This site is optimized with the Yoast SEO plugin v27.4 - https:\/\/yoast.com\/product\/yoast-seo-wordpress\/ -->\n<title>Em Loul\u00e9, reitora da UALG evocou import\u00e2ncia da academia na consolida\u00e7\u00e3o da democracia e desenvolvimento regional - Algarve 7<\/title>\n<meta name=\"description\" content=\"Em Loul\u00e9, reitora da UALG evocou import\u00e2ncia da academia na consolida\u00e7\u00e3o da democracia e desenvolvimento regional Atualidade\" \/>\n<meta name=\"robots\" content=\"index, follow, max-snippet:-1, max-image-preview:large, max-video-preview:-1\" \/>\n<link rel=\"canonical\" href=\"https:\/\/algarve7.pt\/index.php\/2026\/04\/em-loule-reitora-da-ualg-evocou-importancia-da-academia-na-consolidacao-da-democracia-e-desenvolvimento-regional\/atualidade\/12\/09\/\" \/>\n<meta property=\"og:locale\" content=\"pt_PT\" \/>\n<meta property=\"og:type\" content=\"article\" \/>\n<meta property=\"og:title\" content=\"Em Loul\u00e9, reitora da UALG evocou import\u00e2ncia da academia na consolida\u00e7\u00e3o da democracia e desenvolvimento regional - Algarve 7\" \/>\n<meta property=\"og:description\" content=\"Em Loul\u00e9, reitora da UALG evocou import\u00e2ncia da academia na consolida\u00e7\u00e3o da democracia e desenvolvimento regional Atualidade\" \/>\n<meta property=\"og:url\" content=\"https:\/\/algarve7.pt\/index.php\/2026\/04\/em-loule-reitora-da-ualg-evocou-importancia-da-academia-na-consolidacao-da-democracia-e-desenvolvimento-regional\/atualidade\/12\/09\/\" \/>\n<meta property=\"og:site_name\" content=\"Algarve 7\" \/>\n<meta property=\"article:publisher\" content=\"https:\/\/www.facebook.com\/algarve7\" \/>\n<meta property=\"article:author\" content=\"https:\/\/www.facebook.com\/algarve7\" \/>\n<meta property=\"article:published_time\" content=\"2026-04-27T11:09:01+00:00\" \/>\n<meta property=\"article:modified_time\" content=\"2026-04-27T11:09:07+00:00\" \/>\n<meta property=\"og:image\" content=\"https:\/\/algarve7.pt\/wp-content\/uploads\/2026\/04\/Comemoracoes-do-25-de-Abril-em-Loule-nos-Pacos-do-Concelho-CMLoule-Mira-3.jpg\" \/>\n\t<meta property=\"og:image:width\" content=\"800\" \/>\n\t<meta property=\"og:image:height\" content=\"445\" \/>\n\t<meta property=\"og:image:type\" content=\"image\/jpeg\" \/>\n<meta name=\"author\" content=\"Algarve 7\" \/>\n<meta name=\"twitter:card\" content=\"summary_large_image\" \/>\n<meta name=\"twitter:creator\" content=\"@Algarvesete\" \/>\n<meta name=\"twitter:site\" content=\"@Algarvesete\" \/>\n<meta name=\"twitter:label1\" content=\"Escrito por\" \/>\n\t<meta name=\"twitter:data1\" content=\"Algarve 7\" \/>\n\t<meta name=\"twitter:label2\" content=\"Tempo estimado de leitura\" \/>\n\t<meta name=\"twitter:data2\" content=\"6 minutos\" \/>\n<script type=\"application\/ld+json\" class=\"yoast-schema-graph\">{\"@context\":\"https:\\\/\\\/schema.org\",\"@graph\":[{\"@type\":\"Article\",\"@id\":\"https:\\\/\\\/algarve7.pt\\\/index.php\\\/2026\\\/04\\\/em-loule-reitora-da-ualg-evocou-importancia-da-academia-na-consolidacao-da-democracia-e-desenvolvimento-regional\\\/atualidade\\\/12\\\/09\\\/#article\",\"isPartOf\":{\"@id\":\"https:\\\/\\\/algarve7.pt\\\/index.php\\\/2026\\\/04\\\/em-loule-reitora-da-ualg-evocou-importancia-da-academia-na-consolidacao-da-democracia-e-desenvolvimento-regional\\\/atualidade\\\/12\\\/09\\\/\"},\"author\":{\"name\":\"Algarve 7\",\"@id\":\"https:\\\/\\\/algarve7.pt\\\/#\\\/schema\\\/person\\\/23fa70681308e7b319a3204bcea45e0c\"},\"headline\":\"Em Loul\u00e9, reitora da UALG evocou import\u00e2ncia da academia na consolida\u00e7\u00e3o da democracia e desenvolvimento regional\",\"datePublished\":\"2026-04-27T11:09:01+00:00\",\"dateModified\":\"2026-04-27T11:09:07+00:00\",\"mainEntityOfPage\":{\"@id\":\"https:\\\/\\\/algarve7.pt\\\/index.php\\\/2026\\\/04\\\/em-loule-reitora-da-ualg-evocou-importancia-da-academia-na-consolidacao-da-democracia-e-desenvolvimento-regional\\\/atualidade\\\/12\\\/09\\\/\"},\"wordCount\":1097,\"publisher\":{\"@id\":\"https:\\\/\\\/algarve7.pt\\\/#organization\"},\"image\":{\"@id\":\"https:\\\/\\\/algarve7.pt\\\/index.php\\\/2026\\\/04\\\/em-loule-reitora-da-ualg-evocou-importancia-da-academia-na-consolidacao-da-democracia-e-desenvolvimento-regional\\\/atualidade\\\/12\\\/09\\\/#primaryimage\"},\"thumbnailUrl\":\"https:\\\/\\\/algarve7.pt\\\/wp-content\\\/uploads\\\/2026\\\/04\\\/Comemoracoes-do-25-de-Abril-em-Loule-nos-Pacos-do-Concelho-CMLoule-Mira-3.jpg\",\"keywords\":[\"25 de Abril\",\"Algarve\",\"Atualidade\",\"Loul\u00e9\"],\"articleSection\":[\"Atualidade\"],\"inLanguage\":\"pt-PT\"},{\"@type\":\"WebPage\",\"@id\":\"https:\\\/\\\/algarve7.pt\\\/index.php\\\/2026\\\/04\\\/em-loule-reitora-da-ualg-evocou-importancia-da-academia-na-consolidacao-da-democracia-e-desenvolvimento-regional\\\/atualidade\\\/12\\\/09\\\/\",\"url\":\"https:\\\/\\\/algarve7.pt\\\/index.php\\\/2026\\\/04\\\/em-loule-reitora-da-ualg-evocou-importancia-da-academia-na-consolidacao-da-democracia-e-desenvolvimento-regional\\\/atualidade\\\/12\\\/09\\\/\",\"name\":\"Em Loul\u00e9, reitora da UALG evocou import\u00e2ncia da academia na consolida\u00e7\u00e3o da democracia e desenvolvimento regional - Algarve 7\",\"isPartOf\":{\"@id\":\"https:\\\/\\\/algarve7.pt\\\/#website\"},\"primaryImageOfPage\":{\"@id\":\"https:\\\/\\\/algarve7.pt\\\/index.php\\\/2026\\\/04\\\/em-loule-reitora-da-ualg-evocou-importancia-da-academia-na-consolidacao-da-democracia-e-desenvolvimento-regional\\\/atualidade\\\/12\\\/09\\\/#primaryimage\"},\"image\":{\"@id\":\"https:\\\/\\\/algarve7.pt\\\/index.php\\\/2026\\\/04\\\/em-loule-reitora-da-ualg-evocou-importancia-da-academia-na-consolidacao-da-democracia-e-desenvolvimento-regional\\\/atualidade\\\/12\\\/09\\\/#primaryimage\"},\"thumbnailUrl\":\"https:\\\/\\\/algarve7.pt\\\/wp-content\\\/uploads\\\/2026\\\/04\\\/Comemoracoes-do-25-de-Abril-em-Loule-nos-Pacos-do-Concelho-CMLoule-Mira-3.jpg\",\"datePublished\":\"2026-04-27T11:09:01+00:00\",\"dateModified\":\"2026-04-27T11:09:07+00:00\",\"description\":\"Em Loul\u00e9, reitora da UALG evocou import\u00e2ncia da academia na consolida\u00e7\u00e3o da democracia e desenvolvimento regional Atualidade\",\"breadcrumb\":{\"@id\":\"https:\\\/\\\/algarve7.pt\\\/index.php\\\/2026\\\/04\\\/em-loule-reitora-da-ualg-evocou-importancia-da-academia-na-consolidacao-da-democracia-e-desenvolvimento-regional\\\/atualidade\\\/12\\\/09\\\/#breadcrumb\"},\"inLanguage\":\"pt-PT\",\"potentialAction\":[{\"@type\":\"ReadAction\",\"target\":[\"https:\\\/\\\/algarve7.pt\\\/index.php\\\/2026\\\/04\\\/em-loule-reitora-da-ualg-evocou-importancia-da-academia-na-consolidacao-da-democracia-e-desenvolvimento-regional\\\/atualidade\\\/12\\\/09\\\/\"]}]},{\"@type\":\"ImageObject\",\"inLanguage\":\"pt-PT\",\"@id\":\"https:\\\/\\\/algarve7.pt\\\/index.php\\\/2026\\\/04\\\/em-loule-reitora-da-ualg-evocou-importancia-da-academia-na-consolidacao-da-democracia-e-desenvolvimento-regional\\\/atualidade\\\/12\\\/09\\\/#primaryimage\",\"url\":\"https:\\\/\\\/algarve7.pt\\\/wp-content\\\/uploads\\\/2026\\\/04\\\/Comemoracoes-do-25-de-Abril-em-Loule-nos-Pacos-do-Concelho-CMLoule-Mira-3.jpg\",\"contentUrl\":\"https:\\\/\\\/algarve7.pt\\\/wp-content\\\/uploads\\\/2026\\\/04\\\/Comemoracoes-do-25-de-Abril-em-Loule-nos-Pacos-do-Concelho-CMLoule-Mira-3.jpg\",\"width\":800,\"height\":445},{\"@type\":\"BreadcrumbList\",\"@id\":\"https:\\\/\\\/algarve7.pt\\\/index.php\\\/2026\\\/04\\\/em-loule-reitora-da-ualg-evocou-importancia-da-academia-na-consolidacao-da-democracia-e-desenvolvimento-regional\\\/atualidade\\\/12\\\/09\\\/#breadcrumb\",\"itemListElement\":[{\"@type\":\"ListItem\",\"position\":1,\"name\":\"In\u00edcio\",\"item\":\"https:\\\/\\\/algarve7.pt\\\/\"},{\"@type\":\"ListItem\",\"position\":2,\"name\":\"Em Loul\u00e9, reitora da UALG evocou import\u00e2ncia da academia na consolida\u00e7\u00e3o da democracia e desenvolvimento regional\"}]},{\"@type\":\"WebSite\",\"@id\":\"https:\\\/\\\/algarve7.pt\\\/#website\",\"url\":\"https:\\\/\\\/algarve7.pt\\\/\",\"name\":\"Algarve 7\",\"description\":\"Informa\u00e7\u00e3o sobre o Algarve\",\"publisher\":{\"@id\":\"https:\\\/\\\/algarve7.pt\\\/#organization\"},\"potentialAction\":[{\"@type\":\"SearchAction\",\"target\":{\"@type\":\"EntryPoint\",\"urlTemplate\":\"https:\\\/\\\/algarve7.pt\\\/?s={search_term_string}\"},\"query-input\":{\"@type\":\"PropertyValueSpecification\",\"valueRequired\":true,\"valueName\":\"search_term_string\"}}],\"inLanguage\":\"pt-PT\"},{\"@type\":\"Organization\",\"@id\":\"https:\\\/\\\/algarve7.pt\\\/#organization\",\"name\":\"Algarve 7\",\"url\":\"https:\\\/\\\/algarve7.pt\\\/\",\"logo\":{\"@type\":\"ImageObject\",\"inLanguage\":\"pt-PT\",\"@id\":\"https:\\\/\\\/algarve7.pt\\\/#\\\/schema\\\/logo\\\/image\\\/\",\"url\":\"https:\\\/\\\/algarve7.pt\\\/wp-content\\\/uploads\\\/2020\\\/10\\\/Logo-8.jpg\",\"contentUrl\":\"https:\\\/\\\/algarve7.pt\\\/wp-content\\\/uploads\\\/2020\\\/10\\\/Logo-8.jpg\",\"width\":1680,\"height\":1186,\"caption\":\"Algarve 7\"},\"image\":{\"@id\":\"https:\\\/\\\/algarve7.pt\\\/#\\\/schema\\\/logo\\\/image\\\/\"},\"sameAs\":[\"https:\\\/\\\/www.facebook.com\\\/algarve7\",\"https:\\\/\\\/x.com\\\/Algarvesete\",\"https:\\\/\\\/www.instagram.com\\\/jornalalgarve7\\\/\",\"https:\\\/\\\/www.linkedin.com\\\/company\\\/algarve7\",\"https:\\\/\\\/www.pinterest.pt\\\/geral0939\\\/_created\\\/\"]},{\"@type\":\"Person\",\"@id\":\"https:\\\/\\\/algarve7.pt\\\/#\\\/schema\\\/person\\\/23fa70681308e7b319a3204bcea45e0c\",\"name\":\"Algarve 7\",\"sameAs\":[\"https:\\\/\\\/algarve7.pt\",\"https:\\\/\\\/www.facebook.com\\\/algarve7\"],\"url\":\"https:\\\/\\\/algarve7.pt\\\/index.php\\\/author\\\/geralalgarve7-pt\\\/\"}]}<\/script>\n<!-- \/ Yoast SEO plugin. -->","yoast_head_json":{"title":"Em Loul\u00e9, reitora da UALG evocou import\u00e2ncia da academia na consolida\u00e7\u00e3o da democracia e desenvolvimento regional - Algarve 7","description":"Em Loul\u00e9, reitora da UALG evocou import\u00e2ncia da academia na consolida\u00e7\u00e3o da democracia e desenvolvimento regional Atualidade","robots":{"index":"index","follow":"follow","max-snippet":"max-snippet:-1","max-image-preview":"max-image-preview:large","max-video-preview":"max-video-preview:-1"},"canonical":"https:\/\/algarve7.pt\/index.php\/2026\/04\/em-loule-reitora-da-ualg-evocou-importancia-da-academia-na-consolidacao-da-democracia-e-desenvolvimento-regional\/atualidade\/12\/09\/","og_locale":"pt_PT","og_type":"article","og_title":"Em Loul\u00e9, reitora da UALG evocou import\u00e2ncia da academia na consolida\u00e7\u00e3o da democracia e desenvolvimento regional - Algarve 7","og_description":"Em Loul\u00e9, reitora da UALG evocou import\u00e2ncia da academia na consolida\u00e7\u00e3o da democracia e desenvolvimento regional Atualidade","og_url":"https:\/\/algarve7.pt\/index.php\/2026\/04\/em-loule-reitora-da-ualg-evocou-importancia-da-academia-na-consolidacao-da-democracia-e-desenvolvimento-regional\/atualidade\/12\/09\/","og_site_name":"Algarve 7","article_publisher":"https:\/\/www.facebook.com\/algarve7","article_author":"https:\/\/www.facebook.com\/algarve7","article_published_time":"2026-04-27T11:09:01+00:00","article_modified_time":"2026-04-27T11:09:07+00:00","og_image":[{"width":800,"height":445,"url":"https:\/\/algarve7.pt\/wp-content\/uploads\/2026\/04\/Comemoracoes-do-25-de-Abril-em-Loule-nos-Pacos-do-Concelho-CMLoule-Mira-3.jpg","type":"image\/jpeg"}],"author":"Algarve 7","twitter_card":"summary_large_image","twitter_creator":"@Algarvesete","twitter_site":"@Algarvesete","twitter_misc":{"Escrito por":"Algarve 7","Tempo estimado de leitura":"6 minutos"},"schema":{"@context":"https:\/\/schema.org","@graph":[{"@type":"Article","@id":"https:\/\/algarve7.pt\/index.php\/2026\/04\/em-loule-reitora-da-ualg-evocou-importancia-da-academia-na-consolidacao-da-democracia-e-desenvolvimento-regional\/atualidade\/12\/09\/#article","isPartOf":{"@id":"https:\/\/algarve7.pt\/index.php\/2026\/04\/em-loule-reitora-da-ualg-evocou-importancia-da-academia-na-consolidacao-da-democracia-e-desenvolvimento-regional\/atualidade\/12\/09\/"},"author":{"name":"Algarve 7","@id":"https:\/\/algarve7.pt\/#\/schema\/person\/23fa70681308e7b319a3204bcea45e0c"},"headline":"Em Loul\u00e9, reitora da UALG evocou import\u00e2ncia da academia na consolida\u00e7\u00e3o da democracia e desenvolvimento regional","datePublished":"2026-04-27T11:09:01+00:00","dateModified":"2026-04-27T11:09:07+00:00","mainEntityOfPage":{"@id":"https:\/\/algarve7.pt\/index.php\/2026\/04\/em-loule-reitora-da-ualg-evocou-importancia-da-academia-na-consolidacao-da-democracia-e-desenvolvimento-regional\/atualidade\/12\/09\/"},"wordCount":1097,"publisher":{"@id":"https:\/\/algarve7.pt\/#organization"},"image":{"@id":"https:\/\/algarve7.pt\/index.php\/2026\/04\/em-loule-reitora-da-ualg-evocou-importancia-da-academia-na-consolidacao-da-democracia-e-desenvolvimento-regional\/atualidade\/12\/09\/#primaryimage"},"thumbnailUrl":"https:\/\/algarve7.pt\/wp-content\/uploads\/2026\/04\/Comemoracoes-do-25-de-Abril-em-Loule-nos-Pacos-do-Concelho-CMLoule-Mira-3.jpg","keywords":["25 de Abril","Algarve","Atualidade","Loul\u00e9"],"articleSection":["Atualidade"],"inLanguage":"pt-PT"},{"@type":"WebPage","@id":"https:\/\/algarve7.pt\/index.php\/2026\/04\/em-loule-reitora-da-ualg-evocou-importancia-da-academia-na-consolidacao-da-democracia-e-desenvolvimento-regional\/atualidade\/12\/09\/","url":"https:\/\/algarve7.pt\/index.php\/2026\/04\/em-loule-reitora-da-ualg-evocou-importancia-da-academia-na-consolidacao-da-democracia-e-desenvolvimento-regional\/atualidade\/12\/09\/","name":"Em Loul\u00e9, reitora da UALG evocou import\u00e2ncia da academia na consolida\u00e7\u00e3o da democracia e desenvolvimento regional - Algarve 7","isPartOf":{"@id":"https:\/\/algarve7.pt\/#website"},"primaryImageOfPage":{"@id":"https:\/\/algarve7.pt\/index.php\/2026\/04\/em-loule-reitora-da-ualg-evocou-importancia-da-academia-na-consolidacao-da-democracia-e-desenvolvimento-regional\/atualidade\/12\/09\/#primaryimage"},"image":{"@id":"https:\/\/algarve7.pt\/index.php\/2026\/04\/em-loule-reitora-da-ualg-evocou-importancia-da-academia-na-consolidacao-da-democracia-e-desenvolvimento-regional\/atualidade\/12\/09\/#primaryimage"},"thumbnailUrl":"https:\/\/algarve7.pt\/wp-content\/uploads\/2026\/04\/Comemoracoes-do-25-de-Abril-em-Loule-nos-Pacos-do-Concelho-CMLoule-Mira-3.jpg","datePublished":"2026-04-27T11:09:01+00:00","dateModified":"2026-04-27T11:09:07+00:00","description":"Em Loul\u00e9, reitora da UALG evocou import\u00e2ncia da academia na consolida\u00e7\u00e3o da democracia e desenvolvimento regional Atualidade","breadcrumb":{"@id":"https:\/\/algarve7.pt\/index.php\/2026\/04\/em-loule-reitora-da-ualg-evocou-importancia-da-academia-na-consolidacao-da-democracia-e-desenvolvimento-regional\/atualidade\/12\/09\/#breadcrumb"},"inLanguage":"pt-PT","potentialAction":[{"@type":"ReadAction","target":["https:\/\/algarve7.pt\/index.php\/2026\/04\/em-loule-reitora-da-ualg-evocou-importancia-da-academia-na-consolidacao-da-democracia-e-desenvolvimento-regional\/atualidade\/12\/09\/"]}]},{"@type":"ImageObject","inLanguage":"pt-PT","@id":"https:\/\/algarve7.pt\/index.php\/2026\/04\/em-loule-reitora-da-ualg-evocou-importancia-da-academia-na-consolidacao-da-democracia-e-desenvolvimento-regional\/atualidade\/12\/09\/#primaryimage","url":"https:\/\/algarve7.pt\/wp-content\/uploads\/2026\/04\/Comemoracoes-do-25-de-Abril-em-Loule-nos-Pacos-do-Concelho-CMLoule-Mira-3.jpg","contentUrl":"https:\/\/algarve7.pt\/wp-content\/uploads\/2026\/04\/Comemoracoes-do-25-de-Abril-em-Loule-nos-Pacos-do-Concelho-CMLoule-Mira-3.jpg","width":800,"height":445},{"@type":"BreadcrumbList","@id":"https:\/\/algarve7.pt\/index.php\/2026\/04\/em-loule-reitora-da-ualg-evocou-importancia-da-academia-na-consolidacao-da-democracia-e-desenvolvimento-regional\/atualidade\/12\/09\/#breadcrumb","itemListElement":[{"@type":"ListItem","position":1,"name":"In\u00edcio","item":"https:\/\/algarve7.pt\/"},{"@type":"ListItem","position":2,"name":"Em Loul\u00e9, reitora da UALG evocou import\u00e2ncia da academia na consolida\u00e7\u00e3o da democracia e desenvolvimento regional"}]},{"@type":"WebSite","@id":"https:\/\/algarve7.pt\/#website","url":"https:\/\/algarve7.pt\/","name":"Algarve 7","description":"Informa\u00e7\u00e3o sobre o Algarve","publisher":{"@id":"https:\/\/algarve7.pt\/#organization"},"potentialAction":[{"@type":"SearchAction","target":{"@type":"EntryPoint","urlTemplate":"https:\/\/algarve7.pt\/?s={search_term_string}"},"query-input":{"@type":"PropertyValueSpecification","valueRequired":true,"valueName":"search_term_string"}}],"inLanguage":"pt-PT"},{"@type":"Organization","@id":"https:\/\/algarve7.pt\/#organization","name":"Algarve 7","url":"https:\/\/algarve7.pt\/","logo":{"@type":"ImageObject","inLanguage":"pt-PT","@id":"https:\/\/algarve7.pt\/#\/schema\/logo\/image\/","url":"https:\/\/algarve7.pt\/wp-content\/uploads\/2020\/10\/Logo-8.jpg","contentUrl":"https:\/\/algarve7.pt\/wp-content\/uploads\/2020\/10\/Logo-8.jpg","width":1680,"height":1186,"caption":"Algarve 7"},"image":{"@id":"https:\/\/algarve7.pt\/#\/schema\/logo\/image\/"},"sameAs":["https:\/\/www.facebook.com\/algarve7","https:\/\/x.com\/Algarvesete","https:\/\/www.instagram.com\/jornalalgarve7\/","https:\/\/www.linkedin.com\/company\/algarve7","https:\/\/www.pinterest.pt\/geral0939\/_created\/"]},{"@type":"Person","@id":"https:\/\/algarve7.pt\/#\/schema\/person\/23fa70681308e7b319a3204bcea45e0c","name":"Algarve 7","sameAs":["https:\/\/algarve7.pt","https:\/\/www.facebook.com\/algarve7"],"url":"https:\/\/algarve7.pt\/index.php\/author\/geralalgarve7-pt\/"}]}},"jetpack_publicize_connections":[],"jetpack_featured_media_url":"https:\/\/algarve7.pt\/wp-content\/uploads\/2026\/04\/Comemoracoes-do-25-de-Abril-em-Loule-nos-Pacos-do-Concelho-CMLoule-Mira-3.jpg","jetpack_shortlink":"https:\/\/wp.me\/pcezmW-g1p","jetpack_sharing_enabled":true,"_links":{"self":[{"href":"https:\/\/algarve7.pt\/index.php\/wp-json\/wp\/v2\/posts\/61591","targetHints":{"allow":["GET"]}}],"collection":[{"href":"https:\/\/algarve7.pt\/index.php\/wp-json\/wp\/v2\/posts"}],"about":[{"href":"https:\/\/algarve7.pt\/index.php\/wp-json\/wp\/v2\/types\/post"}],"author":[{"embeddable":true,"href":"https:\/\/algarve7.pt\/index.php\/wp-json\/wp\/v2\/users\/1"}],"replies":[{"embeddable":true,"href":"https:\/\/algarve7.pt\/index.php\/wp-json\/wp\/v2\/comments?post=61591"}],"version-history":[{"count":1,"href":"https:\/\/algarve7.pt\/index.php\/wp-json\/wp\/v2\/posts\/61591\/revisions"}],"predecessor-version":[{"id":61593,"href":"https:\/\/algarve7.pt\/index.php\/wp-json\/wp\/v2\/posts\/61591\/revisions\/61593"}],"wp:featuredmedia":[{"embeddable":true,"href":"https:\/\/algarve7.pt\/index.php\/wp-json\/wp\/v2\/media\/61592"}],"wp:attachment":[{"href":"https:\/\/algarve7.pt\/index.php\/wp-json\/wp\/v2\/media?parent=61591"}],"wp:term":[{"taxonomy":"category","embeddable":true,"href":"https:\/\/algarve7.pt\/index.php\/wp-json\/wp\/v2\/categories?post=61591"},{"taxonomy":"post_tag","embeddable":true,"href":"https:\/\/algarve7.pt\/index.php\/wp-json\/wp\/v2\/tags?post=61591"}],"curies":[{"name":"wp","href":"https:\/\/api.w.org\/{rel}","templated":true}]}}