{"id":61588,"date":"2026-04-28T07:30:00","date_gmt":"2026-04-28T06:30:00","guid":{"rendered":"https:\/\/algarve7.pt\/?p=61588"},"modified":"2026-04-27T12:04:20","modified_gmt":"2026-04-27T11:04:20","slug":"dia-aberto-do-parque-natural-da-ria-formosa-a-9-de-maio","status":"publish","type":"post","link":"https:\/\/algarve7.pt\/index.php\/2026\/04\/dia-aberto-do-parque-natural-da-ria-formosa-a-9-de-maio\/ambiente\/07\/30\/","title":{"rendered":"Dia Aberto do Parque Natural da Ria Formosa a 9 de maio\u00a0"},"content":{"rendered":"\n<p><strong>O Parque Natural da Ria Formosa (PNRF) celebra 48 anos como \u00e1rea protegida e vai assinalar a data com muitas atividades gratuitas, educativas e divertidas para toda a fam\u00edlia.&nbsp;&nbsp;<\/strong><\/p>\n\n\n\n<p>O Dia Aberto do PNRF 2026, organizado em colabora\u00e7\u00e3o pelas entidades parceiras da Comiss\u00e3o de Cogest\u00e3o, oferece uma oportunidade \u00fanica para conhecer melhor a Ria Formosa. Percursos para observa\u00e7\u00e3o da fauna e da flora, passeios de barco, filmes, passeios noturnos e atividades l\u00fadico-cient\u00edficas, s\u00e3o alguns exemplos das mais de 30 atividades gentilmente oferecidas pelas entidades parceiras aos visitantes.&nbsp;<\/p>\n\n\n\n<p>Junte-se a n\u00f3s para celebrar uma das mais especiais e emblem\u00e1ticas zonas h\u00famidas de Portugal!&nbsp;&nbsp;<\/p>\n\n\n\n<p>P<strong>ROGRAMA e Inscri\u00e7\u00f5es em\u00a0<\/strong><a href=\"https:\/\/amal.pt\/comunicacao\/1181-dia-aberto-do-parque-natural-da-ria-formosa-09-de-maio\" target=\"_blank\" rel=\"noreferrer noopener\"><strong>https:\/\/amal.pt\/comunicacao\/1181<\/strong><\/a><a href=\"https:\/\/amal.pt\/comunicacao\/1181-dia-aberto-do-parque-natural-da-ria-formosa-09-de-maio\"><strong>-dia-aberto-do<\/strong><\/a><a href=\"https:\/\/amal.pt\/comunicacao\/1181-dia-aberto-do-parque-natural-da-ria-formosa-09-de-maio\"><\/a><a href=\"https:\/\/amal.pt\/comunicacao\/1181-dia-aberto-do-parque-natural-da-ria-formosa-09-de-maio\"><strong>parque-natural-da-ria-formosa-09-de-maio<\/strong><\/a><a href=\"https:\/\/amal.pt\/comunicacao\/1181-dia-aberto-do-parque-natural-da-ria-formosa-09-de-maio\"><\/a><\/p>\n\n\n\n<p>Algumas atividades carecem de inscri\u00e7\u00e3o pr\u00e9via (gratuita, mas obrigat\u00f3ria).\u00a0<\/p>\n\n\n\n<p>A Ria Formosa \u00e9 a maior zona h\u00famida do sul de Portugal e uma das \u00e1reas do pa\u00eds mais ricas em biodiversidade. O Parque Natural da Ria Formosa (PNRF) est\u00e1 situado no sotavento algarvio, assente na importante zona lagunar a\u00ed existente. O PNRF cobre uma superf\u00edcie de cerca de 18.000 ha, incluindo a \u00e1rea submersa abrangendo os concelhos de Faro, Loul\u00e9, Olh\u00e3o, Tavira e Vila Real de Santo Ant\u00f3nio. A Reserva Natural da Ria Formosa foi constitu\u00edda em 1978, tendo sido reclassificada como Parque Natural em 1987.&nbsp;<\/p>\n","protected":false},"excerpt":{"rendered":"<p>O Parque Natural da Ria Formosa (PNRF) celebra 48 anos como \u00e1rea protegida e vai assinalar a data com muitas<\/p>\n","protected":false},"author":1,"featured_media":61589,"comment_status":"closed","ping_status":"closed","sticky":false,"template":"","format":"standard","meta":{"colormag_page_container_layout":"default_layout","colormag_page_sidebar_layout":"default_layout","_monsterinsights_skip_tracking":false,"_monsterinsights_sitenote_active":false,"_monsterinsights_sitenote_note":"","_monsterinsights_sitenote_category":0,"jetpack_post_was_ever_published":false,"_jetpack_newsletter_access":"","_jetpack_dont_email_post_to_subs":false,"_jetpack_newsletter_tier_id":0,"_jetpack_memberships_contains_paywalled_content":false,"_jetpack_memberships_contains_paid_content":false,"footnotes":"","jetpack_publicize_message":"","jetpack_publicize_feature_enabled":true,"jetpack_social_post_already_shared":true,"jetpack_social_options":{"image_generator_settings":{"template":"highway","default_image_id":0,"font":"","enabled":false},"version":2}},"categories":[5],"tags":[36,207,32,256],"class_list":["post-61588","post","type-post","status-publish","format-standard","has-post-thumbnail","hentry","category-ambiente","tag-algarve","tag-amal","tag-ambiente","tag-ria-formosa"],"yoast_head":"<!-- This site is optimized with the Yoast SEO plugin v27.4 - https:\/\/yoast.com\/product\/yoast-seo-wordpress\/ -->\n<title>Dia Aberto do Parque Natural da Ria Formosa a 9 de maio\u00a0 - Algarve 7<\/title>\n<meta name=\"description\" content=\"Dia Aberto do Parque Natural da Ria Formosa a 9 de maio\u00a0 Ambiente\" \/>\n<meta name=\"robots\" content=\"index, follow, max-snippet:-1, max-image-preview:large, max-video-preview:-1\" \/>\n<link rel=\"canonical\" href=\"https:\/\/algarve7.pt\/index.php\/2026\/04\/dia-aberto-do-parque-natural-da-ria-formosa-a-9-de-maio\/ambiente\/07\/30\/\" \/>\n<meta property=\"og:locale\" content=\"pt_PT\" \/>\n<meta property=\"og:type\" content=\"article\" \/>\n<meta property=\"og:title\" content=\"Dia Aberto do Parque Natural da Ria Formosa a 9 de maio\u00a0 - Algarve 7\" \/>\n<meta property=\"og:description\" content=\"Dia Aberto do Parque Natural da Ria Formosa a 9 de maio\u00a0 Ambiente\" \/>\n<meta property=\"og:url\" content=\"https:\/\/algarve7.pt\/index.php\/2026\/04\/dia-aberto-do-parque-natural-da-ria-formosa-a-9-de-maio\/ambiente\/07\/30\/\" \/>\n<meta property=\"og:site_name\" content=\"Algarve 7\" \/>\n<meta property=\"article:publisher\" content=\"https:\/\/www.facebook.com\/algarve7\" \/>\n<meta property=\"article:author\" content=\"https:\/\/www.facebook.com\/algarve7\" \/>\n<meta property=\"article:published_time\" content=\"2026-04-28T06:30:00+00:00\" \/>\n<meta property=\"og:image\" content=\"https:\/\/algarve7.pt\/wp-content\/uploads\/2026\/04\/Captura-de-ecra-2026-04-27-as-12.01.47.png\" \/>\n\t<meta property=\"og:image:width\" content=\"800\" \/>\n\t<meta property=\"og:image:height\" content=\"445\" \/>\n\t<meta property=\"og:image:type\" content=\"image\/png\" \/>\n<meta name=\"author\" content=\"Algarve 7\" \/>\n<meta name=\"twitter:card\" content=\"summary_large_image\" \/>\n<meta name=\"twitter:creator\" content=\"@Algarvesete\" \/>\n<meta name=\"twitter:site\" content=\"@Algarvesete\" \/>\n<meta name=\"twitter:label1\" content=\"Escrito por\" \/>\n\t<meta name=\"twitter:data1\" content=\"Algarve 7\" \/>\n\t<meta name=\"twitter:label2\" content=\"Tempo estimado de leitura\" \/>\n\t<meta name=\"twitter:data2\" content=\"2 minutos\" \/>\n<script type=\"application\/ld+json\" class=\"yoast-schema-graph\">{\"@context\":\"https:\\\/\\\/schema.org\",\"@graph\":[{\"@type\":\"Article\",\"@id\":\"https:\\\/\\\/algarve7.pt\\\/index.php\\\/2026\\\/04\\\/dia-aberto-do-parque-natural-da-ria-formosa-a-9-de-maio\\\/ambiente\\\/07\\\/30\\\/#article\",\"isPartOf\":{\"@id\":\"https:\\\/\\\/algarve7.pt\\\/index.php\\\/2026\\\/04\\\/dia-aberto-do-parque-natural-da-ria-formosa-a-9-de-maio\\\/ambiente\\\/07\\\/30\\\/\"},\"author\":{\"name\":\"Algarve 7\",\"@id\":\"https:\\\/\\\/algarve7.pt\\\/#\\\/schema\\\/person\\\/23fa70681308e7b319a3204bcea45e0c\"},\"headline\":\"Dia Aberto do Parque Natural da Ria Formosa a 9 de maio\u00a0\",\"datePublished\":\"2026-04-28T06:30:00+00:00\",\"mainEntityOfPage\":{\"@id\":\"https:\\\/\\\/algarve7.pt\\\/index.php\\\/2026\\\/04\\\/dia-aberto-do-parque-natural-da-ria-formosa-a-9-de-maio\\\/ambiente\\\/07\\\/30\\\/\"},\"wordCount\":240,\"publisher\":{\"@id\":\"https:\\\/\\\/algarve7.pt\\\/#organization\"},\"image\":{\"@id\":\"https:\\\/\\\/algarve7.pt\\\/index.php\\\/2026\\\/04\\\/dia-aberto-do-parque-natural-da-ria-formosa-a-9-de-maio\\\/ambiente\\\/07\\\/30\\\/#primaryimage\"},\"thumbnailUrl\":\"https:\\\/\\\/algarve7.pt\\\/wp-content\\\/uploads\\\/2026\\\/04\\\/Captura-de-ecra-2026-04-27-as-12.01.47.png\",\"keywords\":[\"Algarve\",\"Amal\",\"Ambiente\",\"Ria Formosa\"],\"articleSection\":[\"Ambiente\"],\"inLanguage\":\"pt-PT\"},{\"@type\":\"WebPage\",\"@id\":\"https:\\\/\\\/algarve7.pt\\\/index.php\\\/2026\\\/04\\\/dia-aberto-do-parque-natural-da-ria-formosa-a-9-de-maio\\\/ambiente\\\/07\\\/30\\\/\",\"url\":\"https:\\\/\\\/algarve7.pt\\\/index.php\\\/2026\\\/04\\\/dia-aberto-do-parque-natural-da-ria-formosa-a-9-de-maio\\\/ambiente\\\/07\\\/30\\\/\",\"name\":\"Dia Aberto do Parque Natural da Ria Formosa a 9 de maio\u00a0 - Algarve 7\",\"isPartOf\":{\"@id\":\"https:\\\/\\\/algarve7.pt\\\/#website\"},\"primaryImageOfPage\":{\"@id\":\"https:\\\/\\\/algarve7.pt\\\/index.php\\\/2026\\\/04\\\/dia-aberto-do-parque-natural-da-ria-formosa-a-9-de-maio\\\/ambiente\\\/07\\\/30\\\/#primaryimage\"},\"image\":{\"@id\":\"https:\\\/\\\/algarve7.pt\\\/index.php\\\/2026\\\/04\\\/dia-aberto-do-parque-natural-da-ria-formosa-a-9-de-maio\\\/ambiente\\\/07\\\/30\\\/#primaryimage\"},\"thumbnailUrl\":\"https:\\\/\\\/algarve7.pt\\\/wp-content\\\/uploads\\\/2026\\\/04\\\/Captura-de-ecra-2026-04-27-as-12.01.47.png\",\"datePublished\":\"2026-04-28T06:30:00+00:00\",\"description\":\"Dia Aberto do Parque Natural da Ria Formosa a 9 de maio\u00a0 Ambiente\",\"breadcrumb\":{\"@id\":\"https:\\\/\\\/algarve7.pt\\\/index.php\\\/2026\\\/04\\\/dia-aberto-do-parque-natural-da-ria-formosa-a-9-de-maio\\\/ambiente\\\/07\\\/30\\\/#breadcrumb\"},\"inLanguage\":\"pt-PT\",\"potentialAction\":[{\"@type\":\"ReadAction\",\"target\":[\"https:\\\/\\\/algarve7.pt\\\/index.php\\\/2026\\\/04\\\/dia-aberto-do-parque-natural-da-ria-formosa-a-9-de-maio\\\/ambiente\\\/07\\\/30\\\/\"]}]},{\"@type\":\"ImageObject\",\"inLanguage\":\"pt-PT\",\"@id\":\"https:\\\/\\\/algarve7.pt\\\/index.php\\\/2026\\\/04\\\/dia-aberto-do-parque-natural-da-ria-formosa-a-9-de-maio\\\/ambiente\\\/07\\\/30\\\/#primaryimage\",\"url\":\"https:\\\/\\\/algarve7.pt\\\/wp-content\\\/uploads\\\/2026\\\/04\\\/Captura-de-ecra-2026-04-27-as-12.01.47.png\",\"contentUrl\":\"https:\\\/\\\/algarve7.pt\\\/wp-content\\\/uploads\\\/2026\\\/04\\\/Captura-de-ecra-2026-04-27-as-12.01.47.png\",\"width\":800,\"height\":445},{\"@type\":\"BreadcrumbList\",\"@id\":\"https:\\\/\\\/algarve7.pt\\\/index.php\\\/2026\\\/04\\\/dia-aberto-do-parque-natural-da-ria-formosa-a-9-de-maio\\\/ambiente\\\/07\\\/30\\\/#breadcrumb\",\"itemListElement\":[{\"@type\":\"ListItem\",\"position\":1,\"name\":\"In\u00edcio\",\"item\":\"https:\\\/\\\/algarve7.pt\\\/\"},{\"@type\":\"ListItem\",\"position\":2,\"name\":\"Dia Aberto do Parque Natural da Ria Formosa a 9 de maio\u00a0\"}]},{\"@type\":\"WebSite\",\"@id\":\"https:\\\/\\\/algarve7.pt\\\/#website\",\"url\":\"https:\\\/\\\/algarve7.pt\\\/\",\"name\":\"Algarve 7\",\"description\":\"Informa\u00e7\u00e3o sobre o Algarve\",\"publisher\":{\"@id\":\"https:\\\/\\\/algarve7.pt\\\/#organization\"},\"potentialAction\":[{\"@type\":\"SearchAction\",\"target\":{\"@type\":\"EntryPoint\",\"urlTemplate\":\"https:\\\/\\\/algarve7.pt\\\/?s={search_term_string}\"},\"query-input\":{\"@type\":\"PropertyValueSpecification\",\"valueRequired\":true,\"valueName\":\"search_term_string\"}}],\"inLanguage\":\"pt-PT\"},{\"@type\":\"Organization\",\"@id\":\"https:\\\/\\\/algarve7.pt\\\/#organization\",\"name\":\"Algarve 7\",\"url\":\"https:\\\/\\\/algarve7.pt\\\/\",\"logo\":{\"@type\":\"ImageObject\",\"inLanguage\":\"pt-PT\",\"@id\":\"https:\\\/\\\/algarve7.pt\\\/#\\\/schema\\\/logo\\\/image\\\/\",\"url\":\"https:\\\/\\\/algarve7.pt\\\/wp-content\\\/uploads\\\/2020\\\/10\\\/Logo-8.jpg\",\"contentUrl\":\"https:\\\/\\\/algarve7.pt\\\/wp-content\\\/uploads\\\/2020\\\/10\\\/Logo-8.jpg\",\"width\":1680,\"height\":1186,\"caption\":\"Algarve 7\"},\"image\":{\"@id\":\"https:\\\/\\\/algarve7.pt\\\/#\\\/schema\\\/logo\\\/image\\\/\"},\"sameAs\":[\"https:\\\/\\\/www.facebook.com\\\/algarve7\",\"https:\\\/\\\/x.com\\\/Algarvesete\",\"https:\\\/\\\/www.instagram.com\\\/jornalalgarve7\\\/\",\"https:\\\/\\\/www.linkedin.com\\\/company\\\/algarve7\",\"https:\\\/\\\/www.pinterest.pt\\\/geral0939\\\/_created\\\/\"]},{\"@type\":\"Person\",\"@id\":\"https:\\\/\\\/algarve7.pt\\\/#\\\/schema\\\/person\\\/23fa70681308e7b319a3204bcea45e0c\",\"name\":\"Algarve 7\",\"sameAs\":[\"https:\\\/\\\/algarve7.pt\",\"https:\\\/\\\/www.facebook.com\\\/algarve7\"],\"url\":\"https:\\\/\\\/algarve7.pt\\\/index.php\\\/author\\\/geralalgarve7-pt\\\/\"}]}<\/script>\n<!-- \/ Yoast SEO plugin. -->","yoast_head_json":{"title":"Dia Aberto do Parque Natural da Ria Formosa a 9 de maio\u00a0 - Algarve 7","description":"Dia Aberto do Parque Natural da Ria Formosa a 9 de maio\u00a0 Ambiente","robots":{"index":"index","follow":"follow","max-snippet":"max-snippet:-1","max-image-preview":"max-image-preview:large","max-video-preview":"max-video-preview:-1"},"canonical":"https:\/\/algarve7.pt\/index.php\/2026\/04\/dia-aberto-do-parque-natural-da-ria-formosa-a-9-de-maio\/ambiente\/07\/30\/","og_locale":"pt_PT","og_type":"article","og_title":"Dia Aberto do Parque Natural da Ria Formosa a 9 de maio\u00a0 - Algarve 7","og_description":"Dia Aberto do Parque Natural da Ria Formosa a 9 de maio\u00a0 Ambiente","og_url":"https:\/\/algarve7.pt\/index.php\/2026\/04\/dia-aberto-do-parque-natural-da-ria-formosa-a-9-de-maio\/ambiente\/07\/30\/","og_site_name":"Algarve 7","article_publisher":"https:\/\/www.facebook.com\/algarve7","article_author":"https:\/\/www.facebook.com\/algarve7","article_published_time":"2026-04-28T06:30:00+00:00","og_image":[{"width":800,"height":445,"url":"https:\/\/algarve7.pt\/wp-content\/uploads\/2026\/04\/Captura-de-ecra-2026-04-27-as-12.01.47.png","type":"image\/png"}],"author":"Algarve 7","twitter_card":"summary_large_image","twitter_creator":"@Algarvesete","twitter_site":"@Algarvesete","twitter_misc":{"Escrito por":"Algarve 7","Tempo estimado de leitura":"2 minutos"},"schema":{"@context":"https:\/\/schema.org","@graph":[{"@type":"Article","@id":"https:\/\/algarve7.pt\/index.php\/2026\/04\/dia-aberto-do-parque-natural-da-ria-formosa-a-9-de-maio\/ambiente\/07\/30\/#article","isPartOf":{"@id":"https:\/\/algarve7.pt\/index.php\/2026\/04\/dia-aberto-do-parque-natural-da-ria-formosa-a-9-de-maio\/ambiente\/07\/30\/"},"author":{"name":"Algarve 7","@id":"https:\/\/algarve7.pt\/#\/schema\/person\/23fa70681308e7b319a3204bcea45e0c"},"headline":"Dia Aberto do Parque Natural da Ria Formosa a 9 de maio\u00a0","datePublished":"2026-04-28T06:30:00+00:00","mainEntityOfPage":{"@id":"https:\/\/algarve7.pt\/index.php\/2026\/04\/dia-aberto-do-parque-natural-da-ria-formosa-a-9-de-maio\/ambiente\/07\/30\/"},"wordCount":240,"publisher":{"@id":"https:\/\/algarve7.pt\/#organization"},"image":{"@id":"https:\/\/algarve7.pt\/index.php\/2026\/04\/dia-aberto-do-parque-natural-da-ria-formosa-a-9-de-maio\/ambiente\/07\/30\/#primaryimage"},"thumbnailUrl":"https:\/\/algarve7.pt\/wp-content\/uploads\/2026\/04\/Captura-de-ecra-2026-04-27-as-12.01.47.png","keywords":["Algarve","Amal","Ambiente","Ria Formosa"],"articleSection":["Ambiente"],"inLanguage":"pt-PT"},{"@type":"WebPage","@id":"https:\/\/algarve7.pt\/index.php\/2026\/04\/dia-aberto-do-parque-natural-da-ria-formosa-a-9-de-maio\/ambiente\/07\/30\/","url":"https:\/\/algarve7.pt\/index.php\/2026\/04\/dia-aberto-do-parque-natural-da-ria-formosa-a-9-de-maio\/ambiente\/07\/30\/","name":"Dia Aberto do Parque Natural da Ria Formosa a 9 de maio\u00a0 - Algarve 7","isPartOf":{"@id":"https:\/\/algarve7.pt\/#website"},"primaryImageOfPage":{"@id":"https:\/\/algarve7.pt\/index.php\/2026\/04\/dia-aberto-do-parque-natural-da-ria-formosa-a-9-de-maio\/ambiente\/07\/30\/#primaryimage"},"image":{"@id":"https:\/\/algarve7.pt\/index.php\/2026\/04\/dia-aberto-do-parque-natural-da-ria-formosa-a-9-de-maio\/ambiente\/07\/30\/#primaryimage"},"thumbnailUrl":"https:\/\/algarve7.pt\/wp-content\/uploads\/2026\/04\/Captura-de-ecra-2026-04-27-as-12.01.47.png","datePublished":"2026-04-28T06:30:00+00:00","description":"Dia Aberto do Parque Natural da Ria Formosa a 9 de maio\u00a0 Ambiente","breadcrumb":{"@id":"https:\/\/algarve7.pt\/index.php\/2026\/04\/dia-aberto-do-parque-natural-da-ria-formosa-a-9-de-maio\/ambiente\/07\/30\/#breadcrumb"},"inLanguage":"pt-PT","potentialAction":[{"@type":"ReadAction","target":["https:\/\/algarve7.pt\/index.php\/2026\/04\/dia-aberto-do-parque-natural-da-ria-formosa-a-9-de-maio\/ambiente\/07\/30\/"]}]},{"@type":"ImageObject","inLanguage":"pt-PT","@id":"https:\/\/algarve7.pt\/index.php\/2026\/04\/dia-aberto-do-parque-natural-da-ria-formosa-a-9-de-maio\/ambiente\/07\/30\/#primaryimage","url":"https:\/\/algarve7.pt\/wp-content\/uploads\/2026\/04\/Captura-de-ecra-2026-04-27-as-12.01.47.png","contentUrl":"https:\/\/algarve7.pt\/wp-content\/uploads\/2026\/04\/Captura-de-ecra-2026-04-27-as-12.01.47.png","width":800,"height":445},{"@type":"BreadcrumbList","@id":"https:\/\/algarve7.pt\/index.php\/2026\/04\/dia-aberto-do-parque-natural-da-ria-formosa-a-9-de-maio\/ambiente\/07\/30\/#breadcrumb","itemListElement":[{"@type":"ListItem","position":1,"name":"In\u00edcio","item":"https:\/\/algarve7.pt\/"},{"@type":"ListItem","position":2,"name":"Dia Aberto do Parque Natural da Ria Formosa a 9 de maio\u00a0"}]},{"@type":"WebSite","@id":"https:\/\/algarve7.pt\/#website","url":"https:\/\/algarve7.pt\/","name":"Algarve 7","description":"Informa\u00e7\u00e3o sobre o Algarve","publisher":{"@id":"https:\/\/algarve7.pt\/#organization"},"potentialAction":[{"@type":"SearchAction","target":{"@type":"EntryPoint","urlTemplate":"https:\/\/algarve7.pt\/?s={search_term_string}"},"query-input":{"@type":"PropertyValueSpecification","valueRequired":true,"valueName":"search_term_string"}}],"inLanguage":"pt-PT"},{"@type":"Organization","@id":"https:\/\/algarve7.pt\/#organization","name":"Algarve 7","url":"https:\/\/algarve7.pt\/","logo":{"@type":"ImageObject","inLanguage":"pt-PT","@id":"https:\/\/algarve7.pt\/#\/schema\/logo\/image\/","url":"https:\/\/algarve7.pt\/wp-content\/uploads\/2020\/10\/Logo-8.jpg","contentUrl":"https:\/\/algarve7.pt\/wp-content\/uploads\/2020\/10\/Logo-8.jpg","width":1680,"height":1186,"caption":"Algarve 7"},"image":{"@id":"https:\/\/algarve7.pt\/#\/schema\/logo\/image\/"},"sameAs":["https:\/\/www.facebook.com\/algarve7","https:\/\/x.com\/Algarvesete","https:\/\/www.instagram.com\/jornalalgarve7\/","https:\/\/www.linkedin.com\/company\/algarve7","https:\/\/www.pinterest.pt\/geral0939\/_created\/"]},{"@type":"Person","@id":"https:\/\/algarve7.pt\/#\/schema\/person\/23fa70681308e7b319a3204bcea45e0c","name":"Algarve 7","sameAs":["https:\/\/algarve7.pt","https:\/\/www.facebook.com\/algarve7"],"url":"https:\/\/algarve7.pt\/index.php\/author\/geralalgarve7-pt\/"}]}},"jetpack_publicize_connections":[],"jetpack_featured_media_url":"https:\/\/algarve7.pt\/wp-content\/uploads\/2026\/04\/Captura-de-ecra-2026-04-27-as-12.01.47.png","jetpack_shortlink":"https:\/\/wp.me\/pcezmW-g1m","jetpack_sharing_enabled":true,"_links":{"self":[{"href":"https:\/\/algarve7.pt\/index.php\/wp-json\/wp\/v2\/posts\/61588","targetHints":{"allow":["GET"]}}],"collection":[{"href":"https:\/\/algarve7.pt\/index.php\/wp-json\/wp\/v2\/posts"}],"about":[{"href":"https:\/\/algarve7.pt\/index.php\/wp-json\/wp\/v2\/types\/post"}],"author":[{"embeddable":true,"href":"https:\/\/algarve7.pt\/index.php\/wp-json\/wp\/v2\/users\/1"}],"replies":[{"embeddable":true,"href":"https:\/\/algarve7.pt\/index.php\/wp-json\/wp\/v2\/comments?post=61588"}],"version-history":[{"count":1,"href":"https:\/\/algarve7.pt\/index.php\/wp-json\/wp\/v2\/posts\/61588\/revisions"}],"predecessor-version":[{"id":61590,"href":"https:\/\/algarve7.pt\/index.php\/wp-json\/wp\/v2\/posts\/61588\/revisions\/61590"}],"wp:featuredmedia":[{"embeddable":true,"href":"https:\/\/algarve7.pt\/index.php\/wp-json\/wp\/v2\/media\/61589"}],"wp:attachment":[{"href":"https:\/\/algarve7.pt\/index.php\/wp-json\/wp\/v2\/media?parent=61588"}],"wp:term":[{"taxonomy":"category","embeddable":true,"href":"https:\/\/algarve7.pt\/index.php\/wp-json\/wp\/v2\/categories?post=61588"},{"taxonomy":"post_tag","embeddable":true,"href":"https:\/\/algarve7.pt\/index.php\/wp-json\/wp\/v2\/tags?post=61588"}],"curies":[{"name":"wp","href":"https:\/\/api.w.org\/{rel}","templated":true}]}}