{"id":61576,"date":"2026-04-27T11:48:10","date_gmt":"2026-04-27T10:48:10","guid":{"rendered":"https:\/\/algarve7.pt\/?p=61576"},"modified":"2026-04-27T11:48:14","modified_gmt":"2026-04-27T10:48:14","slug":"freitas-valdoleiros-e-faria-mais-perto-do-quadro-principal-do-the-campus-open","status":"publish","type":"post","link":"https:\/\/algarve7.pt\/index.php\/2026\/04\/freitas-valdoleiros-e-faria-mais-perto-do-quadro-principal-do-the-campus-open\/desporto\/11\/48\/","title":{"rendered":"Freitas, Valdoleiros e Faria mais perto do quadro principal do The Campus Open"},"content":{"rendered":"\n<p>Os portugueses&nbsp;<strong>Jos\u00e9 Freitas, Guilherme Valdoleiros&nbsp;<\/strong>e<strong>&nbsp;Francisco Faria<\/strong>&nbsp;entraram a ganhar no&nbsp;<em>qualifying<\/em>&nbsp;do The Campus Open e aproximaram-se do quadro principal deste ITF M25 que o Resort da Quinta do Lago organiza at\u00e9 ao pr\u00f3ximo domingo.<\/p>\n\n\n\n<p>Entre os nove jogadores lusos que foram a jogo no primeiro dia, carimbaram a presen\u00e7a na ronda de acesso os tr\u00eas que fazem parte da lista de cabe\u00e7as de s\u00e9rie.&nbsp;<\/p>\n\n\n\n<p>O torneio come\u00e7ou com um triunfo de Guilherme Valdoleiros (10.\u00ba favorito), por 6-0 e 6-1 sobre&nbsp;<strong>Tom\u00e1s Vila\u00e7a,<\/strong>&nbsp;para marcar encontro com o neerland\u00eas&nbsp;<strong>Ids Waterbolk<\/strong>&nbsp;(1868.\u00ba no&nbsp;<em>ranking<\/em>&nbsp;ATP), quinto pr\u00e9-designado e respons\u00e1vel pela elimina\u00e7\u00e3o de&nbsp;<strong>Rocco Condeco<\/strong>.<\/p>\n\n\n\n<p>Pouco depois, Jos\u00e9 Freitas (2122.\u00ba) agarrou-se ao estatuto de s\u00e9timo cabe\u00e7a de s\u00e9rie ao vencer o duelo ib\u00e9rico com&nbsp;<strong>Hugo Sanz Muela<\/strong>&nbsp;(sem classifica\u00e7\u00e3o profissional) por 7-5 e 6-2. A passagem ao quadro principal ser\u00e1 discutida com o brit\u00e2nico&nbsp;<strong>Samuel Constantinou<\/strong>, tamb\u00e9m sem&nbsp;<em>ranking<\/em>.<\/p>\n\n\n\n<p>O \u00faltimo portugu\u00eas a conquistar um bilhete na ronda final da fase de qualifica\u00e7\u00e3o foi Francisco Faria, 11.\u00ba cabe\u00e7a de s\u00e9rie, ao vencer o austr\u00edaco&nbsp;<strong>Keanu<\/strong>&nbsp;<strong>Elias<\/strong>&nbsp;<strong>Immler<\/strong>&nbsp;por 6-2 e 6-4. Segue-se&nbsp;<strong>Thomas Fancutt<\/strong>, da Austr\u00e1lia, que est\u00e1 no 1728.\u00ba posto da tabela mundial, mas foi top 400 h\u00e1 menos de tr\u00eas anos.<\/p>\n\n\n\n<p><strong>Miguel Pereira Lopes, Gon\u00e7alo Amorim, Miguel Sim\u00e3o<\/strong>&nbsp;e&nbsp;<strong>Salvador Oliveira<\/strong>&nbsp;n\u00e3o conseguiram seguir o mesmo caminho e foram eliminados na jornada inaugural.<\/p>\n\n\n\n<p>O quadro principal deste The Campus Open tem como figura principal o algarvio&nbsp;<strong>Tiago Pereira<\/strong>, primeiro cabe\u00e7a de s\u00e9rie fruto do 298.\u00ba posto no&nbsp;<em>ranking<\/em>&nbsp;mundial. A ele juntam-se&nbsp;<strong>Gast\u00e3o Elias<\/strong>,&nbsp;<strong>Jo\u00e3o<\/strong>&nbsp;<strong>Domingues<\/strong>, o campe\u00e3o nacional&nbsp;<strong>Tiago Torres<\/strong>&nbsp;e ainda&nbsp;<strong>Tiago Ca\u00e7\u00e3o<\/strong>&nbsp;e&nbsp;<strong>Francisco Rocha<\/strong>. O sorteio ser\u00e1 feito durante a jornada de segunda-feira.<\/p>\n","protected":false},"excerpt":{"rendered":"<p>Os portugueses&nbsp;Jos\u00e9 Freitas, Guilherme Valdoleiros&nbsp;e&nbsp;Francisco Faria&nbsp;entraram a ganhar no&nbsp;qualifying&nbsp;do The Campus Open e aproximaram-se do quadro principal deste ITF M25<\/p>\n","protected":false},"author":1,"featured_media":61577,"comment_status":"closed","ping_status":"closed","sticky":false,"template":"","format":"standard","meta":{"colormag_page_container_layout":"default_layout","colormag_page_sidebar_layout":"default_layout","_monsterinsights_skip_tracking":false,"_monsterinsights_sitenote_active":false,"_monsterinsights_sitenote_note":"","_monsterinsights_sitenote_category":0,"jetpack_post_was_ever_published":false,"_jetpack_newsletter_access":"","_jetpack_dont_email_post_to_subs":false,"_jetpack_newsletter_tier_id":0,"_jetpack_memberships_contains_paywalled_content":false,"_jetpack_memberships_contains_paid_content":false,"footnotes":"","jetpack_publicize_message":"","jetpack_publicize_feature_enabled":true,"jetpack_social_post_already_shared":true,"jetpack_social_options":{"image_generator_settings":{"template":"highway","default_image_id":0,"font":"","enabled":false},"version":2}},"categories":[15],"tags":[36,40,162,458,1252],"class_list":["post-61576","post","type-post","status-publish","format-standard","has-post-thumbnail","hentry","category-desporto","tag-algarve","tag-desporto","tag-quinta-do-lago","tag-tenis-2","tag-the-campus"],"yoast_head":"<!-- This site is optimized with the Yoast SEO plugin v27.4 - https:\/\/yoast.com\/product\/yoast-seo-wordpress\/ -->\n<title>Freitas, Valdoleiros e Faria mais perto do quadro principal do The Campus Open - Algarve 7<\/title>\n<meta name=\"description\" content=\"Freitas, Valdoleiros e Faria mais perto do quadro principal do The Campus Open Desporto\" \/>\n<meta name=\"robots\" content=\"index, follow, max-snippet:-1, max-image-preview:large, max-video-preview:-1\" \/>\n<link rel=\"canonical\" href=\"https:\/\/algarve7.pt\/index.php\/2026\/04\/freitas-valdoleiros-e-faria-mais-perto-do-quadro-principal-do-the-campus-open\/desporto\/11\/48\/\" \/>\n<meta property=\"og:locale\" content=\"pt_PT\" \/>\n<meta property=\"og:type\" content=\"article\" \/>\n<meta property=\"og:title\" content=\"Freitas, Valdoleiros e Faria mais perto do quadro principal do The Campus Open - Algarve 7\" \/>\n<meta property=\"og:description\" content=\"Freitas, Valdoleiros e Faria mais perto do quadro principal do The Campus Open Desporto\" \/>\n<meta property=\"og:url\" content=\"https:\/\/algarve7.pt\/index.php\/2026\/04\/freitas-valdoleiros-e-faria-mais-perto-do-quadro-principal-do-the-campus-open\/desporto\/11\/48\/\" \/>\n<meta property=\"og:site_name\" content=\"Algarve 7\" \/>\n<meta property=\"article:publisher\" content=\"https:\/\/www.facebook.com\/algarve7\" \/>\n<meta property=\"article:author\" content=\"https:\/\/www.facebook.com\/algarve7\" \/>\n<meta property=\"article:published_time\" content=\"2026-04-27T10:48:10+00:00\" \/>\n<meta property=\"article:modified_time\" content=\"2026-04-27T10:48:14+00:00\" \/>\n<meta property=\"og:image\" content=\"https:\/\/algarve7.pt\/wp-content\/uploads\/2026\/04\/The-Campus-1.jpg\" \/>\n\t<meta property=\"og:image:width\" content=\"800\" \/>\n\t<meta property=\"og:image:height\" content=\"445\" \/>\n\t<meta property=\"og:image:type\" content=\"image\/jpeg\" \/>\n<meta name=\"author\" content=\"Algarve 7\" \/>\n<meta name=\"twitter:card\" content=\"summary_large_image\" \/>\n<meta name=\"twitter:creator\" content=\"@Algarvesete\" \/>\n<meta name=\"twitter:site\" content=\"@Algarvesete\" \/>\n<meta name=\"twitter:label1\" content=\"Escrito por\" \/>\n\t<meta name=\"twitter:data1\" content=\"Algarve 7\" \/>\n\t<meta name=\"twitter:label2\" content=\"Tempo estimado de leitura\" \/>\n\t<meta name=\"twitter:data2\" content=\"2 minutos\" \/>\n<script type=\"application\/ld+json\" class=\"yoast-schema-graph\">{\"@context\":\"https:\\\/\\\/schema.org\",\"@graph\":[{\"@type\":\"Article\",\"@id\":\"https:\\\/\\\/algarve7.pt\\\/index.php\\\/2026\\\/04\\\/freitas-valdoleiros-e-faria-mais-perto-do-quadro-principal-do-the-campus-open\\\/desporto\\\/11\\\/48\\\/#article\",\"isPartOf\":{\"@id\":\"https:\\\/\\\/algarve7.pt\\\/index.php\\\/2026\\\/04\\\/freitas-valdoleiros-e-faria-mais-perto-do-quadro-principal-do-the-campus-open\\\/desporto\\\/11\\\/48\\\/\"},\"author\":{\"name\":\"Algarve 7\",\"@id\":\"https:\\\/\\\/algarve7.pt\\\/#\\\/schema\\\/person\\\/23fa70681308e7b319a3204bcea45e0c\"},\"headline\":\"Freitas, Valdoleiros e Faria mais perto do quadro principal do The Campus Open\",\"datePublished\":\"2026-04-27T10:48:10+00:00\",\"dateModified\":\"2026-04-27T10:48:14+00:00\",\"mainEntityOfPage\":{\"@id\":\"https:\\\/\\\/algarve7.pt\\\/index.php\\\/2026\\\/04\\\/freitas-valdoleiros-e-faria-mais-perto-do-quadro-principal-do-the-campus-open\\\/desporto\\\/11\\\/48\\\/\"},\"wordCount\":359,\"publisher\":{\"@id\":\"https:\\\/\\\/algarve7.pt\\\/#organization\"},\"image\":{\"@id\":\"https:\\\/\\\/algarve7.pt\\\/index.php\\\/2026\\\/04\\\/freitas-valdoleiros-e-faria-mais-perto-do-quadro-principal-do-the-campus-open\\\/desporto\\\/11\\\/48\\\/#primaryimage\"},\"thumbnailUrl\":\"https:\\\/\\\/algarve7.pt\\\/wp-content\\\/uploads\\\/2026\\\/04\\\/The-Campus-1.jpg\",\"keywords\":[\"Algarve\",\"Desporto\",\"Quinta do Lago\",\"Tenis\",\"The Campus\"],\"articleSection\":[\"Desporto\"],\"inLanguage\":\"pt-PT\"},{\"@type\":\"WebPage\",\"@id\":\"https:\\\/\\\/algarve7.pt\\\/index.php\\\/2026\\\/04\\\/freitas-valdoleiros-e-faria-mais-perto-do-quadro-principal-do-the-campus-open\\\/desporto\\\/11\\\/48\\\/\",\"url\":\"https:\\\/\\\/algarve7.pt\\\/index.php\\\/2026\\\/04\\\/freitas-valdoleiros-e-faria-mais-perto-do-quadro-principal-do-the-campus-open\\\/desporto\\\/11\\\/48\\\/\",\"name\":\"Freitas, Valdoleiros e Faria mais perto do quadro principal do The Campus Open - Algarve 7\",\"isPartOf\":{\"@id\":\"https:\\\/\\\/algarve7.pt\\\/#website\"},\"primaryImageOfPage\":{\"@id\":\"https:\\\/\\\/algarve7.pt\\\/index.php\\\/2026\\\/04\\\/freitas-valdoleiros-e-faria-mais-perto-do-quadro-principal-do-the-campus-open\\\/desporto\\\/11\\\/48\\\/#primaryimage\"},\"image\":{\"@id\":\"https:\\\/\\\/algarve7.pt\\\/index.php\\\/2026\\\/04\\\/freitas-valdoleiros-e-faria-mais-perto-do-quadro-principal-do-the-campus-open\\\/desporto\\\/11\\\/48\\\/#primaryimage\"},\"thumbnailUrl\":\"https:\\\/\\\/algarve7.pt\\\/wp-content\\\/uploads\\\/2026\\\/04\\\/The-Campus-1.jpg\",\"datePublished\":\"2026-04-27T10:48:10+00:00\",\"dateModified\":\"2026-04-27T10:48:14+00:00\",\"description\":\"Freitas, Valdoleiros e Faria mais perto do quadro principal do The Campus Open Desporto\",\"breadcrumb\":{\"@id\":\"https:\\\/\\\/algarve7.pt\\\/index.php\\\/2026\\\/04\\\/freitas-valdoleiros-e-faria-mais-perto-do-quadro-principal-do-the-campus-open\\\/desporto\\\/11\\\/48\\\/#breadcrumb\"},\"inLanguage\":\"pt-PT\",\"potentialAction\":[{\"@type\":\"ReadAction\",\"target\":[\"https:\\\/\\\/algarve7.pt\\\/index.php\\\/2026\\\/04\\\/freitas-valdoleiros-e-faria-mais-perto-do-quadro-principal-do-the-campus-open\\\/desporto\\\/11\\\/48\\\/\"]}]},{\"@type\":\"ImageObject\",\"inLanguage\":\"pt-PT\",\"@id\":\"https:\\\/\\\/algarve7.pt\\\/index.php\\\/2026\\\/04\\\/freitas-valdoleiros-e-faria-mais-perto-do-quadro-principal-do-the-campus-open\\\/desporto\\\/11\\\/48\\\/#primaryimage\",\"url\":\"https:\\\/\\\/algarve7.pt\\\/wp-content\\\/uploads\\\/2026\\\/04\\\/The-Campus-1.jpg\",\"contentUrl\":\"https:\\\/\\\/algarve7.pt\\\/wp-content\\\/uploads\\\/2026\\\/04\\\/The-Campus-1.jpg\",\"width\":800,\"height\":445},{\"@type\":\"BreadcrumbList\",\"@id\":\"https:\\\/\\\/algarve7.pt\\\/index.php\\\/2026\\\/04\\\/freitas-valdoleiros-e-faria-mais-perto-do-quadro-principal-do-the-campus-open\\\/desporto\\\/11\\\/48\\\/#breadcrumb\",\"itemListElement\":[{\"@type\":\"ListItem\",\"position\":1,\"name\":\"In\u00edcio\",\"item\":\"https:\\\/\\\/algarve7.pt\\\/\"},{\"@type\":\"ListItem\",\"position\":2,\"name\":\"Freitas, Valdoleiros e Faria mais perto do quadro principal do The Campus Open\"}]},{\"@type\":\"WebSite\",\"@id\":\"https:\\\/\\\/algarve7.pt\\\/#website\",\"url\":\"https:\\\/\\\/algarve7.pt\\\/\",\"name\":\"Algarve 7\",\"description\":\"Informa\u00e7\u00e3o sobre o Algarve\",\"publisher\":{\"@id\":\"https:\\\/\\\/algarve7.pt\\\/#organization\"},\"potentialAction\":[{\"@type\":\"SearchAction\",\"target\":{\"@type\":\"EntryPoint\",\"urlTemplate\":\"https:\\\/\\\/algarve7.pt\\\/?s={search_term_string}\"},\"query-input\":{\"@type\":\"PropertyValueSpecification\",\"valueRequired\":true,\"valueName\":\"search_term_string\"}}],\"inLanguage\":\"pt-PT\"},{\"@type\":\"Organization\",\"@id\":\"https:\\\/\\\/algarve7.pt\\\/#organization\",\"name\":\"Algarve 7\",\"url\":\"https:\\\/\\\/algarve7.pt\\\/\",\"logo\":{\"@type\":\"ImageObject\",\"inLanguage\":\"pt-PT\",\"@id\":\"https:\\\/\\\/algarve7.pt\\\/#\\\/schema\\\/logo\\\/image\\\/\",\"url\":\"https:\\\/\\\/algarve7.pt\\\/wp-content\\\/uploads\\\/2020\\\/10\\\/Logo-8.jpg\",\"contentUrl\":\"https:\\\/\\\/algarve7.pt\\\/wp-content\\\/uploads\\\/2020\\\/10\\\/Logo-8.jpg\",\"width\":1680,\"height\":1186,\"caption\":\"Algarve 7\"},\"image\":{\"@id\":\"https:\\\/\\\/algarve7.pt\\\/#\\\/schema\\\/logo\\\/image\\\/\"},\"sameAs\":[\"https:\\\/\\\/www.facebook.com\\\/algarve7\",\"https:\\\/\\\/x.com\\\/Algarvesete\",\"https:\\\/\\\/www.instagram.com\\\/jornalalgarve7\\\/\",\"https:\\\/\\\/www.linkedin.com\\\/company\\\/algarve7\",\"https:\\\/\\\/www.pinterest.pt\\\/geral0939\\\/_created\\\/\"]},{\"@type\":\"Person\",\"@id\":\"https:\\\/\\\/algarve7.pt\\\/#\\\/schema\\\/person\\\/23fa70681308e7b319a3204bcea45e0c\",\"name\":\"Algarve 7\",\"sameAs\":[\"https:\\\/\\\/algarve7.pt\",\"https:\\\/\\\/www.facebook.com\\\/algarve7\"],\"url\":\"https:\\\/\\\/algarve7.pt\\\/index.php\\\/author\\\/geralalgarve7-pt\\\/\"}]}<\/script>\n<!-- \/ Yoast SEO plugin. -->","yoast_head_json":{"title":"Freitas, Valdoleiros e Faria mais perto do quadro principal do The Campus Open - Algarve 7","description":"Freitas, Valdoleiros e Faria mais perto do quadro principal do The Campus Open Desporto","robots":{"index":"index","follow":"follow","max-snippet":"max-snippet:-1","max-image-preview":"max-image-preview:large","max-video-preview":"max-video-preview:-1"},"canonical":"https:\/\/algarve7.pt\/index.php\/2026\/04\/freitas-valdoleiros-e-faria-mais-perto-do-quadro-principal-do-the-campus-open\/desporto\/11\/48\/","og_locale":"pt_PT","og_type":"article","og_title":"Freitas, Valdoleiros e Faria mais perto do quadro principal do The Campus Open - Algarve 7","og_description":"Freitas, Valdoleiros e Faria mais perto do quadro principal do The Campus Open Desporto","og_url":"https:\/\/algarve7.pt\/index.php\/2026\/04\/freitas-valdoleiros-e-faria-mais-perto-do-quadro-principal-do-the-campus-open\/desporto\/11\/48\/","og_site_name":"Algarve 7","article_publisher":"https:\/\/www.facebook.com\/algarve7","article_author":"https:\/\/www.facebook.com\/algarve7","article_published_time":"2026-04-27T10:48:10+00:00","article_modified_time":"2026-04-27T10:48:14+00:00","og_image":[{"width":800,"height":445,"url":"https:\/\/algarve7.pt\/wp-content\/uploads\/2026\/04\/The-Campus-1.jpg","type":"image\/jpeg"}],"author":"Algarve 7","twitter_card":"summary_large_image","twitter_creator":"@Algarvesete","twitter_site":"@Algarvesete","twitter_misc":{"Escrito por":"Algarve 7","Tempo estimado de leitura":"2 minutos"},"schema":{"@context":"https:\/\/schema.org","@graph":[{"@type":"Article","@id":"https:\/\/algarve7.pt\/index.php\/2026\/04\/freitas-valdoleiros-e-faria-mais-perto-do-quadro-principal-do-the-campus-open\/desporto\/11\/48\/#article","isPartOf":{"@id":"https:\/\/algarve7.pt\/index.php\/2026\/04\/freitas-valdoleiros-e-faria-mais-perto-do-quadro-principal-do-the-campus-open\/desporto\/11\/48\/"},"author":{"name":"Algarve 7","@id":"https:\/\/algarve7.pt\/#\/schema\/person\/23fa70681308e7b319a3204bcea45e0c"},"headline":"Freitas, Valdoleiros e Faria mais perto do quadro principal do The Campus Open","datePublished":"2026-04-27T10:48:10+00:00","dateModified":"2026-04-27T10:48:14+00:00","mainEntityOfPage":{"@id":"https:\/\/algarve7.pt\/index.php\/2026\/04\/freitas-valdoleiros-e-faria-mais-perto-do-quadro-principal-do-the-campus-open\/desporto\/11\/48\/"},"wordCount":359,"publisher":{"@id":"https:\/\/algarve7.pt\/#organization"},"image":{"@id":"https:\/\/algarve7.pt\/index.php\/2026\/04\/freitas-valdoleiros-e-faria-mais-perto-do-quadro-principal-do-the-campus-open\/desporto\/11\/48\/#primaryimage"},"thumbnailUrl":"https:\/\/algarve7.pt\/wp-content\/uploads\/2026\/04\/The-Campus-1.jpg","keywords":["Algarve","Desporto","Quinta do Lago","Tenis","The Campus"],"articleSection":["Desporto"],"inLanguage":"pt-PT"},{"@type":"WebPage","@id":"https:\/\/algarve7.pt\/index.php\/2026\/04\/freitas-valdoleiros-e-faria-mais-perto-do-quadro-principal-do-the-campus-open\/desporto\/11\/48\/","url":"https:\/\/algarve7.pt\/index.php\/2026\/04\/freitas-valdoleiros-e-faria-mais-perto-do-quadro-principal-do-the-campus-open\/desporto\/11\/48\/","name":"Freitas, Valdoleiros e Faria mais perto do quadro principal do The Campus Open - Algarve 7","isPartOf":{"@id":"https:\/\/algarve7.pt\/#website"},"primaryImageOfPage":{"@id":"https:\/\/algarve7.pt\/index.php\/2026\/04\/freitas-valdoleiros-e-faria-mais-perto-do-quadro-principal-do-the-campus-open\/desporto\/11\/48\/#primaryimage"},"image":{"@id":"https:\/\/algarve7.pt\/index.php\/2026\/04\/freitas-valdoleiros-e-faria-mais-perto-do-quadro-principal-do-the-campus-open\/desporto\/11\/48\/#primaryimage"},"thumbnailUrl":"https:\/\/algarve7.pt\/wp-content\/uploads\/2026\/04\/The-Campus-1.jpg","datePublished":"2026-04-27T10:48:10+00:00","dateModified":"2026-04-27T10:48:14+00:00","description":"Freitas, Valdoleiros e Faria mais perto do quadro principal do The Campus Open Desporto","breadcrumb":{"@id":"https:\/\/algarve7.pt\/index.php\/2026\/04\/freitas-valdoleiros-e-faria-mais-perto-do-quadro-principal-do-the-campus-open\/desporto\/11\/48\/#breadcrumb"},"inLanguage":"pt-PT","potentialAction":[{"@type":"ReadAction","target":["https:\/\/algarve7.pt\/index.php\/2026\/04\/freitas-valdoleiros-e-faria-mais-perto-do-quadro-principal-do-the-campus-open\/desporto\/11\/48\/"]}]},{"@type":"ImageObject","inLanguage":"pt-PT","@id":"https:\/\/algarve7.pt\/index.php\/2026\/04\/freitas-valdoleiros-e-faria-mais-perto-do-quadro-principal-do-the-campus-open\/desporto\/11\/48\/#primaryimage","url":"https:\/\/algarve7.pt\/wp-content\/uploads\/2026\/04\/The-Campus-1.jpg","contentUrl":"https:\/\/algarve7.pt\/wp-content\/uploads\/2026\/04\/The-Campus-1.jpg","width":800,"height":445},{"@type":"BreadcrumbList","@id":"https:\/\/algarve7.pt\/index.php\/2026\/04\/freitas-valdoleiros-e-faria-mais-perto-do-quadro-principal-do-the-campus-open\/desporto\/11\/48\/#breadcrumb","itemListElement":[{"@type":"ListItem","position":1,"name":"In\u00edcio","item":"https:\/\/algarve7.pt\/"},{"@type":"ListItem","position":2,"name":"Freitas, Valdoleiros e Faria mais perto do quadro principal do The Campus Open"}]},{"@type":"WebSite","@id":"https:\/\/algarve7.pt\/#website","url":"https:\/\/algarve7.pt\/","name":"Algarve 7","description":"Informa\u00e7\u00e3o sobre o Algarve","publisher":{"@id":"https:\/\/algarve7.pt\/#organization"},"potentialAction":[{"@type":"SearchAction","target":{"@type":"EntryPoint","urlTemplate":"https:\/\/algarve7.pt\/?s={search_term_string}"},"query-input":{"@type":"PropertyValueSpecification","valueRequired":true,"valueName":"search_term_string"}}],"inLanguage":"pt-PT"},{"@type":"Organization","@id":"https:\/\/algarve7.pt\/#organization","name":"Algarve 7","url":"https:\/\/algarve7.pt\/","logo":{"@type":"ImageObject","inLanguage":"pt-PT","@id":"https:\/\/algarve7.pt\/#\/schema\/logo\/image\/","url":"https:\/\/algarve7.pt\/wp-content\/uploads\/2020\/10\/Logo-8.jpg","contentUrl":"https:\/\/algarve7.pt\/wp-content\/uploads\/2020\/10\/Logo-8.jpg","width":1680,"height":1186,"caption":"Algarve 7"},"image":{"@id":"https:\/\/algarve7.pt\/#\/schema\/logo\/image\/"},"sameAs":["https:\/\/www.facebook.com\/algarve7","https:\/\/x.com\/Algarvesete","https:\/\/www.instagram.com\/jornalalgarve7\/","https:\/\/www.linkedin.com\/company\/algarve7","https:\/\/www.pinterest.pt\/geral0939\/_created\/"]},{"@type":"Person","@id":"https:\/\/algarve7.pt\/#\/schema\/person\/23fa70681308e7b319a3204bcea45e0c","name":"Algarve 7","sameAs":["https:\/\/algarve7.pt","https:\/\/www.facebook.com\/algarve7"],"url":"https:\/\/algarve7.pt\/index.php\/author\/geralalgarve7-pt\/"}]}},"jetpack_publicize_connections":[],"jetpack_featured_media_url":"https:\/\/algarve7.pt\/wp-content\/uploads\/2026\/04\/The-Campus-1.jpg","jetpack_shortlink":"https:\/\/wp.me\/pcezmW-g1a","jetpack_sharing_enabled":true,"_links":{"self":[{"href":"https:\/\/algarve7.pt\/index.php\/wp-json\/wp\/v2\/posts\/61576","targetHints":{"allow":["GET"]}}],"collection":[{"href":"https:\/\/algarve7.pt\/index.php\/wp-json\/wp\/v2\/posts"}],"about":[{"href":"https:\/\/algarve7.pt\/index.php\/wp-json\/wp\/v2\/types\/post"}],"author":[{"embeddable":true,"href":"https:\/\/algarve7.pt\/index.php\/wp-json\/wp\/v2\/users\/1"}],"replies":[{"embeddable":true,"href":"https:\/\/algarve7.pt\/index.php\/wp-json\/wp\/v2\/comments?post=61576"}],"version-history":[{"count":1,"href":"https:\/\/algarve7.pt\/index.php\/wp-json\/wp\/v2\/posts\/61576\/revisions"}],"predecessor-version":[{"id":61578,"href":"https:\/\/algarve7.pt\/index.php\/wp-json\/wp\/v2\/posts\/61576\/revisions\/61578"}],"wp:featuredmedia":[{"embeddable":true,"href":"https:\/\/algarve7.pt\/index.php\/wp-json\/wp\/v2\/media\/61577"}],"wp:attachment":[{"href":"https:\/\/algarve7.pt\/index.php\/wp-json\/wp\/v2\/media?parent=61576"}],"wp:term":[{"taxonomy":"category","embeddable":true,"href":"https:\/\/algarve7.pt\/index.php\/wp-json\/wp\/v2\/categories?post=61576"},{"taxonomy":"post_tag","embeddable":true,"href":"https:\/\/algarve7.pt\/index.php\/wp-json\/wp\/v2\/tags?post=61576"}],"curies":[{"name":"wp","href":"https:\/\/api.w.org\/{rel}","templated":true}]}}