{"id":61557,"date":"2026-04-27T08:10:00","date_gmt":"2026-04-27T07:10:00","guid":{"rendered":"https:\/\/algarve7.pt\/?p=61557"},"modified":"2026-04-24T14:49:55","modified_gmt":"2026-04-24T13:49:55","slug":"a-estacao-marinha-de-sagres-recebe-o-festival-das-ciencias-do-mar","status":"publish","type":"post","link":"https:\/\/algarve7.pt\/index.php\/2026\/04\/a-estacao-marinha-de-sagres-recebe-o-festival-das-ciencias-do-mar\/ambiente\/08\/10\/","title":{"rendered":"A Esta\u00e7\u00e3o Marinha de Sagres recebe o Festival das Ci\u00eancias do Mar"},"content":{"rendered":"\n<p>De 6 a 9 de maio, a Esta\u00e7\u00e3o Marinha de Sagres recebe o Festival das Ci\u00eancias do Mar, um evento que celebra a riqueza da biodiversidade marinha da nossa regi\u00e3o.<\/p>\n\n\n\n<p>Ao longo de v\u00e1rios dias, o festival convida a comunidade a mergulhar no mundo da ci\u00eancia, promovendo o conhecimento, a educa\u00e7\u00e3o ambiental e a valoriza\u00e7\u00e3o dos ecossistemas marinhos. Em destaque estar\u00e3o temas como as esp\u00e9cies marinhas, as altera\u00e7\u00f5es clim\u00e1ticas, a pesca sustent\u00e1vel, o lixo marinho e os micropl\u00e1sticos, desafios que exigem reflex\u00e3o e a\u00e7\u00e3o para um futuro mais sustent\u00e1vel.<\/p>\n\n\n\n<p>Com a colabora\u00e7\u00e3o de v\u00e1rias entidades ligadas ao mar e \u00e0 ci\u00eancia, como os Centros Ci\u00eancia Viva, a Ag\u00eancia Portuguesa para o Ambiente e a Docapesca, o programa d\u00e1 especial aten\u00e7\u00e3o aos mais jovens:<\/p>\n\n\n\n<p>&nbsp;De 6 a 8 de maio &#8211; atividades dirigidas aos alunos do concelho, aproximando-os da investiga\u00e7\u00e3o cient\u00edfica e da biodiversidade marinha<\/p>\n\n\n\n<p>&nbsp;Dia 7 de maio &#8211; iniciativas pensadas para a popula\u00e7\u00e3o s\u00e9nior, promovendo momentos de aprendizagem e partilha<\/p>\n\n\n\n<p>&nbsp;Dia 9 de maio &#8211; abertura ao p\u00fablico em geral, com atividades para todas as idades<\/p>\n\n\n\n<p>&nbsp;O festival encerra com uma sess\u00e3o especial de observa\u00e7\u00e3o de estrelas, dinamizada pelo Centro Ci\u00eancia Viva de Lagos.<\/p>\n\n\n\n<p>Uma iniciativa da Universidade do Algarve e da C\u00e2mara Municipal de Vila do Bispo, integrada no programa PRR FOSTEAM@SOUTH, com o apoio da Junta de Freguesia de Sagres e da Docapesca.<\/p>\n\n\n\n<p>Consulte o programa completo\u00a0\ud83d\udd17\u00a0<a href=\"https:\/\/shre.ink\/7O3J\" target=\"_blank\" rel=\"noreferrer noopener\">https:\/\/shre.ink\/7O3J\u00a0<\/a><\/p>\n","protected":false},"excerpt":{"rendered":"<p>De 6 a 9 de maio, a Esta\u00e7\u00e3o Marinha de Sagres recebe o Festival das Ci\u00eancias do Mar, um evento<\/p>\n","protected":false},"author":1,"featured_media":61558,"comment_status":"closed","ping_status":"closed","sticky":false,"template":"","format":"standard","meta":{"colormag_page_container_layout":"default_layout","colormag_page_sidebar_layout":"default_layout","_monsterinsights_skip_tracking":false,"_monsterinsights_sitenote_active":false,"_monsterinsights_sitenote_note":"","_monsterinsights_sitenote_category":0,"jetpack_post_was_ever_published":false,"_jetpack_newsletter_access":"","_jetpack_dont_email_post_to_subs":false,"_jetpack_newsletter_tier_id":0,"_jetpack_memberships_contains_paywalled_content":false,"_jetpack_memberships_contains_paid_content":false,"footnotes":"","jetpack_publicize_message":"","jetpack_publicize_feature_enabled":true,"jetpack_social_post_already_shared":true,"jetpack_social_options":{"image_generator_settings":{"template":"highway","default_image_id":0,"font":"","enabled":false},"version":2}},"categories":[5],"tags":[36,32,102,84],"class_list":["post-61557","post","type-post","status-publish","format-standard","has-post-thumbnail","hentry","category-ambiente","tag-algarve","tag-ambiente","tag-sagres","tag-vila-do-bispo"],"yoast_head":"<!-- This site is optimized with the Yoast SEO plugin v27.4 - https:\/\/yoast.com\/product\/yoast-seo-wordpress\/ -->\n<title>A Esta\u00e7\u00e3o Marinha de Sagres recebe o Festival das Ci\u00eancias do Mar - Algarve 7<\/title>\n<meta name=\"description\" content=\"A Esta\u00e7\u00e3o Marinha de Sagres recebe o Festival das Ci\u00eancias do Mar Ambiente\" \/>\n<meta name=\"robots\" content=\"index, follow, max-snippet:-1, max-image-preview:large, max-video-preview:-1\" \/>\n<link rel=\"canonical\" href=\"https:\/\/algarve7.pt\/index.php\/2026\/04\/a-estacao-marinha-de-sagres-recebe-o-festival-das-ciencias-do-mar\/ambiente\/08\/10\/\" \/>\n<meta property=\"og:locale\" content=\"pt_PT\" \/>\n<meta property=\"og:type\" content=\"article\" \/>\n<meta property=\"og:title\" content=\"A Esta\u00e7\u00e3o Marinha de Sagres recebe o Festival das Ci\u00eancias do Mar - Algarve 7\" \/>\n<meta property=\"og:description\" content=\"A Esta\u00e7\u00e3o Marinha de Sagres recebe o Festival das Ci\u00eancias do Mar Ambiente\" \/>\n<meta property=\"og:url\" content=\"https:\/\/algarve7.pt\/index.php\/2026\/04\/a-estacao-marinha-de-sagres-recebe-o-festival-das-ciencias-do-mar\/ambiente\/08\/10\/\" \/>\n<meta property=\"og:site_name\" content=\"Algarve 7\" \/>\n<meta property=\"article:publisher\" content=\"https:\/\/www.facebook.com\/algarve7\" \/>\n<meta property=\"article:author\" content=\"https:\/\/www.facebook.com\/algarve7\" \/>\n<meta property=\"article:published_time\" content=\"2026-04-27T07:10:00+00:00\" \/>\n<meta property=\"og:image\" content=\"https:\/\/algarve7.pt\/wp-content\/uploads\/2026\/04\/Captura-de-ecra-2026-04-24-as-14.48.29.png\" \/>\n\t<meta property=\"og:image:width\" content=\"800\" \/>\n\t<meta property=\"og:image:height\" content=\"445\" \/>\n\t<meta property=\"og:image:type\" content=\"image\/png\" \/>\n<meta name=\"author\" content=\"Algarve 7\" \/>\n<meta name=\"twitter:card\" content=\"summary_large_image\" \/>\n<meta name=\"twitter:creator\" content=\"@Algarvesete\" \/>\n<meta name=\"twitter:site\" content=\"@Algarvesete\" \/>\n<meta name=\"twitter:label1\" content=\"Escrito por\" \/>\n\t<meta name=\"twitter:data1\" content=\"Algarve 7\" \/>\n\t<meta name=\"twitter:label2\" content=\"Tempo estimado de leitura\" \/>\n\t<meta name=\"twitter:data2\" content=\"2 minutos\" \/>\n<script type=\"application\/ld+json\" class=\"yoast-schema-graph\">{\"@context\":\"https:\\\/\\\/schema.org\",\"@graph\":[{\"@type\":\"Article\",\"@id\":\"https:\\\/\\\/algarve7.pt\\\/index.php\\\/2026\\\/04\\\/a-estacao-marinha-de-sagres-recebe-o-festival-das-ciencias-do-mar\\\/ambiente\\\/08\\\/10\\\/#article\",\"isPartOf\":{\"@id\":\"https:\\\/\\\/algarve7.pt\\\/index.php\\\/2026\\\/04\\\/a-estacao-marinha-de-sagres-recebe-o-festival-das-ciencias-do-mar\\\/ambiente\\\/08\\\/10\\\/\"},\"author\":{\"name\":\"Algarve 7\",\"@id\":\"https:\\\/\\\/algarve7.pt\\\/#\\\/schema\\\/person\\\/23fa70681308e7b319a3204bcea45e0c\"},\"headline\":\"A Esta\u00e7\u00e3o Marinha de Sagres recebe o Festival das Ci\u00eancias do Mar\",\"datePublished\":\"2026-04-27T07:10:00+00:00\",\"mainEntityOfPage\":{\"@id\":\"https:\\\/\\\/algarve7.pt\\\/index.php\\\/2026\\\/04\\\/a-estacao-marinha-de-sagres-recebe-o-festival-das-ciencias-do-mar\\\/ambiente\\\/08\\\/10\\\/\"},\"wordCount\":278,\"publisher\":{\"@id\":\"https:\\\/\\\/algarve7.pt\\\/#organization\"},\"image\":{\"@id\":\"https:\\\/\\\/algarve7.pt\\\/index.php\\\/2026\\\/04\\\/a-estacao-marinha-de-sagres-recebe-o-festival-das-ciencias-do-mar\\\/ambiente\\\/08\\\/10\\\/#primaryimage\"},\"thumbnailUrl\":\"https:\\\/\\\/algarve7.pt\\\/wp-content\\\/uploads\\\/2026\\\/04\\\/Captura-de-ecra-2026-04-24-as-14.48.29.png\",\"keywords\":[\"Algarve\",\"Ambiente\",\"Sagres\",\"Vila do Bispo\"],\"articleSection\":[\"Ambiente\"],\"inLanguage\":\"pt-PT\"},{\"@type\":\"WebPage\",\"@id\":\"https:\\\/\\\/algarve7.pt\\\/index.php\\\/2026\\\/04\\\/a-estacao-marinha-de-sagres-recebe-o-festival-das-ciencias-do-mar\\\/ambiente\\\/08\\\/10\\\/\",\"url\":\"https:\\\/\\\/algarve7.pt\\\/index.php\\\/2026\\\/04\\\/a-estacao-marinha-de-sagres-recebe-o-festival-das-ciencias-do-mar\\\/ambiente\\\/08\\\/10\\\/\",\"name\":\"A Esta\u00e7\u00e3o Marinha de Sagres recebe o Festival das Ci\u00eancias do Mar - Algarve 7\",\"isPartOf\":{\"@id\":\"https:\\\/\\\/algarve7.pt\\\/#website\"},\"primaryImageOfPage\":{\"@id\":\"https:\\\/\\\/algarve7.pt\\\/index.php\\\/2026\\\/04\\\/a-estacao-marinha-de-sagres-recebe-o-festival-das-ciencias-do-mar\\\/ambiente\\\/08\\\/10\\\/#primaryimage\"},\"image\":{\"@id\":\"https:\\\/\\\/algarve7.pt\\\/index.php\\\/2026\\\/04\\\/a-estacao-marinha-de-sagres-recebe-o-festival-das-ciencias-do-mar\\\/ambiente\\\/08\\\/10\\\/#primaryimage\"},\"thumbnailUrl\":\"https:\\\/\\\/algarve7.pt\\\/wp-content\\\/uploads\\\/2026\\\/04\\\/Captura-de-ecra-2026-04-24-as-14.48.29.png\",\"datePublished\":\"2026-04-27T07:10:00+00:00\",\"description\":\"A Esta\u00e7\u00e3o Marinha de Sagres recebe o Festival das Ci\u00eancias do Mar Ambiente\",\"breadcrumb\":{\"@id\":\"https:\\\/\\\/algarve7.pt\\\/index.php\\\/2026\\\/04\\\/a-estacao-marinha-de-sagres-recebe-o-festival-das-ciencias-do-mar\\\/ambiente\\\/08\\\/10\\\/#breadcrumb\"},\"inLanguage\":\"pt-PT\",\"potentialAction\":[{\"@type\":\"ReadAction\",\"target\":[\"https:\\\/\\\/algarve7.pt\\\/index.php\\\/2026\\\/04\\\/a-estacao-marinha-de-sagres-recebe-o-festival-das-ciencias-do-mar\\\/ambiente\\\/08\\\/10\\\/\"]}]},{\"@type\":\"ImageObject\",\"inLanguage\":\"pt-PT\",\"@id\":\"https:\\\/\\\/algarve7.pt\\\/index.php\\\/2026\\\/04\\\/a-estacao-marinha-de-sagres-recebe-o-festival-das-ciencias-do-mar\\\/ambiente\\\/08\\\/10\\\/#primaryimage\",\"url\":\"https:\\\/\\\/algarve7.pt\\\/wp-content\\\/uploads\\\/2026\\\/04\\\/Captura-de-ecra-2026-04-24-as-14.48.29.png\",\"contentUrl\":\"https:\\\/\\\/algarve7.pt\\\/wp-content\\\/uploads\\\/2026\\\/04\\\/Captura-de-ecra-2026-04-24-as-14.48.29.png\",\"width\":800,\"height\":445},{\"@type\":\"BreadcrumbList\",\"@id\":\"https:\\\/\\\/algarve7.pt\\\/index.php\\\/2026\\\/04\\\/a-estacao-marinha-de-sagres-recebe-o-festival-das-ciencias-do-mar\\\/ambiente\\\/08\\\/10\\\/#breadcrumb\",\"itemListElement\":[{\"@type\":\"ListItem\",\"position\":1,\"name\":\"In\u00edcio\",\"item\":\"https:\\\/\\\/algarve7.pt\\\/\"},{\"@type\":\"ListItem\",\"position\":2,\"name\":\"A Esta\u00e7\u00e3o Marinha de Sagres recebe o Festival das Ci\u00eancias do Mar\"}]},{\"@type\":\"WebSite\",\"@id\":\"https:\\\/\\\/algarve7.pt\\\/#website\",\"url\":\"https:\\\/\\\/algarve7.pt\\\/\",\"name\":\"Algarve 7\",\"description\":\"Informa\u00e7\u00e3o sobre o Algarve\",\"publisher\":{\"@id\":\"https:\\\/\\\/algarve7.pt\\\/#organization\"},\"potentialAction\":[{\"@type\":\"SearchAction\",\"target\":{\"@type\":\"EntryPoint\",\"urlTemplate\":\"https:\\\/\\\/algarve7.pt\\\/?s={search_term_string}\"},\"query-input\":{\"@type\":\"PropertyValueSpecification\",\"valueRequired\":true,\"valueName\":\"search_term_string\"}}],\"inLanguage\":\"pt-PT\"},{\"@type\":\"Organization\",\"@id\":\"https:\\\/\\\/algarve7.pt\\\/#organization\",\"name\":\"Algarve 7\",\"url\":\"https:\\\/\\\/algarve7.pt\\\/\",\"logo\":{\"@type\":\"ImageObject\",\"inLanguage\":\"pt-PT\",\"@id\":\"https:\\\/\\\/algarve7.pt\\\/#\\\/schema\\\/logo\\\/image\\\/\",\"url\":\"https:\\\/\\\/algarve7.pt\\\/wp-content\\\/uploads\\\/2020\\\/10\\\/Logo-8.jpg\",\"contentUrl\":\"https:\\\/\\\/algarve7.pt\\\/wp-content\\\/uploads\\\/2020\\\/10\\\/Logo-8.jpg\",\"width\":1680,\"height\":1186,\"caption\":\"Algarve 7\"},\"image\":{\"@id\":\"https:\\\/\\\/algarve7.pt\\\/#\\\/schema\\\/logo\\\/image\\\/\"},\"sameAs\":[\"https:\\\/\\\/www.facebook.com\\\/algarve7\",\"https:\\\/\\\/x.com\\\/Algarvesete\",\"https:\\\/\\\/www.instagram.com\\\/jornalalgarve7\\\/\",\"https:\\\/\\\/www.linkedin.com\\\/company\\\/algarve7\",\"https:\\\/\\\/www.pinterest.pt\\\/geral0939\\\/_created\\\/\"]},{\"@type\":\"Person\",\"@id\":\"https:\\\/\\\/algarve7.pt\\\/#\\\/schema\\\/person\\\/23fa70681308e7b319a3204bcea45e0c\",\"name\":\"Algarve 7\",\"sameAs\":[\"https:\\\/\\\/algarve7.pt\",\"https:\\\/\\\/www.facebook.com\\\/algarve7\"],\"url\":\"https:\\\/\\\/algarve7.pt\\\/index.php\\\/author\\\/geralalgarve7-pt\\\/\"}]}<\/script>\n<!-- \/ Yoast SEO plugin. -->","yoast_head_json":{"title":"A Esta\u00e7\u00e3o Marinha de Sagres recebe o Festival das Ci\u00eancias do Mar - Algarve 7","description":"A Esta\u00e7\u00e3o Marinha de Sagres recebe o Festival das Ci\u00eancias do Mar Ambiente","robots":{"index":"index","follow":"follow","max-snippet":"max-snippet:-1","max-image-preview":"max-image-preview:large","max-video-preview":"max-video-preview:-1"},"canonical":"https:\/\/algarve7.pt\/index.php\/2026\/04\/a-estacao-marinha-de-sagres-recebe-o-festival-das-ciencias-do-mar\/ambiente\/08\/10\/","og_locale":"pt_PT","og_type":"article","og_title":"A Esta\u00e7\u00e3o Marinha de Sagres recebe o Festival das Ci\u00eancias do Mar - Algarve 7","og_description":"A Esta\u00e7\u00e3o Marinha de Sagres recebe o Festival das Ci\u00eancias do Mar Ambiente","og_url":"https:\/\/algarve7.pt\/index.php\/2026\/04\/a-estacao-marinha-de-sagres-recebe-o-festival-das-ciencias-do-mar\/ambiente\/08\/10\/","og_site_name":"Algarve 7","article_publisher":"https:\/\/www.facebook.com\/algarve7","article_author":"https:\/\/www.facebook.com\/algarve7","article_published_time":"2026-04-27T07:10:00+00:00","og_image":[{"width":800,"height":445,"url":"https:\/\/algarve7.pt\/wp-content\/uploads\/2026\/04\/Captura-de-ecra-2026-04-24-as-14.48.29.png","type":"image\/png"}],"author":"Algarve 7","twitter_card":"summary_large_image","twitter_creator":"@Algarvesete","twitter_site":"@Algarvesete","twitter_misc":{"Escrito por":"Algarve 7","Tempo estimado de leitura":"2 minutos"},"schema":{"@context":"https:\/\/schema.org","@graph":[{"@type":"Article","@id":"https:\/\/algarve7.pt\/index.php\/2026\/04\/a-estacao-marinha-de-sagres-recebe-o-festival-das-ciencias-do-mar\/ambiente\/08\/10\/#article","isPartOf":{"@id":"https:\/\/algarve7.pt\/index.php\/2026\/04\/a-estacao-marinha-de-sagres-recebe-o-festival-das-ciencias-do-mar\/ambiente\/08\/10\/"},"author":{"name":"Algarve 7","@id":"https:\/\/algarve7.pt\/#\/schema\/person\/23fa70681308e7b319a3204bcea45e0c"},"headline":"A Esta\u00e7\u00e3o Marinha de Sagres recebe o Festival das Ci\u00eancias do Mar","datePublished":"2026-04-27T07:10:00+00:00","mainEntityOfPage":{"@id":"https:\/\/algarve7.pt\/index.php\/2026\/04\/a-estacao-marinha-de-sagres-recebe-o-festival-das-ciencias-do-mar\/ambiente\/08\/10\/"},"wordCount":278,"publisher":{"@id":"https:\/\/algarve7.pt\/#organization"},"image":{"@id":"https:\/\/algarve7.pt\/index.php\/2026\/04\/a-estacao-marinha-de-sagres-recebe-o-festival-das-ciencias-do-mar\/ambiente\/08\/10\/#primaryimage"},"thumbnailUrl":"https:\/\/algarve7.pt\/wp-content\/uploads\/2026\/04\/Captura-de-ecra-2026-04-24-as-14.48.29.png","keywords":["Algarve","Ambiente","Sagres","Vila do Bispo"],"articleSection":["Ambiente"],"inLanguage":"pt-PT"},{"@type":"WebPage","@id":"https:\/\/algarve7.pt\/index.php\/2026\/04\/a-estacao-marinha-de-sagres-recebe-o-festival-das-ciencias-do-mar\/ambiente\/08\/10\/","url":"https:\/\/algarve7.pt\/index.php\/2026\/04\/a-estacao-marinha-de-sagres-recebe-o-festival-das-ciencias-do-mar\/ambiente\/08\/10\/","name":"A Esta\u00e7\u00e3o Marinha de Sagres recebe o Festival das Ci\u00eancias do Mar - Algarve 7","isPartOf":{"@id":"https:\/\/algarve7.pt\/#website"},"primaryImageOfPage":{"@id":"https:\/\/algarve7.pt\/index.php\/2026\/04\/a-estacao-marinha-de-sagres-recebe-o-festival-das-ciencias-do-mar\/ambiente\/08\/10\/#primaryimage"},"image":{"@id":"https:\/\/algarve7.pt\/index.php\/2026\/04\/a-estacao-marinha-de-sagres-recebe-o-festival-das-ciencias-do-mar\/ambiente\/08\/10\/#primaryimage"},"thumbnailUrl":"https:\/\/algarve7.pt\/wp-content\/uploads\/2026\/04\/Captura-de-ecra-2026-04-24-as-14.48.29.png","datePublished":"2026-04-27T07:10:00+00:00","description":"A Esta\u00e7\u00e3o Marinha de Sagres recebe o Festival das Ci\u00eancias do Mar Ambiente","breadcrumb":{"@id":"https:\/\/algarve7.pt\/index.php\/2026\/04\/a-estacao-marinha-de-sagres-recebe-o-festival-das-ciencias-do-mar\/ambiente\/08\/10\/#breadcrumb"},"inLanguage":"pt-PT","potentialAction":[{"@type":"ReadAction","target":["https:\/\/algarve7.pt\/index.php\/2026\/04\/a-estacao-marinha-de-sagres-recebe-o-festival-das-ciencias-do-mar\/ambiente\/08\/10\/"]}]},{"@type":"ImageObject","inLanguage":"pt-PT","@id":"https:\/\/algarve7.pt\/index.php\/2026\/04\/a-estacao-marinha-de-sagres-recebe-o-festival-das-ciencias-do-mar\/ambiente\/08\/10\/#primaryimage","url":"https:\/\/algarve7.pt\/wp-content\/uploads\/2026\/04\/Captura-de-ecra-2026-04-24-as-14.48.29.png","contentUrl":"https:\/\/algarve7.pt\/wp-content\/uploads\/2026\/04\/Captura-de-ecra-2026-04-24-as-14.48.29.png","width":800,"height":445},{"@type":"BreadcrumbList","@id":"https:\/\/algarve7.pt\/index.php\/2026\/04\/a-estacao-marinha-de-sagres-recebe-o-festival-das-ciencias-do-mar\/ambiente\/08\/10\/#breadcrumb","itemListElement":[{"@type":"ListItem","position":1,"name":"In\u00edcio","item":"https:\/\/algarve7.pt\/"},{"@type":"ListItem","position":2,"name":"A Esta\u00e7\u00e3o Marinha de Sagres recebe o Festival das Ci\u00eancias do Mar"}]},{"@type":"WebSite","@id":"https:\/\/algarve7.pt\/#website","url":"https:\/\/algarve7.pt\/","name":"Algarve 7","description":"Informa\u00e7\u00e3o sobre o Algarve","publisher":{"@id":"https:\/\/algarve7.pt\/#organization"},"potentialAction":[{"@type":"SearchAction","target":{"@type":"EntryPoint","urlTemplate":"https:\/\/algarve7.pt\/?s={search_term_string}"},"query-input":{"@type":"PropertyValueSpecification","valueRequired":true,"valueName":"search_term_string"}}],"inLanguage":"pt-PT"},{"@type":"Organization","@id":"https:\/\/algarve7.pt\/#organization","name":"Algarve 7","url":"https:\/\/algarve7.pt\/","logo":{"@type":"ImageObject","inLanguage":"pt-PT","@id":"https:\/\/algarve7.pt\/#\/schema\/logo\/image\/","url":"https:\/\/algarve7.pt\/wp-content\/uploads\/2020\/10\/Logo-8.jpg","contentUrl":"https:\/\/algarve7.pt\/wp-content\/uploads\/2020\/10\/Logo-8.jpg","width":1680,"height":1186,"caption":"Algarve 7"},"image":{"@id":"https:\/\/algarve7.pt\/#\/schema\/logo\/image\/"},"sameAs":["https:\/\/www.facebook.com\/algarve7","https:\/\/x.com\/Algarvesete","https:\/\/www.instagram.com\/jornalalgarve7\/","https:\/\/www.linkedin.com\/company\/algarve7","https:\/\/www.pinterest.pt\/geral0939\/_created\/"]},{"@type":"Person","@id":"https:\/\/algarve7.pt\/#\/schema\/person\/23fa70681308e7b319a3204bcea45e0c","name":"Algarve 7","sameAs":["https:\/\/algarve7.pt","https:\/\/www.facebook.com\/algarve7"],"url":"https:\/\/algarve7.pt\/index.php\/author\/geralalgarve7-pt\/"}]}},"jetpack_publicize_connections":[],"jetpack_featured_media_url":"https:\/\/algarve7.pt\/wp-content\/uploads\/2026\/04\/Captura-de-ecra-2026-04-24-as-14.48.29.png","jetpack_shortlink":"https:\/\/wp.me\/pcezmW-g0R","jetpack_sharing_enabled":true,"_links":{"self":[{"href":"https:\/\/algarve7.pt\/index.php\/wp-json\/wp\/v2\/posts\/61557","targetHints":{"allow":["GET"]}}],"collection":[{"href":"https:\/\/algarve7.pt\/index.php\/wp-json\/wp\/v2\/posts"}],"about":[{"href":"https:\/\/algarve7.pt\/index.php\/wp-json\/wp\/v2\/types\/post"}],"author":[{"embeddable":true,"href":"https:\/\/algarve7.pt\/index.php\/wp-json\/wp\/v2\/users\/1"}],"replies":[{"embeddable":true,"href":"https:\/\/algarve7.pt\/index.php\/wp-json\/wp\/v2\/comments?post=61557"}],"version-history":[{"count":1,"href":"https:\/\/algarve7.pt\/index.php\/wp-json\/wp\/v2\/posts\/61557\/revisions"}],"predecessor-version":[{"id":61572,"href":"https:\/\/algarve7.pt\/index.php\/wp-json\/wp\/v2\/posts\/61557\/revisions\/61572"}],"wp:featuredmedia":[{"embeddable":true,"href":"https:\/\/algarve7.pt\/index.php\/wp-json\/wp\/v2\/media\/61558"}],"wp:attachment":[{"href":"https:\/\/algarve7.pt\/index.php\/wp-json\/wp\/v2\/media?parent=61557"}],"wp:term":[{"taxonomy":"category","embeddable":true,"href":"https:\/\/algarve7.pt\/index.php\/wp-json\/wp\/v2\/categories?post=61557"},{"taxonomy":"post_tag","embeddable":true,"href":"https:\/\/algarve7.pt\/index.php\/wp-json\/wp\/v2\/tags?post=61557"}],"curies":[{"name":"wp","href":"https:\/\/api.w.org\/{rel}","templated":true}]}}