{"id":61554,"date":"2026-04-27T07:55:00","date_gmt":"2026-04-27T06:55:00","guid":{"rendered":"https:\/\/algarve7.pt\/?p=61554"},"modified":"2026-04-24T13:07:05","modified_gmt":"2026-04-24T12:07:05","slug":"95o-aniversario-da-sociedade-filarmonica-lacobrigense-1o-de-maio","status":"publish","type":"post","link":"https:\/\/algarve7.pt\/index.php\/2026\/04\/95o-aniversario-da-sociedade-filarmonica-lacobrigense-1o-de-maio\/cultura\/07\/55\/","title":{"rendered":"95\u00ba Anivers\u00e1rio da\u00a0Sociedade Filarm\u00f3nica Lacobrigense 1\u00ba de Maio"},"content":{"rendered":"\n<p>Aproxima-se o 95\u00ba Anivers\u00e1rio da&nbsp;Sociedade Filarm\u00f3nica Lacobrigense 1\u00ba de Maio e estamos a preparar diversas atividades comemorativas.<\/p>\n\n\n\n<p>No dia 1 de maio pelas 9h30 ter\u00e1 in\u00edcio a tradicional arruada por diversas art\u00e9rias da cidade; \u00e0s 12h00 realizam-se, na sede da coletividade, as cerim\u00f3nias protocolares&nbsp;ao que se segue, \u00e0s 13h00, um almo\u00e7o conv\u00edvio para m\u00fasicos e s\u00f3cios da Filarm\u00f3nica.<\/p>\n\n\n\n<p>No dia 2 de Maio \u00e0s 21h30 realiza-se no Centro Cultural de Lagos o Concerto de Anivers\u00e1rio &#8220;Banda e Fado&#8221;, sendo que os bilhetes j\u00e1 se encontram \u00e0 venda na recep\u00e7\u00e3o daquele equipamento.<\/p>\n\n\n\n<p>No dia 3 de Maio teremos na nossa sede, \u00e0s 15h00, o Encontro de Poetas &#8211; Dia da M\u00e3e, com a participa\u00e7\u00e3o de diversos amadores desta arte e ainda alguns apontamentos musicais.<\/p>\n","protected":false},"excerpt":{"rendered":"<p>Aproxima-se o 95\u00ba Anivers\u00e1rio da&nbsp;Sociedade Filarm\u00f3nica Lacobrigense 1\u00ba de Maio e estamos a preparar diversas atividades comemorativas. No dia 1<\/p>\n","protected":false},"author":1,"featured_media":61555,"comment_status":"closed","ping_status":"closed","sticky":false,"template":"","format":"standard","meta":{"colormag_page_container_layout":"default_layout","colormag_page_sidebar_layout":"default_layout","_monsterinsights_skip_tracking":false,"_monsterinsights_sitenote_active":false,"_monsterinsights_sitenote_note":"","_monsterinsights_sitenote_category":0,"jetpack_post_was_ever_published":false,"_jetpack_newsletter_access":"","_jetpack_dont_email_post_to_subs":false,"_jetpack_newsletter_tier_id":0,"_jetpack_memberships_contains_paywalled_content":false,"_jetpack_memberships_contains_paid_content":false,"footnotes":"","jetpack_publicize_message":"","jetpack_publicize_feature_enabled":true,"jetpack_social_post_already_shared":true,"jetpack_social_options":{"image_generator_settings":{"template":"highway","default_image_id":0,"font":"","enabled":false},"version":2}},"categories":[14],"tags":[36,35,68],"class_list":["post-61554","post","type-post","status-publish","format-standard","has-post-thumbnail","hentry","category-cultura","tag-algarve","tag-cultura","tag-lagos"],"yoast_head":"<!-- This site is optimized with the Yoast SEO plugin v27.4 - https:\/\/yoast.com\/product\/yoast-seo-wordpress\/ -->\n<title>95\u00ba Anivers\u00e1rio da\u00a0Sociedade Filarm\u00f3nica Lacobrigense 1\u00ba de Maio - Algarve 7<\/title>\n<meta name=\"description\" content=\"95\u00ba Anivers\u00e1rio da\u00a0Sociedade Filarm\u00f3nica Lacobrigense 1\u00ba de Maio Cultura\" \/>\n<meta name=\"robots\" content=\"index, follow, max-snippet:-1, max-image-preview:large, max-video-preview:-1\" \/>\n<link rel=\"canonical\" href=\"https:\/\/algarve7.pt\/index.php\/2026\/04\/95o-aniversario-da-sociedade-filarmonica-lacobrigense-1o-de-maio\/cultura\/07\/55\/\" \/>\n<meta property=\"og:locale\" content=\"pt_PT\" \/>\n<meta property=\"og:type\" content=\"article\" \/>\n<meta property=\"og:title\" content=\"95\u00ba Anivers\u00e1rio da\u00a0Sociedade Filarm\u00f3nica Lacobrigense 1\u00ba de Maio - Algarve 7\" \/>\n<meta property=\"og:description\" content=\"95\u00ba Anivers\u00e1rio da\u00a0Sociedade Filarm\u00f3nica Lacobrigense 1\u00ba de Maio Cultura\" \/>\n<meta property=\"og:url\" content=\"https:\/\/algarve7.pt\/index.php\/2026\/04\/95o-aniversario-da-sociedade-filarmonica-lacobrigense-1o-de-maio\/cultura\/07\/55\/\" \/>\n<meta property=\"og:site_name\" content=\"Algarve 7\" \/>\n<meta property=\"article:publisher\" content=\"https:\/\/www.facebook.com\/algarve7\" \/>\n<meta property=\"article:author\" content=\"https:\/\/www.facebook.com\/algarve7\" \/>\n<meta property=\"article:published_time\" content=\"2026-04-27T06:55:00+00:00\" \/>\n<meta property=\"og:image\" content=\"https:\/\/algarve7.pt\/wp-content\/uploads\/2026\/04\/Captura-de-ecra-2026-04-24-as-13.04.46.png\" \/>\n\t<meta property=\"og:image:width\" content=\"800\" \/>\n\t<meta property=\"og:image:height\" content=\"445\" \/>\n\t<meta property=\"og:image:type\" content=\"image\/png\" \/>\n<meta name=\"author\" content=\"Algarve 7\" \/>\n<meta name=\"twitter:card\" content=\"summary_large_image\" \/>\n<meta name=\"twitter:creator\" content=\"@Algarvesete\" \/>\n<meta name=\"twitter:site\" content=\"@Algarvesete\" \/>\n<meta name=\"twitter:label1\" content=\"Escrito por\" \/>\n\t<meta name=\"twitter:data1\" content=\"Algarve 7\" \/>\n\t<meta name=\"twitter:label2\" content=\"Tempo estimado de leitura\" \/>\n\t<meta name=\"twitter:data2\" content=\"1 minuto\" \/>\n<script type=\"application\/ld+json\" class=\"yoast-schema-graph\">{\"@context\":\"https:\\\/\\\/schema.org\",\"@graph\":[{\"@type\":\"Article\",\"@id\":\"https:\\\/\\\/algarve7.pt\\\/index.php\\\/2026\\\/04\\\/95o-aniversario-da-sociedade-filarmonica-lacobrigense-1o-de-maio\\\/cultura\\\/07\\\/55\\\/#article\",\"isPartOf\":{\"@id\":\"https:\\\/\\\/algarve7.pt\\\/index.php\\\/2026\\\/04\\\/95o-aniversario-da-sociedade-filarmonica-lacobrigense-1o-de-maio\\\/cultura\\\/07\\\/55\\\/\"},\"author\":{\"name\":\"Algarve 7\",\"@id\":\"https:\\\/\\\/algarve7.pt\\\/#\\\/schema\\\/person\\\/23fa70681308e7b319a3204bcea45e0c\"},\"headline\":\"95\u00ba Anivers\u00e1rio da\u00a0Sociedade Filarm\u00f3nica Lacobrigense 1\u00ba de Maio\",\"datePublished\":\"2026-04-27T06:55:00+00:00\",\"mainEntityOfPage\":{\"@id\":\"https:\\\/\\\/algarve7.pt\\\/index.php\\\/2026\\\/04\\\/95o-aniversario-da-sociedade-filarmonica-lacobrigense-1o-de-maio\\\/cultura\\\/07\\\/55\\\/\"},\"wordCount\":144,\"publisher\":{\"@id\":\"https:\\\/\\\/algarve7.pt\\\/#organization\"},\"image\":{\"@id\":\"https:\\\/\\\/algarve7.pt\\\/index.php\\\/2026\\\/04\\\/95o-aniversario-da-sociedade-filarmonica-lacobrigense-1o-de-maio\\\/cultura\\\/07\\\/55\\\/#primaryimage\"},\"thumbnailUrl\":\"https:\\\/\\\/algarve7.pt\\\/wp-content\\\/uploads\\\/2026\\\/04\\\/Captura-de-ecra-2026-04-24-as-13.04.46.png\",\"keywords\":[\"Algarve\",\"Cultura\",\"Lagos\"],\"articleSection\":[\"Cultura\"],\"inLanguage\":\"pt-PT\"},{\"@type\":\"WebPage\",\"@id\":\"https:\\\/\\\/algarve7.pt\\\/index.php\\\/2026\\\/04\\\/95o-aniversario-da-sociedade-filarmonica-lacobrigense-1o-de-maio\\\/cultura\\\/07\\\/55\\\/\",\"url\":\"https:\\\/\\\/algarve7.pt\\\/index.php\\\/2026\\\/04\\\/95o-aniversario-da-sociedade-filarmonica-lacobrigense-1o-de-maio\\\/cultura\\\/07\\\/55\\\/\",\"name\":\"95\u00ba Anivers\u00e1rio da\u00a0Sociedade Filarm\u00f3nica Lacobrigense 1\u00ba de Maio - Algarve 7\",\"isPartOf\":{\"@id\":\"https:\\\/\\\/algarve7.pt\\\/#website\"},\"primaryImageOfPage\":{\"@id\":\"https:\\\/\\\/algarve7.pt\\\/index.php\\\/2026\\\/04\\\/95o-aniversario-da-sociedade-filarmonica-lacobrigense-1o-de-maio\\\/cultura\\\/07\\\/55\\\/#primaryimage\"},\"image\":{\"@id\":\"https:\\\/\\\/algarve7.pt\\\/index.php\\\/2026\\\/04\\\/95o-aniversario-da-sociedade-filarmonica-lacobrigense-1o-de-maio\\\/cultura\\\/07\\\/55\\\/#primaryimage\"},\"thumbnailUrl\":\"https:\\\/\\\/algarve7.pt\\\/wp-content\\\/uploads\\\/2026\\\/04\\\/Captura-de-ecra-2026-04-24-as-13.04.46.png\",\"datePublished\":\"2026-04-27T06:55:00+00:00\",\"description\":\"95\u00ba Anivers\u00e1rio da\u00a0Sociedade Filarm\u00f3nica Lacobrigense 1\u00ba de Maio Cultura\",\"breadcrumb\":{\"@id\":\"https:\\\/\\\/algarve7.pt\\\/index.php\\\/2026\\\/04\\\/95o-aniversario-da-sociedade-filarmonica-lacobrigense-1o-de-maio\\\/cultura\\\/07\\\/55\\\/#breadcrumb\"},\"inLanguage\":\"pt-PT\",\"potentialAction\":[{\"@type\":\"ReadAction\",\"target\":[\"https:\\\/\\\/algarve7.pt\\\/index.php\\\/2026\\\/04\\\/95o-aniversario-da-sociedade-filarmonica-lacobrigense-1o-de-maio\\\/cultura\\\/07\\\/55\\\/\"]}]},{\"@type\":\"ImageObject\",\"inLanguage\":\"pt-PT\",\"@id\":\"https:\\\/\\\/algarve7.pt\\\/index.php\\\/2026\\\/04\\\/95o-aniversario-da-sociedade-filarmonica-lacobrigense-1o-de-maio\\\/cultura\\\/07\\\/55\\\/#primaryimage\",\"url\":\"https:\\\/\\\/algarve7.pt\\\/wp-content\\\/uploads\\\/2026\\\/04\\\/Captura-de-ecra-2026-04-24-as-13.04.46.png\",\"contentUrl\":\"https:\\\/\\\/algarve7.pt\\\/wp-content\\\/uploads\\\/2026\\\/04\\\/Captura-de-ecra-2026-04-24-as-13.04.46.png\",\"width\":800,\"height\":445},{\"@type\":\"BreadcrumbList\",\"@id\":\"https:\\\/\\\/algarve7.pt\\\/index.php\\\/2026\\\/04\\\/95o-aniversario-da-sociedade-filarmonica-lacobrigense-1o-de-maio\\\/cultura\\\/07\\\/55\\\/#breadcrumb\",\"itemListElement\":[{\"@type\":\"ListItem\",\"position\":1,\"name\":\"In\u00edcio\",\"item\":\"https:\\\/\\\/algarve7.pt\\\/\"},{\"@type\":\"ListItem\",\"position\":2,\"name\":\"95\u00ba Anivers\u00e1rio da\u00a0Sociedade Filarm\u00f3nica Lacobrigense 1\u00ba de Maio\"}]},{\"@type\":\"WebSite\",\"@id\":\"https:\\\/\\\/algarve7.pt\\\/#website\",\"url\":\"https:\\\/\\\/algarve7.pt\\\/\",\"name\":\"Algarve 7\",\"description\":\"Informa\u00e7\u00e3o sobre o Algarve\",\"publisher\":{\"@id\":\"https:\\\/\\\/algarve7.pt\\\/#organization\"},\"potentialAction\":[{\"@type\":\"SearchAction\",\"target\":{\"@type\":\"EntryPoint\",\"urlTemplate\":\"https:\\\/\\\/algarve7.pt\\\/?s={search_term_string}\"},\"query-input\":{\"@type\":\"PropertyValueSpecification\",\"valueRequired\":true,\"valueName\":\"search_term_string\"}}],\"inLanguage\":\"pt-PT\"},{\"@type\":\"Organization\",\"@id\":\"https:\\\/\\\/algarve7.pt\\\/#organization\",\"name\":\"Algarve 7\",\"url\":\"https:\\\/\\\/algarve7.pt\\\/\",\"logo\":{\"@type\":\"ImageObject\",\"inLanguage\":\"pt-PT\",\"@id\":\"https:\\\/\\\/algarve7.pt\\\/#\\\/schema\\\/logo\\\/image\\\/\",\"url\":\"https:\\\/\\\/algarve7.pt\\\/wp-content\\\/uploads\\\/2020\\\/10\\\/Logo-8.jpg\",\"contentUrl\":\"https:\\\/\\\/algarve7.pt\\\/wp-content\\\/uploads\\\/2020\\\/10\\\/Logo-8.jpg\",\"width\":1680,\"height\":1186,\"caption\":\"Algarve 7\"},\"image\":{\"@id\":\"https:\\\/\\\/algarve7.pt\\\/#\\\/schema\\\/logo\\\/image\\\/\"},\"sameAs\":[\"https:\\\/\\\/www.facebook.com\\\/algarve7\",\"https:\\\/\\\/x.com\\\/Algarvesete\",\"https:\\\/\\\/www.instagram.com\\\/jornalalgarve7\\\/\",\"https:\\\/\\\/www.linkedin.com\\\/company\\\/algarve7\",\"https:\\\/\\\/www.pinterest.pt\\\/geral0939\\\/_created\\\/\"]},{\"@type\":\"Person\",\"@id\":\"https:\\\/\\\/algarve7.pt\\\/#\\\/schema\\\/person\\\/23fa70681308e7b319a3204bcea45e0c\",\"name\":\"Algarve 7\",\"sameAs\":[\"https:\\\/\\\/algarve7.pt\",\"https:\\\/\\\/www.facebook.com\\\/algarve7\"],\"url\":\"https:\\\/\\\/algarve7.pt\\\/index.php\\\/author\\\/geralalgarve7-pt\\\/\"}]}<\/script>\n<!-- \/ Yoast SEO plugin. -->","yoast_head_json":{"title":"95\u00ba Anivers\u00e1rio da\u00a0Sociedade Filarm\u00f3nica Lacobrigense 1\u00ba de Maio - Algarve 7","description":"95\u00ba Anivers\u00e1rio da\u00a0Sociedade Filarm\u00f3nica Lacobrigense 1\u00ba de Maio Cultura","robots":{"index":"index","follow":"follow","max-snippet":"max-snippet:-1","max-image-preview":"max-image-preview:large","max-video-preview":"max-video-preview:-1"},"canonical":"https:\/\/algarve7.pt\/index.php\/2026\/04\/95o-aniversario-da-sociedade-filarmonica-lacobrigense-1o-de-maio\/cultura\/07\/55\/","og_locale":"pt_PT","og_type":"article","og_title":"95\u00ba Anivers\u00e1rio da\u00a0Sociedade Filarm\u00f3nica Lacobrigense 1\u00ba de Maio - Algarve 7","og_description":"95\u00ba Anivers\u00e1rio da\u00a0Sociedade Filarm\u00f3nica Lacobrigense 1\u00ba de Maio Cultura","og_url":"https:\/\/algarve7.pt\/index.php\/2026\/04\/95o-aniversario-da-sociedade-filarmonica-lacobrigense-1o-de-maio\/cultura\/07\/55\/","og_site_name":"Algarve 7","article_publisher":"https:\/\/www.facebook.com\/algarve7","article_author":"https:\/\/www.facebook.com\/algarve7","article_published_time":"2026-04-27T06:55:00+00:00","og_image":[{"width":800,"height":445,"url":"https:\/\/algarve7.pt\/wp-content\/uploads\/2026\/04\/Captura-de-ecra-2026-04-24-as-13.04.46.png","type":"image\/png"}],"author":"Algarve 7","twitter_card":"summary_large_image","twitter_creator":"@Algarvesete","twitter_site":"@Algarvesete","twitter_misc":{"Escrito por":"Algarve 7","Tempo estimado de leitura":"1 minuto"},"schema":{"@context":"https:\/\/schema.org","@graph":[{"@type":"Article","@id":"https:\/\/algarve7.pt\/index.php\/2026\/04\/95o-aniversario-da-sociedade-filarmonica-lacobrigense-1o-de-maio\/cultura\/07\/55\/#article","isPartOf":{"@id":"https:\/\/algarve7.pt\/index.php\/2026\/04\/95o-aniversario-da-sociedade-filarmonica-lacobrigense-1o-de-maio\/cultura\/07\/55\/"},"author":{"name":"Algarve 7","@id":"https:\/\/algarve7.pt\/#\/schema\/person\/23fa70681308e7b319a3204bcea45e0c"},"headline":"95\u00ba Anivers\u00e1rio da\u00a0Sociedade Filarm\u00f3nica Lacobrigense 1\u00ba de Maio","datePublished":"2026-04-27T06:55:00+00:00","mainEntityOfPage":{"@id":"https:\/\/algarve7.pt\/index.php\/2026\/04\/95o-aniversario-da-sociedade-filarmonica-lacobrigense-1o-de-maio\/cultura\/07\/55\/"},"wordCount":144,"publisher":{"@id":"https:\/\/algarve7.pt\/#organization"},"image":{"@id":"https:\/\/algarve7.pt\/index.php\/2026\/04\/95o-aniversario-da-sociedade-filarmonica-lacobrigense-1o-de-maio\/cultura\/07\/55\/#primaryimage"},"thumbnailUrl":"https:\/\/algarve7.pt\/wp-content\/uploads\/2026\/04\/Captura-de-ecra-2026-04-24-as-13.04.46.png","keywords":["Algarve","Cultura","Lagos"],"articleSection":["Cultura"],"inLanguage":"pt-PT"},{"@type":"WebPage","@id":"https:\/\/algarve7.pt\/index.php\/2026\/04\/95o-aniversario-da-sociedade-filarmonica-lacobrigense-1o-de-maio\/cultura\/07\/55\/","url":"https:\/\/algarve7.pt\/index.php\/2026\/04\/95o-aniversario-da-sociedade-filarmonica-lacobrigense-1o-de-maio\/cultura\/07\/55\/","name":"95\u00ba Anivers\u00e1rio da\u00a0Sociedade Filarm\u00f3nica Lacobrigense 1\u00ba de Maio - Algarve 7","isPartOf":{"@id":"https:\/\/algarve7.pt\/#website"},"primaryImageOfPage":{"@id":"https:\/\/algarve7.pt\/index.php\/2026\/04\/95o-aniversario-da-sociedade-filarmonica-lacobrigense-1o-de-maio\/cultura\/07\/55\/#primaryimage"},"image":{"@id":"https:\/\/algarve7.pt\/index.php\/2026\/04\/95o-aniversario-da-sociedade-filarmonica-lacobrigense-1o-de-maio\/cultura\/07\/55\/#primaryimage"},"thumbnailUrl":"https:\/\/algarve7.pt\/wp-content\/uploads\/2026\/04\/Captura-de-ecra-2026-04-24-as-13.04.46.png","datePublished":"2026-04-27T06:55:00+00:00","description":"95\u00ba Anivers\u00e1rio da\u00a0Sociedade Filarm\u00f3nica Lacobrigense 1\u00ba de Maio Cultura","breadcrumb":{"@id":"https:\/\/algarve7.pt\/index.php\/2026\/04\/95o-aniversario-da-sociedade-filarmonica-lacobrigense-1o-de-maio\/cultura\/07\/55\/#breadcrumb"},"inLanguage":"pt-PT","potentialAction":[{"@type":"ReadAction","target":["https:\/\/algarve7.pt\/index.php\/2026\/04\/95o-aniversario-da-sociedade-filarmonica-lacobrigense-1o-de-maio\/cultura\/07\/55\/"]}]},{"@type":"ImageObject","inLanguage":"pt-PT","@id":"https:\/\/algarve7.pt\/index.php\/2026\/04\/95o-aniversario-da-sociedade-filarmonica-lacobrigense-1o-de-maio\/cultura\/07\/55\/#primaryimage","url":"https:\/\/algarve7.pt\/wp-content\/uploads\/2026\/04\/Captura-de-ecra-2026-04-24-as-13.04.46.png","contentUrl":"https:\/\/algarve7.pt\/wp-content\/uploads\/2026\/04\/Captura-de-ecra-2026-04-24-as-13.04.46.png","width":800,"height":445},{"@type":"BreadcrumbList","@id":"https:\/\/algarve7.pt\/index.php\/2026\/04\/95o-aniversario-da-sociedade-filarmonica-lacobrigense-1o-de-maio\/cultura\/07\/55\/#breadcrumb","itemListElement":[{"@type":"ListItem","position":1,"name":"In\u00edcio","item":"https:\/\/algarve7.pt\/"},{"@type":"ListItem","position":2,"name":"95\u00ba Anivers\u00e1rio da\u00a0Sociedade Filarm\u00f3nica Lacobrigense 1\u00ba de Maio"}]},{"@type":"WebSite","@id":"https:\/\/algarve7.pt\/#website","url":"https:\/\/algarve7.pt\/","name":"Algarve 7","description":"Informa\u00e7\u00e3o sobre o Algarve","publisher":{"@id":"https:\/\/algarve7.pt\/#organization"},"potentialAction":[{"@type":"SearchAction","target":{"@type":"EntryPoint","urlTemplate":"https:\/\/algarve7.pt\/?s={search_term_string}"},"query-input":{"@type":"PropertyValueSpecification","valueRequired":true,"valueName":"search_term_string"}}],"inLanguage":"pt-PT"},{"@type":"Organization","@id":"https:\/\/algarve7.pt\/#organization","name":"Algarve 7","url":"https:\/\/algarve7.pt\/","logo":{"@type":"ImageObject","inLanguage":"pt-PT","@id":"https:\/\/algarve7.pt\/#\/schema\/logo\/image\/","url":"https:\/\/algarve7.pt\/wp-content\/uploads\/2020\/10\/Logo-8.jpg","contentUrl":"https:\/\/algarve7.pt\/wp-content\/uploads\/2020\/10\/Logo-8.jpg","width":1680,"height":1186,"caption":"Algarve 7"},"image":{"@id":"https:\/\/algarve7.pt\/#\/schema\/logo\/image\/"},"sameAs":["https:\/\/www.facebook.com\/algarve7","https:\/\/x.com\/Algarvesete","https:\/\/www.instagram.com\/jornalalgarve7\/","https:\/\/www.linkedin.com\/company\/algarve7","https:\/\/www.pinterest.pt\/geral0939\/_created\/"]},{"@type":"Person","@id":"https:\/\/algarve7.pt\/#\/schema\/person\/23fa70681308e7b319a3204bcea45e0c","name":"Algarve 7","sameAs":["https:\/\/algarve7.pt","https:\/\/www.facebook.com\/algarve7"],"url":"https:\/\/algarve7.pt\/index.php\/author\/geralalgarve7-pt\/"}]}},"jetpack_publicize_connections":[],"jetpack_featured_media_url":"https:\/\/algarve7.pt\/wp-content\/uploads\/2026\/04\/Captura-de-ecra-2026-04-24-as-13.04.46.png","jetpack_shortlink":"https:\/\/wp.me\/pcezmW-g0O","jetpack_sharing_enabled":true,"_links":{"self":[{"href":"https:\/\/algarve7.pt\/index.php\/wp-json\/wp\/v2\/posts\/61554","targetHints":{"allow":["GET"]}}],"collection":[{"href":"https:\/\/algarve7.pt\/index.php\/wp-json\/wp\/v2\/posts"}],"about":[{"href":"https:\/\/algarve7.pt\/index.php\/wp-json\/wp\/v2\/types\/post"}],"author":[{"embeddable":true,"href":"https:\/\/algarve7.pt\/index.php\/wp-json\/wp\/v2\/users\/1"}],"replies":[{"embeddable":true,"href":"https:\/\/algarve7.pt\/index.php\/wp-json\/wp\/v2\/comments?post=61554"}],"version-history":[{"count":1,"href":"https:\/\/algarve7.pt\/index.php\/wp-json\/wp\/v2\/posts\/61554\/revisions"}],"predecessor-version":[{"id":61571,"href":"https:\/\/algarve7.pt\/index.php\/wp-json\/wp\/v2\/posts\/61554\/revisions\/61571"}],"wp:featuredmedia":[{"embeddable":true,"href":"https:\/\/algarve7.pt\/index.php\/wp-json\/wp\/v2\/media\/61555"}],"wp:attachment":[{"href":"https:\/\/algarve7.pt\/index.php\/wp-json\/wp\/v2\/media?parent=61554"}],"wp:term":[{"taxonomy":"category","embeddable":true,"href":"https:\/\/algarve7.pt\/index.php\/wp-json\/wp\/v2\/categories?post=61554"},{"taxonomy":"post_tag","embeddable":true,"href":"https:\/\/algarve7.pt\/index.php\/wp-json\/wp\/v2\/tags?post=61554"}],"curies":[{"name":"wp","href":"https:\/\/api.w.org\/{rel}","templated":true}]}}