{"id":61510,"date":"2026-04-27T07:18:00","date_gmt":"2026-04-27T06:18:00","guid":{"rendered":"https:\/\/algarve7.pt\/?p=61510"},"modified":"2026-04-23T11:20:40","modified_gmt":"2026-04-23T10:20:40","slug":"escolas-do-algarve-distinguem-se-com-projetos-de-referencia-e-alcancam-premios-nacionais","status":"publish","type":"post","link":"https:\/\/algarve7.pt\/index.php\/2026\/04\/escolas-do-algarve-distinguem-se-com-projetos-de-referencia-e-alcancam-premios-nacionais\/educacao\/07\/18\/","title":{"rendered":"Escolas do Algarve distinguem-se com projetos de refer\u00eancia e alcan\u00e7am pr\u00e9mios nacionais\u00a0"},"content":{"rendered":"\n<p>O concelho de Lagos ser\u00e1 palco, no pr\u00f3ximo dia&nbsp;<strong>16 de maio de 2026<\/strong>, da cerim\u00f3nia regional&nbsp;<strong>\u201cEscola Amiga da Crian\u00e7a\u201d<\/strong>, um momento de reconhecimento do trabalho desenvolvido pelas comunidades educativas do Algarve na promo\u00e7\u00e3o de uma escola mais&nbsp;<strong>inclusiva<\/strong>,&nbsp;<strong>participativa<\/strong>&nbsp;e centrada no&nbsp;<strong>bem-estar das crian\u00e7as e jovens<\/strong>.&nbsp;<\/p>\n\n\n\n<p>Esta iniciativa ir\u00e1 destacar projetos dinamizados em contexto escolar que t\u00eam contribu\u00eddo para transformar positivamente a vida das crian\u00e7as, envolvendo alunos, docentes, n\u00e3o docentes, fam\u00edlias e parceiros locais.&nbsp;<\/p>\n\n\n\n<p>Pela primeira vez, a regi\u00e3o do Algarve alcan\u00e7a um marco de especial relev\u00e2ncia, com a&nbsp;<strong>atribui\u00e7\u00e3o de dois pr\u00e9mios nacionais<\/strong>, reconhecendo projetos que se distinguem pela sua qualidade, inova\u00e7\u00e3o e impacto educativo e social.&nbsp;<\/p>\n\n\n\n<p>Entre os projetos em destaque encontram-se iniciativas como&nbsp;<strong>\u201cA Casa de Cam\u00f5es\u201d<\/strong>, que valoriza as literacias e o patrim\u00f3nio cultural, e&nbsp;<strong>\u201cTert\u00falias APAIS 2025\u201d<\/strong>, que refor\u00e7a o envolvimento das fam\u00edlias na vida escolar, evidenciando o papel determinante do movimento associativo parental.&nbsp;<\/p>\n\n\n\n<p>A cerim\u00f3nia reunir\u00e1 representantes de escolas, autarquias, associa\u00e7\u00f5es de pais e diversas entidades institucionais, constituindo um momento de&nbsp;<strong>celebra\u00e7\u00e3o do compromisso coletivo com a educa\u00e7\u00e3o<\/strong>&nbsp;e de valoriza\u00e7\u00e3o do trabalho que diariamente \u00e9 desenvolvido nas escolas do Algarve.&nbsp;<\/p>\n\n\n\n<p>A iniciativa \u00e9 promovida pela&nbsp;<strong>FRAP Algarve<\/strong>, com o apoio da&nbsp;<strong>FAP Lagos<\/strong>&nbsp;e da&nbsp;<strong>C\u00e2mara Municipal de Lagos<\/strong>, refor\u00e7ando a import\u00e2ncia da colabora\u00e7\u00e3o entre institui\u00e7\u00f5es na constru\u00e7\u00e3o de respostas educativas mais pr\u00f3ximas, inclusivas e eficazes.&nbsp;<\/p>\n\n\n\n<p><strong>Ficha do evento:&nbsp;&nbsp;&nbsp;&nbsp;&nbsp;&nbsp;&nbsp;&nbsp;<\/strong><\/p>\n\n\n\n<p>&nbsp;&nbsp;&nbsp;Local: Audit\u00f3rio da Escola Secund\u00e1ria J\u00falio Dantas, Lagos&nbsp;&nbsp;&nbsp;&nbsp;&nbsp;&nbsp;&nbsp;&nbsp;&nbsp;&nbsp;<\/p>\n\n\n\n<p>\ud83d\uddd3&nbsp;Data: 16 de maio de 2026&nbsp;&nbsp;<\/p>\n\n\n\n<p>&nbsp;&nbsp;&nbsp;Hora: 14h00&nbsp;<\/p>\n","protected":false},"excerpt":{"rendered":"<p>O concelho de Lagos ser\u00e1 palco, no pr\u00f3ximo dia&nbsp;16 de maio de 2026, da cerim\u00f3nia regional&nbsp;\u201cEscola Amiga da Crian\u00e7a\u201d, um<\/p>\n","protected":false},"author":1,"featured_media":61511,"comment_status":"closed","ping_status":"closed","sticky":false,"template":"","format":"standard","meta":{"colormag_page_container_layout":"default_layout","colormag_page_sidebar_layout":"default_layout","_monsterinsights_skip_tracking":false,"_monsterinsights_sitenote_active":false,"_monsterinsights_sitenote_note":"","_monsterinsights_sitenote_category":0,"jetpack_post_was_ever_published":false,"_jetpack_newsletter_access":"","_jetpack_dont_email_post_to_subs":false,"_jetpack_newsletter_tier_id":0,"_jetpack_memberships_contains_paywalled_content":false,"_jetpack_memberships_contains_paid_content":false,"footnotes":"","jetpack_publicize_message":"","jetpack_publicize_feature_enabled":true,"jetpack_social_post_already_shared":true,"jetpack_social_options":{"image_generator_settings":{"template":"highway","default_image_id":0,"font":"","enabled":false},"version":2}},"categories":[93],"tags":[36,74,68],"class_list":["post-61510","post","type-post","status-publish","format-standard","has-post-thumbnail","hentry","category-educacao","tag-algarve","tag-educacao","tag-lagos"],"yoast_head":"<!-- This site is optimized with the Yoast SEO plugin v27.4 - https:\/\/yoast.com\/product\/yoast-seo-wordpress\/ -->\n<title>Escolas do Algarve distinguem-se com projetos de refer\u00eancia e alcan\u00e7am pr\u00e9mios nacionais\u00a0 - Algarve 7<\/title>\n<meta name=\"description\" content=\"Escolas do Algarve distinguem-se com projetos de refer\u00eancia e alcan\u00e7am pr\u00e9mios nacionais\u00a0 Educa\u00e7\u00e3o\" \/>\n<meta name=\"robots\" content=\"index, follow, max-snippet:-1, max-image-preview:large, max-video-preview:-1\" \/>\n<link rel=\"canonical\" href=\"https:\/\/algarve7.pt\/index.php\/2026\/04\/escolas-do-algarve-distinguem-se-com-projetos-de-referencia-e-alcancam-premios-nacionais\/educacao\/07\/18\/\" \/>\n<meta property=\"og:locale\" content=\"pt_PT\" \/>\n<meta property=\"og:type\" content=\"article\" \/>\n<meta property=\"og:title\" content=\"Escolas do Algarve distinguem-se com projetos de refer\u00eancia e alcan\u00e7am pr\u00e9mios nacionais\u00a0 - Algarve 7\" \/>\n<meta property=\"og:description\" content=\"Escolas do Algarve distinguem-se com projetos de refer\u00eancia e alcan\u00e7am pr\u00e9mios nacionais\u00a0 Educa\u00e7\u00e3o\" \/>\n<meta property=\"og:url\" content=\"https:\/\/algarve7.pt\/index.php\/2026\/04\/escolas-do-algarve-distinguem-se-com-projetos-de-referencia-e-alcancam-premios-nacionais\/educacao\/07\/18\/\" \/>\n<meta property=\"og:site_name\" content=\"Algarve 7\" \/>\n<meta property=\"article:publisher\" content=\"https:\/\/www.facebook.com\/algarve7\" \/>\n<meta property=\"article:author\" content=\"https:\/\/www.facebook.com\/algarve7\" \/>\n<meta property=\"article:published_time\" content=\"2026-04-27T06:18:00+00:00\" \/>\n<meta property=\"og:image\" content=\"https:\/\/algarve7.pt\/wp-content\/uploads\/2026\/04\/Captura-de-ecra-2026-04-23-as-11.17.57.png\" \/>\n\t<meta property=\"og:image:width\" content=\"800\" \/>\n\t<meta property=\"og:image:height\" content=\"445\" \/>\n\t<meta property=\"og:image:type\" content=\"image\/png\" \/>\n<meta name=\"author\" content=\"Algarve 7\" \/>\n<meta name=\"twitter:card\" content=\"summary_large_image\" \/>\n<meta name=\"twitter:creator\" content=\"@Algarvesete\" \/>\n<meta name=\"twitter:site\" content=\"@Algarvesete\" \/>\n<meta name=\"twitter:label1\" content=\"Escrito por\" \/>\n\t<meta name=\"twitter:data1\" content=\"Algarve 7\" \/>\n\t<meta name=\"twitter:label2\" content=\"Tempo estimado de leitura\" \/>\n\t<meta name=\"twitter:data2\" content=\"2 minutos\" \/>\n<script type=\"application\/ld+json\" class=\"yoast-schema-graph\">{\"@context\":\"https:\\\/\\\/schema.org\",\"@graph\":[{\"@type\":\"Article\",\"@id\":\"https:\\\/\\\/algarve7.pt\\\/index.php\\\/2026\\\/04\\\/escolas-do-algarve-distinguem-se-com-projetos-de-referencia-e-alcancam-premios-nacionais\\\/educacao\\\/07\\\/18\\\/#article\",\"isPartOf\":{\"@id\":\"https:\\\/\\\/algarve7.pt\\\/index.php\\\/2026\\\/04\\\/escolas-do-algarve-distinguem-se-com-projetos-de-referencia-e-alcancam-premios-nacionais\\\/educacao\\\/07\\\/18\\\/\"},\"author\":{\"name\":\"Algarve 7\",\"@id\":\"https:\\\/\\\/algarve7.pt\\\/#\\\/schema\\\/person\\\/23fa70681308e7b319a3204bcea45e0c\"},\"headline\":\"Escolas do Algarve distinguem-se com projetos de refer\u00eancia e alcan\u00e7am pr\u00e9mios nacionais\u00a0\",\"datePublished\":\"2026-04-27T06:18:00+00:00\",\"mainEntityOfPage\":{\"@id\":\"https:\\\/\\\/algarve7.pt\\\/index.php\\\/2026\\\/04\\\/escolas-do-algarve-distinguem-se-com-projetos-de-referencia-e-alcancam-premios-nacionais\\\/educacao\\\/07\\\/18\\\/\"},\"wordCount\":338,\"publisher\":{\"@id\":\"https:\\\/\\\/algarve7.pt\\\/#organization\"},\"image\":{\"@id\":\"https:\\\/\\\/algarve7.pt\\\/index.php\\\/2026\\\/04\\\/escolas-do-algarve-distinguem-se-com-projetos-de-referencia-e-alcancam-premios-nacionais\\\/educacao\\\/07\\\/18\\\/#primaryimage\"},\"thumbnailUrl\":\"https:\\\/\\\/algarve7.pt\\\/wp-content\\\/uploads\\\/2026\\\/04\\\/Captura-de-ecra-2026-04-23-as-11.17.57.png\",\"keywords\":[\"Algarve\",\"Educa\u00e7\u00e3o\",\"Lagos\"],\"articleSection\":[\"Educa\u00e7\u00e3o\"],\"inLanguage\":\"pt-PT\"},{\"@type\":\"WebPage\",\"@id\":\"https:\\\/\\\/algarve7.pt\\\/index.php\\\/2026\\\/04\\\/escolas-do-algarve-distinguem-se-com-projetos-de-referencia-e-alcancam-premios-nacionais\\\/educacao\\\/07\\\/18\\\/\",\"url\":\"https:\\\/\\\/algarve7.pt\\\/index.php\\\/2026\\\/04\\\/escolas-do-algarve-distinguem-se-com-projetos-de-referencia-e-alcancam-premios-nacionais\\\/educacao\\\/07\\\/18\\\/\",\"name\":\"Escolas do Algarve distinguem-se com projetos de refer\u00eancia e alcan\u00e7am pr\u00e9mios nacionais\u00a0 - Algarve 7\",\"isPartOf\":{\"@id\":\"https:\\\/\\\/algarve7.pt\\\/#website\"},\"primaryImageOfPage\":{\"@id\":\"https:\\\/\\\/algarve7.pt\\\/index.php\\\/2026\\\/04\\\/escolas-do-algarve-distinguem-se-com-projetos-de-referencia-e-alcancam-premios-nacionais\\\/educacao\\\/07\\\/18\\\/#primaryimage\"},\"image\":{\"@id\":\"https:\\\/\\\/algarve7.pt\\\/index.php\\\/2026\\\/04\\\/escolas-do-algarve-distinguem-se-com-projetos-de-referencia-e-alcancam-premios-nacionais\\\/educacao\\\/07\\\/18\\\/#primaryimage\"},\"thumbnailUrl\":\"https:\\\/\\\/algarve7.pt\\\/wp-content\\\/uploads\\\/2026\\\/04\\\/Captura-de-ecra-2026-04-23-as-11.17.57.png\",\"datePublished\":\"2026-04-27T06:18:00+00:00\",\"description\":\"Escolas do Algarve distinguem-se com projetos de refer\u00eancia e alcan\u00e7am pr\u00e9mios nacionais\u00a0 Educa\u00e7\u00e3o\",\"breadcrumb\":{\"@id\":\"https:\\\/\\\/algarve7.pt\\\/index.php\\\/2026\\\/04\\\/escolas-do-algarve-distinguem-se-com-projetos-de-referencia-e-alcancam-premios-nacionais\\\/educacao\\\/07\\\/18\\\/#breadcrumb\"},\"inLanguage\":\"pt-PT\",\"potentialAction\":[{\"@type\":\"ReadAction\",\"target\":[\"https:\\\/\\\/algarve7.pt\\\/index.php\\\/2026\\\/04\\\/escolas-do-algarve-distinguem-se-com-projetos-de-referencia-e-alcancam-premios-nacionais\\\/educacao\\\/07\\\/18\\\/\"]}]},{\"@type\":\"ImageObject\",\"inLanguage\":\"pt-PT\",\"@id\":\"https:\\\/\\\/algarve7.pt\\\/index.php\\\/2026\\\/04\\\/escolas-do-algarve-distinguem-se-com-projetos-de-referencia-e-alcancam-premios-nacionais\\\/educacao\\\/07\\\/18\\\/#primaryimage\",\"url\":\"https:\\\/\\\/algarve7.pt\\\/wp-content\\\/uploads\\\/2026\\\/04\\\/Captura-de-ecra-2026-04-23-as-11.17.57.png\",\"contentUrl\":\"https:\\\/\\\/algarve7.pt\\\/wp-content\\\/uploads\\\/2026\\\/04\\\/Captura-de-ecra-2026-04-23-as-11.17.57.png\",\"width\":800,\"height\":445},{\"@type\":\"BreadcrumbList\",\"@id\":\"https:\\\/\\\/algarve7.pt\\\/index.php\\\/2026\\\/04\\\/escolas-do-algarve-distinguem-se-com-projetos-de-referencia-e-alcancam-premios-nacionais\\\/educacao\\\/07\\\/18\\\/#breadcrumb\",\"itemListElement\":[{\"@type\":\"ListItem\",\"position\":1,\"name\":\"In\u00edcio\",\"item\":\"https:\\\/\\\/algarve7.pt\\\/\"},{\"@type\":\"ListItem\",\"position\":2,\"name\":\"Escolas do Algarve distinguem-se com projetos de refer\u00eancia e alcan\u00e7am pr\u00e9mios nacionais\u00a0\"}]},{\"@type\":\"WebSite\",\"@id\":\"https:\\\/\\\/algarve7.pt\\\/#website\",\"url\":\"https:\\\/\\\/algarve7.pt\\\/\",\"name\":\"Algarve 7\",\"description\":\"Informa\u00e7\u00e3o sobre o Algarve\",\"publisher\":{\"@id\":\"https:\\\/\\\/algarve7.pt\\\/#organization\"},\"potentialAction\":[{\"@type\":\"SearchAction\",\"target\":{\"@type\":\"EntryPoint\",\"urlTemplate\":\"https:\\\/\\\/algarve7.pt\\\/?s={search_term_string}\"},\"query-input\":{\"@type\":\"PropertyValueSpecification\",\"valueRequired\":true,\"valueName\":\"search_term_string\"}}],\"inLanguage\":\"pt-PT\"},{\"@type\":\"Organization\",\"@id\":\"https:\\\/\\\/algarve7.pt\\\/#organization\",\"name\":\"Algarve 7\",\"url\":\"https:\\\/\\\/algarve7.pt\\\/\",\"logo\":{\"@type\":\"ImageObject\",\"inLanguage\":\"pt-PT\",\"@id\":\"https:\\\/\\\/algarve7.pt\\\/#\\\/schema\\\/logo\\\/image\\\/\",\"url\":\"https:\\\/\\\/algarve7.pt\\\/wp-content\\\/uploads\\\/2020\\\/10\\\/Logo-8.jpg\",\"contentUrl\":\"https:\\\/\\\/algarve7.pt\\\/wp-content\\\/uploads\\\/2020\\\/10\\\/Logo-8.jpg\",\"width\":1680,\"height\":1186,\"caption\":\"Algarve 7\"},\"image\":{\"@id\":\"https:\\\/\\\/algarve7.pt\\\/#\\\/schema\\\/logo\\\/image\\\/\"},\"sameAs\":[\"https:\\\/\\\/www.facebook.com\\\/algarve7\",\"https:\\\/\\\/x.com\\\/Algarvesete\",\"https:\\\/\\\/www.instagram.com\\\/jornalalgarve7\\\/\",\"https:\\\/\\\/www.linkedin.com\\\/company\\\/algarve7\",\"https:\\\/\\\/www.pinterest.pt\\\/geral0939\\\/_created\\\/\"]},{\"@type\":\"Person\",\"@id\":\"https:\\\/\\\/algarve7.pt\\\/#\\\/schema\\\/person\\\/23fa70681308e7b319a3204bcea45e0c\",\"name\":\"Algarve 7\",\"sameAs\":[\"https:\\\/\\\/algarve7.pt\",\"https:\\\/\\\/www.facebook.com\\\/algarve7\"],\"url\":\"https:\\\/\\\/algarve7.pt\\\/index.php\\\/author\\\/geralalgarve7-pt\\\/\"}]}<\/script>\n<!-- \/ Yoast SEO plugin. -->","yoast_head_json":{"title":"Escolas do Algarve distinguem-se com projetos de refer\u00eancia e alcan\u00e7am pr\u00e9mios nacionais\u00a0 - Algarve 7","description":"Escolas do Algarve distinguem-se com projetos de refer\u00eancia e alcan\u00e7am pr\u00e9mios nacionais\u00a0 Educa\u00e7\u00e3o","robots":{"index":"index","follow":"follow","max-snippet":"max-snippet:-1","max-image-preview":"max-image-preview:large","max-video-preview":"max-video-preview:-1"},"canonical":"https:\/\/algarve7.pt\/index.php\/2026\/04\/escolas-do-algarve-distinguem-se-com-projetos-de-referencia-e-alcancam-premios-nacionais\/educacao\/07\/18\/","og_locale":"pt_PT","og_type":"article","og_title":"Escolas do Algarve distinguem-se com projetos de refer\u00eancia e alcan\u00e7am pr\u00e9mios nacionais\u00a0 - Algarve 7","og_description":"Escolas do Algarve distinguem-se com projetos de refer\u00eancia e alcan\u00e7am pr\u00e9mios nacionais\u00a0 Educa\u00e7\u00e3o","og_url":"https:\/\/algarve7.pt\/index.php\/2026\/04\/escolas-do-algarve-distinguem-se-com-projetos-de-referencia-e-alcancam-premios-nacionais\/educacao\/07\/18\/","og_site_name":"Algarve 7","article_publisher":"https:\/\/www.facebook.com\/algarve7","article_author":"https:\/\/www.facebook.com\/algarve7","article_published_time":"2026-04-27T06:18:00+00:00","og_image":[{"width":800,"height":445,"url":"https:\/\/algarve7.pt\/wp-content\/uploads\/2026\/04\/Captura-de-ecra-2026-04-23-as-11.17.57.png","type":"image\/png"}],"author":"Algarve 7","twitter_card":"summary_large_image","twitter_creator":"@Algarvesete","twitter_site":"@Algarvesete","twitter_misc":{"Escrito por":"Algarve 7","Tempo estimado de leitura":"2 minutos"},"schema":{"@context":"https:\/\/schema.org","@graph":[{"@type":"Article","@id":"https:\/\/algarve7.pt\/index.php\/2026\/04\/escolas-do-algarve-distinguem-se-com-projetos-de-referencia-e-alcancam-premios-nacionais\/educacao\/07\/18\/#article","isPartOf":{"@id":"https:\/\/algarve7.pt\/index.php\/2026\/04\/escolas-do-algarve-distinguem-se-com-projetos-de-referencia-e-alcancam-premios-nacionais\/educacao\/07\/18\/"},"author":{"name":"Algarve 7","@id":"https:\/\/algarve7.pt\/#\/schema\/person\/23fa70681308e7b319a3204bcea45e0c"},"headline":"Escolas do Algarve distinguem-se com projetos de refer\u00eancia e alcan\u00e7am pr\u00e9mios nacionais\u00a0","datePublished":"2026-04-27T06:18:00+00:00","mainEntityOfPage":{"@id":"https:\/\/algarve7.pt\/index.php\/2026\/04\/escolas-do-algarve-distinguem-se-com-projetos-de-referencia-e-alcancam-premios-nacionais\/educacao\/07\/18\/"},"wordCount":338,"publisher":{"@id":"https:\/\/algarve7.pt\/#organization"},"image":{"@id":"https:\/\/algarve7.pt\/index.php\/2026\/04\/escolas-do-algarve-distinguem-se-com-projetos-de-referencia-e-alcancam-premios-nacionais\/educacao\/07\/18\/#primaryimage"},"thumbnailUrl":"https:\/\/algarve7.pt\/wp-content\/uploads\/2026\/04\/Captura-de-ecra-2026-04-23-as-11.17.57.png","keywords":["Algarve","Educa\u00e7\u00e3o","Lagos"],"articleSection":["Educa\u00e7\u00e3o"],"inLanguage":"pt-PT"},{"@type":"WebPage","@id":"https:\/\/algarve7.pt\/index.php\/2026\/04\/escolas-do-algarve-distinguem-se-com-projetos-de-referencia-e-alcancam-premios-nacionais\/educacao\/07\/18\/","url":"https:\/\/algarve7.pt\/index.php\/2026\/04\/escolas-do-algarve-distinguem-se-com-projetos-de-referencia-e-alcancam-premios-nacionais\/educacao\/07\/18\/","name":"Escolas do Algarve distinguem-se com projetos de refer\u00eancia e alcan\u00e7am pr\u00e9mios nacionais\u00a0 - Algarve 7","isPartOf":{"@id":"https:\/\/algarve7.pt\/#website"},"primaryImageOfPage":{"@id":"https:\/\/algarve7.pt\/index.php\/2026\/04\/escolas-do-algarve-distinguem-se-com-projetos-de-referencia-e-alcancam-premios-nacionais\/educacao\/07\/18\/#primaryimage"},"image":{"@id":"https:\/\/algarve7.pt\/index.php\/2026\/04\/escolas-do-algarve-distinguem-se-com-projetos-de-referencia-e-alcancam-premios-nacionais\/educacao\/07\/18\/#primaryimage"},"thumbnailUrl":"https:\/\/algarve7.pt\/wp-content\/uploads\/2026\/04\/Captura-de-ecra-2026-04-23-as-11.17.57.png","datePublished":"2026-04-27T06:18:00+00:00","description":"Escolas do Algarve distinguem-se com projetos de refer\u00eancia e alcan\u00e7am pr\u00e9mios nacionais\u00a0 Educa\u00e7\u00e3o","breadcrumb":{"@id":"https:\/\/algarve7.pt\/index.php\/2026\/04\/escolas-do-algarve-distinguem-se-com-projetos-de-referencia-e-alcancam-premios-nacionais\/educacao\/07\/18\/#breadcrumb"},"inLanguage":"pt-PT","potentialAction":[{"@type":"ReadAction","target":["https:\/\/algarve7.pt\/index.php\/2026\/04\/escolas-do-algarve-distinguem-se-com-projetos-de-referencia-e-alcancam-premios-nacionais\/educacao\/07\/18\/"]}]},{"@type":"ImageObject","inLanguage":"pt-PT","@id":"https:\/\/algarve7.pt\/index.php\/2026\/04\/escolas-do-algarve-distinguem-se-com-projetos-de-referencia-e-alcancam-premios-nacionais\/educacao\/07\/18\/#primaryimage","url":"https:\/\/algarve7.pt\/wp-content\/uploads\/2026\/04\/Captura-de-ecra-2026-04-23-as-11.17.57.png","contentUrl":"https:\/\/algarve7.pt\/wp-content\/uploads\/2026\/04\/Captura-de-ecra-2026-04-23-as-11.17.57.png","width":800,"height":445},{"@type":"BreadcrumbList","@id":"https:\/\/algarve7.pt\/index.php\/2026\/04\/escolas-do-algarve-distinguem-se-com-projetos-de-referencia-e-alcancam-premios-nacionais\/educacao\/07\/18\/#breadcrumb","itemListElement":[{"@type":"ListItem","position":1,"name":"In\u00edcio","item":"https:\/\/algarve7.pt\/"},{"@type":"ListItem","position":2,"name":"Escolas do Algarve distinguem-se com projetos de refer\u00eancia e alcan\u00e7am pr\u00e9mios nacionais\u00a0"}]},{"@type":"WebSite","@id":"https:\/\/algarve7.pt\/#website","url":"https:\/\/algarve7.pt\/","name":"Algarve 7","description":"Informa\u00e7\u00e3o sobre o Algarve","publisher":{"@id":"https:\/\/algarve7.pt\/#organization"},"potentialAction":[{"@type":"SearchAction","target":{"@type":"EntryPoint","urlTemplate":"https:\/\/algarve7.pt\/?s={search_term_string}"},"query-input":{"@type":"PropertyValueSpecification","valueRequired":true,"valueName":"search_term_string"}}],"inLanguage":"pt-PT"},{"@type":"Organization","@id":"https:\/\/algarve7.pt\/#organization","name":"Algarve 7","url":"https:\/\/algarve7.pt\/","logo":{"@type":"ImageObject","inLanguage":"pt-PT","@id":"https:\/\/algarve7.pt\/#\/schema\/logo\/image\/","url":"https:\/\/algarve7.pt\/wp-content\/uploads\/2020\/10\/Logo-8.jpg","contentUrl":"https:\/\/algarve7.pt\/wp-content\/uploads\/2020\/10\/Logo-8.jpg","width":1680,"height":1186,"caption":"Algarve 7"},"image":{"@id":"https:\/\/algarve7.pt\/#\/schema\/logo\/image\/"},"sameAs":["https:\/\/www.facebook.com\/algarve7","https:\/\/x.com\/Algarvesete","https:\/\/www.instagram.com\/jornalalgarve7\/","https:\/\/www.linkedin.com\/company\/algarve7","https:\/\/www.pinterest.pt\/geral0939\/_created\/"]},{"@type":"Person","@id":"https:\/\/algarve7.pt\/#\/schema\/person\/23fa70681308e7b319a3204bcea45e0c","name":"Algarve 7","sameAs":["https:\/\/algarve7.pt","https:\/\/www.facebook.com\/algarve7"],"url":"https:\/\/algarve7.pt\/index.php\/author\/geralalgarve7-pt\/"}]}},"jetpack_publicize_connections":[],"jetpack_featured_media_url":"https:\/\/algarve7.pt\/wp-content\/uploads\/2026\/04\/Captura-de-ecra-2026-04-23-as-11.17.57.png","jetpack_shortlink":"https:\/\/wp.me\/pcezmW-g06","jetpack_sharing_enabled":true,"_links":{"self":[{"href":"https:\/\/algarve7.pt\/index.php\/wp-json\/wp\/v2\/posts\/61510","targetHints":{"allow":["GET"]}}],"collection":[{"href":"https:\/\/algarve7.pt\/index.php\/wp-json\/wp\/v2\/posts"}],"about":[{"href":"https:\/\/algarve7.pt\/index.php\/wp-json\/wp\/v2\/types\/post"}],"author":[{"embeddable":true,"href":"https:\/\/algarve7.pt\/index.php\/wp-json\/wp\/v2\/users\/1"}],"replies":[{"embeddable":true,"href":"https:\/\/algarve7.pt\/index.php\/wp-json\/wp\/v2\/comments?post=61510"}],"version-history":[{"count":1,"href":"https:\/\/algarve7.pt\/index.php\/wp-json\/wp\/v2\/posts\/61510\/revisions"}],"predecessor-version":[{"id":61569,"href":"https:\/\/algarve7.pt\/index.php\/wp-json\/wp\/v2\/posts\/61510\/revisions\/61569"}],"wp:featuredmedia":[{"embeddable":true,"href":"https:\/\/algarve7.pt\/index.php\/wp-json\/wp\/v2\/media\/61511"}],"wp:attachment":[{"href":"https:\/\/algarve7.pt\/index.php\/wp-json\/wp\/v2\/media?parent=61510"}],"wp:term":[{"taxonomy":"category","embeddable":true,"href":"https:\/\/algarve7.pt\/index.php\/wp-json\/wp\/v2\/categories?post=61510"},{"taxonomy":"post_tag","embeddable":true,"href":"https:\/\/algarve7.pt\/index.php\/wp-json\/wp\/v2\/tags?post=61510"}],"curies":[{"name":"wp","href":"https:\/\/api.w.org\/{rel}","templated":true}]}}