{"id":61504,"date":"2026-04-27T07:05:00","date_gmt":"2026-04-27T06:05:00","guid":{"rendered":"https:\/\/algarve7.pt\/?p=61504"},"modified":"2026-04-23T11:02:07","modified_gmt":"2026-04-23T10:02:07","slug":"5a-edicao-do-meeting-de-albufeira-by-ap-victoria-sports-afirma-se-como-referencia-no-atletismo-nacional-e-internacional","status":"publish","type":"post","link":"https:\/\/algarve7.pt\/index.php\/2026\/04\/5a-edicao-do-meeting-de-albufeira-by-ap-victoria-sports-afirma-se-como-referencia-no-atletismo-nacional-e-internacional\/desporto\/07\/05\/","title":{"rendered":"5\u00aa Edi\u00e7\u00e3o do Meeting de Albufeira by AP Victoria Sports afirma-se como refer\u00eancia no atletismo nacional e internacional"},"content":{"rendered":"\n<p>Albufeira recebe, no pr\u00f3ximo dia&nbsp;<strong>03 de maio<\/strong>, a&nbsp;<strong>5\u00aa edi\u00e7\u00e3o do Meeting de Albufeira by AP Victoria Sports<\/strong>, um evento j\u00e1 consolidado no panorama desportivo nacional e integrado no&nbsp;<strong>Circuito de Meetings de Atletismo de Portugal 2026<\/strong>, assumindo-se como uma competi\u00e7\u00e3o oficial do calend\u00e1rio nacional de atletismo.<\/p>\n\n\n\n<p>Realizado na emblem\u00e1tica pista de atletismo das A\u00e7oteias, este meeting come\u00e7a a afirmar-se como uma prova de refer\u00eancia, reunindo atletas de elevado n\u00edvel competitivo num cen\u00e1rio reconhecido pela sua excel\u00eancia para a pr\u00e1tica desportiva.<\/p>\n\n\n\n<p>A organiza\u00e7\u00e3o est\u00e1 a cargo da&nbsp;<strong>Associa\u00e7\u00e3o de Atletismo do Algarve<\/strong>, contando com o apoio institucional da&nbsp;<strong>C\u00e2mara Municipal de Albufeira<\/strong>, parceiro ativo desde a primeira edi\u00e7\u00e3o e fundamental para o crescimento sustentado do evento.<\/p>\n\n\n\n<p>Trata-se de uma competi\u00e7\u00e3o de atletismo de pista ao ar livre que integra um vasto conjunto de disciplinas, incluindo provas de velocidade, barreiras, meio-fundo, fundo, saltos e lan\u00e7amentos. O evento contar\u00e1 com a participa\u00e7\u00e3o de atletas nacionais e internacionais, representando mais de&nbsp;<strong>20 nacionalidades<\/strong>, refor\u00e7ando o seu car\u00e1cter global e competitivo.<\/p>\n\n\n\n<p>Para al\u00e9m da vertente competitiva, o meeting assume tamb\u00e9m um papel estrat\u00e9gico na promo\u00e7\u00e3o de Albufeira enquanto destino de excel\u00eancia para est\u00e1gios desportivos, sendo frequente a perman\u00eancia de atletas antes e ap\u00f3s a prova. As marcas obtidas s\u00e3o oficialmente homologadas, contribuindo para rankings nacionais e internacionais, bem como para a qualifica\u00e7\u00e3o em competi\u00e7\u00f5es de \u00e2mbito global.<\/p>\n\n\n\n<p>Do ponto de vista competitivo, o Meeting de Albufeira marca a&nbsp;<strong>abertura da \u00e9poca ao ar livre do circuito nacional<\/strong>, destacando-se pelo elevado n\u00edvel t\u00e9cnico e exig\u00eancia das provas. O sistema de pr\u00e9mios inclui prize money associado aos circuitos nacional e internacional, pontua\u00e7\u00e3o para o ranking individual dos atletas para a World Athletics, bem como a atribui\u00e7\u00e3o de medalhas aos tr\u00eas primeiros classificados de cada categoria, em masculino e feminino.<\/p>\n\n\n\n<p>Este evento assume um papel relevante no desenvolvimento do atletismo nacional e enquadra-se plenamente nas iniciativas associadas \u00e0 distin\u00e7\u00e3o de&nbsp;<strong>Albufeira como Cidade Europeia do Desporto 2026<\/strong>, refor\u00e7ando a sua notoriedade no panorama desportivo internacional.<\/p>\n\n\n\n<p>Com um forte impacto institucional e territorial, o Meeting de Albufeira contribui significativamente para a promo\u00e7\u00e3o do desporto e da atividade f\u00edsica, potenciando sinergias entre clubes, associa\u00e7\u00f5es e entidades p\u00fablicas.<\/p>\n\n\n\n<p>O Grupo AP Hotels &amp; Resorts orgulha-se de fazer parte da organiza\u00e7\u00e3o deste evento, considerando um privil\u00e9gio contribuir para a sua realiza\u00e7\u00e3o. Esta iniciativa refor\u00e7a a aposta cont\u00ednua do grupo na promo\u00e7\u00e3o da pr\u00e1tica desportiva e no apoio ao desenvolvimento de eventos que valorizam o territ\u00f3rio e a comunidade.<\/p>\n\n\n\n<p><strong>Local:<\/strong>&nbsp;AP Victoria Sports &amp; Beach, Albufeira<br><strong>Data:<\/strong>&nbsp;03 de maio de 2026<\/p>\n\n\n\n<p><strong>Link para inscri\u00e7\u00f5es:\u00a0<\/strong><a href=\"https:\/\/fpacompeticoes.pt\/5925\/inscrever\" target=\"_blank\" rel=\"noreferrer noopener\"><strong>https:\/\/fpacompeticoes.pt\/5925\/inscrever<\/strong><\/a><\/p>\n","protected":false},"excerpt":{"rendered":"<p>Albufeira recebe, no pr\u00f3ximo dia&nbsp;03 de maio, a&nbsp;5\u00aa edi\u00e7\u00e3o do Meeting de Albufeira by AP Victoria Sports, um evento j\u00e1<\/p>\n","protected":false},"author":1,"featured_media":61505,"comment_status":"closed","ping_status":"closed","sticky":false,"template":"","format":"standard","meta":{"colormag_page_container_layout":"default_layout","colormag_page_sidebar_layout":"default_layout","_monsterinsights_skip_tracking":false,"_monsterinsights_sitenote_active":false,"_monsterinsights_sitenote_note":"","_monsterinsights_sitenote_category":0,"jetpack_post_was_ever_published":false,"_jetpack_newsletter_access":"","_jetpack_dont_email_post_to_subs":false,"_jetpack_newsletter_tier_id":0,"_jetpack_memberships_contains_paywalled_content":false,"_jetpack_memberships_contains_paid_content":false,"footnotes":"","jetpack_publicize_message":"","jetpack_publicize_feature_enabled":true,"jetpack_social_post_already_shared":true,"jetpack_social_options":{"image_generator_settings":{"template":"highway","default_image_id":0,"font":"","enabled":false},"version":2}},"categories":[15],"tags":[155,36,40],"class_list":["post-61504","post","type-post","status-publish","format-standard","has-post-thumbnail","hentry","category-desporto","tag-albufeira","tag-algarve","tag-desporto"],"yoast_head":"<!-- This site is optimized with the Yoast SEO plugin v27.4 - https:\/\/yoast.com\/product\/yoast-seo-wordpress\/ -->\n<title>5\u00aa Edi\u00e7\u00e3o do Meeting de Albufeira by AP Victoria Sports afirma-se como refer\u00eancia no atletismo nacional e internacional - Algarve 7<\/title>\n<meta name=\"description\" content=\"5\u00aa Edi\u00e7\u00e3o do Meeting de Albufeira by AP Victoria Sports afirma-se como refer\u00eancia no atletismo nacional e internacional Desporto\" \/>\n<meta name=\"robots\" content=\"index, follow, max-snippet:-1, max-image-preview:large, max-video-preview:-1\" \/>\n<link rel=\"canonical\" href=\"https:\/\/algarve7.pt\/index.php\/2026\/04\/5a-edicao-do-meeting-de-albufeira-by-ap-victoria-sports-afirma-se-como-referencia-no-atletismo-nacional-e-internacional\/desporto\/07\/05\/\" \/>\n<meta property=\"og:locale\" content=\"pt_PT\" \/>\n<meta property=\"og:type\" content=\"article\" \/>\n<meta property=\"og:title\" content=\"5\u00aa Edi\u00e7\u00e3o do Meeting de Albufeira by AP Victoria Sports afirma-se como refer\u00eancia no atletismo nacional e internacional - Algarve 7\" \/>\n<meta property=\"og:description\" content=\"5\u00aa Edi\u00e7\u00e3o do Meeting de Albufeira by AP Victoria Sports afirma-se como refer\u00eancia no atletismo nacional e internacional Desporto\" \/>\n<meta property=\"og:url\" content=\"https:\/\/algarve7.pt\/index.php\/2026\/04\/5a-edicao-do-meeting-de-albufeira-by-ap-victoria-sports-afirma-se-como-referencia-no-atletismo-nacional-e-internacional\/desporto\/07\/05\/\" \/>\n<meta property=\"og:site_name\" content=\"Algarve 7\" \/>\n<meta property=\"article:publisher\" content=\"https:\/\/www.facebook.com\/algarve7\" \/>\n<meta property=\"article:author\" content=\"https:\/\/www.facebook.com\/algarve7\" \/>\n<meta property=\"article:published_time\" content=\"2026-04-27T06:05:00+00:00\" \/>\n<meta property=\"og:image\" content=\"https:\/\/algarve7.pt\/wp-content\/uploads\/2026\/04\/primage_84362.jpeg\" \/>\n\t<meta property=\"og:image:width\" content=\"800\" \/>\n\t<meta property=\"og:image:height\" content=\"445\" \/>\n\t<meta property=\"og:image:type\" content=\"image\/jpeg\" \/>\n<meta name=\"author\" content=\"Algarve 7\" \/>\n<meta name=\"twitter:card\" content=\"summary_large_image\" \/>\n<meta name=\"twitter:creator\" content=\"@Algarvesete\" \/>\n<meta name=\"twitter:site\" content=\"@Algarvesete\" \/>\n<meta name=\"twitter:label1\" content=\"Escrito por\" \/>\n\t<meta name=\"twitter:data1\" content=\"Algarve 7\" \/>\n\t<meta name=\"twitter:label2\" content=\"Tempo estimado de leitura\" \/>\n\t<meta name=\"twitter:data2\" content=\"3 minutos\" \/>\n<script type=\"application\/ld+json\" class=\"yoast-schema-graph\">{\"@context\":\"https:\\\/\\\/schema.org\",\"@graph\":[{\"@type\":\"Article\",\"@id\":\"https:\\\/\\\/algarve7.pt\\\/index.php\\\/2026\\\/04\\\/5a-edicao-do-meeting-de-albufeira-by-ap-victoria-sports-afirma-se-como-referencia-no-atletismo-nacional-e-internacional\\\/desporto\\\/07\\\/05\\\/#article\",\"isPartOf\":{\"@id\":\"https:\\\/\\\/algarve7.pt\\\/index.php\\\/2026\\\/04\\\/5a-edicao-do-meeting-de-albufeira-by-ap-victoria-sports-afirma-se-como-referencia-no-atletismo-nacional-e-internacional\\\/desporto\\\/07\\\/05\\\/\"},\"author\":{\"name\":\"Algarve 7\",\"@id\":\"https:\\\/\\\/algarve7.pt\\\/#\\\/schema\\\/person\\\/23fa70681308e7b319a3204bcea45e0c\"},\"headline\":\"5\u00aa Edi\u00e7\u00e3o do Meeting de Albufeira by AP Victoria Sports afirma-se como refer\u00eancia no atletismo nacional e internacional\",\"datePublished\":\"2026-04-27T06:05:00+00:00\",\"mainEntityOfPage\":{\"@id\":\"https:\\\/\\\/algarve7.pt\\\/index.php\\\/2026\\\/04\\\/5a-edicao-do-meeting-de-albufeira-by-ap-victoria-sports-afirma-se-como-referencia-no-atletismo-nacional-e-internacional\\\/desporto\\\/07\\\/05\\\/\"},\"wordCount\":503,\"publisher\":{\"@id\":\"https:\\\/\\\/algarve7.pt\\\/#organization\"},\"image\":{\"@id\":\"https:\\\/\\\/algarve7.pt\\\/index.php\\\/2026\\\/04\\\/5a-edicao-do-meeting-de-albufeira-by-ap-victoria-sports-afirma-se-como-referencia-no-atletismo-nacional-e-internacional\\\/desporto\\\/07\\\/05\\\/#primaryimage\"},\"thumbnailUrl\":\"https:\\\/\\\/algarve7.pt\\\/wp-content\\\/uploads\\\/2026\\\/04\\\/primage_84362.jpeg\",\"keywords\":[\"Albufeira\",\"Algarve\",\"Desporto\"],\"articleSection\":[\"Desporto\"],\"inLanguage\":\"pt-PT\"},{\"@type\":\"WebPage\",\"@id\":\"https:\\\/\\\/algarve7.pt\\\/index.php\\\/2026\\\/04\\\/5a-edicao-do-meeting-de-albufeira-by-ap-victoria-sports-afirma-se-como-referencia-no-atletismo-nacional-e-internacional\\\/desporto\\\/07\\\/05\\\/\",\"url\":\"https:\\\/\\\/algarve7.pt\\\/index.php\\\/2026\\\/04\\\/5a-edicao-do-meeting-de-albufeira-by-ap-victoria-sports-afirma-se-como-referencia-no-atletismo-nacional-e-internacional\\\/desporto\\\/07\\\/05\\\/\",\"name\":\"5\u00aa Edi\u00e7\u00e3o do Meeting de Albufeira by AP Victoria Sports afirma-se como refer\u00eancia no atletismo nacional e internacional - Algarve 7\",\"isPartOf\":{\"@id\":\"https:\\\/\\\/algarve7.pt\\\/#website\"},\"primaryImageOfPage\":{\"@id\":\"https:\\\/\\\/algarve7.pt\\\/index.php\\\/2026\\\/04\\\/5a-edicao-do-meeting-de-albufeira-by-ap-victoria-sports-afirma-se-como-referencia-no-atletismo-nacional-e-internacional\\\/desporto\\\/07\\\/05\\\/#primaryimage\"},\"image\":{\"@id\":\"https:\\\/\\\/algarve7.pt\\\/index.php\\\/2026\\\/04\\\/5a-edicao-do-meeting-de-albufeira-by-ap-victoria-sports-afirma-se-como-referencia-no-atletismo-nacional-e-internacional\\\/desporto\\\/07\\\/05\\\/#primaryimage\"},\"thumbnailUrl\":\"https:\\\/\\\/algarve7.pt\\\/wp-content\\\/uploads\\\/2026\\\/04\\\/primage_84362.jpeg\",\"datePublished\":\"2026-04-27T06:05:00+00:00\",\"description\":\"5\u00aa Edi\u00e7\u00e3o do Meeting de Albufeira by AP Victoria Sports afirma-se como refer\u00eancia no atletismo nacional e internacional Desporto\",\"breadcrumb\":{\"@id\":\"https:\\\/\\\/algarve7.pt\\\/index.php\\\/2026\\\/04\\\/5a-edicao-do-meeting-de-albufeira-by-ap-victoria-sports-afirma-se-como-referencia-no-atletismo-nacional-e-internacional\\\/desporto\\\/07\\\/05\\\/#breadcrumb\"},\"inLanguage\":\"pt-PT\",\"potentialAction\":[{\"@type\":\"ReadAction\",\"target\":[\"https:\\\/\\\/algarve7.pt\\\/index.php\\\/2026\\\/04\\\/5a-edicao-do-meeting-de-albufeira-by-ap-victoria-sports-afirma-se-como-referencia-no-atletismo-nacional-e-internacional\\\/desporto\\\/07\\\/05\\\/\"]}]},{\"@type\":\"ImageObject\",\"inLanguage\":\"pt-PT\",\"@id\":\"https:\\\/\\\/algarve7.pt\\\/index.php\\\/2026\\\/04\\\/5a-edicao-do-meeting-de-albufeira-by-ap-victoria-sports-afirma-se-como-referencia-no-atletismo-nacional-e-internacional\\\/desporto\\\/07\\\/05\\\/#primaryimage\",\"url\":\"https:\\\/\\\/algarve7.pt\\\/wp-content\\\/uploads\\\/2026\\\/04\\\/primage_84362.jpeg\",\"contentUrl\":\"https:\\\/\\\/algarve7.pt\\\/wp-content\\\/uploads\\\/2026\\\/04\\\/primage_84362.jpeg\",\"width\":800,\"height\":445},{\"@type\":\"BreadcrumbList\",\"@id\":\"https:\\\/\\\/algarve7.pt\\\/index.php\\\/2026\\\/04\\\/5a-edicao-do-meeting-de-albufeira-by-ap-victoria-sports-afirma-se-como-referencia-no-atletismo-nacional-e-internacional\\\/desporto\\\/07\\\/05\\\/#breadcrumb\",\"itemListElement\":[{\"@type\":\"ListItem\",\"position\":1,\"name\":\"In\u00edcio\",\"item\":\"https:\\\/\\\/algarve7.pt\\\/\"},{\"@type\":\"ListItem\",\"position\":2,\"name\":\"5\u00aa Edi\u00e7\u00e3o do Meeting de Albufeira by AP Victoria Sports afirma-se como refer\u00eancia no atletismo nacional e internacional\"}]},{\"@type\":\"WebSite\",\"@id\":\"https:\\\/\\\/algarve7.pt\\\/#website\",\"url\":\"https:\\\/\\\/algarve7.pt\\\/\",\"name\":\"Algarve 7\",\"description\":\"Informa\u00e7\u00e3o sobre o Algarve\",\"publisher\":{\"@id\":\"https:\\\/\\\/algarve7.pt\\\/#organization\"},\"potentialAction\":[{\"@type\":\"SearchAction\",\"target\":{\"@type\":\"EntryPoint\",\"urlTemplate\":\"https:\\\/\\\/algarve7.pt\\\/?s={search_term_string}\"},\"query-input\":{\"@type\":\"PropertyValueSpecification\",\"valueRequired\":true,\"valueName\":\"search_term_string\"}}],\"inLanguage\":\"pt-PT\"},{\"@type\":\"Organization\",\"@id\":\"https:\\\/\\\/algarve7.pt\\\/#organization\",\"name\":\"Algarve 7\",\"url\":\"https:\\\/\\\/algarve7.pt\\\/\",\"logo\":{\"@type\":\"ImageObject\",\"inLanguage\":\"pt-PT\",\"@id\":\"https:\\\/\\\/algarve7.pt\\\/#\\\/schema\\\/logo\\\/image\\\/\",\"url\":\"https:\\\/\\\/algarve7.pt\\\/wp-content\\\/uploads\\\/2020\\\/10\\\/Logo-8.jpg\",\"contentUrl\":\"https:\\\/\\\/algarve7.pt\\\/wp-content\\\/uploads\\\/2020\\\/10\\\/Logo-8.jpg\",\"width\":1680,\"height\":1186,\"caption\":\"Algarve 7\"},\"image\":{\"@id\":\"https:\\\/\\\/algarve7.pt\\\/#\\\/schema\\\/logo\\\/image\\\/\"},\"sameAs\":[\"https:\\\/\\\/www.facebook.com\\\/algarve7\",\"https:\\\/\\\/x.com\\\/Algarvesete\",\"https:\\\/\\\/www.instagram.com\\\/jornalalgarve7\\\/\",\"https:\\\/\\\/www.linkedin.com\\\/company\\\/algarve7\",\"https:\\\/\\\/www.pinterest.pt\\\/geral0939\\\/_created\\\/\"]},{\"@type\":\"Person\",\"@id\":\"https:\\\/\\\/algarve7.pt\\\/#\\\/schema\\\/person\\\/23fa70681308e7b319a3204bcea45e0c\",\"name\":\"Algarve 7\",\"sameAs\":[\"https:\\\/\\\/algarve7.pt\",\"https:\\\/\\\/www.facebook.com\\\/algarve7\"],\"url\":\"https:\\\/\\\/algarve7.pt\\\/index.php\\\/author\\\/geralalgarve7-pt\\\/\"}]}<\/script>\n<!-- \/ Yoast SEO plugin. -->","yoast_head_json":{"title":"5\u00aa Edi\u00e7\u00e3o do Meeting de Albufeira by AP Victoria Sports afirma-se como refer\u00eancia no atletismo nacional e internacional - Algarve 7","description":"5\u00aa Edi\u00e7\u00e3o do Meeting de Albufeira by AP Victoria Sports afirma-se como refer\u00eancia no atletismo nacional e internacional Desporto","robots":{"index":"index","follow":"follow","max-snippet":"max-snippet:-1","max-image-preview":"max-image-preview:large","max-video-preview":"max-video-preview:-1"},"canonical":"https:\/\/algarve7.pt\/index.php\/2026\/04\/5a-edicao-do-meeting-de-albufeira-by-ap-victoria-sports-afirma-se-como-referencia-no-atletismo-nacional-e-internacional\/desporto\/07\/05\/","og_locale":"pt_PT","og_type":"article","og_title":"5\u00aa Edi\u00e7\u00e3o do Meeting de Albufeira by AP Victoria Sports afirma-se como refer\u00eancia no atletismo nacional e internacional - Algarve 7","og_description":"5\u00aa Edi\u00e7\u00e3o do Meeting de Albufeira by AP Victoria Sports afirma-se como refer\u00eancia no atletismo nacional e internacional Desporto","og_url":"https:\/\/algarve7.pt\/index.php\/2026\/04\/5a-edicao-do-meeting-de-albufeira-by-ap-victoria-sports-afirma-se-como-referencia-no-atletismo-nacional-e-internacional\/desporto\/07\/05\/","og_site_name":"Algarve 7","article_publisher":"https:\/\/www.facebook.com\/algarve7","article_author":"https:\/\/www.facebook.com\/algarve7","article_published_time":"2026-04-27T06:05:00+00:00","og_image":[{"width":800,"height":445,"url":"https:\/\/algarve7.pt\/wp-content\/uploads\/2026\/04\/primage_84362.jpeg","type":"image\/jpeg"}],"author":"Algarve 7","twitter_card":"summary_large_image","twitter_creator":"@Algarvesete","twitter_site":"@Algarvesete","twitter_misc":{"Escrito por":"Algarve 7","Tempo estimado de leitura":"3 minutos"},"schema":{"@context":"https:\/\/schema.org","@graph":[{"@type":"Article","@id":"https:\/\/algarve7.pt\/index.php\/2026\/04\/5a-edicao-do-meeting-de-albufeira-by-ap-victoria-sports-afirma-se-como-referencia-no-atletismo-nacional-e-internacional\/desporto\/07\/05\/#article","isPartOf":{"@id":"https:\/\/algarve7.pt\/index.php\/2026\/04\/5a-edicao-do-meeting-de-albufeira-by-ap-victoria-sports-afirma-se-como-referencia-no-atletismo-nacional-e-internacional\/desporto\/07\/05\/"},"author":{"name":"Algarve 7","@id":"https:\/\/algarve7.pt\/#\/schema\/person\/23fa70681308e7b319a3204bcea45e0c"},"headline":"5\u00aa Edi\u00e7\u00e3o do Meeting de Albufeira by AP Victoria Sports afirma-se como refer\u00eancia no atletismo nacional e internacional","datePublished":"2026-04-27T06:05:00+00:00","mainEntityOfPage":{"@id":"https:\/\/algarve7.pt\/index.php\/2026\/04\/5a-edicao-do-meeting-de-albufeira-by-ap-victoria-sports-afirma-se-como-referencia-no-atletismo-nacional-e-internacional\/desporto\/07\/05\/"},"wordCount":503,"publisher":{"@id":"https:\/\/algarve7.pt\/#organization"},"image":{"@id":"https:\/\/algarve7.pt\/index.php\/2026\/04\/5a-edicao-do-meeting-de-albufeira-by-ap-victoria-sports-afirma-se-como-referencia-no-atletismo-nacional-e-internacional\/desporto\/07\/05\/#primaryimage"},"thumbnailUrl":"https:\/\/algarve7.pt\/wp-content\/uploads\/2026\/04\/primage_84362.jpeg","keywords":["Albufeira","Algarve","Desporto"],"articleSection":["Desporto"],"inLanguage":"pt-PT"},{"@type":"WebPage","@id":"https:\/\/algarve7.pt\/index.php\/2026\/04\/5a-edicao-do-meeting-de-albufeira-by-ap-victoria-sports-afirma-se-como-referencia-no-atletismo-nacional-e-internacional\/desporto\/07\/05\/","url":"https:\/\/algarve7.pt\/index.php\/2026\/04\/5a-edicao-do-meeting-de-albufeira-by-ap-victoria-sports-afirma-se-como-referencia-no-atletismo-nacional-e-internacional\/desporto\/07\/05\/","name":"5\u00aa Edi\u00e7\u00e3o do Meeting de Albufeira by AP Victoria Sports afirma-se como refer\u00eancia no atletismo nacional e internacional - Algarve 7","isPartOf":{"@id":"https:\/\/algarve7.pt\/#website"},"primaryImageOfPage":{"@id":"https:\/\/algarve7.pt\/index.php\/2026\/04\/5a-edicao-do-meeting-de-albufeira-by-ap-victoria-sports-afirma-se-como-referencia-no-atletismo-nacional-e-internacional\/desporto\/07\/05\/#primaryimage"},"image":{"@id":"https:\/\/algarve7.pt\/index.php\/2026\/04\/5a-edicao-do-meeting-de-albufeira-by-ap-victoria-sports-afirma-se-como-referencia-no-atletismo-nacional-e-internacional\/desporto\/07\/05\/#primaryimage"},"thumbnailUrl":"https:\/\/algarve7.pt\/wp-content\/uploads\/2026\/04\/primage_84362.jpeg","datePublished":"2026-04-27T06:05:00+00:00","description":"5\u00aa Edi\u00e7\u00e3o do Meeting de Albufeira by AP Victoria Sports afirma-se como refer\u00eancia no atletismo nacional e internacional Desporto","breadcrumb":{"@id":"https:\/\/algarve7.pt\/index.php\/2026\/04\/5a-edicao-do-meeting-de-albufeira-by-ap-victoria-sports-afirma-se-como-referencia-no-atletismo-nacional-e-internacional\/desporto\/07\/05\/#breadcrumb"},"inLanguage":"pt-PT","potentialAction":[{"@type":"ReadAction","target":["https:\/\/algarve7.pt\/index.php\/2026\/04\/5a-edicao-do-meeting-de-albufeira-by-ap-victoria-sports-afirma-se-como-referencia-no-atletismo-nacional-e-internacional\/desporto\/07\/05\/"]}]},{"@type":"ImageObject","inLanguage":"pt-PT","@id":"https:\/\/algarve7.pt\/index.php\/2026\/04\/5a-edicao-do-meeting-de-albufeira-by-ap-victoria-sports-afirma-se-como-referencia-no-atletismo-nacional-e-internacional\/desporto\/07\/05\/#primaryimage","url":"https:\/\/algarve7.pt\/wp-content\/uploads\/2026\/04\/primage_84362.jpeg","contentUrl":"https:\/\/algarve7.pt\/wp-content\/uploads\/2026\/04\/primage_84362.jpeg","width":800,"height":445},{"@type":"BreadcrumbList","@id":"https:\/\/algarve7.pt\/index.php\/2026\/04\/5a-edicao-do-meeting-de-albufeira-by-ap-victoria-sports-afirma-se-como-referencia-no-atletismo-nacional-e-internacional\/desporto\/07\/05\/#breadcrumb","itemListElement":[{"@type":"ListItem","position":1,"name":"In\u00edcio","item":"https:\/\/algarve7.pt\/"},{"@type":"ListItem","position":2,"name":"5\u00aa Edi\u00e7\u00e3o do Meeting de Albufeira by AP Victoria Sports afirma-se como refer\u00eancia no atletismo nacional e internacional"}]},{"@type":"WebSite","@id":"https:\/\/algarve7.pt\/#website","url":"https:\/\/algarve7.pt\/","name":"Algarve 7","description":"Informa\u00e7\u00e3o sobre o Algarve","publisher":{"@id":"https:\/\/algarve7.pt\/#organization"},"potentialAction":[{"@type":"SearchAction","target":{"@type":"EntryPoint","urlTemplate":"https:\/\/algarve7.pt\/?s={search_term_string}"},"query-input":{"@type":"PropertyValueSpecification","valueRequired":true,"valueName":"search_term_string"}}],"inLanguage":"pt-PT"},{"@type":"Organization","@id":"https:\/\/algarve7.pt\/#organization","name":"Algarve 7","url":"https:\/\/algarve7.pt\/","logo":{"@type":"ImageObject","inLanguage":"pt-PT","@id":"https:\/\/algarve7.pt\/#\/schema\/logo\/image\/","url":"https:\/\/algarve7.pt\/wp-content\/uploads\/2020\/10\/Logo-8.jpg","contentUrl":"https:\/\/algarve7.pt\/wp-content\/uploads\/2020\/10\/Logo-8.jpg","width":1680,"height":1186,"caption":"Algarve 7"},"image":{"@id":"https:\/\/algarve7.pt\/#\/schema\/logo\/image\/"},"sameAs":["https:\/\/www.facebook.com\/algarve7","https:\/\/x.com\/Algarvesete","https:\/\/www.instagram.com\/jornalalgarve7\/","https:\/\/www.linkedin.com\/company\/algarve7","https:\/\/www.pinterest.pt\/geral0939\/_created\/"]},{"@type":"Person","@id":"https:\/\/algarve7.pt\/#\/schema\/person\/23fa70681308e7b319a3204bcea45e0c","name":"Algarve 7","sameAs":["https:\/\/algarve7.pt","https:\/\/www.facebook.com\/algarve7"],"url":"https:\/\/algarve7.pt\/index.php\/author\/geralalgarve7-pt\/"}]}},"jetpack_publicize_connections":[],"jetpack_featured_media_url":"https:\/\/algarve7.pt\/wp-content\/uploads\/2026\/04\/primage_84362.jpeg","jetpack_shortlink":"https:\/\/wp.me\/pcezmW-g00","jetpack_sharing_enabled":true,"_links":{"self":[{"href":"https:\/\/algarve7.pt\/index.php\/wp-json\/wp\/v2\/posts\/61504","targetHints":{"allow":["GET"]}}],"collection":[{"href":"https:\/\/algarve7.pt\/index.php\/wp-json\/wp\/v2\/posts"}],"about":[{"href":"https:\/\/algarve7.pt\/index.php\/wp-json\/wp\/v2\/types\/post"}],"author":[{"embeddable":true,"href":"https:\/\/algarve7.pt\/index.php\/wp-json\/wp\/v2\/users\/1"}],"replies":[{"embeddable":true,"href":"https:\/\/algarve7.pt\/index.php\/wp-json\/wp\/v2\/comments?post=61504"}],"version-history":[{"count":1,"href":"https:\/\/algarve7.pt\/index.php\/wp-json\/wp\/v2\/posts\/61504\/revisions"}],"predecessor-version":[{"id":61568,"href":"https:\/\/algarve7.pt\/index.php\/wp-json\/wp\/v2\/posts\/61504\/revisions\/61568"}],"wp:featuredmedia":[{"embeddable":true,"href":"https:\/\/algarve7.pt\/index.php\/wp-json\/wp\/v2\/media\/61505"}],"wp:attachment":[{"href":"https:\/\/algarve7.pt\/index.php\/wp-json\/wp\/v2\/media?parent=61504"}],"wp:term":[{"taxonomy":"category","embeddable":true,"href":"https:\/\/algarve7.pt\/index.php\/wp-json\/wp\/v2\/categories?post=61504"},{"taxonomy":"post_tag","embeddable":true,"href":"https:\/\/algarve7.pt\/index.php\/wp-json\/wp\/v2\/tags?post=61504"}],"curies":[{"name":"wp","href":"https:\/\/api.w.org\/{rel}","templated":true}]}}