{"id":61492,"date":"2026-04-26T09:30:00","date_gmt":"2026-04-26T08:30:00","guid":{"rendered":"https:\/\/algarve7.pt\/?p=61492"},"modified":"2026-04-23T10:36:23","modified_gmt":"2026-04-23T09:36:23","slug":"geracao-depositrao-desafia-escolas-de-faro-a-recolher-residuos-eletricos-eletronicos-pilhas-e-baterias","status":"publish","type":"post","link":"https:\/\/algarve7.pt\/index.php\/2026\/04\/geracao-depositrao-desafia-escolas-de-faro-a-recolher-residuos-eletricos-eletronicos-pilhas-e-baterias\/ambiente\/09\/30\/","title":{"rendered":"Gera\u00e7\u00e3o Depositr\u00e3o desafia escolas de Faro a recolher res\u00edduos el\u00e9tricos, eletr\u00f3nicos,\u00a0pilhas\u00a0e baterias\u00a0"},"content":{"rendered":"\n<p>A comunidade escolar do distrito de Faro ainda pode participar na 18.\u00aa edi\u00e7\u00e3o da Gera\u00e7\u00e3o Depositr\u00e3o, um projeto nacional de literacia ambiental, e recolher res\u00edduos de equipamentos el\u00e9tricos e eletr\u00f3nicos (REEE), res\u00edduos de pilhas e baterias (RB) at\u00e9 ao final do ano letivo.&nbsp;<\/p>\n\n\n\n<p>Esta iniciativa, promovida pela ERP Portugal, entidade gestora de REEE e RB, desafia alunos e professores de Faro a participarem ativamente na recolha e correto encaminhamento deste tipo de res\u00edduos e contribu\u00edrem para as metas europeias de reciclagem.&nbsp;<\/p>\n\n\n\n<p>As escolas com melhor desempenho ser\u00e3o distinguidas com pr\u00e9mios em diversas categorias, incluindo: peso absoluto, peso per capita, categoria de REEE (TV, monitores, l\u00e2mpadas, equipamentos de refrigera\u00e7\u00e3o e pilhas). O programa \u00e9 aberto a todas as escolas, desde o jardim de inf\u00e2ncia ao&nbsp;ensino&nbsp;superior, e at\u00e9 ao final ano letivo&nbsp;podem fazer os pedidos de recolha de REEE e RB, e consultar todas as informa\u00e7\u00f5es sobre o mesmo na plataforma&nbsp;eureciclo.pt.&nbsp;<\/p>\n\n\n\n<p>\u201cNesta edi\u00e7\u00e3o da Gera\u00e7\u00e3o Depositr\u00e3o, refor\u00e7amos o nosso apelo a todas as escolas de Faro para se juntarem a este movimento pela sustentabilidade. Cada REEE, pilha ou bateria recolhida \u00e9 um contributo direto para um futuro mais verde e um passo crucial na educa\u00e7\u00e3o ambiental dos jovens. Convidamos toda a comunidade escolar a mobilizar-se, a bater novos recordes de recolha e a demonstrar que a participa\u00e7\u00e3o de todos tem impacto no nosso planeta\u201d, afirma&nbsp;<strong>Rosa Monforte, Diretora Geral da ERP Portugal.<\/strong><\/p>\n","protected":false},"excerpt":{"rendered":"<p>A comunidade escolar do distrito de Faro ainda pode participar na 18.\u00aa edi\u00e7\u00e3o da Gera\u00e7\u00e3o Depositr\u00e3o, um projeto nacional de<\/p>\n","protected":false},"author":1,"featured_media":61493,"comment_status":"closed","ping_status":"closed","sticky":false,"template":"","format":"standard","meta":{"colormag_page_container_layout":"default_layout","colormag_page_sidebar_layout":"default_layout","_monsterinsights_skip_tracking":false,"_monsterinsights_sitenote_active":false,"_monsterinsights_sitenote_note":"","_monsterinsights_sitenote_category":0,"jetpack_post_was_ever_published":false,"_jetpack_newsletter_access":"","_jetpack_dont_email_post_to_subs":false,"_jetpack_newsletter_tier_id":0,"_jetpack_memberships_contains_paywalled_content":false,"_jetpack_memberships_contains_paid_content":false,"footnotes":"","jetpack_publicize_message":"","jetpack_publicize_feature_enabled":true,"jetpack_social_post_already_shared":true,"jetpack_social_options":{"image_generator_settings":{"template":"highway","default_image_id":0,"font":"","enabled":false},"version":2}},"categories":[5],"tags":[36,32,138,57],"class_list":["post-61492","post","type-post","status-publish","format-standard","has-post-thumbnail","hentry","category-ambiente","tag-algarve","tag-ambiente","tag-escola","tag-faro"],"yoast_head":"<!-- This site is optimized with the Yoast SEO plugin v27.4 - https:\/\/yoast.com\/product\/yoast-seo-wordpress\/ -->\n<title>Gera\u00e7\u00e3o Depositr\u00e3o desafia escolas de Faro a recolher res\u00edduos el\u00e9tricos, eletr\u00f3nicos,\u00a0pilhas\u00a0e baterias\u00a0 - Algarve 7<\/title>\n<meta name=\"description\" content=\"Gera\u00e7\u00e3o Depositr\u00e3o desafia escolas de Faro a recolher res\u00edduos el\u00e9tricos, eletr\u00f3nicos,\u00a0pilhas\u00a0e baterias\u00a0 Ambiente\" \/>\n<meta name=\"robots\" content=\"index, follow, max-snippet:-1, max-image-preview:large, max-video-preview:-1\" \/>\n<link rel=\"canonical\" href=\"https:\/\/algarve7.pt\/index.php\/2026\/04\/geracao-depositrao-desafia-escolas-de-faro-a-recolher-residuos-eletricos-eletronicos-pilhas-e-baterias\/ambiente\/09\/30\/\" \/>\n<meta property=\"og:locale\" content=\"pt_PT\" \/>\n<meta property=\"og:type\" content=\"article\" \/>\n<meta property=\"og:title\" content=\"Gera\u00e7\u00e3o Depositr\u00e3o desafia escolas de Faro a recolher res\u00edduos el\u00e9tricos, eletr\u00f3nicos,\u00a0pilhas\u00a0e baterias\u00a0 - Algarve 7\" \/>\n<meta property=\"og:description\" content=\"Gera\u00e7\u00e3o Depositr\u00e3o desafia escolas de Faro a recolher res\u00edduos el\u00e9tricos, eletr\u00f3nicos,\u00a0pilhas\u00a0e baterias\u00a0 Ambiente\" \/>\n<meta property=\"og:url\" content=\"https:\/\/algarve7.pt\/index.php\/2026\/04\/geracao-depositrao-desafia-escolas-de-faro-a-recolher-residuos-eletricos-eletronicos-pilhas-e-baterias\/ambiente\/09\/30\/\" \/>\n<meta property=\"og:site_name\" content=\"Algarve 7\" \/>\n<meta property=\"article:publisher\" content=\"https:\/\/www.facebook.com\/algarve7\" \/>\n<meta property=\"article:author\" content=\"https:\/\/www.facebook.com\/algarve7\" \/>\n<meta property=\"article:published_time\" content=\"2026-04-26T08:30:00+00:00\" \/>\n<meta property=\"og:image\" content=\"https:\/\/algarve7.pt\/wp-content\/uploads\/2026\/04\/Captura-de-ecra-2026-04-23-as-10.33.58.png\" \/>\n\t<meta property=\"og:image:width\" content=\"800\" \/>\n\t<meta property=\"og:image:height\" content=\"445\" \/>\n\t<meta property=\"og:image:type\" content=\"image\/png\" \/>\n<meta name=\"author\" content=\"Algarve 7\" \/>\n<meta name=\"twitter:card\" content=\"summary_large_image\" \/>\n<meta name=\"twitter:creator\" content=\"@Algarvesete\" \/>\n<meta name=\"twitter:site\" content=\"@Algarvesete\" \/>\n<meta name=\"twitter:label1\" content=\"Escrito por\" \/>\n\t<meta name=\"twitter:data1\" content=\"Algarve 7\" \/>\n\t<meta name=\"twitter:label2\" content=\"Tempo estimado de leitura\" \/>\n\t<meta name=\"twitter:data2\" content=\"2 minutos\" \/>\n<script type=\"application\/ld+json\" class=\"yoast-schema-graph\">{\"@context\":\"https:\\\/\\\/schema.org\",\"@graph\":[{\"@type\":\"Article\",\"@id\":\"https:\\\/\\\/algarve7.pt\\\/index.php\\\/2026\\\/04\\\/geracao-depositrao-desafia-escolas-de-faro-a-recolher-residuos-eletricos-eletronicos-pilhas-e-baterias\\\/ambiente\\\/09\\\/30\\\/#article\",\"isPartOf\":{\"@id\":\"https:\\\/\\\/algarve7.pt\\\/index.php\\\/2026\\\/04\\\/geracao-depositrao-desafia-escolas-de-faro-a-recolher-residuos-eletricos-eletronicos-pilhas-e-baterias\\\/ambiente\\\/09\\\/30\\\/\"},\"author\":{\"name\":\"Algarve 7\",\"@id\":\"https:\\\/\\\/algarve7.pt\\\/#\\\/schema\\\/person\\\/23fa70681308e7b319a3204bcea45e0c\"},\"headline\":\"Gera\u00e7\u00e3o Depositr\u00e3o desafia escolas de Faro a recolher res\u00edduos el\u00e9tricos, eletr\u00f3nicos,\u00a0pilhas\u00a0e baterias\u00a0\",\"datePublished\":\"2026-04-26T08:30:00+00:00\",\"mainEntityOfPage\":{\"@id\":\"https:\\\/\\\/algarve7.pt\\\/index.php\\\/2026\\\/04\\\/geracao-depositrao-desafia-escolas-de-faro-a-recolher-residuos-eletricos-eletronicos-pilhas-e-baterias\\\/ambiente\\\/09\\\/30\\\/\"},\"wordCount\":280,\"publisher\":{\"@id\":\"https:\\\/\\\/algarve7.pt\\\/#organization\"},\"image\":{\"@id\":\"https:\\\/\\\/algarve7.pt\\\/index.php\\\/2026\\\/04\\\/geracao-depositrao-desafia-escolas-de-faro-a-recolher-residuos-eletricos-eletronicos-pilhas-e-baterias\\\/ambiente\\\/09\\\/30\\\/#primaryimage\"},\"thumbnailUrl\":\"https:\\\/\\\/algarve7.pt\\\/wp-content\\\/uploads\\\/2026\\\/04\\\/Captura-de-ecra-2026-04-23-as-10.33.58.png\",\"keywords\":[\"Algarve\",\"Ambiente\",\"Escola\",\"Faro\"],\"articleSection\":[\"Ambiente\"],\"inLanguage\":\"pt-PT\"},{\"@type\":\"WebPage\",\"@id\":\"https:\\\/\\\/algarve7.pt\\\/index.php\\\/2026\\\/04\\\/geracao-depositrao-desafia-escolas-de-faro-a-recolher-residuos-eletricos-eletronicos-pilhas-e-baterias\\\/ambiente\\\/09\\\/30\\\/\",\"url\":\"https:\\\/\\\/algarve7.pt\\\/index.php\\\/2026\\\/04\\\/geracao-depositrao-desafia-escolas-de-faro-a-recolher-residuos-eletricos-eletronicos-pilhas-e-baterias\\\/ambiente\\\/09\\\/30\\\/\",\"name\":\"Gera\u00e7\u00e3o Depositr\u00e3o desafia escolas de Faro a recolher res\u00edduos el\u00e9tricos, eletr\u00f3nicos,\u00a0pilhas\u00a0e baterias\u00a0 - Algarve 7\",\"isPartOf\":{\"@id\":\"https:\\\/\\\/algarve7.pt\\\/#website\"},\"primaryImageOfPage\":{\"@id\":\"https:\\\/\\\/algarve7.pt\\\/index.php\\\/2026\\\/04\\\/geracao-depositrao-desafia-escolas-de-faro-a-recolher-residuos-eletricos-eletronicos-pilhas-e-baterias\\\/ambiente\\\/09\\\/30\\\/#primaryimage\"},\"image\":{\"@id\":\"https:\\\/\\\/algarve7.pt\\\/index.php\\\/2026\\\/04\\\/geracao-depositrao-desafia-escolas-de-faro-a-recolher-residuos-eletricos-eletronicos-pilhas-e-baterias\\\/ambiente\\\/09\\\/30\\\/#primaryimage\"},\"thumbnailUrl\":\"https:\\\/\\\/algarve7.pt\\\/wp-content\\\/uploads\\\/2026\\\/04\\\/Captura-de-ecra-2026-04-23-as-10.33.58.png\",\"datePublished\":\"2026-04-26T08:30:00+00:00\",\"description\":\"Gera\u00e7\u00e3o Depositr\u00e3o desafia escolas de Faro a recolher res\u00edduos el\u00e9tricos, eletr\u00f3nicos,\u00a0pilhas\u00a0e baterias\u00a0 Ambiente\",\"breadcrumb\":{\"@id\":\"https:\\\/\\\/algarve7.pt\\\/index.php\\\/2026\\\/04\\\/geracao-depositrao-desafia-escolas-de-faro-a-recolher-residuos-eletricos-eletronicos-pilhas-e-baterias\\\/ambiente\\\/09\\\/30\\\/#breadcrumb\"},\"inLanguage\":\"pt-PT\",\"potentialAction\":[{\"@type\":\"ReadAction\",\"target\":[\"https:\\\/\\\/algarve7.pt\\\/index.php\\\/2026\\\/04\\\/geracao-depositrao-desafia-escolas-de-faro-a-recolher-residuos-eletricos-eletronicos-pilhas-e-baterias\\\/ambiente\\\/09\\\/30\\\/\"]}]},{\"@type\":\"ImageObject\",\"inLanguage\":\"pt-PT\",\"@id\":\"https:\\\/\\\/algarve7.pt\\\/index.php\\\/2026\\\/04\\\/geracao-depositrao-desafia-escolas-de-faro-a-recolher-residuos-eletricos-eletronicos-pilhas-e-baterias\\\/ambiente\\\/09\\\/30\\\/#primaryimage\",\"url\":\"https:\\\/\\\/algarve7.pt\\\/wp-content\\\/uploads\\\/2026\\\/04\\\/Captura-de-ecra-2026-04-23-as-10.33.58.png\",\"contentUrl\":\"https:\\\/\\\/algarve7.pt\\\/wp-content\\\/uploads\\\/2026\\\/04\\\/Captura-de-ecra-2026-04-23-as-10.33.58.png\",\"width\":800,\"height\":445},{\"@type\":\"BreadcrumbList\",\"@id\":\"https:\\\/\\\/algarve7.pt\\\/index.php\\\/2026\\\/04\\\/geracao-depositrao-desafia-escolas-de-faro-a-recolher-residuos-eletricos-eletronicos-pilhas-e-baterias\\\/ambiente\\\/09\\\/30\\\/#breadcrumb\",\"itemListElement\":[{\"@type\":\"ListItem\",\"position\":1,\"name\":\"In\u00edcio\",\"item\":\"https:\\\/\\\/algarve7.pt\\\/\"},{\"@type\":\"ListItem\",\"position\":2,\"name\":\"Gera\u00e7\u00e3o Depositr\u00e3o desafia escolas de Faro a recolher res\u00edduos el\u00e9tricos, eletr\u00f3nicos,\u00a0pilhas\u00a0e baterias\u00a0\"}]},{\"@type\":\"WebSite\",\"@id\":\"https:\\\/\\\/algarve7.pt\\\/#website\",\"url\":\"https:\\\/\\\/algarve7.pt\\\/\",\"name\":\"Algarve 7\",\"description\":\"Informa\u00e7\u00e3o sobre o Algarve\",\"publisher\":{\"@id\":\"https:\\\/\\\/algarve7.pt\\\/#organization\"},\"potentialAction\":[{\"@type\":\"SearchAction\",\"target\":{\"@type\":\"EntryPoint\",\"urlTemplate\":\"https:\\\/\\\/algarve7.pt\\\/?s={search_term_string}\"},\"query-input\":{\"@type\":\"PropertyValueSpecification\",\"valueRequired\":true,\"valueName\":\"search_term_string\"}}],\"inLanguage\":\"pt-PT\"},{\"@type\":\"Organization\",\"@id\":\"https:\\\/\\\/algarve7.pt\\\/#organization\",\"name\":\"Algarve 7\",\"url\":\"https:\\\/\\\/algarve7.pt\\\/\",\"logo\":{\"@type\":\"ImageObject\",\"inLanguage\":\"pt-PT\",\"@id\":\"https:\\\/\\\/algarve7.pt\\\/#\\\/schema\\\/logo\\\/image\\\/\",\"url\":\"https:\\\/\\\/algarve7.pt\\\/wp-content\\\/uploads\\\/2020\\\/10\\\/Logo-8.jpg\",\"contentUrl\":\"https:\\\/\\\/algarve7.pt\\\/wp-content\\\/uploads\\\/2020\\\/10\\\/Logo-8.jpg\",\"width\":1680,\"height\":1186,\"caption\":\"Algarve 7\"},\"image\":{\"@id\":\"https:\\\/\\\/algarve7.pt\\\/#\\\/schema\\\/logo\\\/image\\\/\"},\"sameAs\":[\"https:\\\/\\\/www.facebook.com\\\/algarve7\",\"https:\\\/\\\/x.com\\\/Algarvesete\",\"https:\\\/\\\/www.instagram.com\\\/jornalalgarve7\\\/\",\"https:\\\/\\\/www.linkedin.com\\\/company\\\/algarve7\",\"https:\\\/\\\/www.pinterest.pt\\\/geral0939\\\/_created\\\/\"]},{\"@type\":\"Person\",\"@id\":\"https:\\\/\\\/algarve7.pt\\\/#\\\/schema\\\/person\\\/23fa70681308e7b319a3204bcea45e0c\",\"name\":\"Algarve 7\",\"sameAs\":[\"https:\\\/\\\/algarve7.pt\",\"https:\\\/\\\/www.facebook.com\\\/algarve7\"],\"url\":\"https:\\\/\\\/algarve7.pt\\\/index.php\\\/author\\\/geralalgarve7-pt\\\/\"}]}<\/script>\n<!-- \/ Yoast SEO plugin. -->","yoast_head_json":{"title":"Gera\u00e7\u00e3o Depositr\u00e3o desafia escolas de Faro a recolher res\u00edduos el\u00e9tricos, eletr\u00f3nicos,\u00a0pilhas\u00a0e baterias\u00a0 - Algarve 7","description":"Gera\u00e7\u00e3o Depositr\u00e3o desafia escolas de Faro a recolher res\u00edduos el\u00e9tricos, eletr\u00f3nicos,\u00a0pilhas\u00a0e baterias\u00a0 Ambiente","robots":{"index":"index","follow":"follow","max-snippet":"max-snippet:-1","max-image-preview":"max-image-preview:large","max-video-preview":"max-video-preview:-1"},"canonical":"https:\/\/algarve7.pt\/index.php\/2026\/04\/geracao-depositrao-desafia-escolas-de-faro-a-recolher-residuos-eletricos-eletronicos-pilhas-e-baterias\/ambiente\/09\/30\/","og_locale":"pt_PT","og_type":"article","og_title":"Gera\u00e7\u00e3o Depositr\u00e3o desafia escolas de Faro a recolher res\u00edduos el\u00e9tricos, eletr\u00f3nicos,\u00a0pilhas\u00a0e baterias\u00a0 - Algarve 7","og_description":"Gera\u00e7\u00e3o Depositr\u00e3o desafia escolas de Faro a recolher res\u00edduos el\u00e9tricos, eletr\u00f3nicos,\u00a0pilhas\u00a0e baterias\u00a0 Ambiente","og_url":"https:\/\/algarve7.pt\/index.php\/2026\/04\/geracao-depositrao-desafia-escolas-de-faro-a-recolher-residuos-eletricos-eletronicos-pilhas-e-baterias\/ambiente\/09\/30\/","og_site_name":"Algarve 7","article_publisher":"https:\/\/www.facebook.com\/algarve7","article_author":"https:\/\/www.facebook.com\/algarve7","article_published_time":"2026-04-26T08:30:00+00:00","og_image":[{"width":800,"height":445,"url":"https:\/\/algarve7.pt\/wp-content\/uploads\/2026\/04\/Captura-de-ecra-2026-04-23-as-10.33.58.png","type":"image\/png"}],"author":"Algarve 7","twitter_card":"summary_large_image","twitter_creator":"@Algarvesete","twitter_site":"@Algarvesete","twitter_misc":{"Escrito por":"Algarve 7","Tempo estimado de leitura":"2 minutos"},"schema":{"@context":"https:\/\/schema.org","@graph":[{"@type":"Article","@id":"https:\/\/algarve7.pt\/index.php\/2026\/04\/geracao-depositrao-desafia-escolas-de-faro-a-recolher-residuos-eletricos-eletronicos-pilhas-e-baterias\/ambiente\/09\/30\/#article","isPartOf":{"@id":"https:\/\/algarve7.pt\/index.php\/2026\/04\/geracao-depositrao-desafia-escolas-de-faro-a-recolher-residuos-eletricos-eletronicos-pilhas-e-baterias\/ambiente\/09\/30\/"},"author":{"name":"Algarve 7","@id":"https:\/\/algarve7.pt\/#\/schema\/person\/23fa70681308e7b319a3204bcea45e0c"},"headline":"Gera\u00e7\u00e3o Depositr\u00e3o desafia escolas de Faro a recolher res\u00edduos el\u00e9tricos, eletr\u00f3nicos,\u00a0pilhas\u00a0e baterias\u00a0","datePublished":"2026-04-26T08:30:00+00:00","mainEntityOfPage":{"@id":"https:\/\/algarve7.pt\/index.php\/2026\/04\/geracao-depositrao-desafia-escolas-de-faro-a-recolher-residuos-eletricos-eletronicos-pilhas-e-baterias\/ambiente\/09\/30\/"},"wordCount":280,"publisher":{"@id":"https:\/\/algarve7.pt\/#organization"},"image":{"@id":"https:\/\/algarve7.pt\/index.php\/2026\/04\/geracao-depositrao-desafia-escolas-de-faro-a-recolher-residuos-eletricos-eletronicos-pilhas-e-baterias\/ambiente\/09\/30\/#primaryimage"},"thumbnailUrl":"https:\/\/algarve7.pt\/wp-content\/uploads\/2026\/04\/Captura-de-ecra-2026-04-23-as-10.33.58.png","keywords":["Algarve","Ambiente","Escola","Faro"],"articleSection":["Ambiente"],"inLanguage":"pt-PT"},{"@type":"WebPage","@id":"https:\/\/algarve7.pt\/index.php\/2026\/04\/geracao-depositrao-desafia-escolas-de-faro-a-recolher-residuos-eletricos-eletronicos-pilhas-e-baterias\/ambiente\/09\/30\/","url":"https:\/\/algarve7.pt\/index.php\/2026\/04\/geracao-depositrao-desafia-escolas-de-faro-a-recolher-residuos-eletricos-eletronicos-pilhas-e-baterias\/ambiente\/09\/30\/","name":"Gera\u00e7\u00e3o Depositr\u00e3o desafia escolas de Faro a recolher res\u00edduos el\u00e9tricos, eletr\u00f3nicos,\u00a0pilhas\u00a0e baterias\u00a0 - Algarve 7","isPartOf":{"@id":"https:\/\/algarve7.pt\/#website"},"primaryImageOfPage":{"@id":"https:\/\/algarve7.pt\/index.php\/2026\/04\/geracao-depositrao-desafia-escolas-de-faro-a-recolher-residuos-eletricos-eletronicos-pilhas-e-baterias\/ambiente\/09\/30\/#primaryimage"},"image":{"@id":"https:\/\/algarve7.pt\/index.php\/2026\/04\/geracao-depositrao-desafia-escolas-de-faro-a-recolher-residuos-eletricos-eletronicos-pilhas-e-baterias\/ambiente\/09\/30\/#primaryimage"},"thumbnailUrl":"https:\/\/algarve7.pt\/wp-content\/uploads\/2026\/04\/Captura-de-ecra-2026-04-23-as-10.33.58.png","datePublished":"2026-04-26T08:30:00+00:00","description":"Gera\u00e7\u00e3o Depositr\u00e3o desafia escolas de Faro a recolher res\u00edduos el\u00e9tricos, eletr\u00f3nicos,\u00a0pilhas\u00a0e baterias\u00a0 Ambiente","breadcrumb":{"@id":"https:\/\/algarve7.pt\/index.php\/2026\/04\/geracao-depositrao-desafia-escolas-de-faro-a-recolher-residuos-eletricos-eletronicos-pilhas-e-baterias\/ambiente\/09\/30\/#breadcrumb"},"inLanguage":"pt-PT","potentialAction":[{"@type":"ReadAction","target":["https:\/\/algarve7.pt\/index.php\/2026\/04\/geracao-depositrao-desafia-escolas-de-faro-a-recolher-residuos-eletricos-eletronicos-pilhas-e-baterias\/ambiente\/09\/30\/"]}]},{"@type":"ImageObject","inLanguage":"pt-PT","@id":"https:\/\/algarve7.pt\/index.php\/2026\/04\/geracao-depositrao-desafia-escolas-de-faro-a-recolher-residuos-eletricos-eletronicos-pilhas-e-baterias\/ambiente\/09\/30\/#primaryimage","url":"https:\/\/algarve7.pt\/wp-content\/uploads\/2026\/04\/Captura-de-ecra-2026-04-23-as-10.33.58.png","contentUrl":"https:\/\/algarve7.pt\/wp-content\/uploads\/2026\/04\/Captura-de-ecra-2026-04-23-as-10.33.58.png","width":800,"height":445},{"@type":"BreadcrumbList","@id":"https:\/\/algarve7.pt\/index.php\/2026\/04\/geracao-depositrao-desafia-escolas-de-faro-a-recolher-residuos-eletricos-eletronicos-pilhas-e-baterias\/ambiente\/09\/30\/#breadcrumb","itemListElement":[{"@type":"ListItem","position":1,"name":"In\u00edcio","item":"https:\/\/algarve7.pt\/"},{"@type":"ListItem","position":2,"name":"Gera\u00e7\u00e3o Depositr\u00e3o desafia escolas de Faro a recolher res\u00edduos el\u00e9tricos, eletr\u00f3nicos,\u00a0pilhas\u00a0e baterias\u00a0"}]},{"@type":"WebSite","@id":"https:\/\/algarve7.pt\/#website","url":"https:\/\/algarve7.pt\/","name":"Algarve 7","description":"Informa\u00e7\u00e3o sobre o Algarve","publisher":{"@id":"https:\/\/algarve7.pt\/#organization"},"potentialAction":[{"@type":"SearchAction","target":{"@type":"EntryPoint","urlTemplate":"https:\/\/algarve7.pt\/?s={search_term_string}"},"query-input":{"@type":"PropertyValueSpecification","valueRequired":true,"valueName":"search_term_string"}}],"inLanguage":"pt-PT"},{"@type":"Organization","@id":"https:\/\/algarve7.pt\/#organization","name":"Algarve 7","url":"https:\/\/algarve7.pt\/","logo":{"@type":"ImageObject","inLanguage":"pt-PT","@id":"https:\/\/algarve7.pt\/#\/schema\/logo\/image\/","url":"https:\/\/algarve7.pt\/wp-content\/uploads\/2020\/10\/Logo-8.jpg","contentUrl":"https:\/\/algarve7.pt\/wp-content\/uploads\/2020\/10\/Logo-8.jpg","width":1680,"height":1186,"caption":"Algarve 7"},"image":{"@id":"https:\/\/algarve7.pt\/#\/schema\/logo\/image\/"},"sameAs":["https:\/\/www.facebook.com\/algarve7","https:\/\/x.com\/Algarvesete","https:\/\/www.instagram.com\/jornalalgarve7\/","https:\/\/www.linkedin.com\/company\/algarve7","https:\/\/www.pinterest.pt\/geral0939\/_created\/"]},{"@type":"Person","@id":"https:\/\/algarve7.pt\/#\/schema\/person\/23fa70681308e7b319a3204bcea45e0c","name":"Algarve 7","sameAs":["https:\/\/algarve7.pt","https:\/\/www.facebook.com\/algarve7"],"url":"https:\/\/algarve7.pt\/index.php\/author\/geralalgarve7-pt\/"}]}},"jetpack_publicize_connections":[],"jetpack_featured_media_url":"https:\/\/algarve7.pt\/wp-content\/uploads\/2026\/04\/Captura-de-ecra-2026-04-23-as-10.33.58.png","jetpack_shortlink":"https:\/\/wp.me\/pcezmW-fZO","jetpack_sharing_enabled":true,"_links":{"self":[{"href":"https:\/\/algarve7.pt\/index.php\/wp-json\/wp\/v2\/posts\/61492","targetHints":{"allow":["GET"]}}],"collection":[{"href":"https:\/\/algarve7.pt\/index.php\/wp-json\/wp\/v2\/posts"}],"about":[{"href":"https:\/\/algarve7.pt\/index.php\/wp-json\/wp\/v2\/types\/post"}],"author":[{"embeddable":true,"href":"https:\/\/algarve7.pt\/index.php\/wp-json\/wp\/v2\/users\/1"}],"replies":[{"embeddable":true,"href":"https:\/\/algarve7.pt\/index.php\/wp-json\/wp\/v2\/comments?post=61492"}],"version-history":[{"count":1,"href":"https:\/\/algarve7.pt\/index.php\/wp-json\/wp\/v2\/posts\/61492\/revisions"}],"predecessor-version":[{"id":61564,"href":"https:\/\/algarve7.pt\/index.php\/wp-json\/wp\/v2\/posts\/61492\/revisions\/61564"}],"wp:featuredmedia":[{"embeddable":true,"href":"https:\/\/algarve7.pt\/index.php\/wp-json\/wp\/v2\/media\/61493"}],"wp:attachment":[{"href":"https:\/\/algarve7.pt\/index.php\/wp-json\/wp\/v2\/media?parent=61492"}],"wp:term":[{"taxonomy":"category","embeddable":true,"href":"https:\/\/algarve7.pt\/index.php\/wp-json\/wp\/v2\/categories?post=61492"},{"taxonomy":"post_tag","embeddable":true,"href":"https:\/\/algarve7.pt\/index.php\/wp-json\/wp\/v2\/tags?post=61492"}],"curies":[{"name":"wp","href":"https:\/\/api.w.org\/{rel}","templated":true}]}}