{"id":6124,"date":"2021-02-15T09:27:48","date_gmt":"2021-02-15T09:27:48","guid":{"rendered":"https:\/\/algarve7.pt\/?p=6124"},"modified":"2021-02-15T09:27:52","modified_gmt":"2021-02-15T09:27:52","slug":"silves-revive-carnaval-em-formato-digital","status":"publish","type":"post","link":"https:\/\/algarve7.pt\/index.php\/2021\/02\/silves-revive-carnaval-em-formato-digital\/cultura\/09\/27\/","title":{"rendered":"Silves revive carnaval em formato digital"},"content":{"rendered":"\n<p>Carnaval \u00e9 sinonimo de alegria, cor, m\u00fasica e muita folia. Um pouco por todo o concelho, esta festividade seria assinalada por pequenos e gra\u00fados, por escolas, clubes, associa\u00e7\u00f5es e por toda a comunidade em geral. Apesar do atual contexto sanit\u00e1rio, o Munic\u00edpio de Silves n\u00e3o quer deixar de assinalar esta tradi\u00e7\u00e3o que, em contexto normal, seria motivo de in\u00fameros festejos um pouco por todas as freguesias, com bailes, desfiles e outras atividades cheias de ritmo, cor e muita brincadeira. Para o efeito, a autarquia silvense preparou, para este entrudo, o lan\u00e7amento de um v\u00eddeo, que recorda os emblem\u00e1ticos carnavais que fazem parte da hist\u00f3ria do concelho, contribuindo, desta forma, para que, mesmo em tempo de confinamento, a alegria, a folia e a esperan\u00e7a de outros carnavais encham as casas de toda a comunidade.<\/p>\n\n\n\n<p>Momentos \u00edmpares do Carnaval do Algoz (palco do primeiro desfile carnavalesco do concelho nos anos 90), passando pelo tradicional cortejo de SB Messines (que perdura e que conta com quase duas d\u00e9cadas), at\u00e9 ao mais recente dos carnavais do nosso territ\u00f3rio, o Carnaval Trapalh\u00e3o de Arma\u00e7\u00e3o de P\u00eara, ser\u00e3o relembrados num curto v\u00eddeo de aproximadamente quatro minutos e que espelha a alegria, a cor, a beleza, a folia e o espirito carnavalesco no concelho de Silves.&nbsp;<\/p>\n\n\n\n<p>\u201cA tradi\u00e7\u00e3o carnavalesca do concelho poder\u00e1 estar suspensa este ano, devido \u00e0 crise sanit\u00e1ria que o pa\u00eds e o mundo atravessam, mas o Munic\u00edpio de Silves n\u00e3o poderia deixar de assinalar esta festividade relembrando e homenageando a comunidade e todos aqueles que participam e se envolvem nos preparativos e na organiza\u00e7\u00e3o dos habituais desfiles, cortejos, bailes e outras atividades\u201d, refere Rosa Palma, Presidente da C\u00e2mara Municipal de Silves, acrescentando que \u201crecordar tamb\u00e9m \u00e9 viver, e \u00e9 com esse espirito que pretendemos, mesmo em momento de confinamento, assinalar este Carnaval, at\u00edpico \u00e9 certo, mas com a esperan\u00e7a de que esta alegria que caracteriza as comemora\u00e7\u00f5es carnavalescas, nos encha de redobrada coragem e confian\u00e7a de que, juntos, iremos vencer este desafio e voltar a reviver, em breve, esses momentos e esta festa\u201d.<\/p>\n\n\n\n<p>O Munic\u00edpio de Silves convida, assim, todos a estarem atentos aos canais digitais da autarquia e a juntarem-se, tamb\u00e9m, a esta iniciativa, enviando os seus registos fotogr\u00e1ficos e\/ou v\u00eddeos dos desfiles de Carnaval do nosso concelho para comunicacao@cm-silves.pt, com a identifica\u00e7\u00e3o do desfile, localidade, ano e nome do autor do registo para que, em comunidade, possamos reavivar o espirito carnavalesco, neste per\u00edodo de confinamento, atrav\u00e9s da publica\u00e7\u00e3o destes momentos nas redes sociais do Munic\u00edpio ao longo dos dias 15 e 16 de fevereiro.<\/p>\n","protected":false},"excerpt":{"rendered":"<p>Carnaval \u00e9 sinonimo de alegria, cor, m\u00fasica e muita folia. Um pouco por todo o concelho, esta festividade seria assinalada<\/p>\n","protected":false},"author":1,"featured_media":6125,"comment_status":"closed","ping_status":"open","sticky":false,"template":"","format":"standard","meta":{"colormag_page_container_layout":"default_layout","colormag_page_sidebar_layout":"default_layout","_monsterinsights_skip_tracking":false,"_monsterinsights_sitenote_active":false,"_monsterinsights_sitenote_note":"","_monsterinsights_sitenote_category":0,"jetpack_post_was_ever_published":false,"_jetpack_newsletter_access":"","_jetpack_dont_email_post_to_subs":false,"_jetpack_newsletter_tier_id":0,"_jetpack_memberships_contains_paywalled_content":false,"_jetpack_memberships_contains_paid_content":false,"footnotes":"","jetpack_publicize_message":"","jetpack_publicize_feature_enabled":true,"jetpack_social_post_already_shared":true,"jetpack_social_options":{"image_generator_settings":{"template":"highway","default_image_id":0,"font":"","enabled":false},"version":2}},"categories":[14],"tags":[36,187,35,42],"class_list":["post-6124","post","type-post","status-publish","format-standard","has-post-thumbnail","hentry","category-cultura","tag-algarve","tag-carnaval","tag-cultura","tag-silves"],"yoast_head":"<!-- This site is optimized with the Yoast SEO plugin v27.5 - https:\/\/yoast.com\/product\/yoast-seo-wordpress\/ -->\n<title>Silves revive carnaval em formato digital - Algarve 7<\/title>\n<meta name=\"description\" content=\"Silves revive carnaval em formato digital Cultura\" \/>\n<meta name=\"robots\" content=\"index, follow, max-snippet:-1, max-image-preview:large, max-video-preview:-1\" \/>\n<link rel=\"canonical\" href=\"https:\/\/algarve7.pt\/index.php\/2021\/02\/silves-revive-carnaval-em-formato-digital\/cultura\/09\/27\/\" \/>\n<meta property=\"og:locale\" content=\"pt_PT\" \/>\n<meta property=\"og:type\" content=\"article\" \/>\n<meta property=\"og:title\" content=\"Silves revive carnaval em formato digital - Algarve 7\" \/>\n<meta property=\"og:description\" content=\"Silves revive carnaval em formato digital Cultura\" \/>\n<meta property=\"og:url\" content=\"https:\/\/algarve7.pt\/index.php\/2021\/02\/silves-revive-carnaval-em-formato-digital\/cultura\/09\/27\/\" \/>\n<meta property=\"og:site_name\" content=\"Algarve 7\" \/>\n<meta property=\"article:publisher\" content=\"https:\/\/www.facebook.com\/algarve7\" \/>\n<meta property=\"article:author\" content=\"https:\/\/www.facebook.com\/algarve7\" \/>\n<meta property=\"article:published_time\" content=\"2021-02-15T09:27:48+00:00\" \/>\n<meta property=\"article:modified_time\" content=\"2021-02-15T09:27:52+00:00\" \/>\n<meta property=\"og:image\" content=\"https:\/\/algarve7.pt\/wp-content\/uploads\/2021\/02\/baile-carnaval-st.-antonio.jpg\" \/>\n\t<meta property=\"og:image:width\" content=\"760\" \/>\n\t<meta property=\"og:image:height\" content=\"460\" \/>\n\t<meta property=\"og:image:type\" content=\"image\/jpeg\" \/>\n<meta name=\"author\" content=\"Algarve 7\" \/>\n<meta name=\"twitter:card\" content=\"summary_large_image\" \/>\n<meta name=\"twitter:creator\" content=\"@Algarvesete\" \/>\n<meta name=\"twitter:site\" content=\"@Algarvesete\" \/>\n<meta name=\"twitter:label1\" content=\"Escrito por\" \/>\n\t<meta name=\"twitter:data1\" content=\"Algarve 7\" \/>\n\t<meta name=\"twitter:label2\" content=\"Tempo estimado de leitura\" \/>\n\t<meta name=\"twitter:data2\" content=\"2 minutos\" \/>\n<script type=\"application\/ld+json\" class=\"yoast-schema-graph\">{\"@context\":\"https:\\\/\\\/schema.org\",\"@graph\":[{\"@type\":\"Article\",\"@id\":\"https:\\\/\\\/algarve7.pt\\\/index.php\\\/2021\\\/02\\\/silves-revive-carnaval-em-formato-digital\\\/cultura\\\/09\\\/27\\\/#article\",\"isPartOf\":{\"@id\":\"https:\\\/\\\/algarve7.pt\\\/index.php\\\/2021\\\/02\\\/silves-revive-carnaval-em-formato-digital\\\/cultura\\\/09\\\/27\\\/\"},\"author\":{\"name\":\"Algarve 7\",\"@id\":\"https:\\\/\\\/algarve7.pt\\\/#\\\/schema\\\/person\\\/23fa70681308e7b319a3204bcea45e0c\"},\"headline\":\"Silves revive carnaval em formato digital\",\"datePublished\":\"2021-02-15T09:27:48+00:00\",\"dateModified\":\"2021-02-15T09:27:52+00:00\",\"mainEntityOfPage\":{\"@id\":\"https:\\\/\\\/algarve7.pt\\\/index.php\\\/2021\\\/02\\\/silves-revive-carnaval-em-formato-digital\\\/cultura\\\/09\\\/27\\\/\"},\"wordCount\":465,\"publisher\":{\"@id\":\"https:\\\/\\\/algarve7.pt\\\/#organization\"},\"image\":{\"@id\":\"https:\\\/\\\/algarve7.pt\\\/index.php\\\/2021\\\/02\\\/silves-revive-carnaval-em-formato-digital\\\/cultura\\\/09\\\/27\\\/#primaryimage\"},\"thumbnailUrl\":\"https:\\\/\\\/algarve7.pt\\\/wp-content\\\/uploads\\\/2021\\\/02\\\/baile-carnaval-st.-antonio.jpg\",\"keywords\":[\"Algarve\",\"Carnaval\",\"Cultura\",\"Silves\"],\"articleSection\":[\"Cultura\"],\"inLanguage\":\"pt-PT\"},{\"@type\":\"WebPage\",\"@id\":\"https:\\\/\\\/algarve7.pt\\\/index.php\\\/2021\\\/02\\\/silves-revive-carnaval-em-formato-digital\\\/cultura\\\/09\\\/27\\\/\",\"url\":\"https:\\\/\\\/algarve7.pt\\\/index.php\\\/2021\\\/02\\\/silves-revive-carnaval-em-formato-digital\\\/cultura\\\/09\\\/27\\\/\",\"name\":\"Silves revive carnaval em formato digital - Algarve 7\",\"isPartOf\":{\"@id\":\"https:\\\/\\\/algarve7.pt\\\/#website\"},\"primaryImageOfPage\":{\"@id\":\"https:\\\/\\\/algarve7.pt\\\/index.php\\\/2021\\\/02\\\/silves-revive-carnaval-em-formato-digital\\\/cultura\\\/09\\\/27\\\/#primaryimage\"},\"image\":{\"@id\":\"https:\\\/\\\/algarve7.pt\\\/index.php\\\/2021\\\/02\\\/silves-revive-carnaval-em-formato-digital\\\/cultura\\\/09\\\/27\\\/#primaryimage\"},\"thumbnailUrl\":\"https:\\\/\\\/algarve7.pt\\\/wp-content\\\/uploads\\\/2021\\\/02\\\/baile-carnaval-st.-antonio.jpg\",\"datePublished\":\"2021-02-15T09:27:48+00:00\",\"dateModified\":\"2021-02-15T09:27:52+00:00\",\"description\":\"Silves revive carnaval em formato digital Cultura\",\"breadcrumb\":{\"@id\":\"https:\\\/\\\/algarve7.pt\\\/index.php\\\/2021\\\/02\\\/silves-revive-carnaval-em-formato-digital\\\/cultura\\\/09\\\/27\\\/#breadcrumb\"},\"inLanguage\":\"pt-PT\",\"potentialAction\":[{\"@type\":\"ReadAction\",\"target\":[\"https:\\\/\\\/algarve7.pt\\\/index.php\\\/2021\\\/02\\\/silves-revive-carnaval-em-formato-digital\\\/cultura\\\/09\\\/27\\\/\"]}]},{\"@type\":\"ImageObject\",\"inLanguage\":\"pt-PT\",\"@id\":\"https:\\\/\\\/algarve7.pt\\\/index.php\\\/2021\\\/02\\\/silves-revive-carnaval-em-formato-digital\\\/cultura\\\/09\\\/27\\\/#primaryimage\",\"url\":\"https:\\\/\\\/algarve7.pt\\\/wp-content\\\/uploads\\\/2021\\\/02\\\/baile-carnaval-st.-antonio.jpg\",\"contentUrl\":\"https:\\\/\\\/algarve7.pt\\\/wp-content\\\/uploads\\\/2021\\\/02\\\/baile-carnaval-st.-antonio.jpg\",\"width\":760,\"height\":460},{\"@type\":\"BreadcrumbList\",\"@id\":\"https:\\\/\\\/algarve7.pt\\\/index.php\\\/2021\\\/02\\\/silves-revive-carnaval-em-formato-digital\\\/cultura\\\/09\\\/27\\\/#breadcrumb\",\"itemListElement\":[{\"@type\":\"ListItem\",\"position\":1,\"name\":\"In\u00edcio\",\"item\":\"https:\\\/\\\/algarve7.pt\\\/\"},{\"@type\":\"ListItem\",\"position\":2,\"name\":\"Silves revive carnaval em formato digital\"}]},{\"@type\":\"WebSite\",\"@id\":\"https:\\\/\\\/algarve7.pt\\\/#website\",\"url\":\"https:\\\/\\\/algarve7.pt\\\/\",\"name\":\"Algarve 7\",\"description\":\"Informa\u00e7\u00e3o sobre o Algarve\",\"publisher\":{\"@id\":\"https:\\\/\\\/algarve7.pt\\\/#organization\"},\"potentialAction\":[{\"@type\":\"SearchAction\",\"target\":{\"@type\":\"EntryPoint\",\"urlTemplate\":\"https:\\\/\\\/algarve7.pt\\\/?s={search_term_string}\"},\"query-input\":{\"@type\":\"PropertyValueSpecification\",\"valueRequired\":true,\"valueName\":\"search_term_string\"}}],\"inLanguage\":\"pt-PT\"},{\"@type\":\"Organization\",\"@id\":\"https:\\\/\\\/algarve7.pt\\\/#organization\",\"name\":\"Algarve 7\",\"url\":\"https:\\\/\\\/algarve7.pt\\\/\",\"logo\":{\"@type\":\"ImageObject\",\"inLanguage\":\"pt-PT\",\"@id\":\"https:\\\/\\\/algarve7.pt\\\/#\\\/schema\\\/logo\\\/image\\\/\",\"url\":\"https:\\\/\\\/algarve7.pt\\\/wp-content\\\/uploads\\\/2020\\\/10\\\/Logo-8.jpg\",\"contentUrl\":\"https:\\\/\\\/algarve7.pt\\\/wp-content\\\/uploads\\\/2020\\\/10\\\/Logo-8.jpg\",\"width\":1680,\"height\":1186,\"caption\":\"Algarve 7\"},\"image\":{\"@id\":\"https:\\\/\\\/algarve7.pt\\\/#\\\/schema\\\/logo\\\/image\\\/\"},\"sameAs\":[\"https:\\\/\\\/www.facebook.com\\\/algarve7\",\"https:\\\/\\\/x.com\\\/Algarvesete\",\"https:\\\/\\\/www.instagram.com\\\/jornalalgarve7\\\/\",\"https:\\\/\\\/www.linkedin.com\\\/company\\\/algarve7\",\"https:\\\/\\\/www.pinterest.pt\\\/geral0939\\\/_created\\\/\"]},{\"@type\":\"Person\",\"@id\":\"https:\\\/\\\/algarve7.pt\\\/#\\\/schema\\\/person\\\/23fa70681308e7b319a3204bcea45e0c\",\"name\":\"Algarve 7\",\"sameAs\":[\"https:\\\/\\\/algarve7.pt\",\"https:\\\/\\\/www.facebook.com\\\/algarve7\"],\"url\":\"https:\\\/\\\/algarve7.pt\\\/index.php\\\/author\\\/geralalgarve7-pt\\\/\"}]}<\/script>\n<!-- \/ Yoast SEO plugin. -->","yoast_head_json":{"title":"Silves revive carnaval em formato digital - Algarve 7","description":"Silves revive carnaval em formato digital Cultura","robots":{"index":"index","follow":"follow","max-snippet":"max-snippet:-1","max-image-preview":"max-image-preview:large","max-video-preview":"max-video-preview:-1"},"canonical":"https:\/\/algarve7.pt\/index.php\/2021\/02\/silves-revive-carnaval-em-formato-digital\/cultura\/09\/27\/","og_locale":"pt_PT","og_type":"article","og_title":"Silves revive carnaval em formato digital - Algarve 7","og_description":"Silves revive carnaval em formato digital Cultura","og_url":"https:\/\/algarve7.pt\/index.php\/2021\/02\/silves-revive-carnaval-em-formato-digital\/cultura\/09\/27\/","og_site_name":"Algarve 7","article_publisher":"https:\/\/www.facebook.com\/algarve7","article_author":"https:\/\/www.facebook.com\/algarve7","article_published_time":"2021-02-15T09:27:48+00:00","article_modified_time":"2021-02-15T09:27:52+00:00","og_image":[{"width":760,"height":460,"url":"https:\/\/algarve7.pt\/wp-content\/uploads\/2021\/02\/baile-carnaval-st.-antonio.jpg","type":"image\/jpeg"}],"author":"Algarve 7","twitter_card":"summary_large_image","twitter_creator":"@Algarvesete","twitter_site":"@Algarvesete","twitter_misc":{"Escrito por":"Algarve 7","Tempo estimado de leitura":"2 minutos"},"schema":{"@context":"https:\/\/schema.org","@graph":[{"@type":"Article","@id":"https:\/\/algarve7.pt\/index.php\/2021\/02\/silves-revive-carnaval-em-formato-digital\/cultura\/09\/27\/#article","isPartOf":{"@id":"https:\/\/algarve7.pt\/index.php\/2021\/02\/silves-revive-carnaval-em-formato-digital\/cultura\/09\/27\/"},"author":{"name":"Algarve 7","@id":"https:\/\/algarve7.pt\/#\/schema\/person\/23fa70681308e7b319a3204bcea45e0c"},"headline":"Silves revive carnaval em formato digital","datePublished":"2021-02-15T09:27:48+00:00","dateModified":"2021-02-15T09:27:52+00:00","mainEntityOfPage":{"@id":"https:\/\/algarve7.pt\/index.php\/2021\/02\/silves-revive-carnaval-em-formato-digital\/cultura\/09\/27\/"},"wordCount":465,"publisher":{"@id":"https:\/\/algarve7.pt\/#organization"},"image":{"@id":"https:\/\/algarve7.pt\/index.php\/2021\/02\/silves-revive-carnaval-em-formato-digital\/cultura\/09\/27\/#primaryimage"},"thumbnailUrl":"https:\/\/algarve7.pt\/wp-content\/uploads\/2021\/02\/baile-carnaval-st.-antonio.jpg","keywords":["Algarve","Carnaval","Cultura","Silves"],"articleSection":["Cultura"],"inLanguage":"pt-PT"},{"@type":"WebPage","@id":"https:\/\/algarve7.pt\/index.php\/2021\/02\/silves-revive-carnaval-em-formato-digital\/cultura\/09\/27\/","url":"https:\/\/algarve7.pt\/index.php\/2021\/02\/silves-revive-carnaval-em-formato-digital\/cultura\/09\/27\/","name":"Silves revive carnaval em formato digital - Algarve 7","isPartOf":{"@id":"https:\/\/algarve7.pt\/#website"},"primaryImageOfPage":{"@id":"https:\/\/algarve7.pt\/index.php\/2021\/02\/silves-revive-carnaval-em-formato-digital\/cultura\/09\/27\/#primaryimage"},"image":{"@id":"https:\/\/algarve7.pt\/index.php\/2021\/02\/silves-revive-carnaval-em-formato-digital\/cultura\/09\/27\/#primaryimage"},"thumbnailUrl":"https:\/\/algarve7.pt\/wp-content\/uploads\/2021\/02\/baile-carnaval-st.-antonio.jpg","datePublished":"2021-02-15T09:27:48+00:00","dateModified":"2021-02-15T09:27:52+00:00","description":"Silves revive carnaval em formato digital Cultura","breadcrumb":{"@id":"https:\/\/algarve7.pt\/index.php\/2021\/02\/silves-revive-carnaval-em-formato-digital\/cultura\/09\/27\/#breadcrumb"},"inLanguage":"pt-PT","potentialAction":[{"@type":"ReadAction","target":["https:\/\/algarve7.pt\/index.php\/2021\/02\/silves-revive-carnaval-em-formato-digital\/cultura\/09\/27\/"]}]},{"@type":"ImageObject","inLanguage":"pt-PT","@id":"https:\/\/algarve7.pt\/index.php\/2021\/02\/silves-revive-carnaval-em-formato-digital\/cultura\/09\/27\/#primaryimage","url":"https:\/\/algarve7.pt\/wp-content\/uploads\/2021\/02\/baile-carnaval-st.-antonio.jpg","contentUrl":"https:\/\/algarve7.pt\/wp-content\/uploads\/2021\/02\/baile-carnaval-st.-antonio.jpg","width":760,"height":460},{"@type":"BreadcrumbList","@id":"https:\/\/algarve7.pt\/index.php\/2021\/02\/silves-revive-carnaval-em-formato-digital\/cultura\/09\/27\/#breadcrumb","itemListElement":[{"@type":"ListItem","position":1,"name":"In\u00edcio","item":"https:\/\/algarve7.pt\/"},{"@type":"ListItem","position":2,"name":"Silves revive carnaval em formato digital"}]},{"@type":"WebSite","@id":"https:\/\/algarve7.pt\/#website","url":"https:\/\/algarve7.pt\/","name":"Algarve 7","description":"Informa\u00e7\u00e3o sobre o Algarve","publisher":{"@id":"https:\/\/algarve7.pt\/#organization"},"potentialAction":[{"@type":"SearchAction","target":{"@type":"EntryPoint","urlTemplate":"https:\/\/algarve7.pt\/?s={search_term_string}"},"query-input":{"@type":"PropertyValueSpecification","valueRequired":true,"valueName":"search_term_string"}}],"inLanguage":"pt-PT"},{"@type":"Organization","@id":"https:\/\/algarve7.pt\/#organization","name":"Algarve 7","url":"https:\/\/algarve7.pt\/","logo":{"@type":"ImageObject","inLanguage":"pt-PT","@id":"https:\/\/algarve7.pt\/#\/schema\/logo\/image\/","url":"https:\/\/algarve7.pt\/wp-content\/uploads\/2020\/10\/Logo-8.jpg","contentUrl":"https:\/\/algarve7.pt\/wp-content\/uploads\/2020\/10\/Logo-8.jpg","width":1680,"height":1186,"caption":"Algarve 7"},"image":{"@id":"https:\/\/algarve7.pt\/#\/schema\/logo\/image\/"},"sameAs":["https:\/\/www.facebook.com\/algarve7","https:\/\/x.com\/Algarvesete","https:\/\/www.instagram.com\/jornalalgarve7\/","https:\/\/www.linkedin.com\/company\/algarve7","https:\/\/www.pinterest.pt\/geral0939\/_created\/"]},{"@type":"Person","@id":"https:\/\/algarve7.pt\/#\/schema\/person\/23fa70681308e7b319a3204bcea45e0c","name":"Algarve 7","sameAs":["https:\/\/algarve7.pt","https:\/\/www.facebook.com\/algarve7"],"url":"https:\/\/algarve7.pt\/index.php\/author\/geralalgarve7-pt\/"}]}},"jetpack_publicize_connections":[],"jetpack_featured_media_url":"https:\/\/algarve7.pt\/wp-content\/uploads\/2021\/02\/baile-carnaval-st.-antonio.jpg","jetpack_shortlink":"https:\/\/wp.me\/pcezmW-1AM","jetpack_sharing_enabled":true,"_links":{"self":[{"href":"https:\/\/algarve7.pt\/index.php\/wp-json\/wp\/v2\/posts\/6124","targetHints":{"allow":["GET"]}}],"collection":[{"href":"https:\/\/algarve7.pt\/index.php\/wp-json\/wp\/v2\/posts"}],"about":[{"href":"https:\/\/algarve7.pt\/index.php\/wp-json\/wp\/v2\/types\/post"}],"author":[{"embeddable":true,"href":"https:\/\/algarve7.pt\/index.php\/wp-json\/wp\/v2\/users\/1"}],"replies":[{"embeddable":true,"href":"https:\/\/algarve7.pt\/index.php\/wp-json\/wp\/v2\/comments?post=6124"}],"version-history":[{"count":0,"href":"https:\/\/algarve7.pt\/index.php\/wp-json\/wp\/v2\/posts\/6124\/revisions"}],"wp:featuredmedia":[{"embeddable":true,"href":"https:\/\/algarve7.pt\/index.php\/wp-json\/wp\/v2\/media\/6125"}],"wp:attachment":[{"href":"https:\/\/algarve7.pt\/index.php\/wp-json\/wp\/v2\/media?parent=6124"}],"wp:term":[{"taxonomy":"category","embeddable":true,"href":"https:\/\/algarve7.pt\/index.php\/wp-json\/wp\/v2\/categories?post=6124"},{"taxonomy":"post_tag","embeddable":true,"href":"https:\/\/algarve7.pt\/index.php\/wp-json\/wp\/v2\/tags?post=6124"}],"curies":[{"name":"wp","href":"https:\/\/api.w.org\/{rel}","templated":true}]}}