{"id":61054,"date":"2026-04-14T08:00:00","date_gmt":"2026-04-14T07:00:00","guid":{"rendered":"https:\/\/algarve7.pt\/?p=61054"},"modified":"2026-04-13T14:44:24","modified_gmt":"2026-04-13T13:44:24","slug":"municipio-de-lagoa-distinguido-com-bandeira-de-merito-social-2026","status":"publish","type":"post","link":"https:\/\/algarve7.pt\/index.php\/2026\/04\/municipio-de-lagoa-distinguido-com-bandeira-de-merito-social-2026\/atualidade\/08\/00\/","title":{"rendered":"Munic\u00edpio de Lagoa distinguido com Bandeira de M\u00e9rito Social 2026"},"content":{"rendered":"\n<p><strong>O Munic\u00edpio de Lagoa foi distinguido na edi\u00e7\u00e3o de 2026 da Bandeira de M\u00e9rito Social, ap\u00f3s a submiss\u00e3o de candidatura ao respetivo programa, tendo uma das suas iniciativas sido reconhecida entre as 150 melhores, num universo de 732 candidaturas a n\u00edvel nacional.&nbsp;<\/strong><br><br>&nbsp;A avalia\u00e7\u00e3o das candidaturas foi presidida pelo Professor Doutor Juan Jos\u00e9 Fern\u00e1ndez Mu\u00f1oz, Catedr\u00e1tico da Universidade Rey Juan Carlos (Madrid), no \u00e2mbito de uma iniciativa promovida pela ANGES \u2013 Associa\u00e7\u00e3o Nacional de Gerontologia Social, que visa reconhecer projetos de excel\u00eancia nas \u00e1reas da responsabilidade social e solidariedade.&nbsp;<br><br>Este reconhecimento vem refor\u00e7ar o compromisso cont\u00ednuo do Munic\u00edpio de Lagoa com a promo\u00e7\u00e3o da inclus\u00e3o social, o apoio \u00e0s popula\u00e7\u00f5es mais vulner\u00e1veis e a melhoria da qualidade de vida dos seus mun\u00edcipes.&nbsp;<br><br>O Presidente da C\u00e2mara Municipal de Lagoa, Lu\u00eds Encarna\u00e7\u00e3o, sublinha a import\u00e2ncia desta distin\u00e7\u00e3o:&nbsp;<br>\u201c<em>Este pr\u00e9mio representa o reconhecimento do trabalho consistente que temos vindo a desenvolver em prol de uma sociedade mais justa, inclusiva e solid\u00e1ria. \u00c9 tamb\u00e9m um est\u00edmulo para continuarmos a investir em pol\u00edticas p\u00fablicas que coloquem as pessoas no centro da nossa a\u00e7\u00e3o. Esta conquista \u00e9 coletiva. Resulta do empenho dos nossos servi\u00e7os e da dedica\u00e7\u00e3o dos nossos parceiros. A todos, deixo uma palavra de profundo agradecimento.<\/em>\u201d&nbsp;<br><br>A cerim\u00f3nia de entrega das Bandeiras de M\u00e9rito Social decorreu no passado dia 9 de abril de 2026, no Centro de Artes de \u00c1gueda, contando com a presen\u00e7a de Pedro Abrunhosa, enquanto Embaixador do M\u00e9rito Social 2026.&nbsp;<br><\/p>\n\n\n\n<p>O Munic\u00edpio de Lagoa reafirma o seu compromisso de continuar a desenvolver iniciativas e projetos que promovam a coes\u00e3o social, a igualdade de oportunidades e o bem-estar de todos, contribuindo para a constru\u00e7\u00e3o de um futuro mais inclusivo e sustent\u00e1vel.&nbsp;<\/p>\n","protected":false},"excerpt":{"rendered":"<p>O Munic\u00edpio de Lagoa foi distinguido na edi\u00e7\u00e3o de 2026 da Bandeira de M\u00e9rito Social, ap\u00f3s a submiss\u00e3o de candidatura<\/p>\n","protected":false},"author":1,"featured_media":61055,"comment_status":"closed","ping_status":"closed","sticky":false,"template":"","format":"standard","meta":{"colormag_page_container_layout":"default_layout","colormag_page_sidebar_layout":"default_layout","_monsterinsights_skip_tracking":false,"_monsterinsights_sitenote_active":false,"_monsterinsights_sitenote_note":"","_monsterinsights_sitenote_category":0,"jetpack_post_was_ever_published":false,"_jetpack_newsletter_access":"","_jetpack_dont_email_post_to_subs":false,"_jetpack_newsletter_tier_id":0,"_jetpack_memberships_contains_paywalled_content":false,"_jetpack_memberships_contains_paid_content":false,"footnotes":"","jetpack_publicize_message":"","jetpack_publicize_feature_enabled":true,"jetpack_social_post_already_shared":true,"jetpack_social_options":{"image_generator_settings":{"template":"highway","default_image_id":0,"font":"","enabled":false},"version":2}},"categories":[11],"tags":[36,62,48],"class_list":["post-61054","post","type-post","status-publish","format-standard","has-post-thumbnail","hentry","category-atualidade","tag-algarve","tag-atualidade","tag-lagoa"],"yoast_head":"<!-- This site is optimized with the Yoast SEO plugin v27.5 - https:\/\/yoast.com\/product\/yoast-seo-wordpress\/ -->\n<title>Munic\u00edpio de Lagoa distinguido com Bandeira de M\u00e9rito Social 2026 - Algarve 7<\/title>\n<meta name=\"description\" content=\"Munic\u00edpio de Lagoa distinguido com Bandeira de M\u00e9rito Social 2026 Atualidade\" \/>\n<meta name=\"robots\" content=\"index, follow, max-snippet:-1, max-image-preview:large, max-video-preview:-1\" \/>\n<link rel=\"canonical\" href=\"https:\/\/algarve7.pt\/index.php\/2026\/04\/municipio-de-lagoa-distinguido-com-bandeira-de-merito-social-2026\/atualidade\/08\/00\/\" \/>\n<meta property=\"og:locale\" content=\"pt_PT\" \/>\n<meta property=\"og:type\" content=\"article\" \/>\n<meta property=\"og:title\" content=\"Munic\u00edpio de Lagoa distinguido com Bandeira de M\u00e9rito Social 2026 - Algarve 7\" \/>\n<meta property=\"og:description\" content=\"Munic\u00edpio de Lagoa distinguido com Bandeira de M\u00e9rito Social 2026 Atualidade\" \/>\n<meta property=\"og:url\" content=\"https:\/\/algarve7.pt\/index.php\/2026\/04\/municipio-de-lagoa-distinguido-com-bandeira-de-merito-social-2026\/atualidade\/08\/00\/\" \/>\n<meta property=\"og:site_name\" content=\"Algarve 7\" \/>\n<meta property=\"article:publisher\" content=\"https:\/\/www.facebook.com\/algarve7\" \/>\n<meta property=\"article:author\" content=\"https:\/\/www.facebook.com\/algarve7\" \/>\n<meta property=\"article:published_time\" content=\"2026-04-14T07:00:00+00:00\" \/>\n<meta property=\"og:image\" content=\"https:\/\/algarve7.pt\/wp-content\/uploads\/2026\/04\/Captura-de-ecra-2026-04-13-as-14.42.23.png\" \/>\n\t<meta property=\"og:image:width\" content=\"800\" \/>\n\t<meta property=\"og:image:height\" content=\"445\" \/>\n\t<meta property=\"og:image:type\" content=\"image\/png\" \/>\n<meta name=\"author\" content=\"Algarve 7\" \/>\n<meta name=\"twitter:card\" content=\"summary_large_image\" \/>\n<meta name=\"twitter:creator\" content=\"@Algarvesete\" \/>\n<meta name=\"twitter:site\" content=\"@Algarvesete\" \/>\n<meta name=\"twitter:label1\" content=\"Escrito por\" \/>\n\t<meta name=\"twitter:data1\" content=\"Algarve 7\" \/>\n\t<meta name=\"twitter:label2\" content=\"Tempo estimado de leitura\" \/>\n\t<meta name=\"twitter:data2\" content=\"2 minutos\" \/>\n<script type=\"application\/ld+json\" class=\"yoast-schema-graph\">{\"@context\":\"https:\\\/\\\/schema.org\",\"@graph\":[{\"@type\":\"Article\",\"@id\":\"https:\\\/\\\/algarve7.pt\\\/index.php\\\/2026\\\/04\\\/municipio-de-lagoa-distinguido-com-bandeira-de-merito-social-2026\\\/atualidade\\\/08\\\/00\\\/#article\",\"isPartOf\":{\"@id\":\"https:\\\/\\\/algarve7.pt\\\/index.php\\\/2026\\\/04\\\/municipio-de-lagoa-distinguido-com-bandeira-de-merito-social-2026\\\/atualidade\\\/08\\\/00\\\/\"},\"author\":{\"name\":\"Algarve 7\",\"@id\":\"https:\\\/\\\/algarve7.pt\\\/#\\\/schema\\\/person\\\/23fa70681308e7b319a3204bcea45e0c\"},\"headline\":\"Munic\u00edpio de Lagoa distinguido com Bandeira de M\u00e9rito Social 2026\",\"datePublished\":\"2026-04-14T07:00:00+00:00\",\"mainEntityOfPage\":{\"@id\":\"https:\\\/\\\/algarve7.pt\\\/index.php\\\/2026\\\/04\\\/municipio-de-lagoa-distinguido-com-bandeira-de-merito-social-2026\\\/atualidade\\\/08\\\/00\\\/\"},\"wordCount\":332,\"publisher\":{\"@id\":\"https:\\\/\\\/algarve7.pt\\\/#organization\"},\"image\":{\"@id\":\"https:\\\/\\\/algarve7.pt\\\/index.php\\\/2026\\\/04\\\/municipio-de-lagoa-distinguido-com-bandeira-de-merito-social-2026\\\/atualidade\\\/08\\\/00\\\/#primaryimage\"},\"thumbnailUrl\":\"https:\\\/\\\/algarve7.pt\\\/wp-content\\\/uploads\\\/2026\\\/04\\\/Captura-de-ecra-2026-04-13-as-14.42.23.png\",\"keywords\":[\"Algarve\",\"Atualidade\",\"Lagoa\"],\"articleSection\":[\"Atualidade\"],\"inLanguage\":\"pt-PT\"},{\"@type\":\"WebPage\",\"@id\":\"https:\\\/\\\/algarve7.pt\\\/index.php\\\/2026\\\/04\\\/municipio-de-lagoa-distinguido-com-bandeira-de-merito-social-2026\\\/atualidade\\\/08\\\/00\\\/\",\"url\":\"https:\\\/\\\/algarve7.pt\\\/index.php\\\/2026\\\/04\\\/municipio-de-lagoa-distinguido-com-bandeira-de-merito-social-2026\\\/atualidade\\\/08\\\/00\\\/\",\"name\":\"Munic\u00edpio de Lagoa distinguido com Bandeira de M\u00e9rito Social 2026 - Algarve 7\",\"isPartOf\":{\"@id\":\"https:\\\/\\\/algarve7.pt\\\/#website\"},\"primaryImageOfPage\":{\"@id\":\"https:\\\/\\\/algarve7.pt\\\/index.php\\\/2026\\\/04\\\/municipio-de-lagoa-distinguido-com-bandeira-de-merito-social-2026\\\/atualidade\\\/08\\\/00\\\/#primaryimage\"},\"image\":{\"@id\":\"https:\\\/\\\/algarve7.pt\\\/index.php\\\/2026\\\/04\\\/municipio-de-lagoa-distinguido-com-bandeira-de-merito-social-2026\\\/atualidade\\\/08\\\/00\\\/#primaryimage\"},\"thumbnailUrl\":\"https:\\\/\\\/algarve7.pt\\\/wp-content\\\/uploads\\\/2026\\\/04\\\/Captura-de-ecra-2026-04-13-as-14.42.23.png\",\"datePublished\":\"2026-04-14T07:00:00+00:00\",\"description\":\"Munic\u00edpio de Lagoa distinguido com Bandeira de M\u00e9rito Social 2026 Atualidade\",\"breadcrumb\":{\"@id\":\"https:\\\/\\\/algarve7.pt\\\/index.php\\\/2026\\\/04\\\/municipio-de-lagoa-distinguido-com-bandeira-de-merito-social-2026\\\/atualidade\\\/08\\\/00\\\/#breadcrumb\"},\"inLanguage\":\"pt-PT\",\"potentialAction\":[{\"@type\":\"ReadAction\",\"target\":[\"https:\\\/\\\/algarve7.pt\\\/index.php\\\/2026\\\/04\\\/municipio-de-lagoa-distinguido-com-bandeira-de-merito-social-2026\\\/atualidade\\\/08\\\/00\\\/\"]}]},{\"@type\":\"ImageObject\",\"inLanguage\":\"pt-PT\",\"@id\":\"https:\\\/\\\/algarve7.pt\\\/index.php\\\/2026\\\/04\\\/municipio-de-lagoa-distinguido-com-bandeira-de-merito-social-2026\\\/atualidade\\\/08\\\/00\\\/#primaryimage\",\"url\":\"https:\\\/\\\/algarve7.pt\\\/wp-content\\\/uploads\\\/2026\\\/04\\\/Captura-de-ecra-2026-04-13-as-14.42.23.png\",\"contentUrl\":\"https:\\\/\\\/algarve7.pt\\\/wp-content\\\/uploads\\\/2026\\\/04\\\/Captura-de-ecra-2026-04-13-as-14.42.23.png\",\"width\":800,\"height\":445},{\"@type\":\"BreadcrumbList\",\"@id\":\"https:\\\/\\\/algarve7.pt\\\/index.php\\\/2026\\\/04\\\/municipio-de-lagoa-distinguido-com-bandeira-de-merito-social-2026\\\/atualidade\\\/08\\\/00\\\/#breadcrumb\",\"itemListElement\":[{\"@type\":\"ListItem\",\"position\":1,\"name\":\"In\u00edcio\",\"item\":\"https:\\\/\\\/algarve7.pt\\\/\"},{\"@type\":\"ListItem\",\"position\":2,\"name\":\"Munic\u00edpio de Lagoa distinguido com Bandeira de M\u00e9rito Social 2026\"}]},{\"@type\":\"WebSite\",\"@id\":\"https:\\\/\\\/algarve7.pt\\\/#website\",\"url\":\"https:\\\/\\\/algarve7.pt\\\/\",\"name\":\"Algarve 7\",\"description\":\"Informa\u00e7\u00e3o sobre o Algarve\",\"publisher\":{\"@id\":\"https:\\\/\\\/algarve7.pt\\\/#organization\"},\"potentialAction\":[{\"@type\":\"SearchAction\",\"target\":{\"@type\":\"EntryPoint\",\"urlTemplate\":\"https:\\\/\\\/algarve7.pt\\\/?s={search_term_string}\"},\"query-input\":{\"@type\":\"PropertyValueSpecification\",\"valueRequired\":true,\"valueName\":\"search_term_string\"}}],\"inLanguage\":\"pt-PT\"},{\"@type\":\"Organization\",\"@id\":\"https:\\\/\\\/algarve7.pt\\\/#organization\",\"name\":\"Algarve 7\",\"url\":\"https:\\\/\\\/algarve7.pt\\\/\",\"logo\":{\"@type\":\"ImageObject\",\"inLanguage\":\"pt-PT\",\"@id\":\"https:\\\/\\\/algarve7.pt\\\/#\\\/schema\\\/logo\\\/image\\\/\",\"url\":\"https:\\\/\\\/algarve7.pt\\\/wp-content\\\/uploads\\\/2020\\\/10\\\/Logo-8.jpg\",\"contentUrl\":\"https:\\\/\\\/algarve7.pt\\\/wp-content\\\/uploads\\\/2020\\\/10\\\/Logo-8.jpg\",\"width\":1680,\"height\":1186,\"caption\":\"Algarve 7\"},\"image\":{\"@id\":\"https:\\\/\\\/algarve7.pt\\\/#\\\/schema\\\/logo\\\/image\\\/\"},\"sameAs\":[\"https:\\\/\\\/www.facebook.com\\\/algarve7\",\"https:\\\/\\\/x.com\\\/Algarvesete\",\"https:\\\/\\\/www.instagram.com\\\/jornalalgarve7\\\/\",\"https:\\\/\\\/www.linkedin.com\\\/company\\\/algarve7\",\"https:\\\/\\\/www.pinterest.pt\\\/geral0939\\\/_created\\\/\"]},{\"@type\":\"Person\",\"@id\":\"https:\\\/\\\/algarve7.pt\\\/#\\\/schema\\\/person\\\/23fa70681308e7b319a3204bcea45e0c\",\"name\":\"Algarve 7\",\"sameAs\":[\"https:\\\/\\\/algarve7.pt\",\"https:\\\/\\\/www.facebook.com\\\/algarve7\"],\"url\":\"https:\\\/\\\/algarve7.pt\\\/index.php\\\/author\\\/geralalgarve7-pt\\\/\"}]}<\/script>\n<!-- \/ Yoast SEO plugin. -->","yoast_head_json":{"title":"Munic\u00edpio de Lagoa distinguido com Bandeira de M\u00e9rito Social 2026 - Algarve 7","description":"Munic\u00edpio de Lagoa distinguido com Bandeira de M\u00e9rito Social 2026 Atualidade","robots":{"index":"index","follow":"follow","max-snippet":"max-snippet:-1","max-image-preview":"max-image-preview:large","max-video-preview":"max-video-preview:-1"},"canonical":"https:\/\/algarve7.pt\/index.php\/2026\/04\/municipio-de-lagoa-distinguido-com-bandeira-de-merito-social-2026\/atualidade\/08\/00\/","og_locale":"pt_PT","og_type":"article","og_title":"Munic\u00edpio de Lagoa distinguido com Bandeira de M\u00e9rito Social 2026 - Algarve 7","og_description":"Munic\u00edpio de Lagoa distinguido com Bandeira de M\u00e9rito Social 2026 Atualidade","og_url":"https:\/\/algarve7.pt\/index.php\/2026\/04\/municipio-de-lagoa-distinguido-com-bandeira-de-merito-social-2026\/atualidade\/08\/00\/","og_site_name":"Algarve 7","article_publisher":"https:\/\/www.facebook.com\/algarve7","article_author":"https:\/\/www.facebook.com\/algarve7","article_published_time":"2026-04-14T07:00:00+00:00","og_image":[{"width":800,"height":445,"url":"https:\/\/algarve7.pt\/wp-content\/uploads\/2026\/04\/Captura-de-ecra-2026-04-13-as-14.42.23.png","type":"image\/png"}],"author":"Algarve 7","twitter_card":"summary_large_image","twitter_creator":"@Algarvesete","twitter_site":"@Algarvesete","twitter_misc":{"Escrito por":"Algarve 7","Tempo estimado de leitura":"2 minutos"},"schema":{"@context":"https:\/\/schema.org","@graph":[{"@type":"Article","@id":"https:\/\/algarve7.pt\/index.php\/2026\/04\/municipio-de-lagoa-distinguido-com-bandeira-de-merito-social-2026\/atualidade\/08\/00\/#article","isPartOf":{"@id":"https:\/\/algarve7.pt\/index.php\/2026\/04\/municipio-de-lagoa-distinguido-com-bandeira-de-merito-social-2026\/atualidade\/08\/00\/"},"author":{"name":"Algarve 7","@id":"https:\/\/algarve7.pt\/#\/schema\/person\/23fa70681308e7b319a3204bcea45e0c"},"headline":"Munic\u00edpio de Lagoa distinguido com Bandeira de M\u00e9rito Social 2026","datePublished":"2026-04-14T07:00:00+00:00","mainEntityOfPage":{"@id":"https:\/\/algarve7.pt\/index.php\/2026\/04\/municipio-de-lagoa-distinguido-com-bandeira-de-merito-social-2026\/atualidade\/08\/00\/"},"wordCount":332,"publisher":{"@id":"https:\/\/algarve7.pt\/#organization"},"image":{"@id":"https:\/\/algarve7.pt\/index.php\/2026\/04\/municipio-de-lagoa-distinguido-com-bandeira-de-merito-social-2026\/atualidade\/08\/00\/#primaryimage"},"thumbnailUrl":"https:\/\/algarve7.pt\/wp-content\/uploads\/2026\/04\/Captura-de-ecra-2026-04-13-as-14.42.23.png","keywords":["Algarve","Atualidade","Lagoa"],"articleSection":["Atualidade"],"inLanguage":"pt-PT"},{"@type":"WebPage","@id":"https:\/\/algarve7.pt\/index.php\/2026\/04\/municipio-de-lagoa-distinguido-com-bandeira-de-merito-social-2026\/atualidade\/08\/00\/","url":"https:\/\/algarve7.pt\/index.php\/2026\/04\/municipio-de-lagoa-distinguido-com-bandeira-de-merito-social-2026\/atualidade\/08\/00\/","name":"Munic\u00edpio de Lagoa distinguido com Bandeira de M\u00e9rito Social 2026 - Algarve 7","isPartOf":{"@id":"https:\/\/algarve7.pt\/#website"},"primaryImageOfPage":{"@id":"https:\/\/algarve7.pt\/index.php\/2026\/04\/municipio-de-lagoa-distinguido-com-bandeira-de-merito-social-2026\/atualidade\/08\/00\/#primaryimage"},"image":{"@id":"https:\/\/algarve7.pt\/index.php\/2026\/04\/municipio-de-lagoa-distinguido-com-bandeira-de-merito-social-2026\/atualidade\/08\/00\/#primaryimage"},"thumbnailUrl":"https:\/\/algarve7.pt\/wp-content\/uploads\/2026\/04\/Captura-de-ecra-2026-04-13-as-14.42.23.png","datePublished":"2026-04-14T07:00:00+00:00","description":"Munic\u00edpio de Lagoa distinguido com Bandeira de M\u00e9rito Social 2026 Atualidade","breadcrumb":{"@id":"https:\/\/algarve7.pt\/index.php\/2026\/04\/municipio-de-lagoa-distinguido-com-bandeira-de-merito-social-2026\/atualidade\/08\/00\/#breadcrumb"},"inLanguage":"pt-PT","potentialAction":[{"@type":"ReadAction","target":["https:\/\/algarve7.pt\/index.php\/2026\/04\/municipio-de-lagoa-distinguido-com-bandeira-de-merito-social-2026\/atualidade\/08\/00\/"]}]},{"@type":"ImageObject","inLanguage":"pt-PT","@id":"https:\/\/algarve7.pt\/index.php\/2026\/04\/municipio-de-lagoa-distinguido-com-bandeira-de-merito-social-2026\/atualidade\/08\/00\/#primaryimage","url":"https:\/\/algarve7.pt\/wp-content\/uploads\/2026\/04\/Captura-de-ecra-2026-04-13-as-14.42.23.png","contentUrl":"https:\/\/algarve7.pt\/wp-content\/uploads\/2026\/04\/Captura-de-ecra-2026-04-13-as-14.42.23.png","width":800,"height":445},{"@type":"BreadcrumbList","@id":"https:\/\/algarve7.pt\/index.php\/2026\/04\/municipio-de-lagoa-distinguido-com-bandeira-de-merito-social-2026\/atualidade\/08\/00\/#breadcrumb","itemListElement":[{"@type":"ListItem","position":1,"name":"In\u00edcio","item":"https:\/\/algarve7.pt\/"},{"@type":"ListItem","position":2,"name":"Munic\u00edpio de Lagoa distinguido com Bandeira de M\u00e9rito Social 2026"}]},{"@type":"WebSite","@id":"https:\/\/algarve7.pt\/#website","url":"https:\/\/algarve7.pt\/","name":"Algarve 7","description":"Informa\u00e7\u00e3o sobre o Algarve","publisher":{"@id":"https:\/\/algarve7.pt\/#organization"},"potentialAction":[{"@type":"SearchAction","target":{"@type":"EntryPoint","urlTemplate":"https:\/\/algarve7.pt\/?s={search_term_string}"},"query-input":{"@type":"PropertyValueSpecification","valueRequired":true,"valueName":"search_term_string"}}],"inLanguage":"pt-PT"},{"@type":"Organization","@id":"https:\/\/algarve7.pt\/#organization","name":"Algarve 7","url":"https:\/\/algarve7.pt\/","logo":{"@type":"ImageObject","inLanguage":"pt-PT","@id":"https:\/\/algarve7.pt\/#\/schema\/logo\/image\/","url":"https:\/\/algarve7.pt\/wp-content\/uploads\/2020\/10\/Logo-8.jpg","contentUrl":"https:\/\/algarve7.pt\/wp-content\/uploads\/2020\/10\/Logo-8.jpg","width":1680,"height":1186,"caption":"Algarve 7"},"image":{"@id":"https:\/\/algarve7.pt\/#\/schema\/logo\/image\/"},"sameAs":["https:\/\/www.facebook.com\/algarve7","https:\/\/x.com\/Algarvesete","https:\/\/www.instagram.com\/jornalalgarve7\/","https:\/\/www.linkedin.com\/company\/algarve7","https:\/\/www.pinterest.pt\/geral0939\/_created\/"]},{"@type":"Person","@id":"https:\/\/algarve7.pt\/#\/schema\/person\/23fa70681308e7b319a3204bcea45e0c","name":"Algarve 7","sameAs":["https:\/\/algarve7.pt","https:\/\/www.facebook.com\/algarve7"],"url":"https:\/\/algarve7.pt\/index.php\/author\/geralalgarve7-pt\/"}]}},"jetpack_publicize_connections":[],"jetpack_featured_media_url":"https:\/\/algarve7.pt\/wp-content\/uploads\/2026\/04\/Captura-de-ecra-2026-04-13-as-14.42.23.png","jetpack_shortlink":"https:\/\/wp.me\/pcezmW-fSK","jetpack_sharing_enabled":true,"_links":{"self":[{"href":"https:\/\/algarve7.pt\/index.php\/wp-json\/wp\/v2\/posts\/61054","targetHints":{"allow":["GET"]}}],"collection":[{"href":"https:\/\/algarve7.pt\/index.php\/wp-json\/wp\/v2\/posts"}],"about":[{"href":"https:\/\/algarve7.pt\/index.php\/wp-json\/wp\/v2\/types\/post"}],"author":[{"embeddable":true,"href":"https:\/\/algarve7.pt\/index.php\/wp-json\/wp\/v2\/users\/1"}],"replies":[{"embeddable":true,"href":"https:\/\/algarve7.pt\/index.php\/wp-json\/wp\/v2\/comments?post=61054"}],"version-history":[{"count":0,"href":"https:\/\/algarve7.pt\/index.php\/wp-json\/wp\/v2\/posts\/61054\/revisions"}],"wp:featuredmedia":[{"embeddable":true,"href":"https:\/\/algarve7.pt\/index.php\/wp-json\/wp\/v2\/media\/61055"}],"wp:attachment":[{"href":"https:\/\/algarve7.pt\/index.php\/wp-json\/wp\/v2\/media?parent=61054"}],"wp:term":[{"taxonomy":"category","embeddable":true,"href":"https:\/\/algarve7.pt\/index.php\/wp-json\/wp\/v2\/categories?post=61054"},{"taxonomy":"post_tag","embeddable":true,"href":"https:\/\/algarve7.pt\/index.php\/wp-json\/wp\/v2\/tags?post=61054"}],"curies":[{"name":"wp","href":"https:\/\/api.w.org\/{rel}","templated":true}]}}