{"id":60891,"date":"2026-04-09T07:45:00","date_gmt":"2026-04-09T06:45:00","guid":{"rendered":"https:\/\/algarve7.pt\/?p=60891"},"modified":"2026-04-08T17:18:26","modified_gmt":"2026-04-08T16:18:26","slug":"municipio-assinalou-dia-mundial-da-saude-com-visita-as-obras-da-nova-unidade-de-saude-familiar","status":"publish","type":"post","link":"https:\/\/algarve7.pt\/index.php\/2026\/04\/municipio-assinalou-dia-mundial-da-saude-com-visita-as-obras-da-nova-unidade-de-saude-familiar\/saude\/07\/45\/","title":{"rendered":"Munic\u00edpio assinalou Dia Mundial da Sa\u00fade com visita \u00e0s obras da Nova Unidade De Sa\u00fade Familiar"},"content":{"rendered":"\n<p>A 7 de abril, Dia Mundial da Sa\u00fade, a Presidente da C\u00e2mara Municipal de S\u00e3o Br\u00e1s de Alportel, acompanhada dos restantes elementos do executivo a tempo inteiro e pela respons\u00e1vel t\u00e9cnica, visitou a obra de constru\u00e7\u00e3o da nova Unidade de Sa\u00fade Familiar, fazendo um balan\u00e7o positivo do andamento desta obra estruturante na \u00e1rea da sa\u00fade.<\/p>\n\n\n\n<p>Trata-se do maior investimento de sempre do Munic\u00edpio, financiado pelo Plano de Recupera\u00e7\u00e3o e Resili\u00eancia (PRR). A empreitada decorre a bom ritmo, estando neste momento a sua execu\u00e7\u00e3o condicionada no cumprimento dos prazos devido \u00e0s condi\u00e7\u00f5es meteorol\u00f3gicas.<\/p>\n\n\n\n<p>Marlene Guerreiro real\u00e7a que &#8220;a sa\u00fade \u00e9 a maior riqueza de uma comunidade e, por isso, a principal prioridade do nosso trabalho na autarquia.&#8221;<\/p>\n\n\n\n<p>A obra segue um exigente planeamento que tem vindo a ser cumprido, fruto do acompanhamento pr\u00f3ximo, empenhado e rigoroso do Executivo Municipal e dos servi\u00e7os t\u00e9cnicos municipais. Semanalmente s\u00e3o realizadas visitas de acompanhamento, num trabalho em rede e de proximidade.<\/p>\n\n\n\n<p>Localizada na Rua das Comunidades Portuguesas, a norte da vila, a nova Unidade de Sa\u00fade Familiar ter\u00e1 756 m\u00b2 de \u00e1rea de constru\u00e7\u00e3o e ficar\u00e1 dotada de seis gabinetes m\u00e9dicos, salas de enfermagem e tratamentos, \u00e1reas de sa\u00fade materna e infantil, bem como espa\u00e7os administrativos e log\u00edsticos.<\/p>\n\n\n\n<p>Este novo equipamento ir\u00e1 refor\u00e7ar de forma significativa os cuidados de sa\u00fade prim\u00e1rios no concelho, assegurando melhores condi\u00e7\u00f5es de trabalho aos profissionais de sa\u00fade e maior conforto, acessibilidade e qualidade no atendimento aos utentes.<\/p>\n\n\n\n<p>A nova unidade constitui um investimento estruturante na promo\u00e7\u00e3o da sa\u00fade e da qualidade de vida da popula\u00e7\u00e3o, em complemento \u00e0s recentes melhorias implementadas no edif\u00edcio do Centro de Sa\u00fade, que permitir\u00e3o instalar neste edif\u00edcio novas val\u00eancias, numa l\u00f3gica de preven\u00e7\u00e3o como eixo central, estando ainda prevista a integra\u00e7\u00e3o de novas din\u00e2micas abertas \u00e0 comunidade.<\/p>\n\n\n\n<p>O investimento nos equipamentos de sa\u00fade constitui tamb\u00e9m um dos eixos da estrat\u00e9gia da autarquia para atrair profissionais de sa\u00fade, desafio priorit\u00e1rio ao qual o munic\u00edpio pretende dar resposta com um conjunto de apoios que est\u00e1 a reunir, nomeadamente a disponibiliza\u00e7\u00e3o de espa\u00e7o do munic\u00edpio para poder suprir as dificuldades ao n\u00edvel da habita\u00e7\u00e3o, um dos principais entraves na fixa\u00e7\u00e3o de novos profissionais.&nbsp;<\/p>\n","protected":false},"excerpt":{"rendered":"<p>A 7 de abril, Dia Mundial da Sa\u00fade, a Presidente da C\u00e2mara Municipal de S\u00e3o Br\u00e1s de Alportel, acompanhada dos<\/p>\n","protected":false},"author":1,"featured_media":60892,"comment_status":"closed","ping_status":"closed","sticky":false,"template":"","format":"standard","meta":{"colormag_page_container_layout":"default_layout","colormag_page_sidebar_layout":"default_layout","_monsterinsights_skip_tracking":false,"_monsterinsights_sitenote_active":false,"_monsterinsights_sitenote_note":"","_monsterinsights_sitenote_category":0,"jetpack_post_was_ever_published":false,"_jetpack_newsletter_access":"","_jetpack_dont_email_post_to_subs":false,"_jetpack_newsletter_tier_id":0,"_jetpack_memberships_contains_paywalled_content":false,"_jetpack_memberships_contains_paid_content":false,"footnotes":"","jetpack_publicize_message":"","jetpack_publicize_feature_enabled":true,"jetpack_social_post_already_shared":true,"jetpack_social_options":{"image_generator_settings":{"template":"highway","default_image_id":0,"font":"","enabled":false},"version":2}},"categories":[59],"tags":[36,63,58],"class_list":["post-60891","post","type-post","status-publish","format-standard","has-post-thumbnail","hentry","category-saude","tag-algarve","tag-sao-bras-de-alportel","tag-saude"],"yoast_head":"<!-- This site is optimized with the Yoast SEO plugin v27.5 - https:\/\/yoast.com\/product\/yoast-seo-wordpress\/ -->\n<title>Munic\u00edpio assinalou Dia Mundial da Sa\u00fade com visita \u00e0s obras da Nova Unidade De Sa\u00fade Familiar - Algarve 7<\/title>\n<meta name=\"description\" content=\"Munic\u00edpio assinalou Dia Mundial da Sa\u00fade com visita \u00e0s obras da Nova Unidade De Sa\u00fade Familiar Sa\u00fade\" \/>\n<meta name=\"robots\" content=\"index, follow, max-snippet:-1, max-image-preview:large, max-video-preview:-1\" \/>\n<link rel=\"canonical\" href=\"https:\/\/algarve7.pt\/index.php\/2026\/04\/municipio-assinalou-dia-mundial-da-saude-com-visita-as-obras-da-nova-unidade-de-saude-familiar\/saude\/07\/45\/\" \/>\n<meta property=\"og:locale\" content=\"pt_PT\" \/>\n<meta property=\"og:type\" content=\"article\" \/>\n<meta property=\"og:title\" content=\"Munic\u00edpio assinalou Dia Mundial da Sa\u00fade com visita \u00e0s obras da Nova Unidade De Sa\u00fade Familiar - Algarve 7\" \/>\n<meta property=\"og:description\" content=\"Munic\u00edpio assinalou Dia Mundial da Sa\u00fade com visita \u00e0s obras da Nova Unidade De Sa\u00fade Familiar Sa\u00fade\" \/>\n<meta property=\"og:url\" content=\"https:\/\/algarve7.pt\/index.php\/2026\/04\/municipio-assinalou-dia-mundial-da-saude-com-visita-as-obras-da-nova-unidade-de-saude-familiar\/saude\/07\/45\/\" \/>\n<meta property=\"og:site_name\" content=\"Algarve 7\" \/>\n<meta property=\"article:publisher\" content=\"https:\/\/www.facebook.com\/algarve7\" \/>\n<meta property=\"article:author\" content=\"https:\/\/www.facebook.com\/algarve7\" \/>\n<meta property=\"article:published_time\" content=\"2026-04-09T06:45:00+00:00\" \/>\n<meta property=\"og:image\" content=\"https:\/\/algarve7.pt\/wp-content\/uploads\/2026\/04\/visita_USF_abril_2026-69_-Large.jpg\" \/>\n\t<meta property=\"og:image:width\" content=\"800\" \/>\n\t<meta property=\"og:image:height\" content=\"445\" \/>\n\t<meta property=\"og:image:type\" content=\"image\/jpeg\" \/>\n<meta name=\"author\" content=\"Algarve 7\" \/>\n<meta name=\"twitter:card\" content=\"summary_large_image\" \/>\n<meta name=\"twitter:creator\" content=\"@Algarvesete\" \/>\n<meta name=\"twitter:site\" content=\"@Algarvesete\" \/>\n<meta name=\"twitter:label1\" content=\"Escrito por\" \/>\n\t<meta name=\"twitter:data1\" content=\"Algarve 7\" \/>\n\t<meta name=\"twitter:label2\" content=\"Tempo estimado de leitura\" \/>\n\t<meta name=\"twitter:data2\" content=\"3 minutos\" \/>\n<script type=\"application\/ld+json\" class=\"yoast-schema-graph\">{\"@context\":\"https:\\\/\\\/schema.org\",\"@graph\":[{\"@type\":\"Article\",\"@id\":\"https:\\\/\\\/algarve7.pt\\\/index.php\\\/2026\\\/04\\\/municipio-assinalou-dia-mundial-da-saude-com-visita-as-obras-da-nova-unidade-de-saude-familiar\\\/saude\\\/07\\\/45\\\/#article\",\"isPartOf\":{\"@id\":\"https:\\\/\\\/algarve7.pt\\\/index.php\\\/2026\\\/04\\\/municipio-assinalou-dia-mundial-da-saude-com-visita-as-obras-da-nova-unidade-de-saude-familiar\\\/saude\\\/07\\\/45\\\/\"},\"author\":{\"name\":\"Algarve 7\",\"@id\":\"https:\\\/\\\/algarve7.pt\\\/#\\\/schema\\\/person\\\/23fa70681308e7b319a3204bcea45e0c\"},\"headline\":\"Munic\u00edpio assinalou Dia Mundial da Sa\u00fade com visita \u00e0s obras da Nova Unidade De Sa\u00fade Familiar\",\"datePublished\":\"2026-04-09T06:45:00+00:00\",\"mainEntityOfPage\":{\"@id\":\"https:\\\/\\\/algarve7.pt\\\/index.php\\\/2026\\\/04\\\/municipio-assinalou-dia-mundial-da-saude-com-visita-as-obras-da-nova-unidade-de-saude-familiar\\\/saude\\\/07\\\/45\\\/\"},\"wordCount\":428,\"publisher\":{\"@id\":\"https:\\\/\\\/algarve7.pt\\\/#organization\"},\"image\":{\"@id\":\"https:\\\/\\\/algarve7.pt\\\/index.php\\\/2026\\\/04\\\/municipio-assinalou-dia-mundial-da-saude-com-visita-as-obras-da-nova-unidade-de-saude-familiar\\\/saude\\\/07\\\/45\\\/#primaryimage\"},\"thumbnailUrl\":\"https:\\\/\\\/algarve7.pt\\\/wp-content\\\/uploads\\\/2026\\\/04\\\/visita_USF_abril_2026-69_-Large.jpg\",\"keywords\":[\"Algarve\",\"S\u00e3o Br\u00e1s de Alportel\",\"Sa\u00fade\"],\"articleSection\":[\"Sa\u00fade\"],\"inLanguage\":\"pt-PT\"},{\"@type\":\"WebPage\",\"@id\":\"https:\\\/\\\/algarve7.pt\\\/index.php\\\/2026\\\/04\\\/municipio-assinalou-dia-mundial-da-saude-com-visita-as-obras-da-nova-unidade-de-saude-familiar\\\/saude\\\/07\\\/45\\\/\",\"url\":\"https:\\\/\\\/algarve7.pt\\\/index.php\\\/2026\\\/04\\\/municipio-assinalou-dia-mundial-da-saude-com-visita-as-obras-da-nova-unidade-de-saude-familiar\\\/saude\\\/07\\\/45\\\/\",\"name\":\"Munic\u00edpio assinalou Dia Mundial da Sa\u00fade com visita \u00e0s obras da Nova Unidade De Sa\u00fade Familiar - Algarve 7\",\"isPartOf\":{\"@id\":\"https:\\\/\\\/algarve7.pt\\\/#website\"},\"primaryImageOfPage\":{\"@id\":\"https:\\\/\\\/algarve7.pt\\\/index.php\\\/2026\\\/04\\\/municipio-assinalou-dia-mundial-da-saude-com-visita-as-obras-da-nova-unidade-de-saude-familiar\\\/saude\\\/07\\\/45\\\/#primaryimage\"},\"image\":{\"@id\":\"https:\\\/\\\/algarve7.pt\\\/index.php\\\/2026\\\/04\\\/municipio-assinalou-dia-mundial-da-saude-com-visita-as-obras-da-nova-unidade-de-saude-familiar\\\/saude\\\/07\\\/45\\\/#primaryimage\"},\"thumbnailUrl\":\"https:\\\/\\\/algarve7.pt\\\/wp-content\\\/uploads\\\/2026\\\/04\\\/visita_USF_abril_2026-69_-Large.jpg\",\"datePublished\":\"2026-04-09T06:45:00+00:00\",\"description\":\"Munic\u00edpio assinalou Dia Mundial da Sa\u00fade com visita \u00e0s obras da Nova Unidade De Sa\u00fade Familiar Sa\u00fade\",\"breadcrumb\":{\"@id\":\"https:\\\/\\\/algarve7.pt\\\/index.php\\\/2026\\\/04\\\/municipio-assinalou-dia-mundial-da-saude-com-visita-as-obras-da-nova-unidade-de-saude-familiar\\\/saude\\\/07\\\/45\\\/#breadcrumb\"},\"inLanguage\":\"pt-PT\",\"potentialAction\":[{\"@type\":\"ReadAction\",\"target\":[\"https:\\\/\\\/algarve7.pt\\\/index.php\\\/2026\\\/04\\\/municipio-assinalou-dia-mundial-da-saude-com-visita-as-obras-da-nova-unidade-de-saude-familiar\\\/saude\\\/07\\\/45\\\/\"]}]},{\"@type\":\"ImageObject\",\"inLanguage\":\"pt-PT\",\"@id\":\"https:\\\/\\\/algarve7.pt\\\/index.php\\\/2026\\\/04\\\/municipio-assinalou-dia-mundial-da-saude-com-visita-as-obras-da-nova-unidade-de-saude-familiar\\\/saude\\\/07\\\/45\\\/#primaryimage\",\"url\":\"https:\\\/\\\/algarve7.pt\\\/wp-content\\\/uploads\\\/2026\\\/04\\\/visita_USF_abril_2026-69_-Large.jpg\",\"contentUrl\":\"https:\\\/\\\/algarve7.pt\\\/wp-content\\\/uploads\\\/2026\\\/04\\\/visita_USF_abril_2026-69_-Large.jpg\",\"width\":800,\"height\":445},{\"@type\":\"BreadcrumbList\",\"@id\":\"https:\\\/\\\/algarve7.pt\\\/index.php\\\/2026\\\/04\\\/municipio-assinalou-dia-mundial-da-saude-com-visita-as-obras-da-nova-unidade-de-saude-familiar\\\/saude\\\/07\\\/45\\\/#breadcrumb\",\"itemListElement\":[{\"@type\":\"ListItem\",\"position\":1,\"name\":\"In\u00edcio\",\"item\":\"https:\\\/\\\/algarve7.pt\\\/\"},{\"@type\":\"ListItem\",\"position\":2,\"name\":\"Munic\u00edpio assinalou Dia Mundial da Sa\u00fade com visita \u00e0s obras da Nova Unidade De Sa\u00fade Familiar\"}]},{\"@type\":\"WebSite\",\"@id\":\"https:\\\/\\\/algarve7.pt\\\/#website\",\"url\":\"https:\\\/\\\/algarve7.pt\\\/\",\"name\":\"Algarve 7\",\"description\":\"Informa\u00e7\u00e3o sobre o Algarve\",\"publisher\":{\"@id\":\"https:\\\/\\\/algarve7.pt\\\/#organization\"},\"potentialAction\":[{\"@type\":\"SearchAction\",\"target\":{\"@type\":\"EntryPoint\",\"urlTemplate\":\"https:\\\/\\\/algarve7.pt\\\/?s={search_term_string}\"},\"query-input\":{\"@type\":\"PropertyValueSpecification\",\"valueRequired\":true,\"valueName\":\"search_term_string\"}}],\"inLanguage\":\"pt-PT\"},{\"@type\":\"Organization\",\"@id\":\"https:\\\/\\\/algarve7.pt\\\/#organization\",\"name\":\"Algarve 7\",\"url\":\"https:\\\/\\\/algarve7.pt\\\/\",\"logo\":{\"@type\":\"ImageObject\",\"inLanguage\":\"pt-PT\",\"@id\":\"https:\\\/\\\/algarve7.pt\\\/#\\\/schema\\\/logo\\\/image\\\/\",\"url\":\"https:\\\/\\\/algarve7.pt\\\/wp-content\\\/uploads\\\/2020\\\/10\\\/Logo-8.jpg\",\"contentUrl\":\"https:\\\/\\\/algarve7.pt\\\/wp-content\\\/uploads\\\/2020\\\/10\\\/Logo-8.jpg\",\"width\":1680,\"height\":1186,\"caption\":\"Algarve 7\"},\"image\":{\"@id\":\"https:\\\/\\\/algarve7.pt\\\/#\\\/schema\\\/logo\\\/image\\\/\"},\"sameAs\":[\"https:\\\/\\\/www.facebook.com\\\/algarve7\",\"https:\\\/\\\/x.com\\\/Algarvesete\",\"https:\\\/\\\/www.instagram.com\\\/jornalalgarve7\\\/\",\"https:\\\/\\\/www.linkedin.com\\\/company\\\/algarve7\",\"https:\\\/\\\/www.pinterest.pt\\\/geral0939\\\/_created\\\/\"]},{\"@type\":\"Person\",\"@id\":\"https:\\\/\\\/algarve7.pt\\\/#\\\/schema\\\/person\\\/23fa70681308e7b319a3204bcea45e0c\",\"name\":\"Algarve 7\",\"sameAs\":[\"https:\\\/\\\/algarve7.pt\",\"https:\\\/\\\/www.facebook.com\\\/algarve7\"],\"url\":\"https:\\\/\\\/algarve7.pt\\\/index.php\\\/author\\\/geralalgarve7-pt\\\/\"}]}<\/script>\n<!-- \/ Yoast SEO plugin. -->","yoast_head_json":{"title":"Munic\u00edpio assinalou Dia Mundial da Sa\u00fade com visita \u00e0s obras da Nova Unidade De Sa\u00fade Familiar - Algarve 7","description":"Munic\u00edpio assinalou Dia Mundial da Sa\u00fade com visita \u00e0s obras da Nova Unidade De Sa\u00fade Familiar Sa\u00fade","robots":{"index":"index","follow":"follow","max-snippet":"max-snippet:-1","max-image-preview":"max-image-preview:large","max-video-preview":"max-video-preview:-1"},"canonical":"https:\/\/algarve7.pt\/index.php\/2026\/04\/municipio-assinalou-dia-mundial-da-saude-com-visita-as-obras-da-nova-unidade-de-saude-familiar\/saude\/07\/45\/","og_locale":"pt_PT","og_type":"article","og_title":"Munic\u00edpio assinalou Dia Mundial da Sa\u00fade com visita \u00e0s obras da Nova Unidade De Sa\u00fade Familiar - Algarve 7","og_description":"Munic\u00edpio assinalou Dia Mundial da Sa\u00fade com visita \u00e0s obras da Nova Unidade De Sa\u00fade Familiar Sa\u00fade","og_url":"https:\/\/algarve7.pt\/index.php\/2026\/04\/municipio-assinalou-dia-mundial-da-saude-com-visita-as-obras-da-nova-unidade-de-saude-familiar\/saude\/07\/45\/","og_site_name":"Algarve 7","article_publisher":"https:\/\/www.facebook.com\/algarve7","article_author":"https:\/\/www.facebook.com\/algarve7","article_published_time":"2026-04-09T06:45:00+00:00","og_image":[{"width":800,"height":445,"url":"https:\/\/algarve7.pt\/wp-content\/uploads\/2026\/04\/visita_USF_abril_2026-69_-Large.jpg","type":"image\/jpeg"}],"author":"Algarve 7","twitter_card":"summary_large_image","twitter_creator":"@Algarvesete","twitter_site":"@Algarvesete","twitter_misc":{"Escrito por":"Algarve 7","Tempo estimado de leitura":"3 minutos"},"schema":{"@context":"https:\/\/schema.org","@graph":[{"@type":"Article","@id":"https:\/\/algarve7.pt\/index.php\/2026\/04\/municipio-assinalou-dia-mundial-da-saude-com-visita-as-obras-da-nova-unidade-de-saude-familiar\/saude\/07\/45\/#article","isPartOf":{"@id":"https:\/\/algarve7.pt\/index.php\/2026\/04\/municipio-assinalou-dia-mundial-da-saude-com-visita-as-obras-da-nova-unidade-de-saude-familiar\/saude\/07\/45\/"},"author":{"name":"Algarve 7","@id":"https:\/\/algarve7.pt\/#\/schema\/person\/23fa70681308e7b319a3204bcea45e0c"},"headline":"Munic\u00edpio assinalou Dia Mundial da Sa\u00fade com visita \u00e0s obras da Nova Unidade De Sa\u00fade Familiar","datePublished":"2026-04-09T06:45:00+00:00","mainEntityOfPage":{"@id":"https:\/\/algarve7.pt\/index.php\/2026\/04\/municipio-assinalou-dia-mundial-da-saude-com-visita-as-obras-da-nova-unidade-de-saude-familiar\/saude\/07\/45\/"},"wordCount":428,"publisher":{"@id":"https:\/\/algarve7.pt\/#organization"},"image":{"@id":"https:\/\/algarve7.pt\/index.php\/2026\/04\/municipio-assinalou-dia-mundial-da-saude-com-visita-as-obras-da-nova-unidade-de-saude-familiar\/saude\/07\/45\/#primaryimage"},"thumbnailUrl":"https:\/\/algarve7.pt\/wp-content\/uploads\/2026\/04\/visita_USF_abril_2026-69_-Large.jpg","keywords":["Algarve","S\u00e3o Br\u00e1s de Alportel","Sa\u00fade"],"articleSection":["Sa\u00fade"],"inLanguage":"pt-PT"},{"@type":"WebPage","@id":"https:\/\/algarve7.pt\/index.php\/2026\/04\/municipio-assinalou-dia-mundial-da-saude-com-visita-as-obras-da-nova-unidade-de-saude-familiar\/saude\/07\/45\/","url":"https:\/\/algarve7.pt\/index.php\/2026\/04\/municipio-assinalou-dia-mundial-da-saude-com-visita-as-obras-da-nova-unidade-de-saude-familiar\/saude\/07\/45\/","name":"Munic\u00edpio assinalou Dia Mundial da Sa\u00fade com visita \u00e0s obras da Nova Unidade De Sa\u00fade Familiar - Algarve 7","isPartOf":{"@id":"https:\/\/algarve7.pt\/#website"},"primaryImageOfPage":{"@id":"https:\/\/algarve7.pt\/index.php\/2026\/04\/municipio-assinalou-dia-mundial-da-saude-com-visita-as-obras-da-nova-unidade-de-saude-familiar\/saude\/07\/45\/#primaryimage"},"image":{"@id":"https:\/\/algarve7.pt\/index.php\/2026\/04\/municipio-assinalou-dia-mundial-da-saude-com-visita-as-obras-da-nova-unidade-de-saude-familiar\/saude\/07\/45\/#primaryimage"},"thumbnailUrl":"https:\/\/algarve7.pt\/wp-content\/uploads\/2026\/04\/visita_USF_abril_2026-69_-Large.jpg","datePublished":"2026-04-09T06:45:00+00:00","description":"Munic\u00edpio assinalou Dia Mundial da Sa\u00fade com visita \u00e0s obras da Nova Unidade De Sa\u00fade Familiar Sa\u00fade","breadcrumb":{"@id":"https:\/\/algarve7.pt\/index.php\/2026\/04\/municipio-assinalou-dia-mundial-da-saude-com-visita-as-obras-da-nova-unidade-de-saude-familiar\/saude\/07\/45\/#breadcrumb"},"inLanguage":"pt-PT","potentialAction":[{"@type":"ReadAction","target":["https:\/\/algarve7.pt\/index.php\/2026\/04\/municipio-assinalou-dia-mundial-da-saude-com-visita-as-obras-da-nova-unidade-de-saude-familiar\/saude\/07\/45\/"]}]},{"@type":"ImageObject","inLanguage":"pt-PT","@id":"https:\/\/algarve7.pt\/index.php\/2026\/04\/municipio-assinalou-dia-mundial-da-saude-com-visita-as-obras-da-nova-unidade-de-saude-familiar\/saude\/07\/45\/#primaryimage","url":"https:\/\/algarve7.pt\/wp-content\/uploads\/2026\/04\/visita_USF_abril_2026-69_-Large.jpg","contentUrl":"https:\/\/algarve7.pt\/wp-content\/uploads\/2026\/04\/visita_USF_abril_2026-69_-Large.jpg","width":800,"height":445},{"@type":"BreadcrumbList","@id":"https:\/\/algarve7.pt\/index.php\/2026\/04\/municipio-assinalou-dia-mundial-da-saude-com-visita-as-obras-da-nova-unidade-de-saude-familiar\/saude\/07\/45\/#breadcrumb","itemListElement":[{"@type":"ListItem","position":1,"name":"In\u00edcio","item":"https:\/\/algarve7.pt\/"},{"@type":"ListItem","position":2,"name":"Munic\u00edpio assinalou Dia Mundial da Sa\u00fade com visita \u00e0s obras da Nova Unidade De Sa\u00fade Familiar"}]},{"@type":"WebSite","@id":"https:\/\/algarve7.pt\/#website","url":"https:\/\/algarve7.pt\/","name":"Algarve 7","description":"Informa\u00e7\u00e3o sobre o Algarve","publisher":{"@id":"https:\/\/algarve7.pt\/#organization"},"potentialAction":[{"@type":"SearchAction","target":{"@type":"EntryPoint","urlTemplate":"https:\/\/algarve7.pt\/?s={search_term_string}"},"query-input":{"@type":"PropertyValueSpecification","valueRequired":true,"valueName":"search_term_string"}}],"inLanguage":"pt-PT"},{"@type":"Organization","@id":"https:\/\/algarve7.pt\/#organization","name":"Algarve 7","url":"https:\/\/algarve7.pt\/","logo":{"@type":"ImageObject","inLanguage":"pt-PT","@id":"https:\/\/algarve7.pt\/#\/schema\/logo\/image\/","url":"https:\/\/algarve7.pt\/wp-content\/uploads\/2020\/10\/Logo-8.jpg","contentUrl":"https:\/\/algarve7.pt\/wp-content\/uploads\/2020\/10\/Logo-8.jpg","width":1680,"height":1186,"caption":"Algarve 7"},"image":{"@id":"https:\/\/algarve7.pt\/#\/schema\/logo\/image\/"},"sameAs":["https:\/\/www.facebook.com\/algarve7","https:\/\/x.com\/Algarvesete","https:\/\/www.instagram.com\/jornalalgarve7\/","https:\/\/www.linkedin.com\/company\/algarve7","https:\/\/www.pinterest.pt\/geral0939\/_created\/"]},{"@type":"Person","@id":"https:\/\/algarve7.pt\/#\/schema\/person\/23fa70681308e7b319a3204bcea45e0c","name":"Algarve 7","sameAs":["https:\/\/algarve7.pt","https:\/\/www.facebook.com\/algarve7"],"url":"https:\/\/algarve7.pt\/index.php\/author\/geralalgarve7-pt\/"}]}},"jetpack_publicize_connections":[],"jetpack_featured_media_url":"https:\/\/algarve7.pt\/wp-content\/uploads\/2026\/04\/visita_USF_abril_2026-69_-Large.jpg","jetpack_shortlink":"https:\/\/wp.me\/pcezmW-fQ7","jetpack_sharing_enabled":true,"_links":{"self":[{"href":"https:\/\/algarve7.pt\/index.php\/wp-json\/wp\/v2\/posts\/60891","targetHints":{"allow":["GET"]}}],"collection":[{"href":"https:\/\/algarve7.pt\/index.php\/wp-json\/wp\/v2\/posts"}],"about":[{"href":"https:\/\/algarve7.pt\/index.php\/wp-json\/wp\/v2\/types\/post"}],"author":[{"embeddable":true,"href":"https:\/\/algarve7.pt\/index.php\/wp-json\/wp\/v2\/users\/1"}],"replies":[{"embeddable":true,"href":"https:\/\/algarve7.pt\/index.php\/wp-json\/wp\/v2\/comments?post=60891"}],"version-history":[{"count":0,"href":"https:\/\/algarve7.pt\/index.php\/wp-json\/wp\/v2\/posts\/60891\/revisions"}],"wp:featuredmedia":[{"embeddable":true,"href":"https:\/\/algarve7.pt\/index.php\/wp-json\/wp\/v2\/media\/60892"}],"wp:attachment":[{"href":"https:\/\/algarve7.pt\/index.php\/wp-json\/wp\/v2\/media?parent=60891"}],"wp:term":[{"taxonomy":"category","embeddable":true,"href":"https:\/\/algarve7.pt\/index.php\/wp-json\/wp\/v2\/categories?post=60891"},{"taxonomy":"post_tag","embeddable":true,"href":"https:\/\/algarve7.pt\/index.php\/wp-json\/wp\/v2\/tags?post=60891"}],"curies":[{"name":"wp","href":"https:\/\/api.w.org\/{rel}","templated":true}]}}