{"id":60873,"date":"2026-04-09T08:45:00","date_gmt":"2026-04-09T07:45:00","guid":{"rendered":"https:\/\/algarve7.pt\/?p=60873"},"modified":"2026-04-08T14:36:07","modified_gmt":"2026-04-08T13:36:07","slug":"lagos-assinalou-semana-verde-e-da-agua-com-reforco-do-arvoredo-urbano","status":"publish","type":"post","link":"https:\/\/algarve7.pt\/index.php\/2026\/04\/lagos-assinalou-semana-verde-e-da-agua-com-reforco-do-arvoredo-urbano\/ambiente\/08\/45\/","title":{"rendered":"Lagos assinalou Semana Verde e da \u00c1gua com refor\u00e7o do arvoredo urbano"},"content":{"rendered":"\n<p><strong>O munic\u00edpio de Lagos promoveu, ao longo do m\u00eas de mar\u00e7o, mais uma edi\u00e7\u00e3o da Semana Verde e da Semana da \u00c1gua, iniciativas que mobilizaram a comunidade em torno da sustentabilidade ambiental, com especial destaque para a planta\u00e7\u00e3o e valoriza\u00e7\u00e3o do patrim\u00f3nio arb\u00f3reo do concelho.<\/strong><\/p>\n\n\n\n<p>No \u00e2mbito destas comemora\u00e7\u00f5es, foram plantadas 157 novas \u00e1rvores em diversos pontos do concelho, nomeadamente no Parque da Cidade, Rua Miguel Torga, Pra\u00e7a Gil Eanes, Rua V\u00edtor Costa e Silva, Rua Portas de Portugal, Chinicato, Odi\u00e1xere, Bensafrim e Bar\u00e3o de S\u00e3o Jo\u00e3o, entre outros locais. Esta a\u00e7\u00e3o ser\u00e1 refor\u00e7ada nas pr\u00f3ximas semanas com a planta\u00e7\u00e3o de mais 143 \u00e1rvores, abrangendo arruamentos e espa\u00e7os p\u00fablicos de v\u00e1rias zonas da cidade.&nbsp;<\/p>\n\n\n\n<p>Estas interven\u00e7\u00f5es inserem-se numa estrat\u00e9gia de refor\u00e7o e renova\u00e7\u00e3o do arvoredo urbano, que contempla a substitui\u00e7\u00e3o de exemplares que, por raz\u00f5es de seguran\u00e7a de pessoas e bens, tiveram de ser abatidos, bem como a introdu\u00e7\u00e3o de novas \u00e1rvores, contribuindo para a qualifica\u00e7\u00e3o do espa\u00e7o p\u00fablico e para a resili\u00eancia ambiental do territ\u00f3rio.&nbsp;<\/p>\n\n\n\n<p>A forte ades\u00e3o da comunidade voltou a marcar estas iniciativas, com a participa\u00e7\u00e3o ativa de cerca de 1.400 alunos, de diferentes n\u00edveis de ensino, bem como de dezenas de utentes e t\u00e9cnicos dos lares da Santa Casa da Miseric\u00f3rdia de Lagos, envolvendo as unidades de Lagos, Bar\u00e3o de S\u00e3o Jo\u00e3o, Bensafrim e Odi\u00e1xere.&nbsp;<\/p>\n\n\n\n<p>Para al\u00e9m da planta\u00e7\u00e3o, foi promovido um conjunto de a\u00e7\u00f5es de sensibiliza\u00e7\u00e3o ambiental, com particular enfoque na import\u00e2ncia da preserva\u00e7\u00e3o das \u00e1rvores e do uso eficiente da \u00e1gua, incentivando comportamentos respons\u00e1veis e uma maior liga\u00e7\u00e3o da comunidade ao territ\u00f3rio.&nbsp;<\/p>\n\n\n\n<p>O munic\u00edpio agradece a todas as entidades e parceiros que contribu\u00edram para o sucesso destas iniciativas, designadamente: Rotary Clube de Lagos, Associa\u00e7\u00e3o de Agricultores do Sarga\u00e7al, Grupo Popular das Portelas, Movimento Lagos Mais Verde, Quinta Vale da Lama, Funda\u00e7\u00e3o Mud Valley, Centro Ci\u00eancia Viva de Lagos, Associa\u00e7\u00e3o A Rocha, Liga para a Prote\u00e7\u00e3o da Natureza, Sapadores Florestais, Santa Casa da Miseric\u00f3rdia, escolas do concelho, IPSS e todos os volunt\u00e1rios envolvidos.&nbsp;<\/p>\n","protected":false},"excerpt":{"rendered":"<p>O munic\u00edpio de Lagos promoveu, ao longo do m\u00eas de mar\u00e7o, mais uma edi\u00e7\u00e3o da Semana Verde e da Semana<\/p>\n","protected":false},"author":1,"featured_media":60874,"comment_status":"closed","ping_status":"closed","sticky":false,"template":"","format":"standard","meta":{"colormag_page_container_layout":"default_layout","colormag_page_sidebar_layout":"default_layout","_monsterinsights_skip_tracking":false,"_monsterinsights_sitenote_active":false,"_monsterinsights_sitenote_note":"","_monsterinsights_sitenote_category":0,"jetpack_post_was_ever_published":false,"_jetpack_newsletter_access":"","_jetpack_dont_email_post_to_subs":false,"_jetpack_newsletter_tier_id":0,"_jetpack_memberships_contains_paywalled_content":false,"_jetpack_memberships_contains_paid_content":false,"footnotes":"","jetpack_publicize_message":"","jetpack_publicize_feature_enabled":true,"jetpack_social_post_already_shared":true,"jetpack_social_options":{"image_generator_settings":{"template":"highway","default_image_id":0,"font":"","enabled":false},"version":2}},"categories":[5],"tags":[36,32,68],"class_list":["post-60873","post","type-post","status-publish","format-standard","has-post-thumbnail","hentry","category-ambiente","tag-algarve","tag-ambiente","tag-lagos"],"yoast_head":"<!-- This site is optimized with the Yoast SEO plugin v27.5 - https:\/\/yoast.com\/product\/yoast-seo-wordpress\/ -->\n<title>Lagos assinalou Semana Verde e da \u00c1gua com refor\u00e7o do arvoredo urbano - Algarve 7<\/title>\n<meta name=\"description\" content=\"Lagos assinalou Semana Verde e da \u00c1gua com refor\u00e7o do arvoredo urbano Ambiente\" \/>\n<meta name=\"robots\" content=\"index, follow, max-snippet:-1, max-image-preview:large, max-video-preview:-1\" \/>\n<link rel=\"canonical\" href=\"https:\/\/algarve7.pt\/index.php\/2026\/04\/lagos-assinalou-semana-verde-e-da-agua-com-reforco-do-arvoredo-urbano\/ambiente\/08\/45\/\" \/>\n<meta property=\"og:locale\" content=\"pt_PT\" \/>\n<meta property=\"og:type\" content=\"article\" \/>\n<meta property=\"og:title\" content=\"Lagos assinalou Semana Verde e da \u00c1gua com refor\u00e7o do arvoredo urbano - Algarve 7\" \/>\n<meta property=\"og:description\" content=\"Lagos assinalou Semana Verde e da \u00c1gua com refor\u00e7o do arvoredo urbano Ambiente\" \/>\n<meta property=\"og:url\" content=\"https:\/\/algarve7.pt\/index.php\/2026\/04\/lagos-assinalou-semana-verde-e-da-agua-com-reforco-do-arvoredo-urbano\/ambiente\/08\/45\/\" \/>\n<meta property=\"og:site_name\" content=\"Algarve 7\" \/>\n<meta property=\"article:publisher\" content=\"https:\/\/www.facebook.com\/algarve7\" \/>\n<meta property=\"article:author\" content=\"https:\/\/www.facebook.com\/algarve7\" \/>\n<meta property=\"article:published_time\" content=\"2026-04-09T07:45:00+00:00\" \/>\n<meta property=\"og:image\" content=\"https:\/\/algarve7.pt\/wp-content\/uploads\/2026\/04\/Semana-Verde-Lagos-3.jpg\" \/>\n\t<meta property=\"og:image:width\" content=\"800\" \/>\n\t<meta property=\"og:image:height\" content=\"445\" \/>\n\t<meta property=\"og:image:type\" content=\"image\/jpeg\" \/>\n<meta name=\"author\" content=\"Algarve 7\" \/>\n<meta name=\"twitter:card\" content=\"summary_large_image\" \/>\n<meta name=\"twitter:creator\" content=\"@Algarvesete\" \/>\n<meta name=\"twitter:site\" content=\"@Algarvesete\" \/>\n<meta name=\"twitter:label1\" content=\"Escrito por\" \/>\n\t<meta name=\"twitter:data1\" content=\"Algarve 7\" \/>\n\t<meta name=\"twitter:label2\" content=\"Tempo estimado de leitura\" \/>\n\t<meta name=\"twitter:data2\" content=\"3 minutos\" \/>\n<script type=\"application\/ld+json\" class=\"yoast-schema-graph\">{\"@context\":\"https:\\\/\\\/schema.org\",\"@graph\":[{\"@type\":\"Article\",\"@id\":\"https:\\\/\\\/algarve7.pt\\\/index.php\\\/2026\\\/04\\\/lagos-assinalou-semana-verde-e-da-agua-com-reforco-do-arvoredo-urbano\\\/ambiente\\\/08\\\/45\\\/#article\",\"isPartOf\":{\"@id\":\"https:\\\/\\\/algarve7.pt\\\/index.php\\\/2026\\\/04\\\/lagos-assinalou-semana-verde-e-da-agua-com-reforco-do-arvoredo-urbano\\\/ambiente\\\/08\\\/45\\\/\"},\"author\":{\"name\":\"Algarve 7\",\"@id\":\"https:\\\/\\\/algarve7.pt\\\/#\\\/schema\\\/person\\\/23fa70681308e7b319a3204bcea45e0c\"},\"headline\":\"Lagos assinalou Semana Verde e da \u00c1gua com refor\u00e7o do arvoredo urbano\",\"datePublished\":\"2026-04-09T07:45:00+00:00\",\"mainEntityOfPage\":{\"@id\":\"https:\\\/\\\/algarve7.pt\\\/index.php\\\/2026\\\/04\\\/lagos-assinalou-semana-verde-e-da-agua-com-reforco-do-arvoredo-urbano\\\/ambiente\\\/08\\\/45\\\/\"},\"wordCount\":406,\"publisher\":{\"@id\":\"https:\\\/\\\/algarve7.pt\\\/#organization\"},\"image\":{\"@id\":\"https:\\\/\\\/algarve7.pt\\\/index.php\\\/2026\\\/04\\\/lagos-assinalou-semana-verde-e-da-agua-com-reforco-do-arvoredo-urbano\\\/ambiente\\\/08\\\/45\\\/#primaryimage\"},\"thumbnailUrl\":\"https:\\\/\\\/algarve7.pt\\\/wp-content\\\/uploads\\\/2026\\\/04\\\/Semana-Verde-Lagos-3.jpg\",\"keywords\":[\"Algarve\",\"Ambiente\",\"Lagos\"],\"articleSection\":[\"Ambiente\"],\"inLanguage\":\"pt-PT\"},{\"@type\":\"WebPage\",\"@id\":\"https:\\\/\\\/algarve7.pt\\\/index.php\\\/2026\\\/04\\\/lagos-assinalou-semana-verde-e-da-agua-com-reforco-do-arvoredo-urbano\\\/ambiente\\\/08\\\/45\\\/\",\"url\":\"https:\\\/\\\/algarve7.pt\\\/index.php\\\/2026\\\/04\\\/lagos-assinalou-semana-verde-e-da-agua-com-reforco-do-arvoredo-urbano\\\/ambiente\\\/08\\\/45\\\/\",\"name\":\"Lagos assinalou Semana Verde e da \u00c1gua com refor\u00e7o do arvoredo urbano - Algarve 7\",\"isPartOf\":{\"@id\":\"https:\\\/\\\/algarve7.pt\\\/#website\"},\"primaryImageOfPage\":{\"@id\":\"https:\\\/\\\/algarve7.pt\\\/index.php\\\/2026\\\/04\\\/lagos-assinalou-semana-verde-e-da-agua-com-reforco-do-arvoredo-urbano\\\/ambiente\\\/08\\\/45\\\/#primaryimage\"},\"image\":{\"@id\":\"https:\\\/\\\/algarve7.pt\\\/index.php\\\/2026\\\/04\\\/lagos-assinalou-semana-verde-e-da-agua-com-reforco-do-arvoredo-urbano\\\/ambiente\\\/08\\\/45\\\/#primaryimage\"},\"thumbnailUrl\":\"https:\\\/\\\/algarve7.pt\\\/wp-content\\\/uploads\\\/2026\\\/04\\\/Semana-Verde-Lagos-3.jpg\",\"datePublished\":\"2026-04-09T07:45:00+00:00\",\"description\":\"Lagos assinalou Semana Verde e da \u00c1gua com refor\u00e7o do arvoredo urbano Ambiente\",\"breadcrumb\":{\"@id\":\"https:\\\/\\\/algarve7.pt\\\/index.php\\\/2026\\\/04\\\/lagos-assinalou-semana-verde-e-da-agua-com-reforco-do-arvoredo-urbano\\\/ambiente\\\/08\\\/45\\\/#breadcrumb\"},\"inLanguage\":\"pt-PT\",\"potentialAction\":[{\"@type\":\"ReadAction\",\"target\":[\"https:\\\/\\\/algarve7.pt\\\/index.php\\\/2026\\\/04\\\/lagos-assinalou-semana-verde-e-da-agua-com-reforco-do-arvoredo-urbano\\\/ambiente\\\/08\\\/45\\\/\"]}]},{\"@type\":\"ImageObject\",\"inLanguage\":\"pt-PT\",\"@id\":\"https:\\\/\\\/algarve7.pt\\\/index.php\\\/2026\\\/04\\\/lagos-assinalou-semana-verde-e-da-agua-com-reforco-do-arvoredo-urbano\\\/ambiente\\\/08\\\/45\\\/#primaryimage\",\"url\":\"https:\\\/\\\/algarve7.pt\\\/wp-content\\\/uploads\\\/2026\\\/04\\\/Semana-Verde-Lagos-3.jpg\",\"contentUrl\":\"https:\\\/\\\/algarve7.pt\\\/wp-content\\\/uploads\\\/2026\\\/04\\\/Semana-Verde-Lagos-3.jpg\",\"width\":800,\"height\":445},{\"@type\":\"BreadcrumbList\",\"@id\":\"https:\\\/\\\/algarve7.pt\\\/index.php\\\/2026\\\/04\\\/lagos-assinalou-semana-verde-e-da-agua-com-reforco-do-arvoredo-urbano\\\/ambiente\\\/08\\\/45\\\/#breadcrumb\",\"itemListElement\":[{\"@type\":\"ListItem\",\"position\":1,\"name\":\"In\u00edcio\",\"item\":\"https:\\\/\\\/algarve7.pt\\\/\"},{\"@type\":\"ListItem\",\"position\":2,\"name\":\"Lagos assinalou Semana Verde e da \u00c1gua com refor\u00e7o do arvoredo urbano\"}]},{\"@type\":\"WebSite\",\"@id\":\"https:\\\/\\\/algarve7.pt\\\/#website\",\"url\":\"https:\\\/\\\/algarve7.pt\\\/\",\"name\":\"Algarve 7\",\"description\":\"Informa\u00e7\u00e3o sobre o Algarve\",\"publisher\":{\"@id\":\"https:\\\/\\\/algarve7.pt\\\/#organization\"},\"potentialAction\":[{\"@type\":\"SearchAction\",\"target\":{\"@type\":\"EntryPoint\",\"urlTemplate\":\"https:\\\/\\\/algarve7.pt\\\/?s={search_term_string}\"},\"query-input\":{\"@type\":\"PropertyValueSpecification\",\"valueRequired\":true,\"valueName\":\"search_term_string\"}}],\"inLanguage\":\"pt-PT\"},{\"@type\":\"Organization\",\"@id\":\"https:\\\/\\\/algarve7.pt\\\/#organization\",\"name\":\"Algarve 7\",\"url\":\"https:\\\/\\\/algarve7.pt\\\/\",\"logo\":{\"@type\":\"ImageObject\",\"inLanguage\":\"pt-PT\",\"@id\":\"https:\\\/\\\/algarve7.pt\\\/#\\\/schema\\\/logo\\\/image\\\/\",\"url\":\"https:\\\/\\\/algarve7.pt\\\/wp-content\\\/uploads\\\/2020\\\/10\\\/Logo-8.jpg\",\"contentUrl\":\"https:\\\/\\\/algarve7.pt\\\/wp-content\\\/uploads\\\/2020\\\/10\\\/Logo-8.jpg\",\"width\":1680,\"height\":1186,\"caption\":\"Algarve 7\"},\"image\":{\"@id\":\"https:\\\/\\\/algarve7.pt\\\/#\\\/schema\\\/logo\\\/image\\\/\"},\"sameAs\":[\"https:\\\/\\\/www.facebook.com\\\/algarve7\",\"https:\\\/\\\/x.com\\\/Algarvesete\",\"https:\\\/\\\/www.instagram.com\\\/jornalalgarve7\\\/\",\"https:\\\/\\\/www.linkedin.com\\\/company\\\/algarve7\",\"https:\\\/\\\/www.pinterest.pt\\\/geral0939\\\/_created\\\/\"]},{\"@type\":\"Person\",\"@id\":\"https:\\\/\\\/algarve7.pt\\\/#\\\/schema\\\/person\\\/23fa70681308e7b319a3204bcea45e0c\",\"name\":\"Algarve 7\",\"sameAs\":[\"https:\\\/\\\/algarve7.pt\",\"https:\\\/\\\/www.facebook.com\\\/algarve7\"],\"url\":\"https:\\\/\\\/algarve7.pt\\\/index.php\\\/author\\\/geralalgarve7-pt\\\/\"}]}<\/script>\n<!-- \/ Yoast SEO plugin. -->","yoast_head_json":{"title":"Lagos assinalou Semana Verde e da \u00c1gua com refor\u00e7o do arvoredo urbano - Algarve 7","description":"Lagos assinalou Semana Verde e da \u00c1gua com refor\u00e7o do arvoredo urbano Ambiente","robots":{"index":"index","follow":"follow","max-snippet":"max-snippet:-1","max-image-preview":"max-image-preview:large","max-video-preview":"max-video-preview:-1"},"canonical":"https:\/\/algarve7.pt\/index.php\/2026\/04\/lagos-assinalou-semana-verde-e-da-agua-com-reforco-do-arvoredo-urbano\/ambiente\/08\/45\/","og_locale":"pt_PT","og_type":"article","og_title":"Lagos assinalou Semana Verde e da \u00c1gua com refor\u00e7o do arvoredo urbano - Algarve 7","og_description":"Lagos assinalou Semana Verde e da \u00c1gua com refor\u00e7o do arvoredo urbano Ambiente","og_url":"https:\/\/algarve7.pt\/index.php\/2026\/04\/lagos-assinalou-semana-verde-e-da-agua-com-reforco-do-arvoredo-urbano\/ambiente\/08\/45\/","og_site_name":"Algarve 7","article_publisher":"https:\/\/www.facebook.com\/algarve7","article_author":"https:\/\/www.facebook.com\/algarve7","article_published_time":"2026-04-09T07:45:00+00:00","og_image":[{"width":800,"height":445,"url":"https:\/\/algarve7.pt\/wp-content\/uploads\/2026\/04\/Semana-Verde-Lagos-3.jpg","type":"image\/jpeg"}],"author":"Algarve 7","twitter_card":"summary_large_image","twitter_creator":"@Algarvesete","twitter_site":"@Algarvesete","twitter_misc":{"Escrito por":"Algarve 7","Tempo estimado de leitura":"3 minutos"},"schema":{"@context":"https:\/\/schema.org","@graph":[{"@type":"Article","@id":"https:\/\/algarve7.pt\/index.php\/2026\/04\/lagos-assinalou-semana-verde-e-da-agua-com-reforco-do-arvoredo-urbano\/ambiente\/08\/45\/#article","isPartOf":{"@id":"https:\/\/algarve7.pt\/index.php\/2026\/04\/lagos-assinalou-semana-verde-e-da-agua-com-reforco-do-arvoredo-urbano\/ambiente\/08\/45\/"},"author":{"name":"Algarve 7","@id":"https:\/\/algarve7.pt\/#\/schema\/person\/23fa70681308e7b319a3204bcea45e0c"},"headline":"Lagos assinalou Semana Verde e da \u00c1gua com refor\u00e7o do arvoredo urbano","datePublished":"2026-04-09T07:45:00+00:00","mainEntityOfPage":{"@id":"https:\/\/algarve7.pt\/index.php\/2026\/04\/lagos-assinalou-semana-verde-e-da-agua-com-reforco-do-arvoredo-urbano\/ambiente\/08\/45\/"},"wordCount":406,"publisher":{"@id":"https:\/\/algarve7.pt\/#organization"},"image":{"@id":"https:\/\/algarve7.pt\/index.php\/2026\/04\/lagos-assinalou-semana-verde-e-da-agua-com-reforco-do-arvoredo-urbano\/ambiente\/08\/45\/#primaryimage"},"thumbnailUrl":"https:\/\/algarve7.pt\/wp-content\/uploads\/2026\/04\/Semana-Verde-Lagos-3.jpg","keywords":["Algarve","Ambiente","Lagos"],"articleSection":["Ambiente"],"inLanguage":"pt-PT"},{"@type":"WebPage","@id":"https:\/\/algarve7.pt\/index.php\/2026\/04\/lagos-assinalou-semana-verde-e-da-agua-com-reforco-do-arvoredo-urbano\/ambiente\/08\/45\/","url":"https:\/\/algarve7.pt\/index.php\/2026\/04\/lagos-assinalou-semana-verde-e-da-agua-com-reforco-do-arvoredo-urbano\/ambiente\/08\/45\/","name":"Lagos assinalou Semana Verde e da \u00c1gua com refor\u00e7o do arvoredo urbano - Algarve 7","isPartOf":{"@id":"https:\/\/algarve7.pt\/#website"},"primaryImageOfPage":{"@id":"https:\/\/algarve7.pt\/index.php\/2026\/04\/lagos-assinalou-semana-verde-e-da-agua-com-reforco-do-arvoredo-urbano\/ambiente\/08\/45\/#primaryimage"},"image":{"@id":"https:\/\/algarve7.pt\/index.php\/2026\/04\/lagos-assinalou-semana-verde-e-da-agua-com-reforco-do-arvoredo-urbano\/ambiente\/08\/45\/#primaryimage"},"thumbnailUrl":"https:\/\/algarve7.pt\/wp-content\/uploads\/2026\/04\/Semana-Verde-Lagos-3.jpg","datePublished":"2026-04-09T07:45:00+00:00","description":"Lagos assinalou Semana Verde e da \u00c1gua com refor\u00e7o do arvoredo urbano Ambiente","breadcrumb":{"@id":"https:\/\/algarve7.pt\/index.php\/2026\/04\/lagos-assinalou-semana-verde-e-da-agua-com-reforco-do-arvoredo-urbano\/ambiente\/08\/45\/#breadcrumb"},"inLanguage":"pt-PT","potentialAction":[{"@type":"ReadAction","target":["https:\/\/algarve7.pt\/index.php\/2026\/04\/lagos-assinalou-semana-verde-e-da-agua-com-reforco-do-arvoredo-urbano\/ambiente\/08\/45\/"]}]},{"@type":"ImageObject","inLanguage":"pt-PT","@id":"https:\/\/algarve7.pt\/index.php\/2026\/04\/lagos-assinalou-semana-verde-e-da-agua-com-reforco-do-arvoredo-urbano\/ambiente\/08\/45\/#primaryimage","url":"https:\/\/algarve7.pt\/wp-content\/uploads\/2026\/04\/Semana-Verde-Lagos-3.jpg","contentUrl":"https:\/\/algarve7.pt\/wp-content\/uploads\/2026\/04\/Semana-Verde-Lagos-3.jpg","width":800,"height":445},{"@type":"BreadcrumbList","@id":"https:\/\/algarve7.pt\/index.php\/2026\/04\/lagos-assinalou-semana-verde-e-da-agua-com-reforco-do-arvoredo-urbano\/ambiente\/08\/45\/#breadcrumb","itemListElement":[{"@type":"ListItem","position":1,"name":"In\u00edcio","item":"https:\/\/algarve7.pt\/"},{"@type":"ListItem","position":2,"name":"Lagos assinalou Semana Verde e da \u00c1gua com refor\u00e7o do arvoredo urbano"}]},{"@type":"WebSite","@id":"https:\/\/algarve7.pt\/#website","url":"https:\/\/algarve7.pt\/","name":"Algarve 7","description":"Informa\u00e7\u00e3o sobre o Algarve","publisher":{"@id":"https:\/\/algarve7.pt\/#organization"},"potentialAction":[{"@type":"SearchAction","target":{"@type":"EntryPoint","urlTemplate":"https:\/\/algarve7.pt\/?s={search_term_string}"},"query-input":{"@type":"PropertyValueSpecification","valueRequired":true,"valueName":"search_term_string"}}],"inLanguage":"pt-PT"},{"@type":"Organization","@id":"https:\/\/algarve7.pt\/#organization","name":"Algarve 7","url":"https:\/\/algarve7.pt\/","logo":{"@type":"ImageObject","inLanguage":"pt-PT","@id":"https:\/\/algarve7.pt\/#\/schema\/logo\/image\/","url":"https:\/\/algarve7.pt\/wp-content\/uploads\/2020\/10\/Logo-8.jpg","contentUrl":"https:\/\/algarve7.pt\/wp-content\/uploads\/2020\/10\/Logo-8.jpg","width":1680,"height":1186,"caption":"Algarve 7"},"image":{"@id":"https:\/\/algarve7.pt\/#\/schema\/logo\/image\/"},"sameAs":["https:\/\/www.facebook.com\/algarve7","https:\/\/x.com\/Algarvesete","https:\/\/www.instagram.com\/jornalalgarve7\/","https:\/\/www.linkedin.com\/company\/algarve7","https:\/\/www.pinterest.pt\/geral0939\/_created\/"]},{"@type":"Person","@id":"https:\/\/algarve7.pt\/#\/schema\/person\/23fa70681308e7b319a3204bcea45e0c","name":"Algarve 7","sameAs":["https:\/\/algarve7.pt","https:\/\/www.facebook.com\/algarve7"],"url":"https:\/\/algarve7.pt\/index.php\/author\/geralalgarve7-pt\/"}]}},"jetpack_publicize_connections":[],"jetpack_featured_media_url":"https:\/\/algarve7.pt\/wp-content\/uploads\/2026\/04\/Semana-Verde-Lagos-3.jpg","jetpack_shortlink":"https:\/\/wp.me\/pcezmW-fPP","jetpack_sharing_enabled":true,"_links":{"self":[{"href":"https:\/\/algarve7.pt\/index.php\/wp-json\/wp\/v2\/posts\/60873","targetHints":{"allow":["GET"]}}],"collection":[{"href":"https:\/\/algarve7.pt\/index.php\/wp-json\/wp\/v2\/posts"}],"about":[{"href":"https:\/\/algarve7.pt\/index.php\/wp-json\/wp\/v2\/types\/post"}],"author":[{"embeddable":true,"href":"https:\/\/algarve7.pt\/index.php\/wp-json\/wp\/v2\/users\/1"}],"replies":[{"embeddable":true,"href":"https:\/\/algarve7.pt\/index.php\/wp-json\/wp\/v2\/comments?post=60873"}],"version-history":[{"count":0,"href":"https:\/\/algarve7.pt\/index.php\/wp-json\/wp\/v2\/posts\/60873\/revisions"}],"wp:featuredmedia":[{"embeddable":true,"href":"https:\/\/algarve7.pt\/index.php\/wp-json\/wp\/v2\/media\/60874"}],"wp:attachment":[{"href":"https:\/\/algarve7.pt\/index.php\/wp-json\/wp\/v2\/media?parent=60873"}],"wp:term":[{"taxonomy":"category","embeddable":true,"href":"https:\/\/algarve7.pt\/index.php\/wp-json\/wp\/v2\/categories?post=60873"},{"taxonomy":"post_tag","embeddable":true,"href":"https:\/\/algarve7.pt\/index.php\/wp-json\/wp\/v2\/tags?post=60873"}],"curies":[{"name":"wp","href":"https:\/\/api.w.org\/{rel}","templated":true}]}}