{"id":60863,"date":"2026-04-08T12:24:10","date_gmt":"2026-04-08T11:24:10","guid":{"rendered":"https:\/\/algarve7.pt\/?p=60863"},"modified":"2026-04-08T12:24:23","modified_gmt":"2026-04-08T11:24:23","slug":"summer-cemp-candidaturas-abertas-para-a-8-a-edicao-da-escola-de-verao-da-comissao-europeia-em-portugal","status":"publish","type":"post","link":"https:\/\/algarve7.pt\/index.php\/2026\/04\/summer-cemp-candidaturas-abertas-para-a-8-a-edicao-da-escola-de-verao-da-comissao-europeia-em-portugal\/atualidade\/12\/24\/","title":{"rendered":"Summer CEmp: candidaturas abertas para a 8.\u00aa edi\u00e7\u00e3o da escola de ver\u00e3o da Comiss\u00e3o Europeia em Portugal"},"content":{"rendered":"\n<p>Est\u00e1 aberto o per\u00edodo de candidaturas para a oitava edi\u00e7\u00e3o do Summer CEmp, a escola de ver\u00e3o da Comiss\u00e3o Europeia em Portugal que re\u00fane jovens estudantes do ensino superior de todo o pa\u00eds para debater o projeto europeu. O evento decorre entre 26 e 29 de agosto de 2026, num local em Portugal ainda por revelar. As candidaturas devem ser submetidas nesta p\u00e1gina at\u00e9 \u00e0s 23h59 (hora de Lisboa) de 30 de abril de 2026.<\/p>\n\n\n\n<p>Num ano em que Portugal celebra 40 anos de ades\u00e3o \u00e0 Uni\u00e3o Europeia, esta edi\u00e7\u00e3o coloca no centro do debate a import\u00e2ncia que a Europa teve e tem na vida dos portugueses, bem como os desafios do presente e do futuro, \u00e0 luz das prioridades atuais da Uni\u00e3o Europeia. O programa decorre maioritariamente em portugu\u00eas, com poss\u00edveis momentos em ingl\u00eas, e inclui uma liga\u00e7\u00e3o direta \u00e0 regi\u00e3o anfitri\u00e3 e ao seu patrim\u00f3nio arquitet\u00f3nico e cultural.<\/p>\n\n\n\n<p>O Summer CEmp tem um car\u00e1ter itinerantee faz precisamente isso: partir para o terreno, interagir com as comunidades, colocando no centro do debate sobre o futuro da Uni\u00e3o Europeia a hist\u00f3ria, as oportunidades e os desafios concretos dessa regi\u00e3o do pa\u00eds. Com um programa imersivo, intenso e din\u00e2mico, um grupo diverso de estudantes do ensino superior tem a oportunidade de dialogar com protagonistas da atualidade portuguesa e europeia de \u00e1reas t\u00e3o distintas como a pol\u00edtica, os media, a academia, os setores privado e social, o desporto, a cultura e a pr\u00f3pria comunidade local. Em conjunto, refletem de forma pr\u00e1tica sobre as prioridades e pol\u00edticas europeias, sempre com os p\u00e9s assentes na realidade da regi\u00e3o que os acolhe.<\/p>\n\n\n\n<p>Quem se pode candidatar?<\/p>\n\n\n\n<p>Podem candidatar-se estudantes dos 18 aos 30 anos (no primeiro dia do evento) que frequentem, oficial e comprovadamente, um estabelecimento de ensino superior da Uni\u00e3o Europeia (por exemplo Universidades, Cursos de Especializa\u00e7\u00e3o Tecnol\u00f3gica, Polit\u00e9cnicos) no ano letivo 2025\/2026 e que n\u00e3o tenham participado em nenhuma edi\u00e7\u00e3o anterior do Summer CEmp. A participa\u00e7\u00e3o n\u00e3o implica encargos para os selecionados: a Representa\u00e7\u00e3o da Comiss\u00e3o Europeia em Portugal assegura o alojamento, as refei\u00e7\u00f5es e as desloca\u00e7\u00f5es previstas no programa.<\/p>\n\n\n\n<p>A Comiss\u00e3o Europeia procura incentivar a diversidade de participantes no Summer CEmp e assegurar uma experi\u00eancia inclusiva e bem adaptada \u00e0s necessidades de cada pessoa. Nesse sentido, os candidatos s\u00e3o convidados a indicar, no momento da candidatura, quaisquer necessidades espec\u00edficas relacionadas com sa\u00fade, acessibilidade ou outras, que possam ser relevantes para a sua participa\u00e7\u00e3o. Essas informa\u00e7\u00f5es permitem \u00e0 organiza\u00e7\u00e3o preparar, dentro das possibilidades do local e do contexto, as condi\u00e7\u00f5es mais adequadas para todos os participantes.<\/p>\n\n\n\n<p>Como candidatar?<\/p>\n\n\n\n<p>As candidaturas s\u00e3o submetidas atrav\u00e9s do formul\u00e1rio oficial (dispon\u00edvel aqui), que inclui o envio de um curr\u00edculo Europass em PDF e de um v\u00eddeo de motiva\u00e7\u00e3o. Todos os elementos devem ser apresentados em portugu\u00eas. O prazo de candidatura \u00e9 30 de abril de 2026, at\u00e9 \u00e0s 23h59 (hora de Lisboa). A organiza\u00e7\u00e3o reserva-se o direito de encerrar antecipadamente as candidaturas ap\u00f3s a rece\u00e7\u00e3o dos primeiros 120 formul\u00e1rios.<\/p>\n\n\n\n<p>O regulamento do Summer CEmp 2026 est\u00e1 dispon\u00edvel nesta p\u00e1gina. Os candidatos selecionados ser\u00e3o contactados at\u00e9 30 de julho de 2026.<\/p>\n\n\n\n<p>A sele\u00e7\u00e3o \u00e9 realizada com base na participa\u00e7\u00e3o c\u00edvica, na relev\u00e2ncia das atividades extracurriculares, no percurso acad\u00e9mico, na pertin\u00eancia da motiva\u00e7\u00e3o e olhar sobre a Europa e na contribui\u00e7\u00e3o para a diversidade do grupo, em termos de demografia, \u00e1rea de estudo, representa\u00e7\u00e3o geogr\u00e1fica e temas de interesse.<\/p>\n\n\n\n<p>Informa\u00e7\u00e3o adicional:<\/p>\n\n\n\n<p>Cada edi\u00e7\u00e3o do Summer CEmp decorre num local diferente, em localidades hist\u00f3ricas de Portugal, tornando a identidade e os desafios de cada comunidade parte integrante da conversa sobre a Europa. As edi\u00e7\u00f5es anteriores aconteceram em Monsanto (2017), Marv\u00e3o (2018), Monsaraz (2019), Alcoutim (2021), Ribeira Grande, A\u00e7ores (2022), Ponte da Barca(2023) e Miranda do Douro (2024).<\/p>\n\n\n\n<p>O Summer CEmp \u00e9 um evento aberto \u00e0 imprensa. Para mais informa\u00e7\u00f5es ou pedidos de acredita\u00e7\u00e3o, contacte a organiza\u00e7\u00e3o atrav\u00e9s de COMM-REP-LIS-SUMMER-CEMP@ec.europa.eu.<\/p>\n\n\n\n<p>Acompanhe o debate com a hashtag oficial #SummerCEmp nas redes sociais da Representa\u00e7\u00e3o da Comiss\u00e3o Europeia em Portugal, Instagram, X e Facebook.<\/p>\n","protected":false},"excerpt":{"rendered":"<p>Est\u00e1 aberto o per\u00edodo de candidaturas para a oitava edi\u00e7\u00e3o do Summer CEmp, a escola de ver\u00e3o da Comiss\u00e3o Europeia<\/p>\n","protected":false},"author":1,"featured_media":60864,"comment_status":"closed","ping_status":"closed","sticky":false,"template":"","format":"standard","meta":{"colormag_page_container_layout":"default_layout","colormag_page_sidebar_layout":"default_layout","_monsterinsights_skip_tracking":false,"_monsterinsights_sitenote_active":false,"_monsterinsights_sitenote_note":"","_monsterinsights_sitenote_category":0,"jetpack_post_was_ever_published":false,"_jetpack_newsletter_access":"","_jetpack_dont_email_post_to_subs":false,"_jetpack_newsletter_tier_id":0,"_jetpack_memberships_contains_paywalled_content":false,"_jetpack_memberships_contains_paid_content":false,"footnotes":"","jetpack_publicize_message":"","jetpack_publicize_feature_enabled":true,"jetpack_social_post_already_shared":true,"jetpack_social_options":{"image_generator_settings":{"template":"highway","default_image_id":0,"font":"","enabled":false},"version":2}},"categories":[11],"tags":[62],"class_list":["post-60863","post","type-post","status-publish","format-standard","has-post-thumbnail","hentry","category-atualidade","tag-atualidade"],"yoast_head":"<!-- This site is optimized with the Yoast SEO plugin v27.5 - https:\/\/yoast.com\/product\/yoast-seo-wordpress\/ -->\n<title>Summer CEmp: candidaturas abertas para a 8.\u00aa edi\u00e7\u00e3o da escola de ver\u00e3o da Comiss\u00e3o Europeia em Portugal - Algarve 7<\/title>\n<meta name=\"description\" content=\"Summer CEmp: candidaturas abertas para a 8.\u00aa edi\u00e7\u00e3o da escola de ver\u00e3o da Comiss\u00e3o Europeia em Portugal Atualidade\" \/>\n<meta name=\"robots\" content=\"index, follow, max-snippet:-1, max-image-preview:large, max-video-preview:-1\" \/>\n<link rel=\"canonical\" href=\"https:\/\/algarve7.pt\/index.php\/2026\/04\/summer-cemp-candidaturas-abertas-para-a-8-a-edicao-da-escola-de-verao-da-comissao-europeia-em-portugal\/atualidade\/12\/24\/\" \/>\n<meta property=\"og:locale\" content=\"pt_PT\" \/>\n<meta property=\"og:type\" content=\"article\" \/>\n<meta property=\"og:title\" content=\"Summer CEmp: candidaturas abertas para a 8.\u00aa edi\u00e7\u00e3o da escola de ver\u00e3o da Comiss\u00e3o Europeia em Portugal - Algarve 7\" \/>\n<meta property=\"og:description\" content=\"Summer CEmp: candidaturas abertas para a 8.\u00aa edi\u00e7\u00e3o da escola de ver\u00e3o da Comiss\u00e3o Europeia em Portugal Atualidade\" \/>\n<meta property=\"og:url\" content=\"https:\/\/algarve7.pt\/index.php\/2026\/04\/summer-cemp-candidaturas-abertas-para-a-8-a-edicao-da-escola-de-verao-da-comissao-europeia-em-portugal\/atualidade\/12\/24\/\" \/>\n<meta property=\"og:site_name\" content=\"Algarve 7\" \/>\n<meta property=\"article:publisher\" content=\"https:\/\/www.facebook.com\/algarve7\" \/>\n<meta property=\"article:author\" content=\"https:\/\/www.facebook.com\/algarve7\" \/>\n<meta property=\"article:published_time\" content=\"2026-04-08T11:24:10+00:00\" \/>\n<meta property=\"article:modified_time\" content=\"2026-04-08T11:24:23+00:00\" \/>\n<meta property=\"og:image\" content=\"https:\/\/algarve7.pt\/wp-content\/uploads\/2026\/04\/Captura-de-ecra-2026-04-08-as-12.22.56.png\" \/>\n\t<meta property=\"og:image:width\" content=\"800\" \/>\n\t<meta property=\"og:image:height\" content=\"445\" \/>\n\t<meta property=\"og:image:type\" content=\"image\/png\" \/>\n<meta name=\"author\" content=\"Algarve 7\" \/>\n<meta name=\"twitter:card\" content=\"summary_large_image\" \/>\n<meta name=\"twitter:creator\" content=\"@Algarvesete\" \/>\n<meta name=\"twitter:site\" content=\"@Algarvesete\" \/>\n<meta name=\"twitter:label1\" content=\"Escrito por\" \/>\n\t<meta name=\"twitter:data1\" content=\"Algarve 7\" \/>\n\t<meta name=\"twitter:label2\" content=\"Tempo estimado de leitura\" \/>\n\t<meta name=\"twitter:data2\" content=\"4 minutos\" \/>\n<script type=\"application\/ld+json\" class=\"yoast-schema-graph\">{\"@context\":\"https:\\\/\\\/schema.org\",\"@graph\":[{\"@type\":\"Article\",\"@id\":\"https:\\\/\\\/algarve7.pt\\\/index.php\\\/2026\\\/04\\\/summer-cemp-candidaturas-abertas-para-a-8-a-edicao-da-escola-de-verao-da-comissao-europeia-em-portugal\\\/atualidade\\\/12\\\/24\\\/#article\",\"isPartOf\":{\"@id\":\"https:\\\/\\\/algarve7.pt\\\/index.php\\\/2026\\\/04\\\/summer-cemp-candidaturas-abertas-para-a-8-a-edicao-da-escola-de-verao-da-comissao-europeia-em-portugal\\\/atualidade\\\/12\\\/24\\\/\"},\"author\":{\"name\":\"Algarve 7\",\"@id\":\"https:\\\/\\\/algarve7.pt\\\/#\\\/schema\\\/person\\\/23fa70681308e7b319a3204bcea45e0c\"},\"headline\":\"Summer CEmp: candidaturas abertas para a 8.\u00aa edi\u00e7\u00e3o da escola de ver\u00e3o da Comiss\u00e3o Europeia em Portugal\",\"datePublished\":\"2026-04-08T11:24:10+00:00\",\"dateModified\":\"2026-04-08T11:24:23+00:00\",\"mainEntityOfPage\":{\"@id\":\"https:\\\/\\\/algarve7.pt\\\/index.php\\\/2026\\\/04\\\/summer-cemp-candidaturas-abertas-para-a-8-a-edicao-da-escola-de-verao-da-comissao-europeia-em-portugal\\\/atualidade\\\/12\\\/24\\\/\"},\"wordCount\":744,\"publisher\":{\"@id\":\"https:\\\/\\\/algarve7.pt\\\/#organization\"},\"image\":{\"@id\":\"https:\\\/\\\/algarve7.pt\\\/index.php\\\/2026\\\/04\\\/summer-cemp-candidaturas-abertas-para-a-8-a-edicao-da-escola-de-verao-da-comissao-europeia-em-portugal\\\/atualidade\\\/12\\\/24\\\/#primaryimage\"},\"thumbnailUrl\":\"https:\\\/\\\/algarve7.pt\\\/wp-content\\\/uploads\\\/2026\\\/04\\\/Captura-de-ecra-2026-04-08-as-12.22.56.png\",\"keywords\":[\"Atualidade\"],\"articleSection\":[\"Atualidade\"],\"inLanguage\":\"pt-PT\"},{\"@type\":\"WebPage\",\"@id\":\"https:\\\/\\\/algarve7.pt\\\/index.php\\\/2026\\\/04\\\/summer-cemp-candidaturas-abertas-para-a-8-a-edicao-da-escola-de-verao-da-comissao-europeia-em-portugal\\\/atualidade\\\/12\\\/24\\\/\",\"url\":\"https:\\\/\\\/algarve7.pt\\\/index.php\\\/2026\\\/04\\\/summer-cemp-candidaturas-abertas-para-a-8-a-edicao-da-escola-de-verao-da-comissao-europeia-em-portugal\\\/atualidade\\\/12\\\/24\\\/\",\"name\":\"Summer CEmp: candidaturas abertas para a 8.\u00aa edi\u00e7\u00e3o da escola de ver\u00e3o da Comiss\u00e3o Europeia em Portugal - Algarve 7\",\"isPartOf\":{\"@id\":\"https:\\\/\\\/algarve7.pt\\\/#website\"},\"primaryImageOfPage\":{\"@id\":\"https:\\\/\\\/algarve7.pt\\\/index.php\\\/2026\\\/04\\\/summer-cemp-candidaturas-abertas-para-a-8-a-edicao-da-escola-de-verao-da-comissao-europeia-em-portugal\\\/atualidade\\\/12\\\/24\\\/#primaryimage\"},\"image\":{\"@id\":\"https:\\\/\\\/algarve7.pt\\\/index.php\\\/2026\\\/04\\\/summer-cemp-candidaturas-abertas-para-a-8-a-edicao-da-escola-de-verao-da-comissao-europeia-em-portugal\\\/atualidade\\\/12\\\/24\\\/#primaryimage\"},\"thumbnailUrl\":\"https:\\\/\\\/algarve7.pt\\\/wp-content\\\/uploads\\\/2026\\\/04\\\/Captura-de-ecra-2026-04-08-as-12.22.56.png\",\"datePublished\":\"2026-04-08T11:24:10+00:00\",\"dateModified\":\"2026-04-08T11:24:23+00:00\",\"description\":\"Summer CEmp: candidaturas abertas para a 8.\u00aa edi\u00e7\u00e3o da escola de ver\u00e3o da Comiss\u00e3o Europeia em Portugal Atualidade\",\"breadcrumb\":{\"@id\":\"https:\\\/\\\/algarve7.pt\\\/index.php\\\/2026\\\/04\\\/summer-cemp-candidaturas-abertas-para-a-8-a-edicao-da-escola-de-verao-da-comissao-europeia-em-portugal\\\/atualidade\\\/12\\\/24\\\/#breadcrumb\"},\"inLanguage\":\"pt-PT\",\"potentialAction\":[{\"@type\":\"ReadAction\",\"target\":[\"https:\\\/\\\/algarve7.pt\\\/index.php\\\/2026\\\/04\\\/summer-cemp-candidaturas-abertas-para-a-8-a-edicao-da-escola-de-verao-da-comissao-europeia-em-portugal\\\/atualidade\\\/12\\\/24\\\/\"]}]},{\"@type\":\"ImageObject\",\"inLanguage\":\"pt-PT\",\"@id\":\"https:\\\/\\\/algarve7.pt\\\/index.php\\\/2026\\\/04\\\/summer-cemp-candidaturas-abertas-para-a-8-a-edicao-da-escola-de-verao-da-comissao-europeia-em-portugal\\\/atualidade\\\/12\\\/24\\\/#primaryimage\",\"url\":\"https:\\\/\\\/algarve7.pt\\\/wp-content\\\/uploads\\\/2026\\\/04\\\/Captura-de-ecra-2026-04-08-as-12.22.56.png\",\"contentUrl\":\"https:\\\/\\\/algarve7.pt\\\/wp-content\\\/uploads\\\/2026\\\/04\\\/Captura-de-ecra-2026-04-08-as-12.22.56.png\",\"width\":800,\"height\":445},{\"@type\":\"BreadcrumbList\",\"@id\":\"https:\\\/\\\/algarve7.pt\\\/index.php\\\/2026\\\/04\\\/summer-cemp-candidaturas-abertas-para-a-8-a-edicao-da-escola-de-verao-da-comissao-europeia-em-portugal\\\/atualidade\\\/12\\\/24\\\/#breadcrumb\",\"itemListElement\":[{\"@type\":\"ListItem\",\"position\":1,\"name\":\"In\u00edcio\",\"item\":\"https:\\\/\\\/algarve7.pt\\\/\"},{\"@type\":\"ListItem\",\"position\":2,\"name\":\"Summer CEmp: candidaturas abertas para a 8.\u00aa edi\u00e7\u00e3o da escola de ver\u00e3o da Comiss\u00e3o Europeia em Portugal\"}]},{\"@type\":\"WebSite\",\"@id\":\"https:\\\/\\\/algarve7.pt\\\/#website\",\"url\":\"https:\\\/\\\/algarve7.pt\\\/\",\"name\":\"Algarve 7\",\"description\":\"Informa\u00e7\u00e3o sobre o Algarve\",\"publisher\":{\"@id\":\"https:\\\/\\\/algarve7.pt\\\/#organization\"},\"potentialAction\":[{\"@type\":\"SearchAction\",\"target\":{\"@type\":\"EntryPoint\",\"urlTemplate\":\"https:\\\/\\\/algarve7.pt\\\/?s={search_term_string}\"},\"query-input\":{\"@type\":\"PropertyValueSpecification\",\"valueRequired\":true,\"valueName\":\"search_term_string\"}}],\"inLanguage\":\"pt-PT\"},{\"@type\":\"Organization\",\"@id\":\"https:\\\/\\\/algarve7.pt\\\/#organization\",\"name\":\"Algarve 7\",\"url\":\"https:\\\/\\\/algarve7.pt\\\/\",\"logo\":{\"@type\":\"ImageObject\",\"inLanguage\":\"pt-PT\",\"@id\":\"https:\\\/\\\/algarve7.pt\\\/#\\\/schema\\\/logo\\\/image\\\/\",\"url\":\"https:\\\/\\\/algarve7.pt\\\/wp-content\\\/uploads\\\/2020\\\/10\\\/Logo-8.jpg\",\"contentUrl\":\"https:\\\/\\\/algarve7.pt\\\/wp-content\\\/uploads\\\/2020\\\/10\\\/Logo-8.jpg\",\"width\":1680,\"height\":1186,\"caption\":\"Algarve 7\"},\"image\":{\"@id\":\"https:\\\/\\\/algarve7.pt\\\/#\\\/schema\\\/logo\\\/image\\\/\"},\"sameAs\":[\"https:\\\/\\\/www.facebook.com\\\/algarve7\",\"https:\\\/\\\/x.com\\\/Algarvesete\",\"https:\\\/\\\/www.instagram.com\\\/jornalalgarve7\\\/\",\"https:\\\/\\\/www.linkedin.com\\\/company\\\/algarve7\",\"https:\\\/\\\/www.pinterest.pt\\\/geral0939\\\/_created\\\/\"]},{\"@type\":\"Person\",\"@id\":\"https:\\\/\\\/algarve7.pt\\\/#\\\/schema\\\/person\\\/23fa70681308e7b319a3204bcea45e0c\",\"name\":\"Algarve 7\",\"sameAs\":[\"https:\\\/\\\/algarve7.pt\",\"https:\\\/\\\/www.facebook.com\\\/algarve7\"],\"url\":\"https:\\\/\\\/algarve7.pt\\\/index.php\\\/author\\\/geralalgarve7-pt\\\/\"}]}<\/script>\n<!-- \/ Yoast SEO plugin. -->","yoast_head_json":{"title":"Summer CEmp: candidaturas abertas para a 8.\u00aa edi\u00e7\u00e3o da escola de ver\u00e3o da Comiss\u00e3o Europeia em Portugal - Algarve 7","description":"Summer CEmp: candidaturas abertas para a 8.\u00aa edi\u00e7\u00e3o da escola de ver\u00e3o da Comiss\u00e3o Europeia em Portugal Atualidade","robots":{"index":"index","follow":"follow","max-snippet":"max-snippet:-1","max-image-preview":"max-image-preview:large","max-video-preview":"max-video-preview:-1"},"canonical":"https:\/\/algarve7.pt\/index.php\/2026\/04\/summer-cemp-candidaturas-abertas-para-a-8-a-edicao-da-escola-de-verao-da-comissao-europeia-em-portugal\/atualidade\/12\/24\/","og_locale":"pt_PT","og_type":"article","og_title":"Summer CEmp: candidaturas abertas para a 8.\u00aa edi\u00e7\u00e3o da escola de ver\u00e3o da Comiss\u00e3o Europeia em Portugal - Algarve 7","og_description":"Summer CEmp: candidaturas abertas para a 8.\u00aa edi\u00e7\u00e3o da escola de ver\u00e3o da Comiss\u00e3o Europeia em Portugal Atualidade","og_url":"https:\/\/algarve7.pt\/index.php\/2026\/04\/summer-cemp-candidaturas-abertas-para-a-8-a-edicao-da-escola-de-verao-da-comissao-europeia-em-portugal\/atualidade\/12\/24\/","og_site_name":"Algarve 7","article_publisher":"https:\/\/www.facebook.com\/algarve7","article_author":"https:\/\/www.facebook.com\/algarve7","article_published_time":"2026-04-08T11:24:10+00:00","article_modified_time":"2026-04-08T11:24:23+00:00","og_image":[{"width":800,"height":445,"url":"https:\/\/algarve7.pt\/wp-content\/uploads\/2026\/04\/Captura-de-ecra-2026-04-08-as-12.22.56.png","type":"image\/png"}],"author":"Algarve 7","twitter_card":"summary_large_image","twitter_creator":"@Algarvesete","twitter_site":"@Algarvesete","twitter_misc":{"Escrito por":"Algarve 7","Tempo estimado de leitura":"4 minutos"},"schema":{"@context":"https:\/\/schema.org","@graph":[{"@type":"Article","@id":"https:\/\/algarve7.pt\/index.php\/2026\/04\/summer-cemp-candidaturas-abertas-para-a-8-a-edicao-da-escola-de-verao-da-comissao-europeia-em-portugal\/atualidade\/12\/24\/#article","isPartOf":{"@id":"https:\/\/algarve7.pt\/index.php\/2026\/04\/summer-cemp-candidaturas-abertas-para-a-8-a-edicao-da-escola-de-verao-da-comissao-europeia-em-portugal\/atualidade\/12\/24\/"},"author":{"name":"Algarve 7","@id":"https:\/\/algarve7.pt\/#\/schema\/person\/23fa70681308e7b319a3204bcea45e0c"},"headline":"Summer CEmp: candidaturas abertas para a 8.\u00aa edi\u00e7\u00e3o da escola de ver\u00e3o da Comiss\u00e3o Europeia em Portugal","datePublished":"2026-04-08T11:24:10+00:00","dateModified":"2026-04-08T11:24:23+00:00","mainEntityOfPage":{"@id":"https:\/\/algarve7.pt\/index.php\/2026\/04\/summer-cemp-candidaturas-abertas-para-a-8-a-edicao-da-escola-de-verao-da-comissao-europeia-em-portugal\/atualidade\/12\/24\/"},"wordCount":744,"publisher":{"@id":"https:\/\/algarve7.pt\/#organization"},"image":{"@id":"https:\/\/algarve7.pt\/index.php\/2026\/04\/summer-cemp-candidaturas-abertas-para-a-8-a-edicao-da-escola-de-verao-da-comissao-europeia-em-portugal\/atualidade\/12\/24\/#primaryimage"},"thumbnailUrl":"https:\/\/algarve7.pt\/wp-content\/uploads\/2026\/04\/Captura-de-ecra-2026-04-08-as-12.22.56.png","keywords":["Atualidade"],"articleSection":["Atualidade"],"inLanguage":"pt-PT"},{"@type":"WebPage","@id":"https:\/\/algarve7.pt\/index.php\/2026\/04\/summer-cemp-candidaturas-abertas-para-a-8-a-edicao-da-escola-de-verao-da-comissao-europeia-em-portugal\/atualidade\/12\/24\/","url":"https:\/\/algarve7.pt\/index.php\/2026\/04\/summer-cemp-candidaturas-abertas-para-a-8-a-edicao-da-escola-de-verao-da-comissao-europeia-em-portugal\/atualidade\/12\/24\/","name":"Summer CEmp: candidaturas abertas para a 8.\u00aa edi\u00e7\u00e3o da escola de ver\u00e3o da Comiss\u00e3o Europeia em Portugal - Algarve 7","isPartOf":{"@id":"https:\/\/algarve7.pt\/#website"},"primaryImageOfPage":{"@id":"https:\/\/algarve7.pt\/index.php\/2026\/04\/summer-cemp-candidaturas-abertas-para-a-8-a-edicao-da-escola-de-verao-da-comissao-europeia-em-portugal\/atualidade\/12\/24\/#primaryimage"},"image":{"@id":"https:\/\/algarve7.pt\/index.php\/2026\/04\/summer-cemp-candidaturas-abertas-para-a-8-a-edicao-da-escola-de-verao-da-comissao-europeia-em-portugal\/atualidade\/12\/24\/#primaryimage"},"thumbnailUrl":"https:\/\/algarve7.pt\/wp-content\/uploads\/2026\/04\/Captura-de-ecra-2026-04-08-as-12.22.56.png","datePublished":"2026-04-08T11:24:10+00:00","dateModified":"2026-04-08T11:24:23+00:00","description":"Summer CEmp: candidaturas abertas para a 8.\u00aa edi\u00e7\u00e3o da escola de ver\u00e3o da Comiss\u00e3o Europeia em Portugal Atualidade","breadcrumb":{"@id":"https:\/\/algarve7.pt\/index.php\/2026\/04\/summer-cemp-candidaturas-abertas-para-a-8-a-edicao-da-escola-de-verao-da-comissao-europeia-em-portugal\/atualidade\/12\/24\/#breadcrumb"},"inLanguage":"pt-PT","potentialAction":[{"@type":"ReadAction","target":["https:\/\/algarve7.pt\/index.php\/2026\/04\/summer-cemp-candidaturas-abertas-para-a-8-a-edicao-da-escola-de-verao-da-comissao-europeia-em-portugal\/atualidade\/12\/24\/"]}]},{"@type":"ImageObject","inLanguage":"pt-PT","@id":"https:\/\/algarve7.pt\/index.php\/2026\/04\/summer-cemp-candidaturas-abertas-para-a-8-a-edicao-da-escola-de-verao-da-comissao-europeia-em-portugal\/atualidade\/12\/24\/#primaryimage","url":"https:\/\/algarve7.pt\/wp-content\/uploads\/2026\/04\/Captura-de-ecra-2026-04-08-as-12.22.56.png","contentUrl":"https:\/\/algarve7.pt\/wp-content\/uploads\/2026\/04\/Captura-de-ecra-2026-04-08-as-12.22.56.png","width":800,"height":445},{"@type":"BreadcrumbList","@id":"https:\/\/algarve7.pt\/index.php\/2026\/04\/summer-cemp-candidaturas-abertas-para-a-8-a-edicao-da-escola-de-verao-da-comissao-europeia-em-portugal\/atualidade\/12\/24\/#breadcrumb","itemListElement":[{"@type":"ListItem","position":1,"name":"In\u00edcio","item":"https:\/\/algarve7.pt\/"},{"@type":"ListItem","position":2,"name":"Summer CEmp: candidaturas abertas para a 8.\u00aa edi\u00e7\u00e3o da escola de ver\u00e3o da Comiss\u00e3o Europeia em Portugal"}]},{"@type":"WebSite","@id":"https:\/\/algarve7.pt\/#website","url":"https:\/\/algarve7.pt\/","name":"Algarve 7","description":"Informa\u00e7\u00e3o sobre o Algarve","publisher":{"@id":"https:\/\/algarve7.pt\/#organization"},"potentialAction":[{"@type":"SearchAction","target":{"@type":"EntryPoint","urlTemplate":"https:\/\/algarve7.pt\/?s={search_term_string}"},"query-input":{"@type":"PropertyValueSpecification","valueRequired":true,"valueName":"search_term_string"}}],"inLanguage":"pt-PT"},{"@type":"Organization","@id":"https:\/\/algarve7.pt\/#organization","name":"Algarve 7","url":"https:\/\/algarve7.pt\/","logo":{"@type":"ImageObject","inLanguage":"pt-PT","@id":"https:\/\/algarve7.pt\/#\/schema\/logo\/image\/","url":"https:\/\/algarve7.pt\/wp-content\/uploads\/2020\/10\/Logo-8.jpg","contentUrl":"https:\/\/algarve7.pt\/wp-content\/uploads\/2020\/10\/Logo-8.jpg","width":1680,"height":1186,"caption":"Algarve 7"},"image":{"@id":"https:\/\/algarve7.pt\/#\/schema\/logo\/image\/"},"sameAs":["https:\/\/www.facebook.com\/algarve7","https:\/\/x.com\/Algarvesete","https:\/\/www.instagram.com\/jornalalgarve7\/","https:\/\/www.linkedin.com\/company\/algarve7","https:\/\/www.pinterest.pt\/geral0939\/_created\/"]},{"@type":"Person","@id":"https:\/\/algarve7.pt\/#\/schema\/person\/23fa70681308e7b319a3204bcea45e0c","name":"Algarve 7","sameAs":["https:\/\/algarve7.pt","https:\/\/www.facebook.com\/algarve7"],"url":"https:\/\/algarve7.pt\/index.php\/author\/geralalgarve7-pt\/"}]}},"jetpack_publicize_connections":[],"jetpack_featured_media_url":"https:\/\/algarve7.pt\/wp-content\/uploads\/2026\/04\/Captura-de-ecra-2026-04-08-as-12.22.56.png","jetpack_shortlink":"https:\/\/wp.me\/pcezmW-fPF","jetpack_sharing_enabled":true,"_links":{"self":[{"href":"https:\/\/algarve7.pt\/index.php\/wp-json\/wp\/v2\/posts\/60863","targetHints":{"allow":["GET"]}}],"collection":[{"href":"https:\/\/algarve7.pt\/index.php\/wp-json\/wp\/v2\/posts"}],"about":[{"href":"https:\/\/algarve7.pt\/index.php\/wp-json\/wp\/v2\/types\/post"}],"author":[{"embeddable":true,"href":"https:\/\/algarve7.pt\/index.php\/wp-json\/wp\/v2\/users\/1"}],"replies":[{"embeddable":true,"href":"https:\/\/algarve7.pt\/index.php\/wp-json\/wp\/v2\/comments?post=60863"}],"version-history":[{"count":0,"href":"https:\/\/algarve7.pt\/index.php\/wp-json\/wp\/v2\/posts\/60863\/revisions"}],"wp:featuredmedia":[{"embeddable":true,"href":"https:\/\/algarve7.pt\/index.php\/wp-json\/wp\/v2\/media\/60864"}],"wp:attachment":[{"href":"https:\/\/algarve7.pt\/index.php\/wp-json\/wp\/v2\/media?parent=60863"}],"wp:term":[{"taxonomy":"category","embeddable":true,"href":"https:\/\/algarve7.pt\/index.php\/wp-json\/wp\/v2\/categories?post=60863"},{"taxonomy":"post_tag","embeddable":true,"href":"https:\/\/algarve7.pt\/index.php\/wp-json\/wp\/v2\/tags?post=60863"}],"curies":[{"name":"wp","href":"https:\/\/api.w.org\/{rel}","templated":true}]}}