{"id":60828,"date":"2026-04-08T09:05:00","date_gmt":"2026-04-08T08:05:00","guid":{"rendered":"https:\/\/algarve7.pt\/?p=60828"},"modified":"2026-04-07T15:10:59","modified_gmt":"2026-04-07T14:10:59","slug":"tavira-visita-guiada-a-exposicao-o-azulejo-em-portugal-uma-historia-em-aberto","status":"publish","type":"post","link":"https:\/\/algarve7.pt\/index.php\/2026\/04\/tavira-visita-guiada-a-exposicao-o-azulejo-em-portugal-uma-historia-em-aberto\/cultura\/09\/05\/","title":{"rendered":"Tavira: Visita guiada \u00e0 exposi\u00e7\u00e3o \u201cO Azulejo em Portugal. Uma Hist\u00f3ria em Aberto\u201d"},"content":{"rendered":"\n<p>O Museu Municipal de Tavira realiza, no pr\u00f3ximo dia 11 de abril, pelas 10h30, uma visita guiada \u00e0 exposi\u00e7\u00e3o \u201cO Azulejo em Portugal. Uma Hist\u00f3ria em Aberto\u201d, orientada por Ricardo Louro (Museu Municipal de Tavira).<\/p>\n\n\n\n<p>Patente no Pal\u00e1cio da Galeria, a exposi\u00e7\u00e3o re\u00fane cerca de 70 obras de refer\u00eancia provenientes da cole\u00e7\u00e3o do Museu Nacional do Azulejo, propondo uma viagem por cinco s\u00e9culos de azulejaria em Portugal, desde as primeiras encomendas do s\u00e9culo XVI at\u00e9 \u00e0 produ\u00e7\u00e3o contempor\u00e2nea.<\/p>\n\n\n\n<p>Ao longo do percurso expositivo, os participantes ter\u00e3o a oportunidade de conhecer a introdu\u00e7\u00e3o do azulejo em territ\u00f3rio nacional, com destaque para pe\u00e7as oriundas de importantes centros produtivos, como Sevilha e Flandres, bem como a evolu\u00e7\u00e3o da produ\u00e7\u00e3o portuguesa nos s\u00e9culos seguintes. Evidenciam-se padr\u00f5es do s\u00e9culo XVII e pain\u00e9is figurativos azuis e brancos do final desse per\u00edodo, da autoria de Gabriel del Barco, assim como obras do s\u00e9culo XVIII atribu\u00eddas ao enigm\u00e1tico P.M.P.<\/p>\n\n\n\n<p>A mostra aborda ainda as transforma\u00e7\u00f5es ocorridas nos s\u00e9culos XIX e XX, culminando com cria\u00e7\u00f5es contempor\u00e2neas de artistas como Maria Keil, Jorge Barradas, Almada Negreiros e Querubim Lapa, que mant\u00eam viva a tradi\u00e7\u00e3o azulejar at\u00e9 aos dias de hoje.<\/p>\n\n\n\n<p>A participa\u00e7\u00e3o \u00e9 limitada a um m\u00e1ximo de 15 pessoas, sendo necess\u00e1ria inscri\u00e7\u00e3o pr\u00e9via at\u00e9 ao dia 9 de abril, atrav\u00e9s de formul\u00e1rio online &#8211; <a href=\"https:\/\/forms.office.com\/e\/Znbaf7vC4S\" target=\"_blank\" rel=\"noreferrer noopener\">https:\/\/forms.office.com\/e\/Znbaf7vC4S<\/a><\/p>\n","protected":false},"excerpt":{"rendered":"<p>O Museu Municipal de Tavira realiza, no pr\u00f3ximo dia 11 de abril, pelas 10h30, uma visita guiada \u00e0 exposi\u00e7\u00e3o \u201cO<\/p>\n","protected":false},"author":1,"featured_media":60829,"comment_status":"closed","ping_status":"closed","sticky":false,"template":"","format":"standard","meta":{"colormag_page_container_layout":"default_layout","colormag_page_sidebar_layout":"default_layout","_monsterinsights_skip_tracking":false,"_monsterinsights_sitenote_active":false,"_monsterinsights_sitenote_note":"","_monsterinsights_sitenote_category":0,"jetpack_post_was_ever_published":false,"_jetpack_newsletter_access":"","_jetpack_dont_email_post_to_subs":false,"_jetpack_newsletter_tier_id":0,"_jetpack_memberships_contains_paywalled_content":false,"_jetpack_memberships_contains_paid_content":false,"footnotes":"","jetpack_publicize_message":"","jetpack_publicize_feature_enabled":true,"jetpack_social_post_already_shared":true,"jetpack_social_options":{"image_generator_settings":{"template":"highway","default_image_id":0,"font":"","enabled":false},"version":2}},"categories":[14],"tags":[36,35,54],"class_list":["post-60828","post","type-post","status-publish","format-standard","has-post-thumbnail","hentry","category-cultura","tag-algarve","tag-cultura","tag-tavira"],"yoast_head":"<!-- This site is optimized with the Yoast SEO plugin v27.5 - https:\/\/yoast.com\/product\/yoast-seo-wordpress\/ -->\n<title>Tavira: Visita guiada \u00e0 exposi\u00e7\u00e3o \u201cO Azulejo em Portugal. Uma Hist\u00f3ria em Aberto\u201d - Algarve 7<\/title>\n<meta name=\"description\" content=\"Tavira: Visita guiada \u00e0 exposi\u00e7\u00e3o \u201cO Azulejo em Portugal. Uma Hist\u00f3ria em Aberto\u201d Cultura\" \/>\n<meta name=\"robots\" content=\"index, follow, max-snippet:-1, max-image-preview:large, max-video-preview:-1\" \/>\n<link rel=\"canonical\" href=\"https:\/\/algarve7.pt\/index.php\/2026\/04\/tavira-visita-guiada-a-exposicao-o-azulejo-em-portugal-uma-historia-em-aberto\/cultura\/09\/05\/\" \/>\n<meta property=\"og:locale\" content=\"pt_PT\" \/>\n<meta property=\"og:type\" content=\"article\" \/>\n<meta property=\"og:title\" content=\"Tavira: Visita guiada \u00e0 exposi\u00e7\u00e3o \u201cO Azulejo em Portugal. Uma Hist\u00f3ria em Aberto\u201d - Algarve 7\" \/>\n<meta property=\"og:description\" content=\"Tavira: Visita guiada \u00e0 exposi\u00e7\u00e3o \u201cO Azulejo em Portugal. Uma Hist\u00f3ria em Aberto\u201d Cultura\" \/>\n<meta property=\"og:url\" content=\"https:\/\/algarve7.pt\/index.php\/2026\/04\/tavira-visita-guiada-a-exposicao-o-azulejo-em-portugal-uma-historia-em-aberto\/cultura\/09\/05\/\" \/>\n<meta property=\"og:site_name\" content=\"Algarve 7\" \/>\n<meta property=\"article:publisher\" content=\"https:\/\/www.facebook.com\/algarve7\" \/>\n<meta property=\"article:author\" content=\"https:\/\/www.facebook.com\/algarve7\" \/>\n<meta property=\"article:published_time\" content=\"2026-04-08T08:05:00+00:00\" \/>\n<meta property=\"og:image\" content=\"https:\/\/algarve7.pt\/wp-content\/uploads\/2026\/04\/Visita-ao-Museu-site.jpg\" \/>\n\t<meta property=\"og:image:width\" content=\"800\" \/>\n\t<meta property=\"og:image:height\" content=\"445\" \/>\n\t<meta property=\"og:image:type\" content=\"image\/jpeg\" \/>\n<meta name=\"author\" content=\"Algarve 7\" \/>\n<meta name=\"twitter:card\" content=\"summary_large_image\" \/>\n<meta name=\"twitter:creator\" content=\"@Algarvesete\" \/>\n<meta name=\"twitter:site\" content=\"@Algarvesete\" \/>\n<meta name=\"twitter:label1\" content=\"Escrito por\" \/>\n\t<meta name=\"twitter:data1\" content=\"Algarve 7\" \/>\n\t<meta name=\"twitter:label2\" content=\"Tempo estimado de leitura\" \/>\n\t<meta name=\"twitter:data2\" content=\"2 minutos\" \/>\n<script type=\"application\/ld+json\" class=\"yoast-schema-graph\">{\"@context\":\"https:\\\/\\\/schema.org\",\"@graph\":[{\"@type\":\"Article\",\"@id\":\"https:\\\/\\\/algarve7.pt\\\/index.php\\\/2026\\\/04\\\/tavira-visita-guiada-a-exposicao-o-azulejo-em-portugal-uma-historia-em-aberto\\\/cultura\\\/09\\\/05\\\/#article\",\"isPartOf\":{\"@id\":\"https:\\\/\\\/algarve7.pt\\\/index.php\\\/2026\\\/04\\\/tavira-visita-guiada-a-exposicao-o-azulejo-em-portugal-uma-historia-em-aberto\\\/cultura\\\/09\\\/05\\\/\"},\"author\":{\"name\":\"Algarve 7\",\"@id\":\"https:\\\/\\\/algarve7.pt\\\/#\\\/schema\\\/person\\\/23fa70681308e7b319a3204bcea45e0c\"},\"headline\":\"Tavira: Visita guiada \u00e0 exposi\u00e7\u00e3o \u201cO Azulejo em Portugal. Uma Hist\u00f3ria em Aberto\u201d\",\"datePublished\":\"2026-04-08T08:05:00+00:00\",\"mainEntityOfPage\":{\"@id\":\"https:\\\/\\\/algarve7.pt\\\/index.php\\\/2026\\\/04\\\/tavira-visita-guiada-a-exposicao-o-azulejo-em-portugal-uma-historia-em-aberto\\\/cultura\\\/09\\\/05\\\/\"},\"wordCount\":271,\"publisher\":{\"@id\":\"https:\\\/\\\/algarve7.pt\\\/#organization\"},\"image\":{\"@id\":\"https:\\\/\\\/algarve7.pt\\\/index.php\\\/2026\\\/04\\\/tavira-visita-guiada-a-exposicao-o-azulejo-em-portugal-uma-historia-em-aberto\\\/cultura\\\/09\\\/05\\\/#primaryimage\"},\"thumbnailUrl\":\"https:\\\/\\\/algarve7.pt\\\/wp-content\\\/uploads\\\/2026\\\/04\\\/Visita-ao-Museu-site.jpg\",\"keywords\":[\"Algarve\",\"Cultura\",\"Tavira\"],\"articleSection\":[\"Cultura\"],\"inLanguage\":\"pt-PT\"},{\"@type\":\"WebPage\",\"@id\":\"https:\\\/\\\/algarve7.pt\\\/index.php\\\/2026\\\/04\\\/tavira-visita-guiada-a-exposicao-o-azulejo-em-portugal-uma-historia-em-aberto\\\/cultura\\\/09\\\/05\\\/\",\"url\":\"https:\\\/\\\/algarve7.pt\\\/index.php\\\/2026\\\/04\\\/tavira-visita-guiada-a-exposicao-o-azulejo-em-portugal-uma-historia-em-aberto\\\/cultura\\\/09\\\/05\\\/\",\"name\":\"Tavira: Visita guiada \u00e0 exposi\u00e7\u00e3o \u201cO Azulejo em Portugal. Uma Hist\u00f3ria em Aberto\u201d - Algarve 7\",\"isPartOf\":{\"@id\":\"https:\\\/\\\/algarve7.pt\\\/#website\"},\"primaryImageOfPage\":{\"@id\":\"https:\\\/\\\/algarve7.pt\\\/index.php\\\/2026\\\/04\\\/tavira-visita-guiada-a-exposicao-o-azulejo-em-portugal-uma-historia-em-aberto\\\/cultura\\\/09\\\/05\\\/#primaryimage\"},\"image\":{\"@id\":\"https:\\\/\\\/algarve7.pt\\\/index.php\\\/2026\\\/04\\\/tavira-visita-guiada-a-exposicao-o-azulejo-em-portugal-uma-historia-em-aberto\\\/cultura\\\/09\\\/05\\\/#primaryimage\"},\"thumbnailUrl\":\"https:\\\/\\\/algarve7.pt\\\/wp-content\\\/uploads\\\/2026\\\/04\\\/Visita-ao-Museu-site.jpg\",\"datePublished\":\"2026-04-08T08:05:00+00:00\",\"description\":\"Tavira: Visita guiada \u00e0 exposi\u00e7\u00e3o \u201cO Azulejo em Portugal. Uma Hist\u00f3ria em Aberto\u201d Cultura\",\"breadcrumb\":{\"@id\":\"https:\\\/\\\/algarve7.pt\\\/index.php\\\/2026\\\/04\\\/tavira-visita-guiada-a-exposicao-o-azulejo-em-portugal-uma-historia-em-aberto\\\/cultura\\\/09\\\/05\\\/#breadcrumb\"},\"inLanguage\":\"pt-PT\",\"potentialAction\":[{\"@type\":\"ReadAction\",\"target\":[\"https:\\\/\\\/algarve7.pt\\\/index.php\\\/2026\\\/04\\\/tavira-visita-guiada-a-exposicao-o-azulejo-em-portugal-uma-historia-em-aberto\\\/cultura\\\/09\\\/05\\\/\"]}]},{\"@type\":\"ImageObject\",\"inLanguage\":\"pt-PT\",\"@id\":\"https:\\\/\\\/algarve7.pt\\\/index.php\\\/2026\\\/04\\\/tavira-visita-guiada-a-exposicao-o-azulejo-em-portugal-uma-historia-em-aberto\\\/cultura\\\/09\\\/05\\\/#primaryimage\",\"url\":\"https:\\\/\\\/algarve7.pt\\\/wp-content\\\/uploads\\\/2026\\\/04\\\/Visita-ao-Museu-site.jpg\",\"contentUrl\":\"https:\\\/\\\/algarve7.pt\\\/wp-content\\\/uploads\\\/2026\\\/04\\\/Visita-ao-Museu-site.jpg\",\"width\":800,\"height\":445},{\"@type\":\"BreadcrumbList\",\"@id\":\"https:\\\/\\\/algarve7.pt\\\/index.php\\\/2026\\\/04\\\/tavira-visita-guiada-a-exposicao-o-azulejo-em-portugal-uma-historia-em-aberto\\\/cultura\\\/09\\\/05\\\/#breadcrumb\",\"itemListElement\":[{\"@type\":\"ListItem\",\"position\":1,\"name\":\"In\u00edcio\",\"item\":\"https:\\\/\\\/algarve7.pt\\\/\"},{\"@type\":\"ListItem\",\"position\":2,\"name\":\"Tavira: Visita guiada \u00e0 exposi\u00e7\u00e3o \u201cO Azulejo em Portugal. Uma Hist\u00f3ria em Aberto\u201d\"}]},{\"@type\":\"WebSite\",\"@id\":\"https:\\\/\\\/algarve7.pt\\\/#website\",\"url\":\"https:\\\/\\\/algarve7.pt\\\/\",\"name\":\"Algarve 7\",\"description\":\"Informa\u00e7\u00e3o sobre o Algarve\",\"publisher\":{\"@id\":\"https:\\\/\\\/algarve7.pt\\\/#organization\"},\"potentialAction\":[{\"@type\":\"SearchAction\",\"target\":{\"@type\":\"EntryPoint\",\"urlTemplate\":\"https:\\\/\\\/algarve7.pt\\\/?s={search_term_string}\"},\"query-input\":{\"@type\":\"PropertyValueSpecification\",\"valueRequired\":true,\"valueName\":\"search_term_string\"}}],\"inLanguage\":\"pt-PT\"},{\"@type\":\"Organization\",\"@id\":\"https:\\\/\\\/algarve7.pt\\\/#organization\",\"name\":\"Algarve 7\",\"url\":\"https:\\\/\\\/algarve7.pt\\\/\",\"logo\":{\"@type\":\"ImageObject\",\"inLanguage\":\"pt-PT\",\"@id\":\"https:\\\/\\\/algarve7.pt\\\/#\\\/schema\\\/logo\\\/image\\\/\",\"url\":\"https:\\\/\\\/algarve7.pt\\\/wp-content\\\/uploads\\\/2020\\\/10\\\/Logo-8.jpg\",\"contentUrl\":\"https:\\\/\\\/algarve7.pt\\\/wp-content\\\/uploads\\\/2020\\\/10\\\/Logo-8.jpg\",\"width\":1680,\"height\":1186,\"caption\":\"Algarve 7\"},\"image\":{\"@id\":\"https:\\\/\\\/algarve7.pt\\\/#\\\/schema\\\/logo\\\/image\\\/\"},\"sameAs\":[\"https:\\\/\\\/www.facebook.com\\\/algarve7\",\"https:\\\/\\\/x.com\\\/Algarvesete\",\"https:\\\/\\\/www.instagram.com\\\/jornalalgarve7\\\/\",\"https:\\\/\\\/www.linkedin.com\\\/company\\\/algarve7\",\"https:\\\/\\\/www.pinterest.pt\\\/geral0939\\\/_created\\\/\"]},{\"@type\":\"Person\",\"@id\":\"https:\\\/\\\/algarve7.pt\\\/#\\\/schema\\\/person\\\/23fa70681308e7b319a3204bcea45e0c\",\"name\":\"Algarve 7\",\"sameAs\":[\"https:\\\/\\\/algarve7.pt\",\"https:\\\/\\\/www.facebook.com\\\/algarve7\"],\"url\":\"https:\\\/\\\/algarve7.pt\\\/index.php\\\/author\\\/geralalgarve7-pt\\\/\"}]}<\/script>\n<!-- \/ Yoast SEO plugin. -->","yoast_head_json":{"title":"Tavira: Visita guiada \u00e0 exposi\u00e7\u00e3o \u201cO Azulejo em Portugal. Uma Hist\u00f3ria em Aberto\u201d - Algarve 7","description":"Tavira: Visita guiada \u00e0 exposi\u00e7\u00e3o \u201cO Azulejo em Portugal. Uma Hist\u00f3ria em Aberto\u201d Cultura","robots":{"index":"index","follow":"follow","max-snippet":"max-snippet:-1","max-image-preview":"max-image-preview:large","max-video-preview":"max-video-preview:-1"},"canonical":"https:\/\/algarve7.pt\/index.php\/2026\/04\/tavira-visita-guiada-a-exposicao-o-azulejo-em-portugal-uma-historia-em-aberto\/cultura\/09\/05\/","og_locale":"pt_PT","og_type":"article","og_title":"Tavira: Visita guiada \u00e0 exposi\u00e7\u00e3o \u201cO Azulejo em Portugal. Uma Hist\u00f3ria em Aberto\u201d - Algarve 7","og_description":"Tavira: Visita guiada \u00e0 exposi\u00e7\u00e3o \u201cO Azulejo em Portugal. Uma Hist\u00f3ria em Aberto\u201d Cultura","og_url":"https:\/\/algarve7.pt\/index.php\/2026\/04\/tavira-visita-guiada-a-exposicao-o-azulejo-em-portugal-uma-historia-em-aberto\/cultura\/09\/05\/","og_site_name":"Algarve 7","article_publisher":"https:\/\/www.facebook.com\/algarve7","article_author":"https:\/\/www.facebook.com\/algarve7","article_published_time":"2026-04-08T08:05:00+00:00","og_image":[{"width":800,"height":445,"url":"https:\/\/algarve7.pt\/wp-content\/uploads\/2026\/04\/Visita-ao-Museu-site.jpg","type":"image\/jpeg"}],"author":"Algarve 7","twitter_card":"summary_large_image","twitter_creator":"@Algarvesete","twitter_site":"@Algarvesete","twitter_misc":{"Escrito por":"Algarve 7","Tempo estimado de leitura":"2 minutos"},"schema":{"@context":"https:\/\/schema.org","@graph":[{"@type":"Article","@id":"https:\/\/algarve7.pt\/index.php\/2026\/04\/tavira-visita-guiada-a-exposicao-o-azulejo-em-portugal-uma-historia-em-aberto\/cultura\/09\/05\/#article","isPartOf":{"@id":"https:\/\/algarve7.pt\/index.php\/2026\/04\/tavira-visita-guiada-a-exposicao-o-azulejo-em-portugal-uma-historia-em-aberto\/cultura\/09\/05\/"},"author":{"name":"Algarve 7","@id":"https:\/\/algarve7.pt\/#\/schema\/person\/23fa70681308e7b319a3204bcea45e0c"},"headline":"Tavira: Visita guiada \u00e0 exposi\u00e7\u00e3o \u201cO Azulejo em Portugal. Uma Hist\u00f3ria em Aberto\u201d","datePublished":"2026-04-08T08:05:00+00:00","mainEntityOfPage":{"@id":"https:\/\/algarve7.pt\/index.php\/2026\/04\/tavira-visita-guiada-a-exposicao-o-azulejo-em-portugal-uma-historia-em-aberto\/cultura\/09\/05\/"},"wordCount":271,"publisher":{"@id":"https:\/\/algarve7.pt\/#organization"},"image":{"@id":"https:\/\/algarve7.pt\/index.php\/2026\/04\/tavira-visita-guiada-a-exposicao-o-azulejo-em-portugal-uma-historia-em-aberto\/cultura\/09\/05\/#primaryimage"},"thumbnailUrl":"https:\/\/algarve7.pt\/wp-content\/uploads\/2026\/04\/Visita-ao-Museu-site.jpg","keywords":["Algarve","Cultura","Tavira"],"articleSection":["Cultura"],"inLanguage":"pt-PT"},{"@type":"WebPage","@id":"https:\/\/algarve7.pt\/index.php\/2026\/04\/tavira-visita-guiada-a-exposicao-o-azulejo-em-portugal-uma-historia-em-aberto\/cultura\/09\/05\/","url":"https:\/\/algarve7.pt\/index.php\/2026\/04\/tavira-visita-guiada-a-exposicao-o-azulejo-em-portugal-uma-historia-em-aberto\/cultura\/09\/05\/","name":"Tavira: Visita guiada \u00e0 exposi\u00e7\u00e3o \u201cO Azulejo em Portugal. Uma Hist\u00f3ria em Aberto\u201d - Algarve 7","isPartOf":{"@id":"https:\/\/algarve7.pt\/#website"},"primaryImageOfPage":{"@id":"https:\/\/algarve7.pt\/index.php\/2026\/04\/tavira-visita-guiada-a-exposicao-o-azulejo-em-portugal-uma-historia-em-aberto\/cultura\/09\/05\/#primaryimage"},"image":{"@id":"https:\/\/algarve7.pt\/index.php\/2026\/04\/tavira-visita-guiada-a-exposicao-o-azulejo-em-portugal-uma-historia-em-aberto\/cultura\/09\/05\/#primaryimage"},"thumbnailUrl":"https:\/\/algarve7.pt\/wp-content\/uploads\/2026\/04\/Visita-ao-Museu-site.jpg","datePublished":"2026-04-08T08:05:00+00:00","description":"Tavira: Visita guiada \u00e0 exposi\u00e7\u00e3o \u201cO Azulejo em Portugal. Uma Hist\u00f3ria em Aberto\u201d Cultura","breadcrumb":{"@id":"https:\/\/algarve7.pt\/index.php\/2026\/04\/tavira-visita-guiada-a-exposicao-o-azulejo-em-portugal-uma-historia-em-aberto\/cultura\/09\/05\/#breadcrumb"},"inLanguage":"pt-PT","potentialAction":[{"@type":"ReadAction","target":["https:\/\/algarve7.pt\/index.php\/2026\/04\/tavira-visita-guiada-a-exposicao-o-azulejo-em-portugal-uma-historia-em-aberto\/cultura\/09\/05\/"]}]},{"@type":"ImageObject","inLanguage":"pt-PT","@id":"https:\/\/algarve7.pt\/index.php\/2026\/04\/tavira-visita-guiada-a-exposicao-o-azulejo-em-portugal-uma-historia-em-aberto\/cultura\/09\/05\/#primaryimage","url":"https:\/\/algarve7.pt\/wp-content\/uploads\/2026\/04\/Visita-ao-Museu-site.jpg","contentUrl":"https:\/\/algarve7.pt\/wp-content\/uploads\/2026\/04\/Visita-ao-Museu-site.jpg","width":800,"height":445},{"@type":"BreadcrumbList","@id":"https:\/\/algarve7.pt\/index.php\/2026\/04\/tavira-visita-guiada-a-exposicao-o-azulejo-em-portugal-uma-historia-em-aberto\/cultura\/09\/05\/#breadcrumb","itemListElement":[{"@type":"ListItem","position":1,"name":"In\u00edcio","item":"https:\/\/algarve7.pt\/"},{"@type":"ListItem","position":2,"name":"Tavira: Visita guiada \u00e0 exposi\u00e7\u00e3o \u201cO Azulejo em Portugal. Uma Hist\u00f3ria em Aberto\u201d"}]},{"@type":"WebSite","@id":"https:\/\/algarve7.pt\/#website","url":"https:\/\/algarve7.pt\/","name":"Algarve 7","description":"Informa\u00e7\u00e3o sobre o Algarve","publisher":{"@id":"https:\/\/algarve7.pt\/#organization"},"potentialAction":[{"@type":"SearchAction","target":{"@type":"EntryPoint","urlTemplate":"https:\/\/algarve7.pt\/?s={search_term_string}"},"query-input":{"@type":"PropertyValueSpecification","valueRequired":true,"valueName":"search_term_string"}}],"inLanguage":"pt-PT"},{"@type":"Organization","@id":"https:\/\/algarve7.pt\/#organization","name":"Algarve 7","url":"https:\/\/algarve7.pt\/","logo":{"@type":"ImageObject","inLanguage":"pt-PT","@id":"https:\/\/algarve7.pt\/#\/schema\/logo\/image\/","url":"https:\/\/algarve7.pt\/wp-content\/uploads\/2020\/10\/Logo-8.jpg","contentUrl":"https:\/\/algarve7.pt\/wp-content\/uploads\/2020\/10\/Logo-8.jpg","width":1680,"height":1186,"caption":"Algarve 7"},"image":{"@id":"https:\/\/algarve7.pt\/#\/schema\/logo\/image\/"},"sameAs":["https:\/\/www.facebook.com\/algarve7","https:\/\/x.com\/Algarvesete","https:\/\/www.instagram.com\/jornalalgarve7\/","https:\/\/www.linkedin.com\/company\/algarve7","https:\/\/www.pinterest.pt\/geral0939\/_created\/"]},{"@type":"Person","@id":"https:\/\/algarve7.pt\/#\/schema\/person\/23fa70681308e7b319a3204bcea45e0c","name":"Algarve 7","sameAs":["https:\/\/algarve7.pt","https:\/\/www.facebook.com\/algarve7"],"url":"https:\/\/algarve7.pt\/index.php\/author\/geralalgarve7-pt\/"}]}},"jetpack_publicize_connections":[],"jetpack_featured_media_url":"https:\/\/algarve7.pt\/wp-content\/uploads\/2026\/04\/Visita-ao-Museu-site.jpg","jetpack_shortlink":"https:\/\/wp.me\/pcezmW-fP6","jetpack_sharing_enabled":true,"_links":{"self":[{"href":"https:\/\/algarve7.pt\/index.php\/wp-json\/wp\/v2\/posts\/60828","targetHints":{"allow":["GET"]}}],"collection":[{"href":"https:\/\/algarve7.pt\/index.php\/wp-json\/wp\/v2\/posts"}],"about":[{"href":"https:\/\/algarve7.pt\/index.php\/wp-json\/wp\/v2\/types\/post"}],"author":[{"embeddable":true,"href":"https:\/\/algarve7.pt\/index.php\/wp-json\/wp\/v2\/users\/1"}],"replies":[{"embeddable":true,"href":"https:\/\/algarve7.pt\/index.php\/wp-json\/wp\/v2\/comments?post=60828"}],"version-history":[{"count":0,"href":"https:\/\/algarve7.pt\/index.php\/wp-json\/wp\/v2\/posts\/60828\/revisions"}],"wp:featuredmedia":[{"embeddable":true,"href":"https:\/\/algarve7.pt\/index.php\/wp-json\/wp\/v2\/media\/60829"}],"wp:attachment":[{"href":"https:\/\/algarve7.pt\/index.php\/wp-json\/wp\/v2\/media?parent=60828"}],"wp:term":[{"taxonomy":"category","embeddable":true,"href":"https:\/\/algarve7.pt\/index.php\/wp-json\/wp\/v2\/categories?post=60828"},{"taxonomy":"post_tag","embeddable":true,"href":"https:\/\/algarve7.pt\/index.php\/wp-json\/wp\/v2\/tags?post=60828"}],"curies":[{"name":"wp","href":"https:\/\/api.w.org\/{rel}","templated":true}]}}