{"id":60821,"date":"2026-04-08T08:45:00","date_gmt":"2026-04-08T07:45:00","guid":{"rendered":"https:\/\/algarve7.pt\/?p=60821"},"modified":"2026-04-07T14:53:12","modified_gmt":"2026-04-07T13:53:12","slug":"tavira-convida-a-pedalar-e-caminhar-sob-as-estrelas","status":"publish","type":"post","link":"https:\/\/algarve7.pt\/index.php\/2026\/04\/tavira-convida-a-pedalar-e-caminhar-sob-as-estrelas\/desporto\/08\/45\/","title":{"rendered":"Tavira Convid\u2019a a Pedalar e Caminhar sob as estrelas"},"content":{"rendered":"\n<p>At\u00e9 junho, decorrem as iniciativas \u201cTavira Convid\u2019a Pedalar ao Luar\u201d e \u201cTodos a Caminhar sob as Estrelas\u201d, integradas no Programa de Promo\u00e7\u00e3o da Atividade F\u00edsica do Concelho de Tavira.<\/p>\n\n\n\n<p>Com partida e chegada na Pra\u00e7a da Rep\u00fablica, estas atividades realizam-se em per\u00edodo noturno, todas as quartas-feiras, proporcionando momentos de bem-estar e conv\u00edvio ao ar livre. O \u201cTavira Convid\u2019a Pedalar ao Luar\u201d tem in\u00edcio pelas 19h30, enquanto o \u201cTodos a Caminhar sob as Estrelas\u201d come\u00e7a \u00e0s 21h00.<\/p>\n\n\n\n<p>A participa\u00e7\u00e3o \u00e9 gratuita e aberta a todos os cidad\u00e3os, sendo que os menores dever\u00e3o estar acompanhados por um adulto. Recomenda-se o uso de colete refletor e ilumina\u00e7\u00e3o adequada.<\/p>\n\n\n\n<p>O Programa de Promo\u00e7\u00e3o da Atividade F\u00edsica do Concelho de Tavira \u00e9 promovido pela C\u00e2mara Municipal de Tavira, com dinamiza\u00e7\u00e3o da Casa do Povo de Santo Est\u00eav\u00e3o e Clube Bike Team Tavira.<\/p>\n","protected":false},"excerpt":{"rendered":"<p>At\u00e9 junho, decorrem as iniciativas \u201cTavira Convid\u2019a Pedalar ao Luar\u201d e \u201cTodos a Caminhar sob as Estrelas\u201d, integradas no Programa<\/p>\n","protected":false},"author":1,"featured_media":60822,"comment_status":"closed","ping_status":"closed","sticky":false,"template":"","format":"standard","meta":{"colormag_page_container_layout":"default_layout","colormag_page_sidebar_layout":"default_layout","_monsterinsights_skip_tracking":false,"_monsterinsights_sitenote_active":false,"_monsterinsights_sitenote_note":"","_monsterinsights_sitenote_category":0,"jetpack_post_was_ever_published":false,"_jetpack_newsletter_access":"","_jetpack_dont_email_post_to_subs":false,"_jetpack_newsletter_tier_id":0,"_jetpack_memberships_contains_paywalled_content":false,"_jetpack_memberships_contains_paid_content":false,"footnotes":"","jetpack_publicize_message":"","jetpack_publicize_feature_enabled":true,"jetpack_social_post_already_shared":true,"jetpack_social_options":{"image_generator_settings":{"template":"highway","default_image_id":0,"font":"","enabled":false},"version":2}},"categories":[15],"tags":[36,40,54],"class_list":["post-60821","post","type-post","status-publish","format-standard","has-post-thumbnail","hentry","category-desporto","tag-algarve","tag-desporto","tag-tavira"],"yoast_head":"<!-- This site is optimized with the Yoast SEO plugin v27.5 - https:\/\/yoast.com\/product\/yoast-seo-wordpress\/ -->\n<title>Tavira Convid\u2019a a Pedalar e Caminhar sob as estrelas - Algarve 7<\/title>\n<meta name=\"description\" content=\"Tavira Convid\u2019a a Pedalar e Caminhar sob as estrelas Desporto\" \/>\n<meta name=\"robots\" content=\"index, follow, max-snippet:-1, max-image-preview:large, max-video-preview:-1\" \/>\n<link rel=\"canonical\" href=\"https:\/\/algarve7.pt\/index.php\/2026\/04\/tavira-convida-a-pedalar-e-caminhar-sob-as-estrelas\/desporto\/08\/45\/\" \/>\n<meta property=\"og:locale\" content=\"pt_PT\" \/>\n<meta property=\"og:type\" content=\"article\" \/>\n<meta property=\"og:title\" content=\"Tavira Convid\u2019a a Pedalar e Caminhar sob as estrelas - Algarve 7\" \/>\n<meta property=\"og:description\" content=\"Tavira Convid\u2019a a Pedalar e Caminhar sob as estrelas Desporto\" \/>\n<meta property=\"og:url\" content=\"https:\/\/algarve7.pt\/index.php\/2026\/04\/tavira-convida-a-pedalar-e-caminhar-sob-as-estrelas\/desporto\/08\/45\/\" \/>\n<meta property=\"og:site_name\" content=\"Algarve 7\" \/>\n<meta property=\"article:publisher\" content=\"https:\/\/www.facebook.com\/algarve7\" \/>\n<meta property=\"article:author\" content=\"https:\/\/www.facebook.com\/algarve7\" \/>\n<meta property=\"article:published_time\" content=\"2026-04-08T07:45:00+00:00\" \/>\n<meta property=\"og:image\" content=\"https:\/\/algarve7.pt\/wp-content\/uploads\/2026\/04\/site_PEDALAR-E-todos-a-caminhar-imagem-unica.jpg\" \/>\n\t<meta property=\"og:image:width\" content=\"800\" \/>\n\t<meta property=\"og:image:height\" content=\"445\" \/>\n\t<meta property=\"og:image:type\" content=\"image\/jpeg\" \/>\n<meta name=\"author\" content=\"Algarve 7\" \/>\n<meta name=\"twitter:card\" content=\"summary_large_image\" \/>\n<meta name=\"twitter:creator\" content=\"@Algarvesete\" \/>\n<meta name=\"twitter:site\" content=\"@Algarvesete\" \/>\n<meta name=\"twitter:label1\" content=\"Escrito por\" \/>\n\t<meta name=\"twitter:data1\" content=\"Algarve 7\" \/>\n\t<meta name=\"twitter:label2\" content=\"Tempo estimado de leitura\" \/>\n\t<meta name=\"twitter:data2\" content=\"1 minuto\" \/>\n<script type=\"application\/ld+json\" class=\"yoast-schema-graph\">{\"@context\":\"https:\\\/\\\/schema.org\",\"@graph\":[{\"@type\":\"Article\",\"@id\":\"https:\\\/\\\/algarve7.pt\\\/index.php\\\/2026\\\/04\\\/tavira-convida-a-pedalar-e-caminhar-sob-as-estrelas\\\/desporto\\\/08\\\/45\\\/#article\",\"isPartOf\":{\"@id\":\"https:\\\/\\\/algarve7.pt\\\/index.php\\\/2026\\\/04\\\/tavira-convida-a-pedalar-e-caminhar-sob-as-estrelas\\\/desporto\\\/08\\\/45\\\/\"},\"author\":{\"name\":\"Algarve 7\",\"@id\":\"https:\\\/\\\/algarve7.pt\\\/#\\\/schema\\\/person\\\/23fa70681308e7b319a3204bcea45e0c\"},\"headline\":\"Tavira Convid\u2019a a Pedalar e Caminhar sob as estrelas\",\"datePublished\":\"2026-04-08T07:45:00+00:00\",\"mainEntityOfPage\":{\"@id\":\"https:\\\/\\\/algarve7.pt\\\/index.php\\\/2026\\\/04\\\/tavira-convida-a-pedalar-e-caminhar-sob-as-estrelas\\\/desporto\\\/08\\\/45\\\/\"},\"wordCount\":165,\"publisher\":{\"@id\":\"https:\\\/\\\/algarve7.pt\\\/#organization\"},\"image\":{\"@id\":\"https:\\\/\\\/algarve7.pt\\\/index.php\\\/2026\\\/04\\\/tavira-convida-a-pedalar-e-caminhar-sob-as-estrelas\\\/desporto\\\/08\\\/45\\\/#primaryimage\"},\"thumbnailUrl\":\"https:\\\/\\\/algarve7.pt\\\/wp-content\\\/uploads\\\/2026\\\/04\\\/site_PEDALAR-E-todos-a-caminhar-imagem-unica.jpg\",\"keywords\":[\"Algarve\",\"Desporto\",\"Tavira\"],\"articleSection\":[\"Desporto\"],\"inLanguage\":\"pt-PT\"},{\"@type\":\"WebPage\",\"@id\":\"https:\\\/\\\/algarve7.pt\\\/index.php\\\/2026\\\/04\\\/tavira-convida-a-pedalar-e-caminhar-sob-as-estrelas\\\/desporto\\\/08\\\/45\\\/\",\"url\":\"https:\\\/\\\/algarve7.pt\\\/index.php\\\/2026\\\/04\\\/tavira-convida-a-pedalar-e-caminhar-sob-as-estrelas\\\/desporto\\\/08\\\/45\\\/\",\"name\":\"Tavira Convid\u2019a a Pedalar e Caminhar sob as estrelas - Algarve 7\",\"isPartOf\":{\"@id\":\"https:\\\/\\\/algarve7.pt\\\/#website\"},\"primaryImageOfPage\":{\"@id\":\"https:\\\/\\\/algarve7.pt\\\/index.php\\\/2026\\\/04\\\/tavira-convida-a-pedalar-e-caminhar-sob-as-estrelas\\\/desporto\\\/08\\\/45\\\/#primaryimage\"},\"image\":{\"@id\":\"https:\\\/\\\/algarve7.pt\\\/index.php\\\/2026\\\/04\\\/tavira-convida-a-pedalar-e-caminhar-sob-as-estrelas\\\/desporto\\\/08\\\/45\\\/#primaryimage\"},\"thumbnailUrl\":\"https:\\\/\\\/algarve7.pt\\\/wp-content\\\/uploads\\\/2026\\\/04\\\/site_PEDALAR-E-todos-a-caminhar-imagem-unica.jpg\",\"datePublished\":\"2026-04-08T07:45:00+00:00\",\"description\":\"Tavira Convid\u2019a a Pedalar e Caminhar sob as estrelas Desporto\",\"breadcrumb\":{\"@id\":\"https:\\\/\\\/algarve7.pt\\\/index.php\\\/2026\\\/04\\\/tavira-convida-a-pedalar-e-caminhar-sob-as-estrelas\\\/desporto\\\/08\\\/45\\\/#breadcrumb\"},\"inLanguage\":\"pt-PT\",\"potentialAction\":[{\"@type\":\"ReadAction\",\"target\":[\"https:\\\/\\\/algarve7.pt\\\/index.php\\\/2026\\\/04\\\/tavira-convida-a-pedalar-e-caminhar-sob-as-estrelas\\\/desporto\\\/08\\\/45\\\/\"]}]},{\"@type\":\"ImageObject\",\"inLanguage\":\"pt-PT\",\"@id\":\"https:\\\/\\\/algarve7.pt\\\/index.php\\\/2026\\\/04\\\/tavira-convida-a-pedalar-e-caminhar-sob-as-estrelas\\\/desporto\\\/08\\\/45\\\/#primaryimage\",\"url\":\"https:\\\/\\\/algarve7.pt\\\/wp-content\\\/uploads\\\/2026\\\/04\\\/site_PEDALAR-E-todos-a-caminhar-imagem-unica.jpg\",\"contentUrl\":\"https:\\\/\\\/algarve7.pt\\\/wp-content\\\/uploads\\\/2026\\\/04\\\/site_PEDALAR-E-todos-a-caminhar-imagem-unica.jpg\",\"width\":800,\"height\":445},{\"@type\":\"BreadcrumbList\",\"@id\":\"https:\\\/\\\/algarve7.pt\\\/index.php\\\/2026\\\/04\\\/tavira-convida-a-pedalar-e-caminhar-sob-as-estrelas\\\/desporto\\\/08\\\/45\\\/#breadcrumb\",\"itemListElement\":[{\"@type\":\"ListItem\",\"position\":1,\"name\":\"In\u00edcio\",\"item\":\"https:\\\/\\\/algarve7.pt\\\/\"},{\"@type\":\"ListItem\",\"position\":2,\"name\":\"Tavira Convid\u2019a a Pedalar e Caminhar sob as estrelas\"}]},{\"@type\":\"WebSite\",\"@id\":\"https:\\\/\\\/algarve7.pt\\\/#website\",\"url\":\"https:\\\/\\\/algarve7.pt\\\/\",\"name\":\"Algarve 7\",\"description\":\"Informa\u00e7\u00e3o sobre o Algarve\",\"publisher\":{\"@id\":\"https:\\\/\\\/algarve7.pt\\\/#organization\"},\"potentialAction\":[{\"@type\":\"SearchAction\",\"target\":{\"@type\":\"EntryPoint\",\"urlTemplate\":\"https:\\\/\\\/algarve7.pt\\\/?s={search_term_string}\"},\"query-input\":{\"@type\":\"PropertyValueSpecification\",\"valueRequired\":true,\"valueName\":\"search_term_string\"}}],\"inLanguage\":\"pt-PT\"},{\"@type\":\"Organization\",\"@id\":\"https:\\\/\\\/algarve7.pt\\\/#organization\",\"name\":\"Algarve 7\",\"url\":\"https:\\\/\\\/algarve7.pt\\\/\",\"logo\":{\"@type\":\"ImageObject\",\"inLanguage\":\"pt-PT\",\"@id\":\"https:\\\/\\\/algarve7.pt\\\/#\\\/schema\\\/logo\\\/image\\\/\",\"url\":\"https:\\\/\\\/algarve7.pt\\\/wp-content\\\/uploads\\\/2020\\\/10\\\/Logo-8.jpg\",\"contentUrl\":\"https:\\\/\\\/algarve7.pt\\\/wp-content\\\/uploads\\\/2020\\\/10\\\/Logo-8.jpg\",\"width\":1680,\"height\":1186,\"caption\":\"Algarve 7\"},\"image\":{\"@id\":\"https:\\\/\\\/algarve7.pt\\\/#\\\/schema\\\/logo\\\/image\\\/\"},\"sameAs\":[\"https:\\\/\\\/www.facebook.com\\\/algarve7\",\"https:\\\/\\\/x.com\\\/Algarvesete\",\"https:\\\/\\\/www.instagram.com\\\/jornalalgarve7\\\/\",\"https:\\\/\\\/www.linkedin.com\\\/company\\\/algarve7\",\"https:\\\/\\\/www.pinterest.pt\\\/geral0939\\\/_created\\\/\"]},{\"@type\":\"Person\",\"@id\":\"https:\\\/\\\/algarve7.pt\\\/#\\\/schema\\\/person\\\/23fa70681308e7b319a3204bcea45e0c\",\"name\":\"Algarve 7\",\"sameAs\":[\"https:\\\/\\\/algarve7.pt\",\"https:\\\/\\\/www.facebook.com\\\/algarve7\"],\"url\":\"https:\\\/\\\/algarve7.pt\\\/index.php\\\/author\\\/geralalgarve7-pt\\\/\"}]}<\/script>\n<!-- \/ Yoast SEO plugin. -->","yoast_head_json":{"title":"Tavira Convid\u2019a a Pedalar e Caminhar sob as estrelas - Algarve 7","description":"Tavira Convid\u2019a a Pedalar e Caminhar sob as estrelas Desporto","robots":{"index":"index","follow":"follow","max-snippet":"max-snippet:-1","max-image-preview":"max-image-preview:large","max-video-preview":"max-video-preview:-1"},"canonical":"https:\/\/algarve7.pt\/index.php\/2026\/04\/tavira-convida-a-pedalar-e-caminhar-sob-as-estrelas\/desporto\/08\/45\/","og_locale":"pt_PT","og_type":"article","og_title":"Tavira Convid\u2019a a Pedalar e Caminhar sob as estrelas - Algarve 7","og_description":"Tavira Convid\u2019a a Pedalar e Caminhar sob as estrelas Desporto","og_url":"https:\/\/algarve7.pt\/index.php\/2026\/04\/tavira-convida-a-pedalar-e-caminhar-sob-as-estrelas\/desporto\/08\/45\/","og_site_name":"Algarve 7","article_publisher":"https:\/\/www.facebook.com\/algarve7","article_author":"https:\/\/www.facebook.com\/algarve7","article_published_time":"2026-04-08T07:45:00+00:00","og_image":[{"width":800,"height":445,"url":"https:\/\/algarve7.pt\/wp-content\/uploads\/2026\/04\/site_PEDALAR-E-todos-a-caminhar-imagem-unica.jpg","type":"image\/jpeg"}],"author":"Algarve 7","twitter_card":"summary_large_image","twitter_creator":"@Algarvesete","twitter_site":"@Algarvesete","twitter_misc":{"Escrito por":"Algarve 7","Tempo estimado de leitura":"1 minuto"},"schema":{"@context":"https:\/\/schema.org","@graph":[{"@type":"Article","@id":"https:\/\/algarve7.pt\/index.php\/2026\/04\/tavira-convida-a-pedalar-e-caminhar-sob-as-estrelas\/desporto\/08\/45\/#article","isPartOf":{"@id":"https:\/\/algarve7.pt\/index.php\/2026\/04\/tavira-convida-a-pedalar-e-caminhar-sob-as-estrelas\/desporto\/08\/45\/"},"author":{"name":"Algarve 7","@id":"https:\/\/algarve7.pt\/#\/schema\/person\/23fa70681308e7b319a3204bcea45e0c"},"headline":"Tavira Convid\u2019a a Pedalar e Caminhar sob as estrelas","datePublished":"2026-04-08T07:45:00+00:00","mainEntityOfPage":{"@id":"https:\/\/algarve7.pt\/index.php\/2026\/04\/tavira-convida-a-pedalar-e-caminhar-sob-as-estrelas\/desporto\/08\/45\/"},"wordCount":165,"publisher":{"@id":"https:\/\/algarve7.pt\/#organization"},"image":{"@id":"https:\/\/algarve7.pt\/index.php\/2026\/04\/tavira-convida-a-pedalar-e-caminhar-sob-as-estrelas\/desporto\/08\/45\/#primaryimage"},"thumbnailUrl":"https:\/\/algarve7.pt\/wp-content\/uploads\/2026\/04\/site_PEDALAR-E-todos-a-caminhar-imagem-unica.jpg","keywords":["Algarve","Desporto","Tavira"],"articleSection":["Desporto"],"inLanguage":"pt-PT"},{"@type":"WebPage","@id":"https:\/\/algarve7.pt\/index.php\/2026\/04\/tavira-convida-a-pedalar-e-caminhar-sob-as-estrelas\/desporto\/08\/45\/","url":"https:\/\/algarve7.pt\/index.php\/2026\/04\/tavira-convida-a-pedalar-e-caminhar-sob-as-estrelas\/desporto\/08\/45\/","name":"Tavira Convid\u2019a a Pedalar e Caminhar sob as estrelas - Algarve 7","isPartOf":{"@id":"https:\/\/algarve7.pt\/#website"},"primaryImageOfPage":{"@id":"https:\/\/algarve7.pt\/index.php\/2026\/04\/tavira-convida-a-pedalar-e-caminhar-sob-as-estrelas\/desporto\/08\/45\/#primaryimage"},"image":{"@id":"https:\/\/algarve7.pt\/index.php\/2026\/04\/tavira-convida-a-pedalar-e-caminhar-sob-as-estrelas\/desporto\/08\/45\/#primaryimage"},"thumbnailUrl":"https:\/\/algarve7.pt\/wp-content\/uploads\/2026\/04\/site_PEDALAR-E-todos-a-caminhar-imagem-unica.jpg","datePublished":"2026-04-08T07:45:00+00:00","description":"Tavira Convid\u2019a a Pedalar e Caminhar sob as estrelas Desporto","breadcrumb":{"@id":"https:\/\/algarve7.pt\/index.php\/2026\/04\/tavira-convida-a-pedalar-e-caminhar-sob-as-estrelas\/desporto\/08\/45\/#breadcrumb"},"inLanguage":"pt-PT","potentialAction":[{"@type":"ReadAction","target":["https:\/\/algarve7.pt\/index.php\/2026\/04\/tavira-convida-a-pedalar-e-caminhar-sob-as-estrelas\/desporto\/08\/45\/"]}]},{"@type":"ImageObject","inLanguage":"pt-PT","@id":"https:\/\/algarve7.pt\/index.php\/2026\/04\/tavira-convida-a-pedalar-e-caminhar-sob-as-estrelas\/desporto\/08\/45\/#primaryimage","url":"https:\/\/algarve7.pt\/wp-content\/uploads\/2026\/04\/site_PEDALAR-E-todos-a-caminhar-imagem-unica.jpg","contentUrl":"https:\/\/algarve7.pt\/wp-content\/uploads\/2026\/04\/site_PEDALAR-E-todos-a-caminhar-imagem-unica.jpg","width":800,"height":445},{"@type":"BreadcrumbList","@id":"https:\/\/algarve7.pt\/index.php\/2026\/04\/tavira-convida-a-pedalar-e-caminhar-sob-as-estrelas\/desporto\/08\/45\/#breadcrumb","itemListElement":[{"@type":"ListItem","position":1,"name":"In\u00edcio","item":"https:\/\/algarve7.pt\/"},{"@type":"ListItem","position":2,"name":"Tavira Convid\u2019a a Pedalar e Caminhar sob as estrelas"}]},{"@type":"WebSite","@id":"https:\/\/algarve7.pt\/#website","url":"https:\/\/algarve7.pt\/","name":"Algarve 7","description":"Informa\u00e7\u00e3o sobre o Algarve","publisher":{"@id":"https:\/\/algarve7.pt\/#organization"},"potentialAction":[{"@type":"SearchAction","target":{"@type":"EntryPoint","urlTemplate":"https:\/\/algarve7.pt\/?s={search_term_string}"},"query-input":{"@type":"PropertyValueSpecification","valueRequired":true,"valueName":"search_term_string"}}],"inLanguage":"pt-PT"},{"@type":"Organization","@id":"https:\/\/algarve7.pt\/#organization","name":"Algarve 7","url":"https:\/\/algarve7.pt\/","logo":{"@type":"ImageObject","inLanguage":"pt-PT","@id":"https:\/\/algarve7.pt\/#\/schema\/logo\/image\/","url":"https:\/\/algarve7.pt\/wp-content\/uploads\/2020\/10\/Logo-8.jpg","contentUrl":"https:\/\/algarve7.pt\/wp-content\/uploads\/2020\/10\/Logo-8.jpg","width":1680,"height":1186,"caption":"Algarve 7"},"image":{"@id":"https:\/\/algarve7.pt\/#\/schema\/logo\/image\/"},"sameAs":["https:\/\/www.facebook.com\/algarve7","https:\/\/x.com\/Algarvesete","https:\/\/www.instagram.com\/jornalalgarve7\/","https:\/\/www.linkedin.com\/company\/algarve7","https:\/\/www.pinterest.pt\/geral0939\/_created\/"]},{"@type":"Person","@id":"https:\/\/algarve7.pt\/#\/schema\/person\/23fa70681308e7b319a3204bcea45e0c","name":"Algarve 7","sameAs":["https:\/\/algarve7.pt","https:\/\/www.facebook.com\/algarve7"],"url":"https:\/\/algarve7.pt\/index.php\/author\/geralalgarve7-pt\/"}]}},"jetpack_publicize_connections":[],"jetpack_featured_media_url":"https:\/\/algarve7.pt\/wp-content\/uploads\/2026\/04\/site_PEDALAR-E-todos-a-caminhar-imagem-unica.jpg","jetpack_shortlink":"https:\/\/wp.me\/pcezmW-fOZ","jetpack_sharing_enabled":true,"_links":{"self":[{"href":"https:\/\/algarve7.pt\/index.php\/wp-json\/wp\/v2\/posts\/60821","targetHints":{"allow":["GET"]}}],"collection":[{"href":"https:\/\/algarve7.pt\/index.php\/wp-json\/wp\/v2\/posts"}],"about":[{"href":"https:\/\/algarve7.pt\/index.php\/wp-json\/wp\/v2\/types\/post"}],"author":[{"embeddable":true,"href":"https:\/\/algarve7.pt\/index.php\/wp-json\/wp\/v2\/users\/1"}],"replies":[{"embeddable":true,"href":"https:\/\/algarve7.pt\/index.php\/wp-json\/wp\/v2\/comments?post=60821"}],"version-history":[{"count":0,"href":"https:\/\/algarve7.pt\/index.php\/wp-json\/wp\/v2\/posts\/60821\/revisions"}],"wp:featuredmedia":[{"embeddable":true,"href":"https:\/\/algarve7.pt\/index.php\/wp-json\/wp\/v2\/media\/60822"}],"wp:attachment":[{"href":"https:\/\/algarve7.pt\/index.php\/wp-json\/wp\/v2\/media?parent=60821"}],"wp:term":[{"taxonomy":"category","embeddable":true,"href":"https:\/\/algarve7.pt\/index.php\/wp-json\/wp\/v2\/categories?post=60821"},{"taxonomy":"post_tag","embeddable":true,"href":"https:\/\/algarve7.pt\/index.php\/wp-json\/wp\/v2\/tags?post=60821"}],"curies":[{"name":"wp","href":"https:\/\/api.w.org\/{rel}","templated":true}]}}