{"id":60818,"date":"2026-04-08T08:30:00","date_gmt":"2026-04-08T07:30:00","guid":{"rendered":"https:\/\/algarve7.pt\/?p=60818"},"modified":"2026-04-07T14:48:01","modified_gmt":"2026-04-07T13:48:01","slug":"guiao-para-um-pais-possivel-de-sara-barros-leitao-no-teatro-municipal-antonio-pinheiro","status":"publish","type":"post","link":"https:\/\/algarve7.pt\/index.php\/2026\/04\/guiao-para-um-pais-possivel-de-sara-barros-leitao-no-teatro-municipal-antonio-pinheiro\/cultura\/08\/30\/","title":{"rendered":"\u201cGui\u00e3o para um pa\u00eds poss\u00edvel\u201d, de Sara Barros Leit\u00e3o, no Teatro Municipal Ant\u00f3nio Pinheiro"},"content":{"rendered":"\n<p>O Teatro Municipal Ant\u00f3nio Pinheiro recebe, no pr\u00f3ximo dia 11 de abril, o espet\u00e1culo \u201cGui\u00e3o para um pa\u00eds poss\u00edvel\u201d, com dramaturgia e encena\u00e7\u00e3o de Sara Barros Leit\u00e3o.<\/p>\n\n\n\n<p>No cora\u00e7\u00e3o do parlamento portugu\u00eas existe um lugar discreto, quase invis\u00edvel: uma secret\u00e1ria isolada entre as bancadas dos deputados e a tribuna do Governo. \u00c9 a\u00ed que dois funcion\u00e1rios registam, palavra a palavra, tudo o que acontece \u2014 discursos, interven\u00e7\u00f5es, apartes, gestos e momentos de tens\u00e3o.<\/p>\n\n\n\n<p>Ao longo de d\u00e9cadas, esse trabalho deu origem a centenas de milhares de p\u00e1ginas que documentam a hist\u00f3ria viva da democracia portuguesa: debates marcantes, assembleias constituintes, vota\u00e7\u00f5es decisivas e os avan\u00e7os e recuos nos direitos sociais, laborais e humanos.<\/p>\n\n\n\n<p>\u00c9 a partir deste vasto arquivo que nasce \u201cGui\u00e3o para um pa\u00eds poss\u00edvel\u201d, um espet\u00e1culo que revisita os \u00faltimos cinquenta anos da democracia em Portugal, propondo uma reflex\u00e3o sobre o passado e o futuro coletivo.<\/p>\n\n\n\n<p>Em palco, Jo\u00e3o Melo e Margarida Carvalho d\u00e3o corpo a esta cria\u00e7\u00e3o, que convida o p\u00fablico a escutar o passado para imaginar, em conjunto, o pa\u00eds que ainda \u00e9 poss\u00edvel construir.<\/p>\n\n\n\n<p>Bilhetes dispon\u00edveis na bilheteira do Teatro Municipal Ant\u00f3nio Pinheiro e online em\u00a0<a href=\"http:\/\/tm-antoniopinheiro.bol.pt\" type=\"link\" id=\"tm-antoniopinheiro.bol.pt\" target=\"_blank\" rel=\"noreferrer noopener\">tm-antoniopinheiro.bol.pt<\/a><\/p>\n","protected":false},"excerpt":{"rendered":"<p>O Teatro Municipal Ant\u00f3nio Pinheiro recebe, no pr\u00f3ximo dia 11 de abril, o espet\u00e1culo \u201cGui\u00e3o para um pa\u00eds poss\u00edvel\u201d, com<\/p>\n","protected":false},"author":1,"featured_media":60819,"comment_status":"closed","ping_status":"closed","sticky":false,"template":"","format":"standard","meta":{"colormag_page_container_layout":"default_layout","colormag_page_sidebar_layout":"default_layout","_monsterinsights_skip_tracking":false,"_monsterinsights_sitenote_active":false,"_monsterinsights_sitenote_note":"","_monsterinsights_sitenote_category":0,"jetpack_post_was_ever_published":false,"_jetpack_newsletter_access":"","_jetpack_dont_email_post_to_subs":false,"_jetpack_newsletter_tier_id":0,"_jetpack_memberships_contains_paywalled_content":false,"_jetpack_memberships_contains_paid_content":false,"footnotes":"","jetpack_publicize_message":"","jetpack_publicize_feature_enabled":true,"jetpack_social_post_already_shared":true,"jetpack_social_options":{"image_generator_settings":{"template":"highway","default_image_id":0,"font":"","enabled":false},"version":2}},"categories":[14],"tags":[36,35,54],"class_list":["post-60818","post","type-post","status-publish","format-standard","has-post-thumbnail","hentry","category-cultura","tag-algarve","tag-cultura","tag-tavira"],"yoast_head":"<!-- This site is optimized with the Yoast SEO plugin v27.5 - https:\/\/yoast.com\/product\/yoast-seo-wordpress\/ -->\n<title>\u201cGui\u00e3o para um pa\u00eds poss\u00edvel\u201d, de Sara Barros Leit\u00e3o, no Teatro Municipal Ant\u00f3nio Pinheiro - Algarve 7<\/title>\n<meta name=\"description\" content=\"\u201cGui\u00e3o para um pa\u00eds poss\u00edvel\u201d, de Sara Barros Leit\u00e3o, no Teatro Municipal Ant\u00f3nio Pinheiro Cultura\" \/>\n<meta name=\"robots\" content=\"index, follow, max-snippet:-1, max-image-preview:large, max-video-preview:-1\" \/>\n<link rel=\"canonical\" href=\"https:\/\/algarve7.pt\/index.php\/2026\/04\/guiao-para-um-pais-possivel-de-sara-barros-leitao-no-teatro-municipal-antonio-pinheiro\/cultura\/08\/30\/\" \/>\n<meta property=\"og:locale\" content=\"pt_PT\" \/>\n<meta property=\"og:type\" content=\"article\" \/>\n<meta property=\"og:title\" content=\"\u201cGui\u00e3o para um pa\u00eds poss\u00edvel\u201d, de Sara Barros Leit\u00e3o, no Teatro Municipal Ant\u00f3nio Pinheiro - Algarve 7\" \/>\n<meta property=\"og:description\" content=\"\u201cGui\u00e3o para um pa\u00eds poss\u00edvel\u201d, de Sara Barros Leit\u00e3o, no Teatro Municipal Ant\u00f3nio Pinheiro Cultura\" \/>\n<meta property=\"og:url\" content=\"https:\/\/algarve7.pt\/index.php\/2026\/04\/guiao-para-um-pais-possivel-de-sara-barros-leitao-no-teatro-municipal-antonio-pinheiro\/cultura\/08\/30\/\" \/>\n<meta property=\"og:site_name\" content=\"Algarve 7\" \/>\n<meta property=\"article:publisher\" content=\"https:\/\/www.facebook.com\/algarve7\" \/>\n<meta property=\"article:author\" content=\"https:\/\/www.facebook.com\/algarve7\" \/>\n<meta property=\"article:published_time\" content=\"2026-04-08T07:30:00+00:00\" \/>\n<meta property=\"og:image\" content=\"https:\/\/algarve7.pt\/wp-content\/uploads\/2026\/04\/Guiao-para-um-pais-possivel-site.jpg\" \/>\n\t<meta property=\"og:image:width\" content=\"800\" \/>\n\t<meta property=\"og:image:height\" content=\"445\" \/>\n\t<meta property=\"og:image:type\" content=\"image\/jpeg\" \/>\n<meta name=\"author\" content=\"Algarve 7\" \/>\n<meta name=\"twitter:card\" content=\"summary_large_image\" \/>\n<meta name=\"twitter:creator\" content=\"@Algarvesete\" \/>\n<meta name=\"twitter:site\" content=\"@Algarvesete\" \/>\n<meta name=\"twitter:label1\" content=\"Escrito por\" \/>\n\t<meta name=\"twitter:data1\" content=\"Algarve 7\" \/>\n\t<meta name=\"twitter:label2\" content=\"Tempo estimado de leitura\" \/>\n\t<meta name=\"twitter:data2\" content=\"2 minutos\" \/>\n<script type=\"application\/ld+json\" class=\"yoast-schema-graph\">{\"@context\":\"https:\\\/\\\/schema.org\",\"@graph\":[{\"@type\":\"Article\",\"@id\":\"https:\\\/\\\/algarve7.pt\\\/index.php\\\/2026\\\/04\\\/guiao-para-um-pais-possivel-de-sara-barros-leitao-no-teatro-municipal-antonio-pinheiro\\\/cultura\\\/08\\\/30\\\/#article\",\"isPartOf\":{\"@id\":\"https:\\\/\\\/algarve7.pt\\\/index.php\\\/2026\\\/04\\\/guiao-para-um-pais-possivel-de-sara-barros-leitao-no-teatro-municipal-antonio-pinheiro\\\/cultura\\\/08\\\/30\\\/\"},\"author\":{\"name\":\"Algarve 7\",\"@id\":\"https:\\\/\\\/algarve7.pt\\\/#\\\/schema\\\/person\\\/23fa70681308e7b319a3204bcea45e0c\"},\"headline\":\"\u201cGui\u00e3o para um pa\u00eds poss\u00edvel\u201d, de Sara Barros Leit\u00e3o, no Teatro Municipal Ant\u00f3nio Pinheiro\",\"datePublished\":\"2026-04-08T07:30:00+00:00\",\"mainEntityOfPage\":{\"@id\":\"https:\\\/\\\/algarve7.pt\\\/index.php\\\/2026\\\/04\\\/guiao-para-um-pais-possivel-de-sara-barros-leitao-no-teatro-municipal-antonio-pinheiro\\\/cultura\\\/08\\\/30\\\/\"},\"wordCount\":240,\"publisher\":{\"@id\":\"https:\\\/\\\/algarve7.pt\\\/#organization\"},\"image\":{\"@id\":\"https:\\\/\\\/algarve7.pt\\\/index.php\\\/2026\\\/04\\\/guiao-para-um-pais-possivel-de-sara-barros-leitao-no-teatro-municipal-antonio-pinheiro\\\/cultura\\\/08\\\/30\\\/#primaryimage\"},\"thumbnailUrl\":\"https:\\\/\\\/algarve7.pt\\\/wp-content\\\/uploads\\\/2026\\\/04\\\/Guiao-para-um-pais-possivel-site.jpg\",\"keywords\":[\"Algarve\",\"Cultura\",\"Tavira\"],\"articleSection\":[\"Cultura\"],\"inLanguage\":\"pt-PT\"},{\"@type\":\"WebPage\",\"@id\":\"https:\\\/\\\/algarve7.pt\\\/index.php\\\/2026\\\/04\\\/guiao-para-um-pais-possivel-de-sara-barros-leitao-no-teatro-municipal-antonio-pinheiro\\\/cultura\\\/08\\\/30\\\/\",\"url\":\"https:\\\/\\\/algarve7.pt\\\/index.php\\\/2026\\\/04\\\/guiao-para-um-pais-possivel-de-sara-barros-leitao-no-teatro-municipal-antonio-pinheiro\\\/cultura\\\/08\\\/30\\\/\",\"name\":\"\u201cGui\u00e3o para um pa\u00eds poss\u00edvel\u201d, de Sara Barros Leit\u00e3o, no Teatro Municipal Ant\u00f3nio Pinheiro - Algarve 7\",\"isPartOf\":{\"@id\":\"https:\\\/\\\/algarve7.pt\\\/#website\"},\"primaryImageOfPage\":{\"@id\":\"https:\\\/\\\/algarve7.pt\\\/index.php\\\/2026\\\/04\\\/guiao-para-um-pais-possivel-de-sara-barros-leitao-no-teatro-municipal-antonio-pinheiro\\\/cultura\\\/08\\\/30\\\/#primaryimage\"},\"image\":{\"@id\":\"https:\\\/\\\/algarve7.pt\\\/index.php\\\/2026\\\/04\\\/guiao-para-um-pais-possivel-de-sara-barros-leitao-no-teatro-municipal-antonio-pinheiro\\\/cultura\\\/08\\\/30\\\/#primaryimage\"},\"thumbnailUrl\":\"https:\\\/\\\/algarve7.pt\\\/wp-content\\\/uploads\\\/2026\\\/04\\\/Guiao-para-um-pais-possivel-site.jpg\",\"datePublished\":\"2026-04-08T07:30:00+00:00\",\"description\":\"\u201cGui\u00e3o para um pa\u00eds poss\u00edvel\u201d, de Sara Barros Leit\u00e3o, no Teatro Municipal Ant\u00f3nio Pinheiro Cultura\",\"breadcrumb\":{\"@id\":\"https:\\\/\\\/algarve7.pt\\\/index.php\\\/2026\\\/04\\\/guiao-para-um-pais-possivel-de-sara-barros-leitao-no-teatro-municipal-antonio-pinheiro\\\/cultura\\\/08\\\/30\\\/#breadcrumb\"},\"inLanguage\":\"pt-PT\",\"potentialAction\":[{\"@type\":\"ReadAction\",\"target\":[\"https:\\\/\\\/algarve7.pt\\\/index.php\\\/2026\\\/04\\\/guiao-para-um-pais-possivel-de-sara-barros-leitao-no-teatro-municipal-antonio-pinheiro\\\/cultura\\\/08\\\/30\\\/\"]}]},{\"@type\":\"ImageObject\",\"inLanguage\":\"pt-PT\",\"@id\":\"https:\\\/\\\/algarve7.pt\\\/index.php\\\/2026\\\/04\\\/guiao-para-um-pais-possivel-de-sara-barros-leitao-no-teatro-municipal-antonio-pinheiro\\\/cultura\\\/08\\\/30\\\/#primaryimage\",\"url\":\"https:\\\/\\\/algarve7.pt\\\/wp-content\\\/uploads\\\/2026\\\/04\\\/Guiao-para-um-pais-possivel-site.jpg\",\"contentUrl\":\"https:\\\/\\\/algarve7.pt\\\/wp-content\\\/uploads\\\/2026\\\/04\\\/Guiao-para-um-pais-possivel-site.jpg\",\"width\":800,\"height\":445},{\"@type\":\"BreadcrumbList\",\"@id\":\"https:\\\/\\\/algarve7.pt\\\/index.php\\\/2026\\\/04\\\/guiao-para-um-pais-possivel-de-sara-barros-leitao-no-teatro-municipal-antonio-pinheiro\\\/cultura\\\/08\\\/30\\\/#breadcrumb\",\"itemListElement\":[{\"@type\":\"ListItem\",\"position\":1,\"name\":\"In\u00edcio\",\"item\":\"https:\\\/\\\/algarve7.pt\\\/\"},{\"@type\":\"ListItem\",\"position\":2,\"name\":\"\u201cGui\u00e3o para um pa\u00eds poss\u00edvel\u201d, de Sara Barros Leit\u00e3o, no Teatro Municipal Ant\u00f3nio Pinheiro\"}]},{\"@type\":\"WebSite\",\"@id\":\"https:\\\/\\\/algarve7.pt\\\/#website\",\"url\":\"https:\\\/\\\/algarve7.pt\\\/\",\"name\":\"Algarve 7\",\"description\":\"Informa\u00e7\u00e3o sobre o Algarve\",\"publisher\":{\"@id\":\"https:\\\/\\\/algarve7.pt\\\/#organization\"},\"potentialAction\":[{\"@type\":\"SearchAction\",\"target\":{\"@type\":\"EntryPoint\",\"urlTemplate\":\"https:\\\/\\\/algarve7.pt\\\/?s={search_term_string}\"},\"query-input\":{\"@type\":\"PropertyValueSpecification\",\"valueRequired\":true,\"valueName\":\"search_term_string\"}}],\"inLanguage\":\"pt-PT\"},{\"@type\":\"Organization\",\"@id\":\"https:\\\/\\\/algarve7.pt\\\/#organization\",\"name\":\"Algarve 7\",\"url\":\"https:\\\/\\\/algarve7.pt\\\/\",\"logo\":{\"@type\":\"ImageObject\",\"inLanguage\":\"pt-PT\",\"@id\":\"https:\\\/\\\/algarve7.pt\\\/#\\\/schema\\\/logo\\\/image\\\/\",\"url\":\"https:\\\/\\\/algarve7.pt\\\/wp-content\\\/uploads\\\/2020\\\/10\\\/Logo-8.jpg\",\"contentUrl\":\"https:\\\/\\\/algarve7.pt\\\/wp-content\\\/uploads\\\/2020\\\/10\\\/Logo-8.jpg\",\"width\":1680,\"height\":1186,\"caption\":\"Algarve 7\"},\"image\":{\"@id\":\"https:\\\/\\\/algarve7.pt\\\/#\\\/schema\\\/logo\\\/image\\\/\"},\"sameAs\":[\"https:\\\/\\\/www.facebook.com\\\/algarve7\",\"https:\\\/\\\/x.com\\\/Algarvesete\",\"https:\\\/\\\/www.instagram.com\\\/jornalalgarve7\\\/\",\"https:\\\/\\\/www.linkedin.com\\\/company\\\/algarve7\",\"https:\\\/\\\/www.pinterest.pt\\\/geral0939\\\/_created\\\/\"]},{\"@type\":\"Person\",\"@id\":\"https:\\\/\\\/algarve7.pt\\\/#\\\/schema\\\/person\\\/23fa70681308e7b319a3204bcea45e0c\",\"name\":\"Algarve 7\",\"sameAs\":[\"https:\\\/\\\/algarve7.pt\",\"https:\\\/\\\/www.facebook.com\\\/algarve7\"],\"url\":\"https:\\\/\\\/algarve7.pt\\\/index.php\\\/author\\\/geralalgarve7-pt\\\/\"}]}<\/script>\n<!-- \/ Yoast SEO plugin. -->","yoast_head_json":{"title":"\u201cGui\u00e3o para um pa\u00eds poss\u00edvel\u201d, de Sara Barros Leit\u00e3o, no Teatro Municipal Ant\u00f3nio Pinheiro - Algarve 7","description":"\u201cGui\u00e3o para um pa\u00eds poss\u00edvel\u201d, de Sara Barros Leit\u00e3o, no Teatro Municipal Ant\u00f3nio Pinheiro Cultura","robots":{"index":"index","follow":"follow","max-snippet":"max-snippet:-1","max-image-preview":"max-image-preview:large","max-video-preview":"max-video-preview:-1"},"canonical":"https:\/\/algarve7.pt\/index.php\/2026\/04\/guiao-para-um-pais-possivel-de-sara-barros-leitao-no-teatro-municipal-antonio-pinheiro\/cultura\/08\/30\/","og_locale":"pt_PT","og_type":"article","og_title":"\u201cGui\u00e3o para um pa\u00eds poss\u00edvel\u201d, de Sara Barros Leit\u00e3o, no Teatro Municipal Ant\u00f3nio Pinheiro - Algarve 7","og_description":"\u201cGui\u00e3o para um pa\u00eds poss\u00edvel\u201d, de Sara Barros Leit\u00e3o, no Teatro Municipal Ant\u00f3nio Pinheiro Cultura","og_url":"https:\/\/algarve7.pt\/index.php\/2026\/04\/guiao-para-um-pais-possivel-de-sara-barros-leitao-no-teatro-municipal-antonio-pinheiro\/cultura\/08\/30\/","og_site_name":"Algarve 7","article_publisher":"https:\/\/www.facebook.com\/algarve7","article_author":"https:\/\/www.facebook.com\/algarve7","article_published_time":"2026-04-08T07:30:00+00:00","og_image":[{"width":800,"height":445,"url":"https:\/\/algarve7.pt\/wp-content\/uploads\/2026\/04\/Guiao-para-um-pais-possivel-site.jpg","type":"image\/jpeg"}],"author":"Algarve 7","twitter_card":"summary_large_image","twitter_creator":"@Algarvesete","twitter_site":"@Algarvesete","twitter_misc":{"Escrito por":"Algarve 7","Tempo estimado de leitura":"2 minutos"},"schema":{"@context":"https:\/\/schema.org","@graph":[{"@type":"Article","@id":"https:\/\/algarve7.pt\/index.php\/2026\/04\/guiao-para-um-pais-possivel-de-sara-barros-leitao-no-teatro-municipal-antonio-pinheiro\/cultura\/08\/30\/#article","isPartOf":{"@id":"https:\/\/algarve7.pt\/index.php\/2026\/04\/guiao-para-um-pais-possivel-de-sara-barros-leitao-no-teatro-municipal-antonio-pinheiro\/cultura\/08\/30\/"},"author":{"name":"Algarve 7","@id":"https:\/\/algarve7.pt\/#\/schema\/person\/23fa70681308e7b319a3204bcea45e0c"},"headline":"\u201cGui\u00e3o para um pa\u00eds poss\u00edvel\u201d, de Sara Barros Leit\u00e3o, no Teatro Municipal Ant\u00f3nio Pinheiro","datePublished":"2026-04-08T07:30:00+00:00","mainEntityOfPage":{"@id":"https:\/\/algarve7.pt\/index.php\/2026\/04\/guiao-para-um-pais-possivel-de-sara-barros-leitao-no-teatro-municipal-antonio-pinheiro\/cultura\/08\/30\/"},"wordCount":240,"publisher":{"@id":"https:\/\/algarve7.pt\/#organization"},"image":{"@id":"https:\/\/algarve7.pt\/index.php\/2026\/04\/guiao-para-um-pais-possivel-de-sara-barros-leitao-no-teatro-municipal-antonio-pinheiro\/cultura\/08\/30\/#primaryimage"},"thumbnailUrl":"https:\/\/algarve7.pt\/wp-content\/uploads\/2026\/04\/Guiao-para-um-pais-possivel-site.jpg","keywords":["Algarve","Cultura","Tavira"],"articleSection":["Cultura"],"inLanguage":"pt-PT"},{"@type":"WebPage","@id":"https:\/\/algarve7.pt\/index.php\/2026\/04\/guiao-para-um-pais-possivel-de-sara-barros-leitao-no-teatro-municipal-antonio-pinheiro\/cultura\/08\/30\/","url":"https:\/\/algarve7.pt\/index.php\/2026\/04\/guiao-para-um-pais-possivel-de-sara-barros-leitao-no-teatro-municipal-antonio-pinheiro\/cultura\/08\/30\/","name":"\u201cGui\u00e3o para um pa\u00eds poss\u00edvel\u201d, de Sara Barros Leit\u00e3o, no Teatro Municipal Ant\u00f3nio Pinheiro - Algarve 7","isPartOf":{"@id":"https:\/\/algarve7.pt\/#website"},"primaryImageOfPage":{"@id":"https:\/\/algarve7.pt\/index.php\/2026\/04\/guiao-para-um-pais-possivel-de-sara-barros-leitao-no-teatro-municipal-antonio-pinheiro\/cultura\/08\/30\/#primaryimage"},"image":{"@id":"https:\/\/algarve7.pt\/index.php\/2026\/04\/guiao-para-um-pais-possivel-de-sara-barros-leitao-no-teatro-municipal-antonio-pinheiro\/cultura\/08\/30\/#primaryimage"},"thumbnailUrl":"https:\/\/algarve7.pt\/wp-content\/uploads\/2026\/04\/Guiao-para-um-pais-possivel-site.jpg","datePublished":"2026-04-08T07:30:00+00:00","description":"\u201cGui\u00e3o para um pa\u00eds poss\u00edvel\u201d, de Sara Barros Leit\u00e3o, no Teatro Municipal Ant\u00f3nio Pinheiro Cultura","breadcrumb":{"@id":"https:\/\/algarve7.pt\/index.php\/2026\/04\/guiao-para-um-pais-possivel-de-sara-barros-leitao-no-teatro-municipal-antonio-pinheiro\/cultura\/08\/30\/#breadcrumb"},"inLanguage":"pt-PT","potentialAction":[{"@type":"ReadAction","target":["https:\/\/algarve7.pt\/index.php\/2026\/04\/guiao-para-um-pais-possivel-de-sara-barros-leitao-no-teatro-municipal-antonio-pinheiro\/cultura\/08\/30\/"]}]},{"@type":"ImageObject","inLanguage":"pt-PT","@id":"https:\/\/algarve7.pt\/index.php\/2026\/04\/guiao-para-um-pais-possivel-de-sara-barros-leitao-no-teatro-municipal-antonio-pinheiro\/cultura\/08\/30\/#primaryimage","url":"https:\/\/algarve7.pt\/wp-content\/uploads\/2026\/04\/Guiao-para-um-pais-possivel-site.jpg","contentUrl":"https:\/\/algarve7.pt\/wp-content\/uploads\/2026\/04\/Guiao-para-um-pais-possivel-site.jpg","width":800,"height":445},{"@type":"BreadcrumbList","@id":"https:\/\/algarve7.pt\/index.php\/2026\/04\/guiao-para-um-pais-possivel-de-sara-barros-leitao-no-teatro-municipal-antonio-pinheiro\/cultura\/08\/30\/#breadcrumb","itemListElement":[{"@type":"ListItem","position":1,"name":"In\u00edcio","item":"https:\/\/algarve7.pt\/"},{"@type":"ListItem","position":2,"name":"\u201cGui\u00e3o para um pa\u00eds poss\u00edvel\u201d, de Sara Barros Leit\u00e3o, no Teatro Municipal Ant\u00f3nio Pinheiro"}]},{"@type":"WebSite","@id":"https:\/\/algarve7.pt\/#website","url":"https:\/\/algarve7.pt\/","name":"Algarve 7","description":"Informa\u00e7\u00e3o sobre o Algarve","publisher":{"@id":"https:\/\/algarve7.pt\/#organization"},"potentialAction":[{"@type":"SearchAction","target":{"@type":"EntryPoint","urlTemplate":"https:\/\/algarve7.pt\/?s={search_term_string}"},"query-input":{"@type":"PropertyValueSpecification","valueRequired":true,"valueName":"search_term_string"}}],"inLanguage":"pt-PT"},{"@type":"Organization","@id":"https:\/\/algarve7.pt\/#organization","name":"Algarve 7","url":"https:\/\/algarve7.pt\/","logo":{"@type":"ImageObject","inLanguage":"pt-PT","@id":"https:\/\/algarve7.pt\/#\/schema\/logo\/image\/","url":"https:\/\/algarve7.pt\/wp-content\/uploads\/2020\/10\/Logo-8.jpg","contentUrl":"https:\/\/algarve7.pt\/wp-content\/uploads\/2020\/10\/Logo-8.jpg","width":1680,"height":1186,"caption":"Algarve 7"},"image":{"@id":"https:\/\/algarve7.pt\/#\/schema\/logo\/image\/"},"sameAs":["https:\/\/www.facebook.com\/algarve7","https:\/\/x.com\/Algarvesete","https:\/\/www.instagram.com\/jornalalgarve7\/","https:\/\/www.linkedin.com\/company\/algarve7","https:\/\/www.pinterest.pt\/geral0939\/_created\/"]},{"@type":"Person","@id":"https:\/\/algarve7.pt\/#\/schema\/person\/23fa70681308e7b319a3204bcea45e0c","name":"Algarve 7","sameAs":["https:\/\/algarve7.pt","https:\/\/www.facebook.com\/algarve7"],"url":"https:\/\/algarve7.pt\/index.php\/author\/geralalgarve7-pt\/"}]}},"jetpack_publicize_connections":[],"jetpack_featured_media_url":"https:\/\/algarve7.pt\/wp-content\/uploads\/2026\/04\/Guiao-para-um-pais-possivel-site.jpg","jetpack_shortlink":"https:\/\/wp.me\/pcezmW-fOW","jetpack_sharing_enabled":true,"_links":{"self":[{"href":"https:\/\/algarve7.pt\/index.php\/wp-json\/wp\/v2\/posts\/60818","targetHints":{"allow":["GET"]}}],"collection":[{"href":"https:\/\/algarve7.pt\/index.php\/wp-json\/wp\/v2\/posts"}],"about":[{"href":"https:\/\/algarve7.pt\/index.php\/wp-json\/wp\/v2\/types\/post"}],"author":[{"embeddable":true,"href":"https:\/\/algarve7.pt\/index.php\/wp-json\/wp\/v2\/users\/1"}],"replies":[{"embeddable":true,"href":"https:\/\/algarve7.pt\/index.php\/wp-json\/wp\/v2\/comments?post=60818"}],"version-history":[{"count":0,"href":"https:\/\/algarve7.pt\/index.php\/wp-json\/wp\/v2\/posts\/60818\/revisions"}],"wp:featuredmedia":[{"embeddable":true,"href":"https:\/\/algarve7.pt\/index.php\/wp-json\/wp\/v2\/media\/60819"}],"wp:attachment":[{"href":"https:\/\/algarve7.pt\/index.php\/wp-json\/wp\/v2\/media?parent=60818"}],"wp:term":[{"taxonomy":"category","embeddable":true,"href":"https:\/\/algarve7.pt\/index.php\/wp-json\/wp\/v2\/categories?post=60818"},{"taxonomy":"post_tag","embeddable":true,"href":"https:\/\/algarve7.pt\/index.php\/wp-json\/wp\/v2\/tags?post=60818"}],"curies":[{"name":"wp","href":"https:\/\/api.w.org\/{rel}","templated":true}]}}