{"id":60815,"date":"2026-04-07T14:42:06","date_gmt":"2026-04-07T13:42:06","guid":{"rendered":"https:\/\/algarve7.pt\/?p=60815"},"modified":"2026-04-07T14:42:20","modified_gmt":"2026-04-07T13:42:20","slug":"loule-helena-silva-apresenta-o-tempo-que-habita-em-nos-as-quatro-estacoes-da-meditacao","status":"publish","type":"post","link":"https:\/\/algarve7.pt\/index.php\/2026\/04\/loule-helena-silva-apresenta-o-tempo-que-habita-em-nos-as-quatro-estacoes-da-meditacao\/cultura\/14\/42\/","title":{"rendered":"Loul\u00e9: Helena Silva apresenta &#8220;o tempo que habita em n\u00f3s. As quatro esta\u00e7\u00f5es da medita\u00e7\u00e3o&#8221;"},"content":{"rendered":"\n<p>\u00c9 apresentada esta ter\u00e7a-feira, 7 de abril, pelas 18h30, na Biblioteca Municipal de Loul\u00e9, o livro &#8220;O Tempo que Habita em n\u00f3s. As quatro esta\u00e7\u00f5es da medita\u00e7\u00e3o&#8221;, de Helena Silva.&nbsp;<\/p>\n\n\n\n<p>Helena Maria Carvalho de S\u00e1 Ferreira Lopes da Silva \u00e9 terapeuta, professora e autora. Licenciada em Medicina Tradicional Chinesa, integra na sua pr\u00e1tica m\u00faltiplas abordagens do cuidado que v\u00e3o desde a acupuntura \u00e0 terapia de Bowen, passando pela massagem terap\u00eautica e pelo movimento consciente. Ensina pilates, ioga e t\u00e9cnicas hipopressivas, tendo fundado a marca registada HS Pilates Academy, onde desenvolve forma\u00e7\u00f5es certificadas e acompanha dezenas de alunos em percursos de sa\u00fade, equil\u00edbrio e autoconhecimento.<\/p>\n\n\n\n<p>\u00c9 tamb\u00e9m autora de artigos cient\u00edficos publicados em revistas especializadas, onde explora a integra\u00e7\u00e3o entre medicina convencional e medicina tradicional, e foi colaboradora regular da Revista Reiki &amp; Yoga, para a qual escreveu diversos textos sobre yoga, reiki, filosofia oriental e desenvolvimento interior.<\/p>\n\n\n\n<p>A sua caminhada \u00e9 marcada n\u00e3o apenas pelo estudo e pela cl\u00ednica, mas tamb\u00e9m pelas perdas e sil\u00eancios que a vida lhe imp\u00f4s. Essas viv\u00eancias, intensas, reais e transformadoras, fizeram-na mergulhar mais fundo na escuta do corpo, na medita\u00e7\u00e3o e, sobretudo, na escrita.<\/p>\n\n\n\n<p>Escrever tornou-se forma de respirar, integrar e partilhar.<\/p>\n\n\n\n<p>Este livro nasce dessas pausas entre sess\u00f5es, aulas e consultas. Re\u00fane textos escritos com o ritmo do cora\u00e7\u00e3o, muitos deles inspirados nas medita\u00e7\u00f5es guiadas que oferece nas suas aulas de ioga e em mementos de recolhimento pessoal. \u00c9 um convite \u00e0 pausa e \u00e0 presen\u00e7a. \u00c0 escuta do tempo interior e \u00e0 possibilidade que todos temos de transformar a dor em caminho e o cansa\u00e7o em presen\u00e7a viva.<\/p>\n\n\n\n<p>Vive e trabalha no Algarve, onde orienta aulas, sess\u00f5es terap\u00eauticas e forma\u00e7\u00f5es.<\/p>\n\n\n\n<p>\u201cEste n\u00e3o \u00e9 um livro para ser lido de uma s\u00f3 vez. N\u00e3o tem princ\u00edpio, meio e fim. N\u00e3o exige pressa, nem tem uma sequ\u00eancia. E um espa\u00e7o de pausa. Uma esp\u00e9cie de abrigo interior.<\/p>\n\n\n\n<p>Em rela\u00e7\u00e3o \u00e0 obra a autora declara: \u201cCada texto nasceu de um momento meu, e tamb\u00e9m dos outros. S\u00e3o reflex\u00f5es que surgiram muitas vezes no final de uma aula de ioga, em sil\u00eancio, quando a respira\u00e7\u00e3o abrandava e a mente come\u00e7ava a escutar de forma diferente\u201d.<\/p>\n\n\n\n<p>A sess\u00e3o ser\u00e1 apresentada por Daniela Alves e ser\u00e1 lido um pequeno excerto do livro por Ana Marta Lopes da Silva.<\/p>\n\n\n\n<p>A entrada \u00e9 livre.<\/p>\n","protected":false},"excerpt":{"rendered":"<p>\u00c9 apresentada esta ter\u00e7a-feira, 7 de abril, pelas 18h30, na Biblioteca Municipal de Loul\u00e9, o livro &#8220;O Tempo que Habita<\/p>\n","protected":false},"author":1,"featured_media":60816,"comment_status":"closed","ping_status":"closed","sticky":false,"template":"","format":"standard","meta":{"colormag_page_container_layout":"default_layout","colormag_page_sidebar_layout":"default_layout","_monsterinsights_skip_tracking":false,"_monsterinsights_sitenote_active":false,"_monsterinsights_sitenote_note":"","_monsterinsights_sitenote_category":0,"jetpack_post_was_ever_published":false,"_jetpack_newsletter_access":"","_jetpack_dont_email_post_to_subs":false,"_jetpack_newsletter_tier_id":0,"_jetpack_memberships_contains_paywalled_content":false,"_jetpack_memberships_contains_paid_content":false,"footnotes":"","jetpack_publicize_message":"","jetpack_publicize_feature_enabled":true,"jetpack_social_post_already_shared":true,"jetpack_social_options":{"image_generator_settings":{"template":"highway","default_image_id":0,"font":"","enabled":false},"version":2}},"categories":[14],"tags":[36,35,31],"class_list":["post-60815","post","type-post","status-publish","format-standard","has-post-thumbnail","hentry","category-cultura","tag-algarve","tag-cultura","tag-loule"],"yoast_head":"<!-- This site is optimized with the Yoast SEO plugin v27.5 - https:\/\/yoast.com\/product\/yoast-seo-wordpress\/ -->\n<title>Loul\u00e9: Helena Silva apresenta &quot;o tempo que habita em n\u00f3s. As quatro esta\u00e7\u00f5es da medita\u00e7\u00e3o&quot; - Algarve 7<\/title>\n<meta name=\"description\" content=\"Loul\u00e9: Helena Silva apresenta &quot;o tempo que habita em n\u00f3s. As quatro esta\u00e7\u00f5es da medita\u00e7\u00e3o&quot; Cultura\" \/>\n<meta name=\"robots\" content=\"index, follow, max-snippet:-1, max-image-preview:large, max-video-preview:-1\" \/>\n<link rel=\"canonical\" href=\"https:\/\/algarve7.pt\/index.php\/2026\/04\/loule-helena-silva-apresenta-o-tempo-que-habita-em-nos-as-quatro-estacoes-da-meditacao\/cultura\/14\/42\/\" \/>\n<meta property=\"og:locale\" content=\"pt_PT\" \/>\n<meta property=\"og:type\" content=\"article\" \/>\n<meta property=\"og:title\" content=\"Loul\u00e9: Helena Silva apresenta &quot;o tempo que habita em n\u00f3s. As quatro esta\u00e7\u00f5es da medita\u00e7\u00e3o&quot; - Algarve 7\" \/>\n<meta property=\"og:description\" content=\"Loul\u00e9: Helena Silva apresenta &quot;o tempo que habita em n\u00f3s. As quatro esta\u00e7\u00f5es da medita\u00e7\u00e3o&quot; Cultura\" \/>\n<meta property=\"og:url\" content=\"https:\/\/algarve7.pt\/index.php\/2026\/04\/loule-helena-silva-apresenta-o-tempo-que-habita-em-nos-as-quatro-estacoes-da-meditacao\/cultura\/14\/42\/\" \/>\n<meta property=\"og:site_name\" content=\"Algarve 7\" \/>\n<meta property=\"article:publisher\" content=\"https:\/\/www.facebook.com\/algarve7\" \/>\n<meta property=\"article:author\" content=\"https:\/\/www.facebook.com\/algarve7\" \/>\n<meta property=\"article:published_time\" content=\"2026-04-07T13:42:06+00:00\" \/>\n<meta property=\"article:modified_time\" content=\"2026-04-07T13:42:20+00:00\" \/>\n<meta property=\"og:image\" content=\"https:\/\/algarve7.pt\/wp-content\/uploads\/2026\/04\/Captura-de-ecra-2026-04-07-as-14.39.33.png\" \/>\n\t<meta property=\"og:image:width\" content=\"800\" \/>\n\t<meta property=\"og:image:height\" content=\"445\" \/>\n\t<meta property=\"og:image:type\" content=\"image\/png\" \/>\n<meta name=\"author\" content=\"Algarve 7\" \/>\n<meta name=\"twitter:card\" content=\"summary_large_image\" \/>\n<meta name=\"twitter:creator\" content=\"@Algarvesete\" \/>\n<meta name=\"twitter:site\" content=\"@Algarvesete\" \/>\n<meta name=\"twitter:label1\" content=\"Escrito por\" \/>\n\t<meta name=\"twitter:data1\" content=\"Algarve 7\" \/>\n\t<meta name=\"twitter:label2\" content=\"Tempo estimado de leitura\" \/>\n\t<meta name=\"twitter:data2\" content=\"3 minutos\" \/>\n<script type=\"application\/ld+json\" class=\"yoast-schema-graph\">{\"@context\":\"https:\\\/\\\/schema.org\",\"@graph\":[{\"@type\":\"Article\",\"@id\":\"https:\\\/\\\/algarve7.pt\\\/index.php\\\/2026\\\/04\\\/loule-helena-silva-apresenta-o-tempo-que-habita-em-nos-as-quatro-estacoes-da-meditacao\\\/cultura\\\/14\\\/42\\\/#article\",\"isPartOf\":{\"@id\":\"https:\\\/\\\/algarve7.pt\\\/index.php\\\/2026\\\/04\\\/loule-helena-silva-apresenta-o-tempo-que-habita-em-nos-as-quatro-estacoes-da-meditacao\\\/cultura\\\/14\\\/42\\\/\"},\"author\":{\"name\":\"Algarve 7\",\"@id\":\"https:\\\/\\\/algarve7.pt\\\/#\\\/schema\\\/person\\\/23fa70681308e7b319a3204bcea45e0c\"},\"headline\":\"Loul\u00e9: Helena Silva apresenta &#8220;o tempo que habita em n\u00f3s. As quatro esta\u00e7\u00f5es da medita\u00e7\u00e3o&#8221;\",\"datePublished\":\"2026-04-07T13:42:06+00:00\",\"dateModified\":\"2026-04-07T13:42:20+00:00\",\"mainEntityOfPage\":{\"@id\":\"https:\\\/\\\/algarve7.pt\\\/index.php\\\/2026\\\/04\\\/loule-helena-silva-apresenta-o-tempo-que-habita-em-nos-as-quatro-estacoes-da-meditacao\\\/cultura\\\/14\\\/42\\\/\"},\"wordCount\":436,\"publisher\":{\"@id\":\"https:\\\/\\\/algarve7.pt\\\/#organization\"},\"image\":{\"@id\":\"https:\\\/\\\/algarve7.pt\\\/index.php\\\/2026\\\/04\\\/loule-helena-silva-apresenta-o-tempo-que-habita-em-nos-as-quatro-estacoes-da-meditacao\\\/cultura\\\/14\\\/42\\\/#primaryimage\"},\"thumbnailUrl\":\"https:\\\/\\\/algarve7.pt\\\/wp-content\\\/uploads\\\/2026\\\/04\\\/Captura-de-ecra-2026-04-07-as-14.39.33.png\",\"keywords\":[\"Algarve\",\"Cultura\",\"Loul\u00e9\"],\"articleSection\":[\"Cultura\"],\"inLanguage\":\"pt-PT\"},{\"@type\":\"WebPage\",\"@id\":\"https:\\\/\\\/algarve7.pt\\\/index.php\\\/2026\\\/04\\\/loule-helena-silva-apresenta-o-tempo-que-habita-em-nos-as-quatro-estacoes-da-meditacao\\\/cultura\\\/14\\\/42\\\/\",\"url\":\"https:\\\/\\\/algarve7.pt\\\/index.php\\\/2026\\\/04\\\/loule-helena-silva-apresenta-o-tempo-que-habita-em-nos-as-quatro-estacoes-da-meditacao\\\/cultura\\\/14\\\/42\\\/\",\"name\":\"Loul\u00e9: Helena Silva apresenta \\\"o tempo que habita em n\u00f3s. As quatro esta\u00e7\u00f5es da medita\u00e7\u00e3o\\\" - Algarve 7\",\"isPartOf\":{\"@id\":\"https:\\\/\\\/algarve7.pt\\\/#website\"},\"primaryImageOfPage\":{\"@id\":\"https:\\\/\\\/algarve7.pt\\\/index.php\\\/2026\\\/04\\\/loule-helena-silva-apresenta-o-tempo-que-habita-em-nos-as-quatro-estacoes-da-meditacao\\\/cultura\\\/14\\\/42\\\/#primaryimage\"},\"image\":{\"@id\":\"https:\\\/\\\/algarve7.pt\\\/index.php\\\/2026\\\/04\\\/loule-helena-silva-apresenta-o-tempo-que-habita-em-nos-as-quatro-estacoes-da-meditacao\\\/cultura\\\/14\\\/42\\\/#primaryimage\"},\"thumbnailUrl\":\"https:\\\/\\\/algarve7.pt\\\/wp-content\\\/uploads\\\/2026\\\/04\\\/Captura-de-ecra-2026-04-07-as-14.39.33.png\",\"datePublished\":\"2026-04-07T13:42:06+00:00\",\"dateModified\":\"2026-04-07T13:42:20+00:00\",\"description\":\"Loul\u00e9: Helena Silva apresenta \\\"o tempo que habita em n\u00f3s. As quatro esta\u00e7\u00f5es da medita\u00e7\u00e3o\\\" Cultura\",\"breadcrumb\":{\"@id\":\"https:\\\/\\\/algarve7.pt\\\/index.php\\\/2026\\\/04\\\/loule-helena-silva-apresenta-o-tempo-que-habita-em-nos-as-quatro-estacoes-da-meditacao\\\/cultura\\\/14\\\/42\\\/#breadcrumb\"},\"inLanguage\":\"pt-PT\",\"potentialAction\":[{\"@type\":\"ReadAction\",\"target\":[\"https:\\\/\\\/algarve7.pt\\\/index.php\\\/2026\\\/04\\\/loule-helena-silva-apresenta-o-tempo-que-habita-em-nos-as-quatro-estacoes-da-meditacao\\\/cultura\\\/14\\\/42\\\/\"]}]},{\"@type\":\"ImageObject\",\"inLanguage\":\"pt-PT\",\"@id\":\"https:\\\/\\\/algarve7.pt\\\/index.php\\\/2026\\\/04\\\/loule-helena-silva-apresenta-o-tempo-que-habita-em-nos-as-quatro-estacoes-da-meditacao\\\/cultura\\\/14\\\/42\\\/#primaryimage\",\"url\":\"https:\\\/\\\/algarve7.pt\\\/wp-content\\\/uploads\\\/2026\\\/04\\\/Captura-de-ecra-2026-04-07-as-14.39.33.png\",\"contentUrl\":\"https:\\\/\\\/algarve7.pt\\\/wp-content\\\/uploads\\\/2026\\\/04\\\/Captura-de-ecra-2026-04-07-as-14.39.33.png\",\"width\":800,\"height\":445},{\"@type\":\"BreadcrumbList\",\"@id\":\"https:\\\/\\\/algarve7.pt\\\/index.php\\\/2026\\\/04\\\/loule-helena-silva-apresenta-o-tempo-que-habita-em-nos-as-quatro-estacoes-da-meditacao\\\/cultura\\\/14\\\/42\\\/#breadcrumb\",\"itemListElement\":[{\"@type\":\"ListItem\",\"position\":1,\"name\":\"In\u00edcio\",\"item\":\"https:\\\/\\\/algarve7.pt\\\/\"},{\"@type\":\"ListItem\",\"position\":2,\"name\":\"Loul\u00e9: Helena Silva apresenta &#8220;o tempo que habita em n\u00f3s. As quatro esta\u00e7\u00f5es da medita\u00e7\u00e3o&#8221;\"}]},{\"@type\":\"WebSite\",\"@id\":\"https:\\\/\\\/algarve7.pt\\\/#website\",\"url\":\"https:\\\/\\\/algarve7.pt\\\/\",\"name\":\"Algarve 7\",\"description\":\"Informa\u00e7\u00e3o sobre o Algarve\",\"publisher\":{\"@id\":\"https:\\\/\\\/algarve7.pt\\\/#organization\"},\"potentialAction\":[{\"@type\":\"SearchAction\",\"target\":{\"@type\":\"EntryPoint\",\"urlTemplate\":\"https:\\\/\\\/algarve7.pt\\\/?s={search_term_string}\"},\"query-input\":{\"@type\":\"PropertyValueSpecification\",\"valueRequired\":true,\"valueName\":\"search_term_string\"}}],\"inLanguage\":\"pt-PT\"},{\"@type\":\"Organization\",\"@id\":\"https:\\\/\\\/algarve7.pt\\\/#organization\",\"name\":\"Algarve 7\",\"url\":\"https:\\\/\\\/algarve7.pt\\\/\",\"logo\":{\"@type\":\"ImageObject\",\"inLanguage\":\"pt-PT\",\"@id\":\"https:\\\/\\\/algarve7.pt\\\/#\\\/schema\\\/logo\\\/image\\\/\",\"url\":\"https:\\\/\\\/algarve7.pt\\\/wp-content\\\/uploads\\\/2020\\\/10\\\/Logo-8.jpg\",\"contentUrl\":\"https:\\\/\\\/algarve7.pt\\\/wp-content\\\/uploads\\\/2020\\\/10\\\/Logo-8.jpg\",\"width\":1680,\"height\":1186,\"caption\":\"Algarve 7\"},\"image\":{\"@id\":\"https:\\\/\\\/algarve7.pt\\\/#\\\/schema\\\/logo\\\/image\\\/\"},\"sameAs\":[\"https:\\\/\\\/www.facebook.com\\\/algarve7\",\"https:\\\/\\\/x.com\\\/Algarvesete\",\"https:\\\/\\\/www.instagram.com\\\/jornalalgarve7\\\/\",\"https:\\\/\\\/www.linkedin.com\\\/company\\\/algarve7\",\"https:\\\/\\\/www.pinterest.pt\\\/geral0939\\\/_created\\\/\"]},{\"@type\":\"Person\",\"@id\":\"https:\\\/\\\/algarve7.pt\\\/#\\\/schema\\\/person\\\/23fa70681308e7b319a3204bcea45e0c\",\"name\":\"Algarve 7\",\"sameAs\":[\"https:\\\/\\\/algarve7.pt\",\"https:\\\/\\\/www.facebook.com\\\/algarve7\"],\"url\":\"https:\\\/\\\/algarve7.pt\\\/index.php\\\/author\\\/geralalgarve7-pt\\\/\"}]}<\/script>\n<!-- \/ Yoast SEO plugin. -->","yoast_head_json":{"title":"Loul\u00e9: Helena Silva apresenta \"o tempo que habita em n\u00f3s. As quatro esta\u00e7\u00f5es da medita\u00e7\u00e3o\" - Algarve 7","description":"Loul\u00e9: Helena Silva apresenta \"o tempo que habita em n\u00f3s. As quatro esta\u00e7\u00f5es da medita\u00e7\u00e3o\" Cultura","robots":{"index":"index","follow":"follow","max-snippet":"max-snippet:-1","max-image-preview":"max-image-preview:large","max-video-preview":"max-video-preview:-1"},"canonical":"https:\/\/algarve7.pt\/index.php\/2026\/04\/loule-helena-silva-apresenta-o-tempo-que-habita-em-nos-as-quatro-estacoes-da-meditacao\/cultura\/14\/42\/","og_locale":"pt_PT","og_type":"article","og_title":"Loul\u00e9: Helena Silva apresenta \"o tempo que habita em n\u00f3s. As quatro esta\u00e7\u00f5es da medita\u00e7\u00e3o\" - Algarve 7","og_description":"Loul\u00e9: Helena Silva apresenta \"o tempo que habita em n\u00f3s. As quatro esta\u00e7\u00f5es da medita\u00e7\u00e3o\" Cultura","og_url":"https:\/\/algarve7.pt\/index.php\/2026\/04\/loule-helena-silva-apresenta-o-tempo-que-habita-em-nos-as-quatro-estacoes-da-meditacao\/cultura\/14\/42\/","og_site_name":"Algarve 7","article_publisher":"https:\/\/www.facebook.com\/algarve7","article_author":"https:\/\/www.facebook.com\/algarve7","article_published_time":"2026-04-07T13:42:06+00:00","article_modified_time":"2026-04-07T13:42:20+00:00","og_image":[{"width":800,"height":445,"url":"https:\/\/algarve7.pt\/wp-content\/uploads\/2026\/04\/Captura-de-ecra-2026-04-07-as-14.39.33.png","type":"image\/png"}],"author":"Algarve 7","twitter_card":"summary_large_image","twitter_creator":"@Algarvesete","twitter_site":"@Algarvesete","twitter_misc":{"Escrito por":"Algarve 7","Tempo estimado de leitura":"3 minutos"},"schema":{"@context":"https:\/\/schema.org","@graph":[{"@type":"Article","@id":"https:\/\/algarve7.pt\/index.php\/2026\/04\/loule-helena-silva-apresenta-o-tempo-que-habita-em-nos-as-quatro-estacoes-da-meditacao\/cultura\/14\/42\/#article","isPartOf":{"@id":"https:\/\/algarve7.pt\/index.php\/2026\/04\/loule-helena-silva-apresenta-o-tempo-que-habita-em-nos-as-quatro-estacoes-da-meditacao\/cultura\/14\/42\/"},"author":{"name":"Algarve 7","@id":"https:\/\/algarve7.pt\/#\/schema\/person\/23fa70681308e7b319a3204bcea45e0c"},"headline":"Loul\u00e9: Helena Silva apresenta &#8220;o tempo que habita em n\u00f3s. As quatro esta\u00e7\u00f5es da medita\u00e7\u00e3o&#8221;","datePublished":"2026-04-07T13:42:06+00:00","dateModified":"2026-04-07T13:42:20+00:00","mainEntityOfPage":{"@id":"https:\/\/algarve7.pt\/index.php\/2026\/04\/loule-helena-silva-apresenta-o-tempo-que-habita-em-nos-as-quatro-estacoes-da-meditacao\/cultura\/14\/42\/"},"wordCount":436,"publisher":{"@id":"https:\/\/algarve7.pt\/#organization"},"image":{"@id":"https:\/\/algarve7.pt\/index.php\/2026\/04\/loule-helena-silva-apresenta-o-tempo-que-habita-em-nos-as-quatro-estacoes-da-meditacao\/cultura\/14\/42\/#primaryimage"},"thumbnailUrl":"https:\/\/algarve7.pt\/wp-content\/uploads\/2026\/04\/Captura-de-ecra-2026-04-07-as-14.39.33.png","keywords":["Algarve","Cultura","Loul\u00e9"],"articleSection":["Cultura"],"inLanguage":"pt-PT"},{"@type":"WebPage","@id":"https:\/\/algarve7.pt\/index.php\/2026\/04\/loule-helena-silva-apresenta-o-tempo-que-habita-em-nos-as-quatro-estacoes-da-meditacao\/cultura\/14\/42\/","url":"https:\/\/algarve7.pt\/index.php\/2026\/04\/loule-helena-silva-apresenta-o-tempo-que-habita-em-nos-as-quatro-estacoes-da-meditacao\/cultura\/14\/42\/","name":"Loul\u00e9: Helena Silva apresenta \"o tempo que habita em n\u00f3s. As quatro esta\u00e7\u00f5es da medita\u00e7\u00e3o\" - Algarve 7","isPartOf":{"@id":"https:\/\/algarve7.pt\/#website"},"primaryImageOfPage":{"@id":"https:\/\/algarve7.pt\/index.php\/2026\/04\/loule-helena-silva-apresenta-o-tempo-que-habita-em-nos-as-quatro-estacoes-da-meditacao\/cultura\/14\/42\/#primaryimage"},"image":{"@id":"https:\/\/algarve7.pt\/index.php\/2026\/04\/loule-helena-silva-apresenta-o-tempo-que-habita-em-nos-as-quatro-estacoes-da-meditacao\/cultura\/14\/42\/#primaryimage"},"thumbnailUrl":"https:\/\/algarve7.pt\/wp-content\/uploads\/2026\/04\/Captura-de-ecra-2026-04-07-as-14.39.33.png","datePublished":"2026-04-07T13:42:06+00:00","dateModified":"2026-04-07T13:42:20+00:00","description":"Loul\u00e9: Helena Silva apresenta \"o tempo que habita em n\u00f3s. As quatro esta\u00e7\u00f5es da medita\u00e7\u00e3o\" Cultura","breadcrumb":{"@id":"https:\/\/algarve7.pt\/index.php\/2026\/04\/loule-helena-silva-apresenta-o-tempo-que-habita-em-nos-as-quatro-estacoes-da-meditacao\/cultura\/14\/42\/#breadcrumb"},"inLanguage":"pt-PT","potentialAction":[{"@type":"ReadAction","target":["https:\/\/algarve7.pt\/index.php\/2026\/04\/loule-helena-silva-apresenta-o-tempo-que-habita-em-nos-as-quatro-estacoes-da-meditacao\/cultura\/14\/42\/"]}]},{"@type":"ImageObject","inLanguage":"pt-PT","@id":"https:\/\/algarve7.pt\/index.php\/2026\/04\/loule-helena-silva-apresenta-o-tempo-que-habita-em-nos-as-quatro-estacoes-da-meditacao\/cultura\/14\/42\/#primaryimage","url":"https:\/\/algarve7.pt\/wp-content\/uploads\/2026\/04\/Captura-de-ecra-2026-04-07-as-14.39.33.png","contentUrl":"https:\/\/algarve7.pt\/wp-content\/uploads\/2026\/04\/Captura-de-ecra-2026-04-07-as-14.39.33.png","width":800,"height":445},{"@type":"BreadcrumbList","@id":"https:\/\/algarve7.pt\/index.php\/2026\/04\/loule-helena-silva-apresenta-o-tempo-que-habita-em-nos-as-quatro-estacoes-da-meditacao\/cultura\/14\/42\/#breadcrumb","itemListElement":[{"@type":"ListItem","position":1,"name":"In\u00edcio","item":"https:\/\/algarve7.pt\/"},{"@type":"ListItem","position":2,"name":"Loul\u00e9: Helena Silva apresenta &#8220;o tempo que habita em n\u00f3s. As quatro esta\u00e7\u00f5es da medita\u00e7\u00e3o&#8221;"}]},{"@type":"WebSite","@id":"https:\/\/algarve7.pt\/#website","url":"https:\/\/algarve7.pt\/","name":"Algarve 7","description":"Informa\u00e7\u00e3o sobre o Algarve","publisher":{"@id":"https:\/\/algarve7.pt\/#organization"},"potentialAction":[{"@type":"SearchAction","target":{"@type":"EntryPoint","urlTemplate":"https:\/\/algarve7.pt\/?s={search_term_string}"},"query-input":{"@type":"PropertyValueSpecification","valueRequired":true,"valueName":"search_term_string"}}],"inLanguage":"pt-PT"},{"@type":"Organization","@id":"https:\/\/algarve7.pt\/#organization","name":"Algarve 7","url":"https:\/\/algarve7.pt\/","logo":{"@type":"ImageObject","inLanguage":"pt-PT","@id":"https:\/\/algarve7.pt\/#\/schema\/logo\/image\/","url":"https:\/\/algarve7.pt\/wp-content\/uploads\/2020\/10\/Logo-8.jpg","contentUrl":"https:\/\/algarve7.pt\/wp-content\/uploads\/2020\/10\/Logo-8.jpg","width":1680,"height":1186,"caption":"Algarve 7"},"image":{"@id":"https:\/\/algarve7.pt\/#\/schema\/logo\/image\/"},"sameAs":["https:\/\/www.facebook.com\/algarve7","https:\/\/x.com\/Algarvesete","https:\/\/www.instagram.com\/jornalalgarve7\/","https:\/\/www.linkedin.com\/company\/algarve7","https:\/\/www.pinterest.pt\/geral0939\/_created\/"]},{"@type":"Person","@id":"https:\/\/algarve7.pt\/#\/schema\/person\/23fa70681308e7b319a3204bcea45e0c","name":"Algarve 7","sameAs":["https:\/\/algarve7.pt","https:\/\/www.facebook.com\/algarve7"],"url":"https:\/\/algarve7.pt\/index.php\/author\/geralalgarve7-pt\/"}]}},"jetpack_publicize_connections":[],"jetpack_featured_media_url":"https:\/\/algarve7.pt\/wp-content\/uploads\/2026\/04\/Captura-de-ecra-2026-04-07-as-14.39.33.png","jetpack_shortlink":"https:\/\/wp.me\/pcezmW-fOT","jetpack_sharing_enabled":true,"_links":{"self":[{"href":"https:\/\/algarve7.pt\/index.php\/wp-json\/wp\/v2\/posts\/60815","targetHints":{"allow":["GET"]}}],"collection":[{"href":"https:\/\/algarve7.pt\/index.php\/wp-json\/wp\/v2\/posts"}],"about":[{"href":"https:\/\/algarve7.pt\/index.php\/wp-json\/wp\/v2\/types\/post"}],"author":[{"embeddable":true,"href":"https:\/\/algarve7.pt\/index.php\/wp-json\/wp\/v2\/users\/1"}],"replies":[{"embeddable":true,"href":"https:\/\/algarve7.pt\/index.php\/wp-json\/wp\/v2\/comments?post=60815"}],"version-history":[{"count":0,"href":"https:\/\/algarve7.pt\/index.php\/wp-json\/wp\/v2\/posts\/60815\/revisions"}],"wp:featuredmedia":[{"embeddable":true,"href":"https:\/\/algarve7.pt\/index.php\/wp-json\/wp\/v2\/media\/60816"}],"wp:attachment":[{"href":"https:\/\/algarve7.pt\/index.php\/wp-json\/wp\/v2\/media?parent=60815"}],"wp:term":[{"taxonomy":"category","embeddable":true,"href":"https:\/\/algarve7.pt\/index.php\/wp-json\/wp\/v2\/categories?post=60815"},{"taxonomy":"post_tag","embeddable":true,"href":"https:\/\/algarve7.pt\/index.php\/wp-json\/wp\/v2\/tags?post=60815"}],"curies":[{"name":"wp","href":"https:\/\/api.w.org\/{rel}","templated":true}]}}