{"id":60812,"date":"2026-04-07T10:36:57","date_gmt":"2026-04-07T09:36:57","guid":{"rendered":"https:\/\/algarve7.pt\/?p=60812"},"modified":"2026-04-07T10:37:05","modified_gmt":"2026-04-07T09:37:05","slug":"impacto-do-aumento-dos-combustiveis-ameaca-sustentabilidade-operacional-dos-bombeiros-do-algarve","status":"publish","type":"post","link":"https:\/\/algarve7.pt\/index.php\/2026\/04\/impacto-do-aumento-dos-combustiveis-ameaca-sustentabilidade-operacional-dos-bombeiros-do-algarve\/atualidade\/10\/36\/","title":{"rendered":"Impacto do aumento dos combust\u00edveis amea\u00e7a sustentabilidade operacional dos Bombeiros do Algarve\u00a0"},"content":{"rendered":"\n<p>A Federa\u00e7\u00e3o de Bombeiros do Algarve manifesta profunda preocupa\u00e7\u00e3o com o impacto do aumento do pre\u00e7o dos combust\u00edveis na sustentabilidade financeira e operacional das associa\u00e7\u00f5es humanit\u00e1rias de bombeiros da regi\u00e3o.&nbsp;<\/p>\n\n\n\n<p>A escalada das tens\u00f5es internacionais e dos conflitos no M\u00e9dio Oriente tem provocado uma subida significativa do pre\u00e7o do petr\u00f3leo e, consequentemente, dos combust\u00edveis em toda a Europa. Em Portugal, o pre\u00e7o do gas\u00f3leo tem vindo a aproximar-se&nbsp;\u2014&nbsp;e em alguns momentos a ultrapassar&nbsp;\u2014&nbsp;os&nbsp;<strong>2 euros por litro<\/strong>, refletindo diretamente a instabilidade geopol\u00edtica e a volatilidade dos mercados energ\u00e9ticos.&nbsp;<\/p>\n\n\n\n<p>Esta realidade tem um impacto particularmente gravoso nas corpora\u00e7\u00f5es de bombeiros, cuja atividade depende diariamente da utiliza\u00e7\u00e3o intensiva de viaturas de socorro, ambul\u00e2ncias e ve\u00edculos de combate a inc\u00eandios, indispens\u00e1veis para garantir a resposta \u00e0s emerg\u00eancias e o socorro \u00e0s popula\u00e7\u00f5es.&nbsp;<\/p>\n\n\n\n<p>Importa recordar que as associa\u00e7\u00f5es humanit\u00e1rias de bombeiros j\u00e1 enfrentam, h\u00e1 v\u00e1rios anos, uma crescente press\u00e3o financeira resultante do aumento generalizado dos custos operacionais, sem que os respetivos apoios p\u00fablicos tenham acompanhado essa evolu\u00e7\u00e3o.&nbsp;<\/p>\n\n\n\n<p>No Algarve, a maioria dos corpos de bombeiros assenta numa estrutura associativa e volunt\u00e1ria, assegurando um servi\u00e7o p\u00fablico essencial e insubstitu\u00edvel nas \u00e1reas da&nbsp;<strong>prote\u00e7\u00e3o civil, emerg\u00eancia pr\u00e9hospitalar e socorro \u00e0s popula\u00e7\u00f5es<\/strong>.&nbsp;<\/p>\n\n\n\n<h4 class=\"wp-block-heading\">Impacto financeiro real&nbsp;<\/h4>\n\n\n\n<p>Para melhor ilustrar o impacto desta subida dos combust\u00edveis, considere-se o exemplo de um corpo de bombeiros que consuma, em m\u00e9dia,&nbsp;<strong>1.000 litros de gas\u00f3leo por semana<\/strong>&nbsp;nas suas viaturas de socorro.&nbsp;<\/p>\n\n\n\n<p>Tendo em conta um aumento aproximado de&nbsp;<strong>50 c\u00eantimos por litro<\/strong>, o impacto financeiro \u00e9 o seguinte:&nbsp;<\/p>\n\n\n\n<ul class=\"wp-block-list\">\n<li>Consumo mensal m\u00e9dio:\u00a0<strong>4.000 litros<\/strong>\u00a0<\/li>\n\n\n\n<li>Aumento por litro:\u00a0<strong>0,50 \u20ac<\/strong>\u00a0\u00a0<strong>Impacto mensal:<\/strong><\/li>\n<\/ul>\n\n\n\n<p>4.000 litros \u00d7 0,50 \u20ac =&nbsp;<strong>2.000 \u20ac de custo adicional<\/strong>&nbsp;<strong>Impacto anual:<\/strong><\/p>\n\n\n\n<p>2.000 \u20ac \u00d7 12 meses =&nbsp;<strong>24.000 \u20ac de aumento anual apenas em combust\u00edvel&nbsp;<\/strong><\/p>\n\n\n\n<p>Importa ainda sublinhar que muitas corpora\u00e7\u00f5es de bombeiros do Algarve apresentam consumos significativamente superiores, sobretudo aquelas que asseguram maior volume de&nbsp;<strong>emerg\u00eancia pr\u00e9hospitalar, transporte de doentes e opera\u00e7\u00f5es de socorro<\/strong>, podendo o impacto financeiro real atingir valores bastante mais elevados.&nbsp;<\/p>\n\n\n\n<h4 class=\"wp-block-heading\">Federa\u00e7\u00e3o exige medidas urgentes&nbsp;<\/h4>\n\n\n\n<p>Perante esta realidade, a Federa\u00e7\u00e3o de Bombeiros do Algarve defende a ado\u00e7\u00e3o urgente de medidas extraordin\u00e1rias de apoio ao setor, designadamente:&nbsp;<\/p>\n\n\n\n<p>&nbsp;&nbsp;&nbsp;&nbsp;&nbsp;\u2022&nbsp;&nbsp;&nbsp;&nbsp;&nbsp;&nbsp;&nbsp;&nbsp;&nbsp;&nbsp;&nbsp;&nbsp;&nbsp;&nbsp;&nbsp;&nbsp;Refor\u00e7o imediato dos apoios financeiros \u00e0s associa\u00e7\u00f5es humanit\u00e1rias de bombeiros;&nbsp;&nbsp;<\/p>\n\n\n\n<h4 class=\"wp-block-heading\">\u2022&nbsp;Cria\u00e7\u00e3o de um&nbsp;mecanismo de desconto direto no abastecimento de combust\u00edvel&nbsp;para viaturas de socorro e emerg\u00eancia;&nbsp;&nbsp;<\/h4>\n\n\n\n<ul class=\"wp-block-list\">\n<li>Implementa\u00e7\u00e3o de\u00a0<strong>mecanismos autom\u00e1ticos de compensa\u00e7\u00e3o<\/strong>\u00a0sempre que o pre\u00e7o dos combust\u00edveis ultrapasse determinados n\u00edveis de refer\u00eancia;\u00a0\u00a0<\/li>\n\n\n\n<li><strong>Revis\u00e3o da carga fiscal<\/strong>\u00a0aplicada aos combust\u00edveis utilizados por ve\u00edculos afetos ao socorro e \u00e0 prote\u00e7\u00e3o civil.\u00a0\u00a0<\/li>\n<\/ul>\n\n\n\n<p>\u201cO aumento dos combust\u00edveis est\u00e1 a colocar uma press\u00e3o financeira muito significativa sobre as&nbsp;associa\u00e7\u00f5es humanit\u00e1rias de bombeiros. N\u00e3o \u00e9 aceit\u00e1vel que institui\u00e7\u00f5es que asseguram um servi\u00e7o p\u00fablico essencial continuem a suportar custos energ\u00e9ticos desta dimens\u00e3o sem medidas de&nbsp;compensa\u00e7\u00e3o adequadas\u201d, afirma o Presidente da Federa\u00e7\u00e3o de Bombeiros do Algarve.<\/p>\n\n\n\n<p>A Federa\u00e7\u00e3o recorda que os bombeiros portugueses constituem um dos pilares fundamentais do sistema nacional de prote\u00e7\u00e3o civil e alerta que a sustentabilidade das corpora\u00e7\u00f5es n\u00e3o pode ser colocada em risco.&nbsp;<\/p>\n\n\n\n<p><strong>\u201cQuando o combust\u00edvel sobe, os bombeiros n\u00e3o podem parar. As ambul\u00e2ncias continuam a sair, os inc\u00eandios continuam a ser combatidos e o socorro continua a chegar \u00e0s popula\u00e7\u00f5es. A diferen\u00e7a \u00e9 que hoje isso est\u00e1 a custar muito mais \u00e0s associa\u00e7\u00f5es humanit\u00e1rias de bombeiros.\u201d&nbsp;<\/strong><\/p>\n\n\n\n<p>A posi\u00e7\u00e3o da Federa\u00e7\u00e3o ser\u00e1 formalmente comunicada ao Governo da Rep\u00fablica e \u00e0s entidades competentes.&nbsp;<\/p>\n","protected":false},"excerpt":{"rendered":"<p>A Federa\u00e7\u00e3o de Bombeiros do Algarve manifesta profunda preocupa\u00e7\u00e3o com o impacto do aumento do pre\u00e7o dos combust\u00edveis na sustentabilidade<\/p>\n","protected":false},"author":1,"featured_media":60813,"comment_status":"closed","ping_status":"closed","sticky":false,"template":"","format":"standard","meta":{"colormag_page_container_layout":"default_layout","colormag_page_sidebar_layout":"default_layout","_monsterinsights_skip_tracking":false,"_monsterinsights_sitenote_active":false,"_monsterinsights_sitenote_note":"","_monsterinsights_sitenote_category":0,"jetpack_post_was_ever_published":false,"_jetpack_newsletter_access":"","_jetpack_dont_email_post_to_subs":false,"_jetpack_newsletter_tier_id":0,"_jetpack_memberships_contains_paywalled_content":false,"_jetpack_memberships_contains_paid_content":false,"footnotes":"","jetpack_publicize_message":"","jetpack_publicize_feature_enabled":true,"jetpack_social_post_already_shared":true,"jetpack_social_options":{"image_generator_settings":{"template":"highway","default_image_id":0,"font":"","enabled":false},"version":2}},"categories":[11],"tags":[36,62,104],"class_list":["post-60812","post","type-post","status-publish","format-standard","has-post-thumbnail","hentry","category-atualidade","tag-algarve","tag-atualidade","tag-bombeiros"],"yoast_head":"<!-- This site is optimized with the Yoast SEO plugin v27.5 - https:\/\/yoast.com\/product\/yoast-seo-wordpress\/ -->\n<title>Impacto do aumento dos combust\u00edveis amea\u00e7a sustentabilidade operacional dos Bombeiros do Algarve\u00a0 - Algarve 7<\/title>\n<meta name=\"description\" content=\"Impacto do aumento dos combust\u00edveis amea\u00e7a sustentabilidade operacional dos Bombeiros do Algarve\u00a0 Atualidade\" \/>\n<meta name=\"robots\" content=\"index, follow, max-snippet:-1, max-image-preview:large, max-video-preview:-1\" \/>\n<link rel=\"canonical\" href=\"https:\/\/algarve7.pt\/index.php\/2026\/04\/impacto-do-aumento-dos-combustiveis-ameaca-sustentabilidade-operacional-dos-bombeiros-do-algarve\/atualidade\/10\/36\/\" \/>\n<meta property=\"og:locale\" content=\"pt_PT\" \/>\n<meta property=\"og:type\" content=\"article\" \/>\n<meta property=\"og:title\" content=\"Impacto do aumento dos combust\u00edveis amea\u00e7a sustentabilidade operacional dos Bombeiros do Algarve\u00a0 - Algarve 7\" \/>\n<meta property=\"og:description\" content=\"Impacto do aumento dos combust\u00edveis amea\u00e7a sustentabilidade operacional dos Bombeiros do Algarve\u00a0 Atualidade\" \/>\n<meta property=\"og:url\" content=\"https:\/\/algarve7.pt\/index.php\/2026\/04\/impacto-do-aumento-dos-combustiveis-ameaca-sustentabilidade-operacional-dos-bombeiros-do-algarve\/atualidade\/10\/36\/\" \/>\n<meta property=\"og:site_name\" content=\"Algarve 7\" \/>\n<meta property=\"article:publisher\" content=\"https:\/\/www.facebook.com\/algarve7\" \/>\n<meta property=\"article:author\" content=\"https:\/\/www.facebook.com\/algarve7\" \/>\n<meta property=\"article:published_time\" content=\"2026-04-07T09:36:57+00:00\" \/>\n<meta property=\"article:modified_time\" content=\"2026-04-07T09:37:05+00:00\" \/>\n<meta property=\"og:image\" content=\"https:\/\/algarve7.pt\/wp-content\/uploads\/2026\/04\/federacao-de-bombeiros-do-algarve.jpg\" \/>\n\t<meta property=\"og:image:width\" content=\"800\" \/>\n\t<meta property=\"og:image:height\" content=\"445\" \/>\n\t<meta property=\"og:image:type\" content=\"image\/jpeg\" \/>\n<meta name=\"author\" content=\"Algarve 7\" \/>\n<meta name=\"twitter:card\" content=\"summary_large_image\" \/>\n<meta name=\"twitter:creator\" content=\"@Algarvesete\" \/>\n<meta name=\"twitter:site\" content=\"@Algarvesete\" \/>\n<meta name=\"twitter:label1\" content=\"Escrito por\" \/>\n\t<meta name=\"twitter:data1\" content=\"Algarve 7\" \/>\n\t<meta name=\"twitter:label2\" content=\"Tempo estimado de leitura\" \/>\n\t<meta name=\"twitter:data2\" content=\"4 minutos\" \/>\n<script type=\"application\/ld+json\" class=\"yoast-schema-graph\">{\"@context\":\"https:\\\/\\\/schema.org\",\"@graph\":[{\"@type\":\"Article\",\"@id\":\"https:\\\/\\\/algarve7.pt\\\/index.php\\\/2026\\\/04\\\/impacto-do-aumento-dos-combustiveis-ameaca-sustentabilidade-operacional-dos-bombeiros-do-algarve\\\/atualidade\\\/10\\\/36\\\/#article\",\"isPartOf\":{\"@id\":\"https:\\\/\\\/algarve7.pt\\\/index.php\\\/2026\\\/04\\\/impacto-do-aumento-dos-combustiveis-ameaca-sustentabilidade-operacional-dos-bombeiros-do-algarve\\\/atualidade\\\/10\\\/36\\\/\"},\"author\":{\"name\":\"Algarve 7\",\"@id\":\"https:\\\/\\\/algarve7.pt\\\/#\\\/schema\\\/person\\\/23fa70681308e7b319a3204bcea45e0c\"},\"headline\":\"Impacto do aumento dos combust\u00edveis amea\u00e7a sustentabilidade operacional dos Bombeiros do Algarve\u00a0\",\"datePublished\":\"2026-04-07T09:36:57+00:00\",\"dateModified\":\"2026-04-07T09:37:05+00:00\",\"mainEntityOfPage\":{\"@id\":\"https:\\\/\\\/algarve7.pt\\\/index.php\\\/2026\\\/04\\\/impacto-do-aumento-dos-combustiveis-ameaca-sustentabilidade-operacional-dos-bombeiros-do-algarve\\\/atualidade\\\/10\\\/36\\\/\"},\"wordCount\":699,\"publisher\":{\"@id\":\"https:\\\/\\\/algarve7.pt\\\/#organization\"},\"image\":{\"@id\":\"https:\\\/\\\/algarve7.pt\\\/index.php\\\/2026\\\/04\\\/impacto-do-aumento-dos-combustiveis-ameaca-sustentabilidade-operacional-dos-bombeiros-do-algarve\\\/atualidade\\\/10\\\/36\\\/#primaryimage\"},\"thumbnailUrl\":\"https:\\\/\\\/algarve7.pt\\\/wp-content\\\/uploads\\\/2026\\\/04\\\/federacao-de-bombeiros-do-algarve.jpg\",\"keywords\":[\"Algarve\",\"Atualidade\",\"Bombeiros\"],\"articleSection\":[\"Atualidade\"],\"inLanguage\":\"pt-PT\"},{\"@type\":\"WebPage\",\"@id\":\"https:\\\/\\\/algarve7.pt\\\/index.php\\\/2026\\\/04\\\/impacto-do-aumento-dos-combustiveis-ameaca-sustentabilidade-operacional-dos-bombeiros-do-algarve\\\/atualidade\\\/10\\\/36\\\/\",\"url\":\"https:\\\/\\\/algarve7.pt\\\/index.php\\\/2026\\\/04\\\/impacto-do-aumento-dos-combustiveis-ameaca-sustentabilidade-operacional-dos-bombeiros-do-algarve\\\/atualidade\\\/10\\\/36\\\/\",\"name\":\"Impacto do aumento dos combust\u00edveis amea\u00e7a sustentabilidade operacional dos Bombeiros do Algarve\u00a0 - Algarve 7\",\"isPartOf\":{\"@id\":\"https:\\\/\\\/algarve7.pt\\\/#website\"},\"primaryImageOfPage\":{\"@id\":\"https:\\\/\\\/algarve7.pt\\\/index.php\\\/2026\\\/04\\\/impacto-do-aumento-dos-combustiveis-ameaca-sustentabilidade-operacional-dos-bombeiros-do-algarve\\\/atualidade\\\/10\\\/36\\\/#primaryimage\"},\"image\":{\"@id\":\"https:\\\/\\\/algarve7.pt\\\/index.php\\\/2026\\\/04\\\/impacto-do-aumento-dos-combustiveis-ameaca-sustentabilidade-operacional-dos-bombeiros-do-algarve\\\/atualidade\\\/10\\\/36\\\/#primaryimage\"},\"thumbnailUrl\":\"https:\\\/\\\/algarve7.pt\\\/wp-content\\\/uploads\\\/2026\\\/04\\\/federacao-de-bombeiros-do-algarve.jpg\",\"datePublished\":\"2026-04-07T09:36:57+00:00\",\"dateModified\":\"2026-04-07T09:37:05+00:00\",\"description\":\"Impacto do aumento dos combust\u00edveis amea\u00e7a sustentabilidade operacional dos Bombeiros do Algarve\u00a0 Atualidade\",\"breadcrumb\":{\"@id\":\"https:\\\/\\\/algarve7.pt\\\/index.php\\\/2026\\\/04\\\/impacto-do-aumento-dos-combustiveis-ameaca-sustentabilidade-operacional-dos-bombeiros-do-algarve\\\/atualidade\\\/10\\\/36\\\/#breadcrumb\"},\"inLanguage\":\"pt-PT\",\"potentialAction\":[{\"@type\":\"ReadAction\",\"target\":[\"https:\\\/\\\/algarve7.pt\\\/index.php\\\/2026\\\/04\\\/impacto-do-aumento-dos-combustiveis-ameaca-sustentabilidade-operacional-dos-bombeiros-do-algarve\\\/atualidade\\\/10\\\/36\\\/\"]}]},{\"@type\":\"ImageObject\",\"inLanguage\":\"pt-PT\",\"@id\":\"https:\\\/\\\/algarve7.pt\\\/index.php\\\/2026\\\/04\\\/impacto-do-aumento-dos-combustiveis-ameaca-sustentabilidade-operacional-dos-bombeiros-do-algarve\\\/atualidade\\\/10\\\/36\\\/#primaryimage\",\"url\":\"https:\\\/\\\/algarve7.pt\\\/wp-content\\\/uploads\\\/2026\\\/04\\\/federacao-de-bombeiros-do-algarve.jpg\",\"contentUrl\":\"https:\\\/\\\/algarve7.pt\\\/wp-content\\\/uploads\\\/2026\\\/04\\\/federacao-de-bombeiros-do-algarve.jpg\",\"width\":800,\"height\":445},{\"@type\":\"BreadcrumbList\",\"@id\":\"https:\\\/\\\/algarve7.pt\\\/index.php\\\/2026\\\/04\\\/impacto-do-aumento-dos-combustiveis-ameaca-sustentabilidade-operacional-dos-bombeiros-do-algarve\\\/atualidade\\\/10\\\/36\\\/#breadcrumb\",\"itemListElement\":[{\"@type\":\"ListItem\",\"position\":1,\"name\":\"In\u00edcio\",\"item\":\"https:\\\/\\\/algarve7.pt\\\/\"},{\"@type\":\"ListItem\",\"position\":2,\"name\":\"Impacto do aumento dos combust\u00edveis amea\u00e7a sustentabilidade operacional dos Bombeiros do Algarve\u00a0\"}]},{\"@type\":\"WebSite\",\"@id\":\"https:\\\/\\\/algarve7.pt\\\/#website\",\"url\":\"https:\\\/\\\/algarve7.pt\\\/\",\"name\":\"Algarve 7\",\"description\":\"Informa\u00e7\u00e3o sobre o Algarve\",\"publisher\":{\"@id\":\"https:\\\/\\\/algarve7.pt\\\/#organization\"},\"potentialAction\":[{\"@type\":\"SearchAction\",\"target\":{\"@type\":\"EntryPoint\",\"urlTemplate\":\"https:\\\/\\\/algarve7.pt\\\/?s={search_term_string}\"},\"query-input\":{\"@type\":\"PropertyValueSpecification\",\"valueRequired\":true,\"valueName\":\"search_term_string\"}}],\"inLanguage\":\"pt-PT\"},{\"@type\":\"Organization\",\"@id\":\"https:\\\/\\\/algarve7.pt\\\/#organization\",\"name\":\"Algarve 7\",\"url\":\"https:\\\/\\\/algarve7.pt\\\/\",\"logo\":{\"@type\":\"ImageObject\",\"inLanguage\":\"pt-PT\",\"@id\":\"https:\\\/\\\/algarve7.pt\\\/#\\\/schema\\\/logo\\\/image\\\/\",\"url\":\"https:\\\/\\\/algarve7.pt\\\/wp-content\\\/uploads\\\/2020\\\/10\\\/Logo-8.jpg\",\"contentUrl\":\"https:\\\/\\\/algarve7.pt\\\/wp-content\\\/uploads\\\/2020\\\/10\\\/Logo-8.jpg\",\"width\":1680,\"height\":1186,\"caption\":\"Algarve 7\"},\"image\":{\"@id\":\"https:\\\/\\\/algarve7.pt\\\/#\\\/schema\\\/logo\\\/image\\\/\"},\"sameAs\":[\"https:\\\/\\\/www.facebook.com\\\/algarve7\",\"https:\\\/\\\/x.com\\\/Algarvesete\",\"https:\\\/\\\/www.instagram.com\\\/jornalalgarve7\\\/\",\"https:\\\/\\\/www.linkedin.com\\\/company\\\/algarve7\",\"https:\\\/\\\/www.pinterest.pt\\\/geral0939\\\/_created\\\/\"]},{\"@type\":\"Person\",\"@id\":\"https:\\\/\\\/algarve7.pt\\\/#\\\/schema\\\/person\\\/23fa70681308e7b319a3204bcea45e0c\",\"name\":\"Algarve 7\",\"sameAs\":[\"https:\\\/\\\/algarve7.pt\",\"https:\\\/\\\/www.facebook.com\\\/algarve7\"],\"url\":\"https:\\\/\\\/algarve7.pt\\\/index.php\\\/author\\\/geralalgarve7-pt\\\/\"}]}<\/script>\n<!-- \/ Yoast SEO plugin. -->","yoast_head_json":{"title":"Impacto do aumento dos combust\u00edveis amea\u00e7a sustentabilidade operacional dos Bombeiros do Algarve\u00a0 - Algarve 7","description":"Impacto do aumento dos combust\u00edveis amea\u00e7a sustentabilidade operacional dos Bombeiros do Algarve\u00a0 Atualidade","robots":{"index":"index","follow":"follow","max-snippet":"max-snippet:-1","max-image-preview":"max-image-preview:large","max-video-preview":"max-video-preview:-1"},"canonical":"https:\/\/algarve7.pt\/index.php\/2026\/04\/impacto-do-aumento-dos-combustiveis-ameaca-sustentabilidade-operacional-dos-bombeiros-do-algarve\/atualidade\/10\/36\/","og_locale":"pt_PT","og_type":"article","og_title":"Impacto do aumento dos combust\u00edveis amea\u00e7a sustentabilidade operacional dos Bombeiros do Algarve\u00a0 - Algarve 7","og_description":"Impacto do aumento dos combust\u00edveis amea\u00e7a sustentabilidade operacional dos Bombeiros do Algarve\u00a0 Atualidade","og_url":"https:\/\/algarve7.pt\/index.php\/2026\/04\/impacto-do-aumento-dos-combustiveis-ameaca-sustentabilidade-operacional-dos-bombeiros-do-algarve\/atualidade\/10\/36\/","og_site_name":"Algarve 7","article_publisher":"https:\/\/www.facebook.com\/algarve7","article_author":"https:\/\/www.facebook.com\/algarve7","article_published_time":"2026-04-07T09:36:57+00:00","article_modified_time":"2026-04-07T09:37:05+00:00","og_image":[{"width":800,"height":445,"url":"https:\/\/algarve7.pt\/wp-content\/uploads\/2026\/04\/federacao-de-bombeiros-do-algarve.jpg","type":"image\/jpeg"}],"author":"Algarve 7","twitter_card":"summary_large_image","twitter_creator":"@Algarvesete","twitter_site":"@Algarvesete","twitter_misc":{"Escrito por":"Algarve 7","Tempo estimado de leitura":"4 minutos"},"schema":{"@context":"https:\/\/schema.org","@graph":[{"@type":"Article","@id":"https:\/\/algarve7.pt\/index.php\/2026\/04\/impacto-do-aumento-dos-combustiveis-ameaca-sustentabilidade-operacional-dos-bombeiros-do-algarve\/atualidade\/10\/36\/#article","isPartOf":{"@id":"https:\/\/algarve7.pt\/index.php\/2026\/04\/impacto-do-aumento-dos-combustiveis-ameaca-sustentabilidade-operacional-dos-bombeiros-do-algarve\/atualidade\/10\/36\/"},"author":{"name":"Algarve 7","@id":"https:\/\/algarve7.pt\/#\/schema\/person\/23fa70681308e7b319a3204bcea45e0c"},"headline":"Impacto do aumento dos combust\u00edveis amea\u00e7a sustentabilidade operacional dos Bombeiros do Algarve\u00a0","datePublished":"2026-04-07T09:36:57+00:00","dateModified":"2026-04-07T09:37:05+00:00","mainEntityOfPage":{"@id":"https:\/\/algarve7.pt\/index.php\/2026\/04\/impacto-do-aumento-dos-combustiveis-ameaca-sustentabilidade-operacional-dos-bombeiros-do-algarve\/atualidade\/10\/36\/"},"wordCount":699,"publisher":{"@id":"https:\/\/algarve7.pt\/#organization"},"image":{"@id":"https:\/\/algarve7.pt\/index.php\/2026\/04\/impacto-do-aumento-dos-combustiveis-ameaca-sustentabilidade-operacional-dos-bombeiros-do-algarve\/atualidade\/10\/36\/#primaryimage"},"thumbnailUrl":"https:\/\/algarve7.pt\/wp-content\/uploads\/2026\/04\/federacao-de-bombeiros-do-algarve.jpg","keywords":["Algarve","Atualidade","Bombeiros"],"articleSection":["Atualidade"],"inLanguage":"pt-PT"},{"@type":"WebPage","@id":"https:\/\/algarve7.pt\/index.php\/2026\/04\/impacto-do-aumento-dos-combustiveis-ameaca-sustentabilidade-operacional-dos-bombeiros-do-algarve\/atualidade\/10\/36\/","url":"https:\/\/algarve7.pt\/index.php\/2026\/04\/impacto-do-aumento-dos-combustiveis-ameaca-sustentabilidade-operacional-dos-bombeiros-do-algarve\/atualidade\/10\/36\/","name":"Impacto do aumento dos combust\u00edveis amea\u00e7a sustentabilidade operacional dos Bombeiros do Algarve\u00a0 - Algarve 7","isPartOf":{"@id":"https:\/\/algarve7.pt\/#website"},"primaryImageOfPage":{"@id":"https:\/\/algarve7.pt\/index.php\/2026\/04\/impacto-do-aumento-dos-combustiveis-ameaca-sustentabilidade-operacional-dos-bombeiros-do-algarve\/atualidade\/10\/36\/#primaryimage"},"image":{"@id":"https:\/\/algarve7.pt\/index.php\/2026\/04\/impacto-do-aumento-dos-combustiveis-ameaca-sustentabilidade-operacional-dos-bombeiros-do-algarve\/atualidade\/10\/36\/#primaryimage"},"thumbnailUrl":"https:\/\/algarve7.pt\/wp-content\/uploads\/2026\/04\/federacao-de-bombeiros-do-algarve.jpg","datePublished":"2026-04-07T09:36:57+00:00","dateModified":"2026-04-07T09:37:05+00:00","description":"Impacto do aumento dos combust\u00edveis amea\u00e7a sustentabilidade operacional dos Bombeiros do Algarve\u00a0 Atualidade","breadcrumb":{"@id":"https:\/\/algarve7.pt\/index.php\/2026\/04\/impacto-do-aumento-dos-combustiveis-ameaca-sustentabilidade-operacional-dos-bombeiros-do-algarve\/atualidade\/10\/36\/#breadcrumb"},"inLanguage":"pt-PT","potentialAction":[{"@type":"ReadAction","target":["https:\/\/algarve7.pt\/index.php\/2026\/04\/impacto-do-aumento-dos-combustiveis-ameaca-sustentabilidade-operacional-dos-bombeiros-do-algarve\/atualidade\/10\/36\/"]}]},{"@type":"ImageObject","inLanguage":"pt-PT","@id":"https:\/\/algarve7.pt\/index.php\/2026\/04\/impacto-do-aumento-dos-combustiveis-ameaca-sustentabilidade-operacional-dos-bombeiros-do-algarve\/atualidade\/10\/36\/#primaryimage","url":"https:\/\/algarve7.pt\/wp-content\/uploads\/2026\/04\/federacao-de-bombeiros-do-algarve.jpg","contentUrl":"https:\/\/algarve7.pt\/wp-content\/uploads\/2026\/04\/federacao-de-bombeiros-do-algarve.jpg","width":800,"height":445},{"@type":"BreadcrumbList","@id":"https:\/\/algarve7.pt\/index.php\/2026\/04\/impacto-do-aumento-dos-combustiveis-ameaca-sustentabilidade-operacional-dos-bombeiros-do-algarve\/atualidade\/10\/36\/#breadcrumb","itemListElement":[{"@type":"ListItem","position":1,"name":"In\u00edcio","item":"https:\/\/algarve7.pt\/"},{"@type":"ListItem","position":2,"name":"Impacto do aumento dos combust\u00edveis amea\u00e7a sustentabilidade operacional dos Bombeiros do Algarve\u00a0"}]},{"@type":"WebSite","@id":"https:\/\/algarve7.pt\/#website","url":"https:\/\/algarve7.pt\/","name":"Algarve 7","description":"Informa\u00e7\u00e3o sobre o Algarve","publisher":{"@id":"https:\/\/algarve7.pt\/#organization"},"potentialAction":[{"@type":"SearchAction","target":{"@type":"EntryPoint","urlTemplate":"https:\/\/algarve7.pt\/?s={search_term_string}"},"query-input":{"@type":"PropertyValueSpecification","valueRequired":true,"valueName":"search_term_string"}}],"inLanguage":"pt-PT"},{"@type":"Organization","@id":"https:\/\/algarve7.pt\/#organization","name":"Algarve 7","url":"https:\/\/algarve7.pt\/","logo":{"@type":"ImageObject","inLanguage":"pt-PT","@id":"https:\/\/algarve7.pt\/#\/schema\/logo\/image\/","url":"https:\/\/algarve7.pt\/wp-content\/uploads\/2020\/10\/Logo-8.jpg","contentUrl":"https:\/\/algarve7.pt\/wp-content\/uploads\/2020\/10\/Logo-8.jpg","width":1680,"height":1186,"caption":"Algarve 7"},"image":{"@id":"https:\/\/algarve7.pt\/#\/schema\/logo\/image\/"},"sameAs":["https:\/\/www.facebook.com\/algarve7","https:\/\/x.com\/Algarvesete","https:\/\/www.instagram.com\/jornalalgarve7\/","https:\/\/www.linkedin.com\/company\/algarve7","https:\/\/www.pinterest.pt\/geral0939\/_created\/"]},{"@type":"Person","@id":"https:\/\/algarve7.pt\/#\/schema\/person\/23fa70681308e7b319a3204bcea45e0c","name":"Algarve 7","sameAs":["https:\/\/algarve7.pt","https:\/\/www.facebook.com\/algarve7"],"url":"https:\/\/algarve7.pt\/index.php\/author\/geralalgarve7-pt\/"}]}},"jetpack_publicize_connections":[],"jetpack_featured_media_url":"https:\/\/algarve7.pt\/wp-content\/uploads\/2026\/04\/federacao-de-bombeiros-do-algarve.jpg","jetpack_shortlink":"https:\/\/wp.me\/pcezmW-fOQ","jetpack_sharing_enabled":true,"_links":{"self":[{"href":"https:\/\/algarve7.pt\/index.php\/wp-json\/wp\/v2\/posts\/60812","targetHints":{"allow":["GET"]}}],"collection":[{"href":"https:\/\/algarve7.pt\/index.php\/wp-json\/wp\/v2\/posts"}],"about":[{"href":"https:\/\/algarve7.pt\/index.php\/wp-json\/wp\/v2\/types\/post"}],"author":[{"embeddable":true,"href":"https:\/\/algarve7.pt\/index.php\/wp-json\/wp\/v2\/users\/1"}],"replies":[{"embeddable":true,"href":"https:\/\/algarve7.pt\/index.php\/wp-json\/wp\/v2\/comments?post=60812"}],"version-history":[{"count":0,"href":"https:\/\/algarve7.pt\/index.php\/wp-json\/wp\/v2\/posts\/60812\/revisions"}],"wp:featuredmedia":[{"embeddable":true,"href":"https:\/\/algarve7.pt\/index.php\/wp-json\/wp\/v2\/media\/60813"}],"wp:attachment":[{"href":"https:\/\/algarve7.pt\/index.php\/wp-json\/wp\/v2\/media?parent=60812"}],"wp:term":[{"taxonomy":"category","embeddable":true,"href":"https:\/\/algarve7.pt\/index.php\/wp-json\/wp\/v2\/categories?post=60812"},{"taxonomy":"post_tag","embeddable":true,"href":"https:\/\/algarve7.pt\/index.php\/wp-json\/wp\/v2\/tags?post=60812"}],"curies":[{"name":"wp","href":"https:\/\/api.w.org\/{rel}","templated":true}]}}