{"id":60797,"date":"2026-04-08T07:45:00","date_gmt":"2026-04-08T06:45:00","guid":{"rendered":"https:\/\/algarve7.pt\/?p=60797"},"modified":"2026-04-06T18:29:17","modified_gmt":"2026-04-06T17:29:17","slug":"portimao-expoe-portugal-profundo-fotografias-de-marques-valentim-e-antonio-marreiros","status":"publish","type":"post","link":"https:\/\/algarve7.pt\/index.php\/2026\/04\/portimao-expoe-portugal-profundo-fotografias-de-marques-valentim-e-antonio-marreiros\/cultura\/07\/45\/","title":{"rendered":"Portim\u00e3o exp\u00f5e \u201cPortugal Profundo\u201d fotografias de Marques Valentim e Ant\u00f3nio Marreiros"},"content":{"rendered":"\n<p>A exposi\u00e7\u00e3o fotogr\u00e1fica &#8220;Portugal Profundo\u201d, que retrata vidas e lugares nas d\u00e9cadas de 60 a 80 do s\u00e9culo XX, \u00e9 uma mostra de&nbsp;imagens captadas por Marques Valentim e Ant\u00f3nio Marreiros, cuja inaugura\u00e7\u00e3o est\u00e1 marcada para o pr\u00f3ximo dia 11 de abril, pelas 16h00, na Casa Manuel Teixeira Gomes.<\/p>\n\n\n\n<p>\u201cPortugal Profundo\u201d apresenta os olhares de dois fot\u00f3grafos, Marques Valentim (1949) e Ant\u00f3nio da Silva Marreiros (1932\u20132025) que, apesar de percursos distintos, estabelecem um di\u00e1logo visual atrav\u00e9s de retratos que reportam \u00e0s d\u00e9cadas de 1960 e 1970, prosseguindo at\u00e9 aos anos 80.&nbsp;<\/p>\n\n\n\n<p>As imagens conduzem o visitante por territ\u00f3rios, mais ou menos afastados dos grandes centros urbanos e do desenvolvimento litoral, que preservam ritmos pr\u00f3prios e uma liga\u00e7\u00e3o profunda \u00e0 sua matriz rural.<\/p>\n\n\n\n<p>Marques Valentim traz um conjunto de fotografias, a maior parte in\u00e9ditas, captadas em lugares que v\u00e3o do interior norte do pa\u00eds, at\u00e9 ao Alentejo. Ao longo desse percurso, revela modos de vida, gestos e pr\u00e1ticas quotidianas profundamente enraizados na terra.<\/p>\n\n\n\n<p>A estes retratos contrap\u00f5em-se os de Ant\u00f3nio da Silva Marreiros, captados na Mexilhoeira Grande, freguesia rural onde cresceu, e nas suas imedia\u00e7\u00f5es. A diversidade de atividades e pr\u00e1ticas, enraizadas nas tradi\u00e7\u00f5es locais e fixadas pela sua lente, reflete a proximidade da costa e a atra\u00e7\u00e3o exercida pelas paisagens mar\u00edtimas e ribeirinhas.<\/p>\n\n\n\n<p>A poesia dos gestos e dos rostos, das paisagens e dos caminhos, das viv\u00eancias, rituais e festividades, aproxima os dois fot\u00f3grafos num testemunho de elevado valor hist\u00f3rico e etnogr\u00e1fico sobre os modos de vida de um povo.&nbsp;<\/p>\n\n\n\n<p>Estas imagens constituem tamb\u00e9m uma forma de reconhecer geografias e paisagens, de evocar as suas gentes e de valorizar a heran\u00e7a patrimonial.<\/p>\n\n\n\n<p>N\u00e3o se limitando ao interior da Casa Manuel Teixeira Gomes, a mostra integra ainda seis imagens colocadas na fachada exterior do edif\u00edcio, impressas em \u2018telas\u2019 de grande dimens\u00e3o e iluminadas durante a noite.<\/p>\n\n\n\n<p><strong>Marques Valentim<\/strong><em><br><\/em>Nascido em Cascais, em 1949, Marques Valentim frequentou o curso de Fotografia e Cinema nos Servi\u00e7os Cartogr\u00e1ficos do Ex\u00e9rcito, em Lisboa. Posteriormente, cumpriu o servi\u00e7o militar obrigat\u00f3rio em Mo\u00e7ambique, como furriel miliciano foto-cine.<\/p>\n\n\n\n<p>Iniciou a sua carreira no fotojornalismo ap\u00f3s o 25 de Abril de 1974, colaborando com a Ag\u00eancia Europeia de Imprensa e com o di\u00e1rio A Luta, onde permaneceu at\u00e9 \u00e0 sua extin\u00e7\u00e3o, em 1979. Integrou a equipa fundadora do Correio da Manh\u00e3 e, mais tarde, trabalhou no Portugal Hoje, at\u00e9 ao encerramento deste matutino, em 1982. Em 2001, foi distinguido com uma men\u00e7\u00e3o honrosa atribu\u00edda pela revista Vis\u00e3o, no \u00e2mbito do seu prestigiado concurso de fotojornalismo.<\/p>\n\n\n\n<p><strong>Ant\u00f3nio da Silva Marreiros<\/strong><em><br><\/em>Ant\u00f3nio da Silva Marreiros foi um artista que conciliou o of\u00edcio de barbeiro com a fotografia, a poesia e a pintura. Filho de agricultores, nasceu no S\u00edtio de S\u00e3o Pedro, na Mexilhoeira Grande, a 12 de janeiro de 1932. Antes dos 14 anos, partiu para Portim\u00e3o para aprender a profiss\u00e3o de barbeiro, procurando afastar-se do trabalho agr\u00edcola. Foi na barbearia de Valentim Dias que estabeleceu o primeiro contacto com a fotografia, influenciado pelo seu patr\u00e3o, que acumulava as duas atividades.<\/p>\n\n\n\n<p>Aos 23 anos, abriu a sua pr\u00f3pria barbearia na Mexilhoeira Grande e, dois anos depois, perante a escassez de trabalho di\u00e1rio, come\u00e7ou a dedicar-se \u00e0 fotografia. Tornou-se, desde ent\u00e3o, o principal fot\u00f3grafo da freguesia, registando casamentos, batizados e outras celebra\u00e7\u00f5es, mas tamb\u00e9m as paisagens, as gentes, as atividades e as tradi\u00e7\u00f5es locais, estendendo o seu olhar \u00e0s geografias envolventes.<\/p>\n\n\n\n<p>A exposi\u00e7\u00e3o &#8220;Portugal Profundo\u201d tem entrada livre e poder\u00e1 ser visitada at\u00e9 30 de maio pr\u00f3ximo.<\/p>\n","protected":false},"excerpt":{"rendered":"<p>A exposi\u00e7\u00e3o fotogr\u00e1fica &#8220;Portugal Profundo\u201d, que retrata vidas e lugares nas d\u00e9cadas de 60 a 80 do s\u00e9culo XX, \u00e9<\/p>\n","protected":false},"author":1,"featured_media":60798,"comment_status":"closed","ping_status":"closed","sticky":false,"template":"","format":"standard","meta":{"colormag_page_container_layout":"default_layout","colormag_page_sidebar_layout":"default_layout","_monsterinsights_skip_tracking":false,"_monsterinsights_sitenote_active":false,"_monsterinsights_sitenote_note":"","_monsterinsights_sitenote_category":0,"jetpack_post_was_ever_published":false,"_jetpack_newsletter_access":"","_jetpack_dont_email_post_to_subs":false,"_jetpack_newsletter_tier_id":0,"_jetpack_memberships_contains_paywalled_content":false,"_jetpack_memberships_contains_paid_content":false,"footnotes":"","jetpack_publicize_message":"","jetpack_publicize_feature_enabled":true,"jetpack_social_post_already_shared":true,"jetpack_social_options":{"image_generator_settings":{"template":"highway","default_image_id":0,"font":"","enabled":false},"version":2}},"categories":[14],"tags":[36,35,72],"class_list":["post-60797","post","type-post","status-publish","format-standard","has-post-thumbnail","hentry","category-cultura","tag-algarve","tag-cultura","tag-portimao"],"yoast_head":"<!-- This site is optimized with the Yoast SEO plugin v27.5 - https:\/\/yoast.com\/product\/yoast-seo-wordpress\/ -->\n<title>Portim\u00e3o exp\u00f5e \u201cPortugal Profundo\u201d fotografias de Marques Valentim e Ant\u00f3nio Marreiros - Algarve 7<\/title>\n<meta name=\"description\" content=\"Portim\u00e3o exp\u00f5e \u201cPortugal Profundo\u201d fotografias de Marques Valentim e Ant\u00f3nio Marreiros Cultura\" \/>\n<meta name=\"robots\" content=\"index, follow, max-snippet:-1, max-image-preview:large, max-video-preview:-1\" \/>\n<link rel=\"canonical\" href=\"https:\/\/algarve7.pt\/index.php\/2026\/04\/portimao-expoe-portugal-profundo-fotografias-de-marques-valentim-e-antonio-marreiros\/cultura\/07\/45\/\" \/>\n<meta property=\"og:locale\" content=\"pt_PT\" \/>\n<meta property=\"og:type\" content=\"article\" \/>\n<meta property=\"og:title\" content=\"Portim\u00e3o exp\u00f5e \u201cPortugal Profundo\u201d fotografias de Marques Valentim e Ant\u00f3nio Marreiros - Algarve 7\" \/>\n<meta property=\"og:description\" content=\"Portim\u00e3o exp\u00f5e \u201cPortugal Profundo\u201d fotografias de Marques Valentim e Ant\u00f3nio Marreiros Cultura\" \/>\n<meta property=\"og:url\" content=\"https:\/\/algarve7.pt\/index.php\/2026\/04\/portimao-expoe-portugal-profundo-fotografias-de-marques-valentim-e-antonio-marreiros\/cultura\/07\/45\/\" \/>\n<meta property=\"og:site_name\" content=\"Algarve 7\" \/>\n<meta property=\"article:publisher\" content=\"https:\/\/www.facebook.com\/algarve7\" \/>\n<meta property=\"article:author\" content=\"https:\/\/www.facebook.com\/algarve7\" \/>\n<meta property=\"article:published_time\" content=\"2026-04-08T06:45:00+00:00\" \/>\n<meta property=\"og:image\" content=\"https:\/\/algarve7.pt\/wp-content\/uploads\/2026\/04\/Exposicao-Portugal-Profundo-2.jpg\" \/>\n\t<meta property=\"og:image:width\" content=\"800\" \/>\n\t<meta property=\"og:image:height\" content=\"445\" \/>\n\t<meta property=\"og:image:type\" content=\"image\/jpeg\" \/>\n<meta name=\"author\" content=\"Algarve 7\" \/>\n<meta name=\"twitter:card\" content=\"summary_large_image\" \/>\n<meta name=\"twitter:creator\" content=\"@Algarvesete\" \/>\n<meta name=\"twitter:site\" content=\"@Algarvesete\" \/>\n<meta name=\"twitter:label1\" content=\"Escrito por\" \/>\n\t<meta name=\"twitter:data1\" content=\"Algarve 7\" \/>\n\t<meta name=\"twitter:label2\" content=\"Tempo estimado de leitura\" \/>\n\t<meta name=\"twitter:data2\" content=\"4 minutos\" \/>\n<script type=\"application\/ld+json\" class=\"yoast-schema-graph\">{\"@context\":\"https:\\\/\\\/schema.org\",\"@graph\":[{\"@type\":\"Article\",\"@id\":\"https:\\\/\\\/algarve7.pt\\\/index.php\\\/2026\\\/04\\\/portimao-expoe-portugal-profundo-fotografias-de-marques-valentim-e-antonio-marreiros\\\/cultura\\\/07\\\/45\\\/#article\",\"isPartOf\":{\"@id\":\"https:\\\/\\\/algarve7.pt\\\/index.php\\\/2026\\\/04\\\/portimao-expoe-portugal-profundo-fotografias-de-marques-valentim-e-antonio-marreiros\\\/cultura\\\/07\\\/45\\\/\"},\"author\":{\"name\":\"Algarve 7\",\"@id\":\"https:\\\/\\\/algarve7.pt\\\/#\\\/schema\\\/person\\\/23fa70681308e7b319a3204bcea45e0c\"},\"headline\":\"Portim\u00e3o exp\u00f5e \u201cPortugal Profundo\u201d fotografias de Marques Valentim e Ant\u00f3nio Marreiros\",\"datePublished\":\"2026-04-08T06:45:00+00:00\",\"mainEntityOfPage\":{\"@id\":\"https:\\\/\\\/algarve7.pt\\\/index.php\\\/2026\\\/04\\\/portimao-expoe-portugal-profundo-fotografias-de-marques-valentim-e-antonio-marreiros\\\/cultura\\\/07\\\/45\\\/\"},\"wordCount\":636,\"publisher\":{\"@id\":\"https:\\\/\\\/algarve7.pt\\\/#organization\"},\"image\":{\"@id\":\"https:\\\/\\\/algarve7.pt\\\/index.php\\\/2026\\\/04\\\/portimao-expoe-portugal-profundo-fotografias-de-marques-valentim-e-antonio-marreiros\\\/cultura\\\/07\\\/45\\\/#primaryimage\"},\"thumbnailUrl\":\"https:\\\/\\\/algarve7.pt\\\/wp-content\\\/uploads\\\/2026\\\/04\\\/Exposicao-Portugal-Profundo-2.jpg\",\"keywords\":[\"Algarve\",\"Cultura\",\"Portim\u00e3o\"],\"articleSection\":[\"Cultura\"],\"inLanguage\":\"pt-PT\"},{\"@type\":\"WebPage\",\"@id\":\"https:\\\/\\\/algarve7.pt\\\/index.php\\\/2026\\\/04\\\/portimao-expoe-portugal-profundo-fotografias-de-marques-valentim-e-antonio-marreiros\\\/cultura\\\/07\\\/45\\\/\",\"url\":\"https:\\\/\\\/algarve7.pt\\\/index.php\\\/2026\\\/04\\\/portimao-expoe-portugal-profundo-fotografias-de-marques-valentim-e-antonio-marreiros\\\/cultura\\\/07\\\/45\\\/\",\"name\":\"Portim\u00e3o exp\u00f5e \u201cPortugal Profundo\u201d fotografias de Marques Valentim e Ant\u00f3nio Marreiros - Algarve 7\",\"isPartOf\":{\"@id\":\"https:\\\/\\\/algarve7.pt\\\/#website\"},\"primaryImageOfPage\":{\"@id\":\"https:\\\/\\\/algarve7.pt\\\/index.php\\\/2026\\\/04\\\/portimao-expoe-portugal-profundo-fotografias-de-marques-valentim-e-antonio-marreiros\\\/cultura\\\/07\\\/45\\\/#primaryimage\"},\"image\":{\"@id\":\"https:\\\/\\\/algarve7.pt\\\/index.php\\\/2026\\\/04\\\/portimao-expoe-portugal-profundo-fotografias-de-marques-valentim-e-antonio-marreiros\\\/cultura\\\/07\\\/45\\\/#primaryimage\"},\"thumbnailUrl\":\"https:\\\/\\\/algarve7.pt\\\/wp-content\\\/uploads\\\/2026\\\/04\\\/Exposicao-Portugal-Profundo-2.jpg\",\"datePublished\":\"2026-04-08T06:45:00+00:00\",\"description\":\"Portim\u00e3o exp\u00f5e \u201cPortugal Profundo\u201d fotografias de Marques Valentim e Ant\u00f3nio Marreiros Cultura\",\"breadcrumb\":{\"@id\":\"https:\\\/\\\/algarve7.pt\\\/index.php\\\/2026\\\/04\\\/portimao-expoe-portugal-profundo-fotografias-de-marques-valentim-e-antonio-marreiros\\\/cultura\\\/07\\\/45\\\/#breadcrumb\"},\"inLanguage\":\"pt-PT\",\"potentialAction\":[{\"@type\":\"ReadAction\",\"target\":[\"https:\\\/\\\/algarve7.pt\\\/index.php\\\/2026\\\/04\\\/portimao-expoe-portugal-profundo-fotografias-de-marques-valentim-e-antonio-marreiros\\\/cultura\\\/07\\\/45\\\/\"]}]},{\"@type\":\"ImageObject\",\"inLanguage\":\"pt-PT\",\"@id\":\"https:\\\/\\\/algarve7.pt\\\/index.php\\\/2026\\\/04\\\/portimao-expoe-portugal-profundo-fotografias-de-marques-valentim-e-antonio-marreiros\\\/cultura\\\/07\\\/45\\\/#primaryimage\",\"url\":\"https:\\\/\\\/algarve7.pt\\\/wp-content\\\/uploads\\\/2026\\\/04\\\/Exposicao-Portugal-Profundo-2.jpg\",\"contentUrl\":\"https:\\\/\\\/algarve7.pt\\\/wp-content\\\/uploads\\\/2026\\\/04\\\/Exposicao-Portugal-Profundo-2.jpg\",\"width\":800,\"height\":445},{\"@type\":\"BreadcrumbList\",\"@id\":\"https:\\\/\\\/algarve7.pt\\\/index.php\\\/2026\\\/04\\\/portimao-expoe-portugal-profundo-fotografias-de-marques-valentim-e-antonio-marreiros\\\/cultura\\\/07\\\/45\\\/#breadcrumb\",\"itemListElement\":[{\"@type\":\"ListItem\",\"position\":1,\"name\":\"In\u00edcio\",\"item\":\"https:\\\/\\\/algarve7.pt\\\/\"},{\"@type\":\"ListItem\",\"position\":2,\"name\":\"Portim\u00e3o exp\u00f5e \u201cPortugal Profundo\u201d fotografias de Marques Valentim e Ant\u00f3nio Marreiros\"}]},{\"@type\":\"WebSite\",\"@id\":\"https:\\\/\\\/algarve7.pt\\\/#website\",\"url\":\"https:\\\/\\\/algarve7.pt\\\/\",\"name\":\"Algarve 7\",\"description\":\"Informa\u00e7\u00e3o sobre o Algarve\",\"publisher\":{\"@id\":\"https:\\\/\\\/algarve7.pt\\\/#organization\"},\"potentialAction\":[{\"@type\":\"SearchAction\",\"target\":{\"@type\":\"EntryPoint\",\"urlTemplate\":\"https:\\\/\\\/algarve7.pt\\\/?s={search_term_string}\"},\"query-input\":{\"@type\":\"PropertyValueSpecification\",\"valueRequired\":true,\"valueName\":\"search_term_string\"}}],\"inLanguage\":\"pt-PT\"},{\"@type\":\"Organization\",\"@id\":\"https:\\\/\\\/algarve7.pt\\\/#organization\",\"name\":\"Algarve 7\",\"url\":\"https:\\\/\\\/algarve7.pt\\\/\",\"logo\":{\"@type\":\"ImageObject\",\"inLanguage\":\"pt-PT\",\"@id\":\"https:\\\/\\\/algarve7.pt\\\/#\\\/schema\\\/logo\\\/image\\\/\",\"url\":\"https:\\\/\\\/algarve7.pt\\\/wp-content\\\/uploads\\\/2020\\\/10\\\/Logo-8.jpg\",\"contentUrl\":\"https:\\\/\\\/algarve7.pt\\\/wp-content\\\/uploads\\\/2020\\\/10\\\/Logo-8.jpg\",\"width\":1680,\"height\":1186,\"caption\":\"Algarve 7\"},\"image\":{\"@id\":\"https:\\\/\\\/algarve7.pt\\\/#\\\/schema\\\/logo\\\/image\\\/\"},\"sameAs\":[\"https:\\\/\\\/www.facebook.com\\\/algarve7\",\"https:\\\/\\\/x.com\\\/Algarvesete\",\"https:\\\/\\\/www.instagram.com\\\/jornalalgarve7\\\/\",\"https:\\\/\\\/www.linkedin.com\\\/company\\\/algarve7\",\"https:\\\/\\\/www.pinterest.pt\\\/geral0939\\\/_created\\\/\"]},{\"@type\":\"Person\",\"@id\":\"https:\\\/\\\/algarve7.pt\\\/#\\\/schema\\\/person\\\/23fa70681308e7b319a3204bcea45e0c\",\"name\":\"Algarve 7\",\"sameAs\":[\"https:\\\/\\\/algarve7.pt\",\"https:\\\/\\\/www.facebook.com\\\/algarve7\"],\"url\":\"https:\\\/\\\/algarve7.pt\\\/index.php\\\/author\\\/geralalgarve7-pt\\\/\"}]}<\/script>\n<!-- \/ Yoast SEO plugin. -->","yoast_head_json":{"title":"Portim\u00e3o exp\u00f5e \u201cPortugal Profundo\u201d fotografias de Marques Valentim e Ant\u00f3nio Marreiros - Algarve 7","description":"Portim\u00e3o exp\u00f5e \u201cPortugal Profundo\u201d fotografias de Marques Valentim e Ant\u00f3nio Marreiros Cultura","robots":{"index":"index","follow":"follow","max-snippet":"max-snippet:-1","max-image-preview":"max-image-preview:large","max-video-preview":"max-video-preview:-1"},"canonical":"https:\/\/algarve7.pt\/index.php\/2026\/04\/portimao-expoe-portugal-profundo-fotografias-de-marques-valentim-e-antonio-marreiros\/cultura\/07\/45\/","og_locale":"pt_PT","og_type":"article","og_title":"Portim\u00e3o exp\u00f5e \u201cPortugal Profundo\u201d fotografias de Marques Valentim e Ant\u00f3nio Marreiros - Algarve 7","og_description":"Portim\u00e3o exp\u00f5e \u201cPortugal Profundo\u201d fotografias de Marques Valentim e Ant\u00f3nio Marreiros Cultura","og_url":"https:\/\/algarve7.pt\/index.php\/2026\/04\/portimao-expoe-portugal-profundo-fotografias-de-marques-valentim-e-antonio-marreiros\/cultura\/07\/45\/","og_site_name":"Algarve 7","article_publisher":"https:\/\/www.facebook.com\/algarve7","article_author":"https:\/\/www.facebook.com\/algarve7","article_published_time":"2026-04-08T06:45:00+00:00","og_image":[{"width":800,"height":445,"url":"https:\/\/algarve7.pt\/wp-content\/uploads\/2026\/04\/Exposicao-Portugal-Profundo-2.jpg","type":"image\/jpeg"}],"author":"Algarve 7","twitter_card":"summary_large_image","twitter_creator":"@Algarvesete","twitter_site":"@Algarvesete","twitter_misc":{"Escrito por":"Algarve 7","Tempo estimado de leitura":"4 minutos"},"schema":{"@context":"https:\/\/schema.org","@graph":[{"@type":"Article","@id":"https:\/\/algarve7.pt\/index.php\/2026\/04\/portimao-expoe-portugal-profundo-fotografias-de-marques-valentim-e-antonio-marreiros\/cultura\/07\/45\/#article","isPartOf":{"@id":"https:\/\/algarve7.pt\/index.php\/2026\/04\/portimao-expoe-portugal-profundo-fotografias-de-marques-valentim-e-antonio-marreiros\/cultura\/07\/45\/"},"author":{"name":"Algarve 7","@id":"https:\/\/algarve7.pt\/#\/schema\/person\/23fa70681308e7b319a3204bcea45e0c"},"headline":"Portim\u00e3o exp\u00f5e \u201cPortugal Profundo\u201d fotografias de Marques Valentim e Ant\u00f3nio Marreiros","datePublished":"2026-04-08T06:45:00+00:00","mainEntityOfPage":{"@id":"https:\/\/algarve7.pt\/index.php\/2026\/04\/portimao-expoe-portugal-profundo-fotografias-de-marques-valentim-e-antonio-marreiros\/cultura\/07\/45\/"},"wordCount":636,"publisher":{"@id":"https:\/\/algarve7.pt\/#organization"},"image":{"@id":"https:\/\/algarve7.pt\/index.php\/2026\/04\/portimao-expoe-portugal-profundo-fotografias-de-marques-valentim-e-antonio-marreiros\/cultura\/07\/45\/#primaryimage"},"thumbnailUrl":"https:\/\/algarve7.pt\/wp-content\/uploads\/2026\/04\/Exposicao-Portugal-Profundo-2.jpg","keywords":["Algarve","Cultura","Portim\u00e3o"],"articleSection":["Cultura"],"inLanguage":"pt-PT"},{"@type":"WebPage","@id":"https:\/\/algarve7.pt\/index.php\/2026\/04\/portimao-expoe-portugal-profundo-fotografias-de-marques-valentim-e-antonio-marreiros\/cultura\/07\/45\/","url":"https:\/\/algarve7.pt\/index.php\/2026\/04\/portimao-expoe-portugal-profundo-fotografias-de-marques-valentim-e-antonio-marreiros\/cultura\/07\/45\/","name":"Portim\u00e3o exp\u00f5e \u201cPortugal Profundo\u201d fotografias de Marques Valentim e Ant\u00f3nio Marreiros - Algarve 7","isPartOf":{"@id":"https:\/\/algarve7.pt\/#website"},"primaryImageOfPage":{"@id":"https:\/\/algarve7.pt\/index.php\/2026\/04\/portimao-expoe-portugal-profundo-fotografias-de-marques-valentim-e-antonio-marreiros\/cultura\/07\/45\/#primaryimage"},"image":{"@id":"https:\/\/algarve7.pt\/index.php\/2026\/04\/portimao-expoe-portugal-profundo-fotografias-de-marques-valentim-e-antonio-marreiros\/cultura\/07\/45\/#primaryimage"},"thumbnailUrl":"https:\/\/algarve7.pt\/wp-content\/uploads\/2026\/04\/Exposicao-Portugal-Profundo-2.jpg","datePublished":"2026-04-08T06:45:00+00:00","description":"Portim\u00e3o exp\u00f5e \u201cPortugal Profundo\u201d fotografias de Marques Valentim e Ant\u00f3nio Marreiros Cultura","breadcrumb":{"@id":"https:\/\/algarve7.pt\/index.php\/2026\/04\/portimao-expoe-portugal-profundo-fotografias-de-marques-valentim-e-antonio-marreiros\/cultura\/07\/45\/#breadcrumb"},"inLanguage":"pt-PT","potentialAction":[{"@type":"ReadAction","target":["https:\/\/algarve7.pt\/index.php\/2026\/04\/portimao-expoe-portugal-profundo-fotografias-de-marques-valentim-e-antonio-marreiros\/cultura\/07\/45\/"]}]},{"@type":"ImageObject","inLanguage":"pt-PT","@id":"https:\/\/algarve7.pt\/index.php\/2026\/04\/portimao-expoe-portugal-profundo-fotografias-de-marques-valentim-e-antonio-marreiros\/cultura\/07\/45\/#primaryimage","url":"https:\/\/algarve7.pt\/wp-content\/uploads\/2026\/04\/Exposicao-Portugal-Profundo-2.jpg","contentUrl":"https:\/\/algarve7.pt\/wp-content\/uploads\/2026\/04\/Exposicao-Portugal-Profundo-2.jpg","width":800,"height":445},{"@type":"BreadcrumbList","@id":"https:\/\/algarve7.pt\/index.php\/2026\/04\/portimao-expoe-portugal-profundo-fotografias-de-marques-valentim-e-antonio-marreiros\/cultura\/07\/45\/#breadcrumb","itemListElement":[{"@type":"ListItem","position":1,"name":"In\u00edcio","item":"https:\/\/algarve7.pt\/"},{"@type":"ListItem","position":2,"name":"Portim\u00e3o exp\u00f5e \u201cPortugal Profundo\u201d fotografias de Marques Valentim e Ant\u00f3nio Marreiros"}]},{"@type":"WebSite","@id":"https:\/\/algarve7.pt\/#website","url":"https:\/\/algarve7.pt\/","name":"Algarve 7","description":"Informa\u00e7\u00e3o sobre o Algarve","publisher":{"@id":"https:\/\/algarve7.pt\/#organization"},"potentialAction":[{"@type":"SearchAction","target":{"@type":"EntryPoint","urlTemplate":"https:\/\/algarve7.pt\/?s={search_term_string}"},"query-input":{"@type":"PropertyValueSpecification","valueRequired":true,"valueName":"search_term_string"}}],"inLanguage":"pt-PT"},{"@type":"Organization","@id":"https:\/\/algarve7.pt\/#organization","name":"Algarve 7","url":"https:\/\/algarve7.pt\/","logo":{"@type":"ImageObject","inLanguage":"pt-PT","@id":"https:\/\/algarve7.pt\/#\/schema\/logo\/image\/","url":"https:\/\/algarve7.pt\/wp-content\/uploads\/2020\/10\/Logo-8.jpg","contentUrl":"https:\/\/algarve7.pt\/wp-content\/uploads\/2020\/10\/Logo-8.jpg","width":1680,"height":1186,"caption":"Algarve 7"},"image":{"@id":"https:\/\/algarve7.pt\/#\/schema\/logo\/image\/"},"sameAs":["https:\/\/www.facebook.com\/algarve7","https:\/\/x.com\/Algarvesete","https:\/\/www.instagram.com\/jornalalgarve7\/","https:\/\/www.linkedin.com\/company\/algarve7","https:\/\/www.pinterest.pt\/geral0939\/_created\/"]},{"@type":"Person","@id":"https:\/\/algarve7.pt\/#\/schema\/person\/23fa70681308e7b319a3204bcea45e0c","name":"Algarve 7","sameAs":["https:\/\/algarve7.pt","https:\/\/www.facebook.com\/algarve7"],"url":"https:\/\/algarve7.pt\/index.php\/author\/geralalgarve7-pt\/"}]}},"jetpack_publicize_connections":[],"jetpack_featured_media_url":"https:\/\/algarve7.pt\/wp-content\/uploads\/2026\/04\/Exposicao-Portugal-Profundo-2.jpg","jetpack_shortlink":"https:\/\/wp.me\/pcezmW-fOB","jetpack_sharing_enabled":true,"_links":{"self":[{"href":"https:\/\/algarve7.pt\/index.php\/wp-json\/wp\/v2\/posts\/60797","targetHints":{"allow":["GET"]}}],"collection":[{"href":"https:\/\/algarve7.pt\/index.php\/wp-json\/wp\/v2\/posts"}],"about":[{"href":"https:\/\/algarve7.pt\/index.php\/wp-json\/wp\/v2\/types\/post"}],"author":[{"embeddable":true,"href":"https:\/\/algarve7.pt\/index.php\/wp-json\/wp\/v2\/users\/1"}],"replies":[{"embeddable":true,"href":"https:\/\/algarve7.pt\/index.php\/wp-json\/wp\/v2\/comments?post=60797"}],"version-history":[{"count":0,"href":"https:\/\/algarve7.pt\/index.php\/wp-json\/wp\/v2\/posts\/60797\/revisions"}],"wp:featuredmedia":[{"embeddable":true,"href":"https:\/\/algarve7.pt\/index.php\/wp-json\/wp\/v2\/media\/60798"}],"wp:attachment":[{"href":"https:\/\/algarve7.pt\/index.php\/wp-json\/wp\/v2\/media?parent=60797"}],"wp:term":[{"taxonomy":"category","embeddable":true,"href":"https:\/\/algarve7.pt\/index.php\/wp-json\/wp\/v2\/categories?post=60797"},{"taxonomy":"post_tag","embeddable":true,"href":"https:\/\/algarve7.pt\/index.php\/wp-json\/wp\/v2\/tags?post=60797"}],"curies":[{"name":"wp","href":"https:\/\/api.w.org\/{rel}","templated":true}]}}