{"id":60770,"date":"2026-04-07T08:15:00","date_gmt":"2026-04-07T07:15:00","guid":{"rendered":"https:\/\/algarve7.pt\/?p=60770"},"modified":"2026-04-06T15:39:33","modified_gmt":"2026-04-06T14:39:33","slug":"novas-7-maravilhas-de-portugal-alargam-prazo-de-candidaturas-ate-27-de-abril","status":"publish","type":"post","link":"https:\/\/algarve7.pt\/index.php\/2026\/04\/novas-7-maravilhas-de-portugal-alargam-prazo-de-candidaturas-ate-27-de-abril\/nacional\/08\/15\/","title":{"rendered":"Novas 7 maravilhas de Portugal\u00ae: alargam prazo de candidaturas at\u00e9 27 de abril"},"content":{"rendered":"\n<p>O prazo para apresenta\u00e7\u00e3o de candidaturas \u00e0s Novas 7 Maravilhas de Portugal<sup>\u00ae<\/sup>&nbsp;foi alargado at\u00e9 ao pr\u00f3ximo dia&nbsp;<strong>27 de abril<\/strong>, refor\u00e7ando a oportunidade de participa\u00e7\u00e3o de entidades de todo o pa\u00eds na identifica\u00e7\u00e3o e valoriza\u00e7\u00e3o do patrim\u00f3nio constru\u00eddo nacional.<\/p>\n\n\n\n<p>Este alargamento visa permitir que&nbsp;<strong>todas as regi\u00f5es e comunidades tenham o tempo necess\u00e1rio para selecionar e apresentar os seus patrim\u00f3nios mais relevantes<\/strong>, assegurando uma representa\u00e7\u00e3o ainda mais abrangente, diversa e equilibrada do territ\u00f3rio portugu\u00eas.<\/p>\n\n\n\n<p>Dirigido \u00e0s sete regi\u00f5es tur\u00edsticas de Portugal \u2014 Norte, Centro, Grande Lisboa, Alentejo e Ribatejo, Algarve, A\u00e7ores e Madeira \u2014 o concurso convida&nbsp;<strong>os 308 Munic\u00edpios Portugueses<\/strong>&nbsp;e todas as entidades do territ\u00f3rio a dar palco \u00e0s suas melhores refer\u00eancias, apresentando candidaturas que celebrem e projetem o patrim\u00f3nio constru\u00eddo nacional.<\/p>\n\n\n\n<p>Est\u00e3o a concurso&nbsp;<strong>7 categorias<\/strong>, que refletem a riqueza e diversidade do patrim\u00f3nio constru\u00eddo em Portugal:<\/p>\n\n\n\n<ul class=\"wp-block-list\">\n<li>Castelos (Arquitetura\/ Engenharia Militar)<\/li>\n\n\n\n<li>Religi\u00e3o \u00a0(Arquitetura\/ Engenharia Religiosa)<\/li>\n\n\n\n<li>Hist\u00f3ria \u00a0(Interesse Hist\u00f3rico)<\/li>\n\n\n\n<li>Grandes Obras\u00a0 (Infraestruturas)<\/li>\n\n\n\n<li>S\u00e9culo XX \u00a0(Arquitetura\/ Engenharia Moderna)<\/li>\n\n\n\n<li>S\u00e9culo XXI \u00a0(Arquitetura\/ Engenharia Contempor\u00e2nea)<\/li>\n\n\n\n<li>Turismo (Interesse Tur\u00edstico)<\/li>\n<\/ul>\n\n\n\n<p>Estas categorias permitem uma leitura transversal do territ\u00f3rio, desde o patrim\u00f3nio hist\u00f3rico e identit\u00e1rio at\u00e9 \u00e0s obras mais contempor\u00e2neas, evidenciando a forma como a interven\u00e7\u00e3o humana evoluiu e moldou o territ\u00f3rio e a vida das comunidades ao longo do tempo.<\/p>\n\n\n\n<p>Com esta decis\u00e3o, a organiza\u00e7\u00e3o pretende&nbsp;<strong>mobilizar todo o Pa\u00eds<\/strong>&nbsp;para esta grande iniciativa nacional, incentivando a participa\u00e7\u00e3o ativa das regi\u00f5es na valoriza\u00e7\u00e3o dos seus ativos patrimoniais e na afirma\u00e7\u00e3o da sua identidade.<\/p>\n\n\n\n<p>\u201cAcreditamos que este alargamento permitir\u00e1 envolver ainda mais territ\u00f3rios e revelar patrim\u00f3nios \u00fanicos que merecem reconhecimento nacional. As Novas 7 Maravilhas de Portugal<sup>\u00ae<\/sup>&nbsp;s\u00e3o, acima de tudo, um projeto de todos e para todos\u201d, refere a organiza\u00e7\u00e3o.<\/p>\n\n\n\n<p>Ap\u00f3s a sele\u00e7\u00e3o t\u00e9cnica por um painel de especialistas, a TVI e as Novas 7 Maravilhas de Portugal<sup>\u00ae\ufe0f<\/sup>&nbsp;v\u00e3o percorrer o pa\u00eds para as eliminat\u00f3rias regionais, que terminam numa grande final nacional.<\/p>\n\n\n\n<p>As 7 Maravilhas t\u00eam o apoio do VisitPortugal, EDP, SICAL, Infraestruturas de Portugal e Favaios. Todas as fases do concurso s\u00e3o auditadas pela PwC.<\/p>\n","protected":false},"excerpt":{"rendered":"<p>O prazo para apresenta\u00e7\u00e3o de candidaturas \u00e0s Novas 7 Maravilhas de Portugal\u00ae&nbsp;foi alargado at\u00e9 ao pr\u00f3ximo dia&nbsp;27 de abril, refor\u00e7ando<\/p>\n","protected":false},"author":1,"featured_media":60771,"comment_status":"closed","ping_status":"closed","sticky":false,"template":"","format":"standard","meta":{"colormag_page_container_layout":"default_layout","colormag_page_sidebar_layout":"default_layout","_monsterinsights_skip_tracking":false,"_monsterinsights_sitenote_active":false,"_monsterinsights_sitenote_note":"","_monsterinsights_sitenote_category":0,"jetpack_post_was_ever_published":false,"_jetpack_newsletter_access":"","_jetpack_dont_email_post_to_subs":false,"_jetpack_newsletter_tier_id":0,"_jetpack_memberships_contains_paywalled_content":false,"_jetpack_memberships_contains_paid_content":false,"footnotes":"","jetpack_publicize_message":"","jetpack_publicize_feature_enabled":true,"jetpack_social_post_already_shared":true,"jetpack_social_options":{"image_generator_settings":{"template":"highway","default_image_id":0,"font":"","enabled":false},"version":2}},"categories":[189],"tags":[98],"class_list":["post-60770","post","type-post","status-publish","format-standard","has-post-thumbnail","hentry","category-nacional","tag-nacional"],"yoast_head":"<!-- This site is optimized with the Yoast SEO plugin v27.5 - https:\/\/yoast.com\/product\/yoast-seo-wordpress\/ -->\n<title>Novas 7 maravilhas de Portugal\u00ae: alargam prazo de candidaturas at\u00e9 27 de abril - Algarve 7<\/title>\n<meta name=\"description\" content=\"Novas 7 maravilhas de Portugal\u00ae: alargam prazo de candidaturas at\u00e9 27 de abril Nacional\" \/>\n<meta name=\"robots\" content=\"index, follow, max-snippet:-1, max-image-preview:large, max-video-preview:-1\" \/>\n<link rel=\"canonical\" href=\"https:\/\/algarve7.pt\/index.php\/2026\/04\/novas-7-maravilhas-de-portugal-alargam-prazo-de-candidaturas-ate-27-de-abril\/nacional\/08\/15\/\" \/>\n<meta property=\"og:locale\" content=\"pt_PT\" \/>\n<meta property=\"og:type\" content=\"article\" \/>\n<meta property=\"og:title\" content=\"Novas 7 maravilhas de Portugal\u00ae: alargam prazo de candidaturas at\u00e9 27 de abril - Algarve 7\" \/>\n<meta property=\"og:description\" content=\"Novas 7 maravilhas de Portugal\u00ae: alargam prazo de candidaturas at\u00e9 27 de abril Nacional\" \/>\n<meta property=\"og:url\" content=\"https:\/\/algarve7.pt\/index.php\/2026\/04\/novas-7-maravilhas-de-portugal-alargam-prazo-de-candidaturas-ate-27-de-abril\/nacional\/08\/15\/\" \/>\n<meta property=\"og:site_name\" content=\"Algarve 7\" \/>\n<meta property=\"article:publisher\" content=\"https:\/\/www.facebook.com\/algarve7\" \/>\n<meta property=\"article:author\" content=\"https:\/\/www.facebook.com\/algarve7\" \/>\n<meta property=\"article:published_time\" content=\"2026-04-07T07:15:00+00:00\" \/>\n<meta property=\"og:image\" content=\"https:\/\/algarve7.pt\/wp-content\/uploads\/2026\/04\/Captura-de-ecra-2026-04-06-as-14.32.20.png\" \/>\n\t<meta property=\"og:image:width\" content=\"800\" \/>\n\t<meta property=\"og:image:height\" content=\"445\" \/>\n\t<meta property=\"og:image:type\" content=\"image\/png\" \/>\n<meta name=\"author\" content=\"Algarve 7\" \/>\n<meta name=\"twitter:card\" content=\"summary_large_image\" \/>\n<meta name=\"twitter:creator\" content=\"@Algarvesete\" \/>\n<meta name=\"twitter:site\" content=\"@Algarvesete\" \/>\n<meta name=\"twitter:label1\" content=\"Escrito por\" \/>\n\t<meta name=\"twitter:data1\" content=\"Algarve 7\" \/>\n\t<meta name=\"twitter:label2\" content=\"Tempo estimado de leitura\" \/>\n\t<meta name=\"twitter:data2\" content=\"3 minutos\" \/>\n<script type=\"application\/ld+json\" class=\"yoast-schema-graph\">{\"@context\":\"https:\\\/\\\/schema.org\",\"@graph\":[{\"@type\":\"Article\",\"@id\":\"https:\\\/\\\/algarve7.pt\\\/index.php\\\/2026\\\/04\\\/novas-7-maravilhas-de-portugal-alargam-prazo-de-candidaturas-ate-27-de-abril\\\/nacional\\\/08\\\/15\\\/#article\",\"isPartOf\":{\"@id\":\"https:\\\/\\\/algarve7.pt\\\/index.php\\\/2026\\\/04\\\/novas-7-maravilhas-de-portugal-alargam-prazo-de-candidaturas-ate-27-de-abril\\\/nacional\\\/08\\\/15\\\/\"},\"author\":{\"name\":\"Algarve 7\",\"@id\":\"https:\\\/\\\/algarve7.pt\\\/#\\\/schema\\\/person\\\/23fa70681308e7b319a3204bcea45e0c\"},\"headline\":\"Novas 7 maravilhas de Portugal\u00ae: alargam prazo de candidaturas at\u00e9 27 de abril\",\"datePublished\":\"2026-04-07T07:15:00+00:00\",\"mainEntityOfPage\":{\"@id\":\"https:\\\/\\\/algarve7.pt\\\/index.php\\\/2026\\\/04\\\/novas-7-maravilhas-de-portugal-alargam-prazo-de-candidaturas-ate-27-de-abril\\\/nacional\\\/08\\\/15\\\/\"},\"wordCount\":405,\"publisher\":{\"@id\":\"https:\\\/\\\/algarve7.pt\\\/#organization\"},\"image\":{\"@id\":\"https:\\\/\\\/algarve7.pt\\\/index.php\\\/2026\\\/04\\\/novas-7-maravilhas-de-portugal-alargam-prazo-de-candidaturas-ate-27-de-abril\\\/nacional\\\/08\\\/15\\\/#primaryimage\"},\"thumbnailUrl\":\"https:\\\/\\\/algarve7.pt\\\/wp-content\\\/uploads\\\/2026\\\/04\\\/Captura-de-ecra-2026-04-06-as-14.32.20.png\",\"keywords\":[\"Nacional\"],\"articleSection\":[\"Nacional\"],\"inLanguage\":\"pt-PT\"},{\"@type\":\"WebPage\",\"@id\":\"https:\\\/\\\/algarve7.pt\\\/index.php\\\/2026\\\/04\\\/novas-7-maravilhas-de-portugal-alargam-prazo-de-candidaturas-ate-27-de-abril\\\/nacional\\\/08\\\/15\\\/\",\"url\":\"https:\\\/\\\/algarve7.pt\\\/index.php\\\/2026\\\/04\\\/novas-7-maravilhas-de-portugal-alargam-prazo-de-candidaturas-ate-27-de-abril\\\/nacional\\\/08\\\/15\\\/\",\"name\":\"Novas 7 maravilhas de Portugal\u00ae: alargam prazo de candidaturas at\u00e9 27 de abril - Algarve 7\",\"isPartOf\":{\"@id\":\"https:\\\/\\\/algarve7.pt\\\/#website\"},\"primaryImageOfPage\":{\"@id\":\"https:\\\/\\\/algarve7.pt\\\/index.php\\\/2026\\\/04\\\/novas-7-maravilhas-de-portugal-alargam-prazo-de-candidaturas-ate-27-de-abril\\\/nacional\\\/08\\\/15\\\/#primaryimage\"},\"image\":{\"@id\":\"https:\\\/\\\/algarve7.pt\\\/index.php\\\/2026\\\/04\\\/novas-7-maravilhas-de-portugal-alargam-prazo-de-candidaturas-ate-27-de-abril\\\/nacional\\\/08\\\/15\\\/#primaryimage\"},\"thumbnailUrl\":\"https:\\\/\\\/algarve7.pt\\\/wp-content\\\/uploads\\\/2026\\\/04\\\/Captura-de-ecra-2026-04-06-as-14.32.20.png\",\"datePublished\":\"2026-04-07T07:15:00+00:00\",\"description\":\"Novas 7 maravilhas de Portugal\u00ae: alargam prazo de candidaturas at\u00e9 27 de abril Nacional\",\"breadcrumb\":{\"@id\":\"https:\\\/\\\/algarve7.pt\\\/index.php\\\/2026\\\/04\\\/novas-7-maravilhas-de-portugal-alargam-prazo-de-candidaturas-ate-27-de-abril\\\/nacional\\\/08\\\/15\\\/#breadcrumb\"},\"inLanguage\":\"pt-PT\",\"potentialAction\":[{\"@type\":\"ReadAction\",\"target\":[\"https:\\\/\\\/algarve7.pt\\\/index.php\\\/2026\\\/04\\\/novas-7-maravilhas-de-portugal-alargam-prazo-de-candidaturas-ate-27-de-abril\\\/nacional\\\/08\\\/15\\\/\"]}]},{\"@type\":\"ImageObject\",\"inLanguage\":\"pt-PT\",\"@id\":\"https:\\\/\\\/algarve7.pt\\\/index.php\\\/2026\\\/04\\\/novas-7-maravilhas-de-portugal-alargam-prazo-de-candidaturas-ate-27-de-abril\\\/nacional\\\/08\\\/15\\\/#primaryimage\",\"url\":\"https:\\\/\\\/algarve7.pt\\\/wp-content\\\/uploads\\\/2026\\\/04\\\/Captura-de-ecra-2026-04-06-as-14.32.20.png\",\"contentUrl\":\"https:\\\/\\\/algarve7.pt\\\/wp-content\\\/uploads\\\/2026\\\/04\\\/Captura-de-ecra-2026-04-06-as-14.32.20.png\",\"width\":800,\"height\":445},{\"@type\":\"BreadcrumbList\",\"@id\":\"https:\\\/\\\/algarve7.pt\\\/index.php\\\/2026\\\/04\\\/novas-7-maravilhas-de-portugal-alargam-prazo-de-candidaturas-ate-27-de-abril\\\/nacional\\\/08\\\/15\\\/#breadcrumb\",\"itemListElement\":[{\"@type\":\"ListItem\",\"position\":1,\"name\":\"In\u00edcio\",\"item\":\"https:\\\/\\\/algarve7.pt\\\/\"},{\"@type\":\"ListItem\",\"position\":2,\"name\":\"Novas 7 maravilhas de Portugal\u00ae: alargam prazo de candidaturas at\u00e9 27 de abril\"}]},{\"@type\":\"WebSite\",\"@id\":\"https:\\\/\\\/algarve7.pt\\\/#website\",\"url\":\"https:\\\/\\\/algarve7.pt\\\/\",\"name\":\"Algarve 7\",\"description\":\"Informa\u00e7\u00e3o sobre o Algarve\",\"publisher\":{\"@id\":\"https:\\\/\\\/algarve7.pt\\\/#organization\"},\"potentialAction\":[{\"@type\":\"SearchAction\",\"target\":{\"@type\":\"EntryPoint\",\"urlTemplate\":\"https:\\\/\\\/algarve7.pt\\\/?s={search_term_string}\"},\"query-input\":{\"@type\":\"PropertyValueSpecification\",\"valueRequired\":true,\"valueName\":\"search_term_string\"}}],\"inLanguage\":\"pt-PT\"},{\"@type\":\"Organization\",\"@id\":\"https:\\\/\\\/algarve7.pt\\\/#organization\",\"name\":\"Algarve 7\",\"url\":\"https:\\\/\\\/algarve7.pt\\\/\",\"logo\":{\"@type\":\"ImageObject\",\"inLanguage\":\"pt-PT\",\"@id\":\"https:\\\/\\\/algarve7.pt\\\/#\\\/schema\\\/logo\\\/image\\\/\",\"url\":\"https:\\\/\\\/algarve7.pt\\\/wp-content\\\/uploads\\\/2020\\\/10\\\/Logo-8.jpg\",\"contentUrl\":\"https:\\\/\\\/algarve7.pt\\\/wp-content\\\/uploads\\\/2020\\\/10\\\/Logo-8.jpg\",\"width\":1680,\"height\":1186,\"caption\":\"Algarve 7\"},\"image\":{\"@id\":\"https:\\\/\\\/algarve7.pt\\\/#\\\/schema\\\/logo\\\/image\\\/\"},\"sameAs\":[\"https:\\\/\\\/www.facebook.com\\\/algarve7\",\"https:\\\/\\\/x.com\\\/Algarvesete\",\"https:\\\/\\\/www.instagram.com\\\/jornalalgarve7\\\/\",\"https:\\\/\\\/www.linkedin.com\\\/company\\\/algarve7\",\"https:\\\/\\\/www.pinterest.pt\\\/geral0939\\\/_created\\\/\"]},{\"@type\":\"Person\",\"@id\":\"https:\\\/\\\/algarve7.pt\\\/#\\\/schema\\\/person\\\/23fa70681308e7b319a3204bcea45e0c\",\"name\":\"Algarve 7\",\"sameAs\":[\"https:\\\/\\\/algarve7.pt\",\"https:\\\/\\\/www.facebook.com\\\/algarve7\"],\"url\":\"https:\\\/\\\/algarve7.pt\\\/index.php\\\/author\\\/geralalgarve7-pt\\\/\"}]}<\/script>\n<!-- \/ Yoast SEO plugin. -->","yoast_head_json":{"title":"Novas 7 maravilhas de Portugal\u00ae: alargam prazo de candidaturas at\u00e9 27 de abril - Algarve 7","description":"Novas 7 maravilhas de Portugal\u00ae: alargam prazo de candidaturas at\u00e9 27 de abril Nacional","robots":{"index":"index","follow":"follow","max-snippet":"max-snippet:-1","max-image-preview":"max-image-preview:large","max-video-preview":"max-video-preview:-1"},"canonical":"https:\/\/algarve7.pt\/index.php\/2026\/04\/novas-7-maravilhas-de-portugal-alargam-prazo-de-candidaturas-ate-27-de-abril\/nacional\/08\/15\/","og_locale":"pt_PT","og_type":"article","og_title":"Novas 7 maravilhas de Portugal\u00ae: alargam prazo de candidaturas at\u00e9 27 de abril - Algarve 7","og_description":"Novas 7 maravilhas de Portugal\u00ae: alargam prazo de candidaturas at\u00e9 27 de abril Nacional","og_url":"https:\/\/algarve7.pt\/index.php\/2026\/04\/novas-7-maravilhas-de-portugal-alargam-prazo-de-candidaturas-ate-27-de-abril\/nacional\/08\/15\/","og_site_name":"Algarve 7","article_publisher":"https:\/\/www.facebook.com\/algarve7","article_author":"https:\/\/www.facebook.com\/algarve7","article_published_time":"2026-04-07T07:15:00+00:00","og_image":[{"width":800,"height":445,"url":"https:\/\/algarve7.pt\/wp-content\/uploads\/2026\/04\/Captura-de-ecra-2026-04-06-as-14.32.20.png","type":"image\/png"}],"author":"Algarve 7","twitter_card":"summary_large_image","twitter_creator":"@Algarvesete","twitter_site":"@Algarvesete","twitter_misc":{"Escrito por":"Algarve 7","Tempo estimado de leitura":"3 minutos"},"schema":{"@context":"https:\/\/schema.org","@graph":[{"@type":"Article","@id":"https:\/\/algarve7.pt\/index.php\/2026\/04\/novas-7-maravilhas-de-portugal-alargam-prazo-de-candidaturas-ate-27-de-abril\/nacional\/08\/15\/#article","isPartOf":{"@id":"https:\/\/algarve7.pt\/index.php\/2026\/04\/novas-7-maravilhas-de-portugal-alargam-prazo-de-candidaturas-ate-27-de-abril\/nacional\/08\/15\/"},"author":{"name":"Algarve 7","@id":"https:\/\/algarve7.pt\/#\/schema\/person\/23fa70681308e7b319a3204bcea45e0c"},"headline":"Novas 7 maravilhas de Portugal\u00ae: alargam prazo de candidaturas at\u00e9 27 de abril","datePublished":"2026-04-07T07:15:00+00:00","mainEntityOfPage":{"@id":"https:\/\/algarve7.pt\/index.php\/2026\/04\/novas-7-maravilhas-de-portugal-alargam-prazo-de-candidaturas-ate-27-de-abril\/nacional\/08\/15\/"},"wordCount":405,"publisher":{"@id":"https:\/\/algarve7.pt\/#organization"},"image":{"@id":"https:\/\/algarve7.pt\/index.php\/2026\/04\/novas-7-maravilhas-de-portugal-alargam-prazo-de-candidaturas-ate-27-de-abril\/nacional\/08\/15\/#primaryimage"},"thumbnailUrl":"https:\/\/algarve7.pt\/wp-content\/uploads\/2026\/04\/Captura-de-ecra-2026-04-06-as-14.32.20.png","keywords":["Nacional"],"articleSection":["Nacional"],"inLanguage":"pt-PT"},{"@type":"WebPage","@id":"https:\/\/algarve7.pt\/index.php\/2026\/04\/novas-7-maravilhas-de-portugal-alargam-prazo-de-candidaturas-ate-27-de-abril\/nacional\/08\/15\/","url":"https:\/\/algarve7.pt\/index.php\/2026\/04\/novas-7-maravilhas-de-portugal-alargam-prazo-de-candidaturas-ate-27-de-abril\/nacional\/08\/15\/","name":"Novas 7 maravilhas de Portugal\u00ae: alargam prazo de candidaturas at\u00e9 27 de abril - Algarve 7","isPartOf":{"@id":"https:\/\/algarve7.pt\/#website"},"primaryImageOfPage":{"@id":"https:\/\/algarve7.pt\/index.php\/2026\/04\/novas-7-maravilhas-de-portugal-alargam-prazo-de-candidaturas-ate-27-de-abril\/nacional\/08\/15\/#primaryimage"},"image":{"@id":"https:\/\/algarve7.pt\/index.php\/2026\/04\/novas-7-maravilhas-de-portugal-alargam-prazo-de-candidaturas-ate-27-de-abril\/nacional\/08\/15\/#primaryimage"},"thumbnailUrl":"https:\/\/algarve7.pt\/wp-content\/uploads\/2026\/04\/Captura-de-ecra-2026-04-06-as-14.32.20.png","datePublished":"2026-04-07T07:15:00+00:00","description":"Novas 7 maravilhas de Portugal\u00ae: alargam prazo de candidaturas at\u00e9 27 de abril Nacional","breadcrumb":{"@id":"https:\/\/algarve7.pt\/index.php\/2026\/04\/novas-7-maravilhas-de-portugal-alargam-prazo-de-candidaturas-ate-27-de-abril\/nacional\/08\/15\/#breadcrumb"},"inLanguage":"pt-PT","potentialAction":[{"@type":"ReadAction","target":["https:\/\/algarve7.pt\/index.php\/2026\/04\/novas-7-maravilhas-de-portugal-alargam-prazo-de-candidaturas-ate-27-de-abril\/nacional\/08\/15\/"]}]},{"@type":"ImageObject","inLanguage":"pt-PT","@id":"https:\/\/algarve7.pt\/index.php\/2026\/04\/novas-7-maravilhas-de-portugal-alargam-prazo-de-candidaturas-ate-27-de-abril\/nacional\/08\/15\/#primaryimage","url":"https:\/\/algarve7.pt\/wp-content\/uploads\/2026\/04\/Captura-de-ecra-2026-04-06-as-14.32.20.png","contentUrl":"https:\/\/algarve7.pt\/wp-content\/uploads\/2026\/04\/Captura-de-ecra-2026-04-06-as-14.32.20.png","width":800,"height":445},{"@type":"BreadcrumbList","@id":"https:\/\/algarve7.pt\/index.php\/2026\/04\/novas-7-maravilhas-de-portugal-alargam-prazo-de-candidaturas-ate-27-de-abril\/nacional\/08\/15\/#breadcrumb","itemListElement":[{"@type":"ListItem","position":1,"name":"In\u00edcio","item":"https:\/\/algarve7.pt\/"},{"@type":"ListItem","position":2,"name":"Novas 7 maravilhas de Portugal\u00ae: alargam prazo de candidaturas at\u00e9 27 de abril"}]},{"@type":"WebSite","@id":"https:\/\/algarve7.pt\/#website","url":"https:\/\/algarve7.pt\/","name":"Algarve 7","description":"Informa\u00e7\u00e3o sobre o Algarve","publisher":{"@id":"https:\/\/algarve7.pt\/#organization"},"potentialAction":[{"@type":"SearchAction","target":{"@type":"EntryPoint","urlTemplate":"https:\/\/algarve7.pt\/?s={search_term_string}"},"query-input":{"@type":"PropertyValueSpecification","valueRequired":true,"valueName":"search_term_string"}}],"inLanguage":"pt-PT"},{"@type":"Organization","@id":"https:\/\/algarve7.pt\/#organization","name":"Algarve 7","url":"https:\/\/algarve7.pt\/","logo":{"@type":"ImageObject","inLanguage":"pt-PT","@id":"https:\/\/algarve7.pt\/#\/schema\/logo\/image\/","url":"https:\/\/algarve7.pt\/wp-content\/uploads\/2020\/10\/Logo-8.jpg","contentUrl":"https:\/\/algarve7.pt\/wp-content\/uploads\/2020\/10\/Logo-8.jpg","width":1680,"height":1186,"caption":"Algarve 7"},"image":{"@id":"https:\/\/algarve7.pt\/#\/schema\/logo\/image\/"},"sameAs":["https:\/\/www.facebook.com\/algarve7","https:\/\/x.com\/Algarvesete","https:\/\/www.instagram.com\/jornalalgarve7\/","https:\/\/www.linkedin.com\/company\/algarve7","https:\/\/www.pinterest.pt\/geral0939\/_created\/"]},{"@type":"Person","@id":"https:\/\/algarve7.pt\/#\/schema\/person\/23fa70681308e7b319a3204bcea45e0c","name":"Algarve 7","sameAs":["https:\/\/algarve7.pt","https:\/\/www.facebook.com\/algarve7"],"url":"https:\/\/algarve7.pt\/index.php\/author\/geralalgarve7-pt\/"}]}},"jetpack_publicize_connections":[],"jetpack_featured_media_url":"https:\/\/algarve7.pt\/wp-content\/uploads\/2026\/04\/Captura-de-ecra-2026-04-06-as-14.32.20.png","jetpack_shortlink":"https:\/\/wp.me\/pcezmW-fOa","jetpack_sharing_enabled":true,"_links":{"self":[{"href":"https:\/\/algarve7.pt\/index.php\/wp-json\/wp\/v2\/posts\/60770","targetHints":{"allow":["GET"]}}],"collection":[{"href":"https:\/\/algarve7.pt\/index.php\/wp-json\/wp\/v2\/posts"}],"about":[{"href":"https:\/\/algarve7.pt\/index.php\/wp-json\/wp\/v2\/types\/post"}],"author":[{"embeddable":true,"href":"https:\/\/algarve7.pt\/index.php\/wp-json\/wp\/v2\/users\/1"}],"replies":[{"embeddable":true,"href":"https:\/\/algarve7.pt\/index.php\/wp-json\/wp\/v2\/comments?post=60770"}],"version-history":[{"count":0,"href":"https:\/\/algarve7.pt\/index.php\/wp-json\/wp\/v2\/posts\/60770\/revisions"}],"wp:featuredmedia":[{"embeddable":true,"href":"https:\/\/algarve7.pt\/index.php\/wp-json\/wp\/v2\/media\/60771"}],"wp:attachment":[{"href":"https:\/\/algarve7.pt\/index.php\/wp-json\/wp\/v2\/media?parent=60770"}],"wp:term":[{"taxonomy":"category","embeddable":true,"href":"https:\/\/algarve7.pt\/index.php\/wp-json\/wp\/v2\/categories?post=60770"},{"taxonomy":"post_tag","embeddable":true,"href":"https:\/\/algarve7.pt\/index.php\/wp-json\/wp\/v2\/tags?post=60770"}],"curies":[{"name":"wp","href":"https:\/\/api.w.org\/{rel}","templated":true}]}}