{"id":60767,"date":"2026-04-06T15:34:50","date_gmt":"2026-04-06T14:34:50","guid":{"rendered":"https:\/\/algarve7.pt\/?p=60767"},"modified":"2026-04-06T15:34:59","modified_gmt":"2026-04-06T14:34:59","slug":"no-concelho-de-loule-plantaram-se-e-distribuiram-se-arvores","status":"publish","type":"post","link":"https:\/\/algarve7.pt\/index.php\/2026\/04\/no-concelho-de-loule-plantaram-se-e-distribuiram-se-arvores\/ambiente\/15\/34\/","title":{"rendered":"No concelho de Loul\u00e9, plantaram-se e distribu\u00edram-se \u00e1rvores"},"content":{"rendered":"\n<p>No \u00e2mbito das comemora\u00e7\u00f5es do Dia Internacional das Florestas, a C\u00e2mara Municipal de Loul\u00e9, atrav\u00e9s do Servi\u00e7o Municipal de Prote\u00e7\u00e3o Civil, da Divis\u00e3o do Ambiente, da Divis\u00e3o dos Espa\u00e7os Verdes e da Associa\u00e7\u00e3o de Produtores Florestais da Serra do Caldeir\u00e3o, promoveu um conjunto de iniciativas com o objetivo de sensibilizar a popula\u00e7\u00e3o para a import\u00e2ncia da preserva\u00e7\u00e3o das florestas, da biodiversidade e da ado\u00e7\u00e3o de pr\u00e1ticas sustent\u00e1veis.<\/p>\n\n\n\n<p>No dia 25 de mar\u00e7o, durante o per\u00edodo da manh\u00e3, realizou-se a habitual entrega gratuita de \u00e1rvores e plantas arom\u00e1ticas, na Cerca do Convento, em Loul\u00e9. A iniciativa visou, uma vez mais, envolver os cidad\u00e3os na conserva\u00e7\u00e3o do ambiente e promover o plantio de \u00e1rvores nas suas propriedades, contribuindo para a melhoria da qualidade do ar e da biodiversidade local. Esta foi uma oportunidade para os mun\u00edcipes adquirirem \u00e1rvores de diferentes esp\u00e9cies, gratuitamente, incentivando a planta\u00e7\u00e3o de esp\u00e9cies em espa\u00e7os privados para a valoriza\u00e7\u00e3o paisag\u00edstica e o refor\u00e7o da biodiversidade local.<\/p>\n\n\n\n<p>As comemora\u00e7\u00f5es prosseguiram no dia 27 de mar\u00e7o, com a realiza\u00e7\u00e3o de uma a\u00e7\u00e3o de planta\u00e7\u00e3o de cerca de 300 \u00e1rvores no Barranco do Velho, junto ao Centro Comunit\u00e1rio, na freguesia de Salir. A iniciativa contou com a participa\u00e7\u00e3o de trabalhadores da Autarquia, cuja desloca\u00e7\u00e3o foi assegurada atrav\u00e9s de transporte coletivo, promovendo a redu\u00e7\u00e3o da pegada ambiental associada \u00e0s desloca\u00e7\u00f5es. Para al\u00e9m do contributo ecol\u00f3gico, esta a\u00e7\u00e3o constituiu tamb\u00e9m um momento de&nbsp;<em>teambuilding<\/em>, proporcionando aos colaboradores um contacto direto com o territ\u00f3rio rural do concelho e refor\u00e7ando o esp\u00edrito de equipa.<\/p>\n\n\n\n<p>A C\u00e2mara Municipal de Loul\u00e9 agradeceu a todos os envolvidos e destacou a import\u00e2ncia da participa\u00e7\u00e3o ativa da comunidade na prote\u00e7\u00e3o e valoriza\u00e7\u00e3o do patrim\u00f3nio natural, refor\u00e7ando o compromisso coletivo com um futuro mais sustent\u00e1vel.<\/p>\n\n\n\n<p>O Dia Internacional das Florestas \u00e9 um convite a parar, respirar fundo e reconhecer a import\u00e2ncia vital das \u00e1rvores e da vegeta\u00e7\u00e3o para a nossa vida. As florestas purificam o ar, regulam o clima, protegem o solo, abrigam biodiversidade e s\u00e3o fonte de alimento, bem-estar e identidade cultural. Plantar uma \u00e1rvore ou uma planta arom\u00e1tica \u00e9 mais do que um gesto simb\u00f3lico, \u00e9 um compromisso com o futuro. \u00c9 semear equil\u00edbrio, sa\u00fade e sustentabilidade nas nossas casas, jardins e comunidade. Esta efem\u00e9ride constitui uma data de reflex\u00e3o sobre a import\u00e2ncia das florestas na sustentabilidade do Planeta, nomeadamente na regula\u00e7\u00e3o do clima, conserva\u00e7\u00e3o da biodiversidade e bem-estar das popula\u00e7\u00f5es.<\/p>\n","protected":false},"excerpt":{"rendered":"<p>No \u00e2mbito das comemora\u00e7\u00f5es do Dia Internacional das Florestas, a C\u00e2mara Municipal de Loul\u00e9, atrav\u00e9s do Servi\u00e7o Municipal de Prote\u00e7\u00e3o<\/p>\n","protected":false},"author":1,"featured_media":60768,"comment_status":"closed","ping_status":"closed","sticky":false,"template":"","format":"standard","meta":{"colormag_page_container_layout":"default_layout","colormag_page_sidebar_layout":"default_layout","_monsterinsights_skip_tracking":false,"_monsterinsights_sitenote_active":false,"_monsterinsights_sitenote_note":"","_monsterinsights_sitenote_category":0,"jetpack_post_was_ever_published":false,"_jetpack_newsletter_access":"","_jetpack_dont_email_post_to_subs":false,"_jetpack_newsletter_tier_id":0,"_jetpack_memberships_contains_paywalled_content":false,"_jetpack_memberships_contains_paid_content":false,"footnotes":"","jetpack_publicize_message":"","jetpack_publicize_feature_enabled":true,"jetpack_social_post_already_shared":true,"jetpack_social_options":{"image_generator_settings":{"template":"highway","default_image_id":0,"font":"","enabled":false},"version":2}},"categories":[5],"tags":[36,32,31],"class_list":["post-60767","post","type-post","status-publish","format-standard","has-post-thumbnail","hentry","category-ambiente","tag-algarve","tag-ambiente","tag-loule"],"yoast_head":"<!-- This site is optimized with the Yoast SEO plugin v27.5 - https:\/\/yoast.com\/product\/yoast-seo-wordpress\/ -->\n<title>No concelho de Loul\u00e9, plantaram-se e distribu\u00edram-se \u00e1rvores - Algarve 7<\/title>\n<meta name=\"description\" content=\"No concelho de Loul\u00e9, plantaram-se e distribu\u00edram-se \u00e1rvores Ambiente\" \/>\n<meta name=\"robots\" content=\"index, follow, max-snippet:-1, max-image-preview:large, max-video-preview:-1\" \/>\n<link rel=\"canonical\" href=\"https:\/\/algarve7.pt\/index.php\/2026\/04\/no-concelho-de-loule-plantaram-se-e-distribuiram-se-arvores\/ambiente\/15\/34\/\" \/>\n<meta property=\"og:locale\" content=\"pt_PT\" \/>\n<meta property=\"og:type\" content=\"article\" \/>\n<meta property=\"og:title\" content=\"No concelho de Loul\u00e9, plantaram-se e distribu\u00edram-se \u00e1rvores - Algarve 7\" \/>\n<meta property=\"og:description\" content=\"No concelho de Loul\u00e9, plantaram-se e distribu\u00edram-se \u00e1rvores Ambiente\" \/>\n<meta property=\"og:url\" content=\"https:\/\/algarve7.pt\/index.php\/2026\/04\/no-concelho-de-loule-plantaram-se-e-distribuiram-se-arvores\/ambiente\/15\/34\/\" \/>\n<meta property=\"og:site_name\" content=\"Algarve 7\" \/>\n<meta property=\"article:publisher\" content=\"https:\/\/www.facebook.com\/algarve7\" \/>\n<meta property=\"article:author\" content=\"https:\/\/www.facebook.com\/algarve7\" \/>\n<meta property=\"article:published_time\" content=\"2026-04-06T14:34:50+00:00\" \/>\n<meta property=\"article:modified_time\" content=\"2026-04-06T14:34:59+00:00\" \/>\n<meta property=\"og:image\" content=\"https:\/\/algarve7.pt\/wp-content\/uploads\/2026\/04\/Dia-Florestas4.jpg\" \/>\n\t<meta property=\"og:image:width\" content=\"800\" \/>\n\t<meta property=\"og:image:height\" content=\"445\" \/>\n\t<meta property=\"og:image:type\" content=\"image\/jpeg\" \/>\n<meta name=\"author\" content=\"Algarve 7\" \/>\n<meta name=\"twitter:card\" content=\"summary_large_image\" \/>\n<meta name=\"twitter:creator\" content=\"@Algarvesete\" \/>\n<meta name=\"twitter:site\" content=\"@Algarvesete\" \/>\n<meta name=\"twitter:label1\" content=\"Escrito por\" \/>\n\t<meta name=\"twitter:data1\" content=\"Algarve 7\" \/>\n\t<meta name=\"twitter:label2\" content=\"Tempo estimado de leitura\" \/>\n\t<meta name=\"twitter:data2\" content=\"3 minutos\" \/>\n<script type=\"application\/ld+json\" class=\"yoast-schema-graph\">{\"@context\":\"https:\\\/\\\/schema.org\",\"@graph\":[{\"@type\":\"Article\",\"@id\":\"https:\\\/\\\/algarve7.pt\\\/index.php\\\/2026\\\/04\\\/no-concelho-de-loule-plantaram-se-e-distribuiram-se-arvores\\\/ambiente\\\/15\\\/34\\\/#article\",\"isPartOf\":{\"@id\":\"https:\\\/\\\/algarve7.pt\\\/index.php\\\/2026\\\/04\\\/no-concelho-de-loule-plantaram-se-e-distribuiram-se-arvores\\\/ambiente\\\/15\\\/34\\\/\"},\"author\":{\"name\":\"Algarve 7\",\"@id\":\"https:\\\/\\\/algarve7.pt\\\/#\\\/schema\\\/person\\\/23fa70681308e7b319a3204bcea45e0c\"},\"headline\":\"No concelho de Loul\u00e9, plantaram-se e distribu\u00edram-se \u00e1rvores\",\"datePublished\":\"2026-04-06T14:34:50+00:00\",\"dateModified\":\"2026-04-06T14:34:59+00:00\",\"mainEntityOfPage\":{\"@id\":\"https:\\\/\\\/algarve7.pt\\\/index.php\\\/2026\\\/04\\\/no-concelho-de-loule-plantaram-se-e-distribuiram-se-arvores\\\/ambiente\\\/15\\\/34\\\/\"},\"wordCount\":463,\"publisher\":{\"@id\":\"https:\\\/\\\/algarve7.pt\\\/#organization\"},\"image\":{\"@id\":\"https:\\\/\\\/algarve7.pt\\\/index.php\\\/2026\\\/04\\\/no-concelho-de-loule-plantaram-se-e-distribuiram-se-arvores\\\/ambiente\\\/15\\\/34\\\/#primaryimage\"},\"thumbnailUrl\":\"https:\\\/\\\/algarve7.pt\\\/wp-content\\\/uploads\\\/2026\\\/04\\\/Dia-Florestas4.jpg\",\"keywords\":[\"Algarve\",\"Ambiente\",\"Loul\u00e9\"],\"articleSection\":[\"Ambiente\"],\"inLanguage\":\"pt-PT\"},{\"@type\":\"WebPage\",\"@id\":\"https:\\\/\\\/algarve7.pt\\\/index.php\\\/2026\\\/04\\\/no-concelho-de-loule-plantaram-se-e-distribuiram-se-arvores\\\/ambiente\\\/15\\\/34\\\/\",\"url\":\"https:\\\/\\\/algarve7.pt\\\/index.php\\\/2026\\\/04\\\/no-concelho-de-loule-plantaram-se-e-distribuiram-se-arvores\\\/ambiente\\\/15\\\/34\\\/\",\"name\":\"No concelho de Loul\u00e9, plantaram-se e distribu\u00edram-se \u00e1rvores - Algarve 7\",\"isPartOf\":{\"@id\":\"https:\\\/\\\/algarve7.pt\\\/#website\"},\"primaryImageOfPage\":{\"@id\":\"https:\\\/\\\/algarve7.pt\\\/index.php\\\/2026\\\/04\\\/no-concelho-de-loule-plantaram-se-e-distribuiram-se-arvores\\\/ambiente\\\/15\\\/34\\\/#primaryimage\"},\"image\":{\"@id\":\"https:\\\/\\\/algarve7.pt\\\/index.php\\\/2026\\\/04\\\/no-concelho-de-loule-plantaram-se-e-distribuiram-se-arvores\\\/ambiente\\\/15\\\/34\\\/#primaryimage\"},\"thumbnailUrl\":\"https:\\\/\\\/algarve7.pt\\\/wp-content\\\/uploads\\\/2026\\\/04\\\/Dia-Florestas4.jpg\",\"datePublished\":\"2026-04-06T14:34:50+00:00\",\"dateModified\":\"2026-04-06T14:34:59+00:00\",\"description\":\"No concelho de Loul\u00e9, plantaram-se e distribu\u00edram-se \u00e1rvores Ambiente\",\"breadcrumb\":{\"@id\":\"https:\\\/\\\/algarve7.pt\\\/index.php\\\/2026\\\/04\\\/no-concelho-de-loule-plantaram-se-e-distribuiram-se-arvores\\\/ambiente\\\/15\\\/34\\\/#breadcrumb\"},\"inLanguage\":\"pt-PT\",\"potentialAction\":[{\"@type\":\"ReadAction\",\"target\":[\"https:\\\/\\\/algarve7.pt\\\/index.php\\\/2026\\\/04\\\/no-concelho-de-loule-plantaram-se-e-distribuiram-se-arvores\\\/ambiente\\\/15\\\/34\\\/\"]}]},{\"@type\":\"ImageObject\",\"inLanguage\":\"pt-PT\",\"@id\":\"https:\\\/\\\/algarve7.pt\\\/index.php\\\/2026\\\/04\\\/no-concelho-de-loule-plantaram-se-e-distribuiram-se-arvores\\\/ambiente\\\/15\\\/34\\\/#primaryimage\",\"url\":\"https:\\\/\\\/algarve7.pt\\\/wp-content\\\/uploads\\\/2026\\\/04\\\/Dia-Florestas4.jpg\",\"contentUrl\":\"https:\\\/\\\/algarve7.pt\\\/wp-content\\\/uploads\\\/2026\\\/04\\\/Dia-Florestas4.jpg\",\"width\":800,\"height\":445},{\"@type\":\"BreadcrumbList\",\"@id\":\"https:\\\/\\\/algarve7.pt\\\/index.php\\\/2026\\\/04\\\/no-concelho-de-loule-plantaram-se-e-distribuiram-se-arvores\\\/ambiente\\\/15\\\/34\\\/#breadcrumb\",\"itemListElement\":[{\"@type\":\"ListItem\",\"position\":1,\"name\":\"In\u00edcio\",\"item\":\"https:\\\/\\\/algarve7.pt\\\/\"},{\"@type\":\"ListItem\",\"position\":2,\"name\":\"No concelho de Loul\u00e9, plantaram-se e distribu\u00edram-se \u00e1rvores\"}]},{\"@type\":\"WebSite\",\"@id\":\"https:\\\/\\\/algarve7.pt\\\/#website\",\"url\":\"https:\\\/\\\/algarve7.pt\\\/\",\"name\":\"Algarve 7\",\"description\":\"Informa\u00e7\u00e3o sobre o Algarve\",\"publisher\":{\"@id\":\"https:\\\/\\\/algarve7.pt\\\/#organization\"},\"potentialAction\":[{\"@type\":\"SearchAction\",\"target\":{\"@type\":\"EntryPoint\",\"urlTemplate\":\"https:\\\/\\\/algarve7.pt\\\/?s={search_term_string}\"},\"query-input\":{\"@type\":\"PropertyValueSpecification\",\"valueRequired\":true,\"valueName\":\"search_term_string\"}}],\"inLanguage\":\"pt-PT\"},{\"@type\":\"Organization\",\"@id\":\"https:\\\/\\\/algarve7.pt\\\/#organization\",\"name\":\"Algarve 7\",\"url\":\"https:\\\/\\\/algarve7.pt\\\/\",\"logo\":{\"@type\":\"ImageObject\",\"inLanguage\":\"pt-PT\",\"@id\":\"https:\\\/\\\/algarve7.pt\\\/#\\\/schema\\\/logo\\\/image\\\/\",\"url\":\"https:\\\/\\\/algarve7.pt\\\/wp-content\\\/uploads\\\/2020\\\/10\\\/Logo-8.jpg\",\"contentUrl\":\"https:\\\/\\\/algarve7.pt\\\/wp-content\\\/uploads\\\/2020\\\/10\\\/Logo-8.jpg\",\"width\":1680,\"height\":1186,\"caption\":\"Algarve 7\"},\"image\":{\"@id\":\"https:\\\/\\\/algarve7.pt\\\/#\\\/schema\\\/logo\\\/image\\\/\"},\"sameAs\":[\"https:\\\/\\\/www.facebook.com\\\/algarve7\",\"https:\\\/\\\/x.com\\\/Algarvesete\",\"https:\\\/\\\/www.instagram.com\\\/jornalalgarve7\\\/\",\"https:\\\/\\\/www.linkedin.com\\\/company\\\/algarve7\",\"https:\\\/\\\/www.pinterest.pt\\\/geral0939\\\/_created\\\/\"]},{\"@type\":\"Person\",\"@id\":\"https:\\\/\\\/algarve7.pt\\\/#\\\/schema\\\/person\\\/23fa70681308e7b319a3204bcea45e0c\",\"name\":\"Algarve 7\",\"sameAs\":[\"https:\\\/\\\/algarve7.pt\",\"https:\\\/\\\/www.facebook.com\\\/algarve7\"],\"url\":\"https:\\\/\\\/algarve7.pt\\\/index.php\\\/author\\\/geralalgarve7-pt\\\/\"}]}<\/script>\n<!-- \/ Yoast SEO plugin. -->","yoast_head_json":{"title":"No concelho de Loul\u00e9, plantaram-se e distribu\u00edram-se \u00e1rvores - Algarve 7","description":"No concelho de Loul\u00e9, plantaram-se e distribu\u00edram-se \u00e1rvores Ambiente","robots":{"index":"index","follow":"follow","max-snippet":"max-snippet:-1","max-image-preview":"max-image-preview:large","max-video-preview":"max-video-preview:-1"},"canonical":"https:\/\/algarve7.pt\/index.php\/2026\/04\/no-concelho-de-loule-plantaram-se-e-distribuiram-se-arvores\/ambiente\/15\/34\/","og_locale":"pt_PT","og_type":"article","og_title":"No concelho de Loul\u00e9, plantaram-se e distribu\u00edram-se \u00e1rvores - Algarve 7","og_description":"No concelho de Loul\u00e9, plantaram-se e distribu\u00edram-se \u00e1rvores Ambiente","og_url":"https:\/\/algarve7.pt\/index.php\/2026\/04\/no-concelho-de-loule-plantaram-se-e-distribuiram-se-arvores\/ambiente\/15\/34\/","og_site_name":"Algarve 7","article_publisher":"https:\/\/www.facebook.com\/algarve7","article_author":"https:\/\/www.facebook.com\/algarve7","article_published_time":"2026-04-06T14:34:50+00:00","article_modified_time":"2026-04-06T14:34:59+00:00","og_image":[{"width":800,"height":445,"url":"https:\/\/algarve7.pt\/wp-content\/uploads\/2026\/04\/Dia-Florestas4.jpg","type":"image\/jpeg"}],"author":"Algarve 7","twitter_card":"summary_large_image","twitter_creator":"@Algarvesete","twitter_site":"@Algarvesete","twitter_misc":{"Escrito por":"Algarve 7","Tempo estimado de leitura":"3 minutos"},"schema":{"@context":"https:\/\/schema.org","@graph":[{"@type":"Article","@id":"https:\/\/algarve7.pt\/index.php\/2026\/04\/no-concelho-de-loule-plantaram-se-e-distribuiram-se-arvores\/ambiente\/15\/34\/#article","isPartOf":{"@id":"https:\/\/algarve7.pt\/index.php\/2026\/04\/no-concelho-de-loule-plantaram-se-e-distribuiram-se-arvores\/ambiente\/15\/34\/"},"author":{"name":"Algarve 7","@id":"https:\/\/algarve7.pt\/#\/schema\/person\/23fa70681308e7b319a3204bcea45e0c"},"headline":"No concelho de Loul\u00e9, plantaram-se e distribu\u00edram-se \u00e1rvores","datePublished":"2026-04-06T14:34:50+00:00","dateModified":"2026-04-06T14:34:59+00:00","mainEntityOfPage":{"@id":"https:\/\/algarve7.pt\/index.php\/2026\/04\/no-concelho-de-loule-plantaram-se-e-distribuiram-se-arvores\/ambiente\/15\/34\/"},"wordCount":463,"publisher":{"@id":"https:\/\/algarve7.pt\/#organization"},"image":{"@id":"https:\/\/algarve7.pt\/index.php\/2026\/04\/no-concelho-de-loule-plantaram-se-e-distribuiram-se-arvores\/ambiente\/15\/34\/#primaryimage"},"thumbnailUrl":"https:\/\/algarve7.pt\/wp-content\/uploads\/2026\/04\/Dia-Florestas4.jpg","keywords":["Algarve","Ambiente","Loul\u00e9"],"articleSection":["Ambiente"],"inLanguage":"pt-PT"},{"@type":"WebPage","@id":"https:\/\/algarve7.pt\/index.php\/2026\/04\/no-concelho-de-loule-plantaram-se-e-distribuiram-se-arvores\/ambiente\/15\/34\/","url":"https:\/\/algarve7.pt\/index.php\/2026\/04\/no-concelho-de-loule-plantaram-se-e-distribuiram-se-arvores\/ambiente\/15\/34\/","name":"No concelho de Loul\u00e9, plantaram-se e distribu\u00edram-se \u00e1rvores - Algarve 7","isPartOf":{"@id":"https:\/\/algarve7.pt\/#website"},"primaryImageOfPage":{"@id":"https:\/\/algarve7.pt\/index.php\/2026\/04\/no-concelho-de-loule-plantaram-se-e-distribuiram-se-arvores\/ambiente\/15\/34\/#primaryimage"},"image":{"@id":"https:\/\/algarve7.pt\/index.php\/2026\/04\/no-concelho-de-loule-plantaram-se-e-distribuiram-se-arvores\/ambiente\/15\/34\/#primaryimage"},"thumbnailUrl":"https:\/\/algarve7.pt\/wp-content\/uploads\/2026\/04\/Dia-Florestas4.jpg","datePublished":"2026-04-06T14:34:50+00:00","dateModified":"2026-04-06T14:34:59+00:00","description":"No concelho de Loul\u00e9, plantaram-se e distribu\u00edram-se \u00e1rvores Ambiente","breadcrumb":{"@id":"https:\/\/algarve7.pt\/index.php\/2026\/04\/no-concelho-de-loule-plantaram-se-e-distribuiram-se-arvores\/ambiente\/15\/34\/#breadcrumb"},"inLanguage":"pt-PT","potentialAction":[{"@type":"ReadAction","target":["https:\/\/algarve7.pt\/index.php\/2026\/04\/no-concelho-de-loule-plantaram-se-e-distribuiram-se-arvores\/ambiente\/15\/34\/"]}]},{"@type":"ImageObject","inLanguage":"pt-PT","@id":"https:\/\/algarve7.pt\/index.php\/2026\/04\/no-concelho-de-loule-plantaram-se-e-distribuiram-se-arvores\/ambiente\/15\/34\/#primaryimage","url":"https:\/\/algarve7.pt\/wp-content\/uploads\/2026\/04\/Dia-Florestas4.jpg","contentUrl":"https:\/\/algarve7.pt\/wp-content\/uploads\/2026\/04\/Dia-Florestas4.jpg","width":800,"height":445},{"@type":"BreadcrumbList","@id":"https:\/\/algarve7.pt\/index.php\/2026\/04\/no-concelho-de-loule-plantaram-se-e-distribuiram-se-arvores\/ambiente\/15\/34\/#breadcrumb","itemListElement":[{"@type":"ListItem","position":1,"name":"In\u00edcio","item":"https:\/\/algarve7.pt\/"},{"@type":"ListItem","position":2,"name":"No concelho de Loul\u00e9, plantaram-se e distribu\u00edram-se \u00e1rvores"}]},{"@type":"WebSite","@id":"https:\/\/algarve7.pt\/#website","url":"https:\/\/algarve7.pt\/","name":"Algarve 7","description":"Informa\u00e7\u00e3o sobre o Algarve","publisher":{"@id":"https:\/\/algarve7.pt\/#organization"},"potentialAction":[{"@type":"SearchAction","target":{"@type":"EntryPoint","urlTemplate":"https:\/\/algarve7.pt\/?s={search_term_string}"},"query-input":{"@type":"PropertyValueSpecification","valueRequired":true,"valueName":"search_term_string"}}],"inLanguage":"pt-PT"},{"@type":"Organization","@id":"https:\/\/algarve7.pt\/#organization","name":"Algarve 7","url":"https:\/\/algarve7.pt\/","logo":{"@type":"ImageObject","inLanguage":"pt-PT","@id":"https:\/\/algarve7.pt\/#\/schema\/logo\/image\/","url":"https:\/\/algarve7.pt\/wp-content\/uploads\/2020\/10\/Logo-8.jpg","contentUrl":"https:\/\/algarve7.pt\/wp-content\/uploads\/2020\/10\/Logo-8.jpg","width":1680,"height":1186,"caption":"Algarve 7"},"image":{"@id":"https:\/\/algarve7.pt\/#\/schema\/logo\/image\/"},"sameAs":["https:\/\/www.facebook.com\/algarve7","https:\/\/x.com\/Algarvesete","https:\/\/www.instagram.com\/jornalalgarve7\/","https:\/\/www.linkedin.com\/company\/algarve7","https:\/\/www.pinterest.pt\/geral0939\/_created\/"]},{"@type":"Person","@id":"https:\/\/algarve7.pt\/#\/schema\/person\/23fa70681308e7b319a3204bcea45e0c","name":"Algarve 7","sameAs":["https:\/\/algarve7.pt","https:\/\/www.facebook.com\/algarve7"],"url":"https:\/\/algarve7.pt\/index.php\/author\/geralalgarve7-pt\/"}]}},"jetpack_publicize_connections":[],"jetpack_featured_media_url":"https:\/\/algarve7.pt\/wp-content\/uploads\/2026\/04\/Dia-Florestas4.jpg","jetpack_shortlink":"https:\/\/wp.me\/pcezmW-fO7","jetpack_sharing_enabled":true,"_links":{"self":[{"href":"https:\/\/algarve7.pt\/index.php\/wp-json\/wp\/v2\/posts\/60767","targetHints":{"allow":["GET"]}}],"collection":[{"href":"https:\/\/algarve7.pt\/index.php\/wp-json\/wp\/v2\/posts"}],"about":[{"href":"https:\/\/algarve7.pt\/index.php\/wp-json\/wp\/v2\/types\/post"}],"author":[{"embeddable":true,"href":"https:\/\/algarve7.pt\/index.php\/wp-json\/wp\/v2\/users\/1"}],"replies":[{"embeddable":true,"href":"https:\/\/algarve7.pt\/index.php\/wp-json\/wp\/v2\/comments?post=60767"}],"version-history":[{"count":0,"href":"https:\/\/algarve7.pt\/index.php\/wp-json\/wp\/v2\/posts\/60767\/revisions"}],"wp:featuredmedia":[{"embeddable":true,"href":"https:\/\/algarve7.pt\/index.php\/wp-json\/wp\/v2\/media\/60768"}],"wp:attachment":[{"href":"https:\/\/algarve7.pt\/index.php\/wp-json\/wp\/v2\/media?parent=60767"}],"wp:term":[{"taxonomy":"category","embeddable":true,"href":"https:\/\/algarve7.pt\/index.php\/wp-json\/wp\/v2\/categories?post=60767"},{"taxonomy":"post_tag","embeddable":true,"href":"https:\/\/algarve7.pt\/index.php\/wp-json\/wp\/v2\/tags?post=60767"}],"curies":[{"name":"wp","href":"https:\/\/api.w.org\/{rel}","templated":true}]}}