{"id":60758,"date":"2026-04-07T07:45:00","date_gmt":"2026-04-07T06:45:00","guid":{"rendered":"https:\/\/algarve7.pt\/?p=60758"},"modified":"2026-04-06T13:03:58","modified_gmt":"2026-04-06T12:03:58","slug":"albufeira-cup-reuniu-centenas-de-jovens-numa-celebracao-do-futebol-de-formacao","status":"publish","type":"post","link":"https:\/\/algarve7.pt\/index.php\/2026\/04\/albufeira-cup-reuniu-centenas-de-jovens-numa-celebracao-do-futebol-de-formacao\/desporto\/07\/45\/","title":{"rendered":"Albufeira cup reuniu centenas de jovens numa celebra\u00e7\u00e3o do futebol de forma\u00e7\u00e3o"},"content":{"rendered":"\n<p>Quatro dias de competi\u00e7\u00e3o intensa, numa celebra\u00e7\u00e3o do futebol de forma\u00e7\u00e3o. Foi assim a 2.\u00aa edi\u00e7\u00e3o do Albufeira Cup. A prova disputou-se entre os dias 1 e 4 de abril, e juntou mais de 850 jovens atletas, acompanhados por 120 treinadores.<\/p>\n\n\n\n<p>O torneio de futebol de sete contou com a participa\u00e7\u00e3o de mais de 60 equipas, em representa\u00e7\u00e3o de v\u00e1rios clubes a n\u00edvel regional, nacional e at\u00e9 internacional. A iniciativa foi assim uma excelente oportunidade para os atletas dos clubes locais, que puderam conviver de perto com equipas de outras regi\u00f5es.&nbsp;<\/p>\n\n\n\n<p>Inserida na programa\u00e7\u00e3o oficial \u201cAlbufeira Cidade Europeia do Desporto 2026\u201d, a competi\u00e7\u00e3o dividiu-se entre o Est\u00e1dio Municipal Fernando Barata e o Campo Sint\u00e9tico da Palmeira.<\/p>\n\n\n\n<p>O vice-presidente da C\u00e2mara Municipal de Albufeira acompanhou a cerim\u00f3nia de entrega de pr\u00e9mios, e real\u00e7ou o \u201cenorme esp\u00edrito de fair play e desportivismo\u201d demonstrado ao longo da prova. Para Jorge Carmo, \u201c\u00e9 fundamental apoiarmos competi\u00e7\u00f5es em escal\u00f5es de forma\u00e7\u00e3o para podermos construir melhores atletas no futuro\u201d.<\/p>\n\n\n\n<p>A 2.\u00aa edi\u00e7\u00e3o do Albufeira Cup foi organizada pelo Imortal Desportivo Clube, com o apoio da C\u00e2mara Municipal de Albufeira. O evento destacou-se pelo elevado n\u00edvel competitivo e evidenciou, uma vez mais, a capacidade de Albufeira para acolher competi\u00e7\u00f5es desportivas de excel\u00eancia.&nbsp;<\/p>\n\n\n\n<p><strong>Resultados por escal\u00e3o<\/strong><\/p>\n\n\n\n<p><strong>Traquinas A \u2013 Fase Ouro<\/strong><br>1.\u00ba UFC Moitense; 2.\u00ba DFK Champions (Bulg\u00e1ria); 3.\u00ba Portimonense SC; 4.\u00ba Benfica EF Aveiro<\/p>\n\n\n\n<p><strong>Traquinas A \u2013 Fase Prata<\/strong><br>1.\u00ba Imortal DC; 2.\u00ba CD Feirense; 3.\u00ba CD Almod\u00f4var; 4.\u00ba SR 1.\u00ba Janeiro<\/p>\n\n\n\n<p><strong>Traquinas A \u2013 Fase Bronze<\/strong><br>1.\u00ba CDR Quarteirense; 2.\u00ba Imortal DC 2; 3.\u00ba Guia FC; 4.\u00ba FC Ferreiras<\/p>\n\n\n\n<p><strong>Traquinas B \u2013 Fase Ouro<\/strong><br>1.\u00ba CD Feirense; 2.\u00ba CD Feirense B; 3.\u00ba CDR Quarteirense; 4.\u00ba SC Farense<\/p>\n\n\n\n<p><strong>Traquinas B \u2013 Fase Prata<\/strong><br>1.\u00ba Louletano DC; 2.\u00ba Imortal DC 2; 3.\u00ba FC Ferreiras; 4.\u00ba Imortal DC 1<\/p>\n\n\n\n<p><strong>Benjamins A \u2013 Fase Platina<\/strong><br>1.\u00ba SC Farense 1; 2.\u00ba Portimonense SC; 3.\u00ba Imortal DC 1; 4.\u00ba SC Farense 2<\/p>\n\n\n\n<p><strong>Benjamins A \u2013 Fase Ouro<\/strong><br>1.\u00ba SR 1.\u00ba Janeiro; 2.\u00ba CDR Quarteirense; 3.\u00ba FC Ferreiras; 4.\u00ba JC Aljezurense<\/p>\n\n\n\n<p><strong>Benjamins A \u2013 Fase Prata<\/strong><br>1.\u00ba Guia FC; 2.\u00ba DFK Champions (Bulg\u00e1ria); 3.\u00ba Campinense; 4.\u00ba CD Almod\u00f4var<\/p>\n\n\n\n<p><strong>Benjamins A \u2013 Fase Bronze<\/strong><br>1.\u00ba Estrela de S. Andr\u00e9; 2.\u00ba Imortal DC 2; 3.\u00ba CD Montenegro; 4.\u00ba Louletano DC<\/p>\n\n\n\n<p><strong>Benjamins B \u2013 Fase Ouro<\/strong><br>1.\u00ba Imortal DC 1; 2.\u00ba CD Montenegro; 3.\u00ba Portimonense SC; 4.\u00ba CDR Quarteirense<\/p>\n\n\n\n<p><strong>Benjamins B \u2013 Fase Prata<\/strong><br>1.\u00ba CD Almod\u00f4var; 2.\u00ba&nbsp;Lince Football Academy; 3.\u00ba Imortal DC 2; 4.\u00ba&nbsp;Internacional Club Almancil<\/p>\n\n\n\n<p><strong>Benjamins B \u2013 Fase Bronze<\/strong><br>1.\u00ba Louletano DC; 2.\u00ba FC Ferreiras 2; 3.\u00ba FC Ferreiras 1; 4.\u00ba CD Feirense<\/p>\n\n\n\n<p><strong>Infantis Sub-13 \u2013 Fase Ouro<\/strong><br>1.\u00ba FC Ferreiras 1; 2.\u00ba JC Aljezurense 1; 3.\u00ba SR Almancilense; 4.\u00ba Guia FC<\/p>\n\n\n\n<p><strong>Infantis Sub-13 \u2013 Fase Prata<\/strong><br>1.\u00ba Portimonense SC: 2.\u00ba Louletano DC; 3.\u00ba JC Aljezurense; 4.\u00ba AD Tavira<\/p>\n\n\n\n<p><strong>Infantis Sub-13 \u2013 Fase Bronze<\/strong><br>1.\u00ba DFK Champions A (Bulg\u00e1ria); 2.\u00ba FC Ferreiras 2; 3.\u00ba Imortal DC; 4.\u00ba DFK Champions B<\/p>\n","protected":false},"excerpt":{"rendered":"<p>Quatro dias de competi\u00e7\u00e3o intensa, numa celebra\u00e7\u00e3o do futebol de forma\u00e7\u00e3o. Foi assim a 2.\u00aa edi\u00e7\u00e3o do Albufeira Cup. A<\/p>\n","protected":false},"author":1,"featured_media":60759,"comment_status":"closed","ping_status":"closed","sticky":false,"template":"","format":"standard","meta":{"colormag_page_container_layout":"default_layout","colormag_page_sidebar_layout":"default_layout","_monsterinsights_skip_tracking":false,"_monsterinsights_sitenote_active":false,"_monsterinsights_sitenote_note":"","_monsterinsights_sitenote_category":0,"jetpack_post_was_ever_published":false,"_jetpack_newsletter_access":"","_jetpack_dont_email_post_to_subs":false,"_jetpack_newsletter_tier_id":0,"_jetpack_memberships_contains_paywalled_content":false,"_jetpack_memberships_contains_paid_content":false,"footnotes":"","jetpack_publicize_message":"","jetpack_publicize_feature_enabled":true,"jetpack_social_post_already_shared":true,"jetpack_social_options":{"image_generator_settings":{"template":"highway","default_image_id":0,"font":"","enabled":false},"version":2}},"categories":[15],"tags":[155,36,40,77],"class_list":["post-60758","post","type-post","status-publish","format-standard","has-post-thumbnail","hentry","category-desporto","tag-albufeira","tag-algarve","tag-desporto","tag-futebol"],"yoast_head":"<!-- This site is optimized with the Yoast SEO plugin v27.5 - https:\/\/yoast.com\/product\/yoast-seo-wordpress\/ -->\n<title>Albufeira cup reuniu centenas de jovens numa celebra\u00e7\u00e3o do futebol de forma\u00e7\u00e3o - Algarve 7<\/title>\n<meta name=\"description\" content=\"Albufeira cup reuniu centenas de jovens numa celebra\u00e7\u00e3o do futebol de forma\u00e7\u00e3o Desporto\" \/>\n<meta name=\"robots\" content=\"index, follow, max-snippet:-1, max-image-preview:large, max-video-preview:-1\" \/>\n<link rel=\"canonical\" href=\"https:\/\/algarve7.pt\/index.php\/2026\/04\/albufeira-cup-reuniu-centenas-de-jovens-numa-celebracao-do-futebol-de-formacao\/desporto\/07\/45\/\" \/>\n<meta property=\"og:locale\" content=\"pt_PT\" \/>\n<meta property=\"og:type\" content=\"article\" \/>\n<meta property=\"og:title\" content=\"Albufeira cup reuniu centenas de jovens numa celebra\u00e7\u00e3o do futebol de forma\u00e7\u00e3o - Algarve 7\" \/>\n<meta property=\"og:description\" content=\"Albufeira cup reuniu centenas de jovens numa celebra\u00e7\u00e3o do futebol de forma\u00e7\u00e3o Desporto\" \/>\n<meta property=\"og:url\" content=\"https:\/\/algarve7.pt\/index.php\/2026\/04\/albufeira-cup-reuniu-centenas-de-jovens-numa-celebracao-do-futebol-de-formacao\/desporto\/07\/45\/\" \/>\n<meta property=\"og:site_name\" content=\"Algarve 7\" \/>\n<meta property=\"article:publisher\" content=\"https:\/\/www.facebook.com\/algarve7\" \/>\n<meta property=\"article:author\" content=\"https:\/\/www.facebook.com\/algarve7\" \/>\n<meta property=\"article:published_time\" content=\"2026-04-07T06:45:00+00:00\" \/>\n<meta property=\"og:image\" content=\"https:\/\/algarve7.pt\/wp-content\/uploads\/2026\/04\/CMA\u00a9RuiGregorio_-9.jpg\" \/>\n\t<meta property=\"og:image:width\" content=\"800\" \/>\n\t<meta property=\"og:image:height\" content=\"445\" \/>\n\t<meta property=\"og:image:type\" content=\"image\/jpeg\" \/>\n<meta name=\"author\" content=\"Algarve 7\" \/>\n<meta name=\"twitter:card\" content=\"summary_large_image\" \/>\n<meta name=\"twitter:creator\" content=\"@Algarvesete\" \/>\n<meta name=\"twitter:site\" content=\"@Algarvesete\" \/>\n<meta name=\"twitter:label1\" content=\"Escrito por\" \/>\n\t<meta name=\"twitter:data1\" content=\"Algarve 7\" \/>\n\t<meta name=\"twitter:label2\" content=\"Tempo estimado de leitura\" \/>\n\t<meta name=\"twitter:data2\" content=\"3 minutos\" \/>\n<script type=\"application\/ld+json\" class=\"yoast-schema-graph\">{\"@context\":\"https:\\\/\\\/schema.org\",\"@graph\":[{\"@type\":\"Article\",\"@id\":\"https:\\\/\\\/algarve7.pt\\\/index.php\\\/2026\\\/04\\\/albufeira-cup-reuniu-centenas-de-jovens-numa-celebracao-do-futebol-de-formacao\\\/desporto\\\/07\\\/45\\\/#article\",\"isPartOf\":{\"@id\":\"https:\\\/\\\/algarve7.pt\\\/index.php\\\/2026\\\/04\\\/albufeira-cup-reuniu-centenas-de-jovens-numa-celebracao-do-futebol-de-formacao\\\/desporto\\\/07\\\/45\\\/\"},\"author\":{\"name\":\"Algarve 7\",\"@id\":\"https:\\\/\\\/algarve7.pt\\\/#\\\/schema\\\/person\\\/23fa70681308e7b319a3204bcea45e0c\"},\"headline\":\"Albufeira cup reuniu centenas de jovens numa celebra\u00e7\u00e3o do futebol de forma\u00e7\u00e3o\",\"datePublished\":\"2026-04-07T06:45:00+00:00\",\"mainEntityOfPage\":{\"@id\":\"https:\\\/\\\/algarve7.pt\\\/index.php\\\/2026\\\/04\\\/albufeira-cup-reuniu-centenas-de-jovens-numa-celebracao-do-futebol-de-formacao\\\/desporto\\\/07\\\/45\\\/\"},\"wordCount\":440,\"publisher\":{\"@id\":\"https:\\\/\\\/algarve7.pt\\\/#organization\"},\"image\":{\"@id\":\"https:\\\/\\\/algarve7.pt\\\/index.php\\\/2026\\\/04\\\/albufeira-cup-reuniu-centenas-de-jovens-numa-celebracao-do-futebol-de-formacao\\\/desporto\\\/07\\\/45\\\/#primaryimage\"},\"thumbnailUrl\":\"https:\\\/\\\/algarve7.pt\\\/wp-content\\\/uploads\\\/2026\\\/04\\\/CMA\u00a9RuiGregorio_-9.jpg\",\"keywords\":[\"Albufeira\",\"Algarve\",\"Desporto\",\"Futebol\"],\"articleSection\":[\"Desporto\"],\"inLanguage\":\"pt-PT\"},{\"@type\":\"WebPage\",\"@id\":\"https:\\\/\\\/algarve7.pt\\\/index.php\\\/2026\\\/04\\\/albufeira-cup-reuniu-centenas-de-jovens-numa-celebracao-do-futebol-de-formacao\\\/desporto\\\/07\\\/45\\\/\",\"url\":\"https:\\\/\\\/algarve7.pt\\\/index.php\\\/2026\\\/04\\\/albufeira-cup-reuniu-centenas-de-jovens-numa-celebracao-do-futebol-de-formacao\\\/desporto\\\/07\\\/45\\\/\",\"name\":\"Albufeira cup reuniu centenas de jovens numa celebra\u00e7\u00e3o do futebol de forma\u00e7\u00e3o - Algarve 7\",\"isPartOf\":{\"@id\":\"https:\\\/\\\/algarve7.pt\\\/#website\"},\"primaryImageOfPage\":{\"@id\":\"https:\\\/\\\/algarve7.pt\\\/index.php\\\/2026\\\/04\\\/albufeira-cup-reuniu-centenas-de-jovens-numa-celebracao-do-futebol-de-formacao\\\/desporto\\\/07\\\/45\\\/#primaryimage\"},\"image\":{\"@id\":\"https:\\\/\\\/algarve7.pt\\\/index.php\\\/2026\\\/04\\\/albufeira-cup-reuniu-centenas-de-jovens-numa-celebracao-do-futebol-de-formacao\\\/desporto\\\/07\\\/45\\\/#primaryimage\"},\"thumbnailUrl\":\"https:\\\/\\\/algarve7.pt\\\/wp-content\\\/uploads\\\/2026\\\/04\\\/CMA\u00a9RuiGregorio_-9.jpg\",\"datePublished\":\"2026-04-07T06:45:00+00:00\",\"description\":\"Albufeira cup reuniu centenas de jovens numa celebra\u00e7\u00e3o do futebol de forma\u00e7\u00e3o Desporto\",\"breadcrumb\":{\"@id\":\"https:\\\/\\\/algarve7.pt\\\/index.php\\\/2026\\\/04\\\/albufeira-cup-reuniu-centenas-de-jovens-numa-celebracao-do-futebol-de-formacao\\\/desporto\\\/07\\\/45\\\/#breadcrumb\"},\"inLanguage\":\"pt-PT\",\"potentialAction\":[{\"@type\":\"ReadAction\",\"target\":[\"https:\\\/\\\/algarve7.pt\\\/index.php\\\/2026\\\/04\\\/albufeira-cup-reuniu-centenas-de-jovens-numa-celebracao-do-futebol-de-formacao\\\/desporto\\\/07\\\/45\\\/\"]}]},{\"@type\":\"ImageObject\",\"inLanguage\":\"pt-PT\",\"@id\":\"https:\\\/\\\/algarve7.pt\\\/index.php\\\/2026\\\/04\\\/albufeira-cup-reuniu-centenas-de-jovens-numa-celebracao-do-futebol-de-formacao\\\/desporto\\\/07\\\/45\\\/#primaryimage\",\"url\":\"https:\\\/\\\/algarve7.pt\\\/wp-content\\\/uploads\\\/2026\\\/04\\\/CMA\u00a9RuiGregorio_-9.jpg\",\"contentUrl\":\"https:\\\/\\\/algarve7.pt\\\/wp-content\\\/uploads\\\/2026\\\/04\\\/CMA\u00a9RuiGregorio_-9.jpg\",\"width\":800,\"height\":445},{\"@type\":\"BreadcrumbList\",\"@id\":\"https:\\\/\\\/algarve7.pt\\\/index.php\\\/2026\\\/04\\\/albufeira-cup-reuniu-centenas-de-jovens-numa-celebracao-do-futebol-de-formacao\\\/desporto\\\/07\\\/45\\\/#breadcrumb\",\"itemListElement\":[{\"@type\":\"ListItem\",\"position\":1,\"name\":\"In\u00edcio\",\"item\":\"https:\\\/\\\/algarve7.pt\\\/\"},{\"@type\":\"ListItem\",\"position\":2,\"name\":\"Albufeira cup reuniu centenas de jovens numa celebra\u00e7\u00e3o do futebol de forma\u00e7\u00e3o\"}]},{\"@type\":\"WebSite\",\"@id\":\"https:\\\/\\\/algarve7.pt\\\/#website\",\"url\":\"https:\\\/\\\/algarve7.pt\\\/\",\"name\":\"Algarve 7\",\"description\":\"Informa\u00e7\u00e3o sobre o Algarve\",\"publisher\":{\"@id\":\"https:\\\/\\\/algarve7.pt\\\/#organization\"},\"potentialAction\":[{\"@type\":\"SearchAction\",\"target\":{\"@type\":\"EntryPoint\",\"urlTemplate\":\"https:\\\/\\\/algarve7.pt\\\/?s={search_term_string}\"},\"query-input\":{\"@type\":\"PropertyValueSpecification\",\"valueRequired\":true,\"valueName\":\"search_term_string\"}}],\"inLanguage\":\"pt-PT\"},{\"@type\":\"Organization\",\"@id\":\"https:\\\/\\\/algarve7.pt\\\/#organization\",\"name\":\"Algarve 7\",\"url\":\"https:\\\/\\\/algarve7.pt\\\/\",\"logo\":{\"@type\":\"ImageObject\",\"inLanguage\":\"pt-PT\",\"@id\":\"https:\\\/\\\/algarve7.pt\\\/#\\\/schema\\\/logo\\\/image\\\/\",\"url\":\"https:\\\/\\\/algarve7.pt\\\/wp-content\\\/uploads\\\/2020\\\/10\\\/Logo-8.jpg\",\"contentUrl\":\"https:\\\/\\\/algarve7.pt\\\/wp-content\\\/uploads\\\/2020\\\/10\\\/Logo-8.jpg\",\"width\":1680,\"height\":1186,\"caption\":\"Algarve 7\"},\"image\":{\"@id\":\"https:\\\/\\\/algarve7.pt\\\/#\\\/schema\\\/logo\\\/image\\\/\"},\"sameAs\":[\"https:\\\/\\\/www.facebook.com\\\/algarve7\",\"https:\\\/\\\/x.com\\\/Algarvesete\",\"https:\\\/\\\/www.instagram.com\\\/jornalalgarve7\\\/\",\"https:\\\/\\\/www.linkedin.com\\\/company\\\/algarve7\",\"https:\\\/\\\/www.pinterest.pt\\\/geral0939\\\/_created\\\/\"]},{\"@type\":\"Person\",\"@id\":\"https:\\\/\\\/algarve7.pt\\\/#\\\/schema\\\/person\\\/23fa70681308e7b319a3204bcea45e0c\",\"name\":\"Algarve 7\",\"sameAs\":[\"https:\\\/\\\/algarve7.pt\",\"https:\\\/\\\/www.facebook.com\\\/algarve7\"],\"url\":\"https:\\\/\\\/algarve7.pt\\\/index.php\\\/author\\\/geralalgarve7-pt\\\/\"}]}<\/script>\n<!-- \/ Yoast SEO plugin. -->","yoast_head_json":{"title":"Albufeira cup reuniu centenas de jovens numa celebra\u00e7\u00e3o do futebol de forma\u00e7\u00e3o - Algarve 7","description":"Albufeira cup reuniu centenas de jovens numa celebra\u00e7\u00e3o do futebol de forma\u00e7\u00e3o Desporto","robots":{"index":"index","follow":"follow","max-snippet":"max-snippet:-1","max-image-preview":"max-image-preview:large","max-video-preview":"max-video-preview:-1"},"canonical":"https:\/\/algarve7.pt\/index.php\/2026\/04\/albufeira-cup-reuniu-centenas-de-jovens-numa-celebracao-do-futebol-de-formacao\/desporto\/07\/45\/","og_locale":"pt_PT","og_type":"article","og_title":"Albufeira cup reuniu centenas de jovens numa celebra\u00e7\u00e3o do futebol de forma\u00e7\u00e3o - Algarve 7","og_description":"Albufeira cup reuniu centenas de jovens numa celebra\u00e7\u00e3o do futebol de forma\u00e7\u00e3o Desporto","og_url":"https:\/\/algarve7.pt\/index.php\/2026\/04\/albufeira-cup-reuniu-centenas-de-jovens-numa-celebracao-do-futebol-de-formacao\/desporto\/07\/45\/","og_site_name":"Algarve 7","article_publisher":"https:\/\/www.facebook.com\/algarve7","article_author":"https:\/\/www.facebook.com\/algarve7","article_published_time":"2026-04-07T06:45:00+00:00","og_image":[{"width":800,"height":445,"url":"https:\/\/algarve7.pt\/wp-content\/uploads\/2026\/04\/CMA\u00a9RuiGregorio_-9.jpg","type":"image\/jpeg"}],"author":"Algarve 7","twitter_card":"summary_large_image","twitter_creator":"@Algarvesete","twitter_site":"@Algarvesete","twitter_misc":{"Escrito por":"Algarve 7","Tempo estimado de leitura":"3 minutos"},"schema":{"@context":"https:\/\/schema.org","@graph":[{"@type":"Article","@id":"https:\/\/algarve7.pt\/index.php\/2026\/04\/albufeira-cup-reuniu-centenas-de-jovens-numa-celebracao-do-futebol-de-formacao\/desporto\/07\/45\/#article","isPartOf":{"@id":"https:\/\/algarve7.pt\/index.php\/2026\/04\/albufeira-cup-reuniu-centenas-de-jovens-numa-celebracao-do-futebol-de-formacao\/desporto\/07\/45\/"},"author":{"name":"Algarve 7","@id":"https:\/\/algarve7.pt\/#\/schema\/person\/23fa70681308e7b319a3204bcea45e0c"},"headline":"Albufeira cup reuniu centenas de jovens numa celebra\u00e7\u00e3o do futebol de forma\u00e7\u00e3o","datePublished":"2026-04-07T06:45:00+00:00","mainEntityOfPage":{"@id":"https:\/\/algarve7.pt\/index.php\/2026\/04\/albufeira-cup-reuniu-centenas-de-jovens-numa-celebracao-do-futebol-de-formacao\/desporto\/07\/45\/"},"wordCount":440,"publisher":{"@id":"https:\/\/algarve7.pt\/#organization"},"image":{"@id":"https:\/\/algarve7.pt\/index.php\/2026\/04\/albufeira-cup-reuniu-centenas-de-jovens-numa-celebracao-do-futebol-de-formacao\/desporto\/07\/45\/#primaryimage"},"thumbnailUrl":"https:\/\/algarve7.pt\/wp-content\/uploads\/2026\/04\/CMA\u00a9RuiGregorio_-9.jpg","keywords":["Albufeira","Algarve","Desporto","Futebol"],"articleSection":["Desporto"],"inLanguage":"pt-PT"},{"@type":"WebPage","@id":"https:\/\/algarve7.pt\/index.php\/2026\/04\/albufeira-cup-reuniu-centenas-de-jovens-numa-celebracao-do-futebol-de-formacao\/desporto\/07\/45\/","url":"https:\/\/algarve7.pt\/index.php\/2026\/04\/albufeira-cup-reuniu-centenas-de-jovens-numa-celebracao-do-futebol-de-formacao\/desporto\/07\/45\/","name":"Albufeira cup reuniu centenas de jovens numa celebra\u00e7\u00e3o do futebol de forma\u00e7\u00e3o - Algarve 7","isPartOf":{"@id":"https:\/\/algarve7.pt\/#website"},"primaryImageOfPage":{"@id":"https:\/\/algarve7.pt\/index.php\/2026\/04\/albufeira-cup-reuniu-centenas-de-jovens-numa-celebracao-do-futebol-de-formacao\/desporto\/07\/45\/#primaryimage"},"image":{"@id":"https:\/\/algarve7.pt\/index.php\/2026\/04\/albufeira-cup-reuniu-centenas-de-jovens-numa-celebracao-do-futebol-de-formacao\/desporto\/07\/45\/#primaryimage"},"thumbnailUrl":"https:\/\/algarve7.pt\/wp-content\/uploads\/2026\/04\/CMA\u00a9RuiGregorio_-9.jpg","datePublished":"2026-04-07T06:45:00+00:00","description":"Albufeira cup reuniu centenas de jovens numa celebra\u00e7\u00e3o do futebol de forma\u00e7\u00e3o Desporto","breadcrumb":{"@id":"https:\/\/algarve7.pt\/index.php\/2026\/04\/albufeira-cup-reuniu-centenas-de-jovens-numa-celebracao-do-futebol-de-formacao\/desporto\/07\/45\/#breadcrumb"},"inLanguage":"pt-PT","potentialAction":[{"@type":"ReadAction","target":["https:\/\/algarve7.pt\/index.php\/2026\/04\/albufeira-cup-reuniu-centenas-de-jovens-numa-celebracao-do-futebol-de-formacao\/desporto\/07\/45\/"]}]},{"@type":"ImageObject","inLanguage":"pt-PT","@id":"https:\/\/algarve7.pt\/index.php\/2026\/04\/albufeira-cup-reuniu-centenas-de-jovens-numa-celebracao-do-futebol-de-formacao\/desporto\/07\/45\/#primaryimage","url":"https:\/\/algarve7.pt\/wp-content\/uploads\/2026\/04\/CMA\u00a9RuiGregorio_-9.jpg","contentUrl":"https:\/\/algarve7.pt\/wp-content\/uploads\/2026\/04\/CMA\u00a9RuiGregorio_-9.jpg","width":800,"height":445},{"@type":"BreadcrumbList","@id":"https:\/\/algarve7.pt\/index.php\/2026\/04\/albufeira-cup-reuniu-centenas-de-jovens-numa-celebracao-do-futebol-de-formacao\/desporto\/07\/45\/#breadcrumb","itemListElement":[{"@type":"ListItem","position":1,"name":"In\u00edcio","item":"https:\/\/algarve7.pt\/"},{"@type":"ListItem","position":2,"name":"Albufeira cup reuniu centenas de jovens numa celebra\u00e7\u00e3o do futebol de forma\u00e7\u00e3o"}]},{"@type":"WebSite","@id":"https:\/\/algarve7.pt\/#website","url":"https:\/\/algarve7.pt\/","name":"Algarve 7","description":"Informa\u00e7\u00e3o sobre o Algarve","publisher":{"@id":"https:\/\/algarve7.pt\/#organization"},"potentialAction":[{"@type":"SearchAction","target":{"@type":"EntryPoint","urlTemplate":"https:\/\/algarve7.pt\/?s={search_term_string}"},"query-input":{"@type":"PropertyValueSpecification","valueRequired":true,"valueName":"search_term_string"}}],"inLanguage":"pt-PT"},{"@type":"Organization","@id":"https:\/\/algarve7.pt\/#organization","name":"Algarve 7","url":"https:\/\/algarve7.pt\/","logo":{"@type":"ImageObject","inLanguage":"pt-PT","@id":"https:\/\/algarve7.pt\/#\/schema\/logo\/image\/","url":"https:\/\/algarve7.pt\/wp-content\/uploads\/2020\/10\/Logo-8.jpg","contentUrl":"https:\/\/algarve7.pt\/wp-content\/uploads\/2020\/10\/Logo-8.jpg","width":1680,"height":1186,"caption":"Algarve 7"},"image":{"@id":"https:\/\/algarve7.pt\/#\/schema\/logo\/image\/"},"sameAs":["https:\/\/www.facebook.com\/algarve7","https:\/\/x.com\/Algarvesete","https:\/\/www.instagram.com\/jornalalgarve7\/","https:\/\/www.linkedin.com\/company\/algarve7","https:\/\/www.pinterest.pt\/geral0939\/_created\/"]},{"@type":"Person","@id":"https:\/\/algarve7.pt\/#\/schema\/person\/23fa70681308e7b319a3204bcea45e0c","name":"Algarve 7","sameAs":["https:\/\/algarve7.pt","https:\/\/www.facebook.com\/algarve7"],"url":"https:\/\/algarve7.pt\/index.php\/author\/geralalgarve7-pt\/"}]}},"jetpack_publicize_connections":[],"jetpack_featured_media_url":"https:\/\/algarve7.pt\/wp-content\/uploads\/2026\/04\/CMA\u00a9RuiGregorio_-9.jpg","jetpack_shortlink":"https:\/\/wp.me\/pcezmW-fNY","jetpack_sharing_enabled":true,"_links":{"self":[{"href":"https:\/\/algarve7.pt\/index.php\/wp-json\/wp\/v2\/posts\/60758","targetHints":{"allow":["GET"]}}],"collection":[{"href":"https:\/\/algarve7.pt\/index.php\/wp-json\/wp\/v2\/posts"}],"about":[{"href":"https:\/\/algarve7.pt\/index.php\/wp-json\/wp\/v2\/types\/post"}],"author":[{"embeddable":true,"href":"https:\/\/algarve7.pt\/index.php\/wp-json\/wp\/v2\/users\/1"}],"replies":[{"embeddable":true,"href":"https:\/\/algarve7.pt\/index.php\/wp-json\/wp\/v2\/comments?post=60758"}],"version-history":[{"count":0,"href":"https:\/\/algarve7.pt\/index.php\/wp-json\/wp\/v2\/posts\/60758\/revisions"}],"wp:featuredmedia":[{"embeddable":true,"href":"https:\/\/algarve7.pt\/index.php\/wp-json\/wp\/v2\/media\/60759"}],"wp:attachment":[{"href":"https:\/\/algarve7.pt\/index.php\/wp-json\/wp\/v2\/media?parent=60758"}],"wp:term":[{"taxonomy":"category","embeddable":true,"href":"https:\/\/algarve7.pt\/index.php\/wp-json\/wp\/v2\/categories?post=60758"},{"taxonomy":"post_tag","embeddable":true,"href":"https:\/\/algarve7.pt\/index.php\/wp-json\/wp\/v2\/tags?post=60758"}],"curies":[{"name":"wp","href":"https:\/\/api.w.org\/{rel}","templated":true}]}}