{"id":60755,"date":"2026-04-07T07:30:00","date_gmt":"2026-04-07T06:30:00","guid":{"rendered":"https:\/\/algarve7.pt\/?p=60755"},"modified":"2026-04-06T12:52:44","modified_gmt":"2026-04-06T11:52:44","slug":"lagoa-recebe-oficina-de-roda-de-oleiro-formacao-intensiva-nivel-i","status":"publish","type":"post","link":"https:\/\/algarve7.pt\/index.php\/2026\/04\/lagoa-recebe-oficina-de-roda-de-oleiro-formacao-intensiva-nivel-i\/atualidade\/07\/30\/","title":{"rendered":"Lagoa recebe oficina de roda de oleiro (Forma\u00e7\u00e3o Intensiva \u2013 N\u00edvel I)"},"content":{"rendered":"\n<p><strong>Oficina de Roda de Oleiro&nbsp;<\/strong>(Forma\u00e7\u00e3o Intensiva \u2013 N\u00edvel I)<\/p>\n\n\n\n<p>A Escola de Artes de Lagoa, atrav\u00e9s do Munic\u00edpio de Lagoa e do Servi\u00e7o de Patrim\u00f3nio Cultural, promove uma Oficina de Roda de Oleiro (N\u00edvel I) orientada pelo&nbsp;<strong>formador Ricardo Lopes<\/strong>, destinada a todos os interessados em aprender ou iniciar-se na arte da olaria.<\/p>\n\n\n\n<p><strong> 13 a 16 de abril<\/strong><br><strong> 09h30 \u2013 13h00<\/strong><br><strong> Escola de Artes de Lagoa \u2013 Sala de Olaria e Cer\u00e2mica<\/strong><br><strong> Popula\u00e7\u00e3o em geral (a partir dos 16 anos)<\/strong><\/p>\n\n\n\n<p>Esta forma\u00e7\u00e3o intensiva tem como objetivo proporcionar uma base s\u00f3lida de aprendizagem na roda de oleiro, permitindo aos participantes compreender os princ\u00edpios fundamentais da conforma\u00e7\u00e3o do barro. Ao longo das sess\u00f5es ser\u00e1 abordado um percurso t\u00e9cnico completo \u2014 da modela\u00e7\u00e3o ao acabamento \u2014 estimulando simultaneamente a criatividade e o desenvolvimento de trabalhos de autor.<\/p>\n\n\n\n<p>A iniciativa integra o trabalho que o Munic\u00edpio de Lagoa tem vindo a desenvolver na preserva\u00e7\u00e3o, valoriza\u00e7\u00e3o e transmiss\u00e3o das artes da olaria e da cer\u00e2mica, tradi\u00e7\u00f5es profundamente enraizadas na identidade cultural do concelho. Paralelamente, o p\u00fablico pode tamb\u00e9m conhecer o N\u00facleo de Olaria e Cer\u00e2mica visit\u00e1vel, onde est\u00e3o expostas pe\u00e7as de mestres oleiros de Lagoa e de v\u00e1rias regi\u00f5es do pa\u00eds.<\/p>\n\n\n\n<p><strong>\u00a0Informa\u00e7\u00f5es importantes:<\/strong><\/p>\n\n\n\n<p>Vagas limitadas<\/p>\n\n\n\n<p>Participa\u00e7\u00e3o com custos associados<\/p>\n\n\n\n<p>Pr\u00e9-inscri\u00e7\u00e3o obrigat\u00f3ria: \ud83d\udce7&nbsp;<a href=\"https:\/\/22.kmitd2.com\/go\/ff84f443e217-4dc63282b02a5ca990b9f778ff3ced457c5d409e5e6zX8e1y12Nes8e5GN\" target=\"_blank\" rel=\"noreferrer noopener\">escola.artes@cm-lagoa.pt<\/a><\/p>\n","protected":false},"excerpt":{"rendered":"<p>Oficina de Roda de Oleiro&nbsp;(Forma\u00e7\u00e3o Intensiva \u2013 N\u00edvel I) A Escola de Artes de Lagoa, atrav\u00e9s do Munic\u00edpio de Lagoa<\/p>\n","protected":false},"author":1,"featured_media":60756,"comment_status":"closed","ping_status":"closed","sticky":false,"template":"","format":"standard","meta":{"colormag_page_container_layout":"default_layout","colormag_page_sidebar_layout":"default_layout","_monsterinsights_skip_tracking":false,"_monsterinsights_sitenote_active":false,"_monsterinsights_sitenote_note":"","_monsterinsights_sitenote_category":0,"jetpack_post_was_ever_published":false,"_jetpack_newsletter_access":"","_jetpack_dont_email_post_to_subs":false,"_jetpack_newsletter_tier_id":0,"_jetpack_memberships_contains_paywalled_content":false,"_jetpack_memberships_contains_paid_content":false,"footnotes":"","jetpack_publicize_message":"","jetpack_publicize_feature_enabled":true,"jetpack_social_post_already_shared":true,"jetpack_social_options":{"image_generator_settings":{"template":"highway","default_image_id":0,"font":"","enabled":false},"version":2}},"categories":[11],"tags":[36,62,48],"class_list":["post-60755","post","type-post","status-publish","format-standard","has-post-thumbnail","hentry","category-atualidade","tag-algarve","tag-atualidade","tag-lagoa"],"yoast_head":"<!-- This site is optimized with the Yoast SEO plugin v27.5 - https:\/\/yoast.com\/product\/yoast-seo-wordpress\/ -->\n<title>Lagoa recebe oficina de roda de oleiro (Forma\u00e7\u00e3o Intensiva \u2013 N\u00edvel I) - Algarve 7<\/title>\n<meta name=\"description\" content=\"Lagoa recebe oficina de roda de oleiro (Forma\u00e7\u00e3o Intensiva \u2013 N\u00edvel I) Atualidade\" \/>\n<meta name=\"robots\" content=\"index, follow, max-snippet:-1, max-image-preview:large, max-video-preview:-1\" \/>\n<link rel=\"canonical\" href=\"https:\/\/algarve7.pt\/index.php\/2026\/04\/lagoa-recebe-oficina-de-roda-de-oleiro-formacao-intensiva-nivel-i\/atualidade\/07\/30\/\" \/>\n<meta property=\"og:locale\" content=\"pt_PT\" \/>\n<meta property=\"og:type\" content=\"article\" \/>\n<meta property=\"og:title\" content=\"Lagoa recebe oficina de roda de oleiro (Forma\u00e7\u00e3o Intensiva \u2013 N\u00edvel I) - Algarve 7\" \/>\n<meta property=\"og:description\" content=\"Lagoa recebe oficina de roda de oleiro (Forma\u00e7\u00e3o Intensiva \u2013 N\u00edvel I) Atualidade\" \/>\n<meta property=\"og:url\" content=\"https:\/\/algarve7.pt\/index.php\/2026\/04\/lagoa-recebe-oficina-de-roda-de-oleiro-formacao-intensiva-nivel-i\/atualidade\/07\/30\/\" \/>\n<meta property=\"og:site_name\" content=\"Algarve 7\" \/>\n<meta property=\"article:publisher\" content=\"https:\/\/www.facebook.com\/algarve7\" \/>\n<meta property=\"article:author\" content=\"https:\/\/www.facebook.com\/algarve7\" \/>\n<meta property=\"article:published_time\" content=\"2026-04-07T06:30:00+00:00\" \/>\n<meta property=\"og:image\" content=\"https:\/\/algarve7.pt\/wp-content\/uploads\/2026\/04\/Captura-de-ecra-2026-04-06-as-12.49.40.png\" \/>\n\t<meta property=\"og:image:width\" content=\"800\" \/>\n\t<meta property=\"og:image:height\" content=\"445\" \/>\n\t<meta property=\"og:image:type\" content=\"image\/png\" \/>\n<meta name=\"author\" content=\"Algarve 7\" \/>\n<meta name=\"twitter:card\" content=\"summary_large_image\" \/>\n<meta name=\"twitter:creator\" content=\"@Algarvesete\" \/>\n<meta name=\"twitter:site\" content=\"@Algarvesete\" \/>\n<meta name=\"twitter:label1\" content=\"Escrito por\" \/>\n\t<meta name=\"twitter:data1\" content=\"Algarve 7\" \/>\n\t<meta name=\"twitter:label2\" content=\"Tempo estimado de leitura\" \/>\n\t<meta name=\"twitter:data2\" content=\"2 minutos\" \/>\n<script type=\"application\/ld+json\" class=\"yoast-schema-graph\">{\"@context\":\"https:\\\/\\\/schema.org\",\"@graph\":[{\"@type\":\"Article\",\"@id\":\"https:\\\/\\\/algarve7.pt\\\/index.php\\\/2026\\\/04\\\/lagoa-recebe-oficina-de-roda-de-oleiro-formacao-intensiva-nivel-i\\\/atualidade\\\/07\\\/30\\\/#article\",\"isPartOf\":{\"@id\":\"https:\\\/\\\/algarve7.pt\\\/index.php\\\/2026\\\/04\\\/lagoa-recebe-oficina-de-roda-de-oleiro-formacao-intensiva-nivel-i\\\/atualidade\\\/07\\\/30\\\/\"},\"author\":{\"name\":\"Algarve 7\",\"@id\":\"https:\\\/\\\/algarve7.pt\\\/#\\\/schema\\\/person\\\/23fa70681308e7b319a3204bcea45e0c\"},\"headline\":\"Lagoa recebe oficina de roda de oleiro (Forma\u00e7\u00e3o Intensiva \u2013 N\u00edvel I)\",\"datePublished\":\"2026-04-07T06:30:00+00:00\",\"mainEntityOfPage\":{\"@id\":\"https:\\\/\\\/algarve7.pt\\\/index.php\\\/2026\\\/04\\\/lagoa-recebe-oficina-de-roda-de-oleiro-formacao-intensiva-nivel-i\\\/atualidade\\\/07\\\/30\\\/\"},\"wordCount\":256,\"publisher\":{\"@id\":\"https:\\\/\\\/algarve7.pt\\\/#organization\"},\"image\":{\"@id\":\"https:\\\/\\\/algarve7.pt\\\/index.php\\\/2026\\\/04\\\/lagoa-recebe-oficina-de-roda-de-oleiro-formacao-intensiva-nivel-i\\\/atualidade\\\/07\\\/30\\\/#primaryimage\"},\"thumbnailUrl\":\"https:\\\/\\\/algarve7.pt\\\/wp-content\\\/uploads\\\/2026\\\/04\\\/Captura-de-ecra-2026-04-06-as-12.49.40.png\",\"keywords\":[\"Algarve\",\"Atualidade\",\"Lagoa\"],\"articleSection\":[\"Atualidade\"],\"inLanguage\":\"pt-PT\"},{\"@type\":\"WebPage\",\"@id\":\"https:\\\/\\\/algarve7.pt\\\/index.php\\\/2026\\\/04\\\/lagoa-recebe-oficina-de-roda-de-oleiro-formacao-intensiva-nivel-i\\\/atualidade\\\/07\\\/30\\\/\",\"url\":\"https:\\\/\\\/algarve7.pt\\\/index.php\\\/2026\\\/04\\\/lagoa-recebe-oficina-de-roda-de-oleiro-formacao-intensiva-nivel-i\\\/atualidade\\\/07\\\/30\\\/\",\"name\":\"Lagoa recebe oficina de roda de oleiro (Forma\u00e7\u00e3o Intensiva \u2013 N\u00edvel I) - Algarve 7\",\"isPartOf\":{\"@id\":\"https:\\\/\\\/algarve7.pt\\\/#website\"},\"primaryImageOfPage\":{\"@id\":\"https:\\\/\\\/algarve7.pt\\\/index.php\\\/2026\\\/04\\\/lagoa-recebe-oficina-de-roda-de-oleiro-formacao-intensiva-nivel-i\\\/atualidade\\\/07\\\/30\\\/#primaryimage\"},\"image\":{\"@id\":\"https:\\\/\\\/algarve7.pt\\\/index.php\\\/2026\\\/04\\\/lagoa-recebe-oficina-de-roda-de-oleiro-formacao-intensiva-nivel-i\\\/atualidade\\\/07\\\/30\\\/#primaryimage\"},\"thumbnailUrl\":\"https:\\\/\\\/algarve7.pt\\\/wp-content\\\/uploads\\\/2026\\\/04\\\/Captura-de-ecra-2026-04-06-as-12.49.40.png\",\"datePublished\":\"2026-04-07T06:30:00+00:00\",\"description\":\"Lagoa recebe oficina de roda de oleiro (Forma\u00e7\u00e3o Intensiva \u2013 N\u00edvel I) Atualidade\",\"breadcrumb\":{\"@id\":\"https:\\\/\\\/algarve7.pt\\\/index.php\\\/2026\\\/04\\\/lagoa-recebe-oficina-de-roda-de-oleiro-formacao-intensiva-nivel-i\\\/atualidade\\\/07\\\/30\\\/#breadcrumb\"},\"inLanguage\":\"pt-PT\",\"potentialAction\":[{\"@type\":\"ReadAction\",\"target\":[\"https:\\\/\\\/algarve7.pt\\\/index.php\\\/2026\\\/04\\\/lagoa-recebe-oficina-de-roda-de-oleiro-formacao-intensiva-nivel-i\\\/atualidade\\\/07\\\/30\\\/\"]}]},{\"@type\":\"ImageObject\",\"inLanguage\":\"pt-PT\",\"@id\":\"https:\\\/\\\/algarve7.pt\\\/index.php\\\/2026\\\/04\\\/lagoa-recebe-oficina-de-roda-de-oleiro-formacao-intensiva-nivel-i\\\/atualidade\\\/07\\\/30\\\/#primaryimage\",\"url\":\"https:\\\/\\\/algarve7.pt\\\/wp-content\\\/uploads\\\/2026\\\/04\\\/Captura-de-ecra-2026-04-06-as-12.49.40.png\",\"contentUrl\":\"https:\\\/\\\/algarve7.pt\\\/wp-content\\\/uploads\\\/2026\\\/04\\\/Captura-de-ecra-2026-04-06-as-12.49.40.png\",\"width\":800,\"height\":445},{\"@type\":\"BreadcrumbList\",\"@id\":\"https:\\\/\\\/algarve7.pt\\\/index.php\\\/2026\\\/04\\\/lagoa-recebe-oficina-de-roda-de-oleiro-formacao-intensiva-nivel-i\\\/atualidade\\\/07\\\/30\\\/#breadcrumb\",\"itemListElement\":[{\"@type\":\"ListItem\",\"position\":1,\"name\":\"In\u00edcio\",\"item\":\"https:\\\/\\\/algarve7.pt\\\/\"},{\"@type\":\"ListItem\",\"position\":2,\"name\":\"Lagoa recebe oficina de roda de oleiro (Forma\u00e7\u00e3o Intensiva \u2013 N\u00edvel I)\"}]},{\"@type\":\"WebSite\",\"@id\":\"https:\\\/\\\/algarve7.pt\\\/#website\",\"url\":\"https:\\\/\\\/algarve7.pt\\\/\",\"name\":\"Algarve 7\",\"description\":\"Informa\u00e7\u00e3o sobre o Algarve\",\"publisher\":{\"@id\":\"https:\\\/\\\/algarve7.pt\\\/#organization\"},\"potentialAction\":[{\"@type\":\"SearchAction\",\"target\":{\"@type\":\"EntryPoint\",\"urlTemplate\":\"https:\\\/\\\/algarve7.pt\\\/?s={search_term_string}\"},\"query-input\":{\"@type\":\"PropertyValueSpecification\",\"valueRequired\":true,\"valueName\":\"search_term_string\"}}],\"inLanguage\":\"pt-PT\"},{\"@type\":\"Organization\",\"@id\":\"https:\\\/\\\/algarve7.pt\\\/#organization\",\"name\":\"Algarve 7\",\"url\":\"https:\\\/\\\/algarve7.pt\\\/\",\"logo\":{\"@type\":\"ImageObject\",\"inLanguage\":\"pt-PT\",\"@id\":\"https:\\\/\\\/algarve7.pt\\\/#\\\/schema\\\/logo\\\/image\\\/\",\"url\":\"https:\\\/\\\/algarve7.pt\\\/wp-content\\\/uploads\\\/2020\\\/10\\\/Logo-8.jpg\",\"contentUrl\":\"https:\\\/\\\/algarve7.pt\\\/wp-content\\\/uploads\\\/2020\\\/10\\\/Logo-8.jpg\",\"width\":1680,\"height\":1186,\"caption\":\"Algarve 7\"},\"image\":{\"@id\":\"https:\\\/\\\/algarve7.pt\\\/#\\\/schema\\\/logo\\\/image\\\/\"},\"sameAs\":[\"https:\\\/\\\/www.facebook.com\\\/algarve7\",\"https:\\\/\\\/x.com\\\/Algarvesete\",\"https:\\\/\\\/www.instagram.com\\\/jornalalgarve7\\\/\",\"https:\\\/\\\/www.linkedin.com\\\/company\\\/algarve7\",\"https:\\\/\\\/www.pinterest.pt\\\/geral0939\\\/_created\\\/\"]},{\"@type\":\"Person\",\"@id\":\"https:\\\/\\\/algarve7.pt\\\/#\\\/schema\\\/person\\\/23fa70681308e7b319a3204bcea45e0c\",\"name\":\"Algarve 7\",\"sameAs\":[\"https:\\\/\\\/algarve7.pt\",\"https:\\\/\\\/www.facebook.com\\\/algarve7\"],\"url\":\"https:\\\/\\\/algarve7.pt\\\/index.php\\\/author\\\/geralalgarve7-pt\\\/\"}]}<\/script>\n<!-- \/ Yoast SEO plugin. -->","yoast_head_json":{"title":"Lagoa recebe oficina de roda de oleiro (Forma\u00e7\u00e3o Intensiva \u2013 N\u00edvel I) - Algarve 7","description":"Lagoa recebe oficina de roda de oleiro (Forma\u00e7\u00e3o Intensiva \u2013 N\u00edvel I) Atualidade","robots":{"index":"index","follow":"follow","max-snippet":"max-snippet:-1","max-image-preview":"max-image-preview:large","max-video-preview":"max-video-preview:-1"},"canonical":"https:\/\/algarve7.pt\/index.php\/2026\/04\/lagoa-recebe-oficina-de-roda-de-oleiro-formacao-intensiva-nivel-i\/atualidade\/07\/30\/","og_locale":"pt_PT","og_type":"article","og_title":"Lagoa recebe oficina de roda de oleiro (Forma\u00e7\u00e3o Intensiva \u2013 N\u00edvel I) - Algarve 7","og_description":"Lagoa recebe oficina de roda de oleiro (Forma\u00e7\u00e3o Intensiva \u2013 N\u00edvel I) Atualidade","og_url":"https:\/\/algarve7.pt\/index.php\/2026\/04\/lagoa-recebe-oficina-de-roda-de-oleiro-formacao-intensiva-nivel-i\/atualidade\/07\/30\/","og_site_name":"Algarve 7","article_publisher":"https:\/\/www.facebook.com\/algarve7","article_author":"https:\/\/www.facebook.com\/algarve7","article_published_time":"2026-04-07T06:30:00+00:00","og_image":[{"width":800,"height":445,"url":"https:\/\/algarve7.pt\/wp-content\/uploads\/2026\/04\/Captura-de-ecra-2026-04-06-as-12.49.40.png","type":"image\/png"}],"author":"Algarve 7","twitter_card":"summary_large_image","twitter_creator":"@Algarvesete","twitter_site":"@Algarvesete","twitter_misc":{"Escrito por":"Algarve 7","Tempo estimado de leitura":"2 minutos"},"schema":{"@context":"https:\/\/schema.org","@graph":[{"@type":"Article","@id":"https:\/\/algarve7.pt\/index.php\/2026\/04\/lagoa-recebe-oficina-de-roda-de-oleiro-formacao-intensiva-nivel-i\/atualidade\/07\/30\/#article","isPartOf":{"@id":"https:\/\/algarve7.pt\/index.php\/2026\/04\/lagoa-recebe-oficina-de-roda-de-oleiro-formacao-intensiva-nivel-i\/atualidade\/07\/30\/"},"author":{"name":"Algarve 7","@id":"https:\/\/algarve7.pt\/#\/schema\/person\/23fa70681308e7b319a3204bcea45e0c"},"headline":"Lagoa recebe oficina de roda de oleiro (Forma\u00e7\u00e3o Intensiva \u2013 N\u00edvel I)","datePublished":"2026-04-07T06:30:00+00:00","mainEntityOfPage":{"@id":"https:\/\/algarve7.pt\/index.php\/2026\/04\/lagoa-recebe-oficina-de-roda-de-oleiro-formacao-intensiva-nivel-i\/atualidade\/07\/30\/"},"wordCount":256,"publisher":{"@id":"https:\/\/algarve7.pt\/#organization"},"image":{"@id":"https:\/\/algarve7.pt\/index.php\/2026\/04\/lagoa-recebe-oficina-de-roda-de-oleiro-formacao-intensiva-nivel-i\/atualidade\/07\/30\/#primaryimage"},"thumbnailUrl":"https:\/\/algarve7.pt\/wp-content\/uploads\/2026\/04\/Captura-de-ecra-2026-04-06-as-12.49.40.png","keywords":["Algarve","Atualidade","Lagoa"],"articleSection":["Atualidade"],"inLanguage":"pt-PT"},{"@type":"WebPage","@id":"https:\/\/algarve7.pt\/index.php\/2026\/04\/lagoa-recebe-oficina-de-roda-de-oleiro-formacao-intensiva-nivel-i\/atualidade\/07\/30\/","url":"https:\/\/algarve7.pt\/index.php\/2026\/04\/lagoa-recebe-oficina-de-roda-de-oleiro-formacao-intensiva-nivel-i\/atualidade\/07\/30\/","name":"Lagoa recebe oficina de roda de oleiro (Forma\u00e7\u00e3o Intensiva \u2013 N\u00edvel I) - Algarve 7","isPartOf":{"@id":"https:\/\/algarve7.pt\/#website"},"primaryImageOfPage":{"@id":"https:\/\/algarve7.pt\/index.php\/2026\/04\/lagoa-recebe-oficina-de-roda-de-oleiro-formacao-intensiva-nivel-i\/atualidade\/07\/30\/#primaryimage"},"image":{"@id":"https:\/\/algarve7.pt\/index.php\/2026\/04\/lagoa-recebe-oficina-de-roda-de-oleiro-formacao-intensiva-nivel-i\/atualidade\/07\/30\/#primaryimage"},"thumbnailUrl":"https:\/\/algarve7.pt\/wp-content\/uploads\/2026\/04\/Captura-de-ecra-2026-04-06-as-12.49.40.png","datePublished":"2026-04-07T06:30:00+00:00","description":"Lagoa recebe oficina de roda de oleiro (Forma\u00e7\u00e3o Intensiva \u2013 N\u00edvel I) Atualidade","breadcrumb":{"@id":"https:\/\/algarve7.pt\/index.php\/2026\/04\/lagoa-recebe-oficina-de-roda-de-oleiro-formacao-intensiva-nivel-i\/atualidade\/07\/30\/#breadcrumb"},"inLanguage":"pt-PT","potentialAction":[{"@type":"ReadAction","target":["https:\/\/algarve7.pt\/index.php\/2026\/04\/lagoa-recebe-oficina-de-roda-de-oleiro-formacao-intensiva-nivel-i\/atualidade\/07\/30\/"]}]},{"@type":"ImageObject","inLanguage":"pt-PT","@id":"https:\/\/algarve7.pt\/index.php\/2026\/04\/lagoa-recebe-oficina-de-roda-de-oleiro-formacao-intensiva-nivel-i\/atualidade\/07\/30\/#primaryimage","url":"https:\/\/algarve7.pt\/wp-content\/uploads\/2026\/04\/Captura-de-ecra-2026-04-06-as-12.49.40.png","contentUrl":"https:\/\/algarve7.pt\/wp-content\/uploads\/2026\/04\/Captura-de-ecra-2026-04-06-as-12.49.40.png","width":800,"height":445},{"@type":"BreadcrumbList","@id":"https:\/\/algarve7.pt\/index.php\/2026\/04\/lagoa-recebe-oficina-de-roda-de-oleiro-formacao-intensiva-nivel-i\/atualidade\/07\/30\/#breadcrumb","itemListElement":[{"@type":"ListItem","position":1,"name":"In\u00edcio","item":"https:\/\/algarve7.pt\/"},{"@type":"ListItem","position":2,"name":"Lagoa recebe oficina de roda de oleiro (Forma\u00e7\u00e3o Intensiva \u2013 N\u00edvel I)"}]},{"@type":"WebSite","@id":"https:\/\/algarve7.pt\/#website","url":"https:\/\/algarve7.pt\/","name":"Algarve 7","description":"Informa\u00e7\u00e3o sobre o Algarve","publisher":{"@id":"https:\/\/algarve7.pt\/#organization"},"potentialAction":[{"@type":"SearchAction","target":{"@type":"EntryPoint","urlTemplate":"https:\/\/algarve7.pt\/?s={search_term_string}"},"query-input":{"@type":"PropertyValueSpecification","valueRequired":true,"valueName":"search_term_string"}}],"inLanguage":"pt-PT"},{"@type":"Organization","@id":"https:\/\/algarve7.pt\/#organization","name":"Algarve 7","url":"https:\/\/algarve7.pt\/","logo":{"@type":"ImageObject","inLanguage":"pt-PT","@id":"https:\/\/algarve7.pt\/#\/schema\/logo\/image\/","url":"https:\/\/algarve7.pt\/wp-content\/uploads\/2020\/10\/Logo-8.jpg","contentUrl":"https:\/\/algarve7.pt\/wp-content\/uploads\/2020\/10\/Logo-8.jpg","width":1680,"height":1186,"caption":"Algarve 7"},"image":{"@id":"https:\/\/algarve7.pt\/#\/schema\/logo\/image\/"},"sameAs":["https:\/\/www.facebook.com\/algarve7","https:\/\/x.com\/Algarvesete","https:\/\/www.instagram.com\/jornalalgarve7\/","https:\/\/www.linkedin.com\/company\/algarve7","https:\/\/www.pinterest.pt\/geral0939\/_created\/"]},{"@type":"Person","@id":"https:\/\/algarve7.pt\/#\/schema\/person\/23fa70681308e7b319a3204bcea45e0c","name":"Algarve 7","sameAs":["https:\/\/algarve7.pt","https:\/\/www.facebook.com\/algarve7"],"url":"https:\/\/algarve7.pt\/index.php\/author\/geralalgarve7-pt\/"}]}},"jetpack_publicize_connections":[],"jetpack_featured_media_url":"https:\/\/algarve7.pt\/wp-content\/uploads\/2026\/04\/Captura-de-ecra-2026-04-06-as-12.49.40.png","jetpack_shortlink":"https:\/\/wp.me\/pcezmW-fNV","jetpack_sharing_enabled":true,"_links":{"self":[{"href":"https:\/\/algarve7.pt\/index.php\/wp-json\/wp\/v2\/posts\/60755","targetHints":{"allow":["GET"]}}],"collection":[{"href":"https:\/\/algarve7.pt\/index.php\/wp-json\/wp\/v2\/posts"}],"about":[{"href":"https:\/\/algarve7.pt\/index.php\/wp-json\/wp\/v2\/types\/post"}],"author":[{"embeddable":true,"href":"https:\/\/algarve7.pt\/index.php\/wp-json\/wp\/v2\/users\/1"}],"replies":[{"embeddable":true,"href":"https:\/\/algarve7.pt\/index.php\/wp-json\/wp\/v2\/comments?post=60755"}],"version-history":[{"count":0,"href":"https:\/\/algarve7.pt\/index.php\/wp-json\/wp\/v2\/posts\/60755\/revisions"}],"wp:featuredmedia":[{"embeddable":true,"href":"https:\/\/algarve7.pt\/index.php\/wp-json\/wp\/v2\/media\/60756"}],"wp:attachment":[{"href":"https:\/\/algarve7.pt\/index.php\/wp-json\/wp\/v2\/media?parent=60755"}],"wp:term":[{"taxonomy":"category","embeddable":true,"href":"https:\/\/algarve7.pt\/index.php\/wp-json\/wp\/v2\/categories?post=60755"},{"taxonomy":"post_tag","embeddable":true,"href":"https:\/\/algarve7.pt\/index.php\/wp-json\/wp\/v2\/tags?post=60755"}],"curies":[{"name":"wp","href":"https:\/\/api.w.org\/{rel}","templated":true}]}}