{"id":60746,"date":"2026-04-07T07:00:00","date_gmt":"2026-04-07T06:00:00","guid":{"rendered":"https:\/\/algarve7.pt\/?p=60746"},"modified":"2026-04-06T12:32:42","modified_gmt":"2026-04-06T11:32:42","slug":"municipio-capacita-mais-de-uma-centena-de-dirigentes-associativos","status":"publish","type":"post","link":"https:\/\/algarve7.pt\/index.php\/2026\/04\/municipio-capacita-mais-de-uma-centena-de-dirigentes-associativos\/atualidade\/07\/00\/","title":{"rendered":"Munic\u00edpio capacita mais de uma centena de dirigentes associativos\u00a0"},"content":{"rendered":"\n<p>O Munic\u00edpio de Olh\u00e3o promoveu, no passado dia 30 de mar\u00e7o, no Audit\u00f3rio Municipal Maria Barroso, uma a\u00e7\u00e3o de capacita\u00e7\u00e3o dirigida a dirigentes associativos e treinadores, que contou com a participa\u00e7\u00e3o de 127 representantes de diversos setores do movimento associativo do concelho.&nbsp;<\/p>\n\n\n\n<p>A iniciativa reuniu agentes das \u00e1reas desportiva, social, cultural, recreativa, art\u00edstica, patrimonial, ambiental e juvenil, refletindo a diversidade e vitalidade do tecido associativo olhanense.<\/p>\n\n\n\n<p>Na sess\u00e3o de abertura, o presidente da C\u00e2mara Municipal, Ricardo Cal\u00e9, destacou \u201ca import\u00e2ncia destas a\u00e7\u00f5es para o refor\u00e7o das compet\u00eancias t\u00e9cnicas e funcionais das associa\u00e7\u00f5es\u201d, sublinhando \u201co compromisso da autarquia em apoiar, valorizar e estimular as suas din\u00e2micas e projetos\u201d.<\/p>\n\n\n\n<p>Por sua vez, o vereador com os pelouros do Desporto, A\u00e7\u00e3o Social, Juventude e Associativismo, Cust\u00f3dio Moreno, evidenciou o papel transformador dos agentes associativos na comunidade, incentivando a uma maior proatividade, inova\u00e7\u00e3o e adapta\u00e7\u00e3o nos seus processos e pr\u00e1ticas.&nbsp;<\/p>\n\n\n\n<p>O Munic\u00edpio refor\u00e7a, assim, a inten\u00e7\u00e3o de dar continuidade a este tipo de iniciativas, atrav\u00e9s da realiza\u00e7\u00e3o de a\u00e7\u00f5es de capacita\u00e7\u00e3o mais espec\u00edficas, da promo\u00e7\u00e3o de sess\u00f5es de ausculta\u00e7\u00e3o com os agentes locais com vista \u00e0 cria\u00e7\u00e3o ou revis\u00e3o dos regulamentos de apoio ao associativismo e da implementa\u00e7\u00e3o de um gabinete de apoio \u00e0s associa\u00e7\u00f5es, que permita responder de forma mais eficaz \u00e0s necessidades do setor.&nbsp;<\/p>\n","protected":false},"excerpt":{"rendered":"<p>O Munic\u00edpio de Olh\u00e3o promoveu, no passado dia 30 de mar\u00e7o, no Audit\u00f3rio Municipal Maria Barroso, uma a\u00e7\u00e3o de capacita\u00e7\u00e3o<\/p>\n","protected":false},"author":1,"featured_media":60747,"comment_status":"closed","ping_status":"closed","sticky":false,"template":"","format":"standard","meta":{"colormag_page_container_layout":"default_layout","colormag_page_sidebar_layout":"default_layout","_monsterinsights_skip_tracking":false,"_monsterinsights_sitenote_active":false,"_monsterinsights_sitenote_note":"","_monsterinsights_sitenote_category":0,"jetpack_post_was_ever_published":false,"_jetpack_newsletter_access":"","_jetpack_dont_email_post_to_subs":false,"_jetpack_newsletter_tier_id":0,"_jetpack_memberships_contains_paywalled_content":false,"_jetpack_memberships_contains_paid_content":false,"footnotes":"","jetpack_publicize_message":"","jetpack_publicize_feature_enabled":true,"jetpack_social_post_already_shared":true,"jetpack_social_options":{"image_generator_settings":{"template":"highway","default_image_id":0,"font":"","enabled":false},"version":2}},"categories":[11],"tags":[36,62,37],"class_list":["post-60746","post","type-post","status-publish","format-standard","has-post-thumbnail","hentry","category-atualidade","tag-algarve","tag-atualidade","tag-olhao"],"yoast_head":"<!-- This site is optimized with the Yoast SEO plugin v27.5 - https:\/\/yoast.com\/product\/yoast-seo-wordpress\/ -->\n<title>Munic\u00edpio capacita mais de uma centena de dirigentes associativos\u00a0 - Algarve 7<\/title>\n<meta name=\"description\" content=\"Munic\u00edpio capacita mais de uma centena de dirigentes associativos\u00a0 Atualidade\" \/>\n<meta name=\"robots\" content=\"index, follow, max-snippet:-1, max-image-preview:large, max-video-preview:-1\" \/>\n<link rel=\"canonical\" href=\"https:\/\/algarve7.pt\/index.php\/2026\/04\/municipio-capacita-mais-de-uma-centena-de-dirigentes-associativos\/atualidade\/07\/00\/\" \/>\n<meta property=\"og:locale\" content=\"pt_PT\" \/>\n<meta property=\"og:type\" content=\"article\" \/>\n<meta property=\"og:title\" content=\"Munic\u00edpio capacita mais de uma centena de dirigentes associativos\u00a0 - Algarve 7\" \/>\n<meta property=\"og:description\" content=\"Munic\u00edpio capacita mais de uma centena de dirigentes associativos\u00a0 Atualidade\" \/>\n<meta property=\"og:url\" content=\"https:\/\/algarve7.pt\/index.php\/2026\/04\/municipio-capacita-mais-de-uma-centena-de-dirigentes-associativos\/atualidade\/07\/00\/\" \/>\n<meta property=\"og:site_name\" content=\"Algarve 7\" \/>\n<meta property=\"article:publisher\" content=\"https:\/\/www.facebook.com\/algarve7\" \/>\n<meta property=\"article:author\" content=\"https:\/\/www.facebook.com\/algarve7\" \/>\n<meta property=\"article:published_time\" content=\"2026-04-07T06:00:00+00:00\" \/>\n<meta property=\"og:image\" content=\"https:\/\/algarve7.pt\/wp-content\/uploads\/2026\/04\/04.jpg\" \/>\n\t<meta property=\"og:image:width\" content=\"800\" \/>\n\t<meta property=\"og:image:height\" content=\"445\" \/>\n\t<meta property=\"og:image:type\" content=\"image\/jpeg\" \/>\n<meta name=\"author\" content=\"Algarve 7\" \/>\n<meta name=\"twitter:card\" content=\"summary_large_image\" \/>\n<meta name=\"twitter:creator\" content=\"@Algarvesete\" \/>\n<meta name=\"twitter:site\" content=\"@Algarvesete\" \/>\n<meta name=\"twitter:label1\" content=\"Escrito por\" \/>\n\t<meta name=\"twitter:data1\" content=\"Algarve 7\" \/>\n\t<meta name=\"twitter:label2\" content=\"Tempo estimado de leitura\" \/>\n\t<meta name=\"twitter:data2\" content=\"2 minutos\" \/>\n<script type=\"application\/ld+json\" class=\"yoast-schema-graph\">{\"@context\":\"https:\\\/\\\/schema.org\",\"@graph\":[{\"@type\":\"Article\",\"@id\":\"https:\\\/\\\/algarve7.pt\\\/index.php\\\/2026\\\/04\\\/municipio-capacita-mais-de-uma-centena-de-dirigentes-associativos\\\/atualidade\\\/07\\\/00\\\/#article\",\"isPartOf\":{\"@id\":\"https:\\\/\\\/algarve7.pt\\\/index.php\\\/2026\\\/04\\\/municipio-capacita-mais-de-uma-centena-de-dirigentes-associativos\\\/atualidade\\\/07\\\/00\\\/\"},\"author\":{\"name\":\"Algarve 7\",\"@id\":\"https:\\\/\\\/algarve7.pt\\\/#\\\/schema\\\/person\\\/23fa70681308e7b319a3204bcea45e0c\"},\"headline\":\"Munic\u00edpio capacita mais de uma centena de dirigentes associativos\u00a0\",\"datePublished\":\"2026-04-07T06:00:00+00:00\",\"mainEntityOfPage\":{\"@id\":\"https:\\\/\\\/algarve7.pt\\\/index.php\\\/2026\\\/04\\\/municipio-capacita-mais-de-uma-centena-de-dirigentes-associativos\\\/atualidade\\\/07\\\/00\\\/\"},\"wordCount\":259,\"publisher\":{\"@id\":\"https:\\\/\\\/algarve7.pt\\\/#organization\"},\"image\":{\"@id\":\"https:\\\/\\\/algarve7.pt\\\/index.php\\\/2026\\\/04\\\/municipio-capacita-mais-de-uma-centena-de-dirigentes-associativos\\\/atualidade\\\/07\\\/00\\\/#primaryimage\"},\"thumbnailUrl\":\"https:\\\/\\\/algarve7.pt\\\/wp-content\\\/uploads\\\/2026\\\/04\\\/04.jpg\",\"keywords\":[\"Algarve\",\"Atualidade\",\"Olh\u00e3o\"],\"articleSection\":[\"Atualidade\"],\"inLanguage\":\"pt-PT\"},{\"@type\":\"WebPage\",\"@id\":\"https:\\\/\\\/algarve7.pt\\\/index.php\\\/2026\\\/04\\\/municipio-capacita-mais-de-uma-centena-de-dirigentes-associativos\\\/atualidade\\\/07\\\/00\\\/\",\"url\":\"https:\\\/\\\/algarve7.pt\\\/index.php\\\/2026\\\/04\\\/municipio-capacita-mais-de-uma-centena-de-dirigentes-associativos\\\/atualidade\\\/07\\\/00\\\/\",\"name\":\"Munic\u00edpio capacita mais de uma centena de dirigentes associativos\u00a0 - Algarve 7\",\"isPartOf\":{\"@id\":\"https:\\\/\\\/algarve7.pt\\\/#website\"},\"primaryImageOfPage\":{\"@id\":\"https:\\\/\\\/algarve7.pt\\\/index.php\\\/2026\\\/04\\\/municipio-capacita-mais-de-uma-centena-de-dirigentes-associativos\\\/atualidade\\\/07\\\/00\\\/#primaryimage\"},\"image\":{\"@id\":\"https:\\\/\\\/algarve7.pt\\\/index.php\\\/2026\\\/04\\\/municipio-capacita-mais-de-uma-centena-de-dirigentes-associativos\\\/atualidade\\\/07\\\/00\\\/#primaryimage\"},\"thumbnailUrl\":\"https:\\\/\\\/algarve7.pt\\\/wp-content\\\/uploads\\\/2026\\\/04\\\/04.jpg\",\"datePublished\":\"2026-04-07T06:00:00+00:00\",\"description\":\"Munic\u00edpio capacita mais de uma centena de dirigentes associativos\u00a0 Atualidade\",\"breadcrumb\":{\"@id\":\"https:\\\/\\\/algarve7.pt\\\/index.php\\\/2026\\\/04\\\/municipio-capacita-mais-de-uma-centena-de-dirigentes-associativos\\\/atualidade\\\/07\\\/00\\\/#breadcrumb\"},\"inLanguage\":\"pt-PT\",\"potentialAction\":[{\"@type\":\"ReadAction\",\"target\":[\"https:\\\/\\\/algarve7.pt\\\/index.php\\\/2026\\\/04\\\/municipio-capacita-mais-de-uma-centena-de-dirigentes-associativos\\\/atualidade\\\/07\\\/00\\\/\"]}]},{\"@type\":\"ImageObject\",\"inLanguage\":\"pt-PT\",\"@id\":\"https:\\\/\\\/algarve7.pt\\\/index.php\\\/2026\\\/04\\\/municipio-capacita-mais-de-uma-centena-de-dirigentes-associativos\\\/atualidade\\\/07\\\/00\\\/#primaryimage\",\"url\":\"https:\\\/\\\/algarve7.pt\\\/wp-content\\\/uploads\\\/2026\\\/04\\\/04.jpg\",\"contentUrl\":\"https:\\\/\\\/algarve7.pt\\\/wp-content\\\/uploads\\\/2026\\\/04\\\/04.jpg\",\"width\":800,\"height\":445},{\"@type\":\"BreadcrumbList\",\"@id\":\"https:\\\/\\\/algarve7.pt\\\/index.php\\\/2026\\\/04\\\/municipio-capacita-mais-de-uma-centena-de-dirigentes-associativos\\\/atualidade\\\/07\\\/00\\\/#breadcrumb\",\"itemListElement\":[{\"@type\":\"ListItem\",\"position\":1,\"name\":\"In\u00edcio\",\"item\":\"https:\\\/\\\/algarve7.pt\\\/\"},{\"@type\":\"ListItem\",\"position\":2,\"name\":\"Munic\u00edpio capacita mais de uma centena de dirigentes associativos\u00a0\"}]},{\"@type\":\"WebSite\",\"@id\":\"https:\\\/\\\/algarve7.pt\\\/#website\",\"url\":\"https:\\\/\\\/algarve7.pt\\\/\",\"name\":\"Algarve 7\",\"description\":\"Informa\u00e7\u00e3o sobre o Algarve\",\"publisher\":{\"@id\":\"https:\\\/\\\/algarve7.pt\\\/#organization\"},\"potentialAction\":[{\"@type\":\"SearchAction\",\"target\":{\"@type\":\"EntryPoint\",\"urlTemplate\":\"https:\\\/\\\/algarve7.pt\\\/?s={search_term_string}\"},\"query-input\":{\"@type\":\"PropertyValueSpecification\",\"valueRequired\":true,\"valueName\":\"search_term_string\"}}],\"inLanguage\":\"pt-PT\"},{\"@type\":\"Organization\",\"@id\":\"https:\\\/\\\/algarve7.pt\\\/#organization\",\"name\":\"Algarve 7\",\"url\":\"https:\\\/\\\/algarve7.pt\\\/\",\"logo\":{\"@type\":\"ImageObject\",\"inLanguage\":\"pt-PT\",\"@id\":\"https:\\\/\\\/algarve7.pt\\\/#\\\/schema\\\/logo\\\/image\\\/\",\"url\":\"https:\\\/\\\/algarve7.pt\\\/wp-content\\\/uploads\\\/2020\\\/10\\\/Logo-8.jpg\",\"contentUrl\":\"https:\\\/\\\/algarve7.pt\\\/wp-content\\\/uploads\\\/2020\\\/10\\\/Logo-8.jpg\",\"width\":1680,\"height\":1186,\"caption\":\"Algarve 7\"},\"image\":{\"@id\":\"https:\\\/\\\/algarve7.pt\\\/#\\\/schema\\\/logo\\\/image\\\/\"},\"sameAs\":[\"https:\\\/\\\/www.facebook.com\\\/algarve7\",\"https:\\\/\\\/x.com\\\/Algarvesete\",\"https:\\\/\\\/www.instagram.com\\\/jornalalgarve7\\\/\",\"https:\\\/\\\/www.linkedin.com\\\/company\\\/algarve7\",\"https:\\\/\\\/www.pinterest.pt\\\/geral0939\\\/_created\\\/\"]},{\"@type\":\"Person\",\"@id\":\"https:\\\/\\\/algarve7.pt\\\/#\\\/schema\\\/person\\\/23fa70681308e7b319a3204bcea45e0c\",\"name\":\"Algarve 7\",\"sameAs\":[\"https:\\\/\\\/algarve7.pt\",\"https:\\\/\\\/www.facebook.com\\\/algarve7\"],\"url\":\"https:\\\/\\\/algarve7.pt\\\/index.php\\\/author\\\/geralalgarve7-pt\\\/\"}]}<\/script>\n<!-- \/ Yoast SEO plugin. -->","yoast_head_json":{"title":"Munic\u00edpio capacita mais de uma centena de dirigentes associativos\u00a0 - Algarve 7","description":"Munic\u00edpio capacita mais de uma centena de dirigentes associativos\u00a0 Atualidade","robots":{"index":"index","follow":"follow","max-snippet":"max-snippet:-1","max-image-preview":"max-image-preview:large","max-video-preview":"max-video-preview:-1"},"canonical":"https:\/\/algarve7.pt\/index.php\/2026\/04\/municipio-capacita-mais-de-uma-centena-de-dirigentes-associativos\/atualidade\/07\/00\/","og_locale":"pt_PT","og_type":"article","og_title":"Munic\u00edpio capacita mais de uma centena de dirigentes associativos\u00a0 - Algarve 7","og_description":"Munic\u00edpio capacita mais de uma centena de dirigentes associativos\u00a0 Atualidade","og_url":"https:\/\/algarve7.pt\/index.php\/2026\/04\/municipio-capacita-mais-de-uma-centena-de-dirigentes-associativos\/atualidade\/07\/00\/","og_site_name":"Algarve 7","article_publisher":"https:\/\/www.facebook.com\/algarve7","article_author":"https:\/\/www.facebook.com\/algarve7","article_published_time":"2026-04-07T06:00:00+00:00","og_image":[{"width":800,"height":445,"url":"https:\/\/algarve7.pt\/wp-content\/uploads\/2026\/04\/04.jpg","type":"image\/jpeg"}],"author":"Algarve 7","twitter_card":"summary_large_image","twitter_creator":"@Algarvesete","twitter_site":"@Algarvesete","twitter_misc":{"Escrito por":"Algarve 7","Tempo estimado de leitura":"2 minutos"},"schema":{"@context":"https:\/\/schema.org","@graph":[{"@type":"Article","@id":"https:\/\/algarve7.pt\/index.php\/2026\/04\/municipio-capacita-mais-de-uma-centena-de-dirigentes-associativos\/atualidade\/07\/00\/#article","isPartOf":{"@id":"https:\/\/algarve7.pt\/index.php\/2026\/04\/municipio-capacita-mais-de-uma-centena-de-dirigentes-associativos\/atualidade\/07\/00\/"},"author":{"name":"Algarve 7","@id":"https:\/\/algarve7.pt\/#\/schema\/person\/23fa70681308e7b319a3204bcea45e0c"},"headline":"Munic\u00edpio capacita mais de uma centena de dirigentes associativos\u00a0","datePublished":"2026-04-07T06:00:00+00:00","mainEntityOfPage":{"@id":"https:\/\/algarve7.pt\/index.php\/2026\/04\/municipio-capacita-mais-de-uma-centena-de-dirigentes-associativos\/atualidade\/07\/00\/"},"wordCount":259,"publisher":{"@id":"https:\/\/algarve7.pt\/#organization"},"image":{"@id":"https:\/\/algarve7.pt\/index.php\/2026\/04\/municipio-capacita-mais-de-uma-centena-de-dirigentes-associativos\/atualidade\/07\/00\/#primaryimage"},"thumbnailUrl":"https:\/\/algarve7.pt\/wp-content\/uploads\/2026\/04\/04.jpg","keywords":["Algarve","Atualidade","Olh\u00e3o"],"articleSection":["Atualidade"],"inLanguage":"pt-PT"},{"@type":"WebPage","@id":"https:\/\/algarve7.pt\/index.php\/2026\/04\/municipio-capacita-mais-de-uma-centena-de-dirigentes-associativos\/atualidade\/07\/00\/","url":"https:\/\/algarve7.pt\/index.php\/2026\/04\/municipio-capacita-mais-de-uma-centena-de-dirigentes-associativos\/atualidade\/07\/00\/","name":"Munic\u00edpio capacita mais de uma centena de dirigentes associativos\u00a0 - Algarve 7","isPartOf":{"@id":"https:\/\/algarve7.pt\/#website"},"primaryImageOfPage":{"@id":"https:\/\/algarve7.pt\/index.php\/2026\/04\/municipio-capacita-mais-de-uma-centena-de-dirigentes-associativos\/atualidade\/07\/00\/#primaryimage"},"image":{"@id":"https:\/\/algarve7.pt\/index.php\/2026\/04\/municipio-capacita-mais-de-uma-centena-de-dirigentes-associativos\/atualidade\/07\/00\/#primaryimage"},"thumbnailUrl":"https:\/\/algarve7.pt\/wp-content\/uploads\/2026\/04\/04.jpg","datePublished":"2026-04-07T06:00:00+00:00","description":"Munic\u00edpio capacita mais de uma centena de dirigentes associativos\u00a0 Atualidade","breadcrumb":{"@id":"https:\/\/algarve7.pt\/index.php\/2026\/04\/municipio-capacita-mais-de-uma-centena-de-dirigentes-associativos\/atualidade\/07\/00\/#breadcrumb"},"inLanguage":"pt-PT","potentialAction":[{"@type":"ReadAction","target":["https:\/\/algarve7.pt\/index.php\/2026\/04\/municipio-capacita-mais-de-uma-centena-de-dirigentes-associativos\/atualidade\/07\/00\/"]}]},{"@type":"ImageObject","inLanguage":"pt-PT","@id":"https:\/\/algarve7.pt\/index.php\/2026\/04\/municipio-capacita-mais-de-uma-centena-de-dirigentes-associativos\/atualidade\/07\/00\/#primaryimage","url":"https:\/\/algarve7.pt\/wp-content\/uploads\/2026\/04\/04.jpg","contentUrl":"https:\/\/algarve7.pt\/wp-content\/uploads\/2026\/04\/04.jpg","width":800,"height":445},{"@type":"BreadcrumbList","@id":"https:\/\/algarve7.pt\/index.php\/2026\/04\/municipio-capacita-mais-de-uma-centena-de-dirigentes-associativos\/atualidade\/07\/00\/#breadcrumb","itemListElement":[{"@type":"ListItem","position":1,"name":"In\u00edcio","item":"https:\/\/algarve7.pt\/"},{"@type":"ListItem","position":2,"name":"Munic\u00edpio capacita mais de uma centena de dirigentes associativos\u00a0"}]},{"@type":"WebSite","@id":"https:\/\/algarve7.pt\/#website","url":"https:\/\/algarve7.pt\/","name":"Algarve 7","description":"Informa\u00e7\u00e3o sobre o Algarve","publisher":{"@id":"https:\/\/algarve7.pt\/#organization"},"potentialAction":[{"@type":"SearchAction","target":{"@type":"EntryPoint","urlTemplate":"https:\/\/algarve7.pt\/?s={search_term_string}"},"query-input":{"@type":"PropertyValueSpecification","valueRequired":true,"valueName":"search_term_string"}}],"inLanguage":"pt-PT"},{"@type":"Organization","@id":"https:\/\/algarve7.pt\/#organization","name":"Algarve 7","url":"https:\/\/algarve7.pt\/","logo":{"@type":"ImageObject","inLanguage":"pt-PT","@id":"https:\/\/algarve7.pt\/#\/schema\/logo\/image\/","url":"https:\/\/algarve7.pt\/wp-content\/uploads\/2020\/10\/Logo-8.jpg","contentUrl":"https:\/\/algarve7.pt\/wp-content\/uploads\/2020\/10\/Logo-8.jpg","width":1680,"height":1186,"caption":"Algarve 7"},"image":{"@id":"https:\/\/algarve7.pt\/#\/schema\/logo\/image\/"},"sameAs":["https:\/\/www.facebook.com\/algarve7","https:\/\/x.com\/Algarvesete","https:\/\/www.instagram.com\/jornalalgarve7\/","https:\/\/www.linkedin.com\/company\/algarve7","https:\/\/www.pinterest.pt\/geral0939\/_created\/"]},{"@type":"Person","@id":"https:\/\/algarve7.pt\/#\/schema\/person\/23fa70681308e7b319a3204bcea45e0c","name":"Algarve 7","sameAs":["https:\/\/algarve7.pt","https:\/\/www.facebook.com\/algarve7"],"url":"https:\/\/algarve7.pt\/index.php\/author\/geralalgarve7-pt\/"}]}},"jetpack_publicize_connections":[],"jetpack_featured_media_url":"https:\/\/algarve7.pt\/wp-content\/uploads\/2026\/04\/04.jpg","jetpack_shortlink":"https:\/\/wp.me\/pcezmW-fNM","jetpack_sharing_enabled":true,"_links":{"self":[{"href":"https:\/\/algarve7.pt\/index.php\/wp-json\/wp\/v2\/posts\/60746","targetHints":{"allow":["GET"]}}],"collection":[{"href":"https:\/\/algarve7.pt\/index.php\/wp-json\/wp\/v2\/posts"}],"about":[{"href":"https:\/\/algarve7.pt\/index.php\/wp-json\/wp\/v2\/types\/post"}],"author":[{"embeddable":true,"href":"https:\/\/algarve7.pt\/index.php\/wp-json\/wp\/v2\/users\/1"}],"replies":[{"embeddable":true,"href":"https:\/\/algarve7.pt\/index.php\/wp-json\/wp\/v2\/comments?post=60746"}],"version-history":[{"count":0,"href":"https:\/\/algarve7.pt\/index.php\/wp-json\/wp\/v2\/posts\/60746\/revisions"}],"wp:featuredmedia":[{"embeddable":true,"href":"https:\/\/algarve7.pt\/index.php\/wp-json\/wp\/v2\/media\/60747"}],"wp:attachment":[{"href":"https:\/\/algarve7.pt\/index.php\/wp-json\/wp\/v2\/media?parent=60746"}],"wp:term":[{"taxonomy":"category","embeddable":true,"href":"https:\/\/algarve7.pt\/index.php\/wp-json\/wp\/v2\/categories?post=60746"},{"taxonomy":"post_tag","embeddable":true,"href":"https:\/\/algarve7.pt\/index.php\/wp-json\/wp\/v2\/tags?post=60746"}],"curies":[{"name":"wp","href":"https:\/\/api.w.org\/{rel}","templated":true}]}}