{"id":6074,"date":"2021-02-12T12:14:21","date_gmt":"2021-02-12T12:14:21","guid":{"rendered":"https:\/\/algarve7.pt\/?p=6074"},"modified":"2021-02-12T19:22:39","modified_gmt":"2021-02-12T19:22:39","slug":"cancelada-prova-bp-ultimate-portugal-cross-country-rally-prevista-para-abril","status":"publish","type":"post","link":"https:\/\/algarve7.pt\/index.php\/2021\/02\/cancelada-prova-bp-ultimate-portugal-cross-country-rally-prevista-para-abril\/desporto\/12\/14\/","title":{"rendered":"Adiada prova BP Ultimate Portugal Cross Country Rally, prevista para abril"},"content":{"rendered":"\n<p>Ap\u00f3s a avalia\u00e7\u00e3o das condi\u00e7\u00f5es para a sua realiza\u00e7\u00e3o, e face ao per\u00edodo de pandemia que se vive, a organiza\u00e7\u00e3o e os parceiros decidiram adiar a prova BP Ultimate Portugal Cross Country Rally.<\/p>\n\n\n\n<p>A referida prova est\u00e1 inserida na Ta\u00e7a do Mundo de TT da FIA (Federa\u00e7\u00e3o Internacional do Autom\u00f3vel) e do Campeonato de TT de Portugal da PFAK (Federa\u00e7\u00e3o Portuguesa de Automobilismo e Karting), bem como, simultaneamente para o Campeonato do Mundo para motos, quad\u2019s e ssv\u2019s sob a \u00e9gide da FIM (Federa\u00e7\u00e3o Internacional de Motociclismo) e da FMP (Federa\u00e7\u00e3o de Motociclismo de Portugal)<\/p>\n\n\n\n<p>A prova prevista para abril, ainda n\u00e3o tem nova data, sendo que, a organiza\u00e7\u00e3o e parceiros procuram nova op\u00e7\u00e3o para o final do ano, na expectativa que se re\u00fanam as condi\u00e7\u00f5es para a realiza\u00e7\u00e3o da mesma.<\/p>\n","protected":false},"excerpt":{"rendered":"<p>Ap\u00f3s a avalia\u00e7\u00e3o das condi\u00e7\u00f5es para a sua realiza\u00e7\u00e3o, e face ao per\u00edodo de pandemia que se vive, a organiza\u00e7\u00e3o<\/p>\n","protected":false},"author":1,"featured_media":5934,"comment_status":"closed","ping_status":"open","sticky":false,"template":"","format":"standard","meta":{"colormag_page_container_layout":"default_layout","colormag_page_sidebar_layout":"default_layout","_monsterinsights_skip_tracking":false,"_monsterinsights_sitenote_active":false,"_monsterinsights_sitenote_note":"","_monsterinsights_sitenote_category":0,"jetpack_post_was_ever_published":false,"_jetpack_newsletter_access":"","_jetpack_dont_email_post_to_subs":false,"_jetpack_newsletter_tier_id":0,"_jetpack_memberships_contains_paywalled_content":false,"_jetpack_memberships_contains_paid_content":false,"footnotes":"","jetpack_publicize_message":"","jetpack_publicize_feature_enabled":true,"jetpack_social_post_already_shared":true,"jetpack_social_options":{"image_generator_settings":{"template":"highway","default_image_id":0,"font":"","enabled":false},"version":2}},"categories":[15],"tags":[79,36,197,40],"class_list":["post-6074","post","type-post","status-publish","format-standard","has-post-thumbnail","hentry","category-desporto","tag-alcoutim","tag-algarve","tag-auto","tag-desporto"],"yoast_head":"<!-- This site is optimized with the Yoast SEO plugin v27.4 - https:\/\/yoast.com\/product\/yoast-seo-wordpress\/ -->\n<title>Adiada prova BP Ultimate Portugal Cross Country Rally, prevista para abril - Algarve 7<\/title>\n<meta name=\"description\" content=\"Adiada prova BP Ultimate Portugal Cross Country Rally, prevista para abril Desporto\" \/>\n<meta name=\"robots\" content=\"index, follow, max-snippet:-1, max-image-preview:large, max-video-preview:-1\" \/>\n<link rel=\"canonical\" href=\"https:\/\/algarve7.pt\/index.php\/2021\/02\/cancelada-prova-bp-ultimate-portugal-cross-country-rally-prevista-para-abril\/desporto\/12\/14\/\" \/>\n<meta property=\"og:locale\" content=\"pt_PT\" \/>\n<meta property=\"og:type\" content=\"article\" \/>\n<meta property=\"og:title\" content=\"Adiada prova BP Ultimate Portugal Cross Country Rally, prevista para abril - Algarve 7\" \/>\n<meta property=\"og:description\" content=\"Adiada prova BP Ultimate Portugal Cross Country Rally, prevista para abril Desporto\" \/>\n<meta property=\"og:url\" content=\"https:\/\/algarve7.pt\/index.php\/2021\/02\/cancelada-prova-bp-ultimate-portugal-cross-country-rally-prevista-para-abril\/desporto\/12\/14\/\" \/>\n<meta property=\"og:site_name\" content=\"Algarve 7\" \/>\n<meta property=\"article:publisher\" content=\"https:\/\/www.facebook.com\/algarve7\" \/>\n<meta property=\"article:author\" content=\"https:\/\/www.facebook.com\/algarve7\" \/>\n<meta property=\"article:published_time\" content=\"2021-02-12T12:14:21+00:00\" \/>\n<meta property=\"article:modified_time\" content=\"2021-02-12T19:22:39+00:00\" \/>\n<meta property=\"og:image\" content=\"https:\/\/algarve7.pt\/wp-content\/uploads\/2021\/02\/Baja-Cidade-Europeia-do-Desporto-31-05-2015-48.jpg\" \/>\n\t<meta property=\"og:image:width\" content=\"1920\" \/>\n\t<meta property=\"og:image:height\" content=\"1280\" \/>\n\t<meta property=\"og:image:type\" content=\"image\/jpeg\" \/>\n<meta name=\"author\" content=\"Algarve 7\" \/>\n<meta name=\"twitter:card\" content=\"summary_large_image\" \/>\n<meta name=\"twitter:creator\" content=\"@Algarvesete\" \/>\n<meta name=\"twitter:site\" content=\"@Algarvesete\" \/>\n<meta name=\"twitter:label1\" content=\"Escrito por\" \/>\n\t<meta name=\"twitter:data1\" content=\"Algarve 7\" \/>\n\t<meta name=\"twitter:label2\" content=\"Tempo estimado de leitura\" \/>\n\t<meta name=\"twitter:data2\" content=\"1 minuto\" \/>\n<script type=\"application\/ld+json\" class=\"yoast-schema-graph\">{\"@context\":\"https:\\\/\\\/schema.org\",\"@graph\":[{\"@type\":\"Article\",\"@id\":\"https:\\\/\\\/algarve7.pt\\\/index.php\\\/2021\\\/02\\\/cancelada-prova-bp-ultimate-portugal-cross-country-rally-prevista-para-abril\\\/desporto\\\/12\\\/14\\\/#article\",\"isPartOf\":{\"@id\":\"https:\\\/\\\/algarve7.pt\\\/index.php\\\/2021\\\/02\\\/cancelada-prova-bp-ultimate-portugal-cross-country-rally-prevista-para-abril\\\/desporto\\\/12\\\/14\\\/\"},\"author\":{\"name\":\"Algarve 7\",\"@id\":\"https:\\\/\\\/algarve7.pt\\\/#\\\/schema\\\/person\\\/23fa70681308e7b319a3204bcea45e0c\"},\"headline\":\"Adiada prova BP Ultimate Portugal Cross Country Rally, prevista para abril\",\"datePublished\":\"2021-02-12T12:14:21+00:00\",\"dateModified\":\"2021-02-12T19:22:39+00:00\",\"mainEntityOfPage\":{\"@id\":\"https:\\\/\\\/algarve7.pt\\\/index.php\\\/2021\\\/02\\\/cancelada-prova-bp-ultimate-portugal-cross-country-rally-prevista-para-abril\\\/desporto\\\/12\\\/14\\\/\"},\"wordCount\":162,\"publisher\":{\"@id\":\"https:\\\/\\\/algarve7.pt\\\/#organization\"},\"image\":{\"@id\":\"https:\\\/\\\/algarve7.pt\\\/index.php\\\/2021\\\/02\\\/cancelada-prova-bp-ultimate-portugal-cross-country-rally-prevista-para-abril\\\/desporto\\\/12\\\/14\\\/#primaryimage\"},\"thumbnailUrl\":\"https:\\\/\\\/algarve7.pt\\\/wp-content\\\/uploads\\\/2021\\\/02\\\/Baja-Cidade-Europeia-do-Desporto-31-05-2015-48.jpg\",\"keywords\":[\"Alcoutim\",\"Algarve\",\"Auto\",\"Desporto\"],\"articleSection\":[\"Desporto\"],\"inLanguage\":\"pt-PT\"},{\"@type\":\"WebPage\",\"@id\":\"https:\\\/\\\/algarve7.pt\\\/index.php\\\/2021\\\/02\\\/cancelada-prova-bp-ultimate-portugal-cross-country-rally-prevista-para-abril\\\/desporto\\\/12\\\/14\\\/\",\"url\":\"https:\\\/\\\/algarve7.pt\\\/index.php\\\/2021\\\/02\\\/cancelada-prova-bp-ultimate-portugal-cross-country-rally-prevista-para-abril\\\/desporto\\\/12\\\/14\\\/\",\"name\":\"Adiada prova BP Ultimate Portugal Cross Country Rally, prevista para abril - Algarve 7\",\"isPartOf\":{\"@id\":\"https:\\\/\\\/algarve7.pt\\\/#website\"},\"primaryImageOfPage\":{\"@id\":\"https:\\\/\\\/algarve7.pt\\\/index.php\\\/2021\\\/02\\\/cancelada-prova-bp-ultimate-portugal-cross-country-rally-prevista-para-abril\\\/desporto\\\/12\\\/14\\\/#primaryimage\"},\"image\":{\"@id\":\"https:\\\/\\\/algarve7.pt\\\/index.php\\\/2021\\\/02\\\/cancelada-prova-bp-ultimate-portugal-cross-country-rally-prevista-para-abril\\\/desporto\\\/12\\\/14\\\/#primaryimage\"},\"thumbnailUrl\":\"https:\\\/\\\/algarve7.pt\\\/wp-content\\\/uploads\\\/2021\\\/02\\\/Baja-Cidade-Europeia-do-Desporto-31-05-2015-48.jpg\",\"datePublished\":\"2021-02-12T12:14:21+00:00\",\"dateModified\":\"2021-02-12T19:22:39+00:00\",\"description\":\"Adiada prova BP Ultimate Portugal Cross Country Rally, prevista para abril Desporto\",\"breadcrumb\":{\"@id\":\"https:\\\/\\\/algarve7.pt\\\/index.php\\\/2021\\\/02\\\/cancelada-prova-bp-ultimate-portugal-cross-country-rally-prevista-para-abril\\\/desporto\\\/12\\\/14\\\/#breadcrumb\"},\"inLanguage\":\"pt-PT\",\"potentialAction\":[{\"@type\":\"ReadAction\",\"target\":[\"https:\\\/\\\/algarve7.pt\\\/index.php\\\/2021\\\/02\\\/cancelada-prova-bp-ultimate-portugal-cross-country-rally-prevista-para-abril\\\/desporto\\\/12\\\/14\\\/\"]}]},{\"@type\":\"ImageObject\",\"inLanguage\":\"pt-PT\",\"@id\":\"https:\\\/\\\/algarve7.pt\\\/index.php\\\/2021\\\/02\\\/cancelada-prova-bp-ultimate-portugal-cross-country-rally-prevista-para-abril\\\/desporto\\\/12\\\/14\\\/#primaryimage\",\"url\":\"https:\\\/\\\/algarve7.pt\\\/wp-content\\\/uploads\\\/2021\\\/02\\\/Baja-Cidade-Europeia-do-Desporto-31-05-2015-48.jpg\",\"contentUrl\":\"https:\\\/\\\/algarve7.pt\\\/wp-content\\\/uploads\\\/2021\\\/02\\\/Baja-Cidade-Europeia-do-Desporto-31-05-2015-48.jpg\",\"width\":1920,\"height\":1280},{\"@type\":\"BreadcrumbList\",\"@id\":\"https:\\\/\\\/algarve7.pt\\\/index.php\\\/2021\\\/02\\\/cancelada-prova-bp-ultimate-portugal-cross-country-rally-prevista-para-abril\\\/desporto\\\/12\\\/14\\\/#breadcrumb\",\"itemListElement\":[{\"@type\":\"ListItem\",\"position\":1,\"name\":\"In\u00edcio\",\"item\":\"https:\\\/\\\/algarve7.pt\\\/\"},{\"@type\":\"ListItem\",\"position\":2,\"name\":\"Adiada prova BP Ultimate Portugal Cross Country Rally, prevista para abril\"}]},{\"@type\":\"WebSite\",\"@id\":\"https:\\\/\\\/algarve7.pt\\\/#website\",\"url\":\"https:\\\/\\\/algarve7.pt\\\/\",\"name\":\"Algarve 7\",\"description\":\"Informa\u00e7\u00e3o sobre o Algarve\",\"publisher\":{\"@id\":\"https:\\\/\\\/algarve7.pt\\\/#organization\"},\"potentialAction\":[{\"@type\":\"SearchAction\",\"target\":{\"@type\":\"EntryPoint\",\"urlTemplate\":\"https:\\\/\\\/algarve7.pt\\\/?s={search_term_string}\"},\"query-input\":{\"@type\":\"PropertyValueSpecification\",\"valueRequired\":true,\"valueName\":\"search_term_string\"}}],\"inLanguage\":\"pt-PT\"},{\"@type\":\"Organization\",\"@id\":\"https:\\\/\\\/algarve7.pt\\\/#organization\",\"name\":\"Algarve 7\",\"url\":\"https:\\\/\\\/algarve7.pt\\\/\",\"logo\":{\"@type\":\"ImageObject\",\"inLanguage\":\"pt-PT\",\"@id\":\"https:\\\/\\\/algarve7.pt\\\/#\\\/schema\\\/logo\\\/image\\\/\",\"url\":\"https:\\\/\\\/algarve7.pt\\\/wp-content\\\/uploads\\\/2020\\\/10\\\/Logo-8.jpg\",\"contentUrl\":\"https:\\\/\\\/algarve7.pt\\\/wp-content\\\/uploads\\\/2020\\\/10\\\/Logo-8.jpg\",\"width\":1680,\"height\":1186,\"caption\":\"Algarve 7\"},\"image\":{\"@id\":\"https:\\\/\\\/algarve7.pt\\\/#\\\/schema\\\/logo\\\/image\\\/\"},\"sameAs\":[\"https:\\\/\\\/www.facebook.com\\\/algarve7\",\"https:\\\/\\\/x.com\\\/Algarvesete\",\"https:\\\/\\\/www.instagram.com\\\/jornalalgarve7\\\/\",\"https:\\\/\\\/www.linkedin.com\\\/company\\\/algarve7\",\"https:\\\/\\\/www.pinterest.pt\\\/geral0939\\\/_created\\\/\"]},{\"@type\":\"Person\",\"@id\":\"https:\\\/\\\/algarve7.pt\\\/#\\\/schema\\\/person\\\/23fa70681308e7b319a3204bcea45e0c\",\"name\":\"Algarve 7\",\"sameAs\":[\"https:\\\/\\\/algarve7.pt\",\"https:\\\/\\\/www.facebook.com\\\/algarve7\"],\"url\":\"https:\\\/\\\/algarve7.pt\\\/index.php\\\/author\\\/geralalgarve7-pt\\\/\"}]}<\/script>\n<!-- \/ Yoast SEO plugin. -->","yoast_head_json":{"title":"Adiada prova BP Ultimate Portugal Cross Country Rally, prevista para abril - Algarve 7","description":"Adiada prova BP Ultimate Portugal Cross Country Rally, prevista para abril Desporto","robots":{"index":"index","follow":"follow","max-snippet":"max-snippet:-1","max-image-preview":"max-image-preview:large","max-video-preview":"max-video-preview:-1"},"canonical":"https:\/\/algarve7.pt\/index.php\/2021\/02\/cancelada-prova-bp-ultimate-portugal-cross-country-rally-prevista-para-abril\/desporto\/12\/14\/","og_locale":"pt_PT","og_type":"article","og_title":"Adiada prova BP Ultimate Portugal Cross Country Rally, prevista para abril - Algarve 7","og_description":"Adiada prova BP Ultimate Portugal Cross Country Rally, prevista para abril Desporto","og_url":"https:\/\/algarve7.pt\/index.php\/2021\/02\/cancelada-prova-bp-ultimate-portugal-cross-country-rally-prevista-para-abril\/desporto\/12\/14\/","og_site_name":"Algarve 7","article_publisher":"https:\/\/www.facebook.com\/algarve7","article_author":"https:\/\/www.facebook.com\/algarve7","article_published_time":"2021-02-12T12:14:21+00:00","article_modified_time":"2021-02-12T19:22:39+00:00","og_image":[{"width":1920,"height":1280,"url":"https:\/\/algarve7.pt\/wp-content\/uploads\/2021\/02\/Baja-Cidade-Europeia-do-Desporto-31-05-2015-48.jpg","type":"image\/jpeg"}],"author":"Algarve 7","twitter_card":"summary_large_image","twitter_creator":"@Algarvesete","twitter_site":"@Algarvesete","twitter_misc":{"Escrito por":"Algarve 7","Tempo estimado de leitura":"1 minuto"},"schema":{"@context":"https:\/\/schema.org","@graph":[{"@type":"Article","@id":"https:\/\/algarve7.pt\/index.php\/2021\/02\/cancelada-prova-bp-ultimate-portugal-cross-country-rally-prevista-para-abril\/desporto\/12\/14\/#article","isPartOf":{"@id":"https:\/\/algarve7.pt\/index.php\/2021\/02\/cancelada-prova-bp-ultimate-portugal-cross-country-rally-prevista-para-abril\/desporto\/12\/14\/"},"author":{"name":"Algarve 7","@id":"https:\/\/algarve7.pt\/#\/schema\/person\/23fa70681308e7b319a3204bcea45e0c"},"headline":"Adiada prova BP Ultimate Portugal Cross Country Rally, prevista para abril","datePublished":"2021-02-12T12:14:21+00:00","dateModified":"2021-02-12T19:22:39+00:00","mainEntityOfPage":{"@id":"https:\/\/algarve7.pt\/index.php\/2021\/02\/cancelada-prova-bp-ultimate-portugal-cross-country-rally-prevista-para-abril\/desporto\/12\/14\/"},"wordCount":162,"publisher":{"@id":"https:\/\/algarve7.pt\/#organization"},"image":{"@id":"https:\/\/algarve7.pt\/index.php\/2021\/02\/cancelada-prova-bp-ultimate-portugal-cross-country-rally-prevista-para-abril\/desporto\/12\/14\/#primaryimage"},"thumbnailUrl":"https:\/\/algarve7.pt\/wp-content\/uploads\/2021\/02\/Baja-Cidade-Europeia-do-Desporto-31-05-2015-48.jpg","keywords":["Alcoutim","Algarve","Auto","Desporto"],"articleSection":["Desporto"],"inLanguage":"pt-PT"},{"@type":"WebPage","@id":"https:\/\/algarve7.pt\/index.php\/2021\/02\/cancelada-prova-bp-ultimate-portugal-cross-country-rally-prevista-para-abril\/desporto\/12\/14\/","url":"https:\/\/algarve7.pt\/index.php\/2021\/02\/cancelada-prova-bp-ultimate-portugal-cross-country-rally-prevista-para-abril\/desporto\/12\/14\/","name":"Adiada prova BP Ultimate Portugal Cross Country Rally, prevista para abril - Algarve 7","isPartOf":{"@id":"https:\/\/algarve7.pt\/#website"},"primaryImageOfPage":{"@id":"https:\/\/algarve7.pt\/index.php\/2021\/02\/cancelada-prova-bp-ultimate-portugal-cross-country-rally-prevista-para-abril\/desporto\/12\/14\/#primaryimage"},"image":{"@id":"https:\/\/algarve7.pt\/index.php\/2021\/02\/cancelada-prova-bp-ultimate-portugal-cross-country-rally-prevista-para-abril\/desporto\/12\/14\/#primaryimage"},"thumbnailUrl":"https:\/\/algarve7.pt\/wp-content\/uploads\/2021\/02\/Baja-Cidade-Europeia-do-Desporto-31-05-2015-48.jpg","datePublished":"2021-02-12T12:14:21+00:00","dateModified":"2021-02-12T19:22:39+00:00","description":"Adiada prova BP Ultimate Portugal Cross Country Rally, prevista para abril Desporto","breadcrumb":{"@id":"https:\/\/algarve7.pt\/index.php\/2021\/02\/cancelada-prova-bp-ultimate-portugal-cross-country-rally-prevista-para-abril\/desporto\/12\/14\/#breadcrumb"},"inLanguage":"pt-PT","potentialAction":[{"@type":"ReadAction","target":["https:\/\/algarve7.pt\/index.php\/2021\/02\/cancelada-prova-bp-ultimate-portugal-cross-country-rally-prevista-para-abril\/desporto\/12\/14\/"]}]},{"@type":"ImageObject","inLanguage":"pt-PT","@id":"https:\/\/algarve7.pt\/index.php\/2021\/02\/cancelada-prova-bp-ultimate-portugal-cross-country-rally-prevista-para-abril\/desporto\/12\/14\/#primaryimage","url":"https:\/\/algarve7.pt\/wp-content\/uploads\/2021\/02\/Baja-Cidade-Europeia-do-Desporto-31-05-2015-48.jpg","contentUrl":"https:\/\/algarve7.pt\/wp-content\/uploads\/2021\/02\/Baja-Cidade-Europeia-do-Desporto-31-05-2015-48.jpg","width":1920,"height":1280},{"@type":"BreadcrumbList","@id":"https:\/\/algarve7.pt\/index.php\/2021\/02\/cancelada-prova-bp-ultimate-portugal-cross-country-rally-prevista-para-abril\/desporto\/12\/14\/#breadcrumb","itemListElement":[{"@type":"ListItem","position":1,"name":"In\u00edcio","item":"https:\/\/algarve7.pt\/"},{"@type":"ListItem","position":2,"name":"Adiada prova BP Ultimate Portugal Cross Country Rally, prevista para abril"}]},{"@type":"WebSite","@id":"https:\/\/algarve7.pt\/#website","url":"https:\/\/algarve7.pt\/","name":"Algarve 7","description":"Informa\u00e7\u00e3o sobre o Algarve","publisher":{"@id":"https:\/\/algarve7.pt\/#organization"},"potentialAction":[{"@type":"SearchAction","target":{"@type":"EntryPoint","urlTemplate":"https:\/\/algarve7.pt\/?s={search_term_string}"},"query-input":{"@type":"PropertyValueSpecification","valueRequired":true,"valueName":"search_term_string"}}],"inLanguage":"pt-PT"},{"@type":"Organization","@id":"https:\/\/algarve7.pt\/#organization","name":"Algarve 7","url":"https:\/\/algarve7.pt\/","logo":{"@type":"ImageObject","inLanguage":"pt-PT","@id":"https:\/\/algarve7.pt\/#\/schema\/logo\/image\/","url":"https:\/\/algarve7.pt\/wp-content\/uploads\/2020\/10\/Logo-8.jpg","contentUrl":"https:\/\/algarve7.pt\/wp-content\/uploads\/2020\/10\/Logo-8.jpg","width":1680,"height":1186,"caption":"Algarve 7"},"image":{"@id":"https:\/\/algarve7.pt\/#\/schema\/logo\/image\/"},"sameAs":["https:\/\/www.facebook.com\/algarve7","https:\/\/x.com\/Algarvesete","https:\/\/www.instagram.com\/jornalalgarve7\/","https:\/\/www.linkedin.com\/company\/algarve7","https:\/\/www.pinterest.pt\/geral0939\/_created\/"]},{"@type":"Person","@id":"https:\/\/algarve7.pt\/#\/schema\/person\/23fa70681308e7b319a3204bcea45e0c","name":"Algarve 7","sameAs":["https:\/\/algarve7.pt","https:\/\/www.facebook.com\/algarve7"],"url":"https:\/\/algarve7.pt\/index.php\/author\/geralalgarve7-pt\/"}]}},"jetpack_publicize_connections":[],"jetpack_featured_media_url":"https:\/\/algarve7.pt\/wp-content\/uploads\/2021\/02\/Baja-Cidade-Europeia-do-Desporto-31-05-2015-48.jpg","jetpack_shortlink":"https:\/\/wp.me\/pcezmW-1zY","jetpack_sharing_enabled":true,"_links":{"self":[{"href":"https:\/\/algarve7.pt\/index.php\/wp-json\/wp\/v2\/posts\/6074","targetHints":{"allow":["GET"]}}],"collection":[{"href":"https:\/\/algarve7.pt\/index.php\/wp-json\/wp\/v2\/posts"}],"about":[{"href":"https:\/\/algarve7.pt\/index.php\/wp-json\/wp\/v2\/types\/post"}],"author":[{"embeddable":true,"href":"https:\/\/algarve7.pt\/index.php\/wp-json\/wp\/v2\/users\/1"}],"replies":[{"embeddable":true,"href":"https:\/\/algarve7.pt\/index.php\/wp-json\/wp\/v2\/comments?post=6074"}],"version-history":[{"count":0,"href":"https:\/\/algarve7.pt\/index.php\/wp-json\/wp\/v2\/posts\/6074\/revisions"}],"wp:featuredmedia":[{"embeddable":true,"href":"https:\/\/algarve7.pt\/index.php\/wp-json\/wp\/v2\/media\/5934"}],"wp:attachment":[{"href":"https:\/\/algarve7.pt\/index.php\/wp-json\/wp\/v2\/media?parent=6074"}],"wp:term":[{"taxonomy":"category","embeddable":true,"href":"https:\/\/algarve7.pt\/index.php\/wp-json\/wp\/v2\/categories?post=6074"},{"taxonomy":"post_tag","embeddable":true,"href":"https:\/\/algarve7.pt\/index.php\/wp-json\/wp\/v2\/tags?post=6074"}],"curies":[{"name":"wp","href":"https:\/\/api.w.org\/{rel}","templated":true}]}}