{"id":60574,"date":"2026-03-31T19:13:11","date_gmt":"2026-03-31T18:13:11","guid":{"rendered":"https:\/\/algarve7.pt\/?p=60574"},"modified":"2026-03-31T19:13:16","modified_gmt":"2026-03-31T18:13:16","slug":"hub-azul-ideation-impulsiona-solucoes-inovadoras-para-a-economia-azul","status":"publish","type":"post","link":"https:\/\/algarve7.pt\/index.php\/2026\/03\/hub-azul-ideation-impulsiona-solucoes-inovadoras-para-a-economia-azul\/ambiente\/19\/13\/","title":{"rendered":"HUB Azul IDEATION Impulsiona Solu\u00e7\u00f5es Inovadoras para a Economia Azul"},"content":{"rendered":"\n<p>O programa HUB Azul IDEATION, que decorreu nos dias 10 e 11 de mar\u00e7o na Biblioteca Municipal de Olh\u00e3o, reuniu participantes provenientes da academia, da ind\u00fastria e de entidades p\u00fablicas num ambiente intensivo de colabora\u00e7\u00e3o e criatividade.&nbsp;<\/p>\n\n\n\n<p>Coorganizado pelo S2AQUAcoLAB, pelo F\u00f3rum Oceano e pela INOVA+, o programa teve como principal objetivo promover o desenvolvimento de solu\u00e7\u00f5es inovadoras para tr\u00eas desafios concretos nos setores da Aquacultura e da Biotecnologia Azul:&nbsp;<\/p>\n\n\n\n<ul class=\"wp-block-list\">\n<li>Dete\u00e7\u00e3o precoce de doen\u00e7as e mortalidade atrav\u00e9s de sensores e intelig\u00eancia artificial;\u00a0<\/li>\n\n\n\n<li>Valoriza\u00e7\u00e3o de res\u00edduos e subprodutos da produ\u00e7\u00e3o aqu\u00edcola;\u00a0<\/li>\n\n\n\n<li>Redu\u00e7\u00e3o dos custos operacionais de cultivo e processamento.\u00a0<\/li>\n<\/ul>\n\n\n\n<p>Cada um destes desafios foi apresentado e acompanhado por especialistas: Rui Sousa (S2AQUAcoLAB), Carla Pires (IPMA) e Fernando Gon\u00e7alves (NaturaFish).&nbsp;<\/p>\n\n\n\n<p><br>Ao longo de dois dias de trabalho, equipas multidisciplinares dedicaram-se \u00e0 explora\u00e7\u00e3o de ideias, ao desenvolvimento de propostas e \u00e0 estrutura\u00e7\u00e3o de solu\u00e7\u00f5es com potencial de aplica\u00e7\u00e3o no mercado, seguindo uma abordagem de design thinking. O programa culminou com a apresenta\u00e7\u00e3o dos projetos num pitch final perante um j\u00fari composto por Rita Pestana, V\u00e2nia Sousa e Manuel Melo.&nbsp;<\/p>\n\n\n\n<p><br>Esta iniciativa refor\u00e7a a import\u00e2ncia da colabora\u00e7\u00e3o entre empresas, investigadores, estudantes e entidades p\u00fablicas, evidenciando o papel fundamental destas sinergias na promo\u00e7\u00e3o da inova\u00e7\u00e3o e no crescimento sustent\u00e1vel da economia azul.&nbsp;<\/p>\n\n\n\n<p>Fonte: S2AQUAcoLAB<\/p>\n","protected":false},"excerpt":{"rendered":"<p>O programa HUB Azul IDEATION, que decorreu nos dias 10 e 11 de mar\u00e7o na Biblioteca Municipal de Olh\u00e3o, reuniu<\/p>\n","protected":false},"author":1,"featured_media":60575,"comment_status":"closed","ping_status":"closed","sticky":false,"template":"","format":"standard","meta":{"colormag_page_container_layout":"default_layout","colormag_page_sidebar_layout":"default_layout","_monsterinsights_skip_tracking":false,"_monsterinsights_sitenote_active":false,"_monsterinsights_sitenote_note":"","_monsterinsights_sitenote_category":0,"jetpack_post_was_ever_published":false,"_jetpack_newsletter_access":"","_jetpack_dont_email_post_to_subs":false,"_jetpack_newsletter_tier_id":0,"_jetpack_memberships_contains_paywalled_content":false,"_jetpack_memberships_contains_paid_content":false,"footnotes":"","jetpack_publicize_message":"","jetpack_publicize_feature_enabled":true,"jetpack_social_post_already_shared":true,"jetpack_social_options":{"image_generator_settings":{"template":"highway","default_image_id":0,"font":"","enabled":false},"version":2}},"categories":[5],"tags":[36,32,37,1244],"class_list":["post-60574","post","type-post","status-publish","format-standard","has-post-thumbnail","hentry","category-ambiente","tag-algarve","tag-ambiente","tag-olhao","tag-s2aquacolab"],"yoast_head":"<!-- This site is optimized with the Yoast SEO plugin v27.5 - https:\/\/yoast.com\/product\/yoast-seo-wordpress\/ -->\n<title>HUB Azul IDEATION Impulsiona Solu\u00e7\u00f5es Inovadoras para a Economia Azul - Algarve 7<\/title>\n<meta name=\"description\" content=\"HUB Azul IDEATION Impulsiona Solu\u00e7\u00f5es Inovadoras para a Economia Azul Ambiente\" \/>\n<meta name=\"robots\" content=\"index, follow, max-snippet:-1, max-image-preview:large, max-video-preview:-1\" \/>\n<link rel=\"canonical\" href=\"https:\/\/algarve7.pt\/index.php\/2026\/03\/hub-azul-ideation-impulsiona-solucoes-inovadoras-para-a-economia-azul\/ambiente\/19\/13\/\" \/>\n<meta property=\"og:locale\" content=\"pt_PT\" \/>\n<meta property=\"og:type\" content=\"article\" \/>\n<meta property=\"og:title\" content=\"HUB Azul IDEATION Impulsiona Solu\u00e7\u00f5es Inovadoras para a Economia Azul - Algarve 7\" \/>\n<meta property=\"og:description\" content=\"HUB Azul IDEATION Impulsiona Solu\u00e7\u00f5es Inovadoras para a Economia Azul Ambiente\" \/>\n<meta property=\"og:url\" content=\"https:\/\/algarve7.pt\/index.php\/2026\/03\/hub-azul-ideation-impulsiona-solucoes-inovadoras-para-a-economia-azul\/ambiente\/19\/13\/\" \/>\n<meta property=\"og:site_name\" content=\"Algarve 7\" \/>\n<meta property=\"article:publisher\" content=\"https:\/\/www.facebook.com\/algarve7\" \/>\n<meta property=\"article:author\" content=\"https:\/\/www.facebook.com\/algarve7\" \/>\n<meta property=\"article:published_time\" content=\"2026-03-31T18:13:11+00:00\" \/>\n<meta property=\"article:modified_time\" content=\"2026-03-31T18:13:16+00:00\" \/>\n<meta property=\"og:image\" content=\"https:\/\/algarve7.pt\/wp-content\/uploads\/2026\/03\/Captura-de-ecra-2026-03-31-as-19.10.12.png\" \/>\n\t<meta property=\"og:image:width\" content=\"800\" \/>\n\t<meta property=\"og:image:height\" content=\"445\" \/>\n\t<meta property=\"og:image:type\" content=\"image\/png\" \/>\n<meta name=\"author\" content=\"Algarve 7\" \/>\n<meta name=\"twitter:card\" content=\"summary_large_image\" \/>\n<meta name=\"twitter:creator\" content=\"@Algarvesete\" \/>\n<meta name=\"twitter:site\" content=\"@Algarvesete\" \/>\n<meta name=\"twitter:label1\" content=\"Escrito por\" \/>\n\t<meta name=\"twitter:data1\" content=\"Algarve 7\" \/>\n\t<meta name=\"twitter:label2\" content=\"Tempo estimado de leitura\" \/>\n\t<meta name=\"twitter:data2\" content=\"2 minutos\" \/>\n<script type=\"application\/ld+json\" class=\"yoast-schema-graph\">{\"@context\":\"https:\\\/\\\/schema.org\",\"@graph\":[{\"@type\":\"Article\",\"@id\":\"https:\\\/\\\/algarve7.pt\\\/index.php\\\/2026\\\/03\\\/hub-azul-ideation-impulsiona-solucoes-inovadoras-para-a-economia-azul\\\/ambiente\\\/19\\\/13\\\/#article\",\"isPartOf\":{\"@id\":\"https:\\\/\\\/algarve7.pt\\\/index.php\\\/2026\\\/03\\\/hub-azul-ideation-impulsiona-solucoes-inovadoras-para-a-economia-azul\\\/ambiente\\\/19\\\/13\\\/\"},\"author\":{\"name\":\"Algarve 7\",\"@id\":\"https:\\\/\\\/algarve7.pt\\\/#\\\/schema\\\/person\\\/23fa70681308e7b319a3204bcea45e0c\"},\"headline\":\"HUB Azul IDEATION Impulsiona Solu\u00e7\u00f5es Inovadoras para a Economia Azul\",\"datePublished\":\"2026-03-31T18:13:11+00:00\",\"dateModified\":\"2026-03-31T18:13:16+00:00\",\"mainEntityOfPage\":{\"@id\":\"https:\\\/\\\/algarve7.pt\\\/index.php\\\/2026\\\/03\\\/hub-azul-ideation-impulsiona-solucoes-inovadoras-para-a-economia-azul\\\/ambiente\\\/19\\\/13\\\/\"},\"wordCount\":256,\"publisher\":{\"@id\":\"https:\\\/\\\/algarve7.pt\\\/#organization\"},\"image\":{\"@id\":\"https:\\\/\\\/algarve7.pt\\\/index.php\\\/2026\\\/03\\\/hub-azul-ideation-impulsiona-solucoes-inovadoras-para-a-economia-azul\\\/ambiente\\\/19\\\/13\\\/#primaryimage\"},\"thumbnailUrl\":\"https:\\\/\\\/algarve7.pt\\\/wp-content\\\/uploads\\\/2026\\\/03\\\/Captura-de-ecra-2026-03-31-as-19.10.12.png\",\"keywords\":[\"Algarve\",\"Ambiente\",\"Olh\u00e3o\",\"S2AQUAcoLAB\"],\"articleSection\":[\"Ambiente\"],\"inLanguage\":\"pt-PT\"},{\"@type\":\"WebPage\",\"@id\":\"https:\\\/\\\/algarve7.pt\\\/index.php\\\/2026\\\/03\\\/hub-azul-ideation-impulsiona-solucoes-inovadoras-para-a-economia-azul\\\/ambiente\\\/19\\\/13\\\/\",\"url\":\"https:\\\/\\\/algarve7.pt\\\/index.php\\\/2026\\\/03\\\/hub-azul-ideation-impulsiona-solucoes-inovadoras-para-a-economia-azul\\\/ambiente\\\/19\\\/13\\\/\",\"name\":\"HUB Azul IDEATION Impulsiona Solu\u00e7\u00f5es Inovadoras para a Economia Azul - Algarve 7\",\"isPartOf\":{\"@id\":\"https:\\\/\\\/algarve7.pt\\\/#website\"},\"primaryImageOfPage\":{\"@id\":\"https:\\\/\\\/algarve7.pt\\\/index.php\\\/2026\\\/03\\\/hub-azul-ideation-impulsiona-solucoes-inovadoras-para-a-economia-azul\\\/ambiente\\\/19\\\/13\\\/#primaryimage\"},\"image\":{\"@id\":\"https:\\\/\\\/algarve7.pt\\\/index.php\\\/2026\\\/03\\\/hub-azul-ideation-impulsiona-solucoes-inovadoras-para-a-economia-azul\\\/ambiente\\\/19\\\/13\\\/#primaryimage\"},\"thumbnailUrl\":\"https:\\\/\\\/algarve7.pt\\\/wp-content\\\/uploads\\\/2026\\\/03\\\/Captura-de-ecra-2026-03-31-as-19.10.12.png\",\"datePublished\":\"2026-03-31T18:13:11+00:00\",\"dateModified\":\"2026-03-31T18:13:16+00:00\",\"description\":\"HUB Azul IDEATION Impulsiona Solu\u00e7\u00f5es Inovadoras para a Economia Azul Ambiente\",\"breadcrumb\":{\"@id\":\"https:\\\/\\\/algarve7.pt\\\/index.php\\\/2026\\\/03\\\/hub-azul-ideation-impulsiona-solucoes-inovadoras-para-a-economia-azul\\\/ambiente\\\/19\\\/13\\\/#breadcrumb\"},\"inLanguage\":\"pt-PT\",\"potentialAction\":[{\"@type\":\"ReadAction\",\"target\":[\"https:\\\/\\\/algarve7.pt\\\/index.php\\\/2026\\\/03\\\/hub-azul-ideation-impulsiona-solucoes-inovadoras-para-a-economia-azul\\\/ambiente\\\/19\\\/13\\\/\"]}]},{\"@type\":\"ImageObject\",\"inLanguage\":\"pt-PT\",\"@id\":\"https:\\\/\\\/algarve7.pt\\\/index.php\\\/2026\\\/03\\\/hub-azul-ideation-impulsiona-solucoes-inovadoras-para-a-economia-azul\\\/ambiente\\\/19\\\/13\\\/#primaryimage\",\"url\":\"https:\\\/\\\/algarve7.pt\\\/wp-content\\\/uploads\\\/2026\\\/03\\\/Captura-de-ecra-2026-03-31-as-19.10.12.png\",\"contentUrl\":\"https:\\\/\\\/algarve7.pt\\\/wp-content\\\/uploads\\\/2026\\\/03\\\/Captura-de-ecra-2026-03-31-as-19.10.12.png\",\"width\":800,\"height\":445},{\"@type\":\"BreadcrumbList\",\"@id\":\"https:\\\/\\\/algarve7.pt\\\/index.php\\\/2026\\\/03\\\/hub-azul-ideation-impulsiona-solucoes-inovadoras-para-a-economia-azul\\\/ambiente\\\/19\\\/13\\\/#breadcrumb\",\"itemListElement\":[{\"@type\":\"ListItem\",\"position\":1,\"name\":\"In\u00edcio\",\"item\":\"https:\\\/\\\/algarve7.pt\\\/\"},{\"@type\":\"ListItem\",\"position\":2,\"name\":\"HUB Azul IDEATION Impulsiona Solu\u00e7\u00f5es Inovadoras para a Economia Azul\"}]},{\"@type\":\"WebSite\",\"@id\":\"https:\\\/\\\/algarve7.pt\\\/#website\",\"url\":\"https:\\\/\\\/algarve7.pt\\\/\",\"name\":\"Algarve 7\",\"description\":\"Informa\u00e7\u00e3o sobre o Algarve\",\"publisher\":{\"@id\":\"https:\\\/\\\/algarve7.pt\\\/#organization\"},\"potentialAction\":[{\"@type\":\"SearchAction\",\"target\":{\"@type\":\"EntryPoint\",\"urlTemplate\":\"https:\\\/\\\/algarve7.pt\\\/?s={search_term_string}\"},\"query-input\":{\"@type\":\"PropertyValueSpecification\",\"valueRequired\":true,\"valueName\":\"search_term_string\"}}],\"inLanguage\":\"pt-PT\"},{\"@type\":\"Organization\",\"@id\":\"https:\\\/\\\/algarve7.pt\\\/#organization\",\"name\":\"Algarve 7\",\"url\":\"https:\\\/\\\/algarve7.pt\\\/\",\"logo\":{\"@type\":\"ImageObject\",\"inLanguage\":\"pt-PT\",\"@id\":\"https:\\\/\\\/algarve7.pt\\\/#\\\/schema\\\/logo\\\/image\\\/\",\"url\":\"https:\\\/\\\/algarve7.pt\\\/wp-content\\\/uploads\\\/2020\\\/10\\\/Logo-8.jpg\",\"contentUrl\":\"https:\\\/\\\/algarve7.pt\\\/wp-content\\\/uploads\\\/2020\\\/10\\\/Logo-8.jpg\",\"width\":1680,\"height\":1186,\"caption\":\"Algarve 7\"},\"image\":{\"@id\":\"https:\\\/\\\/algarve7.pt\\\/#\\\/schema\\\/logo\\\/image\\\/\"},\"sameAs\":[\"https:\\\/\\\/www.facebook.com\\\/algarve7\",\"https:\\\/\\\/x.com\\\/Algarvesete\",\"https:\\\/\\\/www.instagram.com\\\/jornalalgarve7\\\/\",\"https:\\\/\\\/www.linkedin.com\\\/company\\\/algarve7\",\"https:\\\/\\\/www.pinterest.pt\\\/geral0939\\\/_created\\\/\"]},{\"@type\":\"Person\",\"@id\":\"https:\\\/\\\/algarve7.pt\\\/#\\\/schema\\\/person\\\/23fa70681308e7b319a3204bcea45e0c\",\"name\":\"Algarve 7\",\"sameAs\":[\"https:\\\/\\\/algarve7.pt\",\"https:\\\/\\\/www.facebook.com\\\/algarve7\"],\"url\":\"https:\\\/\\\/algarve7.pt\\\/index.php\\\/author\\\/geralalgarve7-pt\\\/\"}]}<\/script>\n<!-- \/ Yoast SEO plugin. -->","yoast_head_json":{"title":"HUB Azul IDEATION Impulsiona Solu\u00e7\u00f5es Inovadoras para a Economia Azul - Algarve 7","description":"HUB Azul IDEATION Impulsiona Solu\u00e7\u00f5es Inovadoras para a Economia Azul Ambiente","robots":{"index":"index","follow":"follow","max-snippet":"max-snippet:-1","max-image-preview":"max-image-preview:large","max-video-preview":"max-video-preview:-1"},"canonical":"https:\/\/algarve7.pt\/index.php\/2026\/03\/hub-azul-ideation-impulsiona-solucoes-inovadoras-para-a-economia-azul\/ambiente\/19\/13\/","og_locale":"pt_PT","og_type":"article","og_title":"HUB Azul IDEATION Impulsiona Solu\u00e7\u00f5es Inovadoras para a Economia Azul - Algarve 7","og_description":"HUB Azul IDEATION Impulsiona Solu\u00e7\u00f5es Inovadoras para a Economia Azul Ambiente","og_url":"https:\/\/algarve7.pt\/index.php\/2026\/03\/hub-azul-ideation-impulsiona-solucoes-inovadoras-para-a-economia-azul\/ambiente\/19\/13\/","og_site_name":"Algarve 7","article_publisher":"https:\/\/www.facebook.com\/algarve7","article_author":"https:\/\/www.facebook.com\/algarve7","article_published_time":"2026-03-31T18:13:11+00:00","article_modified_time":"2026-03-31T18:13:16+00:00","og_image":[{"width":800,"height":445,"url":"https:\/\/algarve7.pt\/wp-content\/uploads\/2026\/03\/Captura-de-ecra-2026-03-31-as-19.10.12.png","type":"image\/png"}],"author":"Algarve 7","twitter_card":"summary_large_image","twitter_creator":"@Algarvesete","twitter_site":"@Algarvesete","twitter_misc":{"Escrito por":"Algarve 7","Tempo estimado de leitura":"2 minutos"},"schema":{"@context":"https:\/\/schema.org","@graph":[{"@type":"Article","@id":"https:\/\/algarve7.pt\/index.php\/2026\/03\/hub-azul-ideation-impulsiona-solucoes-inovadoras-para-a-economia-azul\/ambiente\/19\/13\/#article","isPartOf":{"@id":"https:\/\/algarve7.pt\/index.php\/2026\/03\/hub-azul-ideation-impulsiona-solucoes-inovadoras-para-a-economia-azul\/ambiente\/19\/13\/"},"author":{"name":"Algarve 7","@id":"https:\/\/algarve7.pt\/#\/schema\/person\/23fa70681308e7b319a3204bcea45e0c"},"headline":"HUB Azul IDEATION Impulsiona Solu\u00e7\u00f5es Inovadoras para a Economia Azul","datePublished":"2026-03-31T18:13:11+00:00","dateModified":"2026-03-31T18:13:16+00:00","mainEntityOfPage":{"@id":"https:\/\/algarve7.pt\/index.php\/2026\/03\/hub-azul-ideation-impulsiona-solucoes-inovadoras-para-a-economia-azul\/ambiente\/19\/13\/"},"wordCount":256,"publisher":{"@id":"https:\/\/algarve7.pt\/#organization"},"image":{"@id":"https:\/\/algarve7.pt\/index.php\/2026\/03\/hub-azul-ideation-impulsiona-solucoes-inovadoras-para-a-economia-azul\/ambiente\/19\/13\/#primaryimage"},"thumbnailUrl":"https:\/\/algarve7.pt\/wp-content\/uploads\/2026\/03\/Captura-de-ecra-2026-03-31-as-19.10.12.png","keywords":["Algarve","Ambiente","Olh\u00e3o","S2AQUAcoLAB"],"articleSection":["Ambiente"],"inLanguage":"pt-PT"},{"@type":"WebPage","@id":"https:\/\/algarve7.pt\/index.php\/2026\/03\/hub-azul-ideation-impulsiona-solucoes-inovadoras-para-a-economia-azul\/ambiente\/19\/13\/","url":"https:\/\/algarve7.pt\/index.php\/2026\/03\/hub-azul-ideation-impulsiona-solucoes-inovadoras-para-a-economia-azul\/ambiente\/19\/13\/","name":"HUB Azul IDEATION Impulsiona Solu\u00e7\u00f5es Inovadoras para a Economia Azul - Algarve 7","isPartOf":{"@id":"https:\/\/algarve7.pt\/#website"},"primaryImageOfPage":{"@id":"https:\/\/algarve7.pt\/index.php\/2026\/03\/hub-azul-ideation-impulsiona-solucoes-inovadoras-para-a-economia-azul\/ambiente\/19\/13\/#primaryimage"},"image":{"@id":"https:\/\/algarve7.pt\/index.php\/2026\/03\/hub-azul-ideation-impulsiona-solucoes-inovadoras-para-a-economia-azul\/ambiente\/19\/13\/#primaryimage"},"thumbnailUrl":"https:\/\/algarve7.pt\/wp-content\/uploads\/2026\/03\/Captura-de-ecra-2026-03-31-as-19.10.12.png","datePublished":"2026-03-31T18:13:11+00:00","dateModified":"2026-03-31T18:13:16+00:00","description":"HUB Azul IDEATION Impulsiona Solu\u00e7\u00f5es Inovadoras para a Economia Azul Ambiente","breadcrumb":{"@id":"https:\/\/algarve7.pt\/index.php\/2026\/03\/hub-azul-ideation-impulsiona-solucoes-inovadoras-para-a-economia-azul\/ambiente\/19\/13\/#breadcrumb"},"inLanguage":"pt-PT","potentialAction":[{"@type":"ReadAction","target":["https:\/\/algarve7.pt\/index.php\/2026\/03\/hub-azul-ideation-impulsiona-solucoes-inovadoras-para-a-economia-azul\/ambiente\/19\/13\/"]}]},{"@type":"ImageObject","inLanguage":"pt-PT","@id":"https:\/\/algarve7.pt\/index.php\/2026\/03\/hub-azul-ideation-impulsiona-solucoes-inovadoras-para-a-economia-azul\/ambiente\/19\/13\/#primaryimage","url":"https:\/\/algarve7.pt\/wp-content\/uploads\/2026\/03\/Captura-de-ecra-2026-03-31-as-19.10.12.png","contentUrl":"https:\/\/algarve7.pt\/wp-content\/uploads\/2026\/03\/Captura-de-ecra-2026-03-31-as-19.10.12.png","width":800,"height":445},{"@type":"BreadcrumbList","@id":"https:\/\/algarve7.pt\/index.php\/2026\/03\/hub-azul-ideation-impulsiona-solucoes-inovadoras-para-a-economia-azul\/ambiente\/19\/13\/#breadcrumb","itemListElement":[{"@type":"ListItem","position":1,"name":"In\u00edcio","item":"https:\/\/algarve7.pt\/"},{"@type":"ListItem","position":2,"name":"HUB Azul IDEATION Impulsiona Solu\u00e7\u00f5es Inovadoras para a Economia Azul"}]},{"@type":"WebSite","@id":"https:\/\/algarve7.pt\/#website","url":"https:\/\/algarve7.pt\/","name":"Algarve 7","description":"Informa\u00e7\u00e3o sobre o Algarve","publisher":{"@id":"https:\/\/algarve7.pt\/#organization"},"potentialAction":[{"@type":"SearchAction","target":{"@type":"EntryPoint","urlTemplate":"https:\/\/algarve7.pt\/?s={search_term_string}"},"query-input":{"@type":"PropertyValueSpecification","valueRequired":true,"valueName":"search_term_string"}}],"inLanguage":"pt-PT"},{"@type":"Organization","@id":"https:\/\/algarve7.pt\/#organization","name":"Algarve 7","url":"https:\/\/algarve7.pt\/","logo":{"@type":"ImageObject","inLanguage":"pt-PT","@id":"https:\/\/algarve7.pt\/#\/schema\/logo\/image\/","url":"https:\/\/algarve7.pt\/wp-content\/uploads\/2020\/10\/Logo-8.jpg","contentUrl":"https:\/\/algarve7.pt\/wp-content\/uploads\/2020\/10\/Logo-8.jpg","width":1680,"height":1186,"caption":"Algarve 7"},"image":{"@id":"https:\/\/algarve7.pt\/#\/schema\/logo\/image\/"},"sameAs":["https:\/\/www.facebook.com\/algarve7","https:\/\/x.com\/Algarvesete","https:\/\/www.instagram.com\/jornalalgarve7\/","https:\/\/www.linkedin.com\/company\/algarve7","https:\/\/www.pinterest.pt\/geral0939\/_created\/"]},{"@type":"Person","@id":"https:\/\/algarve7.pt\/#\/schema\/person\/23fa70681308e7b319a3204bcea45e0c","name":"Algarve 7","sameAs":["https:\/\/algarve7.pt","https:\/\/www.facebook.com\/algarve7"],"url":"https:\/\/algarve7.pt\/index.php\/author\/geralalgarve7-pt\/"}]}},"jetpack_publicize_connections":[],"jetpack_featured_media_url":"https:\/\/algarve7.pt\/wp-content\/uploads\/2026\/03\/Captura-de-ecra-2026-03-31-as-19.10.12.png","jetpack_shortlink":"https:\/\/wp.me\/pcezmW-fL0","jetpack_sharing_enabled":true,"_links":{"self":[{"href":"https:\/\/algarve7.pt\/index.php\/wp-json\/wp\/v2\/posts\/60574","targetHints":{"allow":["GET"]}}],"collection":[{"href":"https:\/\/algarve7.pt\/index.php\/wp-json\/wp\/v2\/posts"}],"about":[{"href":"https:\/\/algarve7.pt\/index.php\/wp-json\/wp\/v2\/types\/post"}],"author":[{"embeddable":true,"href":"https:\/\/algarve7.pt\/index.php\/wp-json\/wp\/v2\/users\/1"}],"replies":[{"embeddable":true,"href":"https:\/\/algarve7.pt\/index.php\/wp-json\/wp\/v2\/comments?post=60574"}],"version-history":[{"count":0,"href":"https:\/\/algarve7.pt\/index.php\/wp-json\/wp\/v2\/posts\/60574\/revisions"}],"wp:featuredmedia":[{"embeddable":true,"href":"https:\/\/algarve7.pt\/index.php\/wp-json\/wp\/v2\/media\/60575"}],"wp:attachment":[{"href":"https:\/\/algarve7.pt\/index.php\/wp-json\/wp\/v2\/media?parent=60574"}],"wp:term":[{"taxonomy":"category","embeddable":true,"href":"https:\/\/algarve7.pt\/index.php\/wp-json\/wp\/v2\/categories?post=60574"},{"taxonomy":"post_tag","embeddable":true,"href":"https:\/\/algarve7.pt\/index.php\/wp-json\/wp\/v2\/tags?post=60574"}],"curies":[{"name":"wp","href":"https:\/\/api.w.org\/{rel}","templated":true}]}}