{"id":60568,"date":"2026-04-03T09:02:00","date_gmt":"2026-04-03T08:02:00","guid":{"rendered":"https:\/\/algarve7.pt\/?p=60568"},"modified":"2026-03-31T19:03:45","modified_gmt":"2026-03-31T18:03:45","slug":"municipio-de-portimao-promove-manhas-de-domingo-com-arte-no-centro-da-cidade","status":"publish","type":"post","link":"https:\/\/algarve7.pt\/index.php\/2026\/04\/municipio-de-portimao-promove-manhas-de-domingo-com-arte-no-centro-da-cidade\/cultura\/09\/02\/","title":{"rendered":"Munic\u00edpio de Portim\u00e3o promove manh\u00e3s de domingo com arte no centro da cidade"},"content":{"rendered":"\n<p>Quinzenalmente aos domingos de manh\u00e3, das 9h00 \u00e0s 13h00, o Munic\u00edpio de Portim\u00e3o vai promover a dinamiza\u00e7\u00e3o cultural do espa\u00e7o urbano e incentivar a cria\u00e7\u00e3o art\u00edstica, especificamente na Pra\u00e7a da Rep\u00fablica, zona do centro da cidade tamb\u00e9m conhecida como Alameda.&nbsp;<\/p>\n\n\n\n<p>Com in\u00edcio no dia 12 de abril, este conceito de espa\u00e7o de artes a c\u00e9u aberto, que ter\u00e1 a designa\u00e7\u00e3o de \u201cAlameda das Artes\u201d, oferecer\u00e1 apresenta\u00e7\u00f5es art\u00edsticas, que v\u00e3o da pintura e da fotografia \u00e0 escultura e \u00e0 m\u00fasica, contribuindo para a valoriza\u00e7\u00e3o e frui\u00e7\u00e3o desta pra\u00e7a por residentes e visitantes.<\/p>\n\n\n\n<p>A iniciativa enquadra-se na promo\u00e7\u00e3o de atividades culturais em espa\u00e7o p\u00fablico, refor\u00e7ando a presen\u00e7a da arte na cidade e a aproxima\u00e7\u00e3o entre os artistas, a comunidade local e os visitantes.<\/p>\n\n\n\n<p>O lan\u00e7amento deste projeto, que contribuir\u00e1 para a revitaliza\u00e7\u00e3o do centro da cidade e para o apoio aos artistas locais, contar\u00e1 sempre com a presen\u00e7a de um artista da \u00e1rea da m\u00fasica.<\/p>\n\n\n\n<p>Ap\u00f3s o arranque da iniciativa, no dia 12, o pr\u00f3ximo certame ter\u00e1 lugar no dia 26 de abril, obrigando a inscri\u00e7\u00e3o para a participa\u00e7\u00e3o, que poder\u00e1 ser efetuada de segunda a sexta-feira, entre as 09h00 e as 13h00 ou das 14h00 \u00e0s 16h30, no Piso 1 do Mercado Municipal de Portim\u00e3o, sito na Avenida S\u00e3o Jo\u00e3o de Deus.<\/p>\n","protected":false},"excerpt":{"rendered":"<p>Quinzenalmente aos domingos de manh\u00e3, das 9h00 \u00e0s 13h00, o Munic\u00edpio de Portim\u00e3o vai promover a dinamiza\u00e7\u00e3o cultural do espa\u00e7o<\/p>\n","protected":false},"author":1,"featured_media":60569,"comment_status":"closed","ping_status":"closed","sticky":false,"template":"","format":"standard","meta":{"colormag_page_container_layout":"default_layout","colormag_page_sidebar_layout":"default_layout","_monsterinsights_skip_tracking":false,"_monsterinsights_sitenote_active":false,"_monsterinsights_sitenote_note":"","_monsterinsights_sitenote_category":0,"jetpack_post_was_ever_published":false,"_jetpack_newsletter_access":"","_jetpack_dont_email_post_to_subs":false,"_jetpack_newsletter_tier_id":0,"_jetpack_memberships_contains_paywalled_content":false,"_jetpack_memberships_contains_paid_content":false,"footnotes":"","jetpack_publicize_message":"","jetpack_publicize_feature_enabled":true,"jetpack_social_post_already_shared":true,"jetpack_social_options":{"image_generator_settings":{"template":"highway","default_image_id":0,"font":"","enabled":false},"version":2}},"categories":[14],"tags":[36,35,72],"class_list":["post-60568","post","type-post","status-publish","format-standard","has-post-thumbnail","hentry","category-cultura","tag-algarve","tag-cultura","tag-portimao"],"yoast_head":"<!-- This site is optimized with the Yoast SEO plugin v27.5 - https:\/\/yoast.com\/product\/yoast-seo-wordpress\/ -->\n<title>Munic\u00edpio de Portim\u00e3o promove manh\u00e3s de domingo com arte no centro da cidade - Algarve 7<\/title>\n<meta name=\"description\" content=\"Munic\u00edpio de Portim\u00e3o promove manh\u00e3s de domingo com arte no centro da cidade Cultura\" \/>\n<meta name=\"robots\" content=\"index, follow, max-snippet:-1, max-image-preview:large, max-video-preview:-1\" \/>\n<link rel=\"canonical\" href=\"https:\/\/algarve7.pt\/index.php\/2026\/04\/municipio-de-portimao-promove-manhas-de-domingo-com-arte-no-centro-da-cidade\/cultura\/09\/02\/\" \/>\n<meta property=\"og:locale\" content=\"pt_PT\" \/>\n<meta property=\"og:type\" content=\"article\" \/>\n<meta property=\"og:title\" content=\"Munic\u00edpio de Portim\u00e3o promove manh\u00e3s de domingo com arte no centro da cidade - Algarve 7\" \/>\n<meta property=\"og:description\" content=\"Munic\u00edpio de Portim\u00e3o promove manh\u00e3s de domingo com arte no centro da cidade Cultura\" \/>\n<meta property=\"og:url\" content=\"https:\/\/algarve7.pt\/index.php\/2026\/04\/municipio-de-portimao-promove-manhas-de-domingo-com-arte-no-centro-da-cidade\/cultura\/09\/02\/\" \/>\n<meta property=\"og:site_name\" content=\"Algarve 7\" \/>\n<meta property=\"article:publisher\" content=\"https:\/\/www.facebook.com\/algarve7\" \/>\n<meta property=\"article:author\" content=\"https:\/\/www.facebook.com\/algarve7\" \/>\n<meta property=\"article:published_time\" content=\"2026-04-03T08:02:00+00:00\" \/>\n<meta property=\"og:image\" content=\"https:\/\/algarve7.pt\/wp-content\/uploads\/2026\/03\/Praca-da-Republica_Alameda-1.jpg\" \/>\n\t<meta property=\"og:image:width\" content=\"800\" \/>\n\t<meta property=\"og:image:height\" content=\"445\" \/>\n\t<meta property=\"og:image:type\" content=\"image\/jpeg\" \/>\n<meta name=\"author\" content=\"Algarve 7\" \/>\n<meta name=\"twitter:card\" content=\"summary_large_image\" \/>\n<meta name=\"twitter:creator\" content=\"@Algarvesete\" \/>\n<meta name=\"twitter:site\" content=\"@Algarvesete\" \/>\n<meta name=\"twitter:label1\" content=\"Escrito por\" \/>\n\t<meta name=\"twitter:data1\" content=\"Algarve 7\" \/>\n\t<meta name=\"twitter:label2\" content=\"Tempo estimado de leitura\" \/>\n\t<meta name=\"twitter:data2\" content=\"2 minutos\" \/>\n<script type=\"application\/ld+json\" class=\"yoast-schema-graph\">{\"@context\":\"https:\\\/\\\/schema.org\",\"@graph\":[{\"@type\":\"Article\",\"@id\":\"https:\\\/\\\/algarve7.pt\\\/index.php\\\/2026\\\/04\\\/municipio-de-portimao-promove-manhas-de-domingo-com-arte-no-centro-da-cidade\\\/cultura\\\/09\\\/02\\\/#article\",\"isPartOf\":{\"@id\":\"https:\\\/\\\/algarve7.pt\\\/index.php\\\/2026\\\/04\\\/municipio-de-portimao-promove-manhas-de-domingo-com-arte-no-centro-da-cidade\\\/cultura\\\/09\\\/02\\\/\"},\"author\":{\"name\":\"Algarve 7\",\"@id\":\"https:\\\/\\\/algarve7.pt\\\/#\\\/schema\\\/person\\\/23fa70681308e7b319a3204bcea45e0c\"},\"headline\":\"Munic\u00edpio de Portim\u00e3o promove manh\u00e3s de domingo com arte no centro da cidade\",\"datePublished\":\"2026-04-03T08:02:00+00:00\",\"mainEntityOfPage\":{\"@id\":\"https:\\\/\\\/algarve7.pt\\\/index.php\\\/2026\\\/04\\\/municipio-de-portimao-promove-manhas-de-domingo-com-arte-no-centro-da-cidade\\\/cultura\\\/09\\\/02\\\/\"},\"wordCount\":259,\"publisher\":{\"@id\":\"https:\\\/\\\/algarve7.pt\\\/#organization\"},\"image\":{\"@id\":\"https:\\\/\\\/algarve7.pt\\\/index.php\\\/2026\\\/04\\\/municipio-de-portimao-promove-manhas-de-domingo-com-arte-no-centro-da-cidade\\\/cultura\\\/09\\\/02\\\/#primaryimage\"},\"thumbnailUrl\":\"https:\\\/\\\/algarve7.pt\\\/wp-content\\\/uploads\\\/2026\\\/03\\\/Praca-da-Republica_Alameda-1.jpg\",\"keywords\":[\"Algarve\",\"Cultura\",\"Portim\u00e3o\"],\"articleSection\":[\"Cultura\"],\"inLanguage\":\"pt-PT\"},{\"@type\":\"WebPage\",\"@id\":\"https:\\\/\\\/algarve7.pt\\\/index.php\\\/2026\\\/04\\\/municipio-de-portimao-promove-manhas-de-domingo-com-arte-no-centro-da-cidade\\\/cultura\\\/09\\\/02\\\/\",\"url\":\"https:\\\/\\\/algarve7.pt\\\/index.php\\\/2026\\\/04\\\/municipio-de-portimao-promove-manhas-de-domingo-com-arte-no-centro-da-cidade\\\/cultura\\\/09\\\/02\\\/\",\"name\":\"Munic\u00edpio de Portim\u00e3o promove manh\u00e3s de domingo com arte no centro da cidade - Algarve 7\",\"isPartOf\":{\"@id\":\"https:\\\/\\\/algarve7.pt\\\/#website\"},\"primaryImageOfPage\":{\"@id\":\"https:\\\/\\\/algarve7.pt\\\/index.php\\\/2026\\\/04\\\/municipio-de-portimao-promove-manhas-de-domingo-com-arte-no-centro-da-cidade\\\/cultura\\\/09\\\/02\\\/#primaryimage\"},\"image\":{\"@id\":\"https:\\\/\\\/algarve7.pt\\\/index.php\\\/2026\\\/04\\\/municipio-de-portimao-promove-manhas-de-domingo-com-arte-no-centro-da-cidade\\\/cultura\\\/09\\\/02\\\/#primaryimage\"},\"thumbnailUrl\":\"https:\\\/\\\/algarve7.pt\\\/wp-content\\\/uploads\\\/2026\\\/03\\\/Praca-da-Republica_Alameda-1.jpg\",\"datePublished\":\"2026-04-03T08:02:00+00:00\",\"description\":\"Munic\u00edpio de Portim\u00e3o promove manh\u00e3s de domingo com arte no centro da cidade Cultura\",\"breadcrumb\":{\"@id\":\"https:\\\/\\\/algarve7.pt\\\/index.php\\\/2026\\\/04\\\/municipio-de-portimao-promove-manhas-de-domingo-com-arte-no-centro-da-cidade\\\/cultura\\\/09\\\/02\\\/#breadcrumb\"},\"inLanguage\":\"pt-PT\",\"potentialAction\":[{\"@type\":\"ReadAction\",\"target\":[\"https:\\\/\\\/algarve7.pt\\\/index.php\\\/2026\\\/04\\\/municipio-de-portimao-promove-manhas-de-domingo-com-arte-no-centro-da-cidade\\\/cultura\\\/09\\\/02\\\/\"]}]},{\"@type\":\"ImageObject\",\"inLanguage\":\"pt-PT\",\"@id\":\"https:\\\/\\\/algarve7.pt\\\/index.php\\\/2026\\\/04\\\/municipio-de-portimao-promove-manhas-de-domingo-com-arte-no-centro-da-cidade\\\/cultura\\\/09\\\/02\\\/#primaryimage\",\"url\":\"https:\\\/\\\/algarve7.pt\\\/wp-content\\\/uploads\\\/2026\\\/03\\\/Praca-da-Republica_Alameda-1.jpg\",\"contentUrl\":\"https:\\\/\\\/algarve7.pt\\\/wp-content\\\/uploads\\\/2026\\\/03\\\/Praca-da-Republica_Alameda-1.jpg\",\"width\":800,\"height\":445},{\"@type\":\"BreadcrumbList\",\"@id\":\"https:\\\/\\\/algarve7.pt\\\/index.php\\\/2026\\\/04\\\/municipio-de-portimao-promove-manhas-de-domingo-com-arte-no-centro-da-cidade\\\/cultura\\\/09\\\/02\\\/#breadcrumb\",\"itemListElement\":[{\"@type\":\"ListItem\",\"position\":1,\"name\":\"In\u00edcio\",\"item\":\"https:\\\/\\\/algarve7.pt\\\/\"},{\"@type\":\"ListItem\",\"position\":2,\"name\":\"Munic\u00edpio de Portim\u00e3o promove manh\u00e3s de domingo com arte no centro da cidade\"}]},{\"@type\":\"WebSite\",\"@id\":\"https:\\\/\\\/algarve7.pt\\\/#website\",\"url\":\"https:\\\/\\\/algarve7.pt\\\/\",\"name\":\"Algarve 7\",\"description\":\"Informa\u00e7\u00e3o sobre o Algarve\",\"publisher\":{\"@id\":\"https:\\\/\\\/algarve7.pt\\\/#organization\"},\"potentialAction\":[{\"@type\":\"SearchAction\",\"target\":{\"@type\":\"EntryPoint\",\"urlTemplate\":\"https:\\\/\\\/algarve7.pt\\\/?s={search_term_string}\"},\"query-input\":{\"@type\":\"PropertyValueSpecification\",\"valueRequired\":true,\"valueName\":\"search_term_string\"}}],\"inLanguage\":\"pt-PT\"},{\"@type\":\"Organization\",\"@id\":\"https:\\\/\\\/algarve7.pt\\\/#organization\",\"name\":\"Algarve 7\",\"url\":\"https:\\\/\\\/algarve7.pt\\\/\",\"logo\":{\"@type\":\"ImageObject\",\"inLanguage\":\"pt-PT\",\"@id\":\"https:\\\/\\\/algarve7.pt\\\/#\\\/schema\\\/logo\\\/image\\\/\",\"url\":\"https:\\\/\\\/algarve7.pt\\\/wp-content\\\/uploads\\\/2020\\\/10\\\/Logo-8.jpg\",\"contentUrl\":\"https:\\\/\\\/algarve7.pt\\\/wp-content\\\/uploads\\\/2020\\\/10\\\/Logo-8.jpg\",\"width\":1680,\"height\":1186,\"caption\":\"Algarve 7\"},\"image\":{\"@id\":\"https:\\\/\\\/algarve7.pt\\\/#\\\/schema\\\/logo\\\/image\\\/\"},\"sameAs\":[\"https:\\\/\\\/www.facebook.com\\\/algarve7\",\"https:\\\/\\\/x.com\\\/Algarvesete\",\"https:\\\/\\\/www.instagram.com\\\/jornalalgarve7\\\/\",\"https:\\\/\\\/www.linkedin.com\\\/company\\\/algarve7\",\"https:\\\/\\\/www.pinterest.pt\\\/geral0939\\\/_created\\\/\"]},{\"@type\":\"Person\",\"@id\":\"https:\\\/\\\/algarve7.pt\\\/#\\\/schema\\\/person\\\/23fa70681308e7b319a3204bcea45e0c\",\"name\":\"Algarve 7\",\"sameAs\":[\"https:\\\/\\\/algarve7.pt\",\"https:\\\/\\\/www.facebook.com\\\/algarve7\"],\"url\":\"https:\\\/\\\/algarve7.pt\\\/index.php\\\/author\\\/geralalgarve7-pt\\\/\"}]}<\/script>\n<!-- \/ Yoast SEO plugin. -->","yoast_head_json":{"title":"Munic\u00edpio de Portim\u00e3o promove manh\u00e3s de domingo com arte no centro da cidade - Algarve 7","description":"Munic\u00edpio de Portim\u00e3o promove manh\u00e3s de domingo com arte no centro da cidade Cultura","robots":{"index":"index","follow":"follow","max-snippet":"max-snippet:-1","max-image-preview":"max-image-preview:large","max-video-preview":"max-video-preview:-1"},"canonical":"https:\/\/algarve7.pt\/index.php\/2026\/04\/municipio-de-portimao-promove-manhas-de-domingo-com-arte-no-centro-da-cidade\/cultura\/09\/02\/","og_locale":"pt_PT","og_type":"article","og_title":"Munic\u00edpio de Portim\u00e3o promove manh\u00e3s de domingo com arte no centro da cidade - Algarve 7","og_description":"Munic\u00edpio de Portim\u00e3o promove manh\u00e3s de domingo com arte no centro da cidade Cultura","og_url":"https:\/\/algarve7.pt\/index.php\/2026\/04\/municipio-de-portimao-promove-manhas-de-domingo-com-arte-no-centro-da-cidade\/cultura\/09\/02\/","og_site_name":"Algarve 7","article_publisher":"https:\/\/www.facebook.com\/algarve7","article_author":"https:\/\/www.facebook.com\/algarve7","article_published_time":"2026-04-03T08:02:00+00:00","og_image":[{"width":800,"height":445,"url":"https:\/\/algarve7.pt\/wp-content\/uploads\/2026\/03\/Praca-da-Republica_Alameda-1.jpg","type":"image\/jpeg"}],"author":"Algarve 7","twitter_card":"summary_large_image","twitter_creator":"@Algarvesete","twitter_site":"@Algarvesete","twitter_misc":{"Escrito por":"Algarve 7","Tempo estimado de leitura":"2 minutos"},"schema":{"@context":"https:\/\/schema.org","@graph":[{"@type":"Article","@id":"https:\/\/algarve7.pt\/index.php\/2026\/04\/municipio-de-portimao-promove-manhas-de-domingo-com-arte-no-centro-da-cidade\/cultura\/09\/02\/#article","isPartOf":{"@id":"https:\/\/algarve7.pt\/index.php\/2026\/04\/municipio-de-portimao-promove-manhas-de-domingo-com-arte-no-centro-da-cidade\/cultura\/09\/02\/"},"author":{"name":"Algarve 7","@id":"https:\/\/algarve7.pt\/#\/schema\/person\/23fa70681308e7b319a3204bcea45e0c"},"headline":"Munic\u00edpio de Portim\u00e3o promove manh\u00e3s de domingo com arte no centro da cidade","datePublished":"2026-04-03T08:02:00+00:00","mainEntityOfPage":{"@id":"https:\/\/algarve7.pt\/index.php\/2026\/04\/municipio-de-portimao-promove-manhas-de-domingo-com-arte-no-centro-da-cidade\/cultura\/09\/02\/"},"wordCount":259,"publisher":{"@id":"https:\/\/algarve7.pt\/#organization"},"image":{"@id":"https:\/\/algarve7.pt\/index.php\/2026\/04\/municipio-de-portimao-promove-manhas-de-domingo-com-arte-no-centro-da-cidade\/cultura\/09\/02\/#primaryimage"},"thumbnailUrl":"https:\/\/algarve7.pt\/wp-content\/uploads\/2026\/03\/Praca-da-Republica_Alameda-1.jpg","keywords":["Algarve","Cultura","Portim\u00e3o"],"articleSection":["Cultura"],"inLanguage":"pt-PT"},{"@type":"WebPage","@id":"https:\/\/algarve7.pt\/index.php\/2026\/04\/municipio-de-portimao-promove-manhas-de-domingo-com-arte-no-centro-da-cidade\/cultura\/09\/02\/","url":"https:\/\/algarve7.pt\/index.php\/2026\/04\/municipio-de-portimao-promove-manhas-de-domingo-com-arte-no-centro-da-cidade\/cultura\/09\/02\/","name":"Munic\u00edpio de Portim\u00e3o promove manh\u00e3s de domingo com arte no centro da cidade - Algarve 7","isPartOf":{"@id":"https:\/\/algarve7.pt\/#website"},"primaryImageOfPage":{"@id":"https:\/\/algarve7.pt\/index.php\/2026\/04\/municipio-de-portimao-promove-manhas-de-domingo-com-arte-no-centro-da-cidade\/cultura\/09\/02\/#primaryimage"},"image":{"@id":"https:\/\/algarve7.pt\/index.php\/2026\/04\/municipio-de-portimao-promove-manhas-de-domingo-com-arte-no-centro-da-cidade\/cultura\/09\/02\/#primaryimage"},"thumbnailUrl":"https:\/\/algarve7.pt\/wp-content\/uploads\/2026\/03\/Praca-da-Republica_Alameda-1.jpg","datePublished":"2026-04-03T08:02:00+00:00","description":"Munic\u00edpio de Portim\u00e3o promove manh\u00e3s de domingo com arte no centro da cidade Cultura","breadcrumb":{"@id":"https:\/\/algarve7.pt\/index.php\/2026\/04\/municipio-de-portimao-promove-manhas-de-domingo-com-arte-no-centro-da-cidade\/cultura\/09\/02\/#breadcrumb"},"inLanguage":"pt-PT","potentialAction":[{"@type":"ReadAction","target":["https:\/\/algarve7.pt\/index.php\/2026\/04\/municipio-de-portimao-promove-manhas-de-domingo-com-arte-no-centro-da-cidade\/cultura\/09\/02\/"]}]},{"@type":"ImageObject","inLanguage":"pt-PT","@id":"https:\/\/algarve7.pt\/index.php\/2026\/04\/municipio-de-portimao-promove-manhas-de-domingo-com-arte-no-centro-da-cidade\/cultura\/09\/02\/#primaryimage","url":"https:\/\/algarve7.pt\/wp-content\/uploads\/2026\/03\/Praca-da-Republica_Alameda-1.jpg","contentUrl":"https:\/\/algarve7.pt\/wp-content\/uploads\/2026\/03\/Praca-da-Republica_Alameda-1.jpg","width":800,"height":445},{"@type":"BreadcrumbList","@id":"https:\/\/algarve7.pt\/index.php\/2026\/04\/municipio-de-portimao-promove-manhas-de-domingo-com-arte-no-centro-da-cidade\/cultura\/09\/02\/#breadcrumb","itemListElement":[{"@type":"ListItem","position":1,"name":"In\u00edcio","item":"https:\/\/algarve7.pt\/"},{"@type":"ListItem","position":2,"name":"Munic\u00edpio de Portim\u00e3o promove manh\u00e3s de domingo com arte no centro da cidade"}]},{"@type":"WebSite","@id":"https:\/\/algarve7.pt\/#website","url":"https:\/\/algarve7.pt\/","name":"Algarve 7","description":"Informa\u00e7\u00e3o sobre o Algarve","publisher":{"@id":"https:\/\/algarve7.pt\/#organization"},"potentialAction":[{"@type":"SearchAction","target":{"@type":"EntryPoint","urlTemplate":"https:\/\/algarve7.pt\/?s={search_term_string}"},"query-input":{"@type":"PropertyValueSpecification","valueRequired":true,"valueName":"search_term_string"}}],"inLanguage":"pt-PT"},{"@type":"Organization","@id":"https:\/\/algarve7.pt\/#organization","name":"Algarve 7","url":"https:\/\/algarve7.pt\/","logo":{"@type":"ImageObject","inLanguage":"pt-PT","@id":"https:\/\/algarve7.pt\/#\/schema\/logo\/image\/","url":"https:\/\/algarve7.pt\/wp-content\/uploads\/2020\/10\/Logo-8.jpg","contentUrl":"https:\/\/algarve7.pt\/wp-content\/uploads\/2020\/10\/Logo-8.jpg","width":1680,"height":1186,"caption":"Algarve 7"},"image":{"@id":"https:\/\/algarve7.pt\/#\/schema\/logo\/image\/"},"sameAs":["https:\/\/www.facebook.com\/algarve7","https:\/\/x.com\/Algarvesete","https:\/\/www.instagram.com\/jornalalgarve7\/","https:\/\/www.linkedin.com\/company\/algarve7","https:\/\/www.pinterest.pt\/geral0939\/_created\/"]},{"@type":"Person","@id":"https:\/\/algarve7.pt\/#\/schema\/person\/23fa70681308e7b319a3204bcea45e0c","name":"Algarve 7","sameAs":["https:\/\/algarve7.pt","https:\/\/www.facebook.com\/algarve7"],"url":"https:\/\/algarve7.pt\/index.php\/author\/geralalgarve7-pt\/"}]}},"jetpack_publicize_connections":[],"jetpack_featured_media_url":"https:\/\/algarve7.pt\/wp-content\/uploads\/2026\/03\/Praca-da-Republica_Alameda-1.jpg","jetpack_shortlink":"https:\/\/wp.me\/pcezmW-fKU","jetpack_sharing_enabled":true,"_links":{"self":[{"href":"https:\/\/algarve7.pt\/index.php\/wp-json\/wp\/v2\/posts\/60568","targetHints":{"allow":["GET"]}}],"collection":[{"href":"https:\/\/algarve7.pt\/index.php\/wp-json\/wp\/v2\/posts"}],"about":[{"href":"https:\/\/algarve7.pt\/index.php\/wp-json\/wp\/v2\/types\/post"}],"author":[{"embeddable":true,"href":"https:\/\/algarve7.pt\/index.php\/wp-json\/wp\/v2\/users\/1"}],"replies":[{"embeddable":true,"href":"https:\/\/algarve7.pt\/index.php\/wp-json\/wp\/v2\/comments?post=60568"}],"version-history":[{"count":0,"href":"https:\/\/algarve7.pt\/index.php\/wp-json\/wp\/v2\/posts\/60568\/revisions"}],"wp:featuredmedia":[{"embeddable":true,"href":"https:\/\/algarve7.pt\/index.php\/wp-json\/wp\/v2\/media\/60569"}],"wp:attachment":[{"href":"https:\/\/algarve7.pt\/index.php\/wp-json\/wp\/v2\/media?parent=60568"}],"wp:term":[{"taxonomy":"category","embeddable":true,"href":"https:\/\/algarve7.pt\/index.php\/wp-json\/wp\/v2\/categories?post=60568"},{"taxonomy":"post_tag","embeddable":true,"href":"https:\/\/algarve7.pt\/index.php\/wp-json\/wp\/v2\/tags?post=60568"}],"curies":[{"name":"wp","href":"https:\/\/api.w.org\/{rel}","templated":true}]}}