{"id":60521,"date":"2026-03-30T20:28:26","date_gmt":"2026-03-30T19:28:26","guid":{"rendered":"https:\/\/algarve7.pt\/?p=60521"},"modified":"2026-03-30T20:28:31","modified_gmt":"2026-03-30T19:28:31","slug":"forum-antf-2026-do-rigor-defensivo-a-arte-de-atacar-o-jogo-ganha-forma-no-relvado","status":"publish","type":"post","link":"https:\/\/algarve7.pt\/index.php\/2026\/03\/forum-antf-2026-do-rigor-defensivo-a-arte-de-atacar-o-jogo-ganha-forma-no-relvado\/desporto\/20\/28\/","title":{"rendered":"F\u00f3rum ANTF 2026: do rigor defensivo \u00e0 arte de atacar, o jogo ganha forma no relvado"},"content":{"rendered":"\n<p>O F\u00f3rum ANTF 2026 teve in\u00edcio esta segunda-feira, 30 de mar\u00e7o, em Albufeira. Reunidos mais de mil treinadores para dois dias de reflex\u00e3o em torno do presente e do futuro do treino em Portugal, juntando alguns dos mais reconhecidos t\u00e9cnicos nacionais na partilha das suas experi\u00eancias.<\/p>\n\n\n\n<p>A tarde do F\u00f3rum ANTF 2026 confirmou o evento como um verdadeiro laborat\u00f3rio de conhecimento aplicado, com tr\u00eas blocos de workshops dedicados \u00e0s diferentes fases do jogo, tanto no futebol como no futsal, envolvendo alguns dos principais treinadores nacionais e cerca de 1100 participantes ao longo da edi\u00e7\u00e3o.<\/p>\n\n\n\n<p>No futebol, o primeiro momento foi dedicado \u00e0 Organiza\u00e7\u00e3o Defensiva, com Jo\u00e3o Pedro Sousa a conduzir uma sess\u00e3o pr\u00e1tica no Est\u00e1dio Municipal de Albufeira. Perante a equipa de forma\u00e7\u00e3o do Imortal DC, o t\u00e9cnico destacou os princ\u00edpios que sustentam equipas equilibradas, compactas e seguras, sublinhando a import\u00e2ncia do detalhe e da ocupa\u00e7\u00e3o racional dos espa\u00e7os como base para competir ao mais alto n\u00edvel.<\/p>\n\n\n\n<p>Em paralelo, no futsal, o Pavilh\u00e3o Desportivo de Albufeira recebeu o workshop liderado por Lu\u00eds Concei\u00e7\u00e3o, selecionador nacional feminino, com a participa\u00e7\u00e3o da sele\u00e7\u00e3o de futsal da AF Algarve. Numa abordagem centrada no desenvolvimento individual dentro do coletivo, o treinador foi claro: \u201ctemos de dedicar muito tempo em rela\u00e7\u00e3o ao que se comete mais erros, sobretudo posicionais e individuais\u201d. Defendendo a fragmenta\u00e7\u00e3o do jogo como ferramenta pedag\u00f3gica, refor\u00e7ou a import\u00e2ncia da repeti\u00e7\u00e3o: \u201c\u00e9 insistir, insistir, insistir \u2014 do 1&#215;1 ao 5&#215;5 \u2014 para que os jogadores sejam coletivamente melhores\u201d.<\/p>\n\n\n\n<p>O segundo bloco trouxe o foco para a Transi\u00e7\u00e3o e Organiza\u00e7\u00e3o Ofensiva. No futebol, Ricardo Soares apresentou uma sess\u00e3o marcada pela sua identidade de jogo, demonstrando como estruturar equipas capazes de assumir o controlo com bola sem perder agressividade no momento da recupera\u00e7\u00e3o. A ideia-chave passou por antecipar o ataque desde o instante em que se conquista a posse, explorando a verticalidade e a tomada de decis\u00e3o em ritmo elevado.<\/p>\n\n\n\n<p>No futsal, Kit\u00f3 Ferreira deu continuidade a esta dimens\u00e3o, centrando-se na transi\u00e7\u00e3o defensiva em contextos reduzidos, como o 3&#215;3. Sublinhando a exig\u00eancia do jogo simples, destacou a import\u00e2ncia da comunica\u00e7\u00e3o: \u201cjogar simples \u00e9 muito dif\u00edcil. O treino e o jogo s\u00e3o inclusivos, por isso \u00e9 fundamental falarem uns com os outros\u201d. Atrav\u00e9s de exerc\u00edcios pr\u00e1ticos em 2&#215;2 e 3&#215;3, evidenciou a necessidade de criar h\u00e1bitos que se transportem diretamente para o jogo.<\/p>\n\n\n\n<p>A encerrar, o terceiro momento foi dedicado \u00e0s transi\u00e7\u00f5es, com Ant\u00f3nio Oliveira a liderar o workshop de futebol. Com experi\u00eancia recente no exigente contexto brasileiro, o t\u00e9cnico abordou a forma como as equipas podem dominar os momentos de instabilidade do jogo, transformando a recupera\u00e7\u00e3o da bola em a\u00e7\u00f5es ofensivas imediatas, com crit\u00e9rio, intensidade e objetividade.<\/p>\n\n\n\n<p>No futsal, Jo\u00e3o Freitas Pinto encerrou o ciclo com exemplos pr\u00e1ticos de transi\u00e7\u00f5es, refor\u00e7ando a import\u00e2ncia da leitura do jogo e da capacidade de atacar em fra\u00e7\u00f5es de segundo, num contexto onde cada detalhe pode ser determinante.<\/p>\n\n\n\n<p>Mais do que um conjunto de exerc\u00edcios, a tarde do F\u00f3rum ANTF 2026 evidenciou uma ideia transversal \u00e0s duas modalidades: o treino \u00e9 o espa\u00e7o privilegiado de constru\u00e7\u00e3o da identidade competitiva. Em Albufeira, essa constru\u00e7\u00e3o fez-se no terreno, com rigor, exig\u00eancia e uma clara liga\u00e7\u00e3o entre o conhecimento e a pr\u00e1tica.<\/p>\n\n\n\n<p>Ao longo de dois dias, o F\u00f3rum ANTF 2026 promove o debate em torno das tend\u00eancias atuais e futuras do futebol, refor\u00e7ando o compromisso da ANTF com a forma\u00e7\u00e3o cont\u00ednua e a qualifica\u00e7\u00e3o dos treinadores.<\/p>\n\n\n\n<p>Cr\u00e9ditos fotos: ANTF<\/p>\n","protected":false},"excerpt":{"rendered":"<p>O F\u00f3rum ANTF 2026 teve in\u00edcio esta segunda-feira, 30 de mar\u00e7o, em Albufeira. Reunidos mais de mil treinadores para dois<\/p>\n","protected":false},"author":1,"featured_media":60522,"comment_status":"closed","ping_status":"closed","sticky":false,"template":"","format":"standard","meta":{"colormag_page_container_layout":"default_layout","colormag_page_sidebar_layout":"default_layout","_monsterinsights_skip_tracking":false,"_monsterinsights_sitenote_active":false,"_monsterinsights_sitenote_note":"","_monsterinsights_sitenote_category":0,"jetpack_post_was_ever_published":false,"_jetpack_newsletter_access":"","_jetpack_dont_email_post_to_subs":false,"_jetpack_newsletter_tier_id":0,"_jetpack_memberships_contains_paywalled_content":false,"_jetpack_memberships_contains_paid_content":false,"footnotes":"","jetpack_publicize_message":"","jetpack_publicize_feature_enabled":true,"jetpack_social_post_already_shared":true,"jetpack_social_options":{"image_generator_settings":{"template":"highway","default_image_id":0,"font":"","enabled":false},"version":2}},"categories":[15],"tags":[36,40],"class_list":["post-60521","post","type-post","status-publish","format-standard","has-post-thumbnail","hentry","category-desporto","tag-algarve","tag-desporto"],"yoast_head":"<!-- This site is optimized with the Yoast SEO plugin v27.5 - https:\/\/yoast.com\/product\/yoast-seo-wordpress\/ -->\n<title>F\u00f3rum ANTF 2026: do rigor defensivo \u00e0 arte de atacar, o jogo ganha forma no relvado - Algarve 7<\/title>\n<meta name=\"description\" content=\"F\u00f3rum ANTF 2026: do rigor defensivo \u00e0 arte de atacar, o jogo ganha forma no relvado Desporto\" \/>\n<meta name=\"robots\" content=\"index, follow, max-snippet:-1, max-image-preview:large, max-video-preview:-1\" \/>\n<link rel=\"canonical\" href=\"https:\/\/algarve7.pt\/index.php\/2026\/03\/forum-antf-2026-do-rigor-defensivo-a-arte-de-atacar-o-jogo-ganha-forma-no-relvado\/desporto\/20\/28\/\" \/>\n<meta property=\"og:locale\" content=\"pt_PT\" \/>\n<meta property=\"og:type\" content=\"article\" \/>\n<meta property=\"og:title\" content=\"F\u00f3rum ANTF 2026: do rigor defensivo \u00e0 arte de atacar, o jogo ganha forma no relvado - Algarve 7\" \/>\n<meta property=\"og:description\" content=\"F\u00f3rum ANTF 2026: do rigor defensivo \u00e0 arte de atacar, o jogo ganha forma no relvado Desporto\" \/>\n<meta property=\"og:url\" content=\"https:\/\/algarve7.pt\/index.php\/2026\/03\/forum-antf-2026-do-rigor-defensivo-a-arte-de-atacar-o-jogo-ganha-forma-no-relvado\/desporto\/20\/28\/\" \/>\n<meta property=\"og:site_name\" content=\"Algarve 7\" \/>\n<meta property=\"article:publisher\" content=\"https:\/\/www.facebook.com\/algarve7\" \/>\n<meta property=\"article:author\" content=\"https:\/\/www.facebook.com\/algarve7\" \/>\n<meta property=\"article:published_time\" content=\"2026-03-30T19:28:26+00:00\" \/>\n<meta property=\"article:modified_time\" content=\"2026-03-30T19:28:31+00:00\" \/>\n<meta property=\"og:image\" content=\"https:\/\/algarve7.pt\/wp-content\/uploads\/2026\/03\/DSC07220.jpg\" \/>\n\t<meta property=\"og:image:width\" content=\"800\" \/>\n\t<meta property=\"og:image:height\" content=\"445\" \/>\n\t<meta property=\"og:image:type\" content=\"image\/jpeg\" \/>\n<meta name=\"author\" content=\"Algarve 7\" \/>\n<meta name=\"twitter:card\" content=\"summary_large_image\" \/>\n<meta name=\"twitter:creator\" content=\"@Algarvesete\" \/>\n<meta name=\"twitter:site\" content=\"@Algarvesete\" \/>\n<meta name=\"twitter:label1\" content=\"Escrito por\" \/>\n\t<meta name=\"twitter:data1\" content=\"Algarve 7\" \/>\n\t<meta name=\"twitter:label2\" content=\"Tempo estimado de leitura\" \/>\n\t<meta name=\"twitter:data2\" content=\"4 minutos\" \/>\n<script type=\"application\/ld+json\" class=\"yoast-schema-graph\">{\"@context\":\"https:\\\/\\\/schema.org\",\"@graph\":[{\"@type\":\"Article\",\"@id\":\"https:\\\/\\\/algarve7.pt\\\/index.php\\\/2026\\\/03\\\/forum-antf-2026-do-rigor-defensivo-a-arte-de-atacar-o-jogo-ganha-forma-no-relvado\\\/desporto\\\/20\\\/28\\\/#article\",\"isPartOf\":{\"@id\":\"https:\\\/\\\/algarve7.pt\\\/index.php\\\/2026\\\/03\\\/forum-antf-2026-do-rigor-defensivo-a-arte-de-atacar-o-jogo-ganha-forma-no-relvado\\\/desporto\\\/20\\\/28\\\/\"},\"author\":{\"name\":\"Algarve 7\",\"@id\":\"https:\\\/\\\/algarve7.pt\\\/#\\\/schema\\\/person\\\/23fa70681308e7b319a3204bcea45e0c\"},\"headline\":\"F\u00f3rum ANTF 2026: do rigor defensivo \u00e0 arte de atacar, o jogo ganha forma no relvado\",\"datePublished\":\"2026-03-30T19:28:26+00:00\",\"dateModified\":\"2026-03-30T19:28:31+00:00\",\"mainEntityOfPage\":{\"@id\":\"https:\\\/\\\/algarve7.pt\\\/index.php\\\/2026\\\/03\\\/forum-antf-2026-do-rigor-defensivo-a-arte-de-atacar-o-jogo-ganha-forma-no-relvado\\\/desporto\\\/20\\\/28\\\/\"},\"wordCount\":648,\"publisher\":{\"@id\":\"https:\\\/\\\/algarve7.pt\\\/#organization\"},\"image\":{\"@id\":\"https:\\\/\\\/algarve7.pt\\\/index.php\\\/2026\\\/03\\\/forum-antf-2026-do-rigor-defensivo-a-arte-de-atacar-o-jogo-ganha-forma-no-relvado\\\/desporto\\\/20\\\/28\\\/#primaryimage\"},\"thumbnailUrl\":\"https:\\\/\\\/algarve7.pt\\\/wp-content\\\/uploads\\\/2026\\\/03\\\/DSC07220.jpg\",\"keywords\":[\"Algarve\",\"Desporto\"],\"articleSection\":[\"Desporto\"],\"inLanguage\":\"pt-PT\"},{\"@type\":\"WebPage\",\"@id\":\"https:\\\/\\\/algarve7.pt\\\/index.php\\\/2026\\\/03\\\/forum-antf-2026-do-rigor-defensivo-a-arte-de-atacar-o-jogo-ganha-forma-no-relvado\\\/desporto\\\/20\\\/28\\\/\",\"url\":\"https:\\\/\\\/algarve7.pt\\\/index.php\\\/2026\\\/03\\\/forum-antf-2026-do-rigor-defensivo-a-arte-de-atacar-o-jogo-ganha-forma-no-relvado\\\/desporto\\\/20\\\/28\\\/\",\"name\":\"F\u00f3rum ANTF 2026: do rigor defensivo \u00e0 arte de atacar, o jogo ganha forma no relvado - Algarve 7\",\"isPartOf\":{\"@id\":\"https:\\\/\\\/algarve7.pt\\\/#website\"},\"primaryImageOfPage\":{\"@id\":\"https:\\\/\\\/algarve7.pt\\\/index.php\\\/2026\\\/03\\\/forum-antf-2026-do-rigor-defensivo-a-arte-de-atacar-o-jogo-ganha-forma-no-relvado\\\/desporto\\\/20\\\/28\\\/#primaryimage\"},\"image\":{\"@id\":\"https:\\\/\\\/algarve7.pt\\\/index.php\\\/2026\\\/03\\\/forum-antf-2026-do-rigor-defensivo-a-arte-de-atacar-o-jogo-ganha-forma-no-relvado\\\/desporto\\\/20\\\/28\\\/#primaryimage\"},\"thumbnailUrl\":\"https:\\\/\\\/algarve7.pt\\\/wp-content\\\/uploads\\\/2026\\\/03\\\/DSC07220.jpg\",\"datePublished\":\"2026-03-30T19:28:26+00:00\",\"dateModified\":\"2026-03-30T19:28:31+00:00\",\"description\":\"F\u00f3rum ANTF 2026: do rigor defensivo \u00e0 arte de atacar, o jogo ganha forma no relvado Desporto\",\"breadcrumb\":{\"@id\":\"https:\\\/\\\/algarve7.pt\\\/index.php\\\/2026\\\/03\\\/forum-antf-2026-do-rigor-defensivo-a-arte-de-atacar-o-jogo-ganha-forma-no-relvado\\\/desporto\\\/20\\\/28\\\/#breadcrumb\"},\"inLanguage\":\"pt-PT\",\"potentialAction\":[{\"@type\":\"ReadAction\",\"target\":[\"https:\\\/\\\/algarve7.pt\\\/index.php\\\/2026\\\/03\\\/forum-antf-2026-do-rigor-defensivo-a-arte-de-atacar-o-jogo-ganha-forma-no-relvado\\\/desporto\\\/20\\\/28\\\/\"]}]},{\"@type\":\"ImageObject\",\"inLanguage\":\"pt-PT\",\"@id\":\"https:\\\/\\\/algarve7.pt\\\/index.php\\\/2026\\\/03\\\/forum-antf-2026-do-rigor-defensivo-a-arte-de-atacar-o-jogo-ganha-forma-no-relvado\\\/desporto\\\/20\\\/28\\\/#primaryimage\",\"url\":\"https:\\\/\\\/algarve7.pt\\\/wp-content\\\/uploads\\\/2026\\\/03\\\/DSC07220.jpg\",\"contentUrl\":\"https:\\\/\\\/algarve7.pt\\\/wp-content\\\/uploads\\\/2026\\\/03\\\/DSC07220.jpg\",\"width\":800,\"height\":445},{\"@type\":\"BreadcrumbList\",\"@id\":\"https:\\\/\\\/algarve7.pt\\\/index.php\\\/2026\\\/03\\\/forum-antf-2026-do-rigor-defensivo-a-arte-de-atacar-o-jogo-ganha-forma-no-relvado\\\/desporto\\\/20\\\/28\\\/#breadcrumb\",\"itemListElement\":[{\"@type\":\"ListItem\",\"position\":1,\"name\":\"In\u00edcio\",\"item\":\"https:\\\/\\\/algarve7.pt\\\/\"},{\"@type\":\"ListItem\",\"position\":2,\"name\":\"F\u00f3rum ANTF 2026: do rigor defensivo \u00e0 arte de atacar, o jogo ganha forma no relvado\"}]},{\"@type\":\"WebSite\",\"@id\":\"https:\\\/\\\/algarve7.pt\\\/#website\",\"url\":\"https:\\\/\\\/algarve7.pt\\\/\",\"name\":\"Algarve 7\",\"description\":\"Informa\u00e7\u00e3o sobre o Algarve\",\"publisher\":{\"@id\":\"https:\\\/\\\/algarve7.pt\\\/#organization\"},\"potentialAction\":[{\"@type\":\"SearchAction\",\"target\":{\"@type\":\"EntryPoint\",\"urlTemplate\":\"https:\\\/\\\/algarve7.pt\\\/?s={search_term_string}\"},\"query-input\":{\"@type\":\"PropertyValueSpecification\",\"valueRequired\":true,\"valueName\":\"search_term_string\"}}],\"inLanguage\":\"pt-PT\"},{\"@type\":\"Organization\",\"@id\":\"https:\\\/\\\/algarve7.pt\\\/#organization\",\"name\":\"Algarve 7\",\"url\":\"https:\\\/\\\/algarve7.pt\\\/\",\"logo\":{\"@type\":\"ImageObject\",\"inLanguage\":\"pt-PT\",\"@id\":\"https:\\\/\\\/algarve7.pt\\\/#\\\/schema\\\/logo\\\/image\\\/\",\"url\":\"https:\\\/\\\/algarve7.pt\\\/wp-content\\\/uploads\\\/2020\\\/10\\\/Logo-8.jpg\",\"contentUrl\":\"https:\\\/\\\/algarve7.pt\\\/wp-content\\\/uploads\\\/2020\\\/10\\\/Logo-8.jpg\",\"width\":1680,\"height\":1186,\"caption\":\"Algarve 7\"},\"image\":{\"@id\":\"https:\\\/\\\/algarve7.pt\\\/#\\\/schema\\\/logo\\\/image\\\/\"},\"sameAs\":[\"https:\\\/\\\/www.facebook.com\\\/algarve7\",\"https:\\\/\\\/x.com\\\/Algarvesete\",\"https:\\\/\\\/www.instagram.com\\\/jornalalgarve7\\\/\",\"https:\\\/\\\/www.linkedin.com\\\/company\\\/algarve7\",\"https:\\\/\\\/www.pinterest.pt\\\/geral0939\\\/_created\\\/\"]},{\"@type\":\"Person\",\"@id\":\"https:\\\/\\\/algarve7.pt\\\/#\\\/schema\\\/person\\\/23fa70681308e7b319a3204bcea45e0c\",\"name\":\"Algarve 7\",\"sameAs\":[\"https:\\\/\\\/algarve7.pt\",\"https:\\\/\\\/www.facebook.com\\\/algarve7\"],\"url\":\"https:\\\/\\\/algarve7.pt\\\/index.php\\\/author\\\/geralalgarve7-pt\\\/\"}]}<\/script>\n<!-- \/ Yoast SEO plugin. -->","yoast_head_json":{"title":"F\u00f3rum ANTF 2026: do rigor defensivo \u00e0 arte de atacar, o jogo ganha forma no relvado - Algarve 7","description":"F\u00f3rum ANTF 2026: do rigor defensivo \u00e0 arte de atacar, o jogo ganha forma no relvado Desporto","robots":{"index":"index","follow":"follow","max-snippet":"max-snippet:-1","max-image-preview":"max-image-preview:large","max-video-preview":"max-video-preview:-1"},"canonical":"https:\/\/algarve7.pt\/index.php\/2026\/03\/forum-antf-2026-do-rigor-defensivo-a-arte-de-atacar-o-jogo-ganha-forma-no-relvado\/desporto\/20\/28\/","og_locale":"pt_PT","og_type":"article","og_title":"F\u00f3rum ANTF 2026: do rigor defensivo \u00e0 arte de atacar, o jogo ganha forma no relvado - Algarve 7","og_description":"F\u00f3rum ANTF 2026: do rigor defensivo \u00e0 arte de atacar, o jogo ganha forma no relvado Desporto","og_url":"https:\/\/algarve7.pt\/index.php\/2026\/03\/forum-antf-2026-do-rigor-defensivo-a-arte-de-atacar-o-jogo-ganha-forma-no-relvado\/desporto\/20\/28\/","og_site_name":"Algarve 7","article_publisher":"https:\/\/www.facebook.com\/algarve7","article_author":"https:\/\/www.facebook.com\/algarve7","article_published_time":"2026-03-30T19:28:26+00:00","article_modified_time":"2026-03-30T19:28:31+00:00","og_image":[{"width":800,"height":445,"url":"https:\/\/algarve7.pt\/wp-content\/uploads\/2026\/03\/DSC07220.jpg","type":"image\/jpeg"}],"author":"Algarve 7","twitter_card":"summary_large_image","twitter_creator":"@Algarvesete","twitter_site":"@Algarvesete","twitter_misc":{"Escrito por":"Algarve 7","Tempo estimado de leitura":"4 minutos"},"schema":{"@context":"https:\/\/schema.org","@graph":[{"@type":"Article","@id":"https:\/\/algarve7.pt\/index.php\/2026\/03\/forum-antf-2026-do-rigor-defensivo-a-arte-de-atacar-o-jogo-ganha-forma-no-relvado\/desporto\/20\/28\/#article","isPartOf":{"@id":"https:\/\/algarve7.pt\/index.php\/2026\/03\/forum-antf-2026-do-rigor-defensivo-a-arte-de-atacar-o-jogo-ganha-forma-no-relvado\/desporto\/20\/28\/"},"author":{"name":"Algarve 7","@id":"https:\/\/algarve7.pt\/#\/schema\/person\/23fa70681308e7b319a3204bcea45e0c"},"headline":"F\u00f3rum ANTF 2026: do rigor defensivo \u00e0 arte de atacar, o jogo ganha forma no relvado","datePublished":"2026-03-30T19:28:26+00:00","dateModified":"2026-03-30T19:28:31+00:00","mainEntityOfPage":{"@id":"https:\/\/algarve7.pt\/index.php\/2026\/03\/forum-antf-2026-do-rigor-defensivo-a-arte-de-atacar-o-jogo-ganha-forma-no-relvado\/desporto\/20\/28\/"},"wordCount":648,"publisher":{"@id":"https:\/\/algarve7.pt\/#organization"},"image":{"@id":"https:\/\/algarve7.pt\/index.php\/2026\/03\/forum-antf-2026-do-rigor-defensivo-a-arte-de-atacar-o-jogo-ganha-forma-no-relvado\/desporto\/20\/28\/#primaryimage"},"thumbnailUrl":"https:\/\/algarve7.pt\/wp-content\/uploads\/2026\/03\/DSC07220.jpg","keywords":["Algarve","Desporto"],"articleSection":["Desporto"],"inLanguage":"pt-PT"},{"@type":"WebPage","@id":"https:\/\/algarve7.pt\/index.php\/2026\/03\/forum-antf-2026-do-rigor-defensivo-a-arte-de-atacar-o-jogo-ganha-forma-no-relvado\/desporto\/20\/28\/","url":"https:\/\/algarve7.pt\/index.php\/2026\/03\/forum-antf-2026-do-rigor-defensivo-a-arte-de-atacar-o-jogo-ganha-forma-no-relvado\/desporto\/20\/28\/","name":"F\u00f3rum ANTF 2026: do rigor defensivo \u00e0 arte de atacar, o jogo ganha forma no relvado - Algarve 7","isPartOf":{"@id":"https:\/\/algarve7.pt\/#website"},"primaryImageOfPage":{"@id":"https:\/\/algarve7.pt\/index.php\/2026\/03\/forum-antf-2026-do-rigor-defensivo-a-arte-de-atacar-o-jogo-ganha-forma-no-relvado\/desporto\/20\/28\/#primaryimage"},"image":{"@id":"https:\/\/algarve7.pt\/index.php\/2026\/03\/forum-antf-2026-do-rigor-defensivo-a-arte-de-atacar-o-jogo-ganha-forma-no-relvado\/desporto\/20\/28\/#primaryimage"},"thumbnailUrl":"https:\/\/algarve7.pt\/wp-content\/uploads\/2026\/03\/DSC07220.jpg","datePublished":"2026-03-30T19:28:26+00:00","dateModified":"2026-03-30T19:28:31+00:00","description":"F\u00f3rum ANTF 2026: do rigor defensivo \u00e0 arte de atacar, o jogo ganha forma no relvado Desporto","breadcrumb":{"@id":"https:\/\/algarve7.pt\/index.php\/2026\/03\/forum-antf-2026-do-rigor-defensivo-a-arte-de-atacar-o-jogo-ganha-forma-no-relvado\/desporto\/20\/28\/#breadcrumb"},"inLanguage":"pt-PT","potentialAction":[{"@type":"ReadAction","target":["https:\/\/algarve7.pt\/index.php\/2026\/03\/forum-antf-2026-do-rigor-defensivo-a-arte-de-atacar-o-jogo-ganha-forma-no-relvado\/desporto\/20\/28\/"]}]},{"@type":"ImageObject","inLanguage":"pt-PT","@id":"https:\/\/algarve7.pt\/index.php\/2026\/03\/forum-antf-2026-do-rigor-defensivo-a-arte-de-atacar-o-jogo-ganha-forma-no-relvado\/desporto\/20\/28\/#primaryimage","url":"https:\/\/algarve7.pt\/wp-content\/uploads\/2026\/03\/DSC07220.jpg","contentUrl":"https:\/\/algarve7.pt\/wp-content\/uploads\/2026\/03\/DSC07220.jpg","width":800,"height":445},{"@type":"BreadcrumbList","@id":"https:\/\/algarve7.pt\/index.php\/2026\/03\/forum-antf-2026-do-rigor-defensivo-a-arte-de-atacar-o-jogo-ganha-forma-no-relvado\/desporto\/20\/28\/#breadcrumb","itemListElement":[{"@type":"ListItem","position":1,"name":"In\u00edcio","item":"https:\/\/algarve7.pt\/"},{"@type":"ListItem","position":2,"name":"F\u00f3rum ANTF 2026: do rigor defensivo \u00e0 arte de atacar, o jogo ganha forma no relvado"}]},{"@type":"WebSite","@id":"https:\/\/algarve7.pt\/#website","url":"https:\/\/algarve7.pt\/","name":"Algarve 7","description":"Informa\u00e7\u00e3o sobre o Algarve","publisher":{"@id":"https:\/\/algarve7.pt\/#organization"},"potentialAction":[{"@type":"SearchAction","target":{"@type":"EntryPoint","urlTemplate":"https:\/\/algarve7.pt\/?s={search_term_string}"},"query-input":{"@type":"PropertyValueSpecification","valueRequired":true,"valueName":"search_term_string"}}],"inLanguage":"pt-PT"},{"@type":"Organization","@id":"https:\/\/algarve7.pt\/#organization","name":"Algarve 7","url":"https:\/\/algarve7.pt\/","logo":{"@type":"ImageObject","inLanguage":"pt-PT","@id":"https:\/\/algarve7.pt\/#\/schema\/logo\/image\/","url":"https:\/\/algarve7.pt\/wp-content\/uploads\/2020\/10\/Logo-8.jpg","contentUrl":"https:\/\/algarve7.pt\/wp-content\/uploads\/2020\/10\/Logo-8.jpg","width":1680,"height":1186,"caption":"Algarve 7"},"image":{"@id":"https:\/\/algarve7.pt\/#\/schema\/logo\/image\/"},"sameAs":["https:\/\/www.facebook.com\/algarve7","https:\/\/x.com\/Algarvesete","https:\/\/www.instagram.com\/jornalalgarve7\/","https:\/\/www.linkedin.com\/company\/algarve7","https:\/\/www.pinterest.pt\/geral0939\/_created\/"]},{"@type":"Person","@id":"https:\/\/algarve7.pt\/#\/schema\/person\/23fa70681308e7b319a3204bcea45e0c","name":"Algarve 7","sameAs":["https:\/\/algarve7.pt","https:\/\/www.facebook.com\/algarve7"],"url":"https:\/\/algarve7.pt\/index.php\/author\/geralalgarve7-pt\/"}]}},"jetpack_publicize_connections":[],"jetpack_featured_media_url":"https:\/\/algarve7.pt\/wp-content\/uploads\/2026\/03\/DSC07220.jpg","jetpack_shortlink":"https:\/\/wp.me\/pcezmW-fK9","jetpack_sharing_enabled":true,"_links":{"self":[{"href":"https:\/\/algarve7.pt\/index.php\/wp-json\/wp\/v2\/posts\/60521","targetHints":{"allow":["GET"]}}],"collection":[{"href":"https:\/\/algarve7.pt\/index.php\/wp-json\/wp\/v2\/posts"}],"about":[{"href":"https:\/\/algarve7.pt\/index.php\/wp-json\/wp\/v2\/types\/post"}],"author":[{"embeddable":true,"href":"https:\/\/algarve7.pt\/index.php\/wp-json\/wp\/v2\/users\/1"}],"replies":[{"embeddable":true,"href":"https:\/\/algarve7.pt\/index.php\/wp-json\/wp\/v2\/comments?post=60521"}],"version-history":[{"count":0,"href":"https:\/\/algarve7.pt\/index.php\/wp-json\/wp\/v2\/posts\/60521\/revisions"}],"wp:featuredmedia":[{"embeddable":true,"href":"https:\/\/algarve7.pt\/index.php\/wp-json\/wp\/v2\/media\/60522"}],"wp:attachment":[{"href":"https:\/\/algarve7.pt\/index.php\/wp-json\/wp\/v2\/media?parent=60521"}],"wp:term":[{"taxonomy":"category","embeddable":true,"href":"https:\/\/algarve7.pt\/index.php\/wp-json\/wp\/v2\/categories?post=60521"},{"taxonomy":"post_tag","embeddable":true,"href":"https:\/\/algarve7.pt\/index.php\/wp-json\/wp\/v2\/tags?post=60521"}],"curies":[{"name":"wp","href":"https:\/\/api.w.org\/{rel}","templated":true}]}}