{"id":60499,"date":"2026-03-31T08:30:00","date_gmt":"2026-03-31T07:30:00","guid":{"rendered":"https:\/\/algarve7.pt\/?p=60499"},"modified":"2026-03-30T15:37:31","modified_gmt":"2026-03-30T14:37:31","slug":"plogging-quarteira-junta-desporto-e-ambiente","status":"publish","type":"post","link":"https:\/\/algarve7.pt\/index.php\/2026\/03\/plogging-quarteira-junta-desporto-e-ambiente\/ambiente\/08\/30\/","title":{"rendered":"Plogging Quarteira junta desporto e ambiente"},"content":{"rendered":"\n<p>Quarteira volta a receber o Plogging Challenge Portugal no pr\u00f3ximo dia 11 de abril, \u00e0s 9h30, com ponto de partida na Pra\u00e7a do Mar. A iniciativa convida a comunidade a participar numa caminhada de cerca de 5 quil\u00f3metros, que alia a pr\u00e1tica de atividade f\u00edsica \u00e0 recolha de res\u00edduos, promovendo h\u00e1bitos mais sustent\u00e1veis e o cuidado com o espa\u00e7o p\u00fablico.<\/p>\n\n\n\n<p>De participa\u00e7\u00e3o livre e sem necessidade de inscri\u00e7\u00e3o, o evento est\u00e1 aberto a todos os que queiram contribuir para um ambiente mais limpo, num esp\u00edrito de partilha e cidadania ativa.<\/p>\n\n\n\n<p>Esta a\u00e7\u00e3o est\u00e1 inserida no evento final da P\u00e1scoa Ativa, dinamizado pela Divis\u00e3o de Associativismo e Eventos Desportivos da C\u00e2mara Municipal de Loul\u00e9, que trar\u00e1 \u00e0 Pra\u00e7a do Mar, a partir das 11h00, um conjunto diversificado de atividades desportivas e de lazer, incluindo aulas de treino funcional, yoga, pilates, capoeira kids e zumba.<\/p>\n\n\n\n<p>O Plogging Quarteira \u00e9, ainda, reconhecido como ecoevento pela ALGAR, refor\u00e7ando o compromisso da iniciativa com boas pr\u00e1ticas ambientais e a sustentabilidade. A organiza\u00e7\u00e3o do evento \u00e9 da Junta de Freguesia com o apoio do Plogging Santa Maria da Feira.<\/p>\n","protected":false},"excerpt":{"rendered":"<p>Quarteira volta a receber o Plogging Challenge Portugal no pr\u00f3ximo dia 11 de abril, \u00e0s 9h30, com ponto de partida<\/p>\n","protected":false},"author":1,"featured_media":60500,"comment_status":"closed","ping_status":"closed","sticky":false,"template":"","format":"standard","meta":{"colormag_page_container_layout":"default_layout","colormag_page_sidebar_layout":"default_layout","_monsterinsights_skip_tracking":false,"_monsterinsights_sitenote_active":false,"_monsterinsights_sitenote_note":"","_monsterinsights_sitenote_category":0,"jetpack_post_was_ever_published":false,"_jetpack_newsletter_access":"","_jetpack_dont_email_post_to_subs":false,"_jetpack_newsletter_tier_id":0,"_jetpack_memberships_contains_paywalled_content":false,"_jetpack_memberships_contains_paid_content":false,"footnotes":"","jetpack_publicize_message":"","jetpack_publicize_feature_enabled":true,"jetpack_social_post_already_shared":true,"jetpack_social_options":{"image_generator_settings":{"template":"highway","default_image_id":0,"font":"","enabled":false},"version":2}},"categories":[5],"tags":[36,32,40,112],"class_list":["post-60499","post","type-post","status-publish","format-standard","has-post-thumbnail","hentry","category-ambiente","tag-algarve","tag-ambiente","tag-desporto","tag-quarteira"],"yoast_head":"<!-- This site is optimized with the Yoast SEO plugin v27.5 - https:\/\/yoast.com\/product\/yoast-seo-wordpress\/ -->\n<title>Plogging Quarteira junta desporto e ambiente - Algarve 7<\/title>\n<meta name=\"description\" content=\"Plogging Quarteira junta desporto e ambiente Ambiente\" \/>\n<meta name=\"robots\" content=\"index, follow, max-snippet:-1, max-image-preview:large, max-video-preview:-1\" \/>\n<link rel=\"canonical\" href=\"https:\/\/algarve7.pt\/index.php\/2026\/03\/plogging-quarteira-junta-desporto-e-ambiente\/ambiente\/08\/30\/\" \/>\n<meta property=\"og:locale\" content=\"pt_PT\" \/>\n<meta property=\"og:type\" content=\"article\" \/>\n<meta property=\"og:title\" content=\"Plogging Quarteira junta desporto e ambiente - Algarve 7\" \/>\n<meta property=\"og:description\" content=\"Plogging Quarteira junta desporto e ambiente Ambiente\" \/>\n<meta property=\"og:url\" content=\"https:\/\/algarve7.pt\/index.php\/2026\/03\/plogging-quarteira-junta-desporto-e-ambiente\/ambiente\/08\/30\/\" \/>\n<meta property=\"og:site_name\" content=\"Algarve 7\" \/>\n<meta property=\"article:publisher\" content=\"https:\/\/www.facebook.com\/algarve7\" \/>\n<meta property=\"article:author\" content=\"https:\/\/www.facebook.com\/algarve7\" \/>\n<meta property=\"article:published_time\" content=\"2026-03-31T07:30:00+00:00\" \/>\n<meta property=\"og:image\" content=\"https:\/\/algarve7.pt\/wp-content\/uploads\/2026\/03\/Captura-de-ecra-2026-03-30-as-15.03.26.png\" \/>\n\t<meta property=\"og:image:width\" content=\"800\" \/>\n\t<meta property=\"og:image:height\" content=\"445\" \/>\n\t<meta property=\"og:image:type\" content=\"image\/png\" \/>\n<meta name=\"author\" content=\"Algarve 7\" \/>\n<meta name=\"twitter:card\" content=\"summary_large_image\" \/>\n<meta name=\"twitter:creator\" content=\"@Algarvesete\" \/>\n<meta name=\"twitter:site\" content=\"@Algarvesete\" \/>\n<meta name=\"twitter:label1\" content=\"Escrito por\" \/>\n\t<meta name=\"twitter:data1\" content=\"Algarve 7\" \/>\n\t<meta name=\"twitter:label2\" content=\"Tempo estimado de leitura\" \/>\n\t<meta name=\"twitter:data2\" content=\"2 minutos\" \/>\n<script type=\"application\/ld+json\" class=\"yoast-schema-graph\">{\"@context\":\"https:\\\/\\\/schema.org\",\"@graph\":[{\"@type\":\"Article\",\"@id\":\"https:\\\/\\\/algarve7.pt\\\/index.php\\\/2026\\\/03\\\/plogging-quarteira-junta-desporto-e-ambiente\\\/ambiente\\\/08\\\/30\\\/#article\",\"isPartOf\":{\"@id\":\"https:\\\/\\\/algarve7.pt\\\/index.php\\\/2026\\\/03\\\/plogging-quarteira-junta-desporto-e-ambiente\\\/ambiente\\\/08\\\/30\\\/\"},\"author\":{\"name\":\"Algarve 7\",\"@id\":\"https:\\\/\\\/algarve7.pt\\\/#\\\/schema\\\/person\\\/23fa70681308e7b319a3204bcea45e0c\"},\"headline\":\"Plogging Quarteira junta desporto e ambiente\",\"datePublished\":\"2026-03-31T07:30:00+00:00\",\"mainEntityOfPage\":{\"@id\":\"https:\\\/\\\/algarve7.pt\\\/index.php\\\/2026\\\/03\\\/plogging-quarteira-junta-desporto-e-ambiente\\\/ambiente\\\/08\\\/30\\\/\"},\"wordCount\":204,\"publisher\":{\"@id\":\"https:\\\/\\\/algarve7.pt\\\/#organization\"},\"image\":{\"@id\":\"https:\\\/\\\/algarve7.pt\\\/index.php\\\/2026\\\/03\\\/plogging-quarteira-junta-desporto-e-ambiente\\\/ambiente\\\/08\\\/30\\\/#primaryimage\"},\"thumbnailUrl\":\"https:\\\/\\\/algarve7.pt\\\/wp-content\\\/uploads\\\/2026\\\/03\\\/Captura-de-ecra-2026-03-30-as-15.03.26.png\",\"keywords\":[\"Algarve\",\"Ambiente\",\"Desporto\",\"Quarteira\"],\"articleSection\":[\"Ambiente\"],\"inLanguage\":\"pt-PT\"},{\"@type\":\"WebPage\",\"@id\":\"https:\\\/\\\/algarve7.pt\\\/index.php\\\/2026\\\/03\\\/plogging-quarteira-junta-desporto-e-ambiente\\\/ambiente\\\/08\\\/30\\\/\",\"url\":\"https:\\\/\\\/algarve7.pt\\\/index.php\\\/2026\\\/03\\\/plogging-quarteira-junta-desporto-e-ambiente\\\/ambiente\\\/08\\\/30\\\/\",\"name\":\"Plogging Quarteira junta desporto e ambiente - Algarve 7\",\"isPartOf\":{\"@id\":\"https:\\\/\\\/algarve7.pt\\\/#website\"},\"primaryImageOfPage\":{\"@id\":\"https:\\\/\\\/algarve7.pt\\\/index.php\\\/2026\\\/03\\\/plogging-quarteira-junta-desporto-e-ambiente\\\/ambiente\\\/08\\\/30\\\/#primaryimage\"},\"image\":{\"@id\":\"https:\\\/\\\/algarve7.pt\\\/index.php\\\/2026\\\/03\\\/plogging-quarteira-junta-desporto-e-ambiente\\\/ambiente\\\/08\\\/30\\\/#primaryimage\"},\"thumbnailUrl\":\"https:\\\/\\\/algarve7.pt\\\/wp-content\\\/uploads\\\/2026\\\/03\\\/Captura-de-ecra-2026-03-30-as-15.03.26.png\",\"datePublished\":\"2026-03-31T07:30:00+00:00\",\"description\":\"Plogging Quarteira junta desporto e ambiente Ambiente\",\"breadcrumb\":{\"@id\":\"https:\\\/\\\/algarve7.pt\\\/index.php\\\/2026\\\/03\\\/plogging-quarteira-junta-desporto-e-ambiente\\\/ambiente\\\/08\\\/30\\\/#breadcrumb\"},\"inLanguage\":\"pt-PT\",\"potentialAction\":[{\"@type\":\"ReadAction\",\"target\":[\"https:\\\/\\\/algarve7.pt\\\/index.php\\\/2026\\\/03\\\/plogging-quarteira-junta-desporto-e-ambiente\\\/ambiente\\\/08\\\/30\\\/\"]}]},{\"@type\":\"ImageObject\",\"inLanguage\":\"pt-PT\",\"@id\":\"https:\\\/\\\/algarve7.pt\\\/index.php\\\/2026\\\/03\\\/plogging-quarteira-junta-desporto-e-ambiente\\\/ambiente\\\/08\\\/30\\\/#primaryimage\",\"url\":\"https:\\\/\\\/algarve7.pt\\\/wp-content\\\/uploads\\\/2026\\\/03\\\/Captura-de-ecra-2026-03-30-as-15.03.26.png\",\"contentUrl\":\"https:\\\/\\\/algarve7.pt\\\/wp-content\\\/uploads\\\/2026\\\/03\\\/Captura-de-ecra-2026-03-30-as-15.03.26.png\",\"width\":800,\"height\":445},{\"@type\":\"BreadcrumbList\",\"@id\":\"https:\\\/\\\/algarve7.pt\\\/index.php\\\/2026\\\/03\\\/plogging-quarteira-junta-desporto-e-ambiente\\\/ambiente\\\/08\\\/30\\\/#breadcrumb\",\"itemListElement\":[{\"@type\":\"ListItem\",\"position\":1,\"name\":\"In\u00edcio\",\"item\":\"https:\\\/\\\/algarve7.pt\\\/\"},{\"@type\":\"ListItem\",\"position\":2,\"name\":\"Plogging Quarteira junta desporto e ambiente\"}]},{\"@type\":\"WebSite\",\"@id\":\"https:\\\/\\\/algarve7.pt\\\/#website\",\"url\":\"https:\\\/\\\/algarve7.pt\\\/\",\"name\":\"Algarve 7\",\"description\":\"Informa\u00e7\u00e3o sobre o Algarve\",\"publisher\":{\"@id\":\"https:\\\/\\\/algarve7.pt\\\/#organization\"},\"potentialAction\":[{\"@type\":\"SearchAction\",\"target\":{\"@type\":\"EntryPoint\",\"urlTemplate\":\"https:\\\/\\\/algarve7.pt\\\/?s={search_term_string}\"},\"query-input\":{\"@type\":\"PropertyValueSpecification\",\"valueRequired\":true,\"valueName\":\"search_term_string\"}}],\"inLanguage\":\"pt-PT\"},{\"@type\":\"Organization\",\"@id\":\"https:\\\/\\\/algarve7.pt\\\/#organization\",\"name\":\"Algarve 7\",\"url\":\"https:\\\/\\\/algarve7.pt\\\/\",\"logo\":{\"@type\":\"ImageObject\",\"inLanguage\":\"pt-PT\",\"@id\":\"https:\\\/\\\/algarve7.pt\\\/#\\\/schema\\\/logo\\\/image\\\/\",\"url\":\"https:\\\/\\\/algarve7.pt\\\/wp-content\\\/uploads\\\/2020\\\/10\\\/Logo-8.jpg\",\"contentUrl\":\"https:\\\/\\\/algarve7.pt\\\/wp-content\\\/uploads\\\/2020\\\/10\\\/Logo-8.jpg\",\"width\":1680,\"height\":1186,\"caption\":\"Algarve 7\"},\"image\":{\"@id\":\"https:\\\/\\\/algarve7.pt\\\/#\\\/schema\\\/logo\\\/image\\\/\"},\"sameAs\":[\"https:\\\/\\\/www.facebook.com\\\/algarve7\",\"https:\\\/\\\/x.com\\\/Algarvesete\",\"https:\\\/\\\/www.instagram.com\\\/jornalalgarve7\\\/\",\"https:\\\/\\\/www.linkedin.com\\\/company\\\/algarve7\",\"https:\\\/\\\/www.pinterest.pt\\\/geral0939\\\/_created\\\/\"]},{\"@type\":\"Person\",\"@id\":\"https:\\\/\\\/algarve7.pt\\\/#\\\/schema\\\/person\\\/23fa70681308e7b319a3204bcea45e0c\",\"name\":\"Algarve 7\",\"sameAs\":[\"https:\\\/\\\/algarve7.pt\",\"https:\\\/\\\/www.facebook.com\\\/algarve7\"],\"url\":\"https:\\\/\\\/algarve7.pt\\\/index.php\\\/author\\\/geralalgarve7-pt\\\/\"}]}<\/script>\n<!-- \/ Yoast SEO plugin. -->","yoast_head_json":{"title":"Plogging Quarteira junta desporto e ambiente - Algarve 7","description":"Plogging Quarteira junta desporto e ambiente Ambiente","robots":{"index":"index","follow":"follow","max-snippet":"max-snippet:-1","max-image-preview":"max-image-preview:large","max-video-preview":"max-video-preview:-1"},"canonical":"https:\/\/algarve7.pt\/index.php\/2026\/03\/plogging-quarteira-junta-desporto-e-ambiente\/ambiente\/08\/30\/","og_locale":"pt_PT","og_type":"article","og_title":"Plogging Quarteira junta desporto e ambiente - Algarve 7","og_description":"Plogging Quarteira junta desporto e ambiente Ambiente","og_url":"https:\/\/algarve7.pt\/index.php\/2026\/03\/plogging-quarteira-junta-desporto-e-ambiente\/ambiente\/08\/30\/","og_site_name":"Algarve 7","article_publisher":"https:\/\/www.facebook.com\/algarve7","article_author":"https:\/\/www.facebook.com\/algarve7","article_published_time":"2026-03-31T07:30:00+00:00","og_image":[{"width":800,"height":445,"url":"https:\/\/algarve7.pt\/wp-content\/uploads\/2026\/03\/Captura-de-ecra-2026-03-30-as-15.03.26.png","type":"image\/png"}],"author":"Algarve 7","twitter_card":"summary_large_image","twitter_creator":"@Algarvesete","twitter_site":"@Algarvesete","twitter_misc":{"Escrito por":"Algarve 7","Tempo estimado de leitura":"2 minutos"},"schema":{"@context":"https:\/\/schema.org","@graph":[{"@type":"Article","@id":"https:\/\/algarve7.pt\/index.php\/2026\/03\/plogging-quarteira-junta-desporto-e-ambiente\/ambiente\/08\/30\/#article","isPartOf":{"@id":"https:\/\/algarve7.pt\/index.php\/2026\/03\/plogging-quarteira-junta-desporto-e-ambiente\/ambiente\/08\/30\/"},"author":{"name":"Algarve 7","@id":"https:\/\/algarve7.pt\/#\/schema\/person\/23fa70681308e7b319a3204bcea45e0c"},"headline":"Plogging Quarteira junta desporto e ambiente","datePublished":"2026-03-31T07:30:00+00:00","mainEntityOfPage":{"@id":"https:\/\/algarve7.pt\/index.php\/2026\/03\/plogging-quarteira-junta-desporto-e-ambiente\/ambiente\/08\/30\/"},"wordCount":204,"publisher":{"@id":"https:\/\/algarve7.pt\/#organization"},"image":{"@id":"https:\/\/algarve7.pt\/index.php\/2026\/03\/plogging-quarteira-junta-desporto-e-ambiente\/ambiente\/08\/30\/#primaryimage"},"thumbnailUrl":"https:\/\/algarve7.pt\/wp-content\/uploads\/2026\/03\/Captura-de-ecra-2026-03-30-as-15.03.26.png","keywords":["Algarve","Ambiente","Desporto","Quarteira"],"articleSection":["Ambiente"],"inLanguage":"pt-PT"},{"@type":"WebPage","@id":"https:\/\/algarve7.pt\/index.php\/2026\/03\/plogging-quarteira-junta-desporto-e-ambiente\/ambiente\/08\/30\/","url":"https:\/\/algarve7.pt\/index.php\/2026\/03\/plogging-quarteira-junta-desporto-e-ambiente\/ambiente\/08\/30\/","name":"Plogging Quarteira junta desporto e ambiente - Algarve 7","isPartOf":{"@id":"https:\/\/algarve7.pt\/#website"},"primaryImageOfPage":{"@id":"https:\/\/algarve7.pt\/index.php\/2026\/03\/plogging-quarteira-junta-desporto-e-ambiente\/ambiente\/08\/30\/#primaryimage"},"image":{"@id":"https:\/\/algarve7.pt\/index.php\/2026\/03\/plogging-quarteira-junta-desporto-e-ambiente\/ambiente\/08\/30\/#primaryimage"},"thumbnailUrl":"https:\/\/algarve7.pt\/wp-content\/uploads\/2026\/03\/Captura-de-ecra-2026-03-30-as-15.03.26.png","datePublished":"2026-03-31T07:30:00+00:00","description":"Plogging Quarteira junta desporto e ambiente Ambiente","breadcrumb":{"@id":"https:\/\/algarve7.pt\/index.php\/2026\/03\/plogging-quarteira-junta-desporto-e-ambiente\/ambiente\/08\/30\/#breadcrumb"},"inLanguage":"pt-PT","potentialAction":[{"@type":"ReadAction","target":["https:\/\/algarve7.pt\/index.php\/2026\/03\/plogging-quarteira-junta-desporto-e-ambiente\/ambiente\/08\/30\/"]}]},{"@type":"ImageObject","inLanguage":"pt-PT","@id":"https:\/\/algarve7.pt\/index.php\/2026\/03\/plogging-quarteira-junta-desporto-e-ambiente\/ambiente\/08\/30\/#primaryimage","url":"https:\/\/algarve7.pt\/wp-content\/uploads\/2026\/03\/Captura-de-ecra-2026-03-30-as-15.03.26.png","contentUrl":"https:\/\/algarve7.pt\/wp-content\/uploads\/2026\/03\/Captura-de-ecra-2026-03-30-as-15.03.26.png","width":800,"height":445},{"@type":"BreadcrumbList","@id":"https:\/\/algarve7.pt\/index.php\/2026\/03\/plogging-quarteira-junta-desporto-e-ambiente\/ambiente\/08\/30\/#breadcrumb","itemListElement":[{"@type":"ListItem","position":1,"name":"In\u00edcio","item":"https:\/\/algarve7.pt\/"},{"@type":"ListItem","position":2,"name":"Plogging Quarteira junta desporto e ambiente"}]},{"@type":"WebSite","@id":"https:\/\/algarve7.pt\/#website","url":"https:\/\/algarve7.pt\/","name":"Algarve 7","description":"Informa\u00e7\u00e3o sobre o Algarve","publisher":{"@id":"https:\/\/algarve7.pt\/#organization"},"potentialAction":[{"@type":"SearchAction","target":{"@type":"EntryPoint","urlTemplate":"https:\/\/algarve7.pt\/?s={search_term_string}"},"query-input":{"@type":"PropertyValueSpecification","valueRequired":true,"valueName":"search_term_string"}}],"inLanguage":"pt-PT"},{"@type":"Organization","@id":"https:\/\/algarve7.pt\/#organization","name":"Algarve 7","url":"https:\/\/algarve7.pt\/","logo":{"@type":"ImageObject","inLanguage":"pt-PT","@id":"https:\/\/algarve7.pt\/#\/schema\/logo\/image\/","url":"https:\/\/algarve7.pt\/wp-content\/uploads\/2020\/10\/Logo-8.jpg","contentUrl":"https:\/\/algarve7.pt\/wp-content\/uploads\/2020\/10\/Logo-8.jpg","width":1680,"height":1186,"caption":"Algarve 7"},"image":{"@id":"https:\/\/algarve7.pt\/#\/schema\/logo\/image\/"},"sameAs":["https:\/\/www.facebook.com\/algarve7","https:\/\/x.com\/Algarvesete","https:\/\/www.instagram.com\/jornalalgarve7\/","https:\/\/www.linkedin.com\/company\/algarve7","https:\/\/www.pinterest.pt\/geral0939\/_created\/"]},{"@type":"Person","@id":"https:\/\/algarve7.pt\/#\/schema\/person\/23fa70681308e7b319a3204bcea45e0c","name":"Algarve 7","sameAs":["https:\/\/algarve7.pt","https:\/\/www.facebook.com\/algarve7"],"url":"https:\/\/algarve7.pt\/index.php\/author\/geralalgarve7-pt\/"}]}},"jetpack_publicize_connections":[],"jetpack_featured_media_url":"https:\/\/algarve7.pt\/wp-content\/uploads\/2026\/03\/Captura-de-ecra-2026-03-30-as-15.03.26.png","jetpack_shortlink":"https:\/\/wp.me\/pcezmW-fJN","jetpack_sharing_enabled":true,"_links":{"self":[{"href":"https:\/\/algarve7.pt\/index.php\/wp-json\/wp\/v2\/posts\/60499","targetHints":{"allow":["GET"]}}],"collection":[{"href":"https:\/\/algarve7.pt\/index.php\/wp-json\/wp\/v2\/posts"}],"about":[{"href":"https:\/\/algarve7.pt\/index.php\/wp-json\/wp\/v2\/types\/post"}],"author":[{"embeddable":true,"href":"https:\/\/algarve7.pt\/index.php\/wp-json\/wp\/v2\/users\/1"}],"replies":[{"embeddable":true,"href":"https:\/\/algarve7.pt\/index.php\/wp-json\/wp\/v2\/comments?post=60499"}],"version-history":[{"count":0,"href":"https:\/\/algarve7.pt\/index.php\/wp-json\/wp\/v2\/posts\/60499\/revisions"}],"wp:featuredmedia":[{"embeddable":true,"href":"https:\/\/algarve7.pt\/index.php\/wp-json\/wp\/v2\/media\/60500"}],"wp:attachment":[{"href":"https:\/\/algarve7.pt\/index.php\/wp-json\/wp\/v2\/media?parent=60499"}],"wp:term":[{"taxonomy":"category","embeddable":true,"href":"https:\/\/algarve7.pt\/index.php\/wp-json\/wp\/v2\/categories?post=60499"},{"taxonomy":"post_tag","embeddable":true,"href":"https:\/\/algarve7.pt\/index.php\/wp-json\/wp\/v2\/tags?post=60499"}],"curies":[{"name":"wp","href":"https:\/\/api.w.org\/{rel}","templated":true}]}}