{"id":60337,"date":"2026-03-26T09:14:00","date_gmt":"2026-03-26T09:14:00","guid":{"rendered":"https:\/\/algarve7.pt\/?p=60337"},"modified":"2026-03-25T11:20:06","modified_gmt":"2026-03-25T11:20:06","slug":"mundial-superbike-pirelli-com-novo-pneu-dianteiro-em-portimao","status":"publish","type":"post","link":"https:\/\/algarve7.pt\/index.php\/2026\/03\/mundial-superbike-pirelli-com-novo-pneu-dianteiro-em-portimao\/desporto\/09\/14\/","title":{"rendered":"Mundial Superbike: Pirelli com novo pneu dianteiro em Portim\u00e3o\u00a0"},"content":{"rendered":"\n<p>Com a segunda etapa do\u00a0<strong>Campeonato do Mundo de Superbike<\/strong>\u00a0a aproximar-se, os pilotos preparam-se para entrar em pista, onde a Pirelli os equipou com algumas novidades. Al\u00e9m das op\u00e7\u00f5es standard, a ronda no\u00a0<strong>Aut\u00f3dromo Internacional do Algarve\u00a0<\/strong>contar\u00e1 com a estreia de um novo pneu macio, que estar\u00e1 dispon\u00edvel ao lado do\u00a0<strong>SC1 standard<\/strong>.<br><br><strong>SOLU\u00c7\u00d5ES PARA O PNEU TRASEIRO<\/strong><br>Tr\u00eas op\u00e7\u00f5es dispon\u00edveis:\u00a0<strong>SCX<\/strong>,\u00a0<strong>SC0<\/strong>\u00a0e\u00a0<strong>SC1<\/strong>. A\u00a0<strong>Pirelli<\/strong>\u00a0confirmou que, tal como nos anos anteriores, o pneu supermacio\u00a0<strong>SCX<\/strong>\u00a0\u2013 conhecido na \u00e9poca passada como o pneu de desenvolvimento E0126 \u2013 estar\u00e1 dispon\u00edvel no lugar do\u00a0<strong>SCQ<\/strong>\u00a0na\u00a0<strong>Superpole<\/strong>\u00a0e na\u00a0<strong>Superpole Race<\/strong>. O tra\u00e7ado exigente de\u00a0<strong>Portim\u00e3o<\/strong>, principalmente sobre o lado direito do pneu, costuma provocar mais derrapagem da roda traseira e maior desgaste do pneu. Nas corridas de longa dura\u00e7\u00e3o, os pilotos poder\u00e3o escolher entre o pneu macio\u00a0<strong>SC0<\/strong>\u00a0e o pneu m\u00e9dio\u00a0<strong>SC1<\/strong>. Este \u00faltimo, anteriormente conhecido como pneu de desenvolvimento\u00a0<strong>D0286<\/strong>, foi promovido \u00e0 op\u00e7\u00e3o padr\u00e3o de pneu m\u00e9dio.<br><br><strong>SOLU\u00c7\u00d5ES PARA PNEUS DIANTEIROS<\/strong><br>Nova variedade de desenvolvimento\u00a0<strong>SC1<\/strong>. Na dianteira, os pilotos\u00a0poder\u00e3o escolher entre o pneu m\u00e9dio padr\u00e3o\u00a0<strong>SC2<\/strong>, o macio\u00a0<strong>SC1<\/strong>\u00a0e o pneu dianteiro de desenvolvimento\u00a0<strong>E1164<\/strong>. A variedade de desenvolvimento foi meticulosamente concebida com uma nova estrutura e composto de borracha, oferecendo \u00e0s equipas uma nova op\u00e7\u00e3o suave e din\u00e2mica, para al\u00e9m das j\u00e1 consagradas solu\u00e7\u00f5es\u00a0<strong>SC1<\/strong>\u00a0e\u00a0<strong>SC2<\/strong>.<br><br><strong>ALOCA\u00c7\u00c3O DO MUNDIAL DE SUPERSPORT<\/strong><br>O\u00a0<strong>Mundial de Supersport<\/strong>\u00a0regressa \u00e0s pistas ap\u00f3s a ronda de abertura em Phillip Island e, em\u00a0<strong>Portim\u00e3o<\/strong>, a grelha\u00a0<strong>SSP<\/strong>\u00a0poder\u00e1 escolher entre as op\u00e7\u00f5es\u00a0<strong>SC1<\/strong>\u00a0macio e\u00a0<strong>SC2<\/strong>\u00a0m\u00e9dio na dianteira. Na traseira, as equipas poder\u00e3o escolher entre o\u00a0<strong>SC0<\/strong>\u00a0macio e o\u00a0<strong>SC1<\/strong>m\u00e9dio. A mais recente categoria do paddock, a Sportbike, tamb\u00e9m far\u00e1 a sua estreia\u00a0com as suas curvas a alta velocidade, e os pilotos estar\u00e3o equipados com pneus\u00a0<strong>SC1<\/strong>\u00a0tanto \u00e0 frente como atr\u00e1s, com medidas\u00a0<strong>120\/70<\/strong>\u00a0\u00e0 frente e\u00a0<strong>180\/60<\/strong>\u00a0atr\u00e1s.<br><br><strong>BARBIER SOBRE AS SOLU\u00c7\u00d5ES DE PNEUS DA PIRELLI<\/strong><br>\u201cA alternativa ao pneu macio\u00a0<strong>SC1<\/strong>\u00a0padr\u00e3o apresenta uma estrutura inovadora concebida para aumentar a estabilidade na travagem e na entrada de curvas.\u201d Sobre as solu\u00e7\u00f5es que ele e o resto da\u00a0<strong>Pirelli<\/strong>\u00a0propuseram, o\u00a0<strong>Diretor de Competi\u00e7\u00e3o\u00a0<\/strong>da<strong>\u00a0Pirelli<\/strong>,\u00a0<strong>Giorgio Barbier<\/strong>, afirmou: \u201cEmbora tiv\u00e9ssemos duas op\u00e7\u00f5es de desenvolvimento para o pneu traseiro dispon\u00edveis em\u00a0<strong>Phillip Island<\/strong>, para a primeira etapa europeia\u00a0decidimos concentrar-nos em melhorar a nossa gama de pneus dianteiros, desenvolvendo a especifica\u00e7\u00e3o\u00a0<strong>E1164<\/strong>. Esta alternativa ao pneu macio\u00a0<strong>SC1<\/strong>\u00a0de s\u00e9rie apresenta uma estrutura inovadora concebida para aumentar a estabilidade na travagem e na entrada de curvas,\u00a0novo composto que visa proporcionar um desempenho mais consistente ao longo da corrida. O circuito do\u00a0<strong>Algarve<\/strong>, com as suas caracter\u00edsticas e varia\u00e7\u00f5es de altitude\u00a0coloca\u00a0um stress significativo sobre os pneus dianteiros durante a travagem, e \u00e9 por isso mesmo particularmente adequado para testar o desempenho de um novo pneu dianteiro.\u201d refere ainda o italiano.<\/p>\n","protected":false},"excerpt":{"rendered":"<p>Com a segunda etapa do\u00a0Campeonato do Mundo de Superbike\u00a0a aproximar-se, os pilotos preparam-se para entrar em pista, onde a Pirelli<\/p>\n","protected":false},"author":1,"featured_media":60338,"comment_status":"closed","ping_status":"closed","sticky":false,"template":"","format":"standard","meta":{"colormag_page_container_layout":"default_layout","colormag_page_sidebar_layout":"default_layout","_monsterinsights_skip_tracking":false,"_monsterinsights_sitenote_active":false,"_monsterinsights_sitenote_note":"","_monsterinsights_sitenote_category":0,"jetpack_post_was_ever_published":false,"_jetpack_newsletter_access":"","_jetpack_dont_email_post_to_subs":false,"_jetpack_newsletter_tier_id":0,"_jetpack_memberships_contains_paywalled_content":false,"_jetpack_memberships_contains_paid_content":false,"footnotes":"","jetpack_publicize_message":"","jetpack_publicize_feature_enabled":true,"jetpack_social_post_already_shared":true,"jetpack_social_options":{"image_generator_settings":{"template":"highway","default_image_id":0,"font":"","enabled":false},"version":2}},"categories":[15],"tags":[36,40,72,453],"class_list":["post-60337","post","type-post","status-publish","format-standard","has-post-thumbnail","hentry","category-desporto","tag-algarve","tag-desporto","tag-portimao","tag-superbike"],"yoast_head":"<!-- This site is optimized with the Yoast SEO plugin v27.5 - https:\/\/yoast.com\/product\/yoast-seo-wordpress\/ -->\n<title>Mundial Superbike: Pirelli com novo pneu dianteiro em Portim\u00e3o\u00a0 - Algarve 7<\/title>\n<meta name=\"description\" content=\"Mundial Superbike: Pirelli com novo pneu dianteiro em Portim\u00e3o\u00a0 Desporto\" \/>\n<meta name=\"robots\" content=\"index, follow, max-snippet:-1, max-image-preview:large, max-video-preview:-1\" \/>\n<link rel=\"canonical\" href=\"https:\/\/algarve7.pt\/index.php\/2026\/03\/mundial-superbike-pirelli-com-novo-pneu-dianteiro-em-portimao\/desporto\/09\/14\/\" \/>\n<meta property=\"og:locale\" content=\"pt_PT\" \/>\n<meta property=\"og:type\" content=\"article\" \/>\n<meta property=\"og:title\" content=\"Mundial Superbike: Pirelli com novo pneu dianteiro em Portim\u00e3o\u00a0 - Algarve 7\" \/>\n<meta property=\"og:description\" content=\"Mundial Superbike: Pirelli com novo pneu dianteiro em Portim\u00e3o\u00a0 Desporto\" \/>\n<meta property=\"og:url\" content=\"https:\/\/algarve7.pt\/index.php\/2026\/03\/mundial-superbike-pirelli-com-novo-pneu-dianteiro-em-portimao\/desporto\/09\/14\/\" \/>\n<meta property=\"og:site_name\" content=\"Algarve 7\" \/>\n<meta property=\"article:publisher\" content=\"https:\/\/www.facebook.com\/algarve7\" \/>\n<meta property=\"article:author\" content=\"https:\/\/www.facebook.com\/algarve7\" \/>\n<meta property=\"article:published_time\" content=\"2026-03-26T09:14:00+00:00\" \/>\n<meta property=\"og:image\" content=\"https:\/\/algarve7.pt\/wp-content\/uploads\/2026\/03\/d5bab1ee-7140-c212-3eb6-a636b2d45015.jpg\" \/>\n\t<meta property=\"og:image:width\" content=\"800\" \/>\n\t<meta property=\"og:image:height\" content=\"445\" \/>\n\t<meta property=\"og:image:type\" content=\"image\/jpeg\" \/>\n<meta name=\"author\" content=\"Algarve 7\" \/>\n<meta name=\"twitter:card\" content=\"summary_large_image\" \/>\n<meta name=\"twitter:creator\" content=\"@Algarvesete\" \/>\n<meta name=\"twitter:site\" content=\"@Algarvesete\" \/>\n<meta name=\"twitter:label1\" content=\"Escrito por\" \/>\n\t<meta name=\"twitter:data1\" content=\"Algarve 7\" \/>\n\t<meta name=\"twitter:label2\" content=\"Tempo estimado de leitura\" \/>\n\t<meta name=\"twitter:data2\" content=\"3 minutos\" \/>\n<script type=\"application\/ld+json\" class=\"yoast-schema-graph\">{\"@context\":\"https:\\\/\\\/schema.org\",\"@graph\":[{\"@type\":\"Article\",\"@id\":\"https:\\\/\\\/algarve7.pt\\\/index.php\\\/2026\\\/03\\\/mundial-superbike-pirelli-com-novo-pneu-dianteiro-em-portimao\\\/desporto\\\/09\\\/14\\\/#article\",\"isPartOf\":{\"@id\":\"https:\\\/\\\/algarve7.pt\\\/index.php\\\/2026\\\/03\\\/mundial-superbike-pirelli-com-novo-pneu-dianteiro-em-portimao\\\/desporto\\\/09\\\/14\\\/\"},\"author\":{\"name\":\"Algarve 7\",\"@id\":\"https:\\\/\\\/algarve7.pt\\\/#\\\/schema\\\/person\\\/23fa70681308e7b319a3204bcea45e0c\"},\"headline\":\"Mundial Superbike: Pirelli com novo pneu dianteiro em Portim\u00e3o\u00a0\",\"datePublished\":\"2026-03-26T09:14:00+00:00\",\"mainEntityOfPage\":{\"@id\":\"https:\\\/\\\/algarve7.pt\\\/index.php\\\/2026\\\/03\\\/mundial-superbike-pirelli-com-novo-pneu-dianteiro-em-portimao\\\/desporto\\\/09\\\/14\\\/\"},\"wordCount\":534,\"publisher\":{\"@id\":\"https:\\\/\\\/algarve7.pt\\\/#organization\"},\"image\":{\"@id\":\"https:\\\/\\\/algarve7.pt\\\/index.php\\\/2026\\\/03\\\/mundial-superbike-pirelli-com-novo-pneu-dianteiro-em-portimao\\\/desporto\\\/09\\\/14\\\/#primaryimage\"},\"thumbnailUrl\":\"https:\\\/\\\/algarve7.pt\\\/wp-content\\\/uploads\\\/2026\\\/03\\\/d5bab1ee-7140-c212-3eb6-a636b2d45015.jpg\",\"keywords\":[\"Algarve\",\"Desporto\",\"Portim\u00e3o\",\"Superbike\"],\"articleSection\":[\"Desporto\"],\"inLanguage\":\"pt-PT\"},{\"@type\":\"WebPage\",\"@id\":\"https:\\\/\\\/algarve7.pt\\\/index.php\\\/2026\\\/03\\\/mundial-superbike-pirelli-com-novo-pneu-dianteiro-em-portimao\\\/desporto\\\/09\\\/14\\\/\",\"url\":\"https:\\\/\\\/algarve7.pt\\\/index.php\\\/2026\\\/03\\\/mundial-superbike-pirelli-com-novo-pneu-dianteiro-em-portimao\\\/desporto\\\/09\\\/14\\\/\",\"name\":\"Mundial Superbike: Pirelli com novo pneu dianteiro em Portim\u00e3o\u00a0 - Algarve 7\",\"isPartOf\":{\"@id\":\"https:\\\/\\\/algarve7.pt\\\/#website\"},\"primaryImageOfPage\":{\"@id\":\"https:\\\/\\\/algarve7.pt\\\/index.php\\\/2026\\\/03\\\/mundial-superbike-pirelli-com-novo-pneu-dianteiro-em-portimao\\\/desporto\\\/09\\\/14\\\/#primaryimage\"},\"image\":{\"@id\":\"https:\\\/\\\/algarve7.pt\\\/index.php\\\/2026\\\/03\\\/mundial-superbike-pirelli-com-novo-pneu-dianteiro-em-portimao\\\/desporto\\\/09\\\/14\\\/#primaryimage\"},\"thumbnailUrl\":\"https:\\\/\\\/algarve7.pt\\\/wp-content\\\/uploads\\\/2026\\\/03\\\/d5bab1ee-7140-c212-3eb6-a636b2d45015.jpg\",\"datePublished\":\"2026-03-26T09:14:00+00:00\",\"description\":\"Mundial Superbike: Pirelli com novo pneu dianteiro em Portim\u00e3o\u00a0 Desporto\",\"breadcrumb\":{\"@id\":\"https:\\\/\\\/algarve7.pt\\\/index.php\\\/2026\\\/03\\\/mundial-superbike-pirelli-com-novo-pneu-dianteiro-em-portimao\\\/desporto\\\/09\\\/14\\\/#breadcrumb\"},\"inLanguage\":\"pt-PT\",\"potentialAction\":[{\"@type\":\"ReadAction\",\"target\":[\"https:\\\/\\\/algarve7.pt\\\/index.php\\\/2026\\\/03\\\/mundial-superbike-pirelli-com-novo-pneu-dianteiro-em-portimao\\\/desporto\\\/09\\\/14\\\/\"]}]},{\"@type\":\"ImageObject\",\"inLanguage\":\"pt-PT\",\"@id\":\"https:\\\/\\\/algarve7.pt\\\/index.php\\\/2026\\\/03\\\/mundial-superbike-pirelli-com-novo-pneu-dianteiro-em-portimao\\\/desporto\\\/09\\\/14\\\/#primaryimage\",\"url\":\"https:\\\/\\\/algarve7.pt\\\/wp-content\\\/uploads\\\/2026\\\/03\\\/d5bab1ee-7140-c212-3eb6-a636b2d45015.jpg\",\"contentUrl\":\"https:\\\/\\\/algarve7.pt\\\/wp-content\\\/uploads\\\/2026\\\/03\\\/d5bab1ee-7140-c212-3eb6-a636b2d45015.jpg\",\"width\":800,\"height\":445},{\"@type\":\"BreadcrumbList\",\"@id\":\"https:\\\/\\\/algarve7.pt\\\/index.php\\\/2026\\\/03\\\/mundial-superbike-pirelli-com-novo-pneu-dianteiro-em-portimao\\\/desporto\\\/09\\\/14\\\/#breadcrumb\",\"itemListElement\":[{\"@type\":\"ListItem\",\"position\":1,\"name\":\"In\u00edcio\",\"item\":\"https:\\\/\\\/algarve7.pt\\\/\"},{\"@type\":\"ListItem\",\"position\":2,\"name\":\"Mundial Superbike: Pirelli com novo pneu dianteiro em Portim\u00e3o\u00a0\"}]},{\"@type\":\"WebSite\",\"@id\":\"https:\\\/\\\/algarve7.pt\\\/#website\",\"url\":\"https:\\\/\\\/algarve7.pt\\\/\",\"name\":\"Algarve 7\",\"description\":\"Informa\u00e7\u00e3o sobre o Algarve\",\"publisher\":{\"@id\":\"https:\\\/\\\/algarve7.pt\\\/#organization\"},\"potentialAction\":[{\"@type\":\"SearchAction\",\"target\":{\"@type\":\"EntryPoint\",\"urlTemplate\":\"https:\\\/\\\/algarve7.pt\\\/?s={search_term_string}\"},\"query-input\":{\"@type\":\"PropertyValueSpecification\",\"valueRequired\":true,\"valueName\":\"search_term_string\"}}],\"inLanguage\":\"pt-PT\"},{\"@type\":\"Organization\",\"@id\":\"https:\\\/\\\/algarve7.pt\\\/#organization\",\"name\":\"Algarve 7\",\"url\":\"https:\\\/\\\/algarve7.pt\\\/\",\"logo\":{\"@type\":\"ImageObject\",\"inLanguage\":\"pt-PT\",\"@id\":\"https:\\\/\\\/algarve7.pt\\\/#\\\/schema\\\/logo\\\/image\\\/\",\"url\":\"https:\\\/\\\/algarve7.pt\\\/wp-content\\\/uploads\\\/2020\\\/10\\\/Logo-8.jpg\",\"contentUrl\":\"https:\\\/\\\/algarve7.pt\\\/wp-content\\\/uploads\\\/2020\\\/10\\\/Logo-8.jpg\",\"width\":1680,\"height\":1186,\"caption\":\"Algarve 7\"},\"image\":{\"@id\":\"https:\\\/\\\/algarve7.pt\\\/#\\\/schema\\\/logo\\\/image\\\/\"},\"sameAs\":[\"https:\\\/\\\/www.facebook.com\\\/algarve7\",\"https:\\\/\\\/x.com\\\/Algarvesete\",\"https:\\\/\\\/www.instagram.com\\\/jornalalgarve7\\\/\",\"https:\\\/\\\/www.linkedin.com\\\/company\\\/algarve7\",\"https:\\\/\\\/www.pinterest.pt\\\/geral0939\\\/_created\\\/\"]},{\"@type\":\"Person\",\"@id\":\"https:\\\/\\\/algarve7.pt\\\/#\\\/schema\\\/person\\\/23fa70681308e7b319a3204bcea45e0c\",\"name\":\"Algarve 7\",\"sameAs\":[\"https:\\\/\\\/algarve7.pt\",\"https:\\\/\\\/www.facebook.com\\\/algarve7\"],\"url\":\"https:\\\/\\\/algarve7.pt\\\/index.php\\\/author\\\/geralalgarve7-pt\\\/\"}]}<\/script>\n<!-- \/ Yoast SEO plugin. -->","yoast_head_json":{"title":"Mundial Superbike: Pirelli com novo pneu dianteiro em Portim\u00e3o\u00a0 - Algarve 7","description":"Mundial Superbike: Pirelli com novo pneu dianteiro em Portim\u00e3o\u00a0 Desporto","robots":{"index":"index","follow":"follow","max-snippet":"max-snippet:-1","max-image-preview":"max-image-preview:large","max-video-preview":"max-video-preview:-1"},"canonical":"https:\/\/algarve7.pt\/index.php\/2026\/03\/mundial-superbike-pirelli-com-novo-pneu-dianteiro-em-portimao\/desporto\/09\/14\/","og_locale":"pt_PT","og_type":"article","og_title":"Mundial Superbike: Pirelli com novo pneu dianteiro em Portim\u00e3o\u00a0 - Algarve 7","og_description":"Mundial Superbike: Pirelli com novo pneu dianteiro em Portim\u00e3o\u00a0 Desporto","og_url":"https:\/\/algarve7.pt\/index.php\/2026\/03\/mundial-superbike-pirelli-com-novo-pneu-dianteiro-em-portimao\/desporto\/09\/14\/","og_site_name":"Algarve 7","article_publisher":"https:\/\/www.facebook.com\/algarve7","article_author":"https:\/\/www.facebook.com\/algarve7","article_published_time":"2026-03-26T09:14:00+00:00","og_image":[{"width":800,"height":445,"url":"https:\/\/algarve7.pt\/wp-content\/uploads\/2026\/03\/d5bab1ee-7140-c212-3eb6-a636b2d45015.jpg","type":"image\/jpeg"}],"author":"Algarve 7","twitter_card":"summary_large_image","twitter_creator":"@Algarvesete","twitter_site":"@Algarvesete","twitter_misc":{"Escrito por":"Algarve 7","Tempo estimado de leitura":"3 minutos"},"schema":{"@context":"https:\/\/schema.org","@graph":[{"@type":"Article","@id":"https:\/\/algarve7.pt\/index.php\/2026\/03\/mundial-superbike-pirelli-com-novo-pneu-dianteiro-em-portimao\/desporto\/09\/14\/#article","isPartOf":{"@id":"https:\/\/algarve7.pt\/index.php\/2026\/03\/mundial-superbike-pirelli-com-novo-pneu-dianteiro-em-portimao\/desporto\/09\/14\/"},"author":{"name":"Algarve 7","@id":"https:\/\/algarve7.pt\/#\/schema\/person\/23fa70681308e7b319a3204bcea45e0c"},"headline":"Mundial Superbike: Pirelli com novo pneu dianteiro em Portim\u00e3o\u00a0","datePublished":"2026-03-26T09:14:00+00:00","mainEntityOfPage":{"@id":"https:\/\/algarve7.pt\/index.php\/2026\/03\/mundial-superbike-pirelli-com-novo-pneu-dianteiro-em-portimao\/desporto\/09\/14\/"},"wordCount":534,"publisher":{"@id":"https:\/\/algarve7.pt\/#organization"},"image":{"@id":"https:\/\/algarve7.pt\/index.php\/2026\/03\/mundial-superbike-pirelli-com-novo-pneu-dianteiro-em-portimao\/desporto\/09\/14\/#primaryimage"},"thumbnailUrl":"https:\/\/algarve7.pt\/wp-content\/uploads\/2026\/03\/d5bab1ee-7140-c212-3eb6-a636b2d45015.jpg","keywords":["Algarve","Desporto","Portim\u00e3o","Superbike"],"articleSection":["Desporto"],"inLanguage":"pt-PT"},{"@type":"WebPage","@id":"https:\/\/algarve7.pt\/index.php\/2026\/03\/mundial-superbike-pirelli-com-novo-pneu-dianteiro-em-portimao\/desporto\/09\/14\/","url":"https:\/\/algarve7.pt\/index.php\/2026\/03\/mundial-superbike-pirelli-com-novo-pneu-dianteiro-em-portimao\/desporto\/09\/14\/","name":"Mundial Superbike: Pirelli com novo pneu dianteiro em Portim\u00e3o\u00a0 - Algarve 7","isPartOf":{"@id":"https:\/\/algarve7.pt\/#website"},"primaryImageOfPage":{"@id":"https:\/\/algarve7.pt\/index.php\/2026\/03\/mundial-superbike-pirelli-com-novo-pneu-dianteiro-em-portimao\/desporto\/09\/14\/#primaryimage"},"image":{"@id":"https:\/\/algarve7.pt\/index.php\/2026\/03\/mundial-superbike-pirelli-com-novo-pneu-dianteiro-em-portimao\/desporto\/09\/14\/#primaryimage"},"thumbnailUrl":"https:\/\/algarve7.pt\/wp-content\/uploads\/2026\/03\/d5bab1ee-7140-c212-3eb6-a636b2d45015.jpg","datePublished":"2026-03-26T09:14:00+00:00","description":"Mundial Superbike: Pirelli com novo pneu dianteiro em Portim\u00e3o\u00a0 Desporto","breadcrumb":{"@id":"https:\/\/algarve7.pt\/index.php\/2026\/03\/mundial-superbike-pirelli-com-novo-pneu-dianteiro-em-portimao\/desporto\/09\/14\/#breadcrumb"},"inLanguage":"pt-PT","potentialAction":[{"@type":"ReadAction","target":["https:\/\/algarve7.pt\/index.php\/2026\/03\/mundial-superbike-pirelli-com-novo-pneu-dianteiro-em-portimao\/desporto\/09\/14\/"]}]},{"@type":"ImageObject","inLanguage":"pt-PT","@id":"https:\/\/algarve7.pt\/index.php\/2026\/03\/mundial-superbike-pirelli-com-novo-pneu-dianteiro-em-portimao\/desporto\/09\/14\/#primaryimage","url":"https:\/\/algarve7.pt\/wp-content\/uploads\/2026\/03\/d5bab1ee-7140-c212-3eb6-a636b2d45015.jpg","contentUrl":"https:\/\/algarve7.pt\/wp-content\/uploads\/2026\/03\/d5bab1ee-7140-c212-3eb6-a636b2d45015.jpg","width":800,"height":445},{"@type":"BreadcrumbList","@id":"https:\/\/algarve7.pt\/index.php\/2026\/03\/mundial-superbike-pirelli-com-novo-pneu-dianteiro-em-portimao\/desporto\/09\/14\/#breadcrumb","itemListElement":[{"@type":"ListItem","position":1,"name":"In\u00edcio","item":"https:\/\/algarve7.pt\/"},{"@type":"ListItem","position":2,"name":"Mundial Superbike: Pirelli com novo pneu dianteiro em Portim\u00e3o\u00a0"}]},{"@type":"WebSite","@id":"https:\/\/algarve7.pt\/#website","url":"https:\/\/algarve7.pt\/","name":"Algarve 7","description":"Informa\u00e7\u00e3o sobre o Algarve","publisher":{"@id":"https:\/\/algarve7.pt\/#organization"},"potentialAction":[{"@type":"SearchAction","target":{"@type":"EntryPoint","urlTemplate":"https:\/\/algarve7.pt\/?s={search_term_string}"},"query-input":{"@type":"PropertyValueSpecification","valueRequired":true,"valueName":"search_term_string"}}],"inLanguage":"pt-PT"},{"@type":"Organization","@id":"https:\/\/algarve7.pt\/#organization","name":"Algarve 7","url":"https:\/\/algarve7.pt\/","logo":{"@type":"ImageObject","inLanguage":"pt-PT","@id":"https:\/\/algarve7.pt\/#\/schema\/logo\/image\/","url":"https:\/\/algarve7.pt\/wp-content\/uploads\/2020\/10\/Logo-8.jpg","contentUrl":"https:\/\/algarve7.pt\/wp-content\/uploads\/2020\/10\/Logo-8.jpg","width":1680,"height":1186,"caption":"Algarve 7"},"image":{"@id":"https:\/\/algarve7.pt\/#\/schema\/logo\/image\/"},"sameAs":["https:\/\/www.facebook.com\/algarve7","https:\/\/x.com\/Algarvesete","https:\/\/www.instagram.com\/jornalalgarve7\/","https:\/\/www.linkedin.com\/company\/algarve7","https:\/\/www.pinterest.pt\/geral0939\/_created\/"]},{"@type":"Person","@id":"https:\/\/algarve7.pt\/#\/schema\/person\/23fa70681308e7b319a3204bcea45e0c","name":"Algarve 7","sameAs":["https:\/\/algarve7.pt","https:\/\/www.facebook.com\/algarve7"],"url":"https:\/\/algarve7.pt\/index.php\/author\/geralalgarve7-pt\/"}]}},"jetpack_publicize_connections":[],"jetpack_featured_media_url":"https:\/\/algarve7.pt\/wp-content\/uploads\/2026\/03\/d5bab1ee-7140-c212-3eb6-a636b2d45015.jpg","jetpack_shortlink":"https:\/\/wp.me\/pcezmW-fHb","jetpack_sharing_enabled":true,"_links":{"self":[{"href":"https:\/\/algarve7.pt\/index.php\/wp-json\/wp\/v2\/posts\/60337","targetHints":{"allow":["GET"]}}],"collection":[{"href":"https:\/\/algarve7.pt\/index.php\/wp-json\/wp\/v2\/posts"}],"about":[{"href":"https:\/\/algarve7.pt\/index.php\/wp-json\/wp\/v2\/types\/post"}],"author":[{"embeddable":true,"href":"https:\/\/algarve7.pt\/index.php\/wp-json\/wp\/v2\/users\/1"}],"replies":[{"embeddable":true,"href":"https:\/\/algarve7.pt\/index.php\/wp-json\/wp\/v2\/comments?post=60337"}],"version-history":[{"count":0,"href":"https:\/\/algarve7.pt\/index.php\/wp-json\/wp\/v2\/posts\/60337\/revisions"}],"wp:featuredmedia":[{"embeddable":true,"href":"https:\/\/algarve7.pt\/index.php\/wp-json\/wp\/v2\/media\/60338"}],"wp:attachment":[{"href":"https:\/\/algarve7.pt\/index.php\/wp-json\/wp\/v2\/media?parent=60337"}],"wp:term":[{"taxonomy":"category","embeddable":true,"href":"https:\/\/algarve7.pt\/index.php\/wp-json\/wp\/v2\/categories?post=60337"},{"taxonomy":"post_tag","embeddable":true,"href":"https:\/\/algarve7.pt\/index.php\/wp-json\/wp\/v2\/tags?post=60337"}],"curies":[{"name":"wp","href":"https:\/\/api.w.org\/{rel}","templated":true}]}}