{"id":60100,"date":"2026-03-20T09:49:37","date_gmt":"2026-03-20T09:49:37","guid":{"rendered":"https:\/\/algarve7.pt\/?p=60100"},"modified":"2026-03-20T09:49:42","modified_gmt":"2026-03-20T09:49:42","slug":"etapa-disputada-ao-segundo-no-terceiro-dia-do-bp-ultimate-rally-raid-portugal","status":"publish","type":"post","link":"https:\/\/algarve7.pt\/index.php\/2026\/03\/etapa-disputada-ao-segundo-no-terceiro-dia-do-bp-ultimate-rally-raid-portugal\/desporto\/09\/49\/","title":{"rendered":"Etapa disputada ao segundo no terceiro dia do BP Ultimate Rally-Raid Portugal"},"content":{"rendered":"\n<p>O terceiro dia de prova do bp Ultimate Rally-Raid Portugal foi repleto de reviravoltas e trocas na frente. Nos carros, a dupla francesa S\u00e9bastian Loeb e Edouard Boulanger (Dacia) fez valer toda a sua experi\u00eancia e rapidez para subir \u00e0 lideran\u00e7a da geral, superando na etapa Guy Botterill\/Oriol Mena (Toyota) e Seth Quintero\/Andrew Short (Toyota). J\u00e1 Jo\u00e3o Ferreira e Filipe Palmeiro (Toyota) tiveram um dia menos positivo, caindo na tabela classificativa para s\u00e9timo lugar. Nas motos, o portugu\u00eas Bruno Santos (Husqvarna) esteve ao ataque, mas no final dos 377 quil\u00f3metros cronometrados ficou a escassos dois segundos do vencedor Tosha Schareina (Honda). Daniel Sanders foi quarto, mas segurou a lideran\u00e7a.&nbsp;<br><br>Ap\u00f3s um arranque titubeante em Gr\u00e2ndola, S\u00e9bastian Loeb partiu com vontade de superar a concorr\u00eancia e desde logo come\u00e7ou a cavar vantagem nos trilhos \u00e0 sa\u00edda de Portugal. Com Guy Botterill e Seth Quintero no encal\u00e7o, o franc\u00eas navegou com aprumo as dificuldades do dia para se manter na frente. Outra protagonista do dia foi a dupla Sara Price\/Sean Berriman, que depois de se ter debatido com problemas mec\u00e2nicos no seu Defender no dia anterior, superou os colegas de equipa j\u00e1 mesmo no final do setor seletivo, vencendo na categoria Stock.&nbsp;<br><br>Entre os Challenger, os grandes vencedores foram os portugueses Alexandre Pinto\/Bernardo Oliveira (Taurus), que mostraram o bom momento de forma face a Ricardo Por\u00e9m\/Nuno Sousa (Kaizen). O andamento foi tal que a equipa obteve o quinto tempo \u00e0 geral. Em terceiro na etapa ficou a dupla Charles Munster\/Xavier Panseri (KTM), revelando bom ritmo na sua transi\u00e7\u00e3o do WRC para o Rally-Raid. Ricardo Por\u00e9m mant\u00e9m a lideran\u00e7a na categoria, mas ter\u00e1 que se defender nos pr\u00f3ximos dias dos ataques de Pinto.&nbsp;<br><br>Em SSV, os portugueses voltaram a dominar, com Jo\u00e3o Monteiro\/Nuno Morais (BRP CAN-AM) a chegar em primeiro a Badajoz, seguidos de Lu\u00eds Portela Morais\/David Megre (Polaris) e ainda Miguel Barbosa\/Joel Lutas (Polaris). Os azarados do dia na categoria foram Lu\u00eds Cidade\/Valter Cardoso, que depois de andarem grande parte do tempo \u00e0 frente, foram obrigados a abandonar com problemas mec\u00e2nicos no seu BRM Can-Am. No final do dia, Portela Morais ascendeu ao comando da classifica\u00e7\u00e3o com 2m12s de vantagem sobre Barbosa, que \u00e9, agora, segundo.&nbsp;<br><br>Em Rally3 Gon\u00e7alo Amaral (Honda) voltou a superar a concorr\u00eancia, mantendo tamb\u00e9m a lideran\u00e7a. Destaque para o segundo classificado do dia, Murun Purevdorj (KTM) e para Rich\u00e1rd Hodola (KTM), que com a sua presta\u00e7\u00e3o sobe ao terceiro lugar da categoria. Nos Quad, Adomas Gancierius (CFMOTO) n\u00e3o s\u00f3 venceu a etapa do dia, como tamb\u00e9m sobe ao primeiro lugar da categoria, trocando de posi\u00e7\u00e3o com o seu colega de equipa Antanas Kanopkinas.&nbsp;<br><br>Os 296 quil\u00f3metros do setor seletivo desenhado ao redor de Badajoz prometem bastante anima\u00e7\u00e3o em todas as categorias, e v\u00e1rias zonas espet\u00e1culo nas quais ser\u00e1 poss\u00edvel assistir ao vivo a toda a a\u00e7\u00e3o. A primeira moto vai para a pista \u00e0s 7h05 e o primeiro carro \u00e0s 9h35. A chegada \u00e0 meta de Badajoz est\u00e1 prevista para as 13h10 para as motos e 15h42 para os carros. Para o p\u00fablico, o acesso gratuito ao bivouac \u00e9 entre as 18h e as 23h.<\/p>\n\n\n\n<p><a href=\"https:\/\/teatrodasfiguras.pt\/\"><\/a><\/p>\n","protected":false},"excerpt":{"rendered":"<p>O terceiro dia de prova do bp Ultimate Rally-Raid Portugal foi repleto de reviravoltas e trocas na frente. Nos carros,<\/p>\n","protected":false},"author":1,"featured_media":60101,"comment_status":"closed","ping_status":"closed","sticky":false,"template":"","format":"standard","meta":{"colormag_page_container_layout":"default_layout","colormag_page_sidebar_layout":"default_layout","_monsterinsights_skip_tracking":false,"_monsterinsights_sitenote_active":false,"_monsterinsights_sitenote_note":"","_monsterinsights_sitenote_category":0,"jetpack_post_was_ever_published":false,"_jetpack_newsletter_access":"","_jetpack_dont_email_post_to_subs":false,"_jetpack_newsletter_tier_id":0,"_jetpack_memberships_contains_paywalled_content":false,"_jetpack_memberships_contains_paid_content":false,"footnotes":"","jetpack_publicize_message":"","jetpack_publicize_feature_enabled":true,"jetpack_social_post_already_shared":true,"jetpack_social_options":{"image_generator_settings":{"template":"highway","default_image_id":0,"font":"","enabled":false},"version":2}},"categories":[15],"tags":[36,1236,40],"class_list":["post-60100","post","type-post","status-publish","format-standard","has-post-thumbnail","hentry","category-desporto","tag-algarve","tag-bp-ultimate-rally-raid-portugal","tag-desporto"],"yoast_head":"<!-- This site is optimized with the Yoast SEO plugin v27.4 - https:\/\/yoast.com\/product\/yoast-seo-wordpress\/ -->\n<title>Etapa disputada ao segundo no terceiro dia do BP Ultimate Rally-Raid Portugal - Algarve 7<\/title>\n<meta name=\"description\" content=\"Etapa disputada ao segundo no terceiro dia do BP Ultimate Rally-Raid Portugal Desporto\" \/>\n<meta name=\"robots\" content=\"index, follow, max-snippet:-1, max-image-preview:large, max-video-preview:-1\" \/>\n<link rel=\"canonical\" href=\"https:\/\/algarve7.pt\/index.php\/2026\/03\/etapa-disputada-ao-segundo-no-terceiro-dia-do-bp-ultimate-rally-raid-portugal\/desporto\/09\/49\/\" \/>\n<meta property=\"og:locale\" content=\"pt_PT\" \/>\n<meta property=\"og:type\" content=\"article\" \/>\n<meta property=\"og:title\" content=\"Etapa disputada ao segundo no terceiro dia do BP Ultimate Rally-Raid Portugal - Algarve 7\" \/>\n<meta property=\"og:description\" content=\"Etapa disputada ao segundo no terceiro dia do BP Ultimate Rally-Raid Portugal Desporto\" \/>\n<meta property=\"og:url\" content=\"https:\/\/algarve7.pt\/index.php\/2026\/03\/etapa-disputada-ao-segundo-no-terceiro-dia-do-bp-ultimate-rally-raid-portugal\/desporto\/09\/49\/\" \/>\n<meta property=\"og:site_name\" content=\"Algarve 7\" \/>\n<meta property=\"article:publisher\" content=\"https:\/\/www.facebook.com\/algarve7\" \/>\n<meta property=\"article:author\" content=\"https:\/\/www.facebook.com\/algarve7\" \/>\n<meta property=\"article:published_time\" content=\"2026-03-20T09:49:37+00:00\" \/>\n<meta property=\"article:modified_time\" content=\"2026-03-20T09:49:42+00:00\" \/>\n<meta property=\"og:image\" content=\"https:\/\/algarve7.pt\/wp-content\/uploads\/2026\/03\/bpultimate2.jpg\" \/>\n\t<meta property=\"og:image:width\" content=\"800\" \/>\n\t<meta property=\"og:image:height\" content=\"445\" \/>\n\t<meta property=\"og:image:type\" content=\"image\/jpeg\" \/>\n<meta name=\"author\" content=\"Algarve 7\" \/>\n<meta name=\"twitter:card\" content=\"summary_large_image\" \/>\n<meta name=\"twitter:creator\" content=\"@Algarvesete\" \/>\n<meta name=\"twitter:site\" content=\"@Algarvesete\" \/>\n<meta name=\"twitter:label1\" content=\"Escrito por\" \/>\n\t<meta name=\"twitter:data1\" content=\"Algarve 7\" \/>\n\t<meta name=\"twitter:label2\" content=\"Tempo estimado de leitura\" \/>\n\t<meta name=\"twitter:data2\" content=\"4 minutos\" \/>\n<script type=\"application\/ld+json\" class=\"yoast-schema-graph\">{\"@context\":\"https:\\\/\\\/schema.org\",\"@graph\":[{\"@type\":\"Article\",\"@id\":\"https:\\\/\\\/algarve7.pt\\\/index.php\\\/2026\\\/03\\\/etapa-disputada-ao-segundo-no-terceiro-dia-do-bp-ultimate-rally-raid-portugal\\\/desporto\\\/09\\\/49\\\/#article\",\"isPartOf\":{\"@id\":\"https:\\\/\\\/algarve7.pt\\\/index.php\\\/2026\\\/03\\\/etapa-disputada-ao-segundo-no-terceiro-dia-do-bp-ultimate-rally-raid-portugal\\\/desporto\\\/09\\\/49\\\/\"},\"author\":{\"name\":\"Algarve 7\",\"@id\":\"https:\\\/\\\/algarve7.pt\\\/#\\\/schema\\\/person\\\/23fa70681308e7b319a3204bcea45e0c\"},\"headline\":\"Etapa disputada ao segundo no terceiro dia do BP Ultimate Rally-Raid Portugal\",\"datePublished\":\"2026-03-20T09:49:37+00:00\",\"dateModified\":\"2026-03-20T09:49:42+00:00\",\"mainEntityOfPage\":{\"@id\":\"https:\\\/\\\/algarve7.pt\\\/index.php\\\/2026\\\/03\\\/etapa-disputada-ao-segundo-no-terceiro-dia-do-bp-ultimate-rally-raid-portugal\\\/desporto\\\/09\\\/49\\\/\"},\"wordCount\":580,\"publisher\":{\"@id\":\"https:\\\/\\\/algarve7.pt\\\/#organization\"},\"image\":{\"@id\":\"https:\\\/\\\/algarve7.pt\\\/index.php\\\/2026\\\/03\\\/etapa-disputada-ao-segundo-no-terceiro-dia-do-bp-ultimate-rally-raid-portugal\\\/desporto\\\/09\\\/49\\\/#primaryimage\"},\"thumbnailUrl\":\"https:\\\/\\\/algarve7.pt\\\/wp-content\\\/uploads\\\/2026\\\/03\\\/bpultimate2.jpg\",\"keywords\":[\"Algarve\",\"bp Ultimate Rally-Raid Portugal\",\"Desporto\"],\"articleSection\":[\"Desporto\"],\"inLanguage\":\"pt-PT\"},{\"@type\":\"WebPage\",\"@id\":\"https:\\\/\\\/algarve7.pt\\\/index.php\\\/2026\\\/03\\\/etapa-disputada-ao-segundo-no-terceiro-dia-do-bp-ultimate-rally-raid-portugal\\\/desporto\\\/09\\\/49\\\/\",\"url\":\"https:\\\/\\\/algarve7.pt\\\/index.php\\\/2026\\\/03\\\/etapa-disputada-ao-segundo-no-terceiro-dia-do-bp-ultimate-rally-raid-portugal\\\/desporto\\\/09\\\/49\\\/\",\"name\":\"Etapa disputada ao segundo no terceiro dia do BP Ultimate Rally-Raid Portugal - Algarve 7\",\"isPartOf\":{\"@id\":\"https:\\\/\\\/algarve7.pt\\\/#website\"},\"primaryImageOfPage\":{\"@id\":\"https:\\\/\\\/algarve7.pt\\\/index.php\\\/2026\\\/03\\\/etapa-disputada-ao-segundo-no-terceiro-dia-do-bp-ultimate-rally-raid-portugal\\\/desporto\\\/09\\\/49\\\/#primaryimage\"},\"image\":{\"@id\":\"https:\\\/\\\/algarve7.pt\\\/index.php\\\/2026\\\/03\\\/etapa-disputada-ao-segundo-no-terceiro-dia-do-bp-ultimate-rally-raid-portugal\\\/desporto\\\/09\\\/49\\\/#primaryimage\"},\"thumbnailUrl\":\"https:\\\/\\\/algarve7.pt\\\/wp-content\\\/uploads\\\/2026\\\/03\\\/bpultimate2.jpg\",\"datePublished\":\"2026-03-20T09:49:37+00:00\",\"dateModified\":\"2026-03-20T09:49:42+00:00\",\"description\":\"Etapa disputada ao segundo no terceiro dia do BP Ultimate Rally-Raid Portugal Desporto\",\"breadcrumb\":{\"@id\":\"https:\\\/\\\/algarve7.pt\\\/index.php\\\/2026\\\/03\\\/etapa-disputada-ao-segundo-no-terceiro-dia-do-bp-ultimate-rally-raid-portugal\\\/desporto\\\/09\\\/49\\\/#breadcrumb\"},\"inLanguage\":\"pt-PT\",\"potentialAction\":[{\"@type\":\"ReadAction\",\"target\":[\"https:\\\/\\\/algarve7.pt\\\/index.php\\\/2026\\\/03\\\/etapa-disputada-ao-segundo-no-terceiro-dia-do-bp-ultimate-rally-raid-portugal\\\/desporto\\\/09\\\/49\\\/\"]}]},{\"@type\":\"ImageObject\",\"inLanguage\":\"pt-PT\",\"@id\":\"https:\\\/\\\/algarve7.pt\\\/index.php\\\/2026\\\/03\\\/etapa-disputada-ao-segundo-no-terceiro-dia-do-bp-ultimate-rally-raid-portugal\\\/desporto\\\/09\\\/49\\\/#primaryimage\",\"url\":\"https:\\\/\\\/algarve7.pt\\\/wp-content\\\/uploads\\\/2026\\\/03\\\/bpultimate2.jpg\",\"contentUrl\":\"https:\\\/\\\/algarve7.pt\\\/wp-content\\\/uploads\\\/2026\\\/03\\\/bpultimate2.jpg\",\"width\":800,\"height\":445},{\"@type\":\"BreadcrumbList\",\"@id\":\"https:\\\/\\\/algarve7.pt\\\/index.php\\\/2026\\\/03\\\/etapa-disputada-ao-segundo-no-terceiro-dia-do-bp-ultimate-rally-raid-portugal\\\/desporto\\\/09\\\/49\\\/#breadcrumb\",\"itemListElement\":[{\"@type\":\"ListItem\",\"position\":1,\"name\":\"In\u00edcio\",\"item\":\"https:\\\/\\\/algarve7.pt\\\/\"},{\"@type\":\"ListItem\",\"position\":2,\"name\":\"Etapa disputada ao segundo no terceiro dia do BP Ultimate Rally-Raid Portugal\"}]},{\"@type\":\"WebSite\",\"@id\":\"https:\\\/\\\/algarve7.pt\\\/#website\",\"url\":\"https:\\\/\\\/algarve7.pt\\\/\",\"name\":\"Algarve 7\",\"description\":\"Informa\u00e7\u00e3o sobre o Algarve\",\"publisher\":{\"@id\":\"https:\\\/\\\/algarve7.pt\\\/#organization\"},\"potentialAction\":[{\"@type\":\"SearchAction\",\"target\":{\"@type\":\"EntryPoint\",\"urlTemplate\":\"https:\\\/\\\/algarve7.pt\\\/?s={search_term_string}\"},\"query-input\":{\"@type\":\"PropertyValueSpecification\",\"valueRequired\":true,\"valueName\":\"search_term_string\"}}],\"inLanguage\":\"pt-PT\"},{\"@type\":\"Organization\",\"@id\":\"https:\\\/\\\/algarve7.pt\\\/#organization\",\"name\":\"Algarve 7\",\"url\":\"https:\\\/\\\/algarve7.pt\\\/\",\"logo\":{\"@type\":\"ImageObject\",\"inLanguage\":\"pt-PT\",\"@id\":\"https:\\\/\\\/algarve7.pt\\\/#\\\/schema\\\/logo\\\/image\\\/\",\"url\":\"https:\\\/\\\/algarve7.pt\\\/wp-content\\\/uploads\\\/2020\\\/10\\\/Logo-8.jpg\",\"contentUrl\":\"https:\\\/\\\/algarve7.pt\\\/wp-content\\\/uploads\\\/2020\\\/10\\\/Logo-8.jpg\",\"width\":1680,\"height\":1186,\"caption\":\"Algarve 7\"},\"image\":{\"@id\":\"https:\\\/\\\/algarve7.pt\\\/#\\\/schema\\\/logo\\\/image\\\/\"},\"sameAs\":[\"https:\\\/\\\/www.facebook.com\\\/algarve7\",\"https:\\\/\\\/x.com\\\/Algarvesete\",\"https:\\\/\\\/www.instagram.com\\\/jornalalgarve7\\\/\",\"https:\\\/\\\/www.linkedin.com\\\/company\\\/algarve7\",\"https:\\\/\\\/www.pinterest.pt\\\/geral0939\\\/_created\\\/\"]},{\"@type\":\"Person\",\"@id\":\"https:\\\/\\\/algarve7.pt\\\/#\\\/schema\\\/person\\\/23fa70681308e7b319a3204bcea45e0c\",\"name\":\"Algarve 7\",\"sameAs\":[\"https:\\\/\\\/algarve7.pt\",\"https:\\\/\\\/www.facebook.com\\\/algarve7\"],\"url\":\"https:\\\/\\\/algarve7.pt\\\/index.php\\\/author\\\/geralalgarve7-pt\\\/\"}]}<\/script>\n<!-- \/ Yoast SEO plugin. -->","yoast_head_json":{"title":"Etapa disputada ao segundo no terceiro dia do BP Ultimate Rally-Raid Portugal - Algarve 7","description":"Etapa disputada ao segundo no terceiro dia do BP Ultimate Rally-Raid Portugal Desporto","robots":{"index":"index","follow":"follow","max-snippet":"max-snippet:-1","max-image-preview":"max-image-preview:large","max-video-preview":"max-video-preview:-1"},"canonical":"https:\/\/algarve7.pt\/index.php\/2026\/03\/etapa-disputada-ao-segundo-no-terceiro-dia-do-bp-ultimate-rally-raid-portugal\/desporto\/09\/49\/","og_locale":"pt_PT","og_type":"article","og_title":"Etapa disputada ao segundo no terceiro dia do BP Ultimate Rally-Raid Portugal - Algarve 7","og_description":"Etapa disputada ao segundo no terceiro dia do BP Ultimate Rally-Raid Portugal Desporto","og_url":"https:\/\/algarve7.pt\/index.php\/2026\/03\/etapa-disputada-ao-segundo-no-terceiro-dia-do-bp-ultimate-rally-raid-portugal\/desporto\/09\/49\/","og_site_name":"Algarve 7","article_publisher":"https:\/\/www.facebook.com\/algarve7","article_author":"https:\/\/www.facebook.com\/algarve7","article_published_time":"2026-03-20T09:49:37+00:00","article_modified_time":"2026-03-20T09:49:42+00:00","og_image":[{"width":800,"height":445,"url":"https:\/\/algarve7.pt\/wp-content\/uploads\/2026\/03\/bpultimate2.jpg","type":"image\/jpeg"}],"author":"Algarve 7","twitter_card":"summary_large_image","twitter_creator":"@Algarvesete","twitter_site":"@Algarvesete","twitter_misc":{"Escrito por":"Algarve 7","Tempo estimado de leitura":"4 minutos"},"schema":{"@context":"https:\/\/schema.org","@graph":[{"@type":"Article","@id":"https:\/\/algarve7.pt\/index.php\/2026\/03\/etapa-disputada-ao-segundo-no-terceiro-dia-do-bp-ultimate-rally-raid-portugal\/desporto\/09\/49\/#article","isPartOf":{"@id":"https:\/\/algarve7.pt\/index.php\/2026\/03\/etapa-disputada-ao-segundo-no-terceiro-dia-do-bp-ultimate-rally-raid-portugal\/desporto\/09\/49\/"},"author":{"name":"Algarve 7","@id":"https:\/\/algarve7.pt\/#\/schema\/person\/23fa70681308e7b319a3204bcea45e0c"},"headline":"Etapa disputada ao segundo no terceiro dia do BP Ultimate Rally-Raid Portugal","datePublished":"2026-03-20T09:49:37+00:00","dateModified":"2026-03-20T09:49:42+00:00","mainEntityOfPage":{"@id":"https:\/\/algarve7.pt\/index.php\/2026\/03\/etapa-disputada-ao-segundo-no-terceiro-dia-do-bp-ultimate-rally-raid-portugal\/desporto\/09\/49\/"},"wordCount":580,"publisher":{"@id":"https:\/\/algarve7.pt\/#organization"},"image":{"@id":"https:\/\/algarve7.pt\/index.php\/2026\/03\/etapa-disputada-ao-segundo-no-terceiro-dia-do-bp-ultimate-rally-raid-portugal\/desporto\/09\/49\/#primaryimage"},"thumbnailUrl":"https:\/\/algarve7.pt\/wp-content\/uploads\/2026\/03\/bpultimate2.jpg","keywords":["Algarve","bp Ultimate Rally-Raid Portugal","Desporto"],"articleSection":["Desporto"],"inLanguage":"pt-PT"},{"@type":"WebPage","@id":"https:\/\/algarve7.pt\/index.php\/2026\/03\/etapa-disputada-ao-segundo-no-terceiro-dia-do-bp-ultimate-rally-raid-portugal\/desporto\/09\/49\/","url":"https:\/\/algarve7.pt\/index.php\/2026\/03\/etapa-disputada-ao-segundo-no-terceiro-dia-do-bp-ultimate-rally-raid-portugal\/desporto\/09\/49\/","name":"Etapa disputada ao segundo no terceiro dia do BP Ultimate Rally-Raid Portugal - Algarve 7","isPartOf":{"@id":"https:\/\/algarve7.pt\/#website"},"primaryImageOfPage":{"@id":"https:\/\/algarve7.pt\/index.php\/2026\/03\/etapa-disputada-ao-segundo-no-terceiro-dia-do-bp-ultimate-rally-raid-portugal\/desporto\/09\/49\/#primaryimage"},"image":{"@id":"https:\/\/algarve7.pt\/index.php\/2026\/03\/etapa-disputada-ao-segundo-no-terceiro-dia-do-bp-ultimate-rally-raid-portugal\/desporto\/09\/49\/#primaryimage"},"thumbnailUrl":"https:\/\/algarve7.pt\/wp-content\/uploads\/2026\/03\/bpultimate2.jpg","datePublished":"2026-03-20T09:49:37+00:00","dateModified":"2026-03-20T09:49:42+00:00","description":"Etapa disputada ao segundo no terceiro dia do BP Ultimate Rally-Raid Portugal Desporto","breadcrumb":{"@id":"https:\/\/algarve7.pt\/index.php\/2026\/03\/etapa-disputada-ao-segundo-no-terceiro-dia-do-bp-ultimate-rally-raid-portugal\/desporto\/09\/49\/#breadcrumb"},"inLanguage":"pt-PT","potentialAction":[{"@type":"ReadAction","target":["https:\/\/algarve7.pt\/index.php\/2026\/03\/etapa-disputada-ao-segundo-no-terceiro-dia-do-bp-ultimate-rally-raid-portugal\/desporto\/09\/49\/"]}]},{"@type":"ImageObject","inLanguage":"pt-PT","@id":"https:\/\/algarve7.pt\/index.php\/2026\/03\/etapa-disputada-ao-segundo-no-terceiro-dia-do-bp-ultimate-rally-raid-portugal\/desporto\/09\/49\/#primaryimage","url":"https:\/\/algarve7.pt\/wp-content\/uploads\/2026\/03\/bpultimate2.jpg","contentUrl":"https:\/\/algarve7.pt\/wp-content\/uploads\/2026\/03\/bpultimate2.jpg","width":800,"height":445},{"@type":"BreadcrumbList","@id":"https:\/\/algarve7.pt\/index.php\/2026\/03\/etapa-disputada-ao-segundo-no-terceiro-dia-do-bp-ultimate-rally-raid-portugal\/desporto\/09\/49\/#breadcrumb","itemListElement":[{"@type":"ListItem","position":1,"name":"In\u00edcio","item":"https:\/\/algarve7.pt\/"},{"@type":"ListItem","position":2,"name":"Etapa disputada ao segundo no terceiro dia do BP Ultimate Rally-Raid Portugal"}]},{"@type":"WebSite","@id":"https:\/\/algarve7.pt\/#website","url":"https:\/\/algarve7.pt\/","name":"Algarve 7","description":"Informa\u00e7\u00e3o sobre o Algarve","publisher":{"@id":"https:\/\/algarve7.pt\/#organization"},"potentialAction":[{"@type":"SearchAction","target":{"@type":"EntryPoint","urlTemplate":"https:\/\/algarve7.pt\/?s={search_term_string}"},"query-input":{"@type":"PropertyValueSpecification","valueRequired":true,"valueName":"search_term_string"}}],"inLanguage":"pt-PT"},{"@type":"Organization","@id":"https:\/\/algarve7.pt\/#organization","name":"Algarve 7","url":"https:\/\/algarve7.pt\/","logo":{"@type":"ImageObject","inLanguage":"pt-PT","@id":"https:\/\/algarve7.pt\/#\/schema\/logo\/image\/","url":"https:\/\/algarve7.pt\/wp-content\/uploads\/2020\/10\/Logo-8.jpg","contentUrl":"https:\/\/algarve7.pt\/wp-content\/uploads\/2020\/10\/Logo-8.jpg","width":1680,"height":1186,"caption":"Algarve 7"},"image":{"@id":"https:\/\/algarve7.pt\/#\/schema\/logo\/image\/"},"sameAs":["https:\/\/www.facebook.com\/algarve7","https:\/\/x.com\/Algarvesete","https:\/\/www.instagram.com\/jornalalgarve7\/","https:\/\/www.linkedin.com\/company\/algarve7","https:\/\/www.pinterest.pt\/geral0939\/_created\/"]},{"@type":"Person","@id":"https:\/\/algarve7.pt\/#\/schema\/person\/23fa70681308e7b319a3204bcea45e0c","name":"Algarve 7","sameAs":["https:\/\/algarve7.pt","https:\/\/www.facebook.com\/algarve7"],"url":"https:\/\/algarve7.pt\/index.php\/author\/geralalgarve7-pt\/"}]}},"jetpack_publicize_connections":[],"jetpack_featured_media_url":"https:\/\/algarve7.pt\/wp-content\/uploads\/2026\/03\/bpultimate2.jpg","jetpack_shortlink":"https:\/\/wp.me\/pcezmW-fDm","jetpack_sharing_enabled":true,"_links":{"self":[{"href":"https:\/\/algarve7.pt\/index.php\/wp-json\/wp\/v2\/posts\/60100","targetHints":{"allow":["GET"]}}],"collection":[{"href":"https:\/\/algarve7.pt\/index.php\/wp-json\/wp\/v2\/posts"}],"about":[{"href":"https:\/\/algarve7.pt\/index.php\/wp-json\/wp\/v2\/types\/post"}],"author":[{"embeddable":true,"href":"https:\/\/algarve7.pt\/index.php\/wp-json\/wp\/v2\/users\/1"}],"replies":[{"embeddable":true,"href":"https:\/\/algarve7.pt\/index.php\/wp-json\/wp\/v2\/comments?post=60100"}],"version-history":[{"count":0,"href":"https:\/\/algarve7.pt\/index.php\/wp-json\/wp\/v2\/posts\/60100\/revisions"}],"wp:featuredmedia":[{"embeddable":true,"href":"https:\/\/algarve7.pt\/index.php\/wp-json\/wp\/v2\/media\/60101"}],"wp:attachment":[{"href":"https:\/\/algarve7.pt\/index.php\/wp-json\/wp\/v2\/media?parent=60100"}],"wp:term":[{"taxonomy":"category","embeddable":true,"href":"https:\/\/algarve7.pt\/index.php\/wp-json\/wp\/v2\/categories?post=60100"},{"taxonomy":"post_tag","embeddable":true,"href":"https:\/\/algarve7.pt\/index.php\/wp-json\/wp\/v2\/tags?post=60100"}],"curies":[{"name":"wp","href":"https:\/\/api.w.org\/{rel}","templated":true}]}}