{"id":60097,"date":"2026-03-20T09:39:58","date_gmt":"2026-03-20T09:39:58","guid":{"rendered":"https:\/\/algarve7.pt\/?p=60097"},"modified":"2026-03-20T09:40:11","modified_gmt":"2026-03-20T09:40:11","slug":"paroquias-do-concelho-de-portimao-revivem-tradicoes-pascais-na-semana-santa-2","status":"publish","type":"post","link":"https:\/\/algarve7.pt\/index.php\/2026\/03\/paroquias-do-concelho-de-portimao-revivem-tradicoes-pascais-na-semana-santa-2\/cultura\/09\/39\/","title":{"rendered":"Par\u00f3quias do concelho de Portim\u00e3o revivem tradi\u00e7\u00f5es pascais na Semana Santa"},"content":{"rendered":"\n<p>Numa verdadeira manifesta\u00e7\u00e3o de f\u00e9 que caracteriza a \u00e9poca festiva que se aproxima, as par\u00f3quias do concelho de Portim\u00e3o voltam a dinamizar um vasto programa de celebra\u00e7\u00f5es religiosas associadas \u00e0 Semana Santa e \u00e0 P\u00e1scoa, entre 22 de mar\u00e7o e 5 de abril.<\/p>\n\n\n\n<p>Entre eucaristias, prociss\u00f5es, vig\u00edlias e vias-sacras, as iniciativas promovidas pelas Par\u00f3quias convidam ao envolvimento da comunidade local e dos visitantes, preservando as tradi\u00e7\u00f5es que ainda se encontram profundamente enraizadas na viv\u00eancia religiosa da regi\u00e3o.<\/p>\n\n\n\n<p>A programa\u00e7\u00e3o lit\u00fargica estende-se a v\u00e1rios pontos do concelho, envolvendo a Igreja Matriz de Portim\u00e3o (Par\u00f3quia de Nossa Senhora da Concei\u00e7\u00e3o) e o Vicariato da Pedra Mourinha, a Igreja de Nossa Senhora do Amparo, capela de Santa Catarina, na Fortaleza (Par\u00f3quia da Nossa Senhora do Amparo), as comunidades da Mexilhoeira Grande, Figueira, Aldeia de S\u00e3o Jos\u00e9 de Alcalar, Montes de Cima e Pereira (Par\u00f3quia de Nossa Senhora da Assun\u00e7\u00e3o), bem como as Igrejas de Alvor, Penina e Montes de Alvor (Par\u00f3quia do Divino Salvador).<\/p>\n\n\n\n<p>Um dos momentos mais marcantes deste per\u00edodo \u00e9 a tradicional Prociss\u00e3o de Nosso Senhor dos Passos, no pr\u00f3ximo domingo, dia 22 de mar\u00e7o, que assinala simbolicamente o in\u00edcio do ciclo de prociss\u00f5es rumo \u00e0 P\u00e1scoa. Esta cerim\u00f3nia religiosa evoca o mart\u00edrio de Jesus Cristo e constitui, desde a Idade M\u00e9dia, uma das express\u00f5es de devo\u00e7\u00e3o mais significativas da tradi\u00e7\u00e3o cat\u00f3lica. Em Portim\u00e3o, mobiliza centenas de fi\u00e9is que se associam ao percurso pelas ruas da cidade.<\/p>\n\n\n\n<p><strong>Celebra\u00e7\u00f5es na Matriz de Portim\u00e3o e Pedra Mourinha<\/strong><\/p>\n\n\n\n<p>Dias mais tarde, com a entrada na Semana Santa, a programa\u00e7\u00e3o centra-se no Domingo de Ramos, data que recorda a entrada triunfal de Jesus em Jerusal\u00e9m. Neste contexto, ter\u00e1 lugar no s\u00e1bado, 28 de mar\u00e7o, uma missa vespertina na Igreja Matriz de Portim\u00e3o, \u00e0s 18h00.<\/p>\n\n\n\n<p>Um dos pontos altos ser\u00e1 no dia seguinte, domingo, 29 de mar\u00e7o, a partir das 10h00, com a B\u00ean\u00e7\u00e3o, Prociss\u00e3o e Eucaristia dos Ramos a decorrer junto \u00e0 Igreja do Col\u00e9gio. A comunidade seguir\u00e1 em prociss\u00e3o pela Avenida S\u00e3o Jo\u00e3o de Deus, Rua Mouzinho de Albuquerque, Rua da Hortinha e Rua Machado Santos, terminando a celebra\u00e7\u00e3o na Igreja Matriz. No mesmo dia realizam-se ainda eucaristias na Pedra Mourinha, \u00e0s 16h30, e, de novo, na Matriz da cidade, \u00e0s 18h00.<\/p>\n\n\n\n<p>A ter\u00e7a-feira, dia 31 de mar\u00e7o, ser\u00e1 dedicada ao Dia da Miseric\u00f3rdia e do Perd\u00e3o, com as confiss\u00f5es a decorrerem na Igreja Matriz de Portim\u00e3o entre as 10h00 e as 12h30, e entre as 15h00 e as 18h00, bem como no per\u00edodo noturno. Em paralelo, decorre a entrega das ren\u00fancias quaresmais, que, este ano, se destinam a apoiar v\u00edtimas das tempestades que assolaram o pa\u00eds no m\u00eas passado.<\/p>\n\n\n\n<p>A Matriz de Portim\u00e3o recebe, na Quinta-feira Santa, 2 de abril, a Missa da Ceia do Senhor \u00e0s 19h00, com evoca\u00e7\u00e3o do rito do lava-p\u00e9s e adora\u00e7\u00e3o ao Sant\u00edssimo Sacramento em sil\u00eancio. Ao final da noite, pelas 23h00 realiza-se ainda um momento de adora\u00e7\u00e3o comunit\u00e1ria orientado pelos jovens. No entanto, este dia santo inicia as celebra\u00e7\u00f5es fora de Portim\u00e3o, na S\u00e9 de Faro, \u00e0s 10h00, com a tradicional Missa Crismal e b\u00ean\u00e7\u00e3o dos \u00d3leos Santos.<\/p>\n\n\n\n<p>A entrar nos momentos mais marcantes da Semana Santa, a sexta-feira, 3 de abril, \u00e9 marcada pela Solene Liturgia da Paix\u00e3o do Senhor, \u00e0s 15h00, precedida pelas Laudes, \u00e0s 10h00. Nesse mesmo dia, pelas 21h30, realiza-se a Prociss\u00e3o do Enterro do Senhor, que habitualmente conta com uma forte ades\u00e3o da comunidade. Partir\u00e1 da Igreja do Col\u00e9gio e percorrer\u00e1 as ruas Diogo Gon\u00e7alves, Oliven\u00e7a e Mouzinho de Albuquerque, seguindo pela Alameda at\u00e9 \u00e0 Igreja Matriz, num ambiente de profundo recolhimento.<\/p>\n\n\n\n<p>Por sua vez, o S\u00e1bado Santo, dia 4, ser\u00e1 de reflex\u00e3o, com a ora\u00e7\u00e3o de Laudes \u00e0s 10h00, seguindo-se, \u00e0s 21h30, a Vig\u00edlia Pascal da Ressurrei\u00e7\u00e3o do Senhor, momento central da liturgia crist\u00e3 que celebra a vit\u00f3ria da vida sobre a morte.<\/p>\n\n\n\n<p>As comemora\u00e7\u00f5es culminam no Domingo de P\u00e1scoa, dia 5 de abril, com a Eucaristia Solene na Matriz de Portim\u00e3o, \u00e0s 10h00, seguida da Prociss\u00e3o da Ressurrei\u00e7\u00e3o, que percorrer\u00e1 a Alameda e as ruas Mouzinho de Albuquerque, Oliven\u00e7a, Portas da Serra e Machado Santos, regressando \u00e0 Igreja Matriz.<\/p>\n\n\n\n<p>Os fi\u00e9is s\u00e3o convidados a viver esta festa crist\u00e3, levando consigo uma \u201ctocha\u201d de flores e a ornamentar as janelas e varandas com colgaduras ao longo do percurso. No mesmo dia, realizam-se ainda celebra\u00e7\u00f5es na Pedra Mourinha, \u00e0s 16h30, e uma nova eucaristia na Igreja Matriz, \u00e0s 18h00.<\/p>\n\n\n\n<p><strong>Mexilhoeira Grande com celebra\u00e7\u00f5es em diversas localidades<\/strong><\/p>\n\n\n\n<p>Na Par\u00f3quia de Nossa Senhora da Assun\u00e7\u00e3o, na Mexilhoeira Grande, as celebra\u00e7\u00f5es do Domingo de Ramos, no dia 29 de mar\u00e7o, realizam-se em diversos pontos da freguesia. Nesta data, a b\u00ean\u00e7\u00e3o dos ramos ser\u00e1 \u00e0s 10h30 na Igreja da Mexilhoeira Grande (com in\u00edcio no Lar de Idosos), \u00e0s 15h00 na Igreja da Figueira, e \u00e0s 17h30 na Capela de S\u00e3o Jos\u00e9 de Alcalar.<\/p>\n\n\n\n<p>Continuando o caminho rumo \u00e0 P\u00e1scoa, na Quinta-feira Santa, 2 de abril, \u00e9 celebrada a Ceia do Senhor \u00e0s 19h30 na Igreja da Mexilhoeira Grande, seguida de adora\u00e7\u00e3o, enquanto o dia seguinte inclui a Celebra\u00e7\u00e3o da Morte do Senhor \u00e0s 17h00, no mesmo espa\u00e7o, seguida de Via-Sacra pelas ruas da localidade.&nbsp;<\/p>\n\n\n\n<p>A habitual Vig\u00edlia Pascal ter\u00e1 lugar na Igreja da Figueira, no s\u00e1bado 4 de abril, \u00e0s 21h30. As comemora\u00e7\u00f5es da P\u00e1scoa encerram no domingo, dia 5, data com elevado significado, para a qual est\u00e3o previstas eucaristias em diversos locais da freguesia. Assim, \u00e0s 9h30 a missa decorre na Igreja da Figueira, \u00e0s 11h00 na Igreja da Mexilhoeira Grande, \u00e0s 15h00 em Montes de Cima, \u00e0s 16h30 na Pereira e \u00e0s 18h00 na Capela de S\u00e3o Jos\u00e9 de Alcalar.<\/p>\n\n\n\n<p><strong>Batismos na Par\u00f3quia do Amparo<\/strong><\/p>\n\n\n\n<p>Tamb\u00e9m no contexto da Semana Santa, a Par\u00f3quia de Nossa Senhora do Amparo, celebra o Domingo de Ramos, no dia 29 de mar\u00e7o, com uma missa e prociss\u00e3o \u00e0s 10h00, que parte do Centro Paroquial do Amparo. Est\u00e3o ainda agendadas celebra\u00e7\u00f5es \u00e0s 12h15 na Capela de Santa Catarina, na Fortaleza da Praia da Rocha, e \u00e0s 19h00 na Igreja do Amparo.<\/p>\n\n\n\n<p>Na Quinta-feira Santa, 2 de abril, h\u00e1 outro momento de grande significado para a comunidade com a Missa da Ceia do Senhor e rito do lava-p\u00e9s \u00e0s 21h00, enquanto a Sexta-feira Santa inicia-se com a ora\u00e7\u00e3o de Laudes \u00e0s 10h00, seguida de Via-Sacra \u00e0s 15h00 e da Celebra\u00e7\u00e3o da Paix\u00e3o do Senhor \u00e0s 18h00. A 4 de abril, s\u00e1bado, haver\u00e1 ainda Laudes \u00e0s 10h00 e a tradicional Vig\u00edlia Pascal \u00e0s 22h00, com batismo de adultos.<\/p>\n\n\n\n<p>O Domingo de P\u00e1scoa come\u00e7a com uma missa \u00e0s 10h00, onde ganham destaque os batismos de crian\u00e7as, outro momento que costuma envolver a comunidade nesta intensa manifesta\u00e7\u00e3o da f\u00e9, estando ainda prevista uma nova celebra\u00e7\u00e3o \u00e0s 12h15 na Capela de Santa Catarina e uma eucaristia \u00e0s 19h00.<\/p>\n\n\n\n<p><strong>Prociss\u00e3o e Via-Sacra tamb\u00e9m em Alvor<\/strong><\/p>\n\n\n\n<p>Na Par\u00f3quia do Divino Salvador de Alvor, a Semana Santa e a P\u00e1scoa s\u00e3o tamb\u00e9m vividas com diversos momentos que enaltecem a f\u00e9 crist\u00e3. \u00c9 j\u00e1 no pr\u00f3ximo domingo, 22 de mar\u00e7o, que ter\u00e1 lugar a evoca\u00e7\u00e3o das Sete Palavras de Cristo, a que se segue, no dia 27, a tradicional Via-Sacra pelas ruas da vila.<\/p>\n\n\n\n<p>Momento tamb\u00e9m de grande import\u00e2ncia para esta comunidade, assim como para os crist\u00e3os em geral pelo simbolismo de que se reveste, \u00e9 o Domingo de Ramos, com a Prociss\u00e3o que parte da Igreja da Miseric\u00f3rdia em dire\u00e7\u00e3o \u00e0 Matriz de Alvor, \u00e0s 9h30.<\/p>\n\n\n\n<p>Durante a Semana Santa, na Par\u00f3quia do Divino Salvador, assinalam-se ainda a Ceia do Senhor, com rito do lava-p\u00e9s, no dia 2 de abril, \u00e0s 19h00, as laudes cantadas, na Sexta-feira Santa \u00e0s 10h00, e, no mesmo dia, a Celebra\u00e7\u00e3o da Paix\u00e3o, \u00e0s 15h00, e a Prociss\u00e3o do Enterro do Senhor, \u00e0s 21h00.<\/p>\n\n\n\n<p>O S\u00e1bado Santo \u00e9 reservado \u00e0s Laudes que decorrem pelas 10h00, \u00e0 b\u00ean\u00e7\u00e3o de alimentos \u00e0s 11h00 e \u00e0 Vig\u00edlia Pascal \u00e0s 21h30, seguida do an\u00fancio solene da P\u00e1scoa pelas ruas da vila. No Domingo de P\u00e1scoa, dia 5 de abril, a comunidade junta-se para celebrar a Ressurrei\u00e7\u00e3o com a habitual Prociss\u00e3o, \u00e0s 9h30, seguida de eucaristia.<\/p>\n\n\n\n<p><strong>Cidade conta com diversas iniciativas de anima\u00e7\u00e3o<\/strong><\/p>\n\n\n\n<p>A par das celebra\u00e7\u00f5es lit\u00fargicas, cujo programa completo poder\u00e1 ser consultado em www.vivaportimao.pt, o Munic\u00edpio de Portim\u00e3o promove tamb\u00e9m diversas iniciativas de anima\u00e7\u00e3o associadas \u00e0 quadra pascal, sob o mote \u201cViva a P\u00e1scoa em Portim\u00e3o 2026\u201d.<\/p>\n","protected":false},"excerpt":{"rendered":"<p>Numa verdadeira manifesta\u00e7\u00e3o de f\u00e9 que caracteriza a \u00e9poca festiva que se aproxima, as par\u00f3quias do concelho de Portim\u00e3o voltam<\/p>\n","protected":false},"author":1,"featured_media":60098,"comment_status":"closed","ping_status":"closed","sticky":false,"template":"","format":"standard","meta":{"colormag_page_container_layout":"default_layout","colormag_page_sidebar_layout":"default_layout","_monsterinsights_skip_tracking":false,"_monsterinsights_sitenote_active":false,"_monsterinsights_sitenote_note":"","_monsterinsights_sitenote_category":0,"jetpack_post_was_ever_published":false,"_jetpack_newsletter_access":"","_jetpack_dont_email_post_to_subs":false,"_jetpack_newsletter_tier_id":0,"_jetpack_memberships_contains_paywalled_content":false,"_jetpack_memberships_contains_paid_content":false,"footnotes":"","jetpack_publicize_message":"","jetpack_publicize_feature_enabled":true,"jetpack_social_post_already_shared":true,"jetpack_social_options":{"image_generator_settings":{"template":"highway","default_image_id":0,"font":"","enabled":false},"version":2}},"categories":[14],"tags":[36,35,72],"class_list":["post-60097","post","type-post","status-publish","format-standard","has-post-thumbnail","hentry","category-cultura","tag-algarve","tag-cultura","tag-portimao"],"yoast_head":"<!-- This site is optimized with the Yoast SEO plugin v27.4 - https:\/\/yoast.com\/product\/yoast-seo-wordpress\/ -->\n<title>Par\u00f3quias do concelho de Portim\u00e3o revivem tradi\u00e7\u00f5es pascais na Semana Santa - Algarve 7<\/title>\n<meta name=\"description\" content=\"Par\u00f3quias do concelho de Portim\u00e3o revivem tradi\u00e7\u00f5es pascais na Semana Santa Cultura\" \/>\n<meta name=\"robots\" content=\"index, follow, max-snippet:-1, max-image-preview:large, max-video-preview:-1\" \/>\n<link rel=\"canonical\" href=\"https:\/\/algarve7.pt\/index.php\/2026\/03\/paroquias-do-concelho-de-portimao-revivem-tradicoes-pascais-na-semana-santa-2\/cultura\/09\/39\/\" \/>\n<meta property=\"og:locale\" content=\"pt_PT\" \/>\n<meta property=\"og:type\" content=\"article\" \/>\n<meta property=\"og:title\" content=\"Par\u00f3quias do concelho de Portim\u00e3o revivem tradi\u00e7\u00f5es pascais na Semana Santa - Algarve 7\" \/>\n<meta property=\"og:description\" content=\"Par\u00f3quias do concelho de Portim\u00e3o revivem tradi\u00e7\u00f5es pascais na Semana Santa Cultura\" \/>\n<meta property=\"og:url\" content=\"https:\/\/algarve7.pt\/index.php\/2026\/03\/paroquias-do-concelho-de-portimao-revivem-tradicoes-pascais-na-semana-santa-2\/cultura\/09\/39\/\" \/>\n<meta property=\"og:site_name\" content=\"Algarve 7\" \/>\n<meta property=\"article:publisher\" content=\"https:\/\/www.facebook.com\/algarve7\" \/>\n<meta property=\"article:author\" content=\"https:\/\/www.facebook.com\/algarve7\" \/>\n<meta property=\"article:published_time\" content=\"2026-03-20T09:39:58+00:00\" \/>\n<meta property=\"article:modified_time\" content=\"2026-03-20T09:40:11+00:00\" \/>\n<meta property=\"og:image\" content=\"https:\/\/algarve7.pt\/wp-content\/uploads\/2026\/03\/Procissao-da-Ressurreicao-de-Jesus-pelas-ruas-de-Por-timao-DR.jpg\" \/>\n\t<meta property=\"og:image:width\" content=\"800\" \/>\n\t<meta property=\"og:image:height\" content=\"445\" \/>\n\t<meta property=\"og:image:type\" content=\"image\/jpeg\" \/>\n<meta name=\"author\" content=\"Algarve 7\" \/>\n<meta name=\"twitter:card\" content=\"summary_large_image\" \/>\n<meta name=\"twitter:creator\" content=\"@Algarvesete\" \/>\n<meta name=\"twitter:site\" content=\"@Algarvesete\" \/>\n<meta name=\"twitter:label1\" content=\"Escrito por\" \/>\n\t<meta name=\"twitter:data1\" content=\"Algarve 7\" \/>\n\t<meta name=\"twitter:label2\" content=\"Tempo estimado de leitura\" \/>\n\t<meta name=\"twitter:data2\" content=\"8 minutos\" \/>\n<script type=\"application\/ld+json\" class=\"yoast-schema-graph\">{\"@context\":\"https:\\\/\\\/schema.org\",\"@graph\":[{\"@type\":\"Article\",\"@id\":\"https:\\\/\\\/algarve7.pt\\\/index.php\\\/2026\\\/03\\\/paroquias-do-concelho-de-portimao-revivem-tradicoes-pascais-na-semana-santa-2\\\/cultura\\\/09\\\/39\\\/#article\",\"isPartOf\":{\"@id\":\"https:\\\/\\\/algarve7.pt\\\/index.php\\\/2026\\\/03\\\/paroquias-do-concelho-de-portimao-revivem-tradicoes-pascais-na-semana-santa-2\\\/cultura\\\/09\\\/39\\\/\"},\"author\":{\"name\":\"Algarve 7\",\"@id\":\"https:\\\/\\\/algarve7.pt\\\/#\\\/schema\\\/person\\\/23fa70681308e7b319a3204bcea45e0c\"},\"headline\":\"Par\u00f3quias do concelho de Portim\u00e3o revivem tradi\u00e7\u00f5es pascais na Semana Santa\",\"datePublished\":\"2026-03-20T09:39:58+00:00\",\"dateModified\":\"2026-03-20T09:40:11+00:00\",\"mainEntityOfPage\":{\"@id\":\"https:\\\/\\\/algarve7.pt\\\/index.php\\\/2026\\\/03\\\/paroquias-do-concelho-de-portimao-revivem-tradicoes-pascais-na-semana-santa-2\\\/cultura\\\/09\\\/39\\\/\"},\"wordCount\":1524,\"publisher\":{\"@id\":\"https:\\\/\\\/algarve7.pt\\\/#organization\"},\"image\":{\"@id\":\"https:\\\/\\\/algarve7.pt\\\/index.php\\\/2026\\\/03\\\/paroquias-do-concelho-de-portimao-revivem-tradicoes-pascais-na-semana-santa-2\\\/cultura\\\/09\\\/39\\\/#primaryimage\"},\"thumbnailUrl\":\"https:\\\/\\\/algarve7.pt\\\/wp-content\\\/uploads\\\/2026\\\/03\\\/Procissao-da-Ressurreicao-de-Jesus-pelas-ruas-de-Por-timao-DR.jpg\",\"keywords\":[\"Algarve\",\"Cultura\",\"Portim\u00e3o\"],\"articleSection\":[\"Cultura\"],\"inLanguage\":\"pt-PT\"},{\"@type\":\"WebPage\",\"@id\":\"https:\\\/\\\/algarve7.pt\\\/index.php\\\/2026\\\/03\\\/paroquias-do-concelho-de-portimao-revivem-tradicoes-pascais-na-semana-santa-2\\\/cultura\\\/09\\\/39\\\/\",\"url\":\"https:\\\/\\\/algarve7.pt\\\/index.php\\\/2026\\\/03\\\/paroquias-do-concelho-de-portimao-revivem-tradicoes-pascais-na-semana-santa-2\\\/cultura\\\/09\\\/39\\\/\",\"name\":\"Par\u00f3quias do concelho de Portim\u00e3o revivem tradi\u00e7\u00f5es pascais na Semana Santa - Algarve 7\",\"isPartOf\":{\"@id\":\"https:\\\/\\\/algarve7.pt\\\/#website\"},\"primaryImageOfPage\":{\"@id\":\"https:\\\/\\\/algarve7.pt\\\/index.php\\\/2026\\\/03\\\/paroquias-do-concelho-de-portimao-revivem-tradicoes-pascais-na-semana-santa-2\\\/cultura\\\/09\\\/39\\\/#primaryimage\"},\"image\":{\"@id\":\"https:\\\/\\\/algarve7.pt\\\/index.php\\\/2026\\\/03\\\/paroquias-do-concelho-de-portimao-revivem-tradicoes-pascais-na-semana-santa-2\\\/cultura\\\/09\\\/39\\\/#primaryimage\"},\"thumbnailUrl\":\"https:\\\/\\\/algarve7.pt\\\/wp-content\\\/uploads\\\/2026\\\/03\\\/Procissao-da-Ressurreicao-de-Jesus-pelas-ruas-de-Por-timao-DR.jpg\",\"datePublished\":\"2026-03-20T09:39:58+00:00\",\"dateModified\":\"2026-03-20T09:40:11+00:00\",\"description\":\"Par\u00f3quias do concelho de Portim\u00e3o revivem tradi\u00e7\u00f5es pascais na Semana Santa Cultura\",\"breadcrumb\":{\"@id\":\"https:\\\/\\\/algarve7.pt\\\/index.php\\\/2026\\\/03\\\/paroquias-do-concelho-de-portimao-revivem-tradicoes-pascais-na-semana-santa-2\\\/cultura\\\/09\\\/39\\\/#breadcrumb\"},\"inLanguage\":\"pt-PT\",\"potentialAction\":[{\"@type\":\"ReadAction\",\"target\":[\"https:\\\/\\\/algarve7.pt\\\/index.php\\\/2026\\\/03\\\/paroquias-do-concelho-de-portimao-revivem-tradicoes-pascais-na-semana-santa-2\\\/cultura\\\/09\\\/39\\\/\"]}]},{\"@type\":\"ImageObject\",\"inLanguage\":\"pt-PT\",\"@id\":\"https:\\\/\\\/algarve7.pt\\\/index.php\\\/2026\\\/03\\\/paroquias-do-concelho-de-portimao-revivem-tradicoes-pascais-na-semana-santa-2\\\/cultura\\\/09\\\/39\\\/#primaryimage\",\"url\":\"https:\\\/\\\/algarve7.pt\\\/wp-content\\\/uploads\\\/2026\\\/03\\\/Procissao-da-Ressurreicao-de-Jesus-pelas-ruas-de-Por-timao-DR.jpg\",\"contentUrl\":\"https:\\\/\\\/algarve7.pt\\\/wp-content\\\/uploads\\\/2026\\\/03\\\/Procissao-da-Ressurreicao-de-Jesus-pelas-ruas-de-Por-timao-DR.jpg\",\"width\":800,\"height\":445},{\"@type\":\"BreadcrumbList\",\"@id\":\"https:\\\/\\\/algarve7.pt\\\/index.php\\\/2026\\\/03\\\/paroquias-do-concelho-de-portimao-revivem-tradicoes-pascais-na-semana-santa-2\\\/cultura\\\/09\\\/39\\\/#breadcrumb\",\"itemListElement\":[{\"@type\":\"ListItem\",\"position\":1,\"name\":\"In\u00edcio\",\"item\":\"https:\\\/\\\/algarve7.pt\\\/\"},{\"@type\":\"ListItem\",\"position\":2,\"name\":\"Par\u00f3quias do concelho de Portim\u00e3o revivem tradi\u00e7\u00f5es pascais na Semana Santa\"}]},{\"@type\":\"WebSite\",\"@id\":\"https:\\\/\\\/algarve7.pt\\\/#website\",\"url\":\"https:\\\/\\\/algarve7.pt\\\/\",\"name\":\"Algarve 7\",\"description\":\"Informa\u00e7\u00e3o sobre o Algarve\",\"publisher\":{\"@id\":\"https:\\\/\\\/algarve7.pt\\\/#organization\"},\"potentialAction\":[{\"@type\":\"SearchAction\",\"target\":{\"@type\":\"EntryPoint\",\"urlTemplate\":\"https:\\\/\\\/algarve7.pt\\\/?s={search_term_string}\"},\"query-input\":{\"@type\":\"PropertyValueSpecification\",\"valueRequired\":true,\"valueName\":\"search_term_string\"}}],\"inLanguage\":\"pt-PT\"},{\"@type\":\"Organization\",\"@id\":\"https:\\\/\\\/algarve7.pt\\\/#organization\",\"name\":\"Algarve 7\",\"url\":\"https:\\\/\\\/algarve7.pt\\\/\",\"logo\":{\"@type\":\"ImageObject\",\"inLanguage\":\"pt-PT\",\"@id\":\"https:\\\/\\\/algarve7.pt\\\/#\\\/schema\\\/logo\\\/image\\\/\",\"url\":\"https:\\\/\\\/algarve7.pt\\\/wp-content\\\/uploads\\\/2020\\\/10\\\/Logo-8.jpg\",\"contentUrl\":\"https:\\\/\\\/algarve7.pt\\\/wp-content\\\/uploads\\\/2020\\\/10\\\/Logo-8.jpg\",\"width\":1680,\"height\":1186,\"caption\":\"Algarve 7\"},\"image\":{\"@id\":\"https:\\\/\\\/algarve7.pt\\\/#\\\/schema\\\/logo\\\/image\\\/\"},\"sameAs\":[\"https:\\\/\\\/www.facebook.com\\\/algarve7\",\"https:\\\/\\\/x.com\\\/Algarvesete\",\"https:\\\/\\\/www.instagram.com\\\/jornalalgarve7\\\/\",\"https:\\\/\\\/www.linkedin.com\\\/company\\\/algarve7\",\"https:\\\/\\\/www.pinterest.pt\\\/geral0939\\\/_created\\\/\"]},{\"@type\":\"Person\",\"@id\":\"https:\\\/\\\/algarve7.pt\\\/#\\\/schema\\\/person\\\/23fa70681308e7b319a3204bcea45e0c\",\"name\":\"Algarve 7\",\"sameAs\":[\"https:\\\/\\\/algarve7.pt\",\"https:\\\/\\\/www.facebook.com\\\/algarve7\"],\"url\":\"https:\\\/\\\/algarve7.pt\\\/index.php\\\/author\\\/geralalgarve7-pt\\\/\"}]}<\/script>\n<!-- \/ Yoast SEO plugin. -->","yoast_head_json":{"title":"Par\u00f3quias do concelho de Portim\u00e3o revivem tradi\u00e7\u00f5es pascais na Semana Santa - Algarve 7","description":"Par\u00f3quias do concelho de Portim\u00e3o revivem tradi\u00e7\u00f5es pascais na Semana Santa Cultura","robots":{"index":"index","follow":"follow","max-snippet":"max-snippet:-1","max-image-preview":"max-image-preview:large","max-video-preview":"max-video-preview:-1"},"canonical":"https:\/\/algarve7.pt\/index.php\/2026\/03\/paroquias-do-concelho-de-portimao-revivem-tradicoes-pascais-na-semana-santa-2\/cultura\/09\/39\/","og_locale":"pt_PT","og_type":"article","og_title":"Par\u00f3quias do concelho de Portim\u00e3o revivem tradi\u00e7\u00f5es pascais na Semana Santa - Algarve 7","og_description":"Par\u00f3quias do concelho de Portim\u00e3o revivem tradi\u00e7\u00f5es pascais na Semana Santa Cultura","og_url":"https:\/\/algarve7.pt\/index.php\/2026\/03\/paroquias-do-concelho-de-portimao-revivem-tradicoes-pascais-na-semana-santa-2\/cultura\/09\/39\/","og_site_name":"Algarve 7","article_publisher":"https:\/\/www.facebook.com\/algarve7","article_author":"https:\/\/www.facebook.com\/algarve7","article_published_time":"2026-03-20T09:39:58+00:00","article_modified_time":"2026-03-20T09:40:11+00:00","og_image":[{"width":800,"height":445,"url":"https:\/\/algarve7.pt\/wp-content\/uploads\/2026\/03\/Procissao-da-Ressurreicao-de-Jesus-pelas-ruas-de-Por-timao-DR.jpg","type":"image\/jpeg"}],"author":"Algarve 7","twitter_card":"summary_large_image","twitter_creator":"@Algarvesete","twitter_site":"@Algarvesete","twitter_misc":{"Escrito por":"Algarve 7","Tempo estimado de leitura":"8 minutos"},"schema":{"@context":"https:\/\/schema.org","@graph":[{"@type":"Article","@id":"https:\/\/algarve7.pt\/index.php\/2026\/03\/paroquias-do-concelho-de-portimao-revivem-tradicoes-pascais-na-semana-santa-2\/cultura\/09\/39\/#article","isPartOf":{"@id":"https:\/\/algarve7.pt\/index.php\/2026\/03\/paroquias-do-concelho-de-portimao-revivem-tradicoes-pascais-na-semana-santa-2\/cultura\/09\/39\/"},"author":{"name":"Algarve 7","@id":"https:\/\/algarve7.pt\/#\/schema\/person\/23fa70681308e7b319a3204bcea45e0c"},"headline":"Par\u00f3quias do concelho de Portim\u00e3o revivem tradi\u00e7\u00f5es pascais na Semana Santa","datePublished":"2026-03-20T09:39:58+00:00","dateModified":"2026-03-20T09:40:11+00:00","mainEntityOfPage":{"@id":"https:\/\/algarve7.pt\/index.php\/2026\/03\/paroquias-do-concelho-de-portimao-revivem-tradicoes-pascais-na-semana-santa-2\/cultura\/09\/39\/"},"wordCount":1524,"publisher":{"@id":"https:\/\/algarve7.pt\/#organization"},"image":{"@id":"https:\/\/algarve7.pt\/index.php\/2026\/03\/paroquias-do-concelho-de-portimao-revivem-tradicoes-pascais-na-semana-santa-2\/cultura\/09\/39\/#primaryimage"},"thumbnailUrl":"https:\/\/algarve7.pt\/wp-content\/uploads\/2026\/03\/Procissao-da-Ressurreicao-de-Jesus-pelas-ruas-de-Por-timao-DR.jpg","keywords":["Algarve","Cultura","Portim\u00e3o"],"articleSection":["Cultura"],"inLanguage":"pt-PT"},{"@type":"WebPage","@id":"https:\/\/algarve7.pt\/index.php\/2026\/03\/paroquias-do-concelho-de-portimao-revivem-tradicoes-pascais-na-semana-santa-2\/cultura\/09\/39\/","url":"https:\/\/algarve7.pt\/index.php\/2026\/03\/paroquias-do-concelho-de-portimao-revivem-tradicoes-pascais-na-semana-santa-2\/cultura\/09\/39\/","name":"Par\u00f3quias do concelho de Portim\u00e3o revivem tradi\u00e7\u00f5es pascais na Semana Santa - Algarve 7","isPartOf":{"@id":"https:\/\/algarve7.pt\/#website"},"primaryImageOfPage":{"@id":"https:\/\/algarve7.pt\/index.php\/2026\/03\/paroquias-do-concelho-de-portimao-revivem-tradicoes-pascais-na-semana-santa-2\/cultura\/09\/39\/#primaryimage"},"image":{"@id":"https:\/\/algarve7.pt\/index.php\/2026\/03\/paroquias-do-concelho-de-portimao-revivem-tradicoes-pascais-na-semana-santa-2\/cultura\/09\/39\/#primaryimage"},"thumbnailUrl":"https:\/\/algarve7.pt\/wp-content\/uploads\/2026\/03\/Procissao-da-Ressurreicao-de-Jesus-pelas-ruas-de-Por-timao-DR.jpg","datePublished":"2026-03-20T09:39:58+00:00","dateModified":"2026-03-20T09:40:11+00:00","description":"Par\u00f3quias do concelho de Portim\u00e3o revivem tradi\u00e7\u00f5es pascais na Semana Santa Cultura","breadcrumb":{"@id":"https:\/\/algarve7.pt\/index.php\/2026\/03\/paroquias-do-concelho-de-portimao-revivem-tradicoes-pascais-na-semana-santa-2\/cultura\/09\/39\/#breadcrumb"},"inLanguage":"pt-PT","potentialAction":[{"@type":"ReadAction","target":["https:\/\/algarve7.pt\/index.php\/2026\/03\/paroquias-do-concelho-de-portimao-revivem-tradicoes-pascais-na-semana-santa-2\/cultura\/09\/39\/"]}]},{"@type":"ImageObject","inLanguage":"pt-PT","@id":"https:\/\/algarve7.pt\/index.php\/2026\/03\/paroquias-do-concelho-de-portimao-revivem-tradicoes-pascais-na-semana-santa-2\/cultura\/09\/39\/#primaryimage","url":"https:\/\/algarve7.pt\/wp-content\/uploads\/2026\/03\/Procissao-da-Ressurreicao-de-Jesus-pelas-ruas-de-Por-timao-DR.jpg","contentUrl":"https:\/\/algarve7.pt\/wp-content\/uploads\/2026\/03\/Procissao-da-Ressurreicao-de-Jesus-pelas-ruas-de-Por-timao-DR.jpg","width":800,"height":445},{"@type":"BreadcrumbList","@id":"https:\/\/algarve7.pt\/index.php\/2026\/03\/paroquias-do-concelho-de-portimao-revivem-tradicoes-pascais-na-semana-santa-2\/cultura\/09\/39\/#breadcrumb","itemListElement":[{"@type":"ListItem","position":1,"name":"In\u00edcio","item":"https:\/\/algarve7.pt\/"},{"@type":"ListItem","position":2,"name":"Par\u00f3quias do concelho de Portim\u00e3o revivem tradi\u00e7\u00f5es pascais na Semana Santa"}]},{"@type":"WebSite","@id":"https:\/\/algarve7.pt\/#website","url":"https:\/\/algarve7.pt\/","name":"Algarve 7","description":"Informa\u00e7\u00e3o sobre o Algarve","publisher":{"@id":"https:\/\/algarve7.pt\/#organization"},"potentialAction":[{"@type":"SearchAction","target":{"@type":"EntryPoint","urlTemplate":"https:\/\/algarve7.pt\/?s={search_term_string}"},"query-input":{"@type":"PropertyValueSpecification","valueRequired":true,"valueName":"search_term_string"}}],"inLanguage":"pt-PT"},{"@type":"Organization","@id":"https:\/\/algarve7.pt\/#organization","name":"Algarve 7","url":"https:\/\/algarve7.pt\/","logo":{"@type":"ImageObject","inLanguage":"pt-PT","@id":"https:\/\/algarve7.pt\/#\/schema\/logo\/image\/","url":"https:\/\/algarve7.pt\/wp-content\/uploads\/2020\/10\/Logo-8.jpg","contentUrl":"https:\/\/algarve7.pt\/wp-content\/uploads\/2020\/10\/Logo-8.jpg","width":1680,"height":1186,"caption":"Algarve 7"},"image":{"@id":"https:\/\/algarve7.pt\/#\/schema\/logo\/image\/"},"sameAs":["https:\/\/www.facebook.com\/algarve7","https:\/\/x.com\/Algarvesete","https:\/\/www.instagram.com\/jornalalgarve7\/","https:\/\/www.linkedin.com\/company\/algarve7","https:\/\/www.pinterest.pt\/geral0939\/_created\/"]},{"@type":"Person","@id":"https:\/\/algarve7.pt\/#\/schema\/person\/23fa70681308e7b319a3204bcea45e0c","name":"Algarve 7","sameAs":["https:\/\/algarve7.pt","https:\/\/www.facebook.com\/algarve7"],"url":"https:\/\/algarve7.pt\/index.php\/author\/geralalgarve7-pt\/"}]}},"jetpack_publicize_connections":[],"jetpack_featured_media_url":"https:\/\/algarve7.pt\/wp-content\/uploads\/2026\/03\/Procissao-da-Ressurreicao-de-Jesus-pelas-ruas-de-Por-timao-DR.jpg","jetpack_shortlink":"https:\/\/wp.me\/pcezmW-fDj","jetpack_sharing_enabled":true,"_links":{"self":[{"href":"https:\/\/algarve7.pt\/index.php\/wp-json\/wp\/v2\/posts\/60097","targetHints":{"allow":["GET"]}}],"collection":[{"href":"https:\/\/algarve7.pt\/index.php\/wp-json\/wp\/v2\/posts"}],"about":[{"href":"https:\/\/algarve7.pt\/index.php\/wp-json\/wp\/v2\/types\/post"}],"author":[{"embeddable":true,"href":"https:\/\/algarve7.pt\/index.php\/wp-json\/wp\/v2\/users\/1"}],"replies":[{"embeddable":true,"href":"https:\/\/algarve7.pt\/index.php\/wp-json\/wp\/v2\/comments?post=60097"}],"version-history":[{"count":0,"href":"https:\/\/algarve7.pt\/index.php\/wp-json\/wp\/v2\/posts\/60097\/revisions"}],"wp:featuredmedia":[{"embeddable":true,"href":"https:\/\/algarve7.pt\/index.php\/wp-json\/wp\/v2\/media\/60098"}],"wp:attachment":[{"href":"https:\/\/algarve7.pt\/index.php\/wp-json\/wp\/v2\/media?parent=60097"}],"wp:term":[{"taxonomy":"category","embeddable":true,"href":"https:\/\/algarve7.pt\/index.php\/wp-json\/wp\/v2\/categories?post=60097"},{"taxonomy":"post_tag","embeddable":true,"href":"https:\/\/algarve7.pt\/index.php\/wp-json\/wp\/v2\/tags?post=60097"}],"curies":[{"name":"wp","href":"https:\/\/api.w.org\/{rel}","templated":true}]}}