{"id":60052,"date":"2026-03-20T07:30:00","date_gmt":"2026-03-20T07:30:00","guid":{"rendered":"https:\/\/algarve7.pt\/?p=60052"},"modified":"2026-03-19T11:04:59","modified_gmt":"2026-03-19T11:04:59","slug":"lagoa-afirma-se-como-palco-de-excelencia-para-o-desporto-com-fim-de-semana-diversificado-e-de-grande-qualidade","status":"publish","type":"post","link":"https:\/\/algarve7.pt\/index.php\/2026\/03\/lagoa-afirma-se-como-palco-de-excelencia-para-o-desporto-com-fim-de-semana-diversificado-e-de-grande-qualidade\/desporto\/07\/30\/","title":{"rendered":"Lagoa afirma-se como palco de excel\u00eancia para o desporto com fim de semana diversificado e de grande qualidade"},"content":{"rendered":"\n<p><strong>O concelho de Lagoa viveu, nos dias 14 e 15 de mar\u00e7o, um fim de semana marcado por uma intensa e diversificada atividade desportiva, refor\u00e7ando a sua posi\u00e7\u00e3o como destino de refer\u00eancia para a realiza\u00e7\u00e3o de eventos de elevado n\u00edvel competitivo e organizativo.&nbsp;<\/strong><br><\/p>\n\n\n\n<p>O Munic\u00edpio acolheu iniciativas que abrangeram diferentes modalidades e escal\u00f5es, envolvendo atletas locais, regionais, nacionais e internacionais.&nbsp;<br><\/p>\n\n\n\n<p>No dia 14 de mar\u00e7o, Lagoa recebeu o Encontro de Atletismo \u2013 Campeonato Regional de Iniciados, que reuniu jovens atletas de toda a regi\u00e3o num ambiente de saud\u00e1vel competi\u00e7\u00e3o, onde se destacou o talento, a dedica\u00e7\u00e3o e o esp\u00edrito desportivo demonstrados ao longo das diversas disciplinas de pista e campo.&nbsp;<br><\/p>\n\n\n\n<p>Ainda no mesmo dia, o Pavilh\u00e3o Desportivo Municipal Jacinto Correia foi palco da Final da Ta\u00e7a em Futsal Masculino 2025\/2026, um momento alto da modalidade no Algarve, que colocou frente a frente as equipas do Albufeira FC e dos Son\u00e2mbulos FLA. Num jogo de grande intensidade e emo\u00e7\u00e3o, os Son\u00e2mbulos FLA conquistaram o t\u00edtulo, proporcionando um espet\u00e1culo desportivo de elevada qualidade.&nbsp;<br><\/p>\n\n\n\n<p>Paralelamente, o concelho integrou tamb\u00e9m a realiza\u00e7\u00e3o da Algarve Elite Cup, um prestigiado torneio internacional de futebol juvenil, que trouxe \u00e0 regi\u00e3o equipas de refer\u00eancia e jovens promessas de v\u00e1rios pa\u00edses, contribuindo para a proje\u00e7\u00e3o internacional de Lagoa enquanto destino desportivo.&nbsp;<br><\/p>\n\n\n\n<p>J\u00e1 no dia 15 de mar\u00e7o, o destaque foi para o Lagoa Criterium, integrado na II Ta\u00e7a do Algarve em ciclismo, que decorreu no Parque Municipal de Feiras e Exposi\u00e7\u00f5es de Lagoa. A prova contou com a participa\u00e7\u00e3o de atletas nos escal\u00f5es de Elite, Masters e Open, masculinos e femininos, num evento que voltou a evidenciar a forte din\u00e2mica desportiva do concelho e a capacidade de organiza\u00e7\u00e3o de competi\u00e7\u00f5es exigentes.&nbsp;<br><\/p>\n\n\n\n<p>Durante este fim de semana, Lagoa acolheu ainda o segundo dia de provas da Ta\u00e7a de Portugal e do Circuito Nacional de Mergulho em Apneia Indoor 2026, nas Piscinas Municipais de Lagoa. A organiza\u00e7\u00e3o destacou publicamente a forma exemplar como foi recebida pelo Munic\u00edpio, sublinhando o apoio prestado, as condi\u00e7\u00f5es disponibilizadas e o envolvimento dos servi\u00e7os municipais, fatores determinantes para o sucesso da competi\u00e7\u00e3o.&nbsp;<br><\/p>\n\n\n\n<p>O Munic\u00edpio de Lagoa refor\u00e7a, assim, o seu compromisso com o desenvolvimento e promo\u00e7\u00e3o do desporto, criando condi\u00e7\u00f5es de excel\u00eancia para a pr\u00e1tica desportiva e para a realiza\u00e7\u00e3o de eventos de diferentes dimens\u00f5es e modalidades.&nbsp;<br><\/p>\n\n\n\n<p>Este fim de semana desportivo \u00e9 mais um exemplo claro da capacidade de Lagoa para acolher, com qualidade e profissionalismo, iniciativas que valorizam o territ\u00f3rio, dinamizam a economia local e inspiram os Lagoenses.&nbsp;<\/p>\n","protected":false},"excerpt":{"rendered":"<p>O concelho de Lagoa viveu, nos dias 14 e 15 de mar\u00e7o, um fim de semana marcado por uma intensa<\/p>\n","protected":false},"author":1,"featured_media":60053,"comment_status":"closed","ping_status":"closed","sticky":false,"template":"","format":"standard","meta":{"colormag_page_container_layout":"default_layout","colormag_page_sidebar_layout":"default_layout","_monsterinsights_skip_tracking":false,"_monsterinsights_sitenote_active":false,"_monsterinsights_sitenote_note":"","_monsterinsights_sitenote_category":0,"jetpack_post_was_ever_published":false,"_jetpack_newsletter_access":"","_jetpack_dont_email_post_to_subs":false,"_jetpack_newsletter_tier_id":0,"_jetpack_memberships_contains_paywalled_content":false,"_jetpack_memberships_contains_paid_content":false,"footnotes":"","jetpack_publicize_message":"","jetpack_publicize_feature_enabled":true,"jetpack_social_post_already_shared":true,"jetpack_social_options":{"image_generator_settings":{"template":"highway","default_image_id":0,"font":"","enabled":false},"version":2}},"categories":[15],"tags":[36,40,48],"class_list":["post-60052","post","type-post","status-publish","format-standard","has-post-thumbnail","hentry","category-desporto","tag-algarve","tag-desporto","tag-lagoa"],"yoast_head":"<!-- This site is optimized with the Yoast SEO plugin v27.5 - https:\/\/yoast.com\/product\/yoast-seo-wordpress\/ -->\n<title>Lagoa afirma-se como palco de excel\u00eancia para o desporto com fim de semana diversificado e de grande qualidade - Algarve 7<\/title>\n<meta name=\"description\" content=\"Lagoa afirma-se como palco de excel\u00eancia para o desporto com fim de semana diversificado e de grande qualidade Desporto\" \/>\n<meta name=\"robots\" content=\"index, follow, max-snippet:-1, max-image-preview:large, max-video-preview:-1\" \/>\n<link rel=\"canonical\" href=\"https:\/\/algarve7.pt\/index.php\/2026\/03\/lagoa-afirma-se-como-palco-de-excelencia-para-o-desporto-com-fim-de-semana-diversificado-e-de-grande-qualidade\/desporto\/07\/30\/\" \/>\n<meta property=\"og:locale\" content=\"pt_PT\" \/>\n<meta property=\"og:type\" content=\"article\" \/>\n<meta property=\"og:title\" content=\"Lagoa afirma-se como palco de excel\u00eancia para o desporto com fim de semana diversificado e de grande qualidade - Algarve 7\" \/>\n<meta property=\"og:description\" content=\"Lagoa afirma-se como palco de excel\u00eancia para o desporto com fim de semana diversificado e de grande qualidade Desporto\" \/>\n<meta property=\"og:url\" content=\"https:\/\/algarve7.pt\/index.php\/2026\/03\/lagoa-afirma-se-como-palco-de-excelencia-para-o-desporto-com-fim-de-semana-diversificado-e-de-grande-qualidade\/desporto\/07\/30\/\" \/>\n<meta property=\"og:site_name\" content=\"Algarve 7\" \/>\n<meta property=\"article:publisher\" content=\"https:\/\/www.facebook.com\/algarve7\" \/>\n<meta property=\"article:author\" content=\"https:\/\/www.facebook.com\/algarve7\" \/>\n<meta property=\"article:published_time\" content=\"2026-03-20T07:30:00+00:00\" \/>\n<meta property=\"og:image\" content=\"https:\/\/algarve7.pt\/wp-content\/uploads\/2026\/03\/Captura-de-ecra-2026-03-19-as-11.03.39.png\" \/>\n\t<meta property=\"og:image:width\" content=\"800\" \/>\n\t<meta property=\"og:image:height\" content=\"445\" \/>\n\t<meta property=\"og:image:type\" content=\"image\/png\" \/>\n<meta name=\"author\" content=\"Algarve 7\" \/>\n<meta name=\"twitter:card\" content=\"summary_large_image\" \/>\n<meta name=\"twitter:creator\" content=\"@Algarvesete\" \/>\n<meta name=\"twitter:site\" content=\"@Algarvesete\" \/>\n<meta name=\"twitter:label1\" content=\"Escrito por\" \/>\n\t<meta name=\"twitter:data1\" content=\"Algarve 7\" \/>\n\t<meta name=\"twitter:label2\" content=\"Tempo estimado de leitura\" \/>\n\t<meta name=\"twitter:data2\" content=\"3 minutos\" \/>\n<script type=\"application\/ld+json\" class=\"yoast-schema-graph\">{\"@context\":\"https:\\\/\\\/schema.org\",\"@graph\":[{\"@type\":\"Article\",\"@id\":\"https:\\\/\\\/algarve7.pt\\\/index.php\\\/2026\\\/03\\\/lagoa-afirma-se-como-palco-de-excelencia-para-o-desporto-com-fim-de-semana-diversificado-e-de-grande-qualidade\\\/desporto\\\/07\\\/30\\\/#article\",\"isPartOf\":{\"@id\":\"https:\\\/\\\/algarve7.pt\\\/index.php\\\/2026\\\/03\\\/lagoa-afirma-se-como-palco-de-excelencia-para-o-desporto-com-fim-de-semana-diversificado-e-de-grande-qualidade\\\/desporto\\\/07\\\/30\\\/\"},\"author\":{\"name\":\"Algarve 7\",\"@id\":\"https:\\\/\\\/algarve7.pt\\\/#\\\/schema\\\/person\\\/23fa70681308e7b319a3204bcea45e0c\"},\"headline\":\"Lagoa afirma-se como palco de excel\u00eancia para o desporto com fim de semana diversificado e de grande qualidade\",\"datePublished\":\"2026-03-20T07:30:00+00:00\",\"mainEntityOfPage\":{\"@id\":\"https:\\\/\\\/algarve7.pt\\\/index.php\\\/2026\\\/03\\\/lagoa-afirma-se-como-palco-de-excelencia-para-o-desporto-com-fim-de-semana-diversificado-e-de-grande-qualidade\\\/desporto\\\/07\\\/30\\\/\"},\"wordCount\":484,\"publisher\":{\"@id\":\"https:\\\/\\\/algarve7.pt\\\/#organization\"},\"image\":{\"@id\":\"https:\\\/\\\/algarve7.pt\\\/index.php\\\/2026\\\/03\\\/lagoa-afirma-se-como-palco-de-excelencia-para-o-desporto-com-fim-de-semana-diversificado-e-de-grande-qualidade\\\/desporto\\\/07\\\/30\\\/#primaryimage\"},\"thumbnailUrl\":\"https:\\\/\\\/algarve7.pt\\\/wp-content\\\/uploads\\\/2026\\\/03\\\/Captura-de-ecra-2026-03-19-as-11.03.39.png\",\"keywords\":[\"Algarve\",\"Desporto\",\"Lagoa\"],\"articleSection\":[\"Desporto\"],\"inLanguage\":\"pt-PT\"},{\"@type\":\"WebPage\",\"@id\":\"https:\\\/\\\/algarve7.pt\\\/index.php\\\/2026\\\/03\\\/lagoa-afirma-se-como-palco-de-excelencia-para-o-desporto-com-fim-de-semana-diversificado-e-de-grande-qualidade\\\/desporto\\\/07\\\/30\\\/\",\"url\":\"https:\\\/\\\/algarve7.pt\\\/index.php\\\/2026\\\/03\\\/lagoa-afirma-se-como-palco-de-excelencia-para-o-desporto-com-fim-de-semana-diversificado-e-de-grande-qualidade\\\/desporto\\\/07\\\/30\\\/\",\"name\":\"Lagoa afirma-se como palco de excel\u00eancia para o desporto com fim de semana diversificado e de grande qualidade - Algarve 7\",\"isPartOf\":{\"@id\":\"https:\\\/\\\/algarve7.pt\\\/#website\"},\"primaryImageOfPage\":{\"@id\":\"https:\\\/\\\/algarve7.pt\\\/index.php\\\/2026\\\/03\\\/lagoa-afirma-se-como-palco-de-excelencia-para-o-desporto-com-fim-de-semana-diversificado-e-de-grande-qualidade\\\/desporto\\\/07\\\/30\\\/#primaryimage\"},\"image\":{\"@id\":\"https:\\\/\\\/algarve7.pt\\\/index.php\\\/2026\\\/03\\\/lagoa-afirma-se-como-palco-de-excelencia-para-o-desporto-com-fim-de-semana-diversificado-e-de-grande-qualidade\\\/desporto\\\/07\\\/30\\\/#primaryimage\"},\"thumbnailUrl\":\"https:\\\/\\\/algarve7.pt\\\/wp-content\\\/uploads\\\/2026\\\/03\\\/Captura-de-ecra-2026-03-19-as-11.03.39.png\",\"datePublished\":\"2026-03-20T07:30:00+00:00\",\"description\":\"Lagoa afirma-se como palco de excel\u00eancia para o desporto com fim de semana diversificado e de grande qualidade Desporto\",\"breadcrumb\":{\"@id\":\"https:\\\/\\\/algarve7.pt\\\/index.php\\\/2026\\\/03\\\/lagoa-afirma-se-como-palco-de-excelencia-para-o-desporto-com-fim-de-semana-diversificado-e-de-grande-qualidade\\\/desporto\\\/07\\\/30\\\/#breadcrumb\"},\"inLanguage\":\"pt-PT\",\"potentialAction\":[{\"@type\":\"ReadAction\",\"target\":[\"https:\\\/\\\/algarve7.pt\\\/index.php\\\/2026\\\/03\\\/lagoa-afirma-se-como-palco-de-excelencia-para-o-desporto-com-fim-de-semana-diversificado-e-de-grande-qualidade\\\/desporto\\\/07\\\/30\\\/\"]}]},{\"@type\":\"ImageObject\",\"inLanguage\":\"pt-PT\",\"@id\":\"https:\\\/\\\/algarve7.pt\\\/index.php\\\/2026\\\/03\\\/lagoa-afirma-se-como-palco-de-excelencia-para-o-desporto-com-fim-de-semana-diversificado-e-de-grande-qualidade\\\/desporto\\\/07\\\/30\\\/#primaryimage\",\"url\":\"https:\\\/\\\/algarve7.pt\\\/wp-content\\\/uploads\\\/2026\\\/03\\\/Captura-de-ecra-2026-03-19-as-11.03.39.png\",\"contentUrl\":\"https:\\\/\\\/algarve7.pt\\\/wp-content\\\/uploads\\\/2026\\\/03\\\/Captura-de-ecra-2026-03-19-as-11.03.39.png\",\"width\":800,\"height\":445},{\"@type\":\"BreadcrumbList\",\"@id\":\"https:\\\/\\\/algarve7.pt\\\/index.php\\\/2026\\\/03\\\/lagoa-afirma-se-como-palco-de-excelencia-para-o-desporto-com-fim-de-semana-diversificado-e-de-grande-qualidade\\\/desporto\\\/07\\\/30\\\/#breadcrumb\",\"itemListElement\":[{\"@type\":\"ListItem\",\"position\":1,\"name\":\"In\u00edcio\",\"item\":\"https:\\\/\\\/algarve7.pt\\\/\"},{\"@type\":\"ListItem\",\"position\":2,\"name\":\"Lagoa afirma-se como palco de excel\u00eancia para o desporto com fim de semana diversificado e de grande qualidade\"}]},{\"@type\":\"WebSite\",\"@id\":\"https:\\\/\\\/algarve7.pt\\\/#website\",\"url\":\"https:\\\/\\\/algarve7.pt\\\/\",\"name\":\"Algarve 7\",\"description\":\"Informa\u00e7\u00e3o sobre o Algarve\",\"publisher\":{\"@id\":\"https:\\\/\\\/algarve7.pt\\\/#organization\"},\"potentialAction\":[{\"@type\":\"SearchAction\",\"target\":{\"@type\":\"EntryPoint\",\"urlTemplate\":\"https:\\\/\\\/algarve7.pt\\\/?s={search_term_string}\"},\"query-input\":{\"@type\":\"PropertyValueSpecification\",\"valueRequired\":true,\"valueName\":\"search_term_string\"}}],\"inLanguage\":\"pt-PT\"},{\"@type\":\"Organization\",\"@id\":\"https:\\\/\\\/algarve7.pt\\\/#organization\",\"name\":\"Algarve 7\",\"url\":\"https:\\\/\\\/algarve7.pt\\\/\",\"logo\":{\"@type\":\"ImageObject\",\"inLanguage\":\"pt-PT\",\"@id\":\"https:\\\/\\\/algarve7.pt\\\/#\\\/schema\\\/logo\\\/image\\\/\",\"url\":\"https:\\\/\\\/algarve7.pt\\\/wp-content\\\/uploads\\\/2020\\\/10\\\/Logo-8.jpg\",\"contentUrl\":\"https:\\\/\\\/algarve7.pt\\\/wp-content\\\/uploads\\\/2020\\\/10\\\/Logo-8.jpg\",\"width\":1680,\"height\":1186,\"caption\":\"Algarve 7\"},\"image\":{\"@id\":\"https:\\\/\\\/algarve7.pt\\\/#\\\/schema\\\/logo\\\/image\\\/\"},\"sameAs\":[\"https:\\\/\\\/www.facebook.com\\\/algarve7\",\"https:\\\/\\\/x.com\\\/Algarvesete\",\"https:\\\/\\\/www.instagram.com\\\/jornalalgarve7\\\/\",\"https:\\\/\\\/www.linkedin.com\\\/company\\\/algarve7\",\"https:\\\/\\\/www.pinterest.pt\\\/geral0939\\\/_created\\\/\"]},{\"@type\":\"Person\",\"@id\":\"https:\\\/\\\/algarve7.pt\\\/#\\\/schema\\\/person\\\/23fa70681308e7b319a3204bcea45e0c\",\"name\":\"Algarve 7\",\"sameAs\":[\"https:\\\/\\\/algarve7.pt\",\"https:\\\/\\\/www.facebook.com\\\/algarve7\"],\"url\":\"https:\\\/\\\/algarve7.pt\\\/index.php\\\/author\\\/geralalgarve7-pt\\\/\"}]}<\/script>\n<!-- \/ Yoast SEO plugin. -->","yoast_head_json":{"title":"Lagoa afirma-se como palco de excel\u00eancia para o desporto com fim de semana diversificado e de grande qualidade - Algarve 7","description":"Lagoa afirma-se como palco de excel\u00eancia para o desporto com fim de semana diversificado e de grande qualidade Desporto","robots":{"index":"index","follow":"follow","max-snippet":"max-snippet:-1","max-image-preview":"max-image-preview:large","max-video-preview":"max-video-preview:-1"},"canonical":"https:\/\/algarve7.pt\/index.php\/2026\/03\/lagoa-afirma-se-como-palco-de-excelencia-para-o-desporto-com-fim-de-semana-diversificado-e-de-grande-qualidade\/desporto\/07\/30\/","og_locale":"pt_PT","og_type":"article","og_title":"Lagoa afirma-se como palco de excel\u00eancia para o desporto com fim de semana diversificado e de grande qualidade - Algarve 7","og_description":"Lagoa afirma-se como palco de excel\u00eancia para o desporto com fim de semana diversificado e de grande qualidade Desporto","og_url":"https:\/\/algarve7.pt\/index.php\/2026\/03\/lagoa-afirma-se-como-palco-de-excelencia-para-o-desporto-com-fim-de-semana-diversificado-e-de-grande-qualidade\/desporto\/07\/30\/","og_site_name":"Algarve 7","article_publisher":"https:\/\/www.facebook.com\/algarve7","article_author":"https:\/\/www.facebook.com\/algarve7","article_published_time":"2026-03-20T07:30:00+00:00","og_image":[{"width":800,"height":445,"url":"https:\/\/algarve7.pt\/wp-content\/uploads\/2026\/03\/Captura-de-ecra-2026-03-19-as-11.03.39.png","type":"image\/png"}],"author":"Algarve 7","twitter_card":"summary_large_image","twitter_creator":"@Algarvesete","twitter_site":"@Algarvesete","twitter_misc":{"Escrito por":"Algarve 7","Tempo estimado de leitura":"3 minutos"},"schema":{"@context":"https:\/\/schema.org","@graph":[{"@type":"Article","@id":"https:\/\/algarve7.pt\/index.php\/2026\/03\/lagoa-afirma-se-como-palco-de-excelencia-para-o-desporto-com-fim-de-semana-diversificado-e-de-grande-qualidade\/desporto\/07\/30\/#article","isPartOf":{"@id":"https:\/\/algarve7.pt\/index.php\/2026\/03\/lagoa-afirma-se-como-palco-de-excelencia-para-o-desporto-com-fim-de-semana-diversificado-e-de-grande-qualidade\/desporto\/07\/30\/"},"author":{"name":"Algarve 7","@id":"https:\/\/algarve7.pt\/#\/schema\/person\/23fa70681308e7b319a3204bcea45e0c"},"headline":"Lagoa afirma-se como palco de excel\u00eancia para o desporto com fim de semana diversificado e de grande qualidade","datePublished":"2026-03-20T07:30:00+00:00","mainEntityOfPage":{"@id":"https:\/\/algarve7.pt\/index.php\/2026\/03\/lagoa-afirma-se-como-palco-de-excelencia-para-o-desporto-com-fim-de-semana-diversificado-e-de-grande-qualidade\/desporto\/07\/30\/"},"wordCount":484,"publisher":{"@id":"https:\/\/algarve7.pt\/#organization"},"image":{"@id":"https:\/\/algarve7.pt\/index.php\/2026\/03\/lagoa-afirma-se-como-palco-de-excelencia-para-o-desporto-com-fim-de-semana-diversificado-e-de-grande-qualidade\/desporto\/07\/30\/#primaryimage"},"thumbnailUrl":"https:\/\/algarve7.pt\/wp-content\/uploads\/2026\/03\/Captura-de-ecra-2026-03-19-as-11.03.39.png","keywords":["Algarve","Desporto","Lagoa"],"articleSection":["Desporto"],"inLanguage":"pt-PT"},{"@type":"WebPage","@id":"https:\/\/algarve7.pt\/index.php\/2026\/03\/lagoa-afirma-se-como-palco-de-excelencia-para-o-desporto-com-fim-de-semana-diversificado-e-de-grande-qualidade\/desporto\/07\/30\/","url":"https:\/\/algarve7.pt\/index.php\/2026\/03\/lagoa-afirma-se-como-palco-de-excelencia-para-o-desporto-com-fim-de-semana-diversificado-e-de-grande-qualidade\/desporto\/07\/30\/","name":"Lagoa afirma-se como palco de excel\u00eancia para o desporto com fim de semana diversificado e de grande qualidade - Algarve 7","isPartOf":{"@id":"https:\/\/algarve7.pt\/#website"},"primaryImageOfPage":{"@id":"https:\/\/algarve7.pt\/index.php\/2026\/03\/lagoa-afirma-se-como-palco-de-excelencia-para-o-desporto-com-fim-de-semana-diversificado-e-de-grande-qualidade\/desporto\/07\/30\/#primaryimage"},"image":{"@id":"https:\/\/algarve7.pt\/index.php\/2026\/03\/lagoa-afirma-se-como-palco-de-excelencia-para-o-desporto-com-fim-de-semana-diversificado-e-de-grande-qualidade\/desporto\/07\/30\/#primaryimage"},"thumbnailUrl":"https:\/\/algarve7.pt\/wp-content\/uploads\/2026\/03\/Captura-de-ecra-2026-03-19-as-11.03.39.png","datePublished":"2026-03-20T07:30:00+00:00","description":"Lagoa afirma-se como palco de excel\u00eancia para o desporto com fim de semana diversificado e de grande qualidade Desporto","breadcrumb":{"@id":"https:\/\/algarve7.pt\/index.php\/2026\/03\/lagoa-afirma-se-como-palco-de-excelencia-para-o-desporto-com-fim-de-semana-diversificado-e-de-grande-qualidade\/desporto\/07\/30\/#breadcrumb"},"inLanguage":"pt-PT","potentialAction":[{"@type":"ReadAction","target":["https:\/\/algarve7.pt\/index.php\/2026\/03\/lagoa-afirma-se-como-palco-de-excelencia-para-o-desporto-com-fim-de-semana-diversificado-e-de-grande-qualidade\/desporto\/07\/30\/"]}]},{"@type":"ImageObject","inLanguage":"pt-PT","@id":"https:\/\/algarve7.pt\/index.php\/2026\/03\/lagoa-afirma-se-como-palco-de-excelencia-para-o-desporto-com-fim-de-semana-diversificado-e-de-grande-qualidade\/desporto\/07\/30\/#primaryimage","url":"https:\/\/algarve7.pt\/wp-content\/uploads\/2026\/03\/Captura-de-ecra-2026-03-19-as-11.03.39.png","contentUrl":"https:\/\/algarve7.pt\/wp-content\/uploads\/2026\/03\/Captura-de-ecra-2026-03-19-as-11.03.39.png","width":800,"height":445},{"@type":"BreadcrumbList","@id":"https:\/\/algarve7.pt\/index.php\/2026\/03\/lagoa-afirma-se-como-palco-de-excelencia-para-o-desporto-com-fim-de-semana-diversificado-e-de-grande-qualidade\/desporto\/07\/30\/#breadcrumb","itemListElement":[{"@type":"ListItem","position":1,"name":"In\u00edcio","item":"https:\/\/algarve7.pt\/"},{"@type":"ListItem","position":2,"name":"Lagoa afirma-se como palco de excel\u00eancia para o desporto com fim de semana diversificado e de grande qualidade"}]},{"@type":"WebSite","@id":"https:\/\/algarve7.pt\/#website","url":"https:\/\/algarve7.pt\/","name":"Algarve 7","description":"Informa\u00e7\u00e3o sobre o Algarve","publisher":{"@id":"https:\/\/algarve7.pt\/#organization"},"potentialAction":[{"@type":"SearchAction","target":{"@type":"EntryPoint","urlTemplate":"https:\/\/algarve7.pt\/?s={search_term_string}"},"query-input":{"@type":"PropertyValueSpecification","valueRequired":true,"valueName":"search_term_string"}}],"inLanguage":"pt-PT"},{"@type":"Organization","@id":"https:\/\/algarve7.pt\/#organization","name":"Algarve 7","url":"https:\/\/algarve7.pt\/","logo":{"@type":"ImageObject","inLanguage":"pt-PT","@id":"https:\/\/algarve7.pt\/#\/schema\/logo\/image\/","url":"https:\/\/algarve7.pt\/wp-content\/uploads\/2020\/10\/Logo-8.jpg","contentUrl":"https:\/\/algarve7.pt\/wp-content\/uploads\/2020\/10\/Logo-8.jpg","width":1680,"height":1186,"caption":"Algarve 7"},"image":{"@id":"https:\/\/algarve7.pt\/#\/schema\/logo\/image\/"},"sameAs":["https:\/\/www.facebook.com\/algarve7","https:\/\/x.com\/Algarvesete","https:\/\/www.instagram.com\/jornalalgarve7\/","https:\/\/www.linkedin.com\/company\/algarve7","https:\/\/www.pinterest.pt\/geral0939\/_created\/"]},{"@type":"Person","@id":"https:\/\/algarve7.pt\/#\/schema\/person\/23fa70681308e7b319a3204bcea45e0c","name":"Algarve 7","sameAs":["https:\/\/algarve7.pt","https:\/\/www.facebook.com\/algarve7"],"url":"https:\/\/algarve7.pt\/index.php\/author\/geralalgarve7-pt\/"}]}},"jetpack_publicize_connections":[],"jetpack_featured_media_url":"https:\/\/algarve7.pt\/wp-content\/uploads\/2026\/03\/Captura-de-ecra-2026-03-19-as-11.03.39.png","jetpack_shortlink":"https:\/\/wp.me\/pcezmW-fCA","jetpack_sharing_enabled":true,"_links":{"self":[{"href":"https:\/\/algarve7.pt\/index.php\/wp-json\/wp\/v2\/posts\/60052","targetHints":{"allow":["GET"]}}],"collection":[{"href":"https:\/\/algarve7.pt\/index.php\/wp-json\/wp\/v2\/posts"}],"about":[{"href":"https:\/\/algarve7.pt\/index.php\/wp-json\/wp\/v2\/types\/post"}],"author":[{"embeddable":true,"href":"https:\/\/algarve7.pt\/index.php\/wp-json\/wp\/v2\/users\/1"}],"replies":[{"embeddable":true,"href":"https:\/\/algarve7.pt\/index.php\/wp-json\/wp\/v2\/comments?post=60052"}],"version-history":[{"count":0,"href":"https:\/\/algarve7.pt\/index.php\/wp-json\/wp\/v2\/posts\/60052\/revisions"}],"wp:featuredmedia":[{"embeddable":true,"href":"https:\/\/algarve7.pt\/index.php\/wp-json\/wp\/v2\/media\/60053"}],"wp:attachment":[{"href":"https:\/\/algarve7.pt\/index.php\/wp-json\/wp\/v2\/media?parent=60052"}],"wp:term":[{"taxonomy":"category","embeddable":true,"href":"https:\/\/algarve7.pt\/index.php\/wp-json\/wp\/v2\/categories?post=60052"},{"taxonomy":"post_tag","embeddable":true,"href":"https:\/\/algarve7.pt\/index.php\/wp-json\/wp\/v2\/tags?post=60052"}],"curies":[{"name":"wp","href":"https:\/\/api.w.org\/{rel}","templated":true}]}}