{"id":60049,"date":"2026-03-20T07:15:00","date_gmt":"2026-03-20T07:15:00","guid":{"rendered":"https:\/\/algarve7.pt\/?p=60049"},"modified":"2026-03-19T11:01:22","modified_gmt":"2026-03-19T11:01:22","slug":"ccdr-algarve-abre-candidaturas-ao-programa-de-apoio-a-iniciativas-culturais-regionais-de-caracter-nao-profissional","status":"publish","type":"post","link":"https:\/\/algarve7.pt\/index.php\/2026\/03\/ccdr-algarve-abre-candidaturas-ao-programa-de-apoio-a-iniciativas-culturais-regionais-de-caracter-nao-profissional\/cultura\/07\/15\/","title":{"rendered":"CCDR Algarve abre candidaturas ao Programa de Apoio a Iniciativas Culturais Regionais de Car\u00e1cter N\u00e3o Profissional"},"content":{"rendered":"\n<p>A Comiss\u00e3o de Coordena\u00e7\u00e3o e Desenvolvimento Regional do Algarve, I.P. (CCDR Algarve) abriu hoje as candidaturas ao Programa de Apoio a Iniciativas Culturais Regionais de Car\u00e1cter N\u00e3o Profissional 2026, contribuindo para a corre\u00e7\u00e3o das assimetrias no acesso \u00e0 cria\u00e7\u00e3o e frui\u00e7\u00e3o cultural das popula\u00e7\u00f5es.<\/p>\n\n\n\n<p>Est\u00e1 previsto um investimento de 180 mil euros no tecido cultural da regi\u00e3o, dando continuidade ao refor\u00e7o progressivo da dota\u00e7\u00e3o desde a primeira edi\u00e7\u00e3o do programa. O per\u00edodo de candidaturas decorre at\u00e9 18 de abril de 2026, encontrando-se o Aviso do Programa de Apoio a Iniciativas Culturais Regionais de Car\u00e1cter N\u00e3o Profissional 2026 dispon\u00edvel para consulta\u00a0<a href=\"https:\/\/cultalg.gov.pt\/acao-cultural\/apoio-acao-cultural\" target=\"_blank\" rel=\"noreferrer noopener\">AQUI<\/a>.<\/p>\n\n\n\n<p>Com o objetivo de divulgar o programa e incentivar a participa\u00e7\u00e3o das associa\u00e7\u00f5es e agentes culturais, a CCDR Algarve promove ainda duas sess\u00f5es de esclarecimento descentralizadas:&nbsp;<\/p>\n\n\n\n<ul class=\"wp-block-list\">\n<li>26 de mar\u00e7o, \u00e0s 18h00, no Centro Cultural de Lagos<\/li>\n\n\n\n<li>31 de mar\u00e7o, \u00e0s 17h00, no Teatro Municipal Ant\u00f3nio Pinheiro, em Tavira<\/li>\n<\/ul>\n\n\n\n<p>A participa\u00e7\u00e3o \u00e9 gratuita, mas sujeita a inscri\u00e7\u00e3o pr\u00e9via, atrav\u00e9s do formul\u00e1rio\u00a0<a href=\"https:\/\/forms.office.com\/Pages\/ResponsePage.aspx?id=F9U7mwrY-Eil2_5Zip1t9HEzYfvQ5C5BpziVy2yd37VUMUNDVVZFOFYwN0c5WDBVODdJQUNLRkFXNi4u\" target=\"_blank\" rel=\"noreferrer noopener\">Programa de Apoio a Iniciativas Culturais Regionais de Car\u00e1cter N\u00e3o Profissional 2026<\/a>.\u00a0\u00a0<\/p>\n","protected":false},"excerpt":{"rendered":"<p>A Comiss\u00e3o de Coordena\u00e7\u00e3o e Desenvolvimento Regional do Algarve, I.P. (CCDR Algarve) abriu hoje as candidaturas ao Programa de Apoio<\/p>\n","protected":false},"author":1,"featured_media":60050,"comment_status":"closed","ping_status":"closed","sticky":false,"template":"","format":"standard","meta":{"colormag_page_container_layout":"default_layout","colormag_page_sidebar_layout":"default_layout","_monsterinsights_skip_tracking":false,"_monsterinsights_sitenote_active":false,"_monsterinsights_sitenote_note":"","_monsterinsights_sitenote_category":0,"jetpack_post_was_ever_published":false,"_jetpack_newsletter_access":"","_jetpack_dont_email_post_to_subs":false,"_jetpack_newsletter_tier_id":0,"_jetpack_memberships_contains_paywalled_content":false,"_jetpack_memberships_contains_paid_content":false,"footnotes":"","jetpack_publicize_message":"","jetpack_publicize_feature_enabled":true,"jetpack_social_post_already_shared":true,"jetpack_social_options":{"image_generator_settings":{"template":"highway","default_image_id":0,"font":"","enabled":false},"version":2}},"categories":[14],"tags":[36,143,35],"class_list":["post-60049","post","type-post","status-publish","format-standard","has-post-thumbnail","hentry","category-cultura","tag-algarve","tag-ccdr-algarve","tag-cultura"],"yoast_head":"<!-- This site is optimized with the Yoast SEO plugin v27.5 - https:\/\/yoast.com\/product\/yoast-seo-wordpress\/ -->\n<title>CCDR Algarve abre candidaturas ao Programa de Apoio a Iniciativas Culturais Regionais de Car\u00e1cter N\u00e3o Profissional - Algarve 7<\/title>\n<meta name=\"description\" content=\"CCDR Algarve abre candidaturas ao Programa de Apoio a Iniciativas Culturais Regionais de Car\u00e1cter N\u00e3o Profissional Cultura\" \/>\n<meta name=\"robots\" content=\"index, follow, max-snippet:-1, max-image-preview:large, max-video-preview:-1\" \/>\n<link rel=\"canonical\" href=\"https:\/\/algarve7.pt\/index.php\/2026\/03\/ccdr-algarve-abre-candidaturas-ao-programa-de-apoio-a-iniciativas-culturais-regionais-de-caracter-nao-profissional\/cultura\/07\/15\/\" \/>\n<meta property=\"og:locale\" content=\"pt_PT\" \/>\n<meta property=\"og:type\" content=\"article\" \/>\n<meta property=\"og:title\" content=\"CCDR Algarve abre candidaturas ao Programa de Apoio a Iniciativas Culturais Regionais de Car\u00e1cter N\u00e3o Profissional - Algarve 7\" \/>\n<meta property=\"og:description\" content=\"CCDR Algarve abre candidaturas ao Programa de Apoio a Iniciativas Culturais Regionais de Car\u00e1cter N\u00e3o Profissional Cultura\" \/>\n<meta property=\"og:url\" content=\"https:\/\/algarve7.pt\/index.php\/2026\/03\/ccdr-algarve-abre-candidaturas-ao-programa-de-apoio-a-iniciativas-culturais-regionais-de-caracter-nao-profissional\/cultura\/07\/15\/\" \/>\n<meta property=\"og:site_name\" content=\"Algarve 7\" \/>\n<meta property=\"article:publisher\" content=\"https:\/\/www.facebook.com\/algarve7\" \/>\n<meta property=\"article:author\" content=\"https:\/\/www.facebook.com\/algarve7\" \/>\n<meta property=\"article:published_time\" content=\"2026-03-20T07:15:00+00:00\" \/>\n<meta property=\"og:image\" content=\"https:\/\/algarve7.pt\/wp-content\/uploads\/2026\/03\/Programa-de-Apoio-Nao-Profissionais-Cultura-2026.png\" \/>\n\t<meta property=\"og:image:width\" content=\"800\" \/>\n\t<meta property=\"og:image:height\" content=\"445\" \/>\n\t<meta property=\"og:image:type\" content=\"image\/png\" \/>\n<meta name=\"author\" content=\"Algarve 7\" \/>\n<meta name=\"twitter:card\" content=\"summary_large_image\" \/>\n<meta name=\"twitter:creator\" content=\"@Algarvesete\" \/>\n<meta name=\"twitter:site\" content=\"@Algarvesete\" \/>\n<meta name=\"twitter:label1\" content=\"Escrito por\" \/>\n\t<meta name=\"twitter:data1\" content=\"Algarve 7\" \/>\n\t<meta name=\"twitter:label2\" content=\"Tempo estimado de leitura\" \/>\n\t<meta name=\"twitter:data2\" content=\"2 minutos\" \/>\n<script type=\"application\/ld+json\" class=\"yoast-schema-graph\">{\"@context\":\"https:\\\/\\\/schema.org\",\"@graph\":[{\"@type\":\"Article\",\"@id\":\"https:\\\/\\\/algarve7.pt\\\/index.php\\\/2026\\\/03\\\/ccdr-algarve-abre-candidaturas-ao-programa-de-apoio-a-iniciativas-culturais-regionais-de-caracter-nao-profissional\\\/cultura\\\/07\\\/15\\\/#article\",\"isPartOf\":{\"@id\":\"https:\\\/\\\/algarve7.pt\\\/index.php\\\/2026\\\/03\\\/ccdr-algarve-abre-candidaturas-ao-programa-de-apoio-a-iniciativas-culturais-regionais-de-caracter-nao-profissional\\\/cultura\\\/07\\\/15\\\/\"},\"author\":{\"name\":\"Algarve 7\",\"@id\":\"https:\\\/\\\/algarve7.pt\\\/#\\\/schema\\\/person\\\/23fa70681308e7b319a3204bcea45e0c\"},\"headline\":\"CCDR Algarve abre candidaturas ao Programa de Apoio a Iniciativas Culturais Regionais de Car\u00e1cter N\u00e3o Profissional\",\"datePublished\":\"2026-03-20T07:15:00+00:00\",\"mainEntityOfPage\":{\"@id\":\"https:\\\/\\\/algarve7.pt\\\/index.php\\\/2026\\\/03\\\/ccdr-algarve-abre-candidaturas-ao-programa-de-apoio-a-iniciativas-culturais-regionais-de-caracter-nao-profissional\\\/cultura\\\/07\\\/15\\\/\"},\"wordCount\":212,\"publisher\":{\"@id\":\"https:\\\/\\\/algarve7.pt\\\/#organization\"},\"image\":{\"@id\":\"https:\\\/\\\/algarve7.pt\\\/index.php\\\/2026\\\/03\\\/ccdr-algarve-abre-candidaturas-ao-programa-de-apoio-a-iniciativas-culturais-regionais-de-caracter-nao-profissional\\\/cultura\\\/07\\\/15\\\/#primaryimage\"},\"thumbnailUrl\":\"https:\\\/\\\/algarve7.pt\\\/wp-content\\\/uploads\\\/2026\\\/03\\\/Programa-de-Apoio-Nao-Profissionais-Cultura-2026.png\",\"keywords\":[\"Algarve\",\"CCDR Algarve\",\"Cultura\"],\"articleSection\":[\"Cultura\"],\"inLanguage\":\"pt-PT\"},{\"@type\":\"WebPage\",\"@id\":\"https:\\\/\\\/algarve7.pt\\\/index.php\\\/2026\\\/03\\\/ccdr-algarve-abre-candidaturas-ao-programa-de-apoio-a-iniciativas-culturais-regionais-de-caracter-nao-profissional\\\/cultura\\\/07\\\/15\\\/\",\"url\":\"https:\\\/\\\/algarve7.pt\\\/index.php\\\/2026\\\/03\\\/ccdr-algarve-abre-candidaturas-ao-programa-de-apoio-a-iniciativas-culturais-regionais-de-caracter-nao-profissional\\\/cultura\\\/07\\\/15\\\/\",\"name\":\"CCDR Algarve abre candidaturas ao Programa de Apoio a Iniciativas Culturais Regionais de Car\u00e1cter N\u00e3o Profissional - Algarve 7\",\"isPartOf\":{\"@id\":\"https:\\\/\\\/algarve7.pt\\\/#website\"},\"primaryImageOfPage\":{\"@id\":\"https:\\\/\\\/algarve7.pt\\\/index.php\\\/2026\\\/03\\\/ccdr-algarve-abre-candidaturas-ao-programa-de-apoio-a-iniciativas-culturais-regionais-de-caracter-nao-profissional\\\/cultura\\\/07\\\/15\\\/#primaryimage\"},\"image\":{\"@id\":\"https:\\\/\\\/algarve7.pt\\\/index.php\\\/2026\\\/03\\\/ccdr-algarve-abre-candidaturas-ao-programa-de-apoio-a-iniciativas-culturais-regionais-de-caracter-nao-profissional\\\/cultura\\\/07\\\/15\\\/#primaryimage\"},\"thumbnailUrl\":\"https:\\\/\\\/algarve7.pt\\\/wp-content\\\/uploads\\\/2026\\\/03\\\/Programa-de-Apoio-Nao-Profissionais-Cultura-2026.png\",\"datePublished\":\"2026-03-20T07:15:00+00:00\",\"description\":\"CCDR Algarve abre candidaturas ao Programa de Apoio a Iniciativas Culturais Regionais de Car\u00e1cter N\u00e3o Profissional Cultura\",\"breadcrumb\":{\"@id\":\"https:\\\/\\\/algarve7.pt\\\/index.php\\\/2026\\\/03\\\/ccdr-algarve-abre-candidaturas-ao-programa-de-apoio-a-iniciativas-culturais-regionais-de-caracter-nao-profissional\\\/cultura\\\/07\\\/15\\\/#breadcrumb\"},\"inLanguage\":\"pt-PT\",\"potentialAction\":[{\"@type\":\"ReadAction\",\"target\":[\"https:\\\/\\\/algarve7.pt\\\/index.php\\\/2026\\\/03\\\/ccdr-algarve-abre-candidaturas-ao-programa-de-apoio-a-iniciativas-culturais-regionais-de-caracter-nao-profissional\\\/cultura\\\/07\\\/15\\\/\"]}]},{\"@type\":\"ImageObject\",\"inLanguage\":\"pt-PT\",\"@id\":\"https:\\\/\\\/algarve7.pt\\\/index.php\\\/2026\\\/03\\\/ccdr-algarve-abre-candidaturas-ao-programa-de-apoio-a-iniciativas-culturais-regionais-de-caracter-nao-profissional\\\/cultura\\\/07\\\/15\\\/#primaryimage\",\"url\":\"https:\\\/\\\/algarve7.pt\\\/wp-content\\\/uploads\\\/2026\\\/03\\\/Programa-de-Apoio-Nao-Profissionais-Cultura-2026.png\",\"contentUrl\":\"https:\\\/\\\/algarve7.pt\\\/wp-content\\\/uploads\\\/2026\\\/03\\\/Programa-de-Apoio-Nao-Profissionais-Cultura-2026.png\",\"width\":800,\"height\":445},{\"@type\":\"BreadcrumbList\",\"@id\":\"https:\\\/\\\/algarve7.pt\\\/index.php\\\/2026\\\/03\\\/ccdr-algarve-abre-candidaturas-ao-programa-de-apoio-a-iniciativas-culturais-regionais-de-caracter-nao-profissional\\\/cultura\\\/07\\\/15\\\/#breadcrumb\",\"itemListElement\":[{\"@type\":\"ListItem\",\"position\":1,\"name\":\"In\u00edcio\",\"item\":\"https:\\\/\\\/algarve7.pt\\\/\"},{\"@type\":\"ListItem\",\"position\":2,\"name\":\"CCDR Algarve abre candidaturas ao Programa de Apoio a Iniciativas Culturais Regionais de Car\u00e1cter N\u00e3o Profissional\"}]},{\"@type\":\"WebSite\",\"@id\":\"https:\\\/\\\/algarve7.pt\\\/#website\",\"url\":\"https:\\\/\\\/algarve7.pt\\\/\",\"name\":\"Algarve 7\",\"description\":\"Informa\u00e7\u00e3o sobre o Algarve\",\"publisher\":{\"@id\":\"https:\\\/\\\/algarve7.pt\\\/#organization\"},\"potentialAction\":[{\"@type\":\"SearchAction\",\"target\":{\"@type\":\"EntryPoint\",\"urlTemplate\":\"https:\\\/\\\/algarve7.pt\\\/?s={search_term_string}\"},\"query-input\":{\"@type\":\"PropertyValueSpecification\",\"valueRequired\":true,\"valueName\":\"search_term_string\"}}],\"inLanguage\":\"pt-PT\"},{\"@type\":\"Organization\",\"@id\":\"https:\\\/\\\/algarve7.pt\\\/#organization\",\"name\":\"Algarve 7\",\"url\":\"https:\\\/\\\/algarve7.pt\\\/\",\"logo\":{\"@type\":\"ImageObject\",\"inLanguage\":\"pt-PT\",\"@id\":\"https:\\\/\\\/algarve7.pt\\\/#\\\/schema\\\/logo\\\/image\\\/\",\"url\":\"https:\\\/\\\/algarve7.pt\\\/wp-content\\\/uploads\\\/2020\\\/10\\\/Logo-8.jpg\",\"contentUrl\":\"https:\\\/\\\/algarve7.pt\\\/wp-content\\\/uploads\\\/2020\\\/10\\\/Logo-8.jpg\",\"width\":1680,\"height\":1186,\"caption\":\"Algarve 7\"},\"image\":{\"@id\":\"https:\\\/\\\/algarve7.pt\\\/#\\\/schema\\\/logo\\\/image\\\/\"},\"sameAs\":[\"https:\\\/\\\/www.facebook.com\\\/algarve7\",\"https:\\\/\\\/x.com\\\/Algarvesete\",\"https:\\\/\\\/www.instagram.com\\\/jornalalgarve7\\\/\",\"https:\\\/\\\/www.linkedin.com\\\/company\\\/algarve7\",\"https:\\\/\\\/www.pinterest.pt\\\/geral0939\\\/_created\\\/\"]},{\"@type\":\"Person\",\"@id\":\"https:\\\/\\\/algarve7.pt\\\/#\\\/schema\\\/person\\\/23fa70681308e7b319a3204bcea45e0c\",\"name\":\"Algarve 7\",\"sameAs\":[\"https:\\\/\\\/algarve7.pt\",\"https:\\\/\\\/www.facebook.com\\\/algarve7\"],\"url\":\"https:\\\/\\\/algarve7.pt\\\/index.php\\\/author\\\/geralalgarve7-pt\\\/\"}]}<\/script>\n<!-- \/ Yoast SEO plugin. -->","yoast_head_json":{"title":"CCDR Algarve abre candidaturas ao Programa de Apoio a Iniciativas Culturais Regionais de Car\u00e1cter N\u00e3o Profissional - Algarve 7","description":"CCDR Algarve abre candidaturas ao Programa de Apoio a Iniciativas Culturais Regionais de Car\u00e1cter N\u00e3o Profissional Cultura","robots":{"index":"index","follow":"follow","max-snippet":"max-snippet:-1","max-image-preview":"max-image-preview:large","max-video-preview":"max-video-preview:-1"},"canonical":"https:\/\/algarve7.pt\/index.php\/2026\/03\/ccdr-algarve-abre-candidaturas-ao-programa-de-apoio-a-iniciativas-culturais-regionais-de-caracter-nao-profissional\/cultura\/07\/15\/","og_locale":"pt_PT","og_type":"article","og_title":"CCDR Algarve abre candidaturas ao Programa de Apoio a Iniciativas Culturais Regionais de Car\u00e1cter N\u00e3o Profissional - Algarve 7","og_description":"CCDR Algarve abre candidaturas ao Programa de Apoio a Iniciativas Culturais Regionais de Car\u00e1cter N\u00e3o Profissional Cultura","og_url":"https:\/\/algarve7.pt\/index.php\/2026\/03\/ccdr-algarve-abre-candidaturas-ao-programa-de-apoio-a-iniciativas-culturais-regionais-de-caracter-nao-profissional\/cultura\/07\/15\/","og_site_name":"Algarve 7","article_publisher":"https:\/\/www.facebook.com\/algarve7","article_author":"https:\/\/www.facebook.com\/algarve7","article_published_time":"2026-03-20T07:15:00+00:00","og_image":[{"width":800,"height":445,"url":"https:\/\/algarve7.pt\/wp-content\/uploads\/2026\/03\/Programa-de-Apoio-Nao-Profissionais-Cultura-2026.png","type":"image\/png"}],"author":"Algarve 7","twitter_card":"summary_large_image","twitter_creator":"@Algarvesete","twitter_site":"@Algarvesete","twitter_misc":{"Escrito por":"Algarve 7","Tempo estimado de leitura":"2 minutos"},"schema":{"@context":"https:\/\/schema.org","@graph":[{"@type":"Article","@id":"https:\/\/algarve7.pt\/index.php\/2026\/03\/ccdr-algarve-abre-candidaturas-ao-programa-de-apoio-a-iniciativas-culturais-regionais-de-caracter-nao-profissional\/cultura\/07\/15\/#article","isPartOf":{"@id":"https:\/\/algarve7.pt\/index.php\/2026\/03\/ccdr-algarve-abre-candidaturas-ao-programa-de-apoio-a-iniciativas-culturais-regionais-de-caracter-nao-profissional\/cultura\/07\/15\/"},"author":{"name":"Algarve 7","@id":"https:\/\/algarve7.pt\/#\/schema\/person\/23fa70681308e7b319a3204bcea45e0c"},"headline":"CCDR Algarve abre candidaturas ao Programa de Apoio a Iniciativas Culturais Regionais de Car\u00e1cter N\u00e3o Profissional","datePublished":"2026-03-20T07:15:00+00:00","mainEntityOfPage":{"@id":"https:\/\/algarve7.pt\/index.php\/2026\/03\/ccdr-algarve-abre-candidaturas-ao-programa-de-apoio-a-iniciativas-culturais-regionais-de-caracter-nao-profissional\/cultura\/07\/15\/"},"wordCount":212,"publisher":{"@id":"https:\/\/algarve7.pt\/#organization"},"image":{"@id":"https:\/\/algarve7.pt\/index.php\/2026\/03\/ccdr-algarve-abre-candidaturas-ao-programa-de-apoio-a-iniciativas-culturais-regionais-de-caracter-nao-profissional\/cultura\/07\/15\/#primaryimage"},"thumbnailUrl":"https:\/\/algarve7.pt\/wp-content\/uploads\/2026\/03\/Programa-de-Apoio-Nao-Profissionais-Cultura-2026.png","keywords":["Algarve","CCDR Algarve","Cultura"],"articleSection":["Cultura"],"inLanguage":"pt-PT"},{"@type":"WebPage","@id":"https:\/\/algarve7.pt\/index.php\/2026\/03\/ccdr-algarve-abre-candidaturas-ao-programa-de-apoio-a-iniciativas-culturais-regionais-de-caracter-nao-profissional\/cultura\/07\/15\/","url":"https:\/\/algarve7.pt\/index.php\/2026\/03\/ccdr-algarve-abre-candidaturas-ao-programa-de-apoio-a-iniciativas-culturais-regionais-de-caracter-nao-profissional\/cultura\/07\/15\/","name":"CCDR Algarve abre candidaturas ao Programa de Apoio a Iniciativas Culturais Regionais de Car\u00e1cter N\u00e3o Profissional - Algarve 7","isPartOf":{"@id":"https:\/\/algarve7.pt\/#website"},"primaryImageOfPage":{"@id":"https:\/\/algarve7.pt\/index.php\/2026\/03\/ccdr-algarve-abre-candidaturas-ao-programa-de-apoio-a-iniciativas-culturais-regionais-de-caracter-nao-profissional\/cultura\/07\/15\/#primaryimage"},"image":{"@id":"https:\/\/algarve7.pt\/index.php\/2026\/03\/ccdr-algarve-abre-candidaturas-ao-programa-de-apoio-a-iniciativas-culturais-regionais-de-caracter-nao-profissional\/cultura\/07\/15\/#primaryimage"},"thumbnailUrl":"https:\/\/algarve7.pt\/wp-content\/uploads\/2026\/03\/Programa-de-Apoio-Nao-Profissionais-Cultura-2026.png","datePublished":"2026-03-20T07:15:00+00:00","description":"CCDR Algarve abre candidaturas ao Programa de Apoio a Iniciativas Culturais Regionais de Car\u00e1cter N\u00e3o Profissional Cultura","breadcrumb":{"@id":"https:\/\/algarve7.pt\/index.php\/2026\/03\/ccdr-algarve-abre-candidaturas-ao-programa-de-apoio-a-iniciativas-culturais-regionais-de-caracter-nao-profissional\/cultura\/07\/15\/#breadcrumb"},"inLanguage":"pt-PT","potentialAction":[{"@type":"ReadAction","target":["https:\/\/algarve7.pt\/index.php\/2026\/03\/ccdr-algarve-abre-candidaturas-ao-programa-de-apoio-a-iniciativas-culturais-regionais-de-caracter-nao-profissional\/cultura\/07\/15\/"]}]},{"@type":"ImageObject","inLanguage":"pt-PT","@id":"https:\/\/algarve7.pt\/index.php\/2026\/03\/ccdr-algarve-abre-candidaturas-ao-programa-de-apoio-a-iniciativas-culturais-regionais-de-caracter-nao-profissional\/cultura\/07\/15\/#primaryimage","url":"https:\/\/algarve7.pt\/wp-content\/uploads\/2026\/03\/Programa-de-Apoio-Nao-Profissionais-Cultura-2026.png","contentUrl":"https:\/\/algarve7.pt\/wp-content\/uploads\/2026\/03\/Programa-de-Apoio-Nao-Profissionais-Cultura-2026.png","width":800,"height":445},{"@type":"BreadcrumbList","@id":"https:\/\/algarve7.pt\/index.php\/2026\/03\/ccdr-algarve-abre-candidaturas-ao-programa-de-apoio-a-iniciativas-culturais-regionais-de-caracter-nao-profissional\/cultura\/07\/15\/#breadcrumb","itemListElement":[{"@type":"ListItem","position":1,"name":"In\u00edcio","item":"https:\/\/algarve7.pt\/"},{"@type":"ListItem","position":2,"name":"CCDR Algarve abre candidaturas ao Programa de Apoio a Iniciativas Culturais Regionais de Car\u00e1cter N\u00e3o Profissional"}]},{"@type":"WebSite","@id":"https:\/\/algarve7.pt\/#website","url":"https:\/\/algarve7.pt\/","name":"Algarve 7","description":"Informa\u00e7\u00e3o sobre o Algarve","publisher":{"@id":"https:\/\/algarve7.pt\/#organization"},"potentialAction":[{"@type":"SearchAction","target":{"@type":"EntryPoint","urlTemplate":"https:\/\/algarve7.pt\/?s={search_term_string}"},"query-input":{"@type":"PropertyValueSpecification","valueRequired":true,"valueName":"search_term_string"}}],"inLanguage":"pt-PT"},{"@type":"Organization","@id":"https:\/\/algarve7.pt\/#organization","name":"Algarve 7","url":"https:\/\/algarve7.pt\/","logo":{"@type":"ImageObject","inLanguage":"pt-PT","@id":"https:\/\/algarve7.pt\/#\/schema\/logo\/image\/","url":"https:\/\/algarve7.pt\/wp-content\/uploads\/2020\/10\/Logo-8.jpg","contentUrl":"https:\/\/algarve7.pt\/wp-content\/uploads\/2020\/10\/Logo-8.jpg","width":1680,"height":1186,"caption":"Algarve 7"},"image":{"@id":"https:\/\/algarve7.pt\/#\/schema\/logo\/image\/"},"sameAs":["https:\/\/www.facebook.com\/algarve7","https:\/\/x.com\/Algarvesete","https:\/\/www.instagram.com\/jornalalgarve7\/","https:\/\/www.linkedin.com\/company\/algarve7","https:\/\/www.pinterest.pt\/geral0939\/_created\/"]},{"@type":"Person","@id":"https:\/\/algarve7.pt\/#\/schema\/person\/23fa70681308e7b319a3204bcea45e0c","name":"Algarve 7","sameAs":["https:\/\/algarve7.pt","https:\/\/www.facebook.com\/algarve7"],"url":"https:\/\/algarve7.pt\/index.php\/author\/geralalgarve7-pt\/"}]}},"jetpack_publicize_connections":[],"jetpack_featured_media_url":"https:\/\/algarve7.pt\/wp-content\/uploads\/2026\/03\/Programa-de-Apoio-Nao-Profissionais-Cultura-2026.png","jetpack_shortlink":"https:\/\/wp.me\/pcezmW-fCx","jetpack_sharing_enabled":true,"_links":{"self":[{"href":"https:\/\/algarve7.pt\/index.php\/wp-json\/wp\/v2\/posts\/60049","targetHints":{"allow":["GET"]}}],"collection":[{"href":"https:\/\/algarve7.pt\/index.php\/wp-json\/wp\/v2\/posts"}],"about":[{"href":"https:\/\/algarve7.pt\/index.php\/wp-json\/wp\/v2\/types\/post"}],"author":[{"embeddable":true,"href":"https:\/\/algarve7.pt\/index.php\/wp-json\/wp\/v2\/users\/1"}],"replies":[{"embeddable":true,"href":"https:\/\/algarve7.pt\/index.php\/wp-json\/wp\/v2\/comments?post=60049"}],"version-history":[{"count":0,"href":"https:\/\/algarve7.pt\/index.php\/wp-json\/wp\/v2\/posts\/60049\/revisions"}],"wp:featuredmedia":[{"embeddable":true,"href":"https:\/\/algarve7.pt\/index.php\/wp-json\/wp\/v2\/media\/60050"}],"wp:attachment":[{"href":"https:\/\/algarve7.pt\/index.php\/wp-json\/wp\/v2\/media?parent=60049"}],"wp:term":[{"taxonomy":"category","embeddable":true,"href":"https:\/\/algarve7.pt\/index.php\/wp-json\/wp\/v2\/categories?post=60049"},{"taxonomy":"post_tag","embeddable":true,"href":"https:\/\/algarve7.pt\/index.php\/wp-json\/wp\/v2\/tags?post=60049"}],"curies":[{"name":"wp","href":"https:\/\/api.w.org\/{rel}","templated":true}]}}