{"id":59814,"date":"2026-03-13T16:28:39","date_gmt":"2026-03-13T16:28:39","guid":{"rendered":"https:\/\/algarve7.pt\/?p=59814"},"modified":"2026-03-13T16:28:50","modified_gmt":"2026-03-13T16:28:50","slug":"concerto-de-encerramento-do-festival-al-mutamid-em-tavira","status":"publish","type":"post","link":"https:\/\/algarve7.pt\/index.php\/2026\/03\/concerto-de-encerramento-do-festival-al-mutamid-em-tavira\/cultura\/16\/28\/","title":{"rendered":"Concerto de encerramento do Festival Al-Mutamid em Tavira"},"content":{"rendered":"\n<p>Tavira recebe, pela primeira vez, no dia 15 de mar\u00e7o, pelas 17h00, no Teatro Municipal Ant\u00f3nio Pinheiro, o concerto de encerramento do Festival Al-Mutamid, com a atua\u00e7\u00e3o do Khaliji Quartet.&nbsp;&nbsp;<\/p>\n\n\n\n<p>Esta atua\u00e7\u00e3o prop\u00f5e uma viagem musical pelas sonoridades do M\u00e9dio Oriente e da tradi\u00e7\u00e3o \u00e1rabe, cruzando instrumentos tradicionais e contempor\u00e2neos numa abordagem que alia tradi\u00e7\u00e3o e modernidade. Uma oportunidade \u00fanica para o p\u00fablico contactar com universos musicais raramente apresentados em palco, refor\u00e7ando o di\u00e1logo cultural. A performance conta, ainda, com a presen\u00e7a do girador dervixe Mohamed Babli, vindo da S\u00edria, cuja dan\u00e7a acrescenta uma dimens\u00e3o visual e espiritual \u00e0 atua\u00e7\u00e3o.&nbsp;<\/p>\n\n\n\n<p>A realiza\u00e7\u00e3o deste espet\u00e1culo, em Tavira, assume um significado especial, dado qua a cidade integra a Rota Al-Mutamid, itiner\u00e1rio cultural que percorre v\u00e1rias localidades da Pen\u00ednsula Ib\u00e9rica ligadas \u00e0 mem\u00f3ria hist\u00f3rica e cultural do per\u00edodo andalus\u00ed.&nbsp;<\/p>\n\n\n\n<p>Este Festival, que ao longo de mais de duas d\u00e9cadas tem percorrido diversas cidades da Pen\u00ednsula Ib\u00e9rica, evoca a figura hist\u00f3rica de Al-Mutamid Ibn Abbad, governante e poeta do s\u00e9culo XI, cuja vida simboliza o florescimento cultural de Al-Andalus e o di\u00e1logo entre diferentes tradi\u00e7\u00f5es culturais no espa\u00e7o ib\u00e9rico.&nbsp;<\/p>\n\n\n\n<p>O concerto insere-se na estrat\u00e9gia cultural do Munic\u00edpio de Tavira de valoriza\u00e7\u00e3o do patrim\u00f3nio, promovendo iniciativas que fomentem as liga\u00e7\u00f5es ao mediterr\u00e2nico e as influ\u00eancias culturais que moldaram a sua identidade.&nbsp;<\/p>\n\n\n\n<p>Relembre-se que Tavira \u00e9 a comunidade representativa de Portugal da Dieta Mediterr\u00e2nica, Patrim\u00f3nio Cultural Imaterial da Humanidade reconhecido pela UNESCO. Esta classifica\u00e7\u00e3o fortalece o papel do territ\u00f3rio enquanto espa\u00e7o de encontro entre culturas, saberes e tradi\u00e7\u00f5es muitas delas influenciadas pela presen\u00e7a \u00e1rabe.&nbsp;<\/p>\n\n\n\n<p>O p\u00fablico \u00e9 convidado a participar neste encontro musical que celebra a hist\u00f3ria, a diversidade cultural e as liga\u00e7\u00f5es entre povos que partilham o espa\u00e7o mediterr\u00e2nico.&nbsp;<\/p>\n\n\n\n<p>Durante 60 minutos, ser\u00e3o interpretadas melodias emblem\u00e1ticas do mundo \u00e1rabe com imagens de cada pa\u00eds como pano de fundo.&nbsp;<\/p>\n","protected":false},"excerpt":{"rendered":"<p>Tavira recebe, pela primeira vez, no dia 15 de mar\u00e7o, pelas 17h00, no Teatro Municipal Ant\u00f3nio Pinheiro, o concerto de<\/p>\n","protected":false},"author":1,"featured_media":59815,"comment_status":"closed","ping_status":"closed","sticky":false,"template":"","format":"standard","meta":{"colormag_page_container_layout":"default_layout","colormag_page_sidebar_layout":"default_layout","_monsterinsights_skip_tracking":false,"_monsterinsights_sitenote_active":false,"_monsterinsights_sitenote_note":"","_monsterinsights_sitenote_category":0,"jetpack_post_was_ever_published":false,"_jetpack_newsletter_access":"","_jetpack_dont_email_post_to_subs":false,"_jetpack_newsletter_tier_id":0,"_jetpack_memberships_contains_paywalled_content":false,"_jetpack_memberships_contains_paid_content":false,"footnotes":"","jetpack_publicize_message":"","jetpack_publicize_feature_enabled":true,"jetpack_social_post_already_shared":true,"jetpack_social_options":{"image_generator_settings":{"template":"highway","default_image_id":0,"font":"","enabled":false},"version":2}},"categories":[14],"tags":[36,35,54],"class_list":["post-59814","post","type-post","status-publish","format-standard","has-post-thumbnail","hentry","category-cultura","tag-algarve","tag-cultura","tag-tavira"],"yoast_head":"<!-- This site is optimized with the Yoast SEO plugin v27.5 - https:\/\/yoast.com\/product\/yoast-seo-wordpress\/ -->\n<title>Concerto de encerramento do Festival Al-Mutamid em Tavira - Algarve 7<\/title>\n<meta name=\"description\" content=\"Concerto de encerramento do Festival Al-Mutamid em Tavira Cultura\" \/>\n<meta name=\"robots\" content=\"index, follow, max-snippet:-1, max-image-preview:large, max-video-preview:-1\" \/>\n<link rel=\"canonical\" href=\"https:\/\/algarve7.pt\/index.php\/2026\/03\/concerto-de-encerramento-do-festival-al-mutamid-em-tavira\/cultura\/16\/28\/\" \/>\n<meta property=\"og:locale\" content=\"pt_PT\" \/>\n<meta property=\"og:type\" content=\"article\" \/>\n<meta property=\"og:title\" content=\"Concerto de encerramento do Festival Al-Mutamid em Tavira - Algarve 7\" \/>\n<meta property=\"og:description\" content=\"Concerto de encerramento do Festival Al-Mutamid em Tavira Cultura\" \/>\n<meta property=\"og:url\" content=\"https:\/\/algarve7.pt\/index.php\/2026\/03\/concerto-de-encerramento-do-festival-al-mutamid-em-tavira\/cultura\/16\/28\/\" \/>\n<meta property=\"og:site_name\" content=\"Algarve 7\" \/>\n<meta property=\"article:publisher\" content=\"https:\/\/www.facebook.com\/algarve7\" \/>\n<meta property=\"article:author\" content=\"https:\/\/www.facebook.com\/algarve7\" \/>\n<meta property=\"article:published_time\" content=\"2026-03-13T16:28:39+00:00\" \/>\n<meta property=\"article:modified_time\" content=\"2026-03-13T16:28:50+00:00\" \/>\n<meta property=\"og:image\" content=\"https:\/\/algarve7.pt\/wp-content\/uploads\/2026\/03\/Concerto-Al-Mutamid.png\" \/>\n\t<meta property=\"og:image:width\" content=\"800\" \/>\n\t<meta property=\"og:image:height\" content=\"445\" \/>\n\t<meta property=\"og:image:type\" content=\"image\/png\" \/>\n<meta name=\"author\" content=\"Algarve 7\" \/>\n<meta name=\"twitter:card\" content=\"summary_large_image\" \/>\n<meta name=\"twitter:creator\" content=\"@Algarvesete\" \/>\n<meta name=\"twitter:site\" content=\"@Algarvesete\" \/>\n<meta name=\"twitter:label1\" content=\"Escrito por\" \/>\n\t<meta name=\"twitter:data1\" content=\"Algarve 7\" \/>\n\t<meta name=\"twitter:label2\" content=\"Tempo estimado de leitura\" \/>\n\t<meta name=\"twitter:data2\" content=\"2 minutos\" \/>\n<script type=\"application\/ld+json\" class=\"yoast-schema-graph\">{\"@context\":\"https:\\\/\\\/schema.org\",\"@graph\":[{\"@type\":\"Article\",\"@id\":\"https:\\\/\\\/algarve7.pt\\\/index.php\\\/2026\\\/03\\\/concerto-de-encerramento-do-festival-al-mutamid-em-tavira\\\/cultura\\\/16\\\/28\\\/#article\",\"isPartOf\":{\"@id\":\"https:\\\/\\\/algarve7.pt\\\/index.php\\\/2026\\\/03\\\/concerto-de-encerramento-do-festival-al-mutamid-em-tavira\\\/cultura\\\/16\\\/28\\\/\"},\"author\":{\"name\":\"Algarve 7\",\"@id\":\"https:\\\/\\\/algarve7.pt\\\/#\\\/schema\\\/person\\\/23fa70681308e7b319a3204bcea45e0c\"},\"headline\":\"Concerto de encerramento do Festival Al-Mutamid em Tavira\",\"datePublished\":\"2026-03-13T16:28:39+00:00\",\"dateModified\":\"2026-03-13T16:28:50+00:00\",\"mainEntityOfPage\":{\"@id\":\"https:\\\/\\\/algarve7.pt\\\/index.php\\\/2026\\\/03\\\/concerto-de-encerramento-do-festival-al-mutamid-em-tavira\\\/cultura\\\/16\\\/28\\\/\"},\"wordCount\":371,\"publisher\":{\"@id\":\"https:\\\/\\\/algarve7.pt\\\/#organization\"},\"image\":{\"@id\":\"https:\\\/\\\/algarve7.pt\\\/index.php\\\/2026\\\/03\\\/concerto-de-encerramento-do-festival-al-mutamid-em-tavira\\\/cultura\\\/16\\\/28\\\/#primaryimage\"},\"thumbnailUrl\":\"https:\\\/\\\/algarve7.pt\\\/wp-content\\\/uploads\\\/2026\\\/03\\\/Concerto-Al-Mutamid.png\",\"keywords\":[\"Algarve\",\"Cultura\",\"Tavira\"],\"articleSection\":[\"Cultura\"],\"inLanguage\":\"pt-PT\"},{\"@type\":\"WebPage\",\"@id\":\"https:\\\/\\\/algarve7.pt\\\/index.php\\\/2026\\\/03\\\/concerto-de-encerramento-do-festival-al-mutamid-em-tavira\\\/cultura\\\/16\\\/28\\\/\",\"url\":\"https:\\\/\\\/algarve7.pt\\\/index.php\\\/2026\\\/03\\\/concerto-de-encerramento-do-festival-al-mutamid-em-tavira\\\/cultura\\\/16\\\/28\\\/\",\"name\":\"Concerto de encerramento do Festival Al-Mutamid em Tavira - Algarve 7\",\"isPartOf\":{\"@id\":\"https:\\\/\\\/algarve7.pt\\\/#website\"},\"primaryImageOfPage\":{\"@id\":\"https:\\\/\\\/algarve7.pt\\\/index.php\\\/2026\\\/03\\\/concerto-de-encerramento-do-festival-al-mutamid-em-tavira\\\/cultura\\\/16\\\/28\\\/#primaryimage\"},\"image\":{\"@id\":\"https:\\\/\\\/algarve7.pt\\\/index.php\\\/2026\\\/03\\\/concerto-de-encerramento-do-festival-al-mutamid-em-tavira\\\/cultura\\\/16\\\/28\\\/#primaryimage\"},\"thumbnailUrl\":\"https:\\\/\\\/algarve7.pt\\\/wp-content\\\/uploads\\\/2026\\\/03\\\/Concerto-Al-Mutamid.png\",\"datePublished\":\"2026-03-13T16:28:39+00:00\",\"dateModified\":\"2026-03-13T16:28:50+00:00\",\"description\":\"Concerto de encerramento do Festival Al-Mutamid em Tavira Cultura\",\"breadcrumb\":{\"@id\":\"https:\\\/\\\/algarve7.pt\\\/index.php\\\/2026\\\/03\\\/concerto-de-encerramento-do-festival-al-mutamid-em-tavira\\\/cultura\\\/16\\\/28\\\/#breadcrumb\"},\"inLanguage\":\"pt-PT\",\"potentialAction\":[{\"@type\":\"ReadAction\",\"target\":[\"https:\\\/\\\/algarve7.pt\\\/index.php\\\/2026\\\/03\\\/concerto-de-encerramento-do-festival-al-mutamid-em-tavira\\\/cultura\\\/16\\\/28\\\/\"]}]},{\"@type\":\"ImageObject\",\"inLanguage\":\"pt-PT\",\"@id\":\"https:\\\/\\\/algarve7.pt\\\/index.php\\\/2026\\\/03\\\/concerto-de-encerramento-do-festival-al-mutamid-em-tavira\\\/cultura\\\/16\\\/28\\\/#primaryimage\",\"url\":\"https:\\\/\\\/algarve7.pt\\\/wp-content\\\/uploads\\\/2026\\\/03\\\/Concerto-Al-Mutamid.png\",\"contentUrl\":\"https:\\\/\\\/algarve7.pt\\\/wp-content\\\/uploads\\\/2026\\\/03\\\/Concerto-Al-Mutamid.png\",\"width\":800,\"height\":445},{\"@type\":\"BreadcrumbList\",\"@id\":\"https:\\\/\\\/algarve7.pt\\\/index.php\\\/2026\\\/03\\\/concerto-de-encerramento-do-festival-al-mutamid-em-tavira\\\/cultura\\\/16\\\/28\\\/#breadcrumb\",\"itemListElement\":[{\"@type\":\"ListItem\",\"position\":1,\"name\":\"In\u00edcio\",\"item\":\"https:\\\/\\\/algarve7.pt\\\/\"},{\"@type\":\"ListItem\",\"position\":2,\"name\":\"Concerto de encerramento do Festival Al-Mutamid em Tavira\"}]},{\"@type\":\"WebSite\",\"@id\":\"https:\\\/\\\/algarve7.pt\\\/#website\",\"url\":\"https:\\\/\\\/algarve7.pt\\\/\",\"name\":\"Algarve 7\",\"description\":\"Informa\u00e7\u00e3o sobre o Algarve\",\"publisher\":{\"@id\":\"https:\\\/\\\/algarve7.pt\\\/#organization\"},\"potentialAction\":[{\"@type\":\"SearchAction\",\"target\":{\"@type\":\"EntryPoint\",\"urlTemplate\":\"https:\\\/\\\/algarve7.pt\\\/?s={search_term_string}\"},\"query-input\":{\"@type\":\"PropertyValueSpecification\",\"valueRequired\":true,\"valueName\":\"search_term_string\"}}],\"inLanguage\":\"pt-PT\"},{\"@type\":\"Organization\",\"@id\":\"https:\\\/\\\/algarve7.pt\\\/#organization\",\"name\":\"Algarve 7\",\"url\":\"https:\\\/\\\/algarve7.pt\\\/\",\"logo\":{\"@type\":\"ImageObject\",\"inLanguage\":\"pt-PT\",\"@id\":\"https:\\\/\\\/algarve7.pt\\\/#\\\/schema\\\/logo\\\/image\\\/\",\"url\":\"https:\\\/\\\/algarve7.pt\\\/wp-content\\\/uploads\\\/2020\\\/10\\\/Logo-8.jpg\",\"contentUrl\":\"https:\\\/\\\/algarve7.pt\\\/wp-content\\\/uploads\\\/2020\\\/10\\\/Logo-8.jpg\",\"width\":1680,\"height\":1186,\"caption\":\"Algarve 7\"},\"image\":{\"@id\":\"https:\\\/\\\/algarve7.pt\\\/#\\\/schema\\\/logo\\\/image\\\/\"},\"sameAs\":[\"https:\\\/\\\/www.facebook.com\\\/algarve7\",\"https:\\\/\\\/x.com\\\/Algarvesete\",\"https:\\\/\\\/www.instagram.com\\\/jornalalgarve7\\\/\",\"https:\\\/\\\/www.linkedin.com\\\/company\\\/algarve7\",\"https:\\\/\\\/www.pinterest.pt\\\/geral0939\\\/_created\\\/\"]},{\"@type\":\"Person\",\"@id\":\"https:\\\/\\\/algarve7.pt\\\/#\\\/schema\\\/person\\\/23fa70681308e7b319a3204bcea45e0c\",\"name\":\"Algarve 7\",\"sameAs\":[\"https:\\\/\\\/algarve7.pt\",\"https:\\\/\\\/www.facebook.com\\\/algarve7\"],\"url\":\"https:\\\/\\\/algarve7.pt\\\/index.php\\\/author\\\/geralalgarve7-pt\\\/\"}]}<\/script>\n<!-- \/ Yoast SEO plugin. -->","yoast_head_json":{"title":"Concerto de encerramento do Festival Al-Mutamid em Tavira - Algarve 7","description":"Concerto de encerramento do Festival Al-Mutamid em Tavira Cultura","robots":{"index":"index","follow":"follow","max-snippet":"max-snippet:-1","max-image-preview":"max-image-preview:large","max-video-preview":"max-video-preview:-1"},"canonical":"https:\/\/algarve7.pt\/index.php\/2026\/03\/concerto-de-encerramento-do-festival-al-mutamid-em-tavira\/cultura\/16\/28\/","og_locale":"pt_PT","og_type":"article","og_title":"Concerto de encerramento do Festival Al-Mutamid em Tavira - Algarve 7","og_description":"Concerto de encerramento do Festival Al-Mutamid em Tavira Cultura","og_url":"https:\/\/algarve7.pt\/index.php\/2026\/03\/concerto-de-encerramento-do-festival-al-mutamid-em-tavira\/cultura\/16\/28\/","og_site_name":"Algarve 7","article_publisher":"https:\/\/www.facebook.com\/algarve7","article_author":"https:\/\/www.facebook.com\/algarve7","article_published_time":"2026-03-13T16:28:39+00:00","article_modified_time":"2026-03-13T16:28:50+00:00","og_image":[{"width":800,"height":445,"url":"https:\/\/algarve7.pt\/wp-content\/uploads\/2026\/03\/Concerto-Al-Mutamid.png","type":"image\/png"}],"author":"Algarve 7","twitter_card":"summary_large_image","twitter_creator":"@Algarvesete","twitter_site":"@Algarvesete","twitter_misc":{"Escrito por":"Algarve 7","Tempo estimado de leitura":"2 minutos"},"schema":{"@context":"https:\/\/schema.org","@graph":[{"@type":"Article","@id":"https:\/\/algarve7.pt\/index.php\/2026\/03\/concerto-de-encerramento-do-festival-al-mutamid-em-tavira\/cultura\/16\/28\/#article","isPartOf":{"@id":"https:\/\/algarve7.pt\/index.php\/2026\/03\/concerto-de-encerramento-do-festival-al-mutamid-em-tavira\/cultura\/16\/28\/"},"author":{"name":"Algarve 7","@id":"https:\/\/algarve7.pt\/#\/schema\/person\/23fa70681308e7b319a3204bcea45e0c"},"headline":"Concerto de encerramento do Festival Al-Mutamid em Tavira","datePublished":"2026-03-13T16:28:39+00:00","dateModified":"2026-03-13T16:28:50+00:00","mainEntityOfPage":{"@id":"https:\/\/algarve7.pt\/index.php\/2026\/03\/concerto-de-encerramento-do-festival-al-mutamid-em-tavira\/cultura\/16\/28\/"},"wordCount":371,"publisher":{"@id":"https:\/\/algarve7.pt\/#organization"},"image":{"@id":"https:\/\/algarve7.pt\/index.php\/2026\/03\/concerto-de-encerramento-do-festival-al-mutamid-em-tavira\/cultura\/16\/28\/#primaryimage"},"thumbnailUrl":"https:\/\/algarve7.pt\/wp-content\/uploads\/2026\/03\/Concerto-Al-Mutamid.png","keywords":["Algarve","Cultura","Tavira"],"articleSection":["Cultura"],"inLanguage":"pt-PT"},{"@type":"WebPage","@id":"https:\/\/algarve7.pt\/index.php\/2026\/03\/concerto-de-encerramento-do-festival-al-mutamid-em-tavira\/cultura\/16\/28\/","url":"https:\/\/algarve7.pt\/index.php\/2026\/03\/concerto-de-encerramento-do-festival-al-mutamid-em-tavira\/cultura\/16\/28\/","name":"Concerto de encerramento do Festival Al-Mutamid em Tavira - Algarve 7","isPartOf":{"@id":"https:\/\/algarve7.pt\/#website"},"primaryImageOfPage":{"@id":"https:\/\/algarve7.pt\/index.php\/2026\/03\/concerto-de-encerramento-do-festival-al-mutamid-em-tavira\/cultura\/16\/28\/#primaryimage"},"image":{"@id":"https:\/\/algarve7.pt\/index.php\/2026\/03\/concerto-de-encerramento-do-festival-al-mutamid-em-tavira\/cultura\/16\/28\/#primaryimage"},"thumbnailUrl":"https:\/\/algarve7.pt\/wp-content\/uploads\/2026\/03\/Concerto-Al-Mutamid.png","datePublished":"2026-03-13T16:28:39+00:00","dateModified":"2026-03-13T16:28:50+00:00","description":"Concerto de encerramento do Festival Al-Mutamid em Tavira Cultura","breadcrumb":{"@id":"https:\/\/algarve7.pt\/index.php\/2026\/03\/concerto-de-encerramento-do-festival-al-mutamid-em-tavira\/cultura\/16\/28\/#breadcrumb"},"inLanguage":"pt-PT","potentialAction":[{"@type":"ReadAction","target":["https:\/\/algarve7.pt\/index.php\/2026\/03\/concerto-de-encerramento-do-festival-al-mutamid-em-tavira\/cultura\/16\/28\/"]}]},{"@type":"ImageObject","inLanguage":"pt-PT","@id":"https:\/\/algarve7.pt\/index.php\/2026\/03\/concerto-de-encerramento-do-festival-al-mutamid-em-tavira\/cultura\/16\/28\/#primaryimage","url":"https:\/\/algarve7.pt\/wp-content\/uploads\/2026\/03\/Concerto-Al-Mutamid.png","contentUrl":"https:\/\/algarve7.pt\/wp-content\/uploads\/2026\/03\/Concerto-Al-Mutamid.png","width":800,"height":445},{"@type":"BreadcrumbList","@id":"https:\/\/algarve7.pt\/index.php\/2026\/03\/concerto-de-encerramento-do-festival-al-mutamid-em-tavira\/cultura\/16\/28\/#breadcrumb","itemListElement":[{"@type":"ListItem","position":1,"name":"In\u00edcio","item":"https:\/\/algarve7.pt\/"},{"@type":"ListItem","position":2,"name":"Concerto de encerramento do Festival Al-Mutamid em Tavira"}]},{"@type":"WebSite","@id":"https:\/\/algarve7.pt\/#website","url":"https:\/\/algarve7.pt\/","name":"Algarve 7","description":"Informa\u00e7\u00e3o sobre o Algarve","publisher":{"@id":"https:\/\/algarve7.pt\/#organization"},"potentialAction":[{"@type":"SearchAction","target":{"@type":"EntryPoint","urlTemplate":"https:\/\/algarve7.pt\/?s={search_term_string}"},"query-input":{"@type":"PropertyValueSpecification","valueRequired":true,"valueName":"search_term_string"}}],"inLanguage":"pt-PT"},{"@type":"Organization","@id":"https:\/\/algarve7.pt\/#organization","name":"Algarve 7","url":"https:\/\/algarve7.pt\/","logo":{"@type":"ImageObject","inLanguage":"pt-PT","@id":"https:\/\/algarve7.pt\/#\/schema\/logo\/image\/","url":"https:\/\/algarve7.pt\/wp-content\/uploads\/2020\/10\/Logo-8.jpg","contentUrl":"https:\/\/algarve7.pt\/wp-content\/uploads\/2020\/10\/Logo-8.jpg","width":1680,"height":1186,"caption":"Algarve 7"},"image":{"@id":"https:\/\/algarve7.pt\/#\/schema\/logo\/image\/"},"sameAs":["https:\/\/www.facebook.com\/algarve7","https:\/\/x.com\/Algarvesete","https:\/\/www.instagram.com\/jornalalgarve7\/","https:\/\/www.linkedin.com\/company\/algarve7","https:\/\/www.pinterest.pt\/geral0939\/_created\/"]},{"@type":"Person","@id":"https:\/\/algarve7.pt\/#\/schema\/person\/23fa70681308e7b319a3204bcea45e0c","name":"Algarve 7","sameAs":["https:\/\/algarve7.pt","https:\/\/www.facebook.com\/algarve7"],"url":"https:\/\/algarve7.pt\/index.php\/author\/geralalgarve7-pt\/"}]}},"jetpack_publicize_connections":[],"jetpack_featured_media_url":"https:\/\/algarve7.pt\/wp-content\/uploads\/2026\/03\/Concerto-Al-Mutamid.png","jetpack_shortlink":"https:\/\/wp.me\/pcezmW-fyK","jetpack_sharing_enabled":true,"_links":{"self":[{"href":"https:\/\/algarve7.pt\/index.php\/wp-json\/wp\/v2\/posts\/59814","targetHints":{"allow":["GET"]}}],"collection":[{"href":"https:\/\/algarve7.pt\/index.php\/wp-json\/wp\/v2\/posts"}],"about":[{"href":"https:\/\/algarve7.pt\/index.php\/wp-json\/wp\/v2\/types\/post"}],"author":[{"embeddable":true,"href":"https:\/\/algarve7.pt\/index.php\/wp-json\/wp\/v2\/users\/1"}],"replies":[{"embeddable":true,"href":"https:\/\/algarve7.pt\/index.php\/wp-json\/wp\/v2\/comments?post=59814"}],"version-history":[{"count":0,"href":"https:\/\/algarve7.pt\/index.php\/wp-json\/wp\/v2\/posts\/59814\/revisions"}],"wp:featuredmedia":[{"embeddable":true,"href":"https:\/\/algarve7.pt\/index.php\/wp-json\/wp\/v2\/media\/59815"}],"wp:attachment":[{"href":"https:\/\/algarve7.pt\/index.php\/wp-json\/wp\/v2\/media?parent=59814"}],"wp:term":[{"taxonomy":"category","embeddable":true,"href":"https:\/\/algarve7.pt\/index.php\/wp-json\/wp\/v2\/categories?post=59814"},{"taxonomy":"post_tag","embeddable":true,"href":"https:\/\/algarve7.pt\/index.php\/wp-json\/wp\/v2\/tags?post=59814"}],"curies":[{"name":"wp","href":"https:\/\/api.w.org\/{rel}","templated":true}]}}