{"id":59779,"date":"2026-03-12T19:18:20","date_gmt":"2026-03-12T19:18:20","guid":{"rendered":"https:\/\/algarve7.pt\/?p=59779"},"modified":"2026-03-12T19:18:26","modified_gmt":"2026-03-12T19:18:26","slug":"companhia-de-sapadores-bombeiros-de-tavira-celebra-138-anos","status":"publish","type":"post","link":"https:\/\/algarve7.pt\/index.php\/2026\/03\/companhia-de-sapadores-bombeiros-de-tavira-celebra-138-anos\/atualidade\/19\/18\/","title":{"rendered":"Companhia de Sapadores Bombeiros de Tavira celebra 138 anos"},"content":{"rendered":"\n<p>A Companhia de Sapadores Bombeiros de Tavira celebra, no dia 22 de mar\u00e7o, pelas 10h30, na Pra\u00e7a da Rep\u00fablica, o seu 138.\u00ba anivers\u00e1rio.&nbsp;<\/p>\n\n\n\n<p>Esta cerim\u00f3nia comemorativa, que assinala mais de um s\u00e9culo de dedica\u00e7\u00e3o, coragem e servi\u00e7o \u00e0 comunidade, homenageia todos os bombeiros que, ao longo de gera\u00e7\u00f5es, contribu\u00edram para a prote\u00e7\u00e3o e seguran\u00e7a da popula\u00e7\u00e3o do concelho.<\/p>\n\n\n\n<p>O programa integra v\u00e1rios momentos institucionais e operacionais com destaque para uma demonstra\u00e7\u00e3o din\u00e2mica da Companhia que dar\u00e1 a conhecer \u00e0 popula\u00e7\u00e3o os seus meios, as suas t\u00e9cnicas e val\u00eancias.<\/p>\n\n\n\n<p>A celebra\u00e7\u00e3o conta com a apresenta\u00e7\u00e3o p\u00fablica de um novo ve\u00edculo de combate a inc\u00eandios, o qual visa refor\u00e7ar os meios operacionais da Companhia, assim como aumentar a capacidade de resposta.<\/p>\n\n\n\n<p>Tamb\u00e9m a Banda do Regimento de Sapadores Bombeiros de Lisboa integra esta comemora\u00e7\u00e3o com um concerto, no dia 21, pelas 21h30, no Teatro Municipal Ant\u00f3nio Pinheiro.<\/p>\n","protected":false},"excerpt":{"rendered":"<p>A Companhia de Sapadores Bombeiros de Tavira celebra, no dia 22 de mar\u00e7o, pelas 10h30, na Pra\u00e7a da Rep\u00fablica, o<\/p>\n","protected":false},"author":1,"featured_media":59780,"comment_status":"closed","ping_status":"closed","sticky":false,"template":"","format":"standard","meta":{"colormag_page_container_layout":"default_layout","colormag_page_sidebar_layout":"default_layout","_monsterinsights_skip_tracking":false,"_monsterinsights_sitenote_active":false,"_monsterinsights_sitenote_note":"","_monsterinsights_sitenote_category":0,"jetpack_post_was_ever_published":false,"_jetpack_newsletter_access":"","_jetpack_dont_email_post_to_subs":false,"_jetpack_newsletter_tier_id":0,"_jetpack_memberships_contains_paywalled_content":false,"_jetpack_memberships_contains_paid_content":false,"footnotes":"","jetpack_publicize_message":"","jetpack_publicize_feature_enabled":true,"jetpack_social_post_already_shared":true,"jetpack_social_options":{"image_generator_settings":{"template":"highway","default_image_id":0,"font":"","enabled":false},"version":2}},"categories":[11],"tags":[36,62,104,54],"class_list":["post-59779","post","type-post","status-publish","format-standard","has-post-thumbnail","hentry","category-atualidade","tag-algarve","tag-atualidade","tag-bombeiros","tag-tavira"],"yoast_head":"<!-- This site is optimized with the Yoast SEO plugin v27.5 - https:\/\/yoast.com\/product\/yoast-seo-wordpress\/ -->\n<title>Companhia de Sapadores Bombeiros de Tavira celebra 138 anos - Algarve 7<\/title>\n<meta name=\"description\" content=\"Companhia de Sapadores Bombeiros de Tavira celebra 138 anos Atualidade\" \/>\n<meta name=\"robots\" content=\"index, follow, max-snippet:-1, max-image-preview:large, max-video-preview:-1\" \/>\n<link rel=\"canonical\" href=\"https:\/\/algarve7.pt\/index.php\/2026\/03\/companhia-de-sapadores-bombeiros-de-tavira-celebra-138-anos\/atualidade\/19\/18\/\" \/>\n<meta property=\"og:locale\" content=\"pt_PT\" \/>\n<meta property=\"og:type\" content=\"article\" \/>\n<meta property=\"og:title\" content=\"Companhia de Sapadores Bombeiros de Tavira celebra 138 anos - Algarve 7\" \/>\n<meta property=\"og:description\" content=\"Companhia de Sapadores Bombeiros de Tavira celebra 138 anos Atualidade\" \/>\n<meta property=\"og:url\" content=\"https:\/\/algarve7.pt\/index.php\/2026\/03\/companhia-de-sapadores-bombeiros-de-tavira-celebra-138-anos\/atualidade\/19\/18\/\" \/>\n<meta property=\"og:site_name\" content=\"Algarve 7\" \/>\n<meta property=\"article:publisher\" content=\"https:\/\/www.facebook.com\/algarve7\" \/>\n<meta property=\"article:author\" content=\"https:\/\/www.facebook.com\/algarve7\" \/>\n<meta property=\"article:published_time\" content=\"2026-03-12T19:18:20+00:00\" \/>\n<meta property=\"article:modified_time\" content=\"2026-03-12T19:18:26+00:00\" \/>\n<meta property=\"og:image\" content=\"https:\/\/algarve7.pt\/wp-content\/uploads\/2026\/03\/Bombeiros-Sapadores-Tavira.jpg\" \/>\n\t<meta property=\"og:image:width\" content=\"800\" \/>\n\t<meta property=\"og:image:height\" content=\"445\" \/>\n\t<meta property=\"og:image:type\" content=\"image\/jpeg\" \/>\n<meta name=\"author\" content=\"Algarve 7\" \/>\n<meta name=\"twitter:card\" content=\"summary_large_image\" \/>\n<meta name=\"twitter:creator\" content=\"@Algarvesete\" \/>\n<meta name=\"twitter:site\" content=\"@Algarvesete\" \/>\n<meta name=\"twitter:label1\" content=\"Escrito por\" \/>\n\t<meta name=\"twitter:data1\" content=\"Algarve 7\" \/>\n\t<meta name=\"twitter:label2\" content=\"Tempo estimado de leitura\" \/>\n\t<meta name=\"twitter:data2\" content=\"2 minutos\" \/>\n<script type=\"application\/ld+json\" class=\"yoast-schema-graph\">{\"@context\":\"https:\\\/\\\/schema.org\",\"@graph\":[{\"@type\":\"Article\",\"@id\":\"https:\\\/\\\/algarve7.pt\\\/index.php\\\/2026\\\/03\\\/companhia-de-sapadores-bombeiros-de-tavira-celebra-138-anos\\\/atualidade\\\/19\\\/18\\\/#article\",\"isPartOf\":{\"@id\":\"https:\\\/\\\/algarve7.pt\\\/index.php\\\/2026\\\/03\\\/companhia-de-sapadores-bombeiros-de-tavira-celebra-138-anos\\\/atualidade\\\/19\\\/18\\\/\"},\"author\":{\"name\":\"Algarve 7\",\"@id\":\"https:\\\/\\\/algarve7.pt\\\/#\\\/schema\\\/person\\\/23fa70681308e7b319a3204bcea45e0c\"},\"headline\":\"Companhia de Sapadores Bombeiros de Tavira celebra 138 anos\",\"datePublished\":\"2026-03-12T19:18:20+00:00\",\"dateModified\":\"2026-03-12T19:18:26+00:00\",\"mainEntityOfPage\":{\"@id\":\"https:\\\/\\\/algarve7.pt\\\/index.php\\\/2026\\\/03\\\/companhia-de-sapadores-bombeiros-de-tavira-celebra-138-anos\\\/atualidade\\\/19\\\/18\\\/\"},\"wordCount\":177,\"publisher\":{\"@id\":\"https:\\\/\\\/algarve7.pt\\\/#organization\"},\"image\":{\"@id\":\"https:\\\/\\\/algarve7.pt\\\/index.php\\\/2026\\\/03\\\/companhia-de-sapadores-bombeiros-de-tavira-celebra-138-anos\\\/atualidade\\\/19\\\/18\\\/#primaryimage\"},\"thumbnailUrl\":\"https:\\\/\\\/algarve7.pt\\\/wp-content\\\/uploads\\\/2026\\\/03\\\/Bombeiros-Sapadores-Tavira.jpg\",\"keywords\":[\"Algarve\",\"Atualidade\",\"Bombeiros\",\"Tavira\"],\"articleSection\":[\"Atualidade\"],\"inLanguage\":\"pt-PT\"},{\"@type\":\"WebPage\",\"@id\":\"https:\\\/\\\/algarve7.pt\\\/index.php\\\/2026\\\/03\\\/companhia-de-sapadores-bombeiros-de-tavira-celebra-138-anos\\\/atualidade\\\/19\\\/18\\\/\",\"url\":\"https:\\\/\\\/algarve7.pt\\\/index.php\\\/2026\\\/03\\\/companhia-de-sapadores-bombeiros-de-tavira-celebra-138-anos\\\/atualidade\\\/19\\\/18\\\/\",\"name\":\"Companhia de Sapadores Bombeiros de Tavira celebra 138 anos - Algarve 7\",\"isPartOf\":{\"@id\":\"https:\\\/\\\/algarve7.pt\\\/#website\"},\"primaryImageOfPage\":{\"@id\":\"https:\\\/\\\/algarve7.pt\\\/index.php\\\/2026\\\/03\\\/companhia-de-sapadores-bombeiros-de-tavira-celebra-138-anos\\\/atualidade\\\/19\\\/18\\\/#primaryimage\"},\"image\":{\"@id\":\"https:\\\/\\\/algarve7.pt\\\/index.php\\\/2026\\\/03\\\/companhia-de-sapadores-bombeiros-de-tavira-celebra-138-anos\\\/atualidade\\\/19\\\/18\\\/#primaryimage\"},\"thumbnailUrl\":\"https:\\\/\\\/algarve7.pt\\\/wp-content\\\/uploads\\\/2026\\\/03\\\/Bombeiros-Sapadores-Tavira.jpg\",\"datePublished\":\"2026-03-12T19:18:20+00:00\",\"dateModified\":\"2026-03-12T19:18:26+00:00\",\"description\":\"Companhia de Sapadores Bombeiros de Tavira celebra 138 anos Atualidade\",\"breadcrumb\":{\"@id\":\"https:\\\/\\\/algarve7.pt\\\/index.php\\\/2026\\\/03\\\/companhia-de-sapadores-bombeiros-de-tavira-celebra-138-anos\\\/atualidade\\\/19\\\/18\\\/#breadcrumb\"},\"inLanguage\":\"pt-PT\",\"potentialAction\":[{\"@type\":\"ReadAction\",\"target\":[\"https:\\\/\\\/algarve7.pt\\\/index.php\\\/2026\\\/03\\\/companhia-de-sapadores-bombeiros-de-tavira-celebra-138-anos\\\/atualidade\\\/19\\\/18\\\/\"]}]},{\"@type\":\"ImageObject\",\"inLanguage\":\"pt-PT\",\"@id\":\"https:\\\/\\\/algarve7.pt\\\/index.php\\\/2026\\\/03\\\/companhia-de-sapadores-bombeiros-de-tavira-celebra-138-anos\\\/atualidade\\\/19\\\/18\\\/#primaryimage\",\"url\":\"https:\\\/\\\/algarve7.pt\\\/wp-content\\\/uploads\\\/2026\\\/03\\\/Bombeiros-Sapadores-Tavira.jpg\",\"contentUrl\":\"https:\\\/\\\/algarve7.pt\\\/wp-content\\\/uploads\\\/2026\\\/03\\\/Bombeiros-Sapadores-Tavira.jpg\",\"width\":800,\"height\":445},{\"@type\":\"BreadcrumbList\",\"@id\":\"https:\\\/\\\/algarve7.pt\\\/index.php\\\/2026\\\/03\\\/companhia-de-sapadores-bombeiros-de-tavira-celebra-138-anos\\\/atualidade\\\/19\\\/18\\\/#breadcrumb\",\"itemListElement\":[{\"@type\":\"ListItem\",\"position\":1,\"name\":\"In\u00edcio\",\"item\":\"https:\\\/\\\/algarve7.pt\\\/\"},{\"@type\":\"ListItem\",\"position\":2,\"name\":\"Companhia de Sapadores Bombeiros de Tavira celebra 138 anos\"}]},{\"@type\":\"WebSite\",\"@id\":\"https:\\\/\\\/algarve7.pt\\\/#website\",\"url\":\"https:\\\/\\\/algarve7.pt\\\/\",\"name\":\"Algarve 7\",\"description\":\"Informa\u00e7\u00e3o sobre o Algarve\",\"publisher\":{\"@id\":\"https:\\\/\\\/algarve7.pt\\\/#organization\"},\"potentialAction\":[{\"@type\":\"SearchAction\",\"target\":{\"@type\":\"EntryPoint\",\"urlTemplate\":\"https:\\\/\\\/algarve7.pt\\\/?s={search_term_string}\"},\"query-input\":{\"@type\":\"PropertyValueSpecification\",\"valueRequired\":true,\"valueName\":\"search_term_string\"}}],\"inLanguage\":\"pt-PT\"},{\"@type\":\"Organization\",\"@id\":\"https:\\\/\\\/algarve7.pt\\\/#organization\",\"name\":\"Algarve 7\",\"url\":\"https:\\\/\\\/algarve7.pt\\\/\",\"logo\":{\"@type\":\"ImageObject\",\"inLanguage\":\"pt-PT\",\"@id\":\"https:\\\/\\\/algarve7.pt\\\/#\\\/schema\\\/logo\\\/image\\\/\",\"url\":\"https:\\\/\\\/algarve7.pt\\\/wp-content\\\/uploads\\\/2020\\\/10\\\/Logo-8.jpg\",\"contentUrl\":\"https:\\\/\\\/algarve7.pt\\\/wp-content\\\/uploads\\\/2020\\\/10\\\/Logo-8.jpg\",\"width\":1680,\"height\":1186,\"caption\":\"Algarve 7\"},\"image\":{\"@id\":\"https:\\\/\\\/algarve7.pt\\\/#\\\/schema\\\/logo\\\/image\\\/\"},\"sameAs\":[\"https:\\\/\\\/www.facebook.com\\\/algarve7\",\"https:\\\/\\\/x.com\\\/Algarvesete\",\"https:\\\/\\\/www.instagram.com\\\/jornalalgarve7\\\/\",\"https:\\\/\\\/www.linkedin.com\\\/company\\\/algarve7\",\"https:\\\/\\\/www.pinterest.pt\\\/geral0939\\\/_created\\\/\"]},{\"@type\":\"Person\",\"@id\":\"https:\\\/\\\/algarve7.pt\\\/#\\\/schema\\\/person\\\/23fa70681308e7b319a3204bcea45e0c\",\"name\":\"Algarve 7\",\"sameAs\":[\"https:\\\/\\\/algarve7.pt\",\"https:\\\/\\\/www.facebook.com\\\/algarve7\"],\"url\":\"https:\\\/\\\/algarve7.pt\\\/index.php\\\/author\\\/geralalgarve7-pt\\\/\"}]}<\/script>\n<!-- \/ Yoast SEO plugin. -->","yoast_head_json":{"title":"Companhia de Sapadores Bombeiros de Tavira celebra 138 anos - Algarve 7","description":"Companhia de Sapadores Bombeiros de Tavira celebra 138 anos Atualidade","robots":{"index":"index","follow":"follow","max-snippet":"max-snippet:-1","max-image-preview":"max-image-preview:large","max-video-preview":"max-video-preview:-1"},"canonical":"https:\/\/algarve7.pt\/index.php\/2026\/03\/companhia-de-sapadores-bombeiros-de-tavira-celebra-138-anos\/atualidade\/19\/18\/","og_locale":"pt_PT","og_type":"article","og_title":"Companhia de Sapadores Bombeiros de Tavira celebra 138 anos - Algarve 7","og_description":"Companhia de Sapadores Bombeiros de Tavira celebra 138 anos Atualidade","og_url":"https:\/\/algarve7.pt\/index.php\/2026\/03\/companhia-de-sapadores-bombeiros-de-tavira-celebra-138-anos\/atualidade\/19\/18\/","og_site_name":"Algarve 7","article_publisher":"https:\/\/www.facebook.com\/algarve7","article_author":"https:\/\/www.facebook.com\/algarve7","article_published_time":"2026-03-12T19:18:20+00:00","article_modified_time":"2026-03-12T19:18:26+00:00","og_image":[{"width":800,"height":445,"url":"https:\/\/algarve7.pt\/wp-content\/uploads\/2026\/03\/Bombeiros-Sapadores-Tavira.jpg","type":"image\/jpeg"}],"author":"Algarve 7","twitter_card":"summary_large_image","twitter_creator":"@Algarvesete","twitter_site":"@Algarvesete","twitter_misc":{"Escrito por":"Algarve 7","Tempo estimado de leitura":"2 minutos"},"schema":{"@context":"https:\/\/schema.org","@graph":[{"@type":"Article","@id":"https:\/\/algarve7.pt\/index.php\/2026\/03\/companhia-de-sapadores-bombeiros-de-tavira-celebra-138-anos\/atualidade\/19\/18\/#article","isPartOf":{"@id":"https:\/\/algarve7.pt\/index.php\/2026\/03\/companhia-de-sapadores-bombeiros-de-tavira-celebra-138-anos\/atualidade\/19\/18\/"},"author":{"name":"Algarve 7","@id":"https:\/\/algarve7.pt\/#\/schema\/person\/23fa70681308e7b319a3204bcea45e0c"},"headline":"Companhia de Sapadores Bombeiros de Tavira celebra 138 anos","datePublished":"2026-03-12T19:18:20+00:00","dateModified":"2026-03-12T19:18:26+00:00","mainEntityOfPage":{"@id":"https:\/\/algarve7.pt\/index.php\/2026\/03\/companhia-de-sapadores-bombeiros-de-tavira-celebra-138-anos\/atualidade\/19\/18\/"},"wordCount":177,"publisher":{"@id":"https:\/\/algarve7.pt\/#organization"},"image":{"@id":"https:\/\/algarve7.pt\/index.php\/2026\/03\/companhia-de-sapadores-bombeiros-de-tavira-celebra-138-anos\/atualidade\/19\/18\/#primaryimage"},"thumbnailUrl":"https:\/\/algarve7.pt\/wp-content\/uploads\/2026\/03\/Bombeiros-Sapadores-Tavira.jpg","keywords":["Algarve","Atualidade","Bombeiros","Tavira"],"articleSection":["Atualidade"],"inLanguage":"pt-PT"},{"@type":"WebPage","@id":"https:\/\/algarve7.pt\/index.php\/2026\/03\/companhia-de-sapadores-bombeiros-de-tavira-celebra-138-anos\/atualidade\/19\/18\/","url":"https:\/\/algarve7.pt\/index.php\/2026\/03\/companhia-de-sapadores-bombeiros-de-tavira-celebra-138-anos\/atualidade\/19\/18\/","name":"Companhia de Sapadores Bombeiros de Tavira celebra 138 anos - Algarve 7","isPartOf":{"@id":"https:\/\/algarve7.pt\/#website"},"primaryImageOfPage":{"@id":"https:\/\/algarve7.pt\/index.php\/2026\/03\/companhia-de-sapadores-bombeiros-de-tavira-celebra-138-anos\/atualidade\/19\/18\/#primaryimage"},"image":{"@id":"https:\/\/algarve7.pt\/index.php\/2026\/03\/companhia-de-sapadores-bombeiros-de-tavira-celebra-138-anos\/atualidade\/19\/18\/#primaryimage"},"thumbnailUrl":"https:\/\/algarve7.pt\/wp-content\/uploads\/2026\/03\/Bombeiros-Sapadores-Tavira.jpg","datePublished":"2026-03-12T19:18:20+00:00","dateModified":"2026-03-12T19:18:26+00:00","description":"Companhia de Sapadores Bombeiros de Tavira celebra 138 anos Atualidade","breadcrumb":{"@id":"https:\/\/algarve7.pt\/index.php\/2026\/03\/companhia-de-sapadores-bombeiros-de-tavira-celebra-138-anos\/atualidade\/19\/18\/#breadcrumb"},"inLanguage":"pt-PT","potentialAction":[{"@type":"ReadAction","target":["https:\/\/algarve7.pt\/index.php\/2026\/03\/companhia-de-sapadores-bombeiros-de-tavira-celebra-138-anos\/atualidade\/19\/18\/"]}]},{"@type":"ImageObject","inLanguage":"pt-PT","@id":"https:\/\/algarve7.pt\/index.php\/2026\/03\/companhia-de-sapadores-bombeiros-de-tavira-celebra-138-anos\/atualidade\/19\/18\/#primaryimage","url":"https:\/\/algarve7.pt\/wp-content\/uploads\/2026\/03\/Bombeiros-Sapadores-Tavira.jpg","contentUrl":"https:\/\/algarve7.pt\/wp-content\/uploads\/2026\/03\/Bombeiros-Sapadores-Tavira.jpg","width":800,"height":445},{"@type":"BreadcrumbList","@id":"https:\/\/algarve7.pt\/index.php\/2026\/03\/companhia-de-sapadores-bombeiros-de-tavira-celebra-138-anos\/atualidade\/19\/18\/#breadcrumb","itemListElement":[{"@type":"ListItem","position":1,"name":"In\u00edcio","item":"https:\/\/algarve7.pt\/"},{"@type":"ListItem","position":2,"name":"Companhia de Sapadores Bombeiros de Tavira celebra 138 anos"}]},{"@type":"WebSite","@id":"https:\/\/algarve7.pt\/#website","url":"https:\/\/algarve7.pt\/","name":"Algarve 7","description":"Informa\u00e7\u00e3o sobre o Algarve","publisher":{"@id":"https:\/\/algarve7.pt\/#organization"},"potentialAction":[{"@type":"SearchAction","target":{"@type":"EntryPoint","urlTemplate":"https:\/\/algarve7.pt\/?s={search_term_string}"},"query-input":{"@type":"PropertyValueSpecification","valueRequired":true,"valueName":"search_term_string"}}],"inLanguage":"pt-PT"},{"@type":"Organization","@id":"https:\/\/algarve7.pt\/#organization","name":"Algarve 7","url":"https:\/\/algarve7.pt\/","logo":{"@type":"ImageObject","inLanguage":"pt-PT","@id":"https:\/\/algarve7.pt\/#\/schema\/logo\/image\/","url":"https:\/\/algarve7.pt\/wp-content\/uploads\/2020\/10\/Logo-8.jpg","contentUrl":"https:\/\/algarve7.pt\/wp-content\/uploads\/2020\/10\/Logo-8.jpg","width":1680,"height":1186,"caption":"Algarve 7"},"image":{"@id":"https:\/\/algarve7.pt\/#\/schema\/logo\/image\/"},"sameAs":["https:\/\/www.facebook.com\/algarve7","https:\/\/x.com\/Algarvesete","https:\/\/www.instagram.com\/jornalalgarve7\/","https:\/\/www.linkedin.com\/company\/algarve7","https:\/\/www.pinterest.pt\/geral0939\/_created\/"]},{"@type":"Person","@id":"https:\/\/algarve7.pt\/#\/schema\/person\/23fa70681308e7b319a3204bcea45e0c","name":"Algarve 7","sameAs":["https:\/\/algarve7.pt","https:\/\/www.facebook.com\/algarve7"],"url":"https:\/\/algarve7.pt\/index.php\/author\/geralalgarve7-pt\/"}]}},"jetpack_publicize_connections":[],"jetpack_featured_media_url":"https:\/\/algarve7.pt\/wp-content\/uploads\/2026\/03\/Bombeiros-Sapadores-Tavira.jpg","jetpack_shortlink":"https:\/\/wp.me\/pcezmW-fyb","jetpack_sharing_enabled":true,"_links":{"self":[{"href":"https:\/\/algarve7.pt\/index.php\/wp-json\/wp\/v2\/posts\/59779","targetHints":{"allow":["GET"]}}],"collection":[{"href":"https:\/\/algarve7.pt\/index.php\/wp-json\/wp\/v2\/posts"}],"about":[{"href":"https:\/\/algarve7.pt\/index.php\/wp-json\/wp\/v2\/types\/post"}],"author":[{"embeddable":true,"href":"https:\/\/algarve7.pt\/index.php\/wp-json\/wp\/v2\/users\/1"}],"replies":[{"embeddable":true,"href":"https:\/\/algarve7.pt\/index.php\/wp-json\/wp\/v2\/comments?post=59779"}],"version-history":[{"count":0,"href":"https:\/\/algarve7.pt\/index.php\/wp-json\/wp\/v2\/posts\/59779\/revisions"}],"wp:featuredmedia":[{"embeddable":true,"href":"https:\/\/algarve7.pt\/index.php\/wp-json\/wp\/v2\/media\/59780"}],"wp:attachment":[{"href":"https:\/\/algarve7.pt\/index.php\/wp-json\/wp\/v2\/media?parent=59779"}],"wp:term":[{"taxonomy":"category","embeddable":true,"href":"https:\/\/algarve7.pt\/index.php\/wp-json\/wp\/v2\/categories?post=59779"},{"taxonomy":"post_tag","embeddable":true,"href":"https:\/\/algarve7.pt\/index.php\/wp-json\/wp\/v2\/tags?post=59779"}],"curies":[{"name":"wp","href":"https:\/\/api.w.org\/{rel}","templated":true}]}}