{"id":59773,"date":"2026-03-13T08:15:00","date_gmt":"2026-03-13T08:15:00","guid":{"rendered":"https:\/\/algarve7.pt\/?p=59773"},"modified":"2026-03-12T19:08:34","modified_gmt":"2026-03-12T19:08:34","slug":"ccdr-algarve-promove-sessao-de-esclarecimento-sobre-o-regime-de-incentivos-do-estado-a-comunicacao-social","status":"publish","type":"post","link":"https:\/\/algarve7.pt\/index.php\/2026\/03\/ccdr-algarve-promove-sessao-de-esclarecimento-sobre-o-regime-de-incentivos-do-estado-a-comunicacao-social\/atualidade\/08\/15\/","title":{"rendered":"CCDR Algarve promove sess\u00e3o de esclarecimento sobre o Regime de Incentivos do Estado \u00e0 Comunica\u00e7\u00e3o Social"},"content":{"rendered":"\n<p>A Comiss\u00e3o de Coordena\u00e7\u00e3o e Desenvolvimento Regional do Algarve (CCDR Algarve, I.P.) promove, no pr\u00f3ximo dia 16 de mar\u00e7o de 2026, \u00e0s 16h00, uma sess\u00e3o de esclarecimento online, via Microsoft Teams, dedicada ao Regime de Incentivos do Estado \u00e0 Comunica\u00e7\u00e3o Social (RIECS).<\/p>\n\n\n\n<p>A iniciativa visa apresentar as principais caracter\u00edsticas do regime, esclarecer d\u00favidas e apoiar potenciais benefici\u00e1rios no processo de candidatura. As inscri\u00e7\u00f5es para a sess\u00e3o online encontram-se dispon\u00edveis\u00a0<a href=\"https:\/\/forms.office.com\/Pages\/ResponsePage.aspx?id=F9U7mwrY-Eil2_5Zip1t9HEzYfvQ5C5BpziVy2yd37VUOVpGSkQzSUlGQzJER1dPRTZORVZSUFAwWS4u\" target=\"_blank\" rel=\"noreferrer noopener\">AQUI<\/a>.<\/p>\n\n\n\n<p>O RIECS prev\u00ea a atribui\u00e7\u00e3o de incentivos destinados a apoiar:<\/p>\n\n\n\n<ul class=\"wp-block-list\">\n<li>a moderniza\u00e7\u00e3o tecnol\u00f3gica dos \u00f3rg\u00e3os de comunica\u00e7\u00e3o social;<\/li>\n\n\n\n<li>o desenvolvimento digital;<\/li>\n\n\n\n<li>a acessibilidade \u00e0 comunica\u00e7\u00e3o social;<\/li>\n\n\n\n<li>o desenvolvimento de parcerias estrat\u00e9gicas;<\/li>\n\n\n\n<li>iniciativas de literacia e educa\u00e7\u00e3o para a comunica\u00e7\u00e3o social.<\/li>\n<\/ul>\n\n\n\n<p>Pode consultar aqui\u00a0<a href=\"https:\/\/www.ccdr-alg.pt\/site\/info\/incentivos-a-comunicacao-social\" target=\"_blank\" rel=\"noreferrer noopener\">mais informa\u00e7\u00f5es sobre os incentivos<\/a>, incluindo legisla\u00e7\u00e3o aplic\u00e1vel e formul\u00e1rio de candidatura.\u00a0\u00a0\u00a0<\/p>\n","protected":false},"excerpt":{"rendered":"<p>A Comiss\u00e3o de Coordena\u00e7\u00e3o e Desenvolvimento Regional do Algarve (CCDR Algarve, I.P.) promove, no pr\u00f3ximo dia 16 de mar\u00e7o de<\/p>\n","protected":false},"author":1,"featured_media":59774,"comment_status":"closed","ping_status":"closed","sticky":false,"template":"","format":"standard","meta":{"colormag_page_container_layout":"default_layout","colormag_page_sidebar_layout":"default_layout","_monsterinsights_skip_tracking":false,"_monsterinsights_sitenote_active":false,"_monsterinsights_sitenote_note":"","_monsterinsights_sitenote_category":0,"jetpack_post_was_ever_published":false,"_jetpack_newsletter_access":"","_jetpack_dont_email_post_to_subs":false,"_jetpack_newsletter_tier_id":0,"_jetpack_memberships_contains_paywalled_content":false,"_jetpack_memberships_contains_paid_content":false,"footnotes":"","jetpack_publicize_message":"","jetpack_publicize_feature_enabled":true,"jetpack_social_post_already_shared":true,"jetpack_social_options":{"image_generator_settings":{"template":"highway","default_image_id":0,"font":"","enabled":false},"version":2}},"categories":[11],"tags":[36,62,143],"class_list":["post-59773","post","type-post","status-publish","format-standard","has-post-thumbnail","hentry","category-atualidade","tag-algarve","tag-atualidade","tag-ccdr-algarve"],"yoast_head":"<!-- This site is optimized with the Yoast SEO plugin v27.5 - https:\/\/yoast.com\/product\/yoast-seo-wordpress\/ -->\n<title>CCDR Algarve promove sess\u00e3o de esclarecimento sobre o Regime de Incentivos do Estado \u00e0 Comunica\u00e7\u00e3o Social - Algarve 7<\/title>\n<meta name=\"description\" content=\"CCDR Algarve promove sess\u00e3o de esclarecimento sobre o Regime de Incentivos do Estado \u00e0 Comunica\u00e7\u00e3o Social Atualidade\" \/>\n<meta name=\"robots\" content=\"index, follow, max-snippet:-1, max-image-preview:large, max-video-preview:-1\" \/>\n<link rel=\"canonical\" href=\"https:\/\/algarve7.pt\/index.php\/2026\/03\/ccdr-algarve-promove-sessao-de-esclarecimento-sobre-o-regime-de-incentivos-do-estado-a-comunicacao-social\/atualidade\/08\/15\/\" \/>\n<meta property=\"og:locale\" content=\"pt_PT\" \/>\n<meta property=\"og:type\" content=\"article\" \/>\n<meta property=\"og:title\" content=\"CCDR Algarve promove sess\u00e3o de esclarecimento sobre o Regime de Incentivos do Estado \u00e0 Comunica\u00e7\u00e3o Social - Algarve 7\" \/>\n<meta property=\"og:description\" content=\"CCDR Algarve promove sess\u00e3o de esclarecimento sobre o Regime de Incentivos do Estado \u00e0 Comunica\u00e7\u00e3o Social Atualidade\" \/>\n<meta property=\"og:url\" content=\"https:\/\/algarve7.pt\/index.php\/2026\/03\/ccdr-algarve-promove-sessao-de-esclarecimento-sobre-o-regime-de-incentivos-do-estado-a-comunicacao-social\/atualidade\/08\/15\/\" \/>\n<meta property=\"og:site_name\" content=\"Algarve 7\" \/>\n<meta property=\"article:publisher\" content=\"https:\/\/www.facebook.com\/algarve7\" \/>\n<meta property=\"article:author\" content=\"https:\/\/www.facebook.com\/algarve7\" \/>\n<meta property=\"article:published_time\" content=\"2026-03-13T08:15:00+00:00\" \/>\n<meta property=\"og:image\" content=\"https:\/\/algarve7.pt\/wp-content\/uploads\/2026\/03\/SessaoEsclarecimento_IncentivosOCS.png\" \/>\n\t<meta property=\"og:image:width\" content=\"800\" \/>\n\t<meta property=\"og:image:height\" content=\"445\" \/>\n\t<meta property=\"og:image:type\" content=\"image\/png\" \/>\n<meta name=\"author\" content=\"Algarve 7\" \/>\n<meta name=\"twitter:card\" content=\"summary_large_image\" \/>\n<meta name=\"twitter:creator\" content=\"@Algarvesete\" \/>\n<meta name=\"twitter:site\" content=\"@Algarvesete\" \/>\n<meta name=\"twitter:label1\" content=\"Escrito por\" \/>\n\t<meta name=\"twitter:data1\" content=\"Algarve 7\" \/>\n\t<meta name=\"twitter:label2\" content=\"Tempo estimado de leitura\" \/>\n\t<meta name=\"twitter:data2\" content=\"1 minuto\" \/>\n<script type=\"application\/ld+json\" class=\"yoast-schema-graph\">{\"@context\":\"https:\\\/\\\/schema.org\",\"@graph\":[{\"@type\":\"Article\",\"@id\":\"https:\\\/\\\/algarve7.pt\\\/index.php\\\/2026\\\/03\\\/ccdr-algarve-promove-sessao-de-esclarecimento-sobre-o-regime-de-incentivos-do-estado-a-comunicacao-social\\\/atualidade\\\/08\\\/15\\\/#article\",\"isPartOf\":{\"@id\":\"https:\\\/\\\/algarve7.pt\\\/index.php\\\/2026\\\/03\\\/ccdr-algarve-promove-sessao-de-esclarecimento-sobre-o-regime-de-incentivos-do-estado-a-comunicacao-social\\\/atualidade\\\/08\\\/15\\\/\"},\"author\":{\"name\":\"Algarve 7\",\"@id\":\"https:\\\/\\\/algarve7.pt\\\/#\\\/schema\\\/person\\\/23fa70681308e7b319a3204bcea45e0c\"},\"headline\":\"CCDR Algarve promove sess\u00e3o de esclarecimento sobre o Regime de Incentivos do Estado \u00e0 Comunica\u00e7\u00e3o Social\",\"datePublished\":\"2026-03-13T08:15:00+00:00\",\"mainEntityOfPage\":{\"@id\":\"https:\\\/\\\/algarve7.pt\\\/index.php\\\/2026\\\/03\\\/ccdr-algarve-promove-sessao-de-esclarecimento-sobre-o-regime-de-incentivos-do-estado-a-comunicacao-social\\\/atualidade\\\/08\\\/15\\\/\"},\"wordCount\":164,\"publisher\":{\"@id\":\"https:\\\/\\\/algarve7.pt\\\/#organization\"},\"image\":{\"@id\":\"https:\\\/\\\/algarve7.pt\\\/index.php\\\/2026\\\/03\\\/ccdr-algarve-promove-sessao-de-esclarecimento-sobre-o-regime-de-incentivos-do-estado-a-comunicacao-social\\\/atualidade\\\/08\\\/15\\\/#primaryimage\"},\"thumbnailUrl\":\"https:\\\/\\\/algarve7.pt\\\/wp-content\\\/uploads\\\/2026\\\/03\\\/SessaoEsclarecimento_IncentivosOCS.png\",\"keywords\":[\"Algarve\",\"Atualidade\",\"CCDR Algarve\"],\"articleSection\":[\"Atualidade\"],\"inLanguage\":\"pt-PT\"},{\"@type\":\"WebPage\",\"@id\":\"https:\\\/\\\/algarve7.pt\\\/index.php\\\/2026\\\/03\\\/ccdr-algarve-promove-sessao-de-esclarecimento-sobre-o-regime-de-incentivos-do-estado-a-comunicacao-social\\\/atualidade\\\/08\\\/15\\\/\",\"url\":\"https:\\\/\\\/algarve7.pt\\\/index.php\\\/2026\\\/03\\\/ccdr-algarve-promove-sessao-de-esclarecimento-sobre-o-regime-de-incentivos-do-estado-a-comunicacao-social\\\/atualidade\\\/08\\\/15\\\/\",\"name\":\"CCDR Algarve promove sess\u00e3o de esclarecimento sobre o Regime de Incentivos do Estado \u00e0 Comunica\u00e7\u00e3o Social - Algarve 7\",\"isPartOf\":{\"@id\":\"https:\\\/\\\/algarve7.pt\\\/#website\"},\"primaryImageOfPage\":{\"@id\":\"https:\\\/\\\/algarve7.pt\\\/index.php\\\/2026\\\/03\\\/ccdr-algarve-promove-sessao-de-esclarecimento-sobre-o-regime-de-incentivos-do-estado-a-comunicacao-social\\\/atualidade\\\/08\\\/15\\\/#primaryimage\"},\"image\":{\"@id\":\"https:\\\/\\\/algarve7.pt\\\/index.php\\\/2026\\\/03\\\/ccdr-algarve-promove-sessao-de-esclarecimento-sobre-o-regime-de-incentivos-do-estado-a-comunicacao-social\\\/atualidade\\\/08\\\/15\\\/#primaryimage\"},\"thumbnailUrl\":\"https:\\\/\\\/algarve7.pt\\\/wp-content\\\/uploads\\\/2026\\\/03\\\/SessaoEsclarecimento_IncentivosOCS.png\",\"datePublished\":\"2026-03-13T08:15:00+00:00\",\"description\":\"CCDR Algarve promove sess\u00e3o de esclarecimento sobre o Regime de Incentivos do Estado \u00e0 Comunica\u00e7\u00e3o Social Atualidade\",\"breadcrumb\":{\"@id\":\"https:\\\/\\\/algarve7.pt\\\/index.php\\\/2026\\\/03\\\/ccdr-algarve-promove-sessao-de-esclarecimento-sobre-o-regime-de-incentivos-do-estado-a-comunicacao-social\\\/atualidade\\\/08\\\/15\\\/#breadcrumb\"},\"inLanguage\":\"pt-PT\",\"potentialAction\":[{\"@type\":\"ReadAction\",\"target\":[\"https:\\\/\\\/algarve7.pt\\\/index.php\\\/2026\\\/03\\\/ccdr-algarve-promove-sessao-de-esclarecimento-sobre-o-regime-de-incentivos-do-estado-a-comunicacao-social\\\/atualidade\\\/08\\\/15\\\/\"]}]},{\"@type\":\"ImageObject\",\"inLanguage\":\"pt-PT\",\"@id\":\"https:\\\/\\\/algarve7.pt\\\/index.php\\\/2026\\\/03\\\/ccdr-algarve-promove-sessao-de-esclarecimento-sobre-o-regime-de-incentivos-do-estado-a-comunicacao-social\\\/atualidade\\\/08\\\/15\\\/#primaryimage\",\"url\":\"https:\\\/\\\/algarve7.pt\\\/wp-content\\\/uploads\\\/2026\\\/03\\\/SessaoEsclarecimento_IncentivosOCS.png\",\"contentUrl\":\"https:\\\/\\\/algarve7.pt\\\/wp-content\\\/uploads\\\/2026\\\/03\\\/SessaoEsclarecimento_IncentivosOCS.png\",\"width\":800,\"height\":445},{\"@type\":\"BreadcrumbList\",\"@id\":\"https:\\\/\\\/algarve7.pt\\\/index.php\\\/2026\\\/03\\\/ccdr-algarve-promove-sessao-de-esclarecimento-sobre-o-regime-de-incentivos-do-estado-a-comunicacao-social\\\/atualidade\\\/08\\\/15\\\/#breadcrumb\",\"itemListElement\":[{\"@type\":\"ListItem\",\"position\":1,\"name\":\"In\u00edcio\",\"item\":\"https:\\\/\\\/algarve7.pt\\\/\"},{\"@type\":\"ListItem\",\"position\":2,\"name\":\"CCDR Algarve promove sess\u00e3o de esclarecimento sobre o Regime de Incentivos do Estado \u00e0 Comunica\u00e7\u00e3o Social\"}]},{\"@type\":\"WebSite\",\"@id\":\"https:\\\/\\\/algarve7.pt\\\/#website\",\"url\":\"https:\\\/\\\/algarve7.pt\\\/\",\"name\":\"Algarve 7\",\"description\":\"Informa\u00e7\u00e3o sobre o Algarve\",\"publisher\":{\"@id\":\"https:\\\/\\\/algarve7.pt\\\/#organization\"},\"potentialAction\":[{\"@type\":\"SearchAction\",\"target\":{\"@type\":\"EntryPoint\",\"urlTemplate\":\"https:\\\/\\\/algarve7.pt\\\/?s={search_term_string}\"},\"query-input\":{\"@type\":\"PropertyValueSpecification\",\"valueRequired\":true,\"valueName\":\"search_term_string\"}}],\"inLanguage\":\"pt-PT\"},{\"@type\":\"Organization\",\"@id\":\"https:\\\/\\\/algarve7.pt\\\/#organization\",\"name\":\"Algarve 7\",\"url\":\"https:\\\/\\\/algarve7.pt\\\/\",\"logo\":{\"@type\":\"ImageObject\",\"inLanguage\":\"pt-PT\",\"@id\":\"https:\\\/\\\/algarve7.pt\\\/#\\\/schema\\\/logo\\\/image\\\/\",\"url\":\"https:\\\/\\\/algarve7.pt\\\/wp-content\\\/uploads\\\/2020\\\/10\\\/Logo-8.jpg\",\"contentUrl\":\"https:\\\/\\\/algarve7.pt\\\/wp-content\\\/uploads\\\/2020\\\/10\\\/Logo-8.jpg\",\"width\":1680,\"height\":1186,\"caption\":\"Algarve 7\"},\"image\":{\"@id\":\"https:\\\/\\\/algarve7.pt\\\/#\\\/schema\\\/logo\\\/image\\\/\"},\"sameAs\":[\"https:\\\/\\\/www.facebook.com\\\/algarve7\",\"https:\\\/\\\/x.com\\\/Algarvesete\",\"https:\\\/\\\/www.instagram.com\\\/jornalalgarve7\\\/\",\"https:\\\/\\\/www.linkedin.com\\\/company\\\/algarve7\",\"https:\\\/\\\/www.pinterest.pt\\\/geral0939\\\/_created\\\/\"]},{\"@type\":\"Person\",\"@id\":\"https:\\\/\\\/algarve7.pt\\\/#\\\/schema\\\/person\\\/23fa70681308e7b319a3204bcea45e0c\",\"name\":\"Algarve 7\",\"sameAs\":[\"https:\\\/\\\/algarve7.pt\",\"https:\\\/\\\/www.facebook.com\\\/algarve7\"],\"url\":\"https:\\\/\\\/algarve7.pt\\\/index.php\\\/author\\\/geralalgarve7-pt\\\/\"}]}<\/script>\n<!-- \/ Yoast SEO plugin. -->","yoast_head_json":{"title":"CCDR Algarve promove sess\u00e3o de esclarecimento sobre o Regime de Incentivos do Estado \u00e0 Comunica\u00e7\u00e3o Social - Algarve 7","description":"CCDR Algarve promove sess\u00e3o de esclarecimento sobre o Regime de Incentivos do Estado \u00e0 Comunica\u00e7\u00e3o Social Atualidade","robots":{"index":"index","follow":"follow","max-snippet":"max-snippet:-1","max-image-preview":"max-image-preview:large","max-video-preview":"max-video-preview:-1"},"canonical":"https:\/\/algarve7.pt\/index.php\/2026\/03\/ccdr-algarve-promove-sessao-de-esclarecimento-sobre-o-regime-de-incentivos-do-estado-a-comunicacao-social\/atualidade\/08\/15\/","og_locale":"pt_PT","og_type":"article","og_title":"CCDR Algarve promove sess\u00e3o de esclarecimento sobre o Regime de Incentivos do Estado \u00e0 Comunica\u00e7\u00e3o Social - Algarve 7","og_description":"CCDR Algarve promove sess\u00e3o de esclarecimento sobre o Regime de Incentivos do Estado \u00e0 Comunica\u00e7\u00e3o Social Atualidade","og_url":"https:\/\/algarve7.pt\/index.php\/2026\/03\/ccdr-algarve-promove-sessao-de-esclarecimento-sobre-o-regime-de-incentivos-do-estado-a-comunicacao-social\/atualidade\/08\/15\/","og_site_name":"Algarve 7","article_publisher":"https:\/\/www.facebook.com\/algarve7","article_author":"https:\/\/www.facebook.com\/algarve7","article_published_time":"2026-03-13T08:15:00+00:00","og_image":[{"width":800,"height":445,"url":"https:\/\/algarve7.pt\/wp-content\/uploads\/2026\/03\/SessaoEsclarecimento_IncentivosOCS.png","type":"image\/png"}],"author":"Algarve 7","twitter_card":"summary_large_image","twitter_creator":"@Algarvesete","twitter_site":"@Algarvesete","twitter_misc":{"Escrito por":"Algarve 7","Tempo estimado de leitura":"1 minuto"},"schema":{"@context":"https:\/\/schema.org","@graph":[{"@type":"Article","@id":"https:\/\/algarve7.pt\/index.php\/2026\/03\/ccdr-algarve-promove-sessao-de-esclarecimento-sobre-o-regime-de-incentivos-do-estado-a-comunicacao-social\/atualidade\/08\/15\/#article","isPartOf":{"@id":"https:\/\/algarve7.pt\/index.php\/2026\/03\/ccdr-algarve-promove-sessao-de-esclarecimento-sobre-o-regime-de-incentivos-do-estado-a-comunicacao-social\/atualidade\/08\/15\/"},"author":{"name":"Algarve 7","@id":"https:\/\/algarve7.pt\/#\/schema\/person\/23fa70681308e7b319a3204bcea45e0c"},"headline":"CCDR Algarve promove sess\u00e3o de esclarecimento sobre o Regime de Incentivos do Estado \u00e0 Comunica\u00e7\u00e3o Social","datePublished":"2026-03-13T08:15:00+00:00","mainEntityOfPage":{"@id":"https:\/\/algarve7.pt\/index.php\/2026\/03\/ccdr-algarve-promove-sessao-de-esclarecimento-sobre-o-regime-de-incentivos-do-estado-a-comunicacao-social\/atualidade\/08\/15\/"},"wordCount":164,"publisher":{"@id":"https:\/\/algarve7.pt\/#organization"},"image":{"@id":"https:\/\/algarve7.pt\/index.php\/2026\/03\/ccdr-algarve-promove-sessao-de-esclarecimento-sobre-o-regime-de-incentivos-do-estado-a-comunicacao-social\/atualidade\/08\/15\/#primaryimage"},"thumbnailUrl":"https:\/\/algarve7.pt\/wp-content\/uploads\/2026\/03\/SessaoEsclarecimento_IncentivosOCS.png","keywords":["Algarve","Atualidade","CCDR Algarve"],"articleSection":["Atualidade"],"inLanguage":"pt-PT"},{"@type":"WebPage","@id":"https:\/\/algarve7.pt\/index.php\/2026\/03\/ccdr-algarve-promove-sessao-de-esclarecimento-sobre-o-regime-de-incentivos-do-estado-a-comunicacao-social\/atualidade\/08\/15\/","url":"https:\/\/algarve7.pt\/index.php\/2026\/03\/ccdr-algarve-promove-sessao-de-esclarecimento-sobre-o-regime-de-incentivos-do-estado-a-comunicacao-social\/atualidade\/08\/15\/","name":"CCDR Algarve promove sess\u00e3o de esclarecimento sobre o Regime de Incentivos do Estado \u00e0 Comunica\u00e7\u00e3o Social - Algarve 7","isPartOf":{"@id":"https:\/\/algarve7.pt\/#website"},"primaryImageOfPage":{"@id":"https:\/\/algarve7.pt\/index.php\/2026\/03\/ccdr-algarve-promove-sessao-de-esclarecimento-sobre-o-regime-de-incentivos-do-estado-a-comunicacao-social\/atualidade\/08\/15\/#primaryimage"},"image":{"@id":"https:\/\/algarve7.pt\/index.php\/2026\/03\/ccdr-algarve-promove-sessao-de-esclarecimento-sobre-o-regime-de-incentivos-do-estado-a-comunicacao-social\/atualidade\/08\/15\/#primaryimage"},"thumbnailUrl":"https:\/\/algarve7.pt\/wp-content\/uploads\/2026\/03\/SessaoEsclarecimento_IncentivosOCS.png","datePublished":"2026-03-13T08:15:00+00:00","description":"CCDR Algarve promove sess\u00e3o de esclarecimento sobre o Regime de Incentivos do Estado \u00e0 Comunica\u00e7\u00e3o Social Atualidade","breadcrumb":{"@id":"https:\/\/algarve7.pt\/index.php\/2026\/03\/ccdr-algarve-promove-sessao-de-esclarecimento-sobre-o-regime-de-incentivos-do-estado-a-comunicacao-social\/atualidade\/08\/15\/#breadcrumb"},"inLanguage":"pt-PT","potentialAction":[{"@type":"ReadAction","target":["https:\/\/algarve7.pt\/index.php\/2026\/03\/ccdr-algarve-promove-sessao-de-esclarecimento-sobre-o-regime-de-incentivos-do-estado-a-comunicacao-social\/atualidade\/08\/15\/"]}]},{"@type":"ImageObject","inLanguage":"pt-PT","@id":"https:\/\/algarve7.pt\/index.php\/2026\/03\/ccdr-algarve-promove-sessao-de-esclarecimento-sobre-o-regime-de-incentivos-do-estado-a-comunicacao-social\/atualidade\/08\/15\/#primaryimage","url":"https:\/\/algarve7.pt\/wp-content\/uploads\/2026\/03\/SessaoEsclarecimento_IncentivosOCS.png","contentUrl":"https:\/\/algarve7.pt\/wp-content\/uploads\/2026\/03\/SessaoEsclarecimento_IncentivosOCS.png","width":800,"height":445},{"@type":"BreadcrumbList","@id":"https:\/\/algarve7.pt\/index.php\/2026\/03\/ccdr-algarve-promove-sessao-de-esclarecimento-sobre-o-regime-de-incentivos-do-estado-a-comunicacao-social\/atualidade\/08\/15\/#breadcrumb","itemListElement":[{"@type":"ListItem","position":1,"name":"In\u00edcio","item":"https:\/\/algarve7.pt\/"},{"@type":"ListItem","position":2,"name":"CCDR Algarve promove sess\u00e3o de esclarecimento sobre o Regime de Incentivos do Estado \u00e0 Comunica\u00e7\u00e3o Social"}]},{"@type":"WebSite","@id":"https:\/\/algarve7.pt\/#website","url":"https:\/\/algarve7.pt\/","name":"Algarve 7","description":"Informa\u00e7\u00e3o sobre o Algarve","publisher":{"@id":"https:\/\/algarve7.pt\/#organization"},"potentialAction":[{"@type":"SearchAction","target":{"@type":"EntryPoint","urlTemplate":"https:\/\/algarve7.pt\/?s={search_term_string}"},"query-input":{"@type":"PropertyValueSpecification","valueRequired":true,"valueName":"search_term_string"}}],"inLanguage":"pt-PT"},{"@type":"Organization","@id":"https:\/\/algarve7.pt\/#organization","name":"Algarve 7","url":"https:\/\/algarve7.pt\/","logo":{"@type":"ImageObject","inLanguage":"pt-PT","@id":"https:\/\/algarve7.pt\/#\/schema\/logo\/image\/","url":"https:\/\/algarve7.pt\/wp-content\/uploads\/2020\/10\/Logo-8.jpg","contentUrl":"https:\/\/algarve7.pt\/wp-content\/uploads\/2020\/10\/Logo-8.jpg","width":1680,"height":1186,"caption":"Algarve 7"},"image":{"@id":"https:\/\/algarve7.pt\/#\/schema\/logo\/image\/"},"sameAs":["https:\/\/www.facebook.com\/algarve7","https:\/\/x.com\/Algarvesete","https:\/\/www.instagram.com\/jornalalgarve7\/","https:\/\/www.linkedin.com\/company\/algarve7","https:\/\/www.pinterest.pt\/geral0939\/_created\/"]},{"@type":"Person","@id":"https:\/\/algarve7.pt\/#\/schema\/person\/23fa70681308e7b319a3204bcea45e0c","name":"Algarve 7","sameAs":["https:\/\/algarve7.pt","https:\/\/www.facebook.com\/algarve7"],"url":"https:\/\/algarve7.pt\/index.php\/author\/geralalgarve7-pt\/"}]}},"jetpack_publicize_connections":[],"jetpack_featured_media_url":"https:\/\/algarve7.pt\/wp-content\/uploads\/2026\/03\/SessaoEsclarecimento_IncentivosOCS.png","jetpack_shortlink":"https:\/\/wp.me\/pcezmW-fy5","jetpack_sharing_enabled":true,"_links":{"self":[{"href":"https:\/\/algarve7.pt\/index.php\/wp-json\/wp\/v2\/posts\/59773","targetHints":{"allow":["GET"]}}],"collection":[{"href":"https:\/\/algarve7.pt\/index.php\/wp-json\/wp\/v2\/posts"}],"about":[{"href":"https:\/\/algarve7.pt\/index.php\/wp-json\/wp\/v2\/types\/post"}],"author":[{"embeddable":true,"href":"https:\/\/algarve7.pt\/index.php\/wp-json\/wp\/v2\/users\/1"}],"replies":[{"embeddable":true,"href":"https:\/\/algarve7.pt\/index.php\/wp-json\/wp\/v2\/comments?post=59773"}],"version-history":[{"count":0,"href":"https:\/\/algarve7.pt\/index.php\/wp-json\/wp\/v2\/posts\/59773\/revisions"}],"wp:featuredmedia":[{"embeddable":true,"href":"https:\/\/algarve7.pt\/index.php\/wp-json\/wp\/v2\/media\/59774"}],"wp:attachment":[{"href":"https:\/\/algarve7.pt\/index.php\/wp-json\/wp\/v2\/media?parent=59773"}],"wp:term":[{"taxonomy":"category","embeddable":true,"href":"https:\/\/algarve7.pt\/index.php\/wp-json\/wp\/v2\/categories?post=59773"},{"taxonomy":"post_tag","embeddable":true,"href":"https:\/\/algarve7.pt\/index.php\/wp-json\/wp\/v2\/tags?post=59773"}],"curies":[{"name":"wp","href":"https:\/\/api.w.org\/{rel}","templated":true}]}}