{"id":5977,"date":"2021-02-09T11:59:22","date_gmt":"2021-02-09T11:59:22","guid":{"rendered":"https:\/\/algarve7.pt\/?p=5977"},"modified":"2021-02-09T11:59:26","modified_gmt":"2021-02-09T11:59:26","slug":"ministro-da-educacao-marcou-regresso-a-escola-digital-em-sao-bras-de-alportel","status":"publish","type":"post","link":"https:\/\/algarve7.pt\/index.php\/2021\/02\/ministro-da-educacao-marcou-regresso-a-escola-digital-em-sao-bras-de-alportel\/educacao\/11\/59\/","title":{"rendered":"Ministro da educa\u00e7\u00e3o marcou regresso \u00e0 escola digital em S\u00e3o Br\u00e1s de Alportel"},"content":{"rendered":"\n<p><strong>O Ministro da Educa\u00e7\u00e3o, Tiago Brand\u00e3o Rodrigues, acompanhou ontem, dia 8 de fevereiro,&nbsp; o regresso \u00e0 escola n\u00e3o presencial, numa visita a S\u00e3o Br\u00e1s de Alportel, onde teve oportunidade de verificar como est\u00e1 a decorrer o apoio a filhos de trabalhadores essenciais, o apoio a crian\u00e7as que frequentam as unidades de ensino estruturado e ainda o trabalho do refeit\u00f3rio escolar social.<\/strong><\/p>\n\n\n\n<p>A visita decorreu na Escola EB1\/JI de S\u00e3o Br\u00e1s de Alportel que, neste concelho, est\u00e1 a funcionar como escola de acolhimento a filhos de trabalhadores considerados essenciais, alunos desde o pr\u00e9-escolar at\u00e9 ao 2.\u00ba ciclo e \u00e9 tamb\u00e9m uma das duas escolas integradas no Programa de Refeit\u00f3rios Sociais Escolares, que d\u00e3o apoio as crian\u00e7as e fam\u00edlias mais vulner\u00e1veis, num trabalho de parceria com os Servi\u00e7os Sociais do Munic\u00edpio e a Rede Social do concelho.<\/p>\n\n\n\n<p>O funcionamento foi explicado ao ministro pelos pr\u00f3prios alunos e pelos profissionais que est\u00e3o a garantir estes apoios. Dos momentos de ensino sincronizado digitalmente at\u00e9 aos momentos ass\u00edncronos para a realiza\u00e7\u00e3o de tarefas de forma aut\u00f3noma, houve tempo ainda para abordar o funcionamento, no concelho, dos projetos promotores do acesso a material inform\u00e1tico, no \u00e2mbito do qual o munic\u00edpio tem colaborado, mediante um&nbsp; significativo investimento desde o in\u00edcio da pandemia, na ordem dos 40.000,00 euros na aquisi\u00e7\u00e3o de equipamentos inform\u00e1ticos, tendo contado tamb\u00e9m&nbsp;com a participa\u00e7\u00e3o solid\u00e1ria da comunidade.&nbsp;<\/p>\n\n\n\n<p>O regresso \u00e0 Escola \u00e0 Dist\u00e2ncia neste 2.\u00ba confinamento, tem sido preparado mediante um aturado trabalho de parceria entre o Munic\u00edpio e o Agrupamento, procurando rentabilizar os recursos e multiplicar sinergias da melhor, para apoiar os alunos, as fam\u00edlias, a escola e toda a comunidade educativa neste exigente desafio. A realiza\u00e7\u00e3o de um ciclo de Conversas on line \u201cEscola em Casa\u201d, com o envolvimento da Associa\u00e7\u00e3o de Pais e de projetos de interven\u00e7\u00e3o comunit\u00e1ria s\u00e3o bem o exemplo deste trabalho desenvolvido em rede como \u00e9 ali\u00e1s pr\u00e1tica do munic\u00edpio nas mais diversas \u00e1reas.&nbsp;<\/p>\n\n\n\n<p>Acompanhado pelo presidente da C\u00e2mara Municipal de S\u00e3o Br\u00e1s de Alportel, Vitor Guerreiro; pela diretora do Agrupamento de Escolas Jos\u00e9 Belchior Viegas, N\u00eddia Amaro, e pela presidente da Associa\u00e7\u00e3o de Pais do Agrupamento escolar, Marta Rodrigues, o Ministro Tiago Brand\u00e3o Rodrigues teve o gosto de visitar tamb\u00e9m o refeit\u00f3rio da escola onde neste momento est\u00e1 montado um sistema de produ\u00e7\u00e3o e distribui\u00e7\u00e3o das refei\u00e7\u00f5es sociais escolares, em regime de take away ou at\u00e9 entrega ao domicilio, quando assim \u00e9 necess\u00e1rio, dirigido aos alunos benefici\u00e1rios dos escal\u00f5es de a\u00e7\u00e3o social escolar, bem como outras crian\u00e7as, jovens e respetivas fam\u00edlias,&nbsp; encaminhadas pelo Servi\u00e7os Sociais do munic\u00edpio.<\/p>\n\n\n\n<p>Diariamente cerca de 150 refei\u00e7\u00f5es chegam aos lares de quem mais precisa.&nbsp;<\/p>\n\n\n\n<p>\u201cSabendo que s\u00f3 poderemos voltar [\u00e0s aulas presenciais] com seguran\u00e7a e quando as condi\u00e7\u00f5es sanit\u00e1rias assim o permitirem, \u00e9 importante ver o que aconteceu aqui hoje\u201d, referiu o ministro da educa\u00e7\u00e3o elogiando o esfor\u00e7o conjunto que professores, auxiliares de educa\u00e7\u00e3o, alunos e pais est\u00e3o a fazer neste regresso \u00e0 escola \u00e0 dist\u00e2ncia.<\/p>\n\n\n\n<p>\u201cVisto o que vimos hoje, penso que o balan\u00e7o \u00e9 claramente positivo. Temos de continuar\u201d, concluiu Tiago Brand\u00e3o Rodrigues nas suas declara\u00e7\u00f5es \u00e0 comunica\u00e7\u00e3o social presente.<\/p>\n\n\n\n<p>\u201cTivemos muito gosto em partilhar com o Senhor Ministro da Educa\u00e7\u00e3o este primeiro dia do Regresso \u00e0 Escola, um desafio que a todos nos mobiliza: Munic\u00edpio, Agrupamento de Escolas, Alunos,&nbsp; Professores, Fam\u00edlias, toda a nossa comunidade, procurando com todos os esfor\u00e7os ao nosso alcance, fazer com que este tempo seja superado da melhor forma, a bem das nossas crian\u00e7as, a bem do futuro, com qualidade na aprendizagem e com serenidade\u201d, referiu o autarca Vitor Guerreiro.<\/p>\n","protected":false},"excerpt":{"rendered":"<p>O Ministro da Educa\u00e7\u00e3o, Tiago Brand\u00e3o Rodrigues, acompanhou ontem, dia 8 de fevereiro,&nbsp; o regresso \u00e0 escola n\u00e3o presencial, numa<\/p>\n","protected":false},"author":1,"featured_media":5978,"comment_status":"closed","ping_status":"open","sticky":false,"template":"","format":"standard","meta":{"colormag_page_container_layout":"default_layout","colormag_page_sidebar_layout":"default_layout","_monsterinsights_skip_tracking":false,"_monsterinsights_sitenote_active":false,"_monsterinsights_sitenote_note":"","_monsterinsights_sitenote_category":0,"jetpack_post_was_ever_published":false,"_jetpack_newsletter_access":"","_jetpack_dont_email_post_to_subs":false,"_jetpack_newsletter_tier_id":0,"_jetpack_memberships_contains_paywalled_content":false,"_jetpack_memberships_contains_paid_content":false,"footnotes":"","jetpack_publicize_message":"","jetpack_publicize_feature_enabled":true,"jetpack_social_post_already_shared":true,"jetpack_social_options":{"image_generator_settings":{"template":"highway","default_image_id":0,"font":"","enabled":false},"version":2}},"categories":[93],"tags":[36,74,138,63],"class_list":["post-5977","post","type-post","status-publish","format-standard","has-post-thumbnail","hentry","category-educacao","tag-algarve","tag-educacao","tag-escola","tag-sao-bras-de-alportel"],"yoast_head":"<!-- This site is optimized with the Yoast SEO plugin v27.5 - https:\/\/yoast.com\/product\/yoast-seo-wordpress\/ -->\n<title>Ministro da educa\u00e7\u00e3o marcou regresso \u00e0 escola digital em S\u00e3o Br\u00e1s de Alportel - Algarve 7<\/title>\n<meta name=\"description\" content=\"Ministro da educa\u00e7\u00e3o marcou regresso \u00e0 escola digital em S\u00e3o Br\u00e1s de Alportel Educa\u00e7\u00e3o\" \/>\n<meta name=\"robots\" content=\"index, follow, max-snippet:-1, max-image-preview:large, max-video-preview:-1\" \/>\n<link rel=\"canonical\" href=\"https:\/\/algarve7.pt\/index.php\/2021\/02\/ministro-da-educacao-marcou-regresso-a-escola-digital-em-sao-bras-de-alportel\/educacao\/11\/59\/\" \/>\n<meta property=\"og:locale\" content=\"pt_PT\" \/>\n<meta property=\"og:type\" content=\"article\" \/>\n<meta property=\"og:title\" content=\"Ministro da educa\u00e7\u00e3o marcou regresso \u00e0 escola digital em S\u00e3o Br\u00e1s de Alportel - Algarve 7\" \/>\n<meta property=\"og:description\" content=\"Ministro da educa\u00e7\u00e3o marcou regresso \u00e0 escola digital em S\u00e3o Br\u00e1s de Alportel Educa\u00e7\u00e3o\" \/>\n<meta property=\"og:url\" content=\"https:\/\/algarve7.pt\/index.php\/2021\/02\/ministro-da-educacao-marcou-regresso-a-escola-digital-em-sao-bras-de-alportel\/educacao\/11\/59\/\" \/>\n<meta property=\"og:site_name\" content=\"Algarve 7\" \/>\n<meta property=\"article:publisher\" content=\"https:\/\/www.facebook.com\/algarve7\" \/>\n<meta property=\"article:author\" content=\"https:\/\/www.facebook.com\/algarve7\" \/>\n<meta property=\"article:published_time\" content=\"2021-02-09T11:59:22+00:00\" \/>\n<meta property=\"article:modified_time\" content=\"2021-02-09T11:59:26+00:00\" \/>\n<meta property=\"og:image\" content=\"https:\/\/algarve7.pt\/wp-content\/uploads\/2021\/02\/ministro_tiago_brandao_rodrigues_SBA_escola_distancia_covid_fev_2021-7.jpg\" \/>\n\t<meta property=\"og:image:width\" content=\"1620\" \/>\n\t<meta property=\"og:image:height\" content=\"1080\" \/>\n\t<meta property=\"og:image:type\" content=\"image\/jpeg\" \/>\n<meta name=\"author\" content=\"Algarve 7\" \/>\n<meta name=\"twitter:card\" content=\"summary_large_image\" \/>\n<meta name=\"twitter:creator\" content=\"@Algarvesete\" \/>\n<meta name=\"twitter:site\" content=\"@Algarvesete\" \/>\n<meta name=\"twitter:label1\" content=\"Escrito por\" \/>\n\t<meta name=\"twitter:data1\" content=\"Algarve 7\" \/>\n\t<meta name=\"twitter:label2\" content=\"Tempo estimado de leitura\" \/>\n\t<meta name=\"twitter:data2\" content=\"3 minutos\" \/>\n<script type=\"application\/ld+json\" class=\"yoast-schema-graph\">{\"@context\":\"https:\\\/\\\/schema.org\",\"@graph\":[{\"@type\":\"Article\",\"@id\":\"https:\\\/\\\/algarve7.pt\\\/index.php\\\/2021\\\/02\\\/ministro-da-educacao-marcou-regresso-a-escola-digital-em-sao-bras-de-alportel\\\/educacao\\\/11\\\/59\\\/#article\",\"isPartOf\":{\"@id\":\"https:\\\/\\\/algarve7.pt\\\/index.php\\\/2021\\\/02\\\/ministro-da-educacao-marcou-regresso-a-escola-digital-em-sao-bras-de-alportel\\\/educacao\\\/11\\\/59\\\/\"},\"author\":{\"name\":\"Algarve 7\",\"@id\":\"https:\\\/\\\/algarve7.pt\\\/#\\\/schema\\\/person\\\/23fa70681308e7b319a3204bcea45e0c\"},\"headline\":\"Ministro da educa\u00e7\u00e3o marcou regresso \u00e0 escola digital em S\u00e3o Br\u00e1s de Alportel\",\"datePublished\":\"2021-02-09T11:59:22+00:00\",\"dateModified\":\"2021-02-09T11:59:26+00:00\",\"mainEntityOfPage\":{\"@id\":\"https:\\\/\\\/algarve7.pt\\\/index.php\\\/2021\\\/02\\\/ministro-da-educacao-marcou-regresso-a-escola-digital-em-sao-bras-de-alportel\\\/educacao\\\/11\\\/59\\\/\"},\"wordCount\":672,\"publisher\":{\"@id\":\"https:\\\/\\\/algarve7.pt\\\/#organization\"},\"image\":{\"@id\":\"https:\\\/\\\/algarve7.pt\\\/index.php\\\/2021\\\/02\\\/ministro-da-educacao-marcou-regresso-a-escola-digital-em-sao-bras-de-alportel\\\/educacao\\\/11\\\/59\\\/#primaryimage\"},\"thumbnailUrl\":\"https:\\\/\\\/algarve7.pt\\\/wp-content\\\/uploads\\\/2021\\\/02\\\/ministro_tiago_brandao_rodrigues_SBA_escola_distancia_covid_fev_2021-7.jpg\",\"keywords\":[\"Algarve\",\"Educa\u00e7\u00e3o\",\"Escola\",\"S\u00e3o Br\u00e1s de Alportel\"],\"articleSection\":[\"Educa\u00e7\u00e3o\"],\"inLanguage\":\"pt-PT\"},{\"@type\":\"WebPage\",\"@id\":\"https:\\\/\\\/algarve7.pt\\\/index.php\\\/2021\\\/02\\\/ministro-da-educacao-marcou-regresso-a-escola-digital-em-sao-bras-de-alportel\\\/educacao\\\/11\\\/59\\\/\",\"url\":\"https:\\\/\\\/algarve7.pt\\\/index.php\\\/2021\\\/02\\\/ministro-da-educacao-marcou-regresso-a-escola-digital-em-sao-bras-de-alportel\\\/educacao\\\/11\\\/59\\\/\",\"name\":\"Ministro da educa\u00e7\u00e3o marcou regresso \u00e0 escola digital em S\u00e3o Br\u00e1s de Alportel - Algarve 7\",\"isPartOf\":{\"@id\":\"https:\\\/\\\/algarve7.pt\\\/#website\"},\"primaryImageOfPage\":{\"@id\":\"https:\\\/\\\/algarve7.pt\\\/index.php\\\/2021\\\/02\\\/ministro-da-educacao-marcou-regresso-a-escola-digital-em-sao-bras-de-alportel\\\/educacao\\\/11\\\/59\\\/#primaryimage\"},\"image\":{\"@id\":\"https:\\\/\\\/algarve7.pt\\\/index.php\\\/2021\\\/02\\\/ministro-da-educacao-marcou-regresso-a-escola-digital-em-sao-bras-de-alportel\\\/educacao\\\/11\\\/59\\\/#primaryimage\"},\"thumbnailUrl\":\"https:\\\/\\\/algarve7.pt\\\/wp-content\\\/uploads\\\/2021\\\/02\\\/ministro_tiago_brandao_rodrigues_SBA_escola_distancia_covid_fev_2021-7.jpg\",\"datePublished\":\"2021-02-09T11:59:22+00:00\",\"dateModified\":\"2021-02-09T11:59:26+00:00\",\"description\":\"Ministro da educa\u00e7\u00e3o marcou regresso \u00e0 escola digital em S\u00e3o Br\u00e1s de Alportel Educa\u00e7\u00e3o\",\"breadcrumb\":{\"@id\":\"https:\\\/\\\/algarve7.pt\\\/index.php\\\/2021\\\/02\\\/ministro-da-educacao-marcou-regresso-a-escola-digital-em-sao-bras-de-alportel\\\/educacao\\\/11\\\/59\\\/#breadcrumb\"},\"inLanguage\":\"pt-PT\",\"potentialAction\":[{\"@type\":\"ReadAction\",\"target\":[\"https:\\\/\\\/algarve7.pt\\\/index.php\\\/2021\\\/02\\\/ministro-da-educacao-marcou-regresso-a-escola-digital-em-sao-bras-de-alportel\\\/educacao\\\/11\\\/59\\\/\"]}]},{\"@type\":\"ImageObject\",\"inLanguage\":\"pt-PT\",\"@id\":\"https:\\\/\\\/algarve7.pt\\\/index.php\\\/2021\\\/02\\\/ministro-da-educacao-marcou-regresso-a-escola-digital-em-sao-bras-de-alportel\\\/educacao\\\/11\\\/59\\\/#primaryimage\",\"url\":\"https:\\\/\\\/algarve7.pt\\\/wp-content\\\/uploads\\\/2021\\\/02\\\/ministro_tiago_brandao_rodrigues_SBA_escola_distancia_covid_fev_2021-7.jpg\",\"contentUrl\":\"https:\\\/\\\/algarve7.pt\\\/wp-content\\\/uploads\\\/2021\\\/02\\\/ministro_tiago_brandao_rodrigues_SBA_escola_distancia_covid_fev_2021-7.jpg\",\"width\":1620,\"height\":1080},{\"@type\":\"BreadcrumbList\",\"@id\":\"https:\\\/\\\/algarve7.pt\\\/index.php\\\/2021\\\/02\\\/ministro-da-educacao-marcou-regresso-a-escola-digital-em-sao-bras-de-alportel\\\/educacao\\\/11\\\/59\\\/#breadcrumb\",\"itemListElement\":[{\"@type\":\"ListItem\",\"position\":1,\"name\":\"In\u00edcio\",\"item\":\"https:\\\/\\\/algarve7.pt\\\/\"},{\"@type\":\"ListItem\",\"position\":2,\"name\":\"Ministro da educa\u00e7\u00e3o marcou regresso \u00e0 escola digital em S\u00e3o Br\u00e1s de Alportel\"}]},{\"@type\":\"WebSite\",\"@id\":\"https:\\\/\\\/algarve7.pt\\\/#website\",\"url\":\"https:\\\/\\\/algarve7.pt\\\/\",\"name\":\"Algarve 7\",\"description\":\"Informa\u00e7\u00e3o sobre o Algarve\",\"publisher\":{\"@id\":\"https:\\\/\\\/algarve7.pt\\\/#organization\"},\"potentialAction\":[{\"@type\":\"SearchAction\",\"target\":{\"@type\":\"EntryPoint\",\"urlTemplate\":\"https:\\\/\\\/algarve7.pt\\\/?s={search_term_string}\"},\"query-input\":{\"@type\":\"PropertyValueSpecification\",\"valueRequired\":true,\"valueName\":\"search_term_string\"}}],\"inLanguage\":\"pt-PT\"},{\"@type\":\"Organization\",\"@id\":\"https:\\\/\\\/algarve7.pt\\\/#organization\",\"name\":\"Algarve 7\",\"url\":\"https:\\\/\\\/algarve7.pt\\\/\",\"logo\":{\"@type\":\"ImageObject\",\"inLanguage\":\"pt-PT\",\"@id\":\"https:\\\/\\\/algarve7.pt\\\/#\\\/schema\\\/logo\\\/image\\\/\",\"url\":\"https:\\\/\\\/algarve7.pt\\\/wp-content\\\/uploads\\\/2020\\\/10\\\/Logo-8.jpg\",\"contentUrl\":\"https:\\\/\\\/algarve7.pt\\\/wp-content\\\/uploads\\\/2020\\\/10\\\/Logo-8.jpg\",\"width\":1680,\"height\":1186,\"caption\":\"Algarve 7\"},\"image\":{\"@id\":\"https:\\\/\\\/algarve7.pt\\\/#\\\/schema\\\/logo\\\/image\\\/\"},\"sameAs\":[\"https:\\\/\\\/www.facebook.com\\\/algarve7\",\"https:\\\/\\\/x.com\\\/Algarvesete\",\"https:\\\/\\\/www.instagram.com\\\/jornalalgarve7\\\/\",\"https:\\\/\\\/www.linkedin.com\\\/company\\\/algarve7\",\"https:\\\/\\\/www.pinterest.pt\\\/geral0939\\\/_created\\\/\"]},{\"@type\":\"Person\",\"@id\":\"https:\\\/\\\/algarve7.pt\\\/#\\\/schema\\\/person\\\/23fa70681308e7b319a3204bcea45e0c\",\"name\":\"Algarve 7\",\"sameAs\":[\"https:\\\/\\\/algarve7.pt\",\"https:\\\/\\\/www.facebook.com\\\/algarve7\"],\"url\":\"https:\\\/\\\/algarve7.pt\\\/index.php\\\/author\\\/geralalgarve7-pt\\\/\"}]}<\/script>\n<!-- \/ Yoast SEO plugin. -->","yoast_head_json":{"title":"Ministro da educa\u00e7\u00e3o marcou regresso \u00e0 escola digital em S\u00e3o Br\u00e1s de Alportel - Algarve 7","description":"Ministro da educa\u00e7\u00e3o marcou regresso \u00e0 escola digital em S\u00e3o Br\u00e1s de Alportel Educa\u00e7\u00e3o","robots":{"index":"index","follow":"follow","max-snippet":"max-snippet:-1","max-image-preview":"max-image-preview:large","max-video-preview":"max-video-preview:-1"},"canonical":"https:\/\/algarve7.pt\/index.php\/2021\/02\/ministro-da-educacao-marcou-regresso-a-escola-digital-em-sao-bras-de-alportel\/educacao\/11\/59\/","og_locale":"pt_PT","og_type":"article","og_title":"Ministro da educa\u00e7\u00e3o marcou regresso \u00e0 escola digital em S\u00e3o Br\u00e1s de Alportel - Algarve 7","og_description":"Ministro da educa\u00e7\u00e3o marcou regresso \u00e0 escola digital em S\u00e3o Br\u00e1s de Alportel Educa\u00e7\u00e3o","og_url":"https:\/\/algarve7.pt\/index.php\/2021\/02\/ministro-da-educacao-marcou-regresso-a-escola-digital-em-sao-bras-de-alportel\/educacao\/11\/59\/","og_site_name":"Algarve 7","article_publisher":"https:\/\/www.facebook.com\/algarve7","article_author":"https:\/\/www.facebook.com\/algarve7","article_published_time":"2021-02-09T11:59:22+00:00","article_modified_time":"2021-02-09T11:59:26+00:00","og_image":[{"width":1620,"height":1080,"url":"https:\/\/algarve7.pt\/wp-content\/uploads\/2021\/02\/ministro_tiago_brandao_rodrigues_SBA_escola_distancia_covid_fev_2021-7.jpg","type":"image\/jpeg"}],"author":"Algarve 7","twitter_card":"summary_large_image","twitter_creator":"@Algarvesete","twitter_site":"@Algarvesete","twitter_misc":{"Escrito por":"Algarve 7","Tempo estimado de leitura":"3 minutos"},"schema":{"@context":"https:\/\/schema.org","@graph":[{"@type":"Article","@id":"https:\/\/algarve7.pt\/index.php\/2021\/02\/ministro-da-educacao-marcou-regresso-a-escola-digital-em-sao-bras-de-alportel\/educacao\/11\/59\/#article","isPartOf":{"@id":"https:\/\/algarve7.pt\/index.php\/2021\/02\/ministro-da-educacao-marcou-regresso-a-escola-digital-em-sao-bras-de-alportel\/educacao\/11\/59\/"},"author":{"name":"Algarve 7","@id":"https:\/\/algarve7.pt\/#\/schema\/person\/23fa70681308e7b319a3204bcea45e0c"},"headline":"Ministro da educa\u00e7\u00e3o marcou regresso \u00e0 escola digital em S\u00e3o Br\u00e1s de Alportel","datePublished":"2021-02-09T11:59:22+00:00","dateModified":"2021-02-09T11:59:26+00:00","mainEntityOfPage":{"@id":"https:\/\/algarve7.pt\/index.php\/2021\/02\/ministro-da-educacao-marcou-regresso-a-escola-digital-em-sao-bras-de-alportel\/educacao\/11\/59\/"},"wordCount":672,"publisher":{"@id":"https:\/\/algarve7.pt\/#organization"},"image":{"@id":"https:\/\/algarve7.pt\/index.php\/2021\/02\/ministro-da-educacao-marcou-regresso-a-escola-digital-em-sao-bras-de-alportel\/educacao\/11\/59\/#primaryimage"},"thumbnailUrl":"https:\/\/algarve7.pt\/wp-content\/uploads\/2021\/02\/ministro_tiago_brandao_rodrigues_SBA_escola_distancia_covid_fev_2021-7.jpg","keywords":["Algarve","Educa\u00e7\u00e3o","Escola","S\u00e3o Br\u00e1s de Alportel"],"articleSection":["Educa\u00e7\u00e3o"],"inLanguage":"pt-PT"},{"@type":"WebPage","@id":"https:\/\/algarve7.pt\/index.php\/2021\/02\/ministro-da-educacao-marcou-regresso-a-escola-digital-em-sao-bras-de-alportel\/educacao\/11\/59\/","url":"https:\/\/algarve7.pt\/index.php\/2021\/02\/ministro-da-educacao-marcou-regresso-a-escola-digital-em-sao-bras-de-alportel\/educacao\/11\/59\/","name":"Ministro da educa\u00e7\u00e3o marcou regresso \u00e0 escola digital em S\u00e3o Br\u00e1s de Alportel - Algarve 7","isPartOf":{"@id":"https:\/\/algarve7.pt\/#website"},"primaryImageOfPage":{"@id":"https:\/\/algarve7.pt\/index.php\/2021\/02\/ministro-da-educacao-marcou-regresso-a-escola-digital-em-sao-bras-de-alportel\/educacao\/11\/59\/#primaryimage"},"image":{"@id":"https:\/\/algarve7.pt\/index.php\/2021\/02\/ministro-da-educacao-marcou-regresso-a-escola-digital-em-sao-bras-de-alportel\/educacao\/11\/59\/#primaryimage"},"thumbnailUrl":"https:\/\/algarve7.pt\/wp-content\/uploads\/2021\/02\/ministro_tiago_brandao_rodrigues_SBA_escola_distancia_covid_fev_2021-7.jpg","datePublished":"2021-02-09T11:59:22+00:00","dateModified":"2021-02-09T11:59:26+00:00","description":"Ministro da educa\u00e7\u00e3o marcou regresso \u00e0 escola digital em S\u00e3o Br\u00e1s de Alportel Educa\u00e7\u00e3o","breadcrumb":{"@id":"https:\/\/algarve7.pt\/index.php\/2021\/02\/ministro-da-educacao-marcou-regresso-a-escola-digital-em-sao-bras-de-alportel\/educacao\/11\/59\/#breadcrumb"},"inLanguage":"pt-PT","potentialAction":[{"@type":"ReadAction","target":["https:\/\/algarve7.pt\/index.php\/2021\/02\/ministro-da-educacao-marcou-regresso-a-escola-digital-em-sao-bras-de-alportel\/educacao\/11\/59\/"]}]},{"@type":"ImageObject","inLanguage":"pt-PT","@id":"https:\/\/algarve7.pt\/index.php\/2021\/02\/ministro-da-educacao-marcou-regresso-a-escola-digital-em-sao-bras-de-alportel\/educacao\/11\/59\/#primaryimage","url":"https:\/\/algarve7.pt\/wp-content\/uploads\/2021\/02\/ministro_tiago_brandao_rodrigues_SBA_escola_distancia_covid_fev_2021-7.jpg","contentUrl":"https:\/\/algarve7.pt\/wp-content\/uploads\/2021\/02\/ministro_tiago_brandao_rodrigues_SBA_escola_distancia_covid_fev_2021-7.jpg","width":1620,"height":1080},{"@type":"BreadcrumbList","@id":"https:\/\/algarve7.pt\/index.php\/2021\/02\/ministro-da-educacao-marcou-regresso-a-escola-digital-em-sao-bras-de-alportel\/educacao\/11\/59\/#breadcrumb","itemListElement":[{"@type":"ListItem","position":1,"name":"In\u00edcio","item":"https:\/\/algarve7.pt\/"},{"@type":"ListItem","position":2,"name":"Ministro da educa\u00e7\u00e3o marcou regresso \u00e0 escola digital em S\u00e3o Br\u00e1s de Alportel"}]},{"@type":"WebSite","@id":"https:\/\/algarve7.pt\/#website","url":"https:\/\/algarve7.pt\/","name":"Algarve 7","description":"Informa\u00e7\u00e3o sobre o Algarve","publisher":{"@id":"https:\/\/algarve7.pt\/#organization"},"potentialAction":[{"@type":"SearchAction","target":{"@type":"EntryPoint","urlTemplate":"https:\/\/algarve7.pt\/?s={search_term_string}"},"query-input":{"@type":"PropertyValueSpecification","valueRequired":true,"valueName":"search_term_string"}}],"inLanguage":"pt-PT"},{"@type":"Organization","@id":"https:\/\/algarve7.pt\/#organization","name":"Algarve 7","url":"https:\/\/algarve7.pt\/","logo":{"@type":"ImageObject","inLanguage":"pt-PT","@id":"https:\/\/algarve7.pt\/#\/schema\/logo\/image\/","url":"https:\/\/algarve7.pt\/wp-content\/uploads\/2020\/10\/Logo-8.jpg","contentUrl":"https:\/\/algarve7.pt\/wp-content\/uploads\/2020\/10\/Logo-8.jpg","width":1680,"height":1186,"caption":"Algarve 7"},"image":{"@id":"https:\/\/algarve7.pt\/#\/schema\/logo\/image\/"},"sameAs":["https:\/\/www.facebook.com\/algarve7","https:\/\/x.com\/Algarvesete","https:\/\/www.instagram.com\/jornalalgarve7\/","https:\/\/www.linkedin.com\/company\/algarve7","https:\/\/www.pinterest.pt\/geral0939\/_created\/"]},{"@type":"Person","@id":"https:\/\/algarve7.pt\/#\/schema\/person\/23fa70681308e7b319a3204bcea45e0c","name":"Algarve 7","sameAs":["https:\/\/algarve7.pt","https:\/\/www.facebook.com\/algarve7"],"url":"https:\/\/algarve7.pt\/index.php\/author\/geralalgarve7-pt\/"}]}},"jetpack_publicize_connections":[],"jetpack_featured_media_url":"https:\/\/algarve7.pt\/wp-content\/uploads\/2021\/02\/ministro_tiago_brandao_rodrigues_SBA_escola_distancia_covid_fev_2021-7.jpg","jetpack_shortlink":"https:\/\/wp.me\/pcezmW-1yp","jetpack_sharing_enabled":true,"_links":{"self":[{"href":"https:\/\/algarve7.pt\/index.php\/wp-json\/wp\/v2\/posts\/5977","targetHints":{"allow":["GET"]}}],"collection":[{"href":"https:\/\/algarve7.pt\/index.php\/wp-json\/wp\/v2\/posts"}],"about":[{"href":"https:\/\/algarve7.pt\/index.php\/wp-json\/wp\/v2\/types\/post"}],"author":[{"embeddable":true,"href":"https:\/\/algarve7.pt\/index.php\/wp-json\/wp\/v2\/users\/1"}],"replies":[{"embeddable":true,"href":"https:\/\/algarve7.pt\/index.php\/wp-json\/wp\/v2\/comments?post=5977"}],"version-history":[{"count":0,"href":"https:\/\/algarve7.pt\/index.php\/wp-json\/wp\/v2\/posts\/5977\/revisions"}],"wp:featuredmedia":[{"embeddable":true,"href":"https:\/\/algarve7.pt\/index.php\/wp-json\/wp\/v2\/media\/5978"}],"wp:attachment":[{"href":"https:\/\/algarve7.pt\/index.php\/wp-json\/wp\/v2\/media?parent=5977"}],"wp:term":[{"taxonomy":"category","embeddable":true,"href":"https:\/\/algarve7.pt\/index.php\/wp-json\/wp\/v2\/categories?post=5977"},{"taxonomy":"post_tag","embeddable":true,"href":"https:\/\/algarve7.pt\/index.php\/wp-json\/wp\/v2\/tags?post=5977"}],"curies":[{"name":"wp","href":"https:\/\/api.w.org\/{rel}","templated":true}]}}