{"id":59769,"date":"2026-03-13T08:00:00","date_gmt":"2026-03-13T08:00:00","guid":{"rendered":"https:\/\/algarve7.pt\/?p=59769"},"modified":"2026-03-12T19:01:42","modified_gmt":"2026-03-12T19:01:42","slug":"concerto-solidario-onda-infinitaapoia-reconstrucao-da-ferox","status":"publish","type":"post","link":"https:\/\/algarve7.pt\/index.php\/2026\/03\/concerto-solidario-onda-infinitaapoia-reconstrucao-da-ferox\/cultura\/08\/00\/","title":{"rendered":"Concerto Solid\u00e1rio \u201cOnda Infinita\u201dapoia reconstru\u00e7\u00e3o da Ferox"},"content":{"rendered":"\n<p><strong>No in\u00edcio deste ano, um&nbsp; inc\u00eandio&nbsp; destruiu por completo a f\u00e1brica de pranchas da reconhecida marca s\u00e3o-brasense FEROX. Para ajudar esta verdadeira \u201cf\u00e9nix\u201d a renascer das cinzas, acontecer\u00e1 no pr\u00f3ximo s\u00e1bado, dia 14 de mar\u00e7o, um espet\u00e1culo solid\u00e1rio que mobiliza m\u00fasicos, alunos e p\u00fablico para apoiar projeto de refer\u00eancia no surf nacional.<\/strong><\/p>\n\n\n\n<p>\u201cOnda Infinita\u201d \u00e9 o nome do espet\u00e1culo solid\u00e1rio que ter\u00e1 lugar no pr\u00f3ximo s\u00e1bado, 14 de mar\u00e7o, pelas 17h00, no S\u00e3o Br\u00e1s Cineteatro Jaime Pinto, com o objetivo de apoiar a reconstru\u00e7\u00e3o da unidade de produ\u00e7\u00e3o da empresa s\u00e3o-brasense Ferox Surfboards, recentemente destru\u00edda por um inc\u00eandio.<\/p>\n\n\n\n<p>Criada h\u00e1 cerca de trinta anos pelo criativo e shaper Oct\u00e1vio Louren\u00e7o, a Ferox Surfboards \u00e9 uma empresa especializada na conce\u00e7\u00e3o e ilustra\u00e7\u00e3o art\u00edstica de pranchas de surf para diferentes estilos e competi\u00e7\u00f5es nacionais e internacionais, afirmando-se progressivamente no panorama do surf.<\/p>\n\n\n\n<p>No in\u00edcio de janeiro de 2026, um inc\u00eandio devastador destruiu por completo a unidade de produ\u00e7\u00e3o da Ferox Surfboards, consumindo pranchas, materiais e equipamentos. O fogo provocou preju\u00edzos de centenas de milhares de euros , comprometendo um projeto de mais de duas d\u00e9cadas de trabalho desenvolvido por Oct\u00e1vio Louren\u00e7o.<\/p>\n\n\n\n<p>O espet\u00e1culo solid\u00e1rio, que visa angariar fundos para que esta unidade renas\u00e7a literalmente das cinzas, contar\u00e1 com a atua\u00e7\u00e3o da banda La Plante Mutante, um projeto de tributo \u00e0 m\u00fasica dos anos 80, formado por m\u00fasicos de diferentes \u00e1reas que partilham a paix\u00e3o pela sonoridade oitentista. Conhecida pelas suas atua\u00e7\u00f5es en\u00e9rgicas e envolventes, a banda recria alguns dos grandes \u00eaxitos dessa d\u00e9cada.<\/p>\n\n\n\n<p>A iniciativa contar\u00e1 ainda com a participa\u00e7\u00e3o especial dos jovens&nbsp; alunos da Academia Rock On, numa tarde que pretende mobilizar a comunidade em torno desta causa solid\u00e1ria e contribuir para que a Ferox Surfboards possa regressar \u00e0 sua atividade.<\/p>\n\n\n\n<p>O evento \u00e9 organizado pelo Movimento Solid\u00e1rio F\u00e9nix, contando com o apoio do Munic\u00edpio de S\u00e3o Br\u00e1s de Alportel.<\/p>\n\n\n\n<p>Os bilhetes t\u00eam o valor de 15 euros e encontram-se \u00e0 venda na Galeria Municipal de S\u00e3o Br\u00e1s de Alportel, podendo tamb\u00e9m ser adquiridos no pr\u00f3prio dia, no S\u00e3o Br\u00e1s Cineteatro Jaime Pinto, antes do in\u00edcio do espet\u00e1culo.<\/p>\n\n\n\n<p><strong>Solidariedade da C\u00e2mara Municipal<\/strong><strong><\/strong><\/p>\n\n\n\n<p>Na sequ\u00eancia do inc\u00eandio que destruiu totalmente a antiga f\u00e1brica de corti\u00e7a onde funcionava a Ferox Surfboards, a C\u00e2mara Municipal de S\u00e3o Br\u00e1s de Alportel expressou a sua profunda solidariedade para com o empres\u00e1rio e artista s\u00e3o-brasense Oct\u00e1vio Louren\u00e7o.<\/p>\n\n\n\n<p>O Munic\u00edpio sublinha a import\u00e2ncia da Ferox no tecido empresarial local e manifesta disponibilidade para, no \u00e2mbito das suas compet\u00eancias, colaborar na procura de solu\u00e7\u00f5es que permitam a retoma da atividade e a reconstru\u00e7\u00e3o deste projeto emblem\u00e1tico.<\/p>\n\n\n\n<p><strong>Ferox Surfboards: Hist\u00f3ria e Impacto<\/strong><strong><\/strong><\/p>\n\n\n\n<p>A Ferox \u00e9 hoje uma marca reconhecida a n\u00edvel nacional e internacional, levando o nome de S\u00e3o Br\u00e1s de Alportel al\u00e9m-fronteiras. \u00c9 um exemplo de empreendedorismo criativo, inova\u00e7\u00e3o artesanal e liga\u00e7\u00e3o aut\u00eantica ao territ\u00f3rio, contribuindo para a din\u00e2mica econ\u00f3mica local e para a afirma\u00e7\u00e3o do concelho como territ\u00f3rio de criatividade, resili\u00eancia e capacidade empreendedora.<\/p>\n\n\n\n<p>O espa\u00e7o da antiga f\u00e1brica acolheu diversas iniciativas, incluindo pranchas adaptadas para pessoas com algum tipo de incapacidade e a visita do antigo Presidente da Rep\u00fablica Portuguesa, Marcelo Rebelo de Sousa, afirmando-se como um local marcante na hist\u00f3ria recente do concelho.<\/p>\n\n\n\n<p>O percurso de Oct\u00e1vio Louren\u00e7o enquanto artista foi distinguido com o Pr\u00e9mio Juventude de S\u00e3o Br\u00e1s de Alportel, nas edi\u00e7\u00f5es de 2004 e 2006, na categoria de Artes, sublinhando o seu talento, originalidade e o valor cultural do seu trabalho.<\/p>\n","protected":false},"excerpt":{"rendered":"<p>No in\u00edcio deste ano, um&nbsp; inc\u00eandio&nbsp; destruiu por completo a f\u00e1brica de pranchas da reconhecida marca s\u00e3o-brasense FEROX. Para ajudar<\/p>\n","protected":false},"author":1,"featured_media":59770,"comment_status":"closed","ping_status":"closed","sticky":false,"template":"","format":"standard","meta":{"colormag_page_container_layout":"default_layout","colormag_page_sidebar_layout":"default_layout","_monsterinsights_skip_tracking":false,"_monsterinsights_sitenote_active":false,"_monsterinsights_sitenote_note":"","_monsterinsights_sitenote_category":0,"jetpack_post_was_ever_published":false,"_jetpack_newsletter_access":"","_jetpack_dont_email_post_to_subs":false,"_jetpack_newsletter_tier_id":0,"_jetpack_memberships_contains_paywalled_content":false,"_jetpack_memberships_contains_paid_content":false,"footnotes":"","jetpack_publicize_message":"","jetpack_publicize_feature_enabled":true,"jetpack_social_post_already_shared":true,"jetpack_social_options":{"image_generator_settings":{"template":"highway","default_image_id":0,"font":"","enabled":false},"version":2}},"categories":[14],"tags":[36,35,63],"class_list":["post-59769","post","type-post","status-publish","format-standard","has-post-thumbnail","hentry","category-cultura","tag-algarve","tag-cultura","tag-sao-bras-de-alportel"],"yoast_head":"<!-- This site is optimized with the Yoast SEO plugin v27.5 - https:\/\/yoast.com\/product\/yoast-seo-wordpress\/ -->\n<title>Concerto Solid\u00e1rio \u201cOnda Infinita\u201dapoia reconstru\u00e7\u00e3o da Ferox - Algarve 7<\/title>\n<meta name=\"description\" content=\"Concerto Solid\u00e1rio \u201cOnda Infinita\u201dapoia reconstru\u00e7\u00e3o da Ferox Cultura\" \/>\n<meta name=\"robots\" content=\"index, follow, max-snippet:-1, max-image-preview:large, max-video-preview:-1\" \/>\n<link rel=\"canonical\" href=\"https:\/\/algarve7.pt\/index.php\/2026\/03\/concerto-solidario-onda-infinitaapoia-reconstrucao-da-ferox\/cultura\/08\/00\/\" \/>\n<meta property=\"og:locale\" content=\"pt_PT\" \/>\n<meta property=\"og:type\" content=\"article\" \/>\n<meta property=\"og:title\" content=\"Concerto Solid\u00e1rio \u201cOnda Infinita\u201dapoia reconstru\u00e7\u00e3o da Ferox - Algarve 7\" \/>\n<meta property=\"og:description\" content=\"Concerto Solid\u00e1rio \u201cOnda Infinita\u201dapoia reconstru\u00e7\u00e3o da Ferox Cultura\" \/>\n<meta property=\"og:url\" content=\"https:\/\/algarve7.pt\/index.php\/2026\/03\/concerto-solidario-onda-infinitaapoia-reconstrucao-da-ferox\/cultura\/08\/00\/\" \/>\n<meta property=\"og:site_name\" content=\"Algarve 7\" \/>\n<meta property=\"article:publisher\" content=\"https:\/\/www.facebook.com\/algarve7\" \/>\n<meta property=\"article:author\" content=\"https:\/\/www.facebook.com\/algarve7\" \/>\n<meta property=\"article:published_time\" content=\"2026-03-13T08:00:00+00:00\" \/>\n<meta property=\"og:image\" content=\"https:\/\/algarve7.pt\/wp-content\/uploads\/2026\/03\/SurfDay-25-Medium.jpg\" \/>\n\t<meta property=\"og:image:width\" content=\"800\" \/>\n\t<meta property=\"og:image:height\" content=\"445\" \/>\n\t<meta property=\"og:image:type\" content=\"image\/jpeg\" \/>\n<meta name=\"author\" content=\"Algarve 7\" \/>\n<meta name=\"twitter:card\" content=\"summary_large_image\" \/>\n<meta name=\"twitter:creator\" content=\"@Algarvesete\" \/>\n<meta name=\"twitter:site\" content=\"@Algarvesete\" \/>\n<meta name=\"twitter:label1\" content=\"Escrito por\" \/>\n\t<meta name=\"twitter:data1\" content=\"Algarve 7\" \/>\n\t<meta name=\"twitter:label2\" content=\"Tempo estimado de leitura\" \/>\n\t<meta name=\"twitter:data2\" content=\"4 minutos\" \/>\n<script type=\"application\/ld+json\" class=\"yoast-schema-graph\">{\"@context\":\"https:\\\/\\\/schema.org\",\"@graph\":[{\"@type\":\"Article\",\"@id\":\"https:\\\/\\\/algarve7.pt\\\/index.php\\\/2026\\\/03\\\/concerto-solidario-onda-infinitaapoia-reconstrucao-da-ferox\\\/cultura\\\/08\\\/00\\\/#article\",\"isPartOf\":{\"@id\":\"https:\\\/\\\/algarve7.pt\\\/index.php\\\/2026\\\/03\\\/concerto-solidario-onda-infinitaapoia-reconstrucao-da-ferox\\\/cultura\\\/08\\\/00\\\/\"},\"author\":{\"name\":\"Algarve 7\",\"@id\":\"https:\\\/\\\/algarve7.pt\\\/#\\\/schema\\\/person\\\/23fa70681308e7b319a3204bcea45e0c\"},\"headline\":\"Concerto Solid\u00e1rio \u201cOnda Infinita\u201dapoia reconstru\u00e7\u00e3o da Ferox\",\"datePublished\":\"2026-03-13T08:00:00+00:00\",\"mainEntityOfPage\":{\"@id\":\"https:\\\/\\\/algarve7.pt\\\/index.php\\\/2026\\\/03\\\/concerto-solidario-onda-infinitaapoia-reconstrucao-da-ferox\\\/cultura\\\/08\\\/00\\\/\"},\"wordCount\":670,\"publisher\":{\"@id\":\"https:\\\/\\\/algarve7.pt\\\/#organization\"},\"image\":{\"@id\":\"https:\\\/\\\/algarve7.pt\\\/index.php\\\/2026\\\/03\\\/concerto-solidario-onda-infinitaapoia-reconstrucao-da-ferox\\\/cultura\\\/08\\\/00\\\/#primaryimage\"},\"thumbnailUrl\":\"https:\\\/\\\/algarve7.pt\\\/wp-content\\\/uploads\\\/2026\\\/03\\\/SurfDay-25-Medium.jpg\",\"keywords\":[\"Algarve\",\"Cultura\",\"S\u00e3o Br\u00e1s de Alportel\"],\"articleSection\":[\"Cultura\"],\"inLanguage\":\"pt-PT\"},{\"@type\":\"WebPage\",\"@id\":\"https:\\\/\\\/algarve7.pt\\\/index.php\\\/2026\\\/03\\\/concerto-solidario-onda-infinitaapoia-reconstrucao-da-ferox\\\/cultura\\\/08\\\/00\\\/\",\"url\":\"https:\\\/\\\/algarve7.pt\\\/index.php\\\/2026\\\/03\\\/concerto-solidario-onda-infinitaapoia-reconstrucao-da-ferox\\\/cultura\\\/08\\\/00\\\/\",\"name\":\"Concerto Solid\u00e1rio \u201cOnda Infinita\u201dapoia reconstru\u00e7\u00e3o da Ferox - Algarve 7\",\"isPartOf\":{\"@id\":\"https:\\\/\\\/algarve7.pt\\\/#website\"},\"primaryImageOfPage\":{\"@id\":\"https:\\\/\\\/algarve7.pt\\\/index.php\\\/2026\\\/03\\\/concerto-solidario-onda-infinitaapoia-reconstrucao-da-ferox\\\/cultura\\\/08\\\/00\\\/#primaryimage\"},\"image\":{\"@id\":\"https:\\\/\\\/algarve7.pt\\\/index.php\\\/2026\\\/03\\\/concerto-solidario-onda-infinitaapoia-reconstrucao-da-ferox\\\/cultura\\\/08\\\/00\\\/#primaryimage\"},\"thumbnailUrl\":\"https:\\\/\\\/algarve7.pt\\\/wp-content\\\/uploads\\\/2026\\\/03\\\/SurfDay-25-Medium.jpg\",\"datePublished\":\"2026-03-13T08:00:00+00:00\",\"description\":\"Concerto Solid\u00e1rio \u201cOnda Infinita\u201dapoia reconstru\u00e7\u00e3o da Ferox Cultura\",\"breadcrumb\":{\"@id\":\"https:\\\/\\\/algarve7.pt\\\/index.php\\\/2026\\\/03\\\/concerto-solidario-onda-infinitaapoia-reconstrucao-da-ferox\\\/cultura\\\/08\\\/00\\\/#breadcrumb\"},\"inLanguage\":\"pt-PT\",\"potentialAction\":[{\"@type\":\"ReadAction\",\"target\":[\"https:\\\/\\\/algarve7.pt\\\/index.php\\\/2026\\\/03\\\/concerto-solidario-onda-infinitaapoia-reconstrucao-da-ferox\\\/cultura\\\/08\\\/00\\\/\"]}]},{\"@type\":\"ImageObject\",\"inLanguage\":\"pt-PT\",\"@id\":\"https:\\\/\\\/algarve7.pt\\\/index.php\\\/2026\\\/03\\\/concerto-solidario-onda-infinitaapoia-reconstrucao-da-ferox\\\/cultura\\\/08\\\/00\\\/#primaryimage\",\"url\":\"https:\\\/\\\/algarve7.pt\\\/wp-content\\\/uploads\\\/2026\\\/03\\\/SurfDay-25-Medium.jpg\",\"contentUrl\":\"https:\\\/\\\/algarve7.pt\\\/wp-content\\\/uploads\\\/2026\\\/03\\\/SurfDay-25-Medium.jpg\",\"width\":800,\"height\":445},{\"@type\":\"BreadcrumbList\",\"@id\":\"https:\\\/\\\/algarve7.pt\\\/index.php\\\/2026\\\/03\\\/concerto-solidario-onda-infinitaapoia-reconstrucao-da-ferox\\\/cultura\\\/08\\\/00\\\/#breadcrumb\",\"itemListElement\":[{\"@type\":\"ListItem\",\"position\":1,\"name\":\"In\u00edcio\",\"item\":\"https:\\\/\\\/algarve7.pt\\\/\"},{\"@type\":\"ListItem\",\"position\":2,\"name\":\"Concerto Solid\u00e1rio \u201cOnda Infinita\u201dapoia reconstru\u00e7\u00e3o da Ferox\"}]},{\"@type\":\"WebSite\",\"@id\":\"https:\\\/\\\/algarve7.pt\\\/#website\",\"url\":\"https:\\\/\\\/algarve7.pt\\\/\",\"name\":\"Algarve 7\",\"description\":\"Informa\u00e7\u00e3o sobre o Algarve\",\"publisher\":{\"@id\":\"https:\\\/\\\/algarve7.pt\\\/#organization\"},\"potentialAction\":[{\"@type\":\"SearchAction\",\"target\":{\"@type\":\"EntryPoint\",\"urlTemplate\":\"https:\\\/\\\/algarve7.pt\\\/?s={search_term_string}\"},\"query-input\":{\"@type\":\"PropertyValueSpecification\",\"valueRequired\":true,\"valueName\":\"search_term_string\"}}],\"inLanguage\":\"pt-PT\"},{\"@type\":\"Organization\",\"@id\":\"https:\\\/\\\/algarve7.pt\\\/#organization\",\"name\":\"Algarve 7\",\"url\":\"https:\\\/\\\/algarve7.pt\\\/\",\"logo\":{\"@type\":\"ImageObject\",\"inLanguage\":\"pt-PT\",\"@id\":\"https:\\\/\\\/algarve7.pt\\\/#\\\/schema\\\/logo\\\/image\\\/\",\"url\":\"https:\\\/\\\/algarve7.pt\\\/wp-content\\\/uploads\\\/2020\\\/10\\\/Logo-8.jpg\",\"contentUrl\":\"https:\\\/\\\/algarve7.pt\\\/wp-content\\\/uploads\\\/2020\\\/10\\\/Logo-8.jpg\",\"width\":1680,\"height\":1186,\"caption\":\"Algarve 7\"},\"image\":{\"@id\":\"https:\\\/\\\/algarve7.pt\\\/#\\\/schema\\\/logo\\\/image\\\/\"},\"sameAs\":[\"https:\\\/\\\/www.facebook.com\\\/algarve7\",\"https:\\\/\\\/x.com\\\/Algarvesete\",\"https:\\\/\\\/www.instagram.com\\\/jornalalgarve7\\\/\",\"https:\\\/\\\/www.linkedin.com\\\/company\\\/algarve7\",\"https:\\\/\\\/www.pinterest.pt\\\/geral0939\\\/_created\\\/\"]},{\"@type\":\"Person\",\"@id\":\"https:\\\/\\\/algarve7.pt\\\/#\\\/schema\\\/person\\\/23fa70681308e7b319a3204bcea45e0c\",\"name\":\"Algarve 7\",\"sameAs\":[\"https:\\\/\\\/algarve7.pt\",\"https:\\\/\\\/www.facebook.com\\\/algarve7\"],\"url\":\"https:\\\/\\\/algarve7.pt\\\/index.php\\\/author\\\/geralalgarve7-pt\\\/\"}]}<\/script>\n<!-- \/ Yoast SEO plugin. -->","yoast_head_json":{"title":"Concerto Solid\u00e1rio \u201cOnda Infinita\u201dapoia reconstru\u00e7\u00e3o da Ferox - Algarve 7","description":"Concerto Solid\u00e1rio \u201cOnda Infinita\u201dapoia reconstru\u00e7\u00e3o da Ferox Cultura","robots":{"index":"index","follow":"follow","max-snippet":"max-snippet:-1","max-image-preview":"max-image-preview:large","max-video-preview":"max-video-preview:-1"},"canonical":"https:\/\/algarve7.pt\/index.php\/2026\/03\/concerto-solidario-onda-infinitaapoia-reconstrucao-da-ferox\/cultura\/08\/00\/","og_locale":"pt_PT","og_type":"article","og_title":"Concerto Solid\u00e1rio \u201cOnda Infinita\u201dapoia reconstru\u00e7\u00e3o da Ferox - Algarve 7","og_description":"Concerto Solid\u00e1rio \u201cOnda Infinita\u201dapoia reconstru\u00e7\u00e3o da Ferox Cultura","og_url":"https:\/\/algarve7.pt\/index.php\/2026\/03\/concerto-solidario-onda-infinitaapoia-reconstrucao-da-ferox\/cultura\/08\/00\/","og_site_name":"Algarve 7","article_publisher":"https:\/\/www.facebook.com\/algarve7","article_author":"https:\/\/www.facebook.com\/algarve7","article_published_time":"2026-03-13T08:00:00+00:00","og_image":[{"width":800,"height":445,"url":"https:\/\/algarve7.pt\/wp-content\/uploads\/2026\/03\/SurfDay-25-Medium.jpg","type":"image\/jpeg"}],"author":"Algarve 7","twitter_card":"summary_large_image","twitter_creator":"@Algarvesete","twitter_site":"@Algarvesete","twitter_misc":{"Escrito por":"Algarve 7","Tempo estimado de leitura":"4 minutos"},"schema":{"@context":"https:\/\/schema.org","@graph":[{"@type":"Article","@id":"https:\/\/algarve7.pt\/index.php\/2026\/03\/concerto-solidario-onda-infinitaapoia-reconstrucao-da-ferox\/cultura\/08\/00\/#article","isPartOf":{"@id":"https:\/\/algarve7.pt\/index.php\/2026\/03\/concerto-solidario-onda-infinitaapoia-reconstrucao-da-ferox\/cultura\/08\/00\/"},"author":{"name":"Algarve 7","@id":"https:\/\/algarve7.pt\/#\/schema\/person\/23fa70681308e7b319a3204bcea45e0c"},"headline":"Concerto Solid\u00e1rio \u201cOnda Infinita\u201dapoia reconstru\u00e7\u00e3o da Ferox","datePublished":"2026-03-13T08:00:00+00:00","mainEntityOfPage":{"@id":"https:\/\/algarve7.pt\/index.php\/2026\/03\/concerto-solidario-onda-infinitaapoia-reconstrucao-da-ferox\/cultura\/08\/00\/"},"wordCount":670,"publisher":{"@id":"https:\/\/algarve7.pt\/#organization"},"image":{"@id":"https:\/\/algarve7.pt\/index.php\/2026\/03\/concerto-solidario-onda-infinitaapoia-reconstrucao-da-ferox\/cultura\/08\/00\/#primaryimage"},"thumbnailUrl":"https:\/\/algarve7.pt\/wp-content\/uploads\/2026\/03\/SurfDay-25-Medium.jpg","keywords":["Algarve","Cultura","S\u00e3o Br\u00e1s de Alportel"],"articleSection":["Cultura"],"inLanguage":"pt-PT"},{"@type":"WebPage","@id":"https:\/\/algarve7.pt\/index.php\/2026\/03\/concerto-solidario-onda-infinitaapoia-reconstrucao-da-ferox\/cultura\/08\/00\/","url":"https:\/\/algarve7.pt\/index.php\/2026\/03\/concerto-solidario-onda-infinitaapoia-reconstrucao-da-ferox\/cultura\/08\/00\/","name":"Concerto Solid\u00e1rio \u201cOnda Infinita\u201dapoia reconstru\u00e7\u00e3o da Ferox - Algarve 7","isPartOf":{"@id":"https:\/\/algarve7.pt\/#website"},"primaryImageOfPage":{"@id":"https:\/\/algarve7.pt\/index.php\/2026\/03\/concerto-solidario-onda-infinitaapoia-reconstrucao-da-ferox\/cultura\/08\/00\/#primaryimage"},"image":{"@id":"https:\/\/algarve7.pt\/index.php\/2026\/03\/concerto-solidario-onda-infinitaapoia-reconstrucao-da-ferox\/cultura\/08\/00\/#primaryimage"},"thumbnailUrl":"https:\/\/algarve7.pt\/wp-content\/uploads\/2026\/03\/SurfDay-25-Medium.jpg","datePublished":"2026-03-13T08:00:00+00:00","description":"Concerto Solid\u00e1rio \u201cOnda Infinita\u201dapoia reconstru\u00e7\u00e3o da Ferox Cultura","breadcrumb":{"@id":"https:\/\/algarve7.pt\/index.php\/2026\/03\/concerto-solidario-onda-infinitaapoia-reconstrucao-da-ferox\/cultura\/08\/00\/#breadcrumb"},"inLanguage":"pt-PT","potentialAction":[{"@type":"ReadAction","target":["https:\/\/algarve7.pt\/index.php\/2026\/03\/concerto-solidario-onda-infinitaapoia-reconstrucao-da-ferox\/cultura\/08\/00\/"]}]},{"@type":"ImageObject","inLanguage":"pt-PT","@id":"https:\/\/algarve7.pt\/index.php\/2026\/03\/concerto-solidario-onda-infinitaapoia-reconstrucao-da-ferox\/cultura\/08\/00\/#primaryimage","url":"https:\/\/algarve7.pt\/wp-content\/uploads\/2026\/03\/SurfDay-25-Medium.jpg","contentUrl":"https:\/\/algarve7.pt\/wp-content\/uploads\/2026\/03\/SurfDay-25-Medium.jpg","width":800,"height":445},{"@type":"BreadcrumbList","@id":"https:\/\/algarve7.pt\/index.php\/2026\/03\/concerto-solidario-onda-infinitaapoia-reconstrucao-da-ferox\/cultura\/08\/00\/#breadcrumb","itemListElement":[{"@type":"ListItem","position":1,"name":"In\u00edcio","item":"https:\/\/algarve7.pt\/"},{"@type":"ListItem","position":2,"name":"Concerto Solid\u00e1rio \u201cOnda Infinita\u201dapoia reconstru\u00e7\u00e3o da Ferox"}]},{"@type":"WebSite","@id":"https:\/\/algarve7.pt\/#website","url":"https:\/\/algarve7.pt\/","name":"Algarve 7","description":"Informa\u00e7\u00e3o sobre o Algarve","publisher":{"@id":"https:\/\/algarve7.pt\/#organization"},"potentialAction":[{"@type":"SearchAction","target":{"@type":"EntryPoint","urlTemplate":"https:\/\/algarve7.pt\/?s={search_term_string}"},"query-input":{"@type":"PropertyValueSpecification","valueRequired":true,"valueName":"search_term_string"}}],"inLanguage":"pt-PT"},{"@type":"Organization","@id":"https:\/\/algarve7.pt\/#organization","name":"Algarve 7","url":"https:\/\/algarve7.pt\/","logo":{"@type":"ImageObject","inLanguage":"pt-PT","@id":"https:\/\/algarve7.pt\/#\/schema\/logo\/image\/","url":"https:\/\/algarve7.pt\/wp-content\/uploads\/2020\/10\/Logo-8.jpg","contentUrl":"https:\/\/algarve7.pt\/wp-content\/uploads\/2020\/10\/Logo-8.jpg","width":1680,"height":1186,"caption":"Algarve 7"},"image":{"@id":"https:\/\/algarve7.pt\/#\/schema\/logo\/image\/"},"sameAs":["https:\/\/www.facebook.com\/algarve7","https:\/\/x.com\/Algarvesete","https:\/\/www.instagram.com\/jornalalgarve7\/","https:\/\/www.linkedin.com\/company\/algarve7","https:\/\/www.pinterest.pt\/geral0939\/_created\/"]},{"@type":"Person","@id":"https:\/\/algarve7.pt\/#\/schema\/person\/23fa70681308e7b319a3204bcea45e0c","name":"Algarve 7","sameAs":["https:\/\/algarve7.pt","https:\/\/www.facebook.com\/algarve7"],"url":"https:\/\/algarve7.pt\/index.php\/author\/geralalgarve7-pt\/"}]}},"jetpack_publicize_connections":[],"jetpack_featured_media_url":"https:\/\/algarve7.pt\/wp-content\/uploads\/2026\/03\/SurfDay-25-Medium.jpg","jetpack_shortlink":"https:\/\/wp.me\/pcezmW-fy1","jetpack_sharing_enabled":true,"_links":{"self":[{"href":"https:\/\/algarve7.pt\/index.php\/wp-json\/wp\/v2\/posts\/59769","targetHints":{"allow":["GET"]}}],"collection":[{"href":"https:\/\/algarve7.pt\/index.php\/wp-json\/wp\/v2\/posts"}],"about":[{"href":"https:\/\/algarve7.pt\/index.php\/wp-json\/wp\/v2\/types\/post"}],"author":[{"embeddable":true,"href":"https:\/\/algarve7.pt\/index.php\/wp-json\/wp\/v2\/users\/1"}],"replies":[{"embeddable":true,"href":"https:\/\/algarve7.pt\/index.php\/wp-json\/wp\/v2\/comments?post=59769"}],"version-history":[{"count":0,"href":"https:\/\/algarve7.pt\/index.php\/wp-json\/wp\/v2\/posts\/59769\/revisions"}],"wp:featuredmedia":[{"embeddable":true,"href":"https:\/\/algarve7.pt\/index.php\/wp-json\/wp\/v2\/media\/59770"}],"wp:attachment":[{"href":"https:\/\/algarve7.pt\/index.php\/wp-json\/wp\/v2\/media?parent=59769"}],"wp:term":[{"taxonomy":"category","embeddable":true,"href":"https:\/\/algarve7.pt\/index.php\/wp-json\/wp\/v2\/categories?post=59769"},{"taxonomy":"post_tag","embeddable":true,"href":"https:\/\/algarve7.pt\/index.php\/wp-json\/wp\/v2\/tags?post=59769"}],"curies":[{"name":"wp","href":"https:\/\/api.w.org\/{rel}","templated":true}]}}