{"id":59680,"date":"2026-03-12T07:15:00","date_gmt":"2026-03-12T07:15:00","guid":{"rendered":"https:\/\/algarve7.pt\/?p=59680"},"modified":"2026-03-11T11:13:13","modified_gmt":"2026-03-11T11:13:13","slug":"o-community-map-abre-em-faro-a-13-de-marco","status":"publish","type":"post","link":"https:\/\/algarve7.pt\/index.php\/2026\/03\/o-community-map-abre-em-faro-a-13-de-marco\/cultura\/07\/15\/","title":{"rendered":"O Community Map abre em Faro\u00a0a 13 de mar\u00e7o"},"content":{"rendered":"\n<p>Mais de 30 projectos de todo o Algarve v\u00e3o estar em exposi\u00e7\u00e3o no IPDJ, numa iniciativa da GeekSessions e da Local Foundation.<strong>Entrada gratuita<\/strong>.<\/p>\n\n\n\n<p><strong>Faro<\/strong>, Portugal \u2014 N\u00e3o acontece nada no Algarve? Pense outra vez. No dia 13 de mar\u00e7o, \u00e0s 18h00, a GeekSessions e a Local Foundation abrem as portas do Community Map no IPDJ Faro, uma exposi\u00e7\u00e3o que re\u00fane&nbsp;<strong>mais de 30 projetos<\/strong>&nbsp;de comunidades de toda a regi\u00e3o. Tecnologia, arte, jogos, movimentos c\u00edvicos, inova\u00e7\u00e3o social, a\u00e7\u00e3o ambiental. A exposi\u00e7\u00e3o \u00e9 de entrada livre e estar\u00e1 patente<strong>&nbsp;at\u00e9 5 de abril.<\/strong><\/p>\n\n\n\n<p>O objetivo do Community Map \u00e9 simples:&nbsp;<strong>mostrar o que as pessoas no Algarve t\u00eam vindo a construir, muitas vezes em sil\u00eancio, ao longo dos \u00faltimos anos.&nbsp;<\/strong>E h\u00e1 muito para mostrar.<\/p>\n\n\n\n<p>Os visitantes v\u00e3o encontrar, por exemplo, a Comfy App, uma aplica\u00e7\u00e3o gratuita de bem-estar mental pensada para jovens entre os 12 e os 18 anos; a Faro Resolve, que liga os residentes de Faro directamente aos servi\u00e7os municipais e organiza\u00e7\u00f5es locais; e a Sports Hive, uma plataforma onde jogadores, clubes e organizadores de eventos se podem encontrar e montar jogos e eventos.<\/p>\n\n\n\n<p>As&nbsp;<strong>comunidades tecnol\u00f3gicas&nbsp;<\/strong>est\u00e3o bem representadas no mapa, com a GeekSessions, o GDG Faro, o GDG Lagos, a LOFT, os Impact Hackers, as Geek Girls Portugal, o Algarve Tech Hub e os Meetballs, entre outras que v\u00e3o sendo adicionadas \u00e0 medida que o ecossistema continua a crescer.<\/p>\n\n\n\n<p>Do lado do&nbsp;<strong>impacto social<\/strong>, h\u00e1 a LOFT, a comunidade que transformou Loul\u00e9, Olh\u00e3o, Faro e Tavira num ponto de encontro entre trabalhadores remotos internacionais e as pessoas que j\u00e1 est\u00e3o a construir coisas no terreno. E o Tempo de Acolher, que nasceu no hackathon dos Impact Hackers com a AIPAR e a Salty Lavender, e que usa storytelling e a\u00e7\u00e3o c\u00edvica para recrutar fam\u00edlias de acolhimento para crian\u00e7as e jovens na regi\u00e3o.<\/p>\n\n\n\n<p>Alguns destes projectos foram feitos por divers\u00e3o. Outros por voluntariado. Outros com um prop\u00f3sito social claro.&nbsp;&nbsp;O crit\u00e9rio \u00e9 um s\u00f3: se mostra aquilo que as comunidades no Algarve est\u00e3o realmente a fazer, tem lugar no mapa<\/p>\n\n\n\n<p>Na galeria, os visitantes podem explorar fotografias e descri\u00e7\u00f5es de cada projeto. Depois, a 21 de mar\u00e7o, o espa\u00e7o muda. Durante a<strong>GeekSessionsConf2026<\/strong>, a exposi\u00e7\u00e3o torna-se pr\u00e1tica: os participantes v\u00e3o poder experimentar as aplica\u00e7\u00f5es, assistir a demonstra\u00e7\u00f5es ao vivo e conhecer as pessoas por detr\u00e1s do trabalho. Os bilhetes para a confer\u00eancia est\u00e3o dispon\u00edveis em\u00a0geeksessionsconf.pt.<\/p>\n\n\n\n<p>Quando a exposi\u00e7\u00e3o f\u00edsica encerrar, a&nbsp;<strong>5 de abril<\/strong>, o community map passa para o online no site da Local Foundation, onde a galeria completa fica dispon\u00edvel e qualquer pessoa pode submeter novos projectos.<\/p>\n\n\n\n<p>Curadoria da GeekSessions e da Local Foundation. Parte do universo GeekSessionsConf2026.<\/p>\n\n\n\n<p>Depois da inaugura\u00e7\u00e3o, todos est\u00e3o convidados a ficar para o Geek Copos, o encontro informal que est\u00e1 na origem da GeekSessions. Sem agenda, s\u00f3 boas conversas. A inscri\u00e7\u00e3o \u00e9 gratuita em\u00a0<a href=\"http:\/\/luma.com\/m2stx045\" target=\"_blank\" rel=\"noreferrer noopener\">luma.com\/m2stx045<\/a>.<\/p>\n\n\n\n<p><a><\/a>Notas aos editores<\/p>\n\n\n\n<p><strong>Evento:<\/strong>\u00a0Inaugura\u00e7\u00e3o do Community Map + Geek Copos\u00a0<br><strong>Data:\u00a0<\/strong>13 de mar\u00e7o de 2026, 18h00\u00a0<br><strong>Exposi\u00e7\u00e3o:<\/strong>\u00a0de 13 de mar\u00e7o a 5 de abril de 2026\u00a0<br><strong>Local:\u00a0<\/strong>IPDJ Faro, Rua da PSP, Edif\u00edcio IPDJ, 8000\u2011408 Faro, Portugal<br><strong>Inscri\u00e7\u00e3o:\u00a0<\/strong><a href=\"http:\/\/luma.com\/m2stx045\" target=\"_blank\" rel=\"noreferrer noopener\">luma.com\/m2stx045\u00a0<\/a><br><\/p>\n\n\n\n<p><\/p>\n","protected":false},"excerpt":{"rendered":"<p>Mais de 30 projectos de todo o Algarve v\u00e3o estar em exposi\u00e7\u00e3o no IPDJ, numa iniciativa da GeekSessions e da<\/p>\n","protected":false},"author":1,"featured_media":59681,"comment_status":"closed","ping_status":"closed","sticky":false,"template":"","format":"standard","meta":{"colormag_page_container_layout":"default_layout","colormag_page_sidebar_layout":"default_layout","_monsterinsights_skip_tracking":false,"_monsterinsights_sitenote_active":false,"_monsterinsights_sitenote_note":"","_monsterinsights_sitenote_category":0,"jetpack_post_was_ever_published":false,"_jetpack_newsletter_access":"","_jetpack_dont_email_post_to_subs":false,"_jetpack_newsletter_tier_id":0,"_jetpack_memberships_contains_paywalled_content":false,"_jetpack_memberships_contains_paid_content":false,"footnotes":"","jetpack_publicize_message":"","jetpack_publicize_feature_enabled":true,"jetpack_social_post_already_shared":true,"jetpack_social_options":{"image_generator_settings":{"template":"highway","default_image_id":0,"font":"","enabled":false},"version":2}},"categories":[14],"tags":[36,35,57,378],"class_list":["post-59680","post","type-post","status-publish","format-standard","has-post-thumbnail","hentry","category-cultura","tag-algarve","tag-cultura","tag-faro","tag-ipdj"],"yoast_head":"<!-- This site is optimized with the Yoast SEO plugin v27.5 - https:\/\/yoast.com\/product\/yoast-seo-wordpress\/ -->\n<title>O Community Map abre em Faro\u00a0a 13 de mar\u00e7o - Algarve 7<\/title>\n<meta name=\"description\" content=\"O Community Map abre em Faro\u00a0a 13 de mar\u00e7o Cultura\" \/>\n<meta name=\"robots\" content=\"index, follow, max-snippet:-1, max-image-preview:large, max-video-preview:-1\" \/>\n<link rel=\"canonical\" href=\"https:\/\/algarve7.pt\/index.php\/2026\/03\/o-community-map-abre-em-faro-a-13-de-marco\/cultura\/07\/15\/\" \/>\n<meta property=\"og:locale\" content=\"pt_PT\" \/>\n<meta property=\"og:type\" content=\"article\" \/>\n<meta property=\"og:title\" content=\"O Community Map abre em Faro\u00a0a 13 de mar\u00e7o - Algarve 7\" \/>\n<meta property=\"og:description\" content=\"O Community Map abre em Faro\u00a0a 13 de mar\u00e7o Cultura\" \/>\n<meta property=\"og:url\" content=\"https:\/\/algarve7.pt\/index.php\/2026\/03\/o-community-map-abre-em-faro-a-13-de-marco\/cultura\/07\/15\/\" \/>\n<meta property=\"og:site_name\" content=\"Algarve 7\" \/>\n<meta property=\"article:publisher\" content=\"https:\/\/www.facebook.com\/algarve7\" \/>\n<meta property=\"article:author\" content=\"https:\/\/www.facebook.com\/algarve7\" \/>\n<meta property=\"article:published_time\" content=\"2026-03-12T07:15:00+00:00\" \/>\n<meta property=\"og:image\" content=\"https:\/\/algarve7.pt\/wp-content\/uploads\/2026\/03\/Captura-de-ecra-2026-03-11-as-11.07.22.png\" \/>\n\t<meta property=\"og:image:width\" content=\"800\" \/>\n\t<meta property=\"og:image:height\" content=\"445\" \/>\n\t<meta property=\"og:image:type\" content=\"image\/png\" \/>\n<meta name=\"author\" content=\"Algarve 7\" \/>\n<meta name=\"twitter:card\" content=\"summary_large_image\" \/>\n<meta name=\"twitter:creator\" content=\"@Algarvesete\" \/>\n<meta name=\"twitter:site\" content=\"@Algarvesete\" \/>\n<meta name=\"twitter:label1\" content=\"Escrito por\" \/>\n\t<meta name=\"twitter:data1\" content=\"Algarve 7\" \/>\n\t<meta name=\"twitter:label2\" content=\"Tempo estimado de leitura\" \/>\n\t<meta name=\"twitter:data2\" content=\"4 minutos\" \/>\n<script type=\"application\/ld+json\" class=\"yoast-schema-graph\">{\"@context\":\"https:\\\/\\\/schema.org\",\"@graph\":[{\"@type\":\"Article\",\"@id\":\"https:\\\/\\\/algarve7.pt\\\/index.php\\\/2026\\\/03\\\/o-community-map-abre-em-faro-a-13-de-marco\\\/cultura\\\/07\\\/15\\\/#article\",\"isPartOf\":{\"@id\":\"https:\\\/\\\/algarve7.pt\\\/index.php\\\/2026\\\/03\\\/o-community-map-abre-em-faro-a-13-de-marco\\\/cultura\\\/07\\\/15\\\/\"},\"author\":{\"name\":\"Algarve 7\",\"@id\":\"https:\\\/\\\/algarve7.pt\\\/#\\\/schema\\\/person\\\/23fa70681308e7b319a3204bcea45e0c\"},\"headline\":\"O Community Map abre em Faro\u00a0a 13 de mar\u00e7o\",\"datePublished\":\"2026-03-12T07:15:00+00:00\",\"mainEntityOfPage\":{\"@id\":\"https:\\\/\\\/algarve7.pt\\\/index.php\\\/2026\\\/03\\\/o-community-map-abre-em-faro-a-13-de-marco\\\/cultura\\\/07\\\/15\\\/\"},\"wordCount\":580,\"publisher\":{\"@id\":\"https:\\\/\\\/algarve7.pt\\\/#organization\"},\"image\":{\"@id\":\"https:\\\/\\\/algarve7.pt\\\/index.php\\\/2026\\\/03\\\/o-community-map-abre-em-faro-a-13-de-marco\\\/cultura\\\/07\\\/15\\\/#primaryimage\"},\"thumbnailUrl\":\"https:\\\/\\\/algarve7.pt\\\/wp-content\\\/uploads\\\/2026\\\/03\\\/Captura-de-ecra-2026-03-11-as-11.07.22.png\",\"keywords\":[\"Algarve\",\"Cultura\",\"Faro\",\"IPDJ\"],\"articleSection\":[\"Cultura\"],\"inLanguage\":\"pt-PT\"},{\"@type\":\"WebPage\",\"@id\":\"https:\\\/\\\/algarve7.pt\\\/index.php\\\/2026\\\/03\\\/o-community-map-abre-em-faro-a-13-de-marco\\\/cultura\\\/07\\\/15\\\/\",\"url\":\"https:\\\/\\\/algarve7.pt\\\/index.php\\\/2026\\\/03\\\/o-community-map-abre-em-faro-a-13-de-marco\\\/cultura\\\/07\\\/15\\\/\",\"name\":\"O Community Map abre em Faro\u00a0a 13 de mar\u00e7o - Algarve 7\",\"isPartOf\":{\"@id\":\"https:\\\/\\\/algarve7.pt\\\/#website\"},\"primaryImageOfPage\":{\"@id\":\"https:\\\/\\\/algarve7.pt\\\/index.php\\\/2026\\\/03\\\/o-community-map-abre-em-faro-a-13-de-marco\\\/cultura\\\/07\\\/15\\\/#primaryimage\"},\"image\":{\"@id\":\"https:\\\/\\\/algarve7.pt\\\/index.php\\\/2026\\\/03\\\/o-community-map-abre-em-faro-a-13-de-marco\\\/cultura\\\/07\\\/15\\\/#primaryimage\"},\"thumbnailUrl\":\"https:\\\/\\\/algarve7.pt\\\/wp-content\\\/uploads\\\/2026\\\/03\\\/Captura-de-ecra-2026-03-11-as-11.07.22.png\",\"datePublished\":\"2026-03-12T07:15:00+00:00\",\"description\":\"O Community Map abre em Faro\u00a0a 13 de mar\u00e7o Cultura\",\"breadcrumb\":{\"@id\":\"https:\\\/\\\/algarve7.pt\\\/index.php\\\/2026\\\/03\\\/o-community-map-abre-em-faro-a-13-de-marco\\\/cultura\\\/07\\\/15\\\/#breadcrumb\"},\"inLanguage\":\"pt-PT\",\"potentialAction\":[{\"@type\":\"ReadAction\",\"target\":[\"https:\\\/\\\/algarve7.pt\\\/index.php\\\/2026\\\/03\\\/o-community-map-abre-em-faro-a-13-de-marco\\\/cultura\\\/07\\\/15\\\/\"]}]},{\"@type\":\"ImageObject\",\"inLanguage\":\"pt-PT\",\"@id\":\"https:\\\/\\\/algarve7.pt\\\/index.php\\\/2026\\\/03\\\/o-community-map-abre-em-faro-a-13-de-marco\\\/cultura\\\/07\\\/15\\\/#primaryimage\",\"url\":\"https:\\\/\\\/algarve7.pt\\\/wp-content\\\/uploads\\\/2026\\\/03\\\/Captura-de-ecra-2026-03-11-as-11.07.22.png\",\"contentUrl\":\"https:\\\/\\\/algarve7.pt\\\/wp-content\\\/uploads\\\/2026\\\/03\\\/Captura-de-ecra-2026-03-11-as-11.07.22.png\",\"width\":800,\"height\":445},{\"@type\":\"BreadcrumbList\",\"@id\":\"https:\\\/\\\/algarve7.pt\\\/index.php\\\/2026\\\/03\\\/o-community-map-abre-em-faro-a-13-de-marco\\\/cultura\\\/07\\\/15\\\/#breadcrumb\",\"itemListElement\":[{\"@type\":\"ListItem\",\"position\":1,\"name\":\"In\u00edcio\",\"item\":\"https:\\\/\\\/algarve7.pt\\\/\"},{\"@type\":\"ListItem\",\"position\":2,\"name\":\"O Community Map abre em Faro\u00a0a 13 de mar\u00e7o\"}]},{\"@type\":\"WebSite\",\"@id\":\"https:\\\/\\\/algarve7.pt\\\/#website\",\"url\":\"https:\\\/\\\/algarve7.pt\\\/\",\"name\":\"Algarve 7\",\"description\":\"Informa\u00e7\u00e3o sobre o Algarve\",\"publisher\":{\"@id\":\"https:\\\/\\\/algarve7.pt\\\/#organization\"},\"potentialAction\":[{\"@type\":\"SearchAction\",\"target\":{\"@type\":\"EntryPoint\",\"urlTemplate\":\"https:\\\/\\\/algarve7.pt\\\/?s={search_term_string}\"},\"query-input\":{\"@type\":\"PropertyValueSpecification\",\"valueRequired\":true,\"valueName\":\"search_term_string\"}}],\"inLanguage\":\"pt-PT\"},{\"@type\":\"Organization\",\"@id\":\"https:\\\/\\\/algarve7.pt\\\/#organization\",\"name\":\"Algarve 7\",\"url\":\"https:\\\/\\\/algarve7.pt\\\/\",\"logo\":{\"@type\":\"ImageObject\",\"inLanguage\":\"pt-PT\",\"@id\":\"https:\\\/\\\/algarve7.pt\\\/#\\\/schema\\\/logo\\\/image\\\/\",\"url\":\"https:\\\/\\\/algarve7.pt\\\/wp-content\\\/uploads\\\/2020\\\/10\\\/Logo-8.jpg\",\"contentUrl\":\"https:\\\/\\\/algarve7.pt\\\/wp-content\\\/uploads\\\/2020\\\/10\\\/Logo-8.jpg\",\"width\":1680,\"height\":1186,\"caption\":\"Algarve 7\"},\"image\":{\"@id\":\"https:\\\/\\\/algarve7.pt\\\/#\\\/schema\\\/logo\\\/image\\\/\"},\"sameAs\":[\"https:\\\/\\\/www.facebook.com\\\/algarve7\",\"https:\\\/\\\/x.com\\\/Algarvesete\",\"https:\\\/\\\/www.instagram.com\\\/jornalalgarve7\\\/\",\"https:\\\/\\\/www.linkedin.com\\\/company\\\/algarve7\",\"https:\\\/\\\/www.pinterest.pt\\\/geral0939\\\/_created\\\/\"]},{\"@type\":\"Person\",\"@id\":\"https:\\\/\\\/algarve7.pt\\\/#\\\/schema\\\/person\\\/23fa70681308e7b319a3204bcea45e0c\",\"name\":\"Algarve 7\",\"sameAs\":[\"https:\\\/\\\/algarve7.pt\",\"https:\\\/\\\/www.facebook.com\\\/algarve7\"],\"url\":\"https:\\\/\\\/algarve7.pt\\\/index.php\\\/author\\\/geralalgarve7-pt\\\/\"}]}<\/script>\n<!-- \/ Yoast SEO plugin. -->","yoast_head_json":{"title":"O Community Map abre em Faro\u00a0a 13 de mar\u00e7o - Algarve 7","description":"O Community Map abre em Faro\u00a0a 13 de mar\u00e7o Cultura","robots":{"index":"index","follow":"follow","max-snippet":"max-snippet:-1","max-image-preview":"max-image-preview:large","max-video-preview":"max-video-preview:-1"},"canonical":"https:\/\/algarve7.pt\/index.php\/2026\/03\/o-community-map-abre-em-faro-a-13-de-marco\/cultura\/07\/15\/","og_locale":"pt_PT","og_type":"article","og_title":"O Community Map abre em Faro\u00a0a 13 de mar\u00e7o - Algarve 7","og_description":"O Community Map abre em Faro\u00a0a 13 de mar\u00e7o Cultura","og_url":"https:\/\/algarve7.pt\/index.php\/2026\/03\/o-community-map-abre-em-faro-a-13-de-marco\/cultura\/07\/15\/","og_site_name":"Algarve 7","article_publisher":"https:\/\/www.facebook.com\/algarve7","article_author":"https:\/\/www.facebook.com\/algarve7","article_published_time":"2026-03-12T07:15:00+00:00","og_image":[{"width":800,"height":445,"url":"https:\/\/algarve7.pt\/wp-content\/uploads\/2026\/03\/Captura-de-ecra-2026-03-11-as-11.07.22.png","type":"image\/png"}],"author":"Algarve 7","twitter_card":"summary_large_image","twitter_creator":"@Algarvesete","twitter_site":"@Algarvesete","twitter_misc":{"Escrito por":"Algarve 7","Tempo estimado de leitura":"4 minutos"},"schema":{"@context":"https:\/\/schema.org","@graph":[{"@type":"Article","@id":"https:\/\/algarve7.pt\/index.php\/2026\/03\/o-community-map-abre-em-faro-a-13-de-marco\/cultura\/07\/15\/#article","isPartOf":{"@id":"https:\/\/algarve7.pt\/index.php\/2026\/03\/o-community-map-abre-em-faro-a-13-de-marco\/cultura\/07\/15\/"},"author":{"name":"Algarve 7","@id":"https:\/\/algarve7.pt\/#\/schema\/person\/23fa70681308e7b319a3204bcea45e0c"},"headline":"O Community Map abre em Faro\u00a0a 13 de mar\u00e7o","datePublished":"2026-03-12T07:15:00+00:00","mainEntityOfPage":{"@id":"https:\/\/algarve7.pt\/index.php\/2026\/03\/o-community-map-abre-em-faro-a-13-de-marco\/cultura\/07\/15\/"},"wordCount":580,"publisher":{"@id":"https:\/\/algarve7.pt\/#organization"},"image":{"@id":"https:\/\/algarve7.pt\/index.php\/2026\/03\/o-community-map-abre-em-faro-a-13-de-marco\/cultura\/07\/15\/#primaryimage"},"thumbnailUrl":"https:\/\/algarve7.pt\/wp-content\/uploads\/2026\/03\/Captura-de-ecra-2026-03-11-as-11.07.22.png","keywords":["Algarve","Cultura","Faro","IPDJ"],"articleSection":["Cultura"],"inLanguage":"pt-PT"},{"@type":"WebPage","@id":"https:\/\/algarve7.pt\/index.php\/2026\/03\/o-community-map-abre-em-faro-a-13-de-marco\/cultura\/07\/15\/","url":"https:\/\/algarve7.pt\/index.php\/2026\/03\/o-community-map-abre-em-faro-a-13-de-marco\/cultura\/07\/15\/","name":"O Community Map abre em Faro\u00a0a 13 de mar\u00e7o - Algarve 7","isPartOf":{"@id":"https:\/\/algarve7.pt\/#website"},"primaryImageOfPage":{"@id":"https:\/\/algarve7.pt\/index.php\/2026\/03\/o-community-map-abre-em-faro-a-13-de-marco\/cultura\/07\/15\/#primaryimage"},"image":{"@id":"https:\/\/algarve7.pt\/index.php\/2026\/03\/o-community-map-abre-em-faro-a-13-de-marco\/cultura\/07\/15\/#primaryimage"},"thumbnailUrl":"https:\/\/algarve7.pt\/wp-content\/uploads\/2026\/03\/Captura-de-ecra-2026-03-11-as-11.07.22.png","datePublished":"2026-03-12T07:15:00+00:00","description":"O Community Map abre em Faro\u00a0a 13 de mar\u00e7o Cultura","breadcrumb":{"@id":"https:\/\/algarve7.pt\/index.php\/2026\/03\/o-community-map-abre-em-faro-a-13-de-marco\/cultura\/07\/15\/#breadcrumb"},"inLanguage":"pt-PT","potentialAction":[{"@type":"ReadAction","target":["https:\/\/algarve7.pt\/index.php\/2026\/03\/o-community-map-abre-em-faro-a-13-de-marco\/cultura\/07\/15\/"]}]},{"@type":"ImageObject","inLanguage":"pt-PT","@id":"https:\/\/algarve7.pt\/index.php\/2026\/03\/o-community-map-abre-em-faro-a-13-de-marco\/cultura\/07\/15\/#primaryimage","url":"https:\/\/algarve7.pt\/wp-content\/uploads\/2026\/03\/Captura-de-ecra-2026-03-11-as-11.07.22.png","contentUrl":"https:\/\/algarve7.pt\/wp-content\/uploads\/2026\/03\/Captura-de-ecra-2026-03-11-as-11.07.22.png","width":800,"height":445},{"@type":"BreadcrumbList","@id":"https:\/\/algarve7.pt\/index.php\/2026\/03\/o-community-map-abre-em-faro-a-13-de-marco\/cultura\/07\/15\/#breadcrumb","itemListElement":[{"@type":"ListItem","position":1,"name":"In\u00edcio","item":"https:\/\/algarve7.pt\/"},{"@type":"ListItem","position":2,"name":"O Community Map abre em Faro\u00a0a 13 de mar\u00e7o"}]},{"@type":"WebSite","@id":"https:\/\/algarve7.pt\/#website","url":"https:\/\/algarve7.pt\/","name":"Algarve 7","description":"Informa\u00e7\u00e3o sobre o Algarve","publisher":{"@id":"https:\/\/algarve7.pt\/#organization"},"potentialAction":[{"@type":"SearchAction","target":{"@type":"EntryPoint","urlTemplate":"https:\/\/algarve7.pt\/?s={search_term_string}"},"query-input":{"@type":"PropertyValueSpecification","valueRequired":true,"valueName":"search_term_string"}}],"inLanguage":"pt-PT"},{"@type":"Organization","@id":"https:\/\/algarve7.pt\/#organization","name":"Algarve 7","url":"https:\/\/algarve7.pt\/","logo":{"@type":"ImageObject","inLanguage":"pt-PT","@id":"https:\/\/algarve7.pt\/#\/schema\/logo\/image\/","url":"https:\/\/algarve7.pt\/wp-content\/uploads\/2020\/10\/Logo-8.jpg","contentUrl":"https:\/\/algarve7.pt\/wp-content\/uploads\/2020\/10\/Logo-8.jpg","width":1680,"height":1186,"caption":"Algarve 7"},"image":{"@id":"https:\/\/algarve7.pt\/#\/schema\/logo\/image\/"},"sameAs":["https:\/\/www.facebook.com\/algarve7","https:\/\/x.com\/Algarvesete","https:\/\/www.instagram.com\/jornalalgarve7\/","https:\/\/www.linkedin.com\/company\/algarve7","https:\/\/www.pinterest.pt\/geral0939\/_created\/"]},{"@type":"Person","@id":"https:\/\/algarve7.pt\/#\/schema\/person\/23fa70681308e7b319a3204bcea45e0c","name":"Algarve 7","sameAs":["https:\/\/algarve7.pt","https:\/\/www.facebook.com\/algarve7"],"url":"https:\/\/algarve7.pt\/index.php\/author\/geralalgarve7-pt\/"}]}},"jetpack_publicize_connections":[],"jetpack_featured_media_url":"https:\/\/algarve7.pt\/wp-content\/uploads\/2026\/03\/Captura-de-ecra-2026-03-11-as-11.07.22.png","jetpack_shortlink":"https:\/\/wp.me\/pcezmW-fwA","jetpack_sharing_enabled":true,"_links":{"self":[{"href":"https:\/\/algarve7.pt\/index.php\/wp-json\/wp\/v2\/posts\/59680","targetHints":{"allow":["GET"]}}],"collection":[{"href":"https:\/\/algarve7.pt\/index.php\/wp-json\/wp\/v2\/posts"}],"about":[{"href":"https:\/\/algarve7.pt\/index.php\/wp-json\/wp\/v2\/types\/post"}],"author":[{"embeddable":true,"href":"https:\/\/algarve7.pt\/index.php\/wp-json\/wp\/v2\/users\/1"}],"replies":[{"embeddable":true,"href":"https:\/\/algarve7.pt\/index.php\/wp-json\/wp\/v2\/comments?post=59680"}],"version-history":[{"count":0,"href":"https:\/\/algarve7.pt\/index.php\/wp-json\/wp\/v2\/posts\/59680\/revisions"}],"wp:featuredmedia":[{"embeddable":true,"href":"https:\/\/algarve7.pt\/index.php\/wp-json\/wp\/v2\/media\/59681"}],"wp:attachment":[{"href":"https:\/\/algarve7.pt\/index.php\/wp-json\/wp\/v2\/media?parent=59680"}],"wp:term":[{"taxonomy":"category","embeddable":true,"href":"https:\/\/algarve7.pt\/index.php\/wp-json\/wp\/v2\/categories?post=59680"},{"taxonomy":"post_tag","embeddable":true,"href":"https:\/\/algarve7.pt\/index.php\/wp-json\/wp\/v2\/tags?post=59680"}],"curies":[{"name":"wp","href":"https:\/\/api.w.org\/{rel}","templated":true}]}}