{"id":59621,"date":"2026-03-09T08:30:59","date_gmt":"2026-03-09T08:30:59","guid":{"rendered":"https:\/\/algarve7.pt\/?p=59621"},"modified":"2026-03-09T08:31:06","modified_gmt":"2026-03-09T08:31:06","slug":"daniela-campos-termina-taca-do-mundo-com-9-a-lugar-no-omnium","status":"publish","type":"post","link":"https:\/\/algarve7.pt\/index.php\/2026\/03\/daniela-campos-termina-taca-do-mundo-com-9-a-lugar-no-omnium\/desporto\/08\/30\/","title":{"rendered":"Daniela Campos termina ta\u00e7a do mundo com 9.\u00aa lugar no omnium"},"content":{"rendered":"\n<p>A Sele\u00e7\u00e3o Nacional encerrou este domingo a participa\u00e7\u00e3o na Ta\u00e7a do Mundo de Pista, em Perth, na Austr\u00e1lia, com um 9.\u00ba lugar de Daniela Campos no exigente programa de omnium.<\/p>\n\n\n\n<p>A ciclista portuguesa foi 8.\u00aa no scratch, 9.\u00aa na corrida tempo, 4.\u00aa na elimina\u00e7\u00e3o, tendo entrado na corrida por pontos final do omnium na 9.\u00aa posi\u00e7\u00e3o em que terminaria, com 44 pontos.<\/p>\n\n\n\n<p><strong><em>\u201cT\u00ednhamos como objetivo pontuar o m\u00e1ximo poss\u00edvel no omnium, sobretudo face a advers\u00e1rias pr\u00f3ximas no ranking. A prova acabou por ficar marcada pela Corrida Tempo, onde a fragmenta\u00e7\u00e3o do pelot\u00e3o e uma rendi\u00e7\u00e3o menos conseguida nos deixou isolados, levando \u00e0 perda de duas voltas e a uma penaliza\u00e7\u00e3o de 40 pontos que limitou qualquer possibilidade de subir na classifica\u00e7\u00e3o. Ainda assim, a Daniela manteve uma atitude exemplar, recuperou na elimina\u00e7\u00e3o, em que foi quarta, e lutou at\u00e9 ao fim na corrida por pontos\u201d<\/em><\/strong>, explica o Selecionador Nacional.<\/p>\n\n\n\n<p>Anita Stenberg (Noruega) conquistou a medalha de ouro, com 114 pontos, seguida de Tsuyaka Uchino (Jap\u00e3o), com 112, e Sze Wing Lee (Hong Kong), com 106.<\/p>\n\n\n\n<p>Daniela Campos, \u00fanica representante da Sele\u00e7\u00e3o Nacional em Perth, termina assim a participa\u00e7\u00e3o na Ta\u00e7a de Mundo com dois nonos lugares &#8211; al\u00e9m do omnium, foi 9.\u00ba no scratch, esta sexta-feira.&nbsp;<\/p>\n\n\n\n<p><strong><em>\u201cFoi uma competi\u00e7\u00e3o muito dif\u00edcil, mas era essencial estarmos presentes e competir apesar de todas as adversidades. Sa\u00edmos de Perth com um 9.\u00ba lugar que melhora o 12.\u00ba do ano passado e com 394 pontos importantes para o ranking, que nos aproximam das vagas para o pr\u00f3ximo Mundial. O processo continua: h\u00e1 ainda um longo caminho a percorrer e muita margem de evolu\u00e7\u00e3o, e \u00e9 nisso que estaremos focados daqui para a frente\u201d<\/em><\/strong>, analisa Gabriel Mendes.<\/p>\n\n\n\n<p>Recorde-se que Portugal tinha inicialmente prevista a participa\u00e7\u00e3o de Daniela Campos, Diogo Narciso e I\u00fari Leit\u00e3o. A participa\u00e7\u00e3o portuguesa, por\u00e9m, teve de ser reformulada devido aos cancelamentos e perturba\u00e7\u00f5es no tr\u00e1fego a\u00e9reo internacional, relacionados com o conflito no M\u00e9dio Oriente, que impediram a viagem da comitiva completa.<\/p>\n","protected":false},"excerpt":{"rendered":"<p>A Sele\u00e7\u00e3o Nacional encerrou este domingo a participa\u00e7\u00e3o na Ta\u00e7a do Mundo de Pista, em Perth, na Austr\u00e1lia, com um<\/p>\n","protected":false},"author":1,"featured_media":59622,"comment_status":"closed","ping_status":"closed","sticky":false,"template":"","format":"standard","meta":{"colormag_page_container_layout":"default_layout","colormag_page_sidebar_layout":"default_layout","_monsterinsights_skip_tracking":false,"_monsterinsights_sitenote_active":false,"_monsterinsights_sitenote_note":"","_monsterinsights_sitenote_category":0,"jetpack_post_was_ever_published":false,"_jetpack_newsletter_access":"","_jetpack_dont_email_post_to_subs":false,"_jetpack_newsletter_tier_id":0,"_jetpack_memberships_contains_paywalled_content":false,"_jetpack_memberships_contains_paid_content":false,"footnotes":"","jetpack_publicize_message":"","jetpack_publicize_feature_enabled":true,"jetpack_social_post_already_shared":true,"jetpack_social_options":{"image_generator_settings":{"template":"highway","default_image_id":0,"font":"","enabled":false},"version":2}},"categories":[15],"tags":[36,1237,40],"class_list":["post-59621","post","type-post","status-publish","format-standard","has-post-thumbnail","hentry","category-desporto","tag-algarve","tag-daniela-campos","tag-desporto"],"yoast_head":"<!-- This site is optimized with the Yoast SEO plugin v27.5 - https:\/\/yoast.com\/product\/yoast-seo-wordpress\/ -->\n<title>Daniela Campos termina ta\u00e7a do mundo com 9.\u00aa lugar no omnium - Algarve 7<\/title>\n<meta name=\"description\" content=\"Daniela Campos termina ta\u00e7a do mundo com 9.\u00aa lugar no omnium Desporto\" \/>\n<meta name=\"robots\" content=\"index, follow, max-snippet:-1, max-image-preview:large, max-video-preview:-1\" \/>\n<link rel=\"canonical\" href=\"https:\/\/algarve7.pt\/index.php\/2026\/03\/daniela-campos-termina-taca-do-mundo-com-9-a-lugar-no-omnium\/desporto\/08\/30\/\" \/>\n<meta property=\"og:locale\" content=\"pt_PT\" \/>\n<meta property=\"og:type\" content=\"article\" \/>\n<meta property=\"og:title\" content=\"Daniela Campos termina ta\u00e7a do mundo com 9.\u00aa lugar no omnium - Algarve 7\" \/>\n<meta property=\"og:description\" content=\"Daniela Campos termina ta\u00e7a do mundo com 9.\u00aa lugar no omnium Desporto\" \/>\n<meta property=\"og:url\" content=\"https:\/\/algarve7.pt\/index.php\/2026\/03\/daniela-campos-termina-taca-do-mundo-com-9-a-lugar-no-omnium\/desporto\/08\/30\/\" \/>\n<meta property=\"og:site_name\" content=\"Algarve 7\" \/>\n<meta property=\"article:publisher\" content=\"https:\/\/www.facebook.com\/algarve7\" \/>\n<meta property=\"article:author\" content=\"https:\/\/www.facebook.com\/algarve7\" \/>\n<meta property=\"article:published_time\" content=\"2026-03-09T08:30:59+00:00\" \/>\n<meta property=\"article:modified_time\" content=\"2026-03-09T08:31:06+00:00\" \/>\n<meta property=\"og:image\" content=\"https:\/\/algarve7.pt\/wp-content\/uploads\/2026\/03\/Daniela-UCI.jpg\" \/>\n\t<meta property=\"og:image:width\" content=\"800\" \/>\n\t<meta property=\"og:image:height\" content=\"445\" \/>\n\t<meta property=\"og:image:type\" content=\"image\/jpeg\" \/>\n<meta name=\"author\" content=\"Algarve 7\" \/>\n<meta name=\"twitter:card\" content=\"summary_large_image\" \/>\n<meta name=\"twitter:creator\" content=\"@Algarvesete\" \/>\n<meta name=\"twitter:site\" content=\"@Algarvesete\" \/>\n<meta name=\"twitter:label1\" content=\"Escrito por\" \/>\n\t<meta name=\"twitter:data1\" content=\"Algarve 7\" \/>\n\t<meta name=\"twitter:label2\" content=\"Tempo estimado de leitura\" \/>\n\t<meta name=\"twitter:data2\" content=\"3 minutos\" \/>\n<script type=\"application\/ld+json\" class=\"yoast-schema-graph\">{\"@context\":\"https:\\\/\\\/schema.org\",\"@graph\":[{\"@type\":\"Article\",\"@id\":\"https:\\\/\\\/algarve7.pt\\\/index.php\\\/2026\\\/03\\\/daniela-campos-termina-taca-do-mundo-com-9-a-lugar-no-omnium\\\/desporto\\\/08\\\/30\\\/#article\",\"isPartOf\":{\"@id\":\"https:\\\/\\\/algarve7.pt\\\/index.php\\\/2026\\\/03\\\/daniela-campos-termina-taca-do-mundo-com-9-a-lugar-no-omnium\\\/desporto\\\/08\\\/30\\\/\"},\"author\":{\"name\":\"Algarve 7\",\"@id\":\"https:\\\/\\\/algarve7.pt\\\/#\\\/schema\\\/person\\\/23fa70681308e7b319a3204bcea45e0c\"},\"headline\":\"Daniela Campos termina ta\u00e7a do mundo com 9.\u00aa lugar no omnium\",\"datePublished\":\"2026-03-09T08:30:59+00:00\",\"dateModified\":\"2026-03-09T08:31:06+00:00\",\"mainEntityOfPage\":{\"@id\":\"https:\\\/\\\/algarve7.pt\\\/index.php\\\/2026\\\/03\\\/daniela-campos-termina-taca-do-mundo-com-9-a-lugar-no-omnium\\\/desporto\\\/08\\\/30\\\/\"},\"wordCount\":361,\"publisher\":{\"@id\":\"https:\\\/\\\/algarve7.pt\\\/#organization\"},\"image\":{\"@id\":\"https:\\\/\\\/algarve7.pt\\\/index.php\\\/2026\\\/03\\\/daniela-campos-termina-taca-do-mundo-com-9-a-lugar-no-omnium\\\/desporto\\\/08\\\/30\\\/#primaryimage\"},\"thumbnailUrl\":\"https:\\\/\\\/algarve7.pt\\\/wp-content\\\/uploads\\\/2026\\\/03\\\/Daniela-UCI.jpg\",\"keywords\":[\"Algarve\",\"Daniela Campos\",\"Desporto\"],\"articleSection\":[\"Desporto\"],\"inLanguage\":\"pt-PT\"},{\"@type\":\"WebPage\",\"@id\":\"https:\\\/\\\/algarve7.pt\\\/index.php\\\/2026\\\/03\\\/daniela-campos-termina-taca-do-mundo-com-9-a-lugar-no-omnium\\\/desporto\\\/08\\\/30\\\/\",\"url\":\"https:\\\/\\\/algarve7.pt\\\/index.php\\\/2026\\\/03\\\/daniela-campos-termina-taca-do-mundo-com-9-a-lugar-no-omnium\\\/desporto\\\/08\\\/30\\\/\",\"name\":\"Daniela Campos termina ta\u00e7a do mundo com 9.\u00aa lugar no omnium - Algarve 7\",\"isPartOf\":{\"@id\":\"https:\\\/\\\/algarve7.pt\\\/#website\"},\"primaryImageOfPage\":{\"@id\":\"https:\\\/\\\/algarve7.pt\\\/index.php\\\/2026\\\/03\\\/daniela-campos-termina-taca-do-mundo-com-9-a-lugar-no-omnium\\\/desporto\\\/08\\\/30\\\/#primaryimage\"},\"image\":{\"@id\":\"https:\\\/\\\/algarve7.pt\\\/index.php\\\/2026\\\/03\\\/daniela-campos-termina-taca-do-mundo-com-9-a-lugar-no-omnium\\\/desporto\\\/08\\\/30\\\/#primaryimage\"},\"thumbnailUrl\":\"https:\\\/\\\/algarve7.pt\\\/wp-content\\\/uploads\\\/2026\\\/03\\\/Daniela-UCI.jpg\",\"datePublished\":\"2026-03-09T08:30:59+00:00\",\"dateModified\":\"2026-03-09T08:31:06+00:00\",\"description\":\"Daniela Campos termina ta\u00e7a do mundo com 9.\u00aa lugar no omnium Desporto\",\"breadcrumb\":{\"@id\":\"https:\\\/\\\/algarve7.pt\\\/index.php\\\/2026\\\/03\\\/daniela-campos-termina-taca-do-mundo-com-9-a-lugar-no-omnium\\\/desporto\\\/08\\\/30\\\/#breadcrumb\"},\"inLanguage\":\"pt-PT\",\"potentialAction\":[{\"@type\":\"ReadAction\",\"target\":[\"https:\\\/\\\/algarve7.pt\\\/index.php\\\/2026\\\/03\\\/daniela-campos-termina-taca-do-mundo-com-9-a-lugar-no-omnium\\\/desporto\\\/08\\\/30\\\/\"]}]},{\"@type\":\"ImageObject\",\"inLanguage\":\"pt-PT\",\"@id\":\"https:\\\/\\\/algarve7.pt\\\/index.php\\\/2026\\\/03\\\/daniela-campos-termina-taca-do-mundo-com-9-a-lugar-no-omnium\\\/desporto\\\/08\\\/30\\\/#primaryimage\",\"url\":\"https:\\\/\\\/algarve7.pt\\\/wp-content\\\/uploads\\\/2026\\\/03\\\/Daniela-UCI.jpg\",\"contentUrl\":\"https:\\\/\\\/algarve7.pt\\\/wp-content\\\/uploads\\\/2026\\\/03\\\/Daniela-UCI.jpg\",\"width\":800,\"height\":445},{\"@type\":\"BreadcrumbList\",\"@id\":\"https:\\\/\\\/algarve7.pt\\\/index.php\\\/2026\\\/03\\\/daniela-campos-termina-taca-do-mundo-com-9-a-lugar-no-omnium\\\/desporto\\\/08\\\/30\\\/#breadcrumb\",\"itemListElement\":[{\"@type\":\"ListItem\",\"position\":1,\"name\":\"In\u00edcio\",\"item\":\"https:\\\/\\\/algarve7.pt\\\/\"},{\"@type\":\"ListItem\",\"position\":2,\"name\":\"Daniela Campos termina ta\u00e7a do mundo com 9.\u00aa lugar no omnium\"}]},{\"@type\":\"WebSite\",\"@id\":\"https:\\\/\\\/algarve7.pt\\\/#website\",\"url\":\"https:\\\/\\\/algarve7.pt\\\/\",\"name\":\"Algarve 7\",\"description\":\"Informa\u00e7\u00e3o sobre o Algarve\",\"publisher\":{\"@id\":\"https:\\\/\\\/algarve7.pt\\\/#organization\"},\"potentialAction\":[{\"@type\":\"SearchAction\",\"target\":{\"@type\":\"EntryPoint\",\"urlTemplate\":\"https:\\\/\\\/algarve7.pt\\\/?s={search_term_string}\"},\"query-input\":{\"@type\":\"PropertyValueSpecification\",\"valueRequired\":true,\"valueName\":\"search_term_string\"}}],\"inLanguage\":\"pt-PT\"},{\"@type\":\"Organization\",\"@id\":\"https:\\\/\\\/algarve7.pt\\\/#organization\",\"name\":\"Algarve 7\",\"url\":\"https:\\\/\\\/algarve7.pt\\\/\",\"logo\":{\"@type\":\"ImageObject\",\"inLanguage\":\"pt-PT\",\"@id\":\"https:\\\/\\\/algarve7.pt\\\/#\\\/schema\\\/logo\\\/image\\\/\",\"url\":\"https:\\\/\\\/algarve7.pt\\\/wp-content\\\/uploads\\\/2020\\\/10\\\/Logo-8.jpg\",\"contentUrl\":\"https:\\\/\\\/algarve7.pt\\\/wp-content\\\/uploads\\\/2020\\\/10\\\/Logo-8.jpg\",\"width\":1680,\"height\":1186,\"caption\":\"Algarve 7\"},\"image\":{\"@id\":\"https:\\\/\\\/algarve7.pt\\\/#\\\/schema\\\/logo\\\/image\\\/\"},\"sameAs\":[\"https:\\\/\\\/www.facebook.com\\\/algarve7\",\"https:\\\/\\\/x.com\\\/Algarvesete\",\"https:\\\/\\\/www.instagram.com\\\/jornalalgarve7\\\/\",\"https:\\\/\\\/www.linkedin.com\\\/company\\\/algarve7\",\"https:\\\/\\\/www.pinterest.pt\\\/geral0939\\\/_created\\\/\"]},{\"@type\":\"Person\",\"@id\":\"https:\\\/\\\/algarve7.pt\\\/#\\\/schema\\\/person\\\/23fa70681308e7b319a3204bcea45e0c\",\"name\":\"Algarve 7\",\"sameAs\":[\"https:\\\/\\\/algarve7.pt\",\"https:\\\/\\\/www.facebook.com\\\/algarve7\"],\"url\":\"https:\\\/\\\/algarve7.pt\\\/index.php\\\/author\\\/geralalgarve7-pt\\\/\"}]}<\/script>\n<!-- \/ Yoast SEO plugin. -->","yoast_head_json":{"title":"Daniela Campos termina ta\u00e7a do mundo com 9.\u00aa lugar no omnium - Algarve 7","description":"Daniela Campos termina ta\u00e7a do mundo com 9.\u00aa lugar no omnium Desporto","robots":{"index":"index","follow":"follow","max-snippet":"max-snippet:-1","max-image-preview":"max-image-preview:large","max-video-preview":"max-video-preview:-1"},"canonical":"https:\/\/algarve7.pt\/index.php\/2026\/03\/daniela-campos-termina-taca-do-mundo-com-9-a-lugar-no-omnium\/desporto\/08\/30\/","og_locale":"pt_PT","og_type":"article","og_title":"Daniela Campos termina ta\u00e7a do mundo com 9.\u00aa lugar no omnium - Algarve 7","og_description":"Daniela Campos termina ta\u00e7a do mundo com 9.\u00aa lugar no omnium Desporto","og_url":"https:\/\/algarve7.pt\/index.php\/2026\/03\/daniela-campos-termina-taca-do-mundo-com-9-a-lugar-no-omnium\/desporto\/08\/30\/","og_site_name":"Algarve 7","article_publisher":"https:\/\/www.facebook.com\/algarve7","article_author":"https:\/\/www.facebook.com\/algarve7","article_published_time":"2026-03-09T08:30:59+00:00","article_modified_time":"2026-03-09T08:31:06+00:00","og_image":[{"width":800,"height":445,"url":"https:\/\/algarve7.pt\/wp-content\/uploads\/2026\/03\/Daniela-UCI.jpg","type":"image\/jpeg"}],"author":"Algarve 7","twitter_card":"summary_large_image","twitter_creator":"@Algarvesete","twitter_site":"@Algarvesete","twitter_misc":{"Escrito por":"Algarve 7","Tempo estimado de leitura":"3 minutos"},"schema":{"@context":"https:\/\/schema.org","@graph":[{"@type":"Article","@id":"https:\/\/algarve7.pt\/index.php\/2026\/03\/daniela-campos-termina-taca-do-mundo-com-9-a-lugar-no-omnium\/desporto\/08\/30\/#article","isPartOf":{"@id":"https:\/\/algarve7.pt\/index.php\/2026\/03\/daniela-campos-termina-taca-do-mundo-com-9-a-lugar-no-omnium\/desporto\/08\/30\/"},"author":{"name":"Algarve 7","@id":"https:\/\/algarve7.pt\/#\/schema\/person\/23fa70681308e7b319a3204bcea45e0c"},"headline":"Daniela Campos termina ta\u00e7a do mundo com 9.\u00aa lugar no omnium","datePublished":"2026-03-09T08:30:59+00:00","dateModified":"2026-03-09T08:31:06+00:00","mainEntityOfPage":{"@id":"https:\/\/algarve7.pt\/index.php\/2026\/03\/daniela-campos-termina-taca-do-mundo-com-9-a-lugar-no-omnium\/desporto\/08\/30\/"},"wordCount":361,"publisher":{"@id":"https:\/\/algarve7.pt\/#organization"},"image":{"@id":"https:\/\/algarve7.pt\/index.php\/2026\/03\/daniela-campos-termina-taca-do-mundo-com-9-a-lugar-no-omnium\/desporto\/08\/30\/#primaryimage"},"thumbnailUrl":"https:\/\/algarve7.pt\/wp-content\/uploads\/2026\/03\/Daniela-UCI.jpg","keywords":["Algarve","Daniela Campos","Desporto"],"articleSection":["Desporto"],"inLanguage":"pt-PT"},{"@type":"WebPage","@id":"https:\/\/algarve7.pt\/index.php\/2026\/03\/daniela-campos-termina-taca-do-mundo-com-9-a-lugar-no-omnium\/desporto\/08\/30\/","url":"https:\/\/algarve7.pt\/index.php\/2026\/03\/daniela-campos-termina-taca-do-mundo-com-9-a-lugar-no-omnium\/desporto\/08\/30\/","name":"Daniela Campos termina ta\u00e7a do mundo com 9.\u00aa lugar no omnium - Algarve 7","isPartOf":{"@id":"https:\/\/algarve7.pt\/#website"},"primaryImageOfPage":{"@id":"https:\/\/algarve7.pt\/index.php\/2026\/03\/daniela-campos-termina-taca-do-mundo-com-9-a-lugar-no-omnium\/desporto\/08\/30\/#primaryimage"},"image":{"@id":"https:\/\/algarve7.pt\/index.php\/2026\/03\/daniela-campos-termina-taca-do-mundo-com-9-a-lugar-no-omnium\/desporto\/08\/30\/#primaryimage"},"thumbnailUrl":"https:\/\/algarve7.pt\/wp-content\/uploads\/2026\/03\/Daniela-UCI.jpg","datePublished":"2026-03-09T08:30:59+00:00","dateModified":"2026-03-09T08:31:06+00:00","description":"Daniela Campos termina ta\u00e7a do mundo com 9.\u00aa lugar no omnium Desporto","breadcrumb":{"@id":"https:\/\/algarve7.pt\/index.php\/2026\/03\/daniela-campos-termina-taca-do-mundo-com-9-a-lugar-no-omnium\/desporto\/08\/30\/#breadcrumb"},"inLanguage":"pt-PT","potentialAction":[{"@type":"ReadAction","target":["https:\/\/algarve7.pt\/index.php\/2026\/03\/daniela-campos-termina-taca-do-mundo-com-9-a-lugar-no-omnium\/desporto\/08\/30\/"]}]},{"@type":"ImageObject","inLanguage":"pt-PT","@id":"https:\/\/algarve7.pt\/index.php\/2026\/03\/daniela-campos-termina-taca-do-mundo-com-9-a-lugar-no-omnium\/desporto\/08\/30\/#primaryimage","url":"https:\/\/algarve7.pt\/wp-content\/uploads\/2026\/03\/Daniela-UCI.jpg","contentUrl":"https:\/\/algarve7.pt\/wp-content\/uploads\/2026\/03\/Daniela-UCI.jpg","width":800,"height":445},{"@type":"BreadcrumbList","@id":"https:\/\/algarve7.pt\/index.php\/2026\/03\/daniela-campos-termina-taca-do-mundo-com-9-a-lugar-no-omnium\/desporto\/08\/30\/#breadcrumb","itemListElement":[{"@type":"ListItem","position":1,"name":"In\u00edcio","item":"https:\/\/algarve7.pt\/"},{"@type":"ListItem","position":2,"name":"Daniela Campos termina ta\u00e7a do mundo com 9.\u00aa lugar no omnium"}]},{"@type":"WebSite","@id":"https:\/\/algarve7.pt\/#website","url":"https:\/\/algarve7.pt\/","name":"Algarve 7","description":"Informa\u00e7\u00e3o sobre o Algarve","publisher":{"@id":"https:\/\/algarve7.pt\/#organization"},"potentialAction":[{"@type":"SearchAction","target":{"@type":"EntryPoint","urlTemplate":"https:\/\/algarve7.pt\/?s={search_term_string}"},"query-input":{"@type":"PropertyValueSpecification","valueRequired":true,"valueName":"search_term_string"}}],"inLanguage":"pt-PT"},{"@type":"Organization","@id":"https:\/\/algarve7.pt\/#organization","name":"Algarve 7","url":"https:\/\/algarve7.pt\/","logo":{"@type":"ImageObject","inLanguage":"pt-PT","@id":"https:\/\/algarve7.pt\/#\/schema\/logo\/image\/","url":"https:\/\/algarve7.pt\/wp-content\/uploads\/2020\/10\/Logo-8.jpg","contentUrl":"https:\/\/algarve7.pt\/wp-content\/uploads\/2020\/10\/Logo-8.jpg","width":1680,"height":1186,"caption":"Algarve 7"},"image":{"@id":"https:\/\/algarve7.pt\/#\/schema\/logo\/image\/"},"sameAs":["https:\/\/www.facebook.com\/algarve7","https:\/\/x.com\/Algarvesete","https:\/\/www.instagram.com\/jornalalgarve7\/","https:\/\/www.linkedin.com\/company\/algarve7","https:\/\/www.pinterest.pt\/geral0939\/_created\/"]},{"@type":"Person","@id":"https:\/\/algarve7.pt\/#\/schema\/person\/23fa70681308e7b319a3204bcea45e0c","name":"Algarve 7","sameAs":["https:\/\/algarve7.pt","https:\/\/www.facebook.com\/algarve7"],"url":"https:\/\/algarve7.pt\/index.php\/author\/geralalgarve7-pt\/"}]}},"jetpack_publicize_connections":[],"jetpack_featured_media_url":"https:\/\/algarve7.pt\/wp-content\/uploads\/2026\/03\/Daniela-UCI.jpg","jetpack_shortlink":"https:\/\/wp.me\/pcezmW-fvD","jetpack_sharing_enabled":true,"_links":{"self":[{"href":"https:\/\/algarve7.pt\/index.php\/wp-json\/wp\/v2\/posts\/59621","targetHints":{"allow":["GET"]}}],"collection":[{"href":"https:\/\/algarve7.pt\/index.php\/wp-json\/wp\/v2\/posts"}],"about":[{"href":"https:\/\/algarve7.pt\/index.php\/wp-json\/wp\/v2\/types\/post"}],"author":[{"embeddable":true,"href":"https:\/\/algarve7.pt\/index.php\/wp-json\/wp\/v2\/users\/1"}],"replies":[{"embeddable":true,"href":"https:\/\/algarve7.pt\/index.php\/wp-json\/wp\/v2\/comments?post=59621"}],"version-history":[{"count":0,"href":"https:\/\/algarve7.pt\/index.php\/wp-json\/wp\/v2\/posts\/59621\/revisions"}],"wp:featuredmedia":[{"embeddable":true,"href":"https:\/\/algarve7.pt\/index.php\/wp-json\/wp\/v2\/media\/59622"}],"wp:attachment":[{"href":"https:\/\/algarve7.pt\/index.php\/wp-json\/wp\/v2\/media?parent=59621"}],"wp:term":[{"taxonomy":"category","embeddable":true,"href":"https:\/\/algarve7.pt\/index.php\/wp-json\/wp\/v2\/categories?post=59621"},{"taxonomy":"post_tag","embeddable":true,"href":"https:\/\/algarve7.pt\/index.php\/wp-json\/wp\/v2\/tags?post=59621"}],"curies":[{"name":"wp","href":"https:\/\/api.w.org\/{rel}","templated":true}]}}