{"id":59615,"date":"2026-03-09T08:20:32","date_gmt":"2026-03-09T08:20:32","guid":{"rendered":"https:\/\/algarve7.pt\/?p=59615"},"modified":"2026-03-09T08:20:37","modified_gmt":"2026-03-09T08:20:37","slug":"portugal-e-espanha-celebram-juntos-a-gala-de-inauguracao-da-eurocidade-do-guadiana-comunidade-europeia-do-desporto-2026","status":"publish","type":"post","link":"https:\/\/algarve7.pt\/index.php\/2026\/03\/portugal-e-espanha-celebram-juntos-a-gala-de-inauguracao-da-eurocidade-do-guadiana-comunidade-europeia-do-desporto-2026\/desporto\/08\/20\/","title":{"rendered":"Portugal e Espanha celebram juntos a gala de inaugura\u00e7\u00e3o da Eurocidade do Guadiana comunidade europeia do desporto 2026"},"content":{"rendered":"\n<p>Os munic\u00edpios de Ayamonte, Castro Marim e Vila Real de Santo Ant\u00f3nio celebraram o evento inaugural da Eurocidade do Guadiana, Comunidade Europeia do Desporto 2026, reconhecimento atribu\u00eddo pela Associa\u00e7\u00e3o Europeia de Cidades do Desporto.<\/p>\n\n\n\n<p>A cerim\u00f3nia de inaugura\u00e7\u00e3o, que antecedeu a Meia Maratona da Cidade de Ayamonte, contou com a participa\u00e7\u00e3o de grupos e organiza\u00e7\u00f5es dos tr\u00eas munic\u00edpios, dando destaque \u00e0 dan\u00e7a cl\u00e1ssica, \u00e0 dan\u00e7a urbana e aos ritmos tradicionais. Os presidentes de c\u00e2mara dos tr\u00eas munic\u00edpios tamb\u00e9m participaram, reconhecendo o trabalho que tem vindo a ser desenvolvido h\u00e1 d\u00e9cadas pelos servi\u00e7os e clubes desportivos para tornar o territorio numa verdadeira comunidade desportiva.<\/p>\n\n\n\n<p>O grupo Danzarte Ayamonte abriu o espet\u00e1culo com uma dan\u00e7a colorida, seguindo-se a cerim\u00f3nia de abertura com a chegada das bandeiras transportadas pelos escuteiros, a execu\u00e7\u00e3o dos hinos nacionais e a realiza\u00e7\u00e3o de discursos institucionais. De seguida, realizaram-se v\u00e1rias atua\u00e7\u00f5es, como a do Rancho Folkl\u00f3rico de Azinhal e de v\u00e1rios grupos da Academia de Dan\u00e7a Contempor\u00e2nea de Vila Real de Santo Ant\u00f3nio.<\/p>\n\n\n\n<p>O evento contou ainda com a exibi\u00e7\u00e3o de um v\u00eddeo promocional criado especialmente para a ocasi\u00e3o, que serviu de prel\u00fadio para a Meia Maratona da Cidade de Ayamonte, que celebra a sua 40\u00aa edi\u00e7\u00e3o e coincide com outras atividades desportivas, como uma corrida de 10 km e uma tentativa de recorde mundial do Guinness em BMX freestyle.&nbsp;<\/p>\n\n\n\n<p>Ao longo deste ano, ser\u00e3o realizados mais de cem eventos de alto n\u00edvel na Eurocidade de Guadiana, mais de 20.000 atletas participar\u00e3o em eventos ou campos de treino e, sobretudo, ser\u00e3o incentivados e refor\u00e7ados os programas de desporto para todos e a promo\u00e7\u00e3o do desporto saud\u00e1vel entre a popula\u00e7\u00e3o.<\/p>\n","protected":false},"excerpt":{"rendered":"<p>Os munic\u00edpios de Ayamonte, Castro Marim e Vila Real de Santo Ant\u00f3nio celebraram o evento inaugural da Eurocidade do Guadiana,<\/p>\n","protected":false},"author":1,"featured_media":59616,"comment_status":"closed","ping_status":"closed","sticky":false,"template":"","format":"standard","meta":{"colormag_page_container_layout":"default_layout","colormag_page_sidebar_layout":"default_layout","_monsterinsights_skip_tracking":false,"_monsterinsights_sitenote_active":false,"_monsterinsights_sitenote_note":"","_monsterinsights_sitenote_category":0,"jetpack_post_was_ever_published":false,"_jetpack_newsletter_access":"","_jetpack_dont_email_post_to_subs":false,"_jetpack_newsletter_tier_id":0,"_jetpack_memberships_contains_paywalled_content":false,"_jetpack_memberships_contains_paid_content":false,"footnotes":"","jetpack_publicize_message":"","jetpack_publicize_feature_enabled":true,"jetpack_social_post_already_shared":true,"jetpack_social_options":{"image_generator_settings":{"template":"highway","default_image_id":0,"font":"","enabled":false},"version":2}},"categories":[15],"tags":[36,40,525],"class_list":["post-59615","post","type-post","status-publish","format-standard","has-post-thumbnail","hentry","category-desporto","tag-algarve","tag-desporto","tag-eurocidade-do-guadiana"],"yoast_head":"<!-- This site is optimized with the Yoast SEO plugin v27.5 - https:\/\/yoast.com\/product\/yoast-seo-wordpress\/ -->\n<title>Portugal e Espanha celebram juntos a gala de inaugura\u00e7\u00e3o da Eurocidade do Guadiana comunidade europeia do desporto 2026 - Algarve 7<\/title>\n<meta name=\"description\" content=\"Portugal e Espanha celebram juntos a gala de inaugura\u00e7\u00e3o da Eurocidade do Guadiana comunidade europeia do desporto 2026 Desporto\" \/>\n<meta name=\"robots\" content=\"index, follow, max-snippet:-1, max-image-preview:large, max-video-preview:-1\" \/>\n<link rel=\"canonical\" href=\"https:\/\/algarve7.pt\/index.php\/2026\/03\/portugal-e-espanha-celebram-juntos-a-gala-de-inauguracao-da-eurocidade-do-guadiana-comunidade-europeia-do-desporto-2026\/desporto\/08\/20\/\" \/>\n<meta property=\"og:locale\" content=\"pt_PT\" \/>\n<meta property=\"og:type\" content=\"article\" \/>\n<meta property=\"og:title\" content=\"Portugal e Espanha celebram juntos a gala de inaugura\u00e7\u00e3o da Eurocidade do Guadiana comunidade europeia do desporto 2026 - Algarve 7\" \/>\n<meta property=\"og:description\" content=\"Portugal e Espanha celebram juntos a gala de inaugura\u00e7\u00e3o da Eurocidade do Guadiana comunidade europeia do desporto 2026 Desporto\" \/>\n<meta property=\"og:url\" content=\"https:\/\/algarve7.pt\/index.php\/2026\/03\/portugal-e-espanha-celebram-juntos-a-gala-de-inauguracao-da-eurocidade-do-guadiana-comunidade-europeia-do-desporto-2026\/desporto\/08\/20\/\" \/>\n<meta property=\"og:site_name\" content=\"Algarve 7\" \/>\n<meta property=\"article:publisher\" content=\"https:\/\/www.facebook.com\/algarve7\" \/>\n<meta property=\"article:author\" content=\"https:\/\/www.facebook.com\/algarve7\" \/>\n<meta property=\"article:published_time\" content=\"2026-03-09T08:20:32+00:00\" \/>\n<meta property=\"article:modified_time\" content=\"2026-03-09T08:20:37+00:00\" \/>\n<meta property=\"og:image\" content=\"https:\/\/algarve7.pt\/wp-content\/uploads\/2026\/03\/A69AC12E-C833-4267-9C35-608CC3E932EC-88258-00000ED9A5946CA9.jpg\" \/>\n\t<meta property=\"og:image:width\" content=\"800\" \/>\n\t<meta property=\"og:image:height\" content=\"445\" \/>\n\t<meta property=\"og:image:type\" content=\"image\/jpeg\" \/>\n<meta name=\"author\" content=\"Algarve 7\" \/>\n<meta name=\"twitter:card\" content=\"summary_large_image\" \/>\n<meta name=\"twitter:creator\" content=\"@Algarvesete\" \/>\n<meta name=\"twitter:site\" content=\"@Algarvesete\" \/>\n<meta name=\"twitter:label1\" content=\"Escrito por\" \/>\n\t<meta name=\"twitter:data1\" content=\"Algarve 7\" \/>\n\t<meta name=\"twitter:label2\" content=\"Tempo estimado de leitura\" \/>\n\t<meta name=\"twitter:data2\" content=\"2 minutos\" \/>\n<script type=\"application\/ld+json\" class=\"yoast-schema-graph\">{\"@context\":\"https:\\\/\\\/schema.org\",\"@graph\":[{\"@type\":\"Article\",\"@id\":\"https:\\\/\\\/algarve7.pt\\\/index.php\\\/2026\\\/03\\\/portugal-e-espanha-celebram-juntos-a-gala-de-inauguracao-da-eurocidade-do-guadiana-comunidade-europeia-do-desporto-2026\\\/desporto\\\/08\\\/20\\\/#article\",\"isPartOf\":{\"@id\":\"https:\\\/\\\/algarve7.pt\\\/index.php\\\/2026\\\/03\\\/portugal-e-espanha-celebram-juntos-a-gala-de-inauguracao-da-eurocidade-do-guadiana-comunidade-europeia-do-desporto-2026\\\/desporto\\\/08\\\/20\\\/\"},\"author\":{\"name\":\"Algarve 7\",\"@id\":\"https:\\\/\\\/algarve7.pt\\\/#\\\/schema\\\/person\\\/23fa70681308e7b319a3204bcea45e0c\"},\"headline\":\"Portugal e Espanha celebram juntos a gala de inaugura\u00e7\u00e3o da Eurocidade do Guadiana comunidade europeia do desporto 2026\",\"datePublished\":\"2026-03-09T08:20:32+00:00\",\"dateModified\":\"2026-03-09T08:20:37+00:00\",\"mainEntityOfPage\":{\"@id\":\"https:\\\/\\\/algarve7.pt\\\/index.php\\\/2026\\\/03\\\/portugal-e-espanha-celebram-juntos-a-gala-de-inauguracao-da-eurocidade-do-guadiana-comunidade-europeia-do-desporto-2026\\\/desporto\\\/08\\\/20\\\/\"},\"wordCount\":328,\"publisher\":{\"@id\":\"https:\\\/\\\/algarve7.pt\\\/#organization\"},\"image\":{\"@id\":\"https:\\\/\\\/algarve7.pt\\\/index.php\\\/2026\\\/03\\\/portugal-e-espanha-celebram-juntos-a-gala-de-inauguracao-da-eurocidade-do-guadiana-comunidade-europeia-do-desporto-2026\\\/desporto\\\/08\\\/20\\\/#primaryimage\"},\"thumbnailUrl\":\"https:\\\/\\\/algarve7.pt\\\/wp-content\\\/uploads\\\/2026\\\/03\\\/A69AC12E-C833-4267-9C35-608CC3E932EC-88258-00000ED9A5946CA9.jpg\",\"keywords\":[\"Algarve\",\"Desporto\",\"Eurocidade do Guadiana\"],\"articleSection\":[\"Desporto\"],\"inLanguage\":\"pt-PT\"},{\"@type\":\"WebPage\",\"@id\":\"https:\\\/\\\/algarve7.pt\\\/index.php\\\/2026\\\/03\\\/portugal-e-espanha-celebram-juntos-a-gala-de-inauguracao-da-eurocidade-do-guadiana-comunidade-europeia-do-desporto-2026\\\/desporto\\\/08\\\/20\\\/\",\"url\":\"https:\\\/\\\/algarve7.pt\\\/index.php\\\/2026\\\/03\\\/portugal-e-espanha-celebram-juntos-a-gala-de-inauguracao-da-eurocidade-do-guadiana-comunidade-europeia-do-desporto-2026\\\/desporto\\\/08\\\/20\\\/\",\"name\":\"Portugal e Espanha celebram juntos a gala de inaugura\u00e7\u00e3o da Eurocidade do Guadiana comunidade europeia do desporto 2026 - Algarve 7\",\"isPartOf\":{\"@id\":\"https:\\\/\\\/algarve7.pt\\\/#website\"},\"primaryImageOfPage\":{\"@id\":\"https:\\\/\\\/algarve7.pt\\\/index.php\\\/2026\\\/03\\\/portugal-e-espanha-celebram-juntos-a-gala-de-inauguracao-da-eurocidade-do-guadiana-comunidade-europeia-do-desporto-2026\\\/desporto\\\/08\\\/20\\\/#primaryimage\"},\"image\":{\"@id\":\"https:\\\/\\\/algarve7.pt\\\/index.php\\\/2026\\\/03\\\/portugal-e-espanha-celebram-juntos-a-gala-de-inauguracao-da-eurocidade-do-guadiana-comunidade-europeia-do-desporto-2026\\\/desporto\\\/08\\\/20\\\/#primaryimage\"},\"thumbnailUrl\":\"https:\\\/\\\/algarve7.pt\\\/wp-content\\\/uploads\\\/2026\\\/03\\\/A69AC12E-C833-4267-9C35-608CC3E932EC-88258-00000ED9A5946CA9.jpg\",\"datePublished\":\"2026-03-09T08:20:32+00:00\",\"dateModified\":\"2026-03-09T08:20:37+00:00\",\"description\":\"Portugal e Espanha celebram juntos a gala de inaugura\u00e7\u00e3o da Eurocidade do Guadiana comunidade europeia do desporto 2026 Desporto\",\"breadcrumb\":{\"@id\":\"https:\\\/\\\/algarve7.pt\\\/index.php\\\/2026\\\/03\\\/portugal-e-espanha-celebram-juntos-a-gala-de-inauguracao-da-eurocidade-do-guadiana-comunidade-europeia-do-desporto-2026\\\/desporto\\\/08\\\/20\\\/#breadcrumb\"},\"inLanguage\":\"pt-PT\",\"potentialAction\":[{\"@type\":\"ReadAction\",\"target\":[\"https:\\\/\\\/algarve7.pt\\\/index.php\\\/2026\\\/03\\\/portugal-e-espanha-celebram-juntos-a-gala-de-inauguracao-da-eurocidade-do-guadiana-comunidade-europeia-do-desporto-2026\\\/desporto\\\/08\\\/20\\\/\"]}]},{\"@type\":\"ImageObject\",\"inLanguage\":\"pt-PT\",\"@id\":\"https:\\\/\\\/algarve7.pt\\\/index.php\\\/2026\\\/03\\\/portugal-e-espanha-celebram-juntos-a-gala-de-inauguracao-da-eurocidade-do-guadiana-comunidade-europeia-do-desporto-2026\\\/desporto\\\/08\\\/20\\\/#primaryimage\",\"url\":\"https:\\\/\\\/algarve7.pt\\\/wp-content\\\/uploads\\\/2026\\\/03\\\/A69AC12E-C833-4267-9C35-608CC3E932EC-88258-00000ED9A5946CA9.jpg\",\"contentUrl\":\"https:\\\/\\\/algarve7.pt\\\/wp-content\\\/uploads\\\/2026\\\/03\\\/A69AC12E-C833-4267-9C35-608CC3E932EC-88258-00000ED9A5946CA9.jpg\",\"width\":800,\"height\":445},{\"@type\":\"BreadcrumbList\",\"@id\":\"https:\\\/\\\/algarve7.pt\\\/index.php\\\/2026\\\/03\\\/portugal-e-espanha-celebram-juntos-a-gala-de-inauguracao-da-eurocidade-do-guadiana-comunidade-europeia-do-desporto-2026\\\/desporto\\\/08\\\/20\\\/#breadcrumb\",\"itemListElement\":[{\"@type\":\"ListItem\",\"position\":1,\"name\":\"In\u00edcio\",\"item\":\"https:\\\/\\\/algarve7.pt\\\/\"},{\"@type\":\"ListItem\",\"position\":2,\"name\":\"Portugal e Espanha celebram juntos a gala de inaugura\u00e7\u00e3o da Eurocidade do Guadiana comunidade europeia do desporto 2026\"}]},{\"@type\":\"WebSite\",\"@id\":\"https:\\\/\\\/algarve7.pt\\\/#website\",\"url\":\"https:\\\/\\\/algarve7.pt\\\/\",\"name\":\"Algarve 7\",\"description\":\"Informa\u00e7\u00e3o sobre o Algarve\",\"publisher\":{\"@id\":\"https:\\\/\\\/algarve7.pt\\\/#organization\"},\"potentialAction\":[{\"@type\":\"SearchAction\",\"target\":{\"@type\":\"EntryPoint\",\"urlTemplate\":\"https:\\\/\\\/algarve7.pt\\\/?s={search_term_string}\"},\"query-input\":{\"@type\":\"PropertyValueSpecification\",\"valueRequired\":true,\"valueName\":\"search_term_string\"}}],\"inLanguage\":\"pt-PT\"},{\"@type\":\"Organization\",\"@id\":\"https:\\\/\\\/algarve7.pt\\\/#organization\",\"name\":\"Algarve 7\",\"url\":\"https:\\\/\\\/algarve7.pt\\\/\",\"logo\":{\"@type\":\"ImageObject\",\"inLanguage\":\"pt-PT\",\"@id\":\"https:\\\/\\\/algarve7.pt\\\/#\\\/schema\\\/logo\\\/image\\\/\",\"url\":\"https:\\\/\\\/algarve7.pt\\\/wp-content\\\/uploads\\\/2020\\\/10\\\/Logo-8.jpg\",\"contentUrl\":\"https:\\\/\\\/algarve7.pt\\\/wp-content\\\/uploads\\\/2020\\\/10\\\/Logo-8.jpg\",\"width\":1680,\"height\":1186,\"caption\":\"Algarve 7\"},\"image\":{\"@id\":\"https:\\\/\\\/algarve7.pt\\\/#\\\/schema\\\/logo\\\/image\\\/\"},\"sameAs\":[\"https:\\\/\\\/www.facebook.com\\\/algarve7\",\"https:\\\/\\\/x.com\\\/Algarvesete\",\"https:\\\/\\\/www.instagram.com\\\/jornalalgarve7\\\/\",\"https:\\\/\\\/www.linkedin.com\\\/company\\\/algarve7\",\"https:\\\/\\\/www.pinterest.pt\\\/geral0939\\\/_created\\\/\"]},{\"@type\":\"Person\",\"@id\":\"https:\\\/\\\/algarve7.pt\\\/#\\\/schema\\\/person\\\/23fa70681308e7b319a3204bcea45e0c\",\"name\":\"Algarve 7\",\"sameAs\":[\"https:\\\/\\\/algarve7.pt\",\"https:\\\/\\\/www.facebook.com\\\/algarve7\"],\"url\":\"https:\\\/\\\/algarve7.pt\\\/index.php\\\/author\\\/geralalgarve7-pt\\\/\"}]}<\/script>\n<!-- \/ Yoast SEO plugin. -->","yoast_head_json":{"title":"Portugal e Espanha celebram juntos a gala de inaugura\u00e7\u00e3o da Eurocidade do Guadiana comunidade europeia do desporto 2026 - Algarve 7","description":"Portugal e Espanha celebram juntos a gala de inaugura\u00e7\u00e3o da Eurocidade do Guadiana comunidade europeia do desporto 2026 Desporto","robots":{"index":"index","follow":"follow","max-snippet":"max-snippet:-1","max-image-preview":"max-image-preview:large","max-video-preview":"max-video-preview:-1"},"canonical":"https:\/\/algarve7.pt\/index.php\/2026\/03\/portugal-e-espanha-celebram-juntos-a-gala-de-inauguracao-da-eurocidade-do-guadiana-comunidade-europeia-do-desporto-2026\/desporto\/08\/20\/","og_locale":"pt_PT","og_type":"article","og_title":"Portugal e Espanha celebram juntos a gala de inaugura\u00e7\u00e3o da Eurocidade do Guadiana comunidade europeia do desporto 2026 - Algarve 7","og_description":"Portugal e Espanha celebram juntos a gala de inaugura\u00e7\u00e3o da Eurocidade do Guadiana comunidade europeia do desporto 2026 Desporto","og_url":"https:\/\/algarve7.pt\/index.php\/2026\/03\/portugal-e-espanha-celebram-juntos-a-gala-de-inauguracao-da-eurocidade-do-guadiana-comunidade-europeia-do-desporto-2026\/desporto\/08\/20\/","og_site_name":"Algarve 7","article_publisher":"https:\/\/www.facebook.com\/algarve7","article_author":"https:\/\/www.facebook.com\/algarve7","article_published_time":"2026-03-09T08:20:32+00:00","article_modified_time":"2026-03-09T08:20:37+00:00","og_image":[{"width":800,"height":445,"url":"https:\/\/algarve7.pt\/wp-content\/uploads\/2026\/03\/A69AC12E-C833-4267-9C35-608CC3E932EC-88258-00000ED9A5946CA9.jpg","type":"image\/jpeg"}],"author":"Algarve 7","twitter_card":"summary_large_image","twitter_creator":"@Algarvesete","twitter_site":"@Algarvesete","twitter_misc":{"Escrito por":"Algarve 7","Tempo estimado de leitura":"2 minutos"},"schema":{"@context":"https:\/\/schema.org","@graph":[{"@type":"Article","@id":"https:\/\/algarve7.pt\/index.php\/2026\/03\/portugal-e-espanha-celebram-juntos-a-gala-de-inauguracao-da-eurocidade-do-guadiana-comunidade-europeia-do-desporto-2026\/desporto\/08\/20\/#article","isPartOf":{"@id":"https:\/\/algarve7.pt\/index.php\/2026\/03\/portugal-e-espanha-celebram-juntos-a-gala-de-inauguracao-da-eurocidade-do-guadiana-comunidade-europeia-do-desporto-2026\/desporto\/08\/20\/"},"author":{"name":"Algarve 7","@id":"https:\/\/algarve7.pt\/#\/schema\/person\/23fa70681308e7b319a3204bcea45e0c"},"headline":"Portugal e Espanha celebram juntos a gala de inaugura\u00e7\u00e3o da Eurocidade do Guadiana comunidade europeia do desporto 2026","datePublished":"2026-03-09T08:20:32+00:00","dateModified":"2026-03-09T08:20:37+00:00","mainEntityOfPage":{"@id":"https:\/\/algarve7.pt\/index.php\/2026\/03\/portugal-e-espanha-celebram-juntos-a-gala-de-inauguracao-da-eurocidade-do-guadiana-comunidade-europeia-do-desporto-2026\/desporto\/08\/20\/"},"wordCount":328,"publisher":{"@id":"https:\/\/algarve7.pt\/#organization"},"image":{"@id":"https:\/\/algarve7.pt\/index.php\/2026\/03\/portugal-e-espanha-celebram-juntos-a-gala-de-inauguracao-da-eurocidade-do-guadiana-comunidade-europeia-do-desporto-2026\/desporto\/08\/20\/#primaryimage"},"thumbnailUrl":"https:\/\/algarve7.pt\/wp-content\/uploads\/2026\/03\/A69AC12E-C833-4267-9C35-608CC3E932EC-88258-00000ED9A5946CA9.jpg","keywords":["Algarve","Desporto","Eurocidade do Guadiana"],"articleSection":["Desporto"],"inLanguage":"pt-PT"},{"@type":"WebPage","@id":"https:\/\/algarve7.pt\/index.php\/2026\/03\/portugal-e-espanha-celebram-juntos-a-gala-de-inauguracao-da-eurocidade-do-guadiana-comunidade-europeia-do-desporto-2026\/desporto\/08\/20\/","url":"https:\/\/algarve7.pt\/index.php\/2026\/03\/portugal-e-espanha-celebram-juntos-a-gala-de-inauguracao-da-eurocidade-do-guadiana-comunidade-europeia-do-desporto-2026\/desporto\/08\/20\/","name":"Portugal e Espanha celebram juntos a gala de inaugura\u00e7\u00e3o da Eurocidade do Guadiana comunidade europeia do desporto 2026 - Algarve 7","isPartOf":{"@id":"https:\/\/algarve7.pt\/#website"},"primaryImageOfPage":{"@id":"https:\/\/algarve7.pt\/index.php\/2026\/03\/portugal-e-espanha-celebram-juntos-a-gala-de-inauguracao-da-eurocidade-do-guadiana-comunidade-europeia-do-desporto-2026\/desporto\/08\/20\/#primaryimage"},"image":{"@id":"https:\/\/algarve7.pt\/index.php\/2026\/03\/portugal-e-espanha-celebram-juntos-a-gala-de-inauguracao-da-eurocidade-do-guadiana-comunidade-europeia-do-desporto-2026\/desporto\/08\/20\/#primaryimage"},"thumbnailUrl":"https:\/\/algarve7.pt\/wp-content\/uploads\/2026\/03\/A69AC12E-C833-4267-9C35-608CC3E932EC-88258-00000ED9A5946CA9.jpg","datePublished":"2026-03-09T08:20:32+00:00","dateModified":"2026-03-09T08:20:37+00:00","description":"Portugal e Espanha celebram juntos a gala de inaugura\u00e7\u00e3o da Eurocidade do Guadiana comunidade europeia do desporto 2026 Desporto","breadcrumb":{"@id":"https:\/\/algarve7.pt\/index.php\/2026\/03\/portugal-e-espanha-celebram-juntos-a-gala-de-inauguracao-da-eurocidade-do-guadiana-comunidade-europeia-do-desporto-2026\/desporto\/08\/20\/#breadcrumb"},"inLanguage":"pt-PT","potentialAction":[{"@type":"ReadAction","target":["https:\/\/algarve7.pt\/index.php\/2026\/03\/portugal-e-espanha-celebram-juntos-a-gala-de-inauguracao-da-eurocidade-do-guadiana-comunidade-europeia-do-desporto-2026\/desporto\/08\/20\/"]}]},{"@type":"ImageObject","inLanguage":"pt-PT","@id":"https:\/\/algarve7.pt\/index.php\/2026\/03\/portugal-e-espanha-celebram-juntos-a-gala-de-inauguracao-da-eurocidade-do-guadiana-comunidade-europeia-do-desporto-2026\/desporto\/08\/20\/#primaryimage","url":"https:\/\/algarve7.pt\/wp-content\/uploads\/2026\/03\/A69AC12E-C833-4267-9C35-608CC3E932EC-88258-00000ED9A5946CA9.jpg","contentUrl":"https:\/\/algarve7.pt\/wp-content\/uploads\/2026\/03\/A69AC12E-C833-4267-9C35-608CC3E932EC-88258-00000ED9A5946CA9.jpg","width":800,"height":445},{"@type":"BreadcrumbList","@id":"https:\/\/algarve7.pt\/index.php\/2026\/03\/portugal-e-espanha-celebram-juntos-a-gala-de-inauguracao-da-eurocidade-do-guadiana-comunidade-europeia-do-desporto-2026\/desporto\/08\/20\/#breadcrumb","itemListElement":[{"@type":"ListItem","position":1,"name":"In\u00edcio","item":"https:\/\/algarve7.pt\/"},{"@type":"ListItem","position":2,"name":"Portugal e Espanha celebram juntos a gala de inaugura\u00e7\u00e3o da Eurocidade do Guadiana comunidade europeia do desporto 2026"}]},{"@type":"WebSite","@id":"https:\/\/algarve7.pt\/#website","url":"https:\/\/algarve7.pt\/","name":"Algarve 7","description":"Informa\u00e7\u00e3o sobre o Algarve","publisher":{"@id":"https:\/\/algarve7.pt\/#organization"},"potentialAction":[{"@type":"SearchAction","target":{"@type":"EntryPoint","urlTemplate":"https:\/\/algarve7.pt\/?s={search_term_string}"},"query-input":{"@type":"PropertyValueSpecification","valueRequired":true,"valueName":"search_term_string"}}],"inLanguage":"pt-PT"},{"@type":"Organization","@id":"https:\/\/algarve7.pt\/#organization","name":"Algarve 7","url":"https:\/\/algarve7.pt\/","logo":{"@type":"ImageObject","inLanguage":"pt-PT","@id":"https:\/\/algarve7.pt\/#\/schema\/logo\/image\/","url":"https:\/\/algarve7.pt\/wp-content\/uploads\/2020\/10\/Logo-8.jpg","contentUrl":"https:\/\/algarve7.pt\/wp-content\/uploads\/2020\/10\/Logo-8.jpg","width":1680,"height":1186,"caption":"Algarve 7"},"image":{"@id":"https:\/\/algarve7.pt\/#\/schema\/logo\/image\/"},"sameAs":["https:\/\/www.facebook.com\/algarve7","https:\/\/x.com\/Algarvesete","https:\/\/www.instagram.com\/jornalalgarve7\/","https:\/\/www.linkedin.com\/company\/algarve7","https:\/\/www.pinterest.pt\/geral0939\/_created\/"]},{"@type":"Person","@id":"https:\/\/algarve7.pt\/#\/schema\/person\/23fa70681308e7b319a3204bcea45e0c","name":"Algarve 7","sameAs":["https:\/\/algarve7.pt","https:\/\/www.facebook.com\/algarve7"],"url":"https:\/\/algarve7.pt\/index.php\/author\/geralalgarve7-pt\/"}]}},"jetpack_publicize_connections":[],"jetpack_featured_media_url":"https:\/\/algarve7.pt\/wp-content\/uploads\/2026\/03\/A69AC12E-C833-4267-9C35-608CC3E932EC-88258-00000ED9A5946CA9.jpg","jetpack_shortlink":"https:\/\/wp.me\/pcezmW-fvx","jetpack_sharing_enabled":true,"_links":{"self":[{"href":"https:\/\/algarve7.pt\/index.php\/wp-json\/wp\/v2\/posts\/59615","targetHints":{"allow":["GET"]}}],"collection":[{"href":"https:\/\/algarve7.pt\/index.php\/wp-json\/wp\/v2\/posts"}],"about":[{"href":"https:\/\/algarve7.pt\/index.php\/wp-json\/wp\/v2\/types\/post"}],"author":[{"embeddable":true,"href":"https:\/\/algarve7.pt\/index.php\/wp-json\/wp\/v2\/users\/1"}],"replies":[{"embeddable":true,"href":"https:\/\/algarve7.pt\/index.php\/wp-json\/wp\/v2\/comments?post=59615"}],"version-history":[{"count":0,"href":"https:\/\/algarve7.pt\/index.php\/wp-json\/wp\/v2\/posts\/59615\/revisions"}],"wp:featuredmedia":[{"embeddable":true,"href":"https:\/\/algarve7.pt\/index.php\/wp-json\/wp\/v2\/media\/59616"}],"wp:attachment":[{"href":"https:\/\/algarve7.pt\/index.php\/wp-json\/wp\/v2\/media?parent=59615"}],"wp:term":[{"taxonomy":"category","embeddable":true,"href":"https:\/\/algarve7.pt\/index.php\/wp-json\/wp\/v2\/categories?post=59615"},{"taxonomy":"post_tag","embeddable":true,"href":"https:\/\/algarve7.pt\/index.php\/wp-json\/wp\/v2\/tags?post=59615"}],"curies":[{"name":"wp","href":"https:\/\/api.w.org\/{rel}","templated":true}]}}