{"id":59566,"date":"2026-03-06T15:56:45","date_gmt":"2026-03-06T15:56:45","guid":{"rendered":"https:\/\/algarve7.pt\/?p=59566"},"modified":"2026-03-06T15:56:50","modified_gmt":"2026-03-06T15:56:50","slug":"daniela-campos-foi-9-a-em-eliminacao-no-primeiro-dia-da-taca-do-mundo-de-pista-em-perth","status":"publish","type":"post","link":"https:\/\/algarve7.pt\/index.php\/2026\/03\/daniela-campos-foi-9-a-em-eliminacao-no-primeiro-dia-da-taca-do-mundo-de-pista-em-perth\/desporto\/15\/56\/","title":{"rendered":"Daniela Campos foi 9.\u00aa em elimina\u00e7\u00e3o no primeiro dia da ta\u00e7a do mundo de pista em Perth"},"content":{"rendered":"\n<p>Daniela Campos foi hoje a 9.\u00aa classificada na prova de Elimina\u00e7\u00e3o da Ta\u00e7a do Mundo de Pista UCI, que come\u00e7ou esta sexta-feira em Perth, na Austr\u00e1lia Ocidental. A Sele\u00e7\u00e3o Nacional de Ciclismo de Pista est\u00e1 presente apenas com a corredora algarvia, ap\u00f3s a reformula\u00e7\u00e3o da participa\u00e7\u00e3o lusa inicial, devido aos constrangimentos log\u00edsticos internacionais inerentes ao conflito no M\u00e9dio Oriente.<\/p>\n\n\n\n<p>A participa\u00e7\u00e3o da Sele\u00e7\u00e3o Nacional de Pista na primeira Ta\u00e7a das Na\u00e7\u00f5es est\u00e1 a ser marcada por in\u00fameros constrangimentos, desafios e obst\u00e1culos. Depois de uma longa viagem que iniciou na ter\u00e7a-feira rumo a Istambul, seguindo depois para Singapura, com chegada a Perth hoje, por volta do meio-dia local, Daniela Campos alinhou na prova de Elimina\u00e7\u00e3o, \u00e0s 20h24 locais (menos oito horas em Portugal Continental).<\/p>\n\n\n\n<p>N\u00e3o bastando a dureza da viagem, as duas caixas de material que a Sele\u00e7\u00e3o trouxe n\u00e3o chegaram ao destino e foi o apoio de outras na\u00e7\u00f5es, como a Austr\u00e1lia, que valeu a Portugal, ao emprestarem uma bicicleta para a atleta lusa fazer a prova de hoje, n\u00e3o sendo certo que o material da Sele\u00e7\u00e3o Nacional chegue em tempo \u00fatil para a prova de Omnium no domingo.<\/p>\n\n\n\n<p><strong><em>\u201cA Daniela entrou bem na prova, mas rapidamente perdeu um posicionamento inicial mais favor\u00e1vel para uma posi\u00e7\u00e3o na retaguarda e na parte inferior da pista. Devido ao bloqueio das advers\u00e1rias, n\u00e3o conseguimos recuar e ultrapassar pela direita como dev\u00edamos para progredir. Fomos eliminados mais por uma quest\u00e3o t\u00e9cnica e n\u00e3o tanto por falta de capacidade motora. Considero que poder\u00edamos ter feito um resultado melhor, estava ao alcance da Daniela. N\u00e3o sendo poss\u00edvel, temos de trabalhar melhor para procurar melhorar no domingo na prova de Omnium\u201d<\/em><\/strong>, explicou Gabriel Mendes.<\/p>\n\n\n\n<p>O Selecionador Nacional disse ainda esperar que amanh\u00e3&nbsp;<strong><em>\u201cchegue o nosso material para competir e restabelecermo-nos o m\u00e1ximo poss\u00edvel de todas as adversidades que estamos a encontrar na prepara\u00e7\u00e3o e viagem para esta competi\u00e7\u00e3o. Quero frisar, desde a primeira hora, a coopera\u00e7\u00e3o e ajuda da equipa da Austr\u00e1lia, \u00e0 qual estamos muito gratos. Cedeu-nos uma bicicleta e rolos de aquecimento para que fosse poss\u00edvel competir hoje e fazer pontos muito importantes que n\u00e3o t\u00ednhamos no ranking\u201d<\/em><\/strong>.<\/p>\n\n\n\n<p>Quanto aos principais resultados de hoje, o ouro foi conquistado pela mexicana Yareli Mendoza, com a norueguesa Anita Yvonne Stenberg a garantir a medalha de prata e a atleta de Hong Kong, Sze Wing Lee, a fechar o p\u00f3dio com o bronze.<\/p>\n\n\n\n<p>No domingo, a corredora portuguesa volta \u00e0 pista para disputar as quatros provas (Scratch &#8211; 08h00, corrida tempo &#8211; 8h43, elimina\u00e7\u00e3o &#8211; 10h12 e corrida por pontos &#8211; 11h00, em hora portuguesa) que constituem o programa do Omnium, uma das disciplinas mais exigentes e completas do programa competitivo.<\/p>\n\n\n\n<p>Recorde-se que inicialmente Portugal tinha prevista a participa\u00e7\u00e3o de tr\u00eas corredores, Daniela Campos, Diogo Narciso e I\u00fari Leit\u00e3o. Devido ao conflito no M\u00e9dio Oriente, que provocou v\u00e1rios cancelamentos de voos, a comitiva portuguesa viu inviabilizada a sua desloca\u00e7\u00e3o no passado domingo, a partir de Espanha, acabando por regressar a Portugal ap\u00f3s sucessivas tentativas de encontrar alternativas. Com solu\u00e7\u00f5es t\u00e3o escassas, a Federa\u00e7\u00e3o Portuguesa de Ciclismo teve de tomar decis\u00f5es e cancelou a vertente masculina, concentrando os esfor\u00e7os na presen\u00e7a de Daniela Campos &#8211; visto que \u00e9 na vertente feminina que a Sele\u00e7\u00e3o precisa de somar pontos para o ranking internacional -, acompanhada pelo Selecionador Nacional, Gabriel Mendes.<\/p>\n","protected":false},"excerpt":{"rendered":"<p>Daniela Campos foi hoje a 9.\u00aa classificada na prova de Elimina\u00e7\u00e3o da Ta\u00e7a do Mundo de Pista UCI, que come\u00e7ou<\/p>\n","protected":false},"author":1,"featured_media":59567,"comment_status":"closed","ping_status":"closed","sticky":false,"template":"","format":"standard","meta":{"colormag_page_container_layout":"default_layout","colormag_page_sidebar_layout":"default_layout","_monsterinsights_skip_tracking":false,"_monsterinsights_sitenote_active":false,"_monsterinsights_sitenote_note":"","_monsterinsights_sitenote_category":0,"jetpack_post_was_ever_published":false,"_jetpack_newsletter_access":"","_jetpack_dont_email_post_to_subs":false,"_jetpack_newsletter_tier_id":0,"_jetpack_memberships_contains_paywalled_content":false,"_jetpack_memberships_contains_paid_content":false,"footnotes":"","jetpack_publicize_message":"","jetpack_publicize_feature_enabled":true,"jetpack_social_post_already_shared":true,"jetpack_social_options":{"image_generator_settings":{"template":"highway","default_image_id":0,"font":"","enabled":false},"version":2}},"categories":[15],"tags":[36,210,1237,40],"class_list":["post-59566","post","type-post","status-publish","format-standard","has-post-thumbnail","hentry","category-desporto","tag-algarve","tag-ciclismo","tag-daniela-campos","tag-desporto"],"yoast_head":"<!-- This site is optimized with the Yoast SEO plugin v27.5 - https:\/\/yoast.com\/product\/yoast-seo-wordpress\/ -->\n<title>Daniela Campos foi 9.\u00aa em elimina\u00e7\u00e3o no primeiro dia da ta\u00e7a do mundo de pista em Perth - Algarve 7<\/title>\n<meta name=\"description\" content=\"Daniela Campos foi 9.\u00aa em elimina\u00e7\u00e3o no primeiro dia da ta\u00e7a do mundo de pista em Perth Desporto\" \/>\n<meta name=\"robots\" content=\"index, follow, max-snippet:-1, max-image-preview:large, max-video-preview:-1\" \/>\n<link rel=\"canonical\" href=\"https:\/\/algarve7.pt\/index.php\/2026\/03\/daniela-campos-foi-9-a-em-eliminacao-no-primeiro-dia-da-taca-do-mundo-de-pista-em-perth\/desporto\/15\/56\/\" \/>\n<meta property=\"og:locale\" content=\"pt_PT\" \/>\n<meta property=\"og:type\" content=\"article\" \/>\n<meta property=\"og:title\" content=\"Daniela Campos foi 9.\u00aa em elimina\u00e7\u00e3o no primeiro dia da ta\u00e7a do mundo de pista em Perth - Algarve 7\" \/>\n<meta property=\"og:description\" content=\"Daniela Campos foi 9.\u00aa em elimina\u00e7\u00e3o no primeiro dia da ta\u00e7a do mundo de pista em Perth Desporto\" \/>\n<meta property=\"og:url\" content=\"https:\/\/algarve7.pt\/index.php\/2026\/03\/daniela-campos-foi-9-a-em-eliminacao-no-primeiro-dia-da-taca-do-mundo-de-pista-em-perth\/desporto\/15\/56\/\" \/>\n<meta property=\"og:site_name\" content=\"Algarve 7\" \/>\n<meta property=\"article:publisher\" content=\"https:\/\/www.facebook.com\/algarve7\" \/>\n<meta property=\"article:author\" content=\"https:\/\/www.facebook.com\/algarve7\" \/>\n<meta property=\"article:published_time\" content=\"2026-03-06T15:56:45+00:00\" \/>\n<meta property=\"article:modified_time\" content=\"2026-03-06T15:56:50+00:00\" \/>\n<meta property=\"og:image\" content=\"https:\/\/algarve7.pt\/wp-content\/uploads\/2026\/03\/Captura-de-ecra-2026-03-06-as-15.53.13.png\" \/>\n\t<meta property=\"og:image:width\" content=\"800\" \/>\n\t<meta property=\"og:image:height\" content=\"445\" \/>\n\t<meta property=\"og:image:type\" content=\"image\/png\" \/>\n<meta name=\"author\" content=\"Algarve 7\" \/>\n<meta name=\"twitter:card\" content=\"summary_large_image\" \/>\n<meta name=\"twitter:creator\" content=\"@Algarvesete\" \/>\n<meta name=\"twitter:site\" content=\"@Algarvesete\" \/>\n<meta name=\"twitter:label1\" content=\"Escrito por\" \/>\n\t<meta name=\"twitter:data1\" content=\"Algarve 7\" \/>\n\t<meta name=\"twitter:label2\" content=\"Tempo estimado de leitura\" \/>\n\t<meta name=\"twitter:data2\" content=\"4 minutos\" \/>\n<script type=\"application\/ld+json\" class=\"yoast-schema-graph\">{\"@context\":\"https:\\\/\\\/schema.org\",\"@graph\":[{\"@type\":\"Article\",\"@id\":\"https:\\\/\\\/algarve7.pt\\\/index.php\\\/2026\\\/03\\\/daniela-campos-foi-9-a-em-eliminacao-no-primeiro-dia-da-taca-do-mundo-de-pista-em-perth\\\/desporto\\\/15\\\/56\\\/#article\",\"isPartOf\":{\"@id\":\"https:\\\/\\\/algarve7.pt\\\/index.php\\\/2026\\\/03\\\/daniela-campos-foi-9-a-em-eliminacao-no-primeiro-dia-da-taca-do-mundo-de-pista-em-perth\\\/desporto\\\/15\\\/56\\\/\"},\"author\":{\"name\":\"Algarve 7\",\"@id\":\"https:\\\/\\\/algarve7.pt\\\/#\\\/schema\\\/person\\\/23fa70681308e7b319a3204bcea45e0c\"},\"headline\":\"Daniela Campos foi 9.\u00aa em elimina\u00e7\u00e3o no primeiro dia da ta\u00e7a do mundo de pista em Perth\",\"datePublished\":\"2026-03-06T15:56:45+00:00\",\"dateModified\":\"2026-03-06T15:56:50+00:00\",\"mainEntityOfPage\":{\"@id\":\"https:\\\/\\\/algarve7.pt\\\/index.php\\\/2026\\\/03\\\/daniela-campos-foi-9-a-em-eliminacao-no-primeiro-dia-da-taca-do-mundo-de-pista-em-perth\\\/desporto\\\/15\\\/56\\\/\"},\"wordCount\":627,\"publisher\":{\"@id\":\"https:\\\/\\\/algarve7.pt\\\/#organization\"},\"image\":{\"@id\":\"https:\\\/\\\/algarve7.pt\\\/index.php\\\/2026\\\/03\\\/daniela-campos-foi-9-a-em-eliminacao-no-primeiro-dia-da-taca-do-mundo-de-pista-em-perth\\\/desporto\\\/15\\\/56\\\/#primaryimage\"},\"thumbnailUrl\":\"https:\\\/\\\/algarve7.pt\\\/wp-content\\\/uploads\\\/2026\\\/03\\\/Captura-de-ecra-2026-03-06-as-15.53.13.png\",\"keywords\":[\"Algarve\",\"Ciclismo\",\"Daniela Campos\",\"Desporto\"],\"articleSection\":[\"Desporto\"],\"inLanguage\":\"pt-PT\"},{\"@type\":\"WebPage\",\"@id\":\"https:\\\/\\\/algarve7.pt\\\/index.php\\\/2026\\\/03\\\/daniela-campos-foi-9-a-em-eliminacao-no-primeiro-dia-da-taca-do-mundo-de-pista-em-perth\\\/desporto\\\/15\\\/56\\\/\",\"url\":\"https:\\\/\\\/algarve7.pt\\\/index.php\\\/2026\\\/03\\\/daniela-campos-foi-9-a-em-eliminacao-no-primeiro-dia-da-taca-do-mundo-de-pista-em-perth\\\/desporto\\\/15\\\/56\\\/\",\"name\":\"Daniela Campos foi 9.\u00aa em elimina\u00e7\u00e3o no primeiro dia da ta\u00e7a do mundo de pista em Perth - Algarve 7\",\"isPartOf\":{\"@id\":\"https:\\\/\\\/algarve7.pt\\\/#website\"},\"primaryImageOfPage\":{\"@id\":\"https:\\\/\\\/algarve7.pt\\\/index.php\\\/2026\\\/03\\\/daniela-campos-foi-9-a-em-eliminacao-no-primeiro-dia-da-taca-do-mundo-de-pista-em-perth\\\/desporto\\\/15\\\/56\\\/#primaryimage\"},\"image\":{\"@id\":\"https:\\\/\\\/algarve7.pt\\\/index.php\\\/2026\\\/03\\\/daniela-campos-foi-9-a-em-eliminacao-no-primeiro-dia-da-taca-do-mundo-de-pista-em-perth\\\/desporto\\\/15\\\/56\\\/#primaryimage\"},\"thumbnailUrl\":\"https:\\\/\\\/algarve7.pt\\\/wp-content\\\/uploads\\\/2026\\\/03\\\/Captura-de-ecra-2026-03-06-as-15.53.13.png\",\"datePublished\":\"2026-03-06T15:56:45+00:00\",\"dateModified\":\"2026-03-06T15:56:50+00:00\",\"description\":\"Daniela Campos foi 9.\u00aa em elimina\u00e7\u00e3o no primeiro dia da ta\u00e7a do mundo de pista em Perth Desporto\",\"breadcrumb\":{\"@id\":\"https:\\\/\\\/algarve7.pt\\\/index.php\\\/2026\\\/03\\\/daniela-campos-foi-9-a-em-eliminacao-no-primeiro-dia-da-taca-do-mundo-de-pista-em-perth\\\/desporto\\\/15\\\/56\\\/#breadcrumb\"},\"inLanguage\":\"pt-PT\",\"potentialAction\":[{\"@type\":\"ReadAction\",\"target\":[\"https:\\\/\\\/algarve7.pt\\\/index.php\\\/2026\\\/03\\\/daniela-campos-foi-9-a-em-eliminacao-no-primeiro-dia-da-taca-do-mundo-de-pista-em-perth\\\/desporto\\\/15\\\/56\\\/\"]}]},{\"@type\":\"ImageObject\",\"inLanguage\":\"pt-PT\",\"@id\":\"https:\\\/\\\/algarve7.pt\\\/index.php\\\/2026\\\/03\\\/daniela-campos-foi-9-a-em-eliminacao-no-primeiro-dia-da-taca-do-mundo-de-pista-em-perth\\\/desporto\\\/15\\\/56\\\/#primaryimage\",\"url\":\"https:\\\/\\\/algarve7.pt\\\/wp-content\\\/uploads\\\/2026\\\/03\\\/Captura-de-ecra-2026-03-06-as-15.53.13.png\",\"contentUrl\":\"https:\\\/\\\/algarve7.pt\\\/wp-content\\\/uploads\\\/2026\\\/03\\\/Captura-de-ecra-2026-03-06-as-15.53.13.png\",\"width\":800,\"height\":445},{\"@type\":\"BreadcrumbList\",\"@id\":\"https:\\\/\\\/algarve7.pt\\\/index.php\\\/2026\\\/03\\\/daniela-campos-foi-9-a-em-eliminacao-no-primeiro-dia-da-taca-do-mundo-de-pista-em-perth\\\/desporto\\\/15\\\/56\\\/#breadcrumb\",\"itemListElement\":[{\"@type\":\"ListItem\",\"position\":1,\"name\":\"In\u00edcio\",\"item\":\"https:\\\/\\\/algarve7.pt\\\/\"},{\"@type\":\"ListItem\",\"position\":2,\"name\":\"Daniela Campos foi 9.\u00aa em elimina\u00e7\u00e3o no primeiro dia da ta\u00e7a do mundo de pista em Perth\"}]},{\"@type\":\"WebSite\",\"@id\":\"https:\\\/\\\/algarve7.pt\\\/#website\",\"url\":\"https:\\\/\\\/algarve7.pt\\\/\",\"name\":\"Algarve 7\",\"description\":\"Informa\u00e7\u00e3o sobre o Algarve\",\"publisher\":{\"@id\":\"https:\\\/\\\/algarve7.pt\\\/#organization\"},\"potentialAction\":[{\"@type\":\"SearchAction\",\"target\":{\"@type\":\"EntryPoint\",\"urlTemplate\":\"https:\\\/\\\/algarve7.pt\\\/?s={search_term_string}\"},\"query-input\":{\"@type\":\"PropertyValueSpecification\",\"valueRequired\":true,\"valueName\":\"search_term_string\"}}],\"inLanguage\":\"pt-PT\"},{\"@type\":\"Organization\",\"@id\":\"https:\\\/\\\/algarve7.pt\\\/#organization\",\"name\":\"Algarve 7\",\"url\":\"https:\\\/\\\/algarve7.pt\\\/\",\"logo\":{\"@type\":\"ImageObject\",\"inLanguage\":\"pt-PT\",\"@id\":\"https:\\\/\\\/algarve7.pt\\\/#\\\/schema\\\/logo\\\/image\\\/\",\"url\":\"https:\\\/\\\/algarve7.pt\\\/wp-content\\\/uploads\\\/2020\\\/10\\\/Logo-8.jpg\",\"contentUrl\":\"https:\\\/\\\/algarve7.pt\\\/wp-content\\\/uploads\\\/2020\\\/10\\\/Logo-8.jpg\",\"width\":1680,\"height\":1186,\"caption\":\"Algarve 7\"},\"image\":{\"@id\":\"https:\\\/\\\/algarve7.pt\\\/#\\\/schema\\\/logo\\\/image\\\/\"},\"sameAs\":[\"https:\\\/\\\/www.facebook.com\\\/algarve7\",\"https:\\\/\\\/x.com\\\/Algarvesete\",\"https:\\\/\\\/www.instagram.com\\\/jornalalgarve7\\\/\",\"https:\\\/\\\/www.linkedin.com\\\/company\\\/algarve7\",\"https:\\\/\\\/www.pinterest.pt\\\/geral0939\\\/_created\\\/\"]},{\"@type\":\"Person\",\"@id\":\"https:\\\/\\\/algarve7.pt\\\/#\\\/schema\\\/person\\\/23fa70681308e7b319a3204bcea45e0c\",\"name\":\"Algarve 7\",\"sameAs\":[\"https:\\\/\\\/algarve7.pt\",\"https:\\\/\\\/www.facebook.com\\\/algarve7\"],\"url\":\"https:\\\/\\\/algarve7.pt\\\/index.php\\\/author\\\/geralalgarve7-pt\\\/\"}]}<\/script>\n<!-- \/ Yoast SEO plugin. -->","yoast_head_json":{"title":"Daniela Campos foi 9.\u00aa em elimina\u00e7\u00e3o no primeiro dia da ta\u00e7a do mundo de pista em Perth - Algarve 7","description":"Daniela Campos foi 9.\u00aa em elimina\u00e7\u00e3o no primeiro dia da ta\u00e7a do mundo de pista em Perth Desporto","robots":{"index":"index","follow":"follow","max-snippet":"max-snippet:-1","max-image-preview":"max-image-preview:large","max-video-preview":"max-video-preview:-1"},"canonical":"https:\/\/algarve7.pt\/index.php\/2026\/03\/daniela-campos-foi-9-a-em-eliminacao-no-primeiro-dia-da-taca-do-mundo-de-pista-em-perth\/desporto\/15\/56\/","og_locale":"pt_PT","og_type":"article","og_title":"Daniela Campos foi 9.\u00aa em elimina\u00e7\u00e3o no primeiro dia da ta\u00e7a do mundo de pista em Perth - Algarve 7","og_description":"Daniela Campos foi 9.\u00aa em elimina\u00e7\u00e3o no primeiro dia da ta\u00e7a do mundo de pista em Perth Desporto","og_url":"https:\/\/algarve7.pt\/index.php\/2026\/03\/daniela-campos-foi-9-a-em-eliminacao-no-primeiro-dia-da-taca-do-mundo-de-pista-em-perth\/desporto\/15\/56\/","og_site_name":"Algarve 7","article_publisher":"https:\/\/www.facebook.com\/algarve7","article_author":"https:\/\/www.facebook.com\/algarve7","article_published_time":"2026-03-06T15:56:45+00:00","article_modified_time":"2026-03-06T15:56:50+00:00","og_image":[{"width":800,"height":445,"url":"https:\/\/algarve7.pt\/wp-content\/uploads\/2026\/03\/Captura-de-ecra-2026-03-06-as-15.53.13.png","type":"image\/png"}],"author":"Algarve 7","twitter_card":"summary_large_image","twitter_creator":"@Algarvesete","twitter_site":"@Algarvesete","twitter_misc":{"Escrito por":"Algarve 7","Tempo estimado de leitura":"4 minutos"},"schema":{"@context":"https:\/\/schema.org","@graph":[{"@type":"Article","@id":"https:\/\/algarve7.pt\/index.php\/2026\/03\/daniela-campos-foi-9-a-em-eliminacao-no-primeiro-dia-da-taca-do-mundo-de-pista-em-perth\/desporto\/15\/56\/#article","isPartOf":{"@id":"https:\/\/algarve7.pt\/index.php\/2026\/03\/daniela-campos-foi-9-a-em-eliminacao-no-primeiro-dia-da-taca-do-mundo-de-pista-em-perth\/desporto\/15\/56\/"},"author":{"name":"Algarve 7","@id":"https:\/\/algarve7.pt\/#\/schema\/person\/23fa70681308e7b319a3204bcea45e0c"},"headline":"Daniela Campos foi 9.\u00aa em elimina\u00e7\u00e3o no primeiro dia da ta\u00e7a do mundo de pista em Perth","datePublished":"2026-03-06T15:56:45+00:00","dateModified":"2026-03-06T15:56:50+00:00","mainEntityOfPage":{"@id":"https:\/\/algarve7.pt\/index.php\/2026\/03\/daniela-campos-foi-9-a-em-eliminacao-no-primeiro-dia-da-taca-do-mundo-de-pista-em-perth\/desporto\/15\/56\/"},"wordCount":627,"publisher":{"@id":"https:\/\/algarve7.pt\/#organization"},"image":{"@id":"https:\/\/algarve7.pt\/index.php\/2026\/03\/daniela-campos-foi-9-a-em-eliminacao-no-primeiro-dia-da-taca-do-mundo-de-pista-em-perth\/desporto\/15\/56\/#primaryimage"},"thumbnailUrl":"https:\/\/algarve7.pt\/wp-content\/uploads\/2026\/03\/Captura-de-ecra-2026-03-06-as-15.53.13.png","keywords":["Algarve","Ciclismo","Daniela Campos","Desporto"],"articleSection":["Desporto"],"inLanguage":"pt-PT"},{"@type":"WebPage","@id":"https:\/\/algarve7.pt\/index.php\/2026\/03\/daniela-campos-foi-9-a-em-eliminacao-no-primeiro-dia-da-taca-do-mundo-de-pista-em-perth\/desporto\/15\/56\/","url":"https:\/\/algarve7.pt\/index.php\/2026\/03\/daniela-campos-foi-9-a-em-eliminacao-no-primeiro-dia-da-taca-do-mundo-de-pista-em-perth\/desporto\/15\/56\/","name":"Daniela Campos foi 9.\u00aa em elimina\u00e7\u00e3o no primeiro dia da ta\u00e7a do mundo de pista em Perth - Algarve 7","isPartOf":{"@id":"https:\/\/algarve7.pt\/#website"},"primaryImageOfPage":{"@id":"https:\/\/algarve7.pt\/index.php\/2026\/03\/daniela-campos-foi-9-a-em-eliminacao-no-primeiro-dia-da-taca-do-mundo-de-pista-em-perth\/desporto\/15\/56\/#primaryimage"},"image":{"@id":"https:\/\/algarve7.pt\/index.php\/2026\/03\/daniela-campos-foi-9-a-em-eliminacao-no-primeiro-dia-da-taca-do-mundo-de-pista-em-perth\/desporto\/15\/56\/#primaryimage"},"thumbnailUrl":"https:\/\/algarve7.pt\/wp-content\/uploads\/2026\/03\/Captura-de-ecra-2026-03-06-as-15.53.13.png","datePublished":"2026-03-06T15:56:45+00:00","dateModified":"2026-03-06T15:56:50+00:00","description":"Daniela Campos foi 9.\u00aa em elimina\u00e7\u00e3o no primeiro dia da ta\u00e7a do mundo de pista em Perth Desporto","breadcrumb":{"@id":"https:\/\/algarve7.pt\/index.php\/2026\/03\/daniela-campos-foi-9-a-em-eliminacao-no-primeiro-dia-da-taca-do-mundo-de-pista-em-perth\/desporto\/15\/56\/#breadcrumb"},"inLanguage":"pt-PT","potentialAction":[{"@type":"ReadAction","target":["https:\/\/algarve7.pt\/index.php\/2026\/03\/daniela-campos-foi-9-a-em-eliminacao-no-primeiro-dia-da-taca-do-mundo-de-pista-em-perth\/desporto\/15\/56\/"]}]},{"@type":"ImageObject","inLanguage":"pt-PT","@id":"https:\/\/algarve7.pt\/index.php\/2026\/03\/daniela-campos-foi-9-a-em-eliminacao-no-primeiro-dia-da-taca-do-mundo-de-pista-em-perth\/desporto\/15\/56\/#primaryimage","url":"https:\/\/algarve7.pt\/wp-content\/uploads\/2026\/03\/Captura-de-ecra-2026-03-06-as-15.53.13.png","contentUrl":"https:\/\/algarve7.pt\/wp-content\/uploads\/2026\/03\/Captura-de-ecra-2026-03-06-as-15.53.13.png","width":800,"height":445},{"@type":"BreadcrumbList","@id":"https:\/\/algarve7.pt\/index.php\/2026\/03\/daniela-campos-foi-9-a-em-eliminacao-no-primeiro-dia-da-taca-do-mundo-de-pista-em-perth\/desporto\/15\/56\/#breadcrumb","itemListElement":[{"@type":"ListItem","position":1,"name":"In\u00edcio","item":"https:\/\/algarve7.pt\/"},{"@type":"ListItem","position":2,"name":"Daniela Campos foi 9.\u00aa em elimina\u00e7\u00e3o no primeiro dia da ta\u00e7a do mundo de pista em Perth"}]},{"@type":"WebSite","@id":"https:\/\/algarve7.pt\/#website","url":"https:\/\/algarve7.pt\/","name":"Algarve 7","description":"Informa\u00e7\u00e3o sobre o Algarve","publisher":{"@id":"https:\/\/algarve7.pt\/#organization"},"potentialAction":[{"@type":"SearchAction","target":{"@type":"EntryPoint","urlTemplate":"https:\/\/algarve7.pt\/?s={search_term_string}"},"query-input":{"@type":"PropertyValueSpecification","valueRequired":true,"valueName":"search_term_string"}}],"inLanguage":"pt-PT"},{"@type":"Organization","@id":"https:\/\/algarve7.pt\/#organization","name":"Algarve 7","url":"https:\/\/algarve7.pt\/","logo":{"@type":"ImageObject","inLanguage":"pt-PT","@id":"https:\/\/algarve7.pt\/#\/schema\/logo\/image\/","url":"https:\/\/algarve7.pt\/wp-content\/uploads\/2020\/10\/Logo-8.jpg","contentUrl":"https:\/\/algarve7.pt\/wp-content\/uploads\/2020\/10\/Logo-8.jpg","width":1680,"height":1186,"caption":"Algarve 7"},"image":{"@id":"https:\/\/algarve7.pt\/#\/schema\/logo\/image\/"},"sameAs":["https:\/\/www.facebook.com\/algarve7","https:\/\/x.com\/Algarvesete","https:\/\/www.instagram.com\/jornalalgarve7\/","https:\/\/www.linkedin.com\/company\/algarve7","https:\/\/www.pinterest.pt\/geral0939\/_created\/"]},{"@type":"Person","@id":"https:\/\/algarve7.pt\/#\/schema\/person\/23fa70681308e7b319a3204bcea45e0c","name":"Algarve 7","sameAs":["https:\/\/algarve7.pt","https:\/\/www.facebook.com\/algarve7"],"url":"https:\/\/algarve7.pt\/index.php\/author\/geralalgarve7-pt\/"}]}},"jetpack_publicize_connections":[],"jetpack_featured_media_url":"https:\/\/algarve7.pt\/wp-content\/uploads\/2026\/03\/Captura-de-ecra-2026-03-06-as-15.53.13.png","jetpack_shortlink":"https:\/\/wp.me\/pcezmW-fuK","jetpack_sharing_enabled":true,"_links":{"self":[{"href":"https:\/\/algarve7.pt\/index.php\/wp-json\/wp\/v2\/posts\/59566","targetHints":{"allow":["GET"]}}],"collection":[{"href":"https:\/\/algarve7.pt\/index.php\/wp-json\/wp\/v2\/posts"}],"about":[{"href":"https:\/\/algarve7.pt\/index.php\/wp-json\/wp\/v2\/types\/post"}],"author":[{"embeddable":true,"href":"https:\/\/algarve7.pt\/index.php\/wp-json\/wp\/v2\/users\/1"}],"replies":[{"embeddable":true,"href":"https:\/\/algarve7.pt\/index.php\/wp-json\/wp\/v2\/comments?post=59566"}],"version-history":[{"count":0,"href":"https:\/\/algarve7.pt\/index.php\/wp-json\/wp\/v2\/posts\/59566\/revisions"}],"wp:featuredmedia":[{"embeddable":true,"href":"https:\/\/algarve7.pt\/index.php\/wp-json\/wp\/v2\/media\/59567"}],"wp:attachment":[{"href":"https:\/\/algarve7.pt\/index.php\/wp-json\/wp\/v2\/media?parent=59566"}],"wp:term":[{"taxonomy":"category","embeddable":true,"href":"https:\/\/algarve7.pt\/index.php\/wp-json\/wp\/v2\/categories?post=59566"},{"taxonomy":"post_tag","embeddable":true,"href":"https:\/\/algarve7.pt\/index.php\/wp-json\/wp\/v2\/tags?post=59566"}],"curies":[{"name":"wp","href":"https:\/\/api.w.org\/{rel}","templated":true}]}}