{"id":59536,"date":"2026-03-05T19:53:31","date_gmt":"2026-03-05T19:53:31","guid":{"rendered":"https:\/\/algarve7.pt\/?p=59536"},"modified":"2026-03-05T19:53:37","modified_gmt":"2026-03-05T19:53:37","slug":"tiago-torres-tiago-cacao-e-joao-domingues-voltam-a-vencer-e-chegam-aos-quartos-de-final-do-faro-open","status":"publish","type":"post","link":"https:\/\/algarve7.pt\/index.php\/2026\/03\/tiago-torres-tiago-cacao-e-joao-domingues-voltam-a-vencer-e-chegam-aos-quartos-de-final-do-faro-open\/desporto\/19\/53\/","title":{"rendered":"Tiago Torres, Tiago Ca\u00e7\u00e3o e Jo\u00e3o Domingues voltam a vencer e chegam aos quartos de final do Faro Open"},"content":{"rendered":"\n<p><strong>Tiago Torres, Tiago Ca\u00e7\u00e3o&nbsp;<\/strong>e&nbsp;<strong>Jo\u00e3o Domingues<\/strong>&nbsp;voltaram a vencer no Centro de T\u00e9nis e Padel de Faro e apuraram-se para os quartos de final de singulares do Faro Open, ITF M25 que acontece com os apoios da C\u00e2mara Municipal de Faro e da Federa\u00e7\u00e3o Portuguesa de T\u00e9nis e que \u00e9 o torneio internacional mais antigo do pa\u00eds (realiza-se ininterruptamente desde 1994). Nos pares, a jornada tamb\u00e9m foi sin\u00f3nimo de sucesso para a comitiva lusa e ficou garantida a presen\u00e7a de uma dupla caseira na final de s\u00e1bado.<\/p>\n\n\n\n<p>\u00daltimo a vencer no dia anterior, Tiago Torres (672.\u00ba no&nbsp;<em>ranking<\/em>&nbsp;ATP) foi, esta quinta-feira, o primeiro portugu\u00eas a avan\u00e7ar e assim carimbou a presen\u00e7a nos primeiros quartos de final da temporada.<\/p>\n\n\n\n<p>O campe\u00e3o nacional absoluto resistiu ao norte-americano&nbsp;<strong>Maxwell McKennon<\/strong>&nbsp;(546.\u00ba) e eliminou o quinto cabe\u00e7a de s\u00e9rie gra\u00e7as aos parciais de 7-5 e 6-3 num embate de esquerdinos em que acabou recompensado pelo trabalho mental.<\/p>\n\n\n\n<p><strong>&#8220;Vir de uma les\u00e3o e j\u00e1 estar nos quartos de final \u00e9 uma sensa\u00e7\u00e3o muito boa&#8221;<\/strong>, admitiu o lisboeta logo ap\u00f3s o triunfo, fazendo alus\u00e3o \u00e0s cinco semanas afastado da competi\u00e7\u00e3o para recuperar de uma les\u00e3o na virilha direita.&nbsp;<strong>&#8220;\u00c9 sinal de que ando a trabalhar bem e a verdade \u00e9 que n\u00e3o sinto que esteja perto do meu melhor t\u00e9nis. J\u00e1 estive a jogar melhor e perdi \u00e0 primeira, mas o t\u00e9nis \u00e9 mesmo assim. A verdade \u00e9 que n\u00e3o est\u00e1 muito f\u00e1cil de jogar, porque h\u00e1 muito vento, mas adaptei-me bem e geri minimamente bem as emo\u00e7\u00f5es que o encontro pede.&#8221;<\/strong><\/p>\n\n\n\n<p>Al\u00e9m do vento, que aumentou de forma consider\u00e1vel em rela\u00e7\u00e3o \u00e0 jornada anterior, Torres tamb\u00e9m precisou de lidar com o servi\u00e7o do advers\u00e1rio \u2014 o maior fator de desequil\u00edbrio na primeira parte do embate.<\/p>\n\n\n\n<p>McKennon dominou os primeiros jogos e aproveitou as dificuldades sentidas pelo portugu\u00eas para liderar por 5-2. Depois, ainda criou um&nbsp;<em>set point<\/em>&nbsp;a 5-4, no servi\u00e7o de Torres, quando este j\u00e1 estava na luta pelo parcial. Mas com a perda do ascendente aumentaram as d\u00favidas e o jogador &#8220;da casa&#8221; aproveitou-as para elevar o aproveitamento com a resposta e resgatar o parcial com cinco jogos consecutivos.<\/p>\n\n\n\n<p>Uma vez na frente, Torres j\u00e1 n\u00e3o baixou o n\u00edvel. McKennon lesionou-se na coxa direita logo no in\u00edcio da segunda partida e, apesar de ainda ter segurado quatro jogos de servi\u00e7o sempre a esfor\u00e7o, acabou por ceder. A passo, o americano j\u00e1 n\u00e3o conseguiu evitar o&nbsp;<em>break<\/em>&nbsp;decisivo e do outro lado da rede o jovem de 23 anos celebrou silenciosamente a chegada aos primeiros quartos de final da temporada.<\/p>\n\n\n\n<p>Tiago Torres j\u00e1 alcan\u00e7ou por duas vezes as meias-finais de torneios internacionais e numa delas jogou mesmo a final, mas sempre na categoria ITF M15, pelo que esta sexta-feira lutar\u00e1 pelas meias-finais mais importantes da carreira. O advers\u00e1rio que o separa desse objetivo \u00e9 outro esquerdino, o canadiano&nbsp;<strong>Justin Boulais<\/strong>&nbsp;(527.\u00ba), quarto pr\u00e9-designado.<\/p>\n\n\n\n<p>Jo\u00e3o Domingues (1096.\u00ba num&nbsp;<em>ranking<\/em>&nbsp;em que j\u00e1 figurou no 150.\u00ba posto) tamb\u00e9m celebrou em duas partidas, mas precisou de 2h20 para resistir ao espanhol&nbsp;<strong>Mario Gonzalez Fernandez<\/strong>(624.\u00ba) e vencer, por 7-5 e 7-6(4), rumo aos segundos quartos de final da \u00e9poca.<\/p>\n\n\n\n<p>O jogador de Oliveira de Azem\u00e9is recuperou de 3-5 no primeiro&nbsp;<em>set<\/em>&nbsp;e soube ter paci\u00eancia nos momentos cruciais para quebrar a resist\u00eancia de um advers\u00e1rio que desgasta, sobretudo, pelo n\u00famero de bolas que devolve, mas que deixou sempre a iniciativa do lado do mais experiente.<\/p>\n\n\n\n<p>De olhos postos nas primeiras meias-finais desde agosto de 2024, quando venceu o ITF M25 do Porto, Domingues tamb\u00e9m ir\u00e1 a jogo logo \u00e0s 10h30 de sexta-feira, mas frente a&nbsp;<strong>Federico Arnaboldi<\/strong>&nbsp;(385.\u00ba). O italiano \u00e9 o segundo mais cotado do torneio.<\/p>\n\n\n\n<p>O trio de portugueses apurados para os quartos de final deste Faro Open ficou completo com Tiago Ca\u00e7\u00e3o, que tal como Tiago Torres chegou pela primeira vez a esta fase na \u00e9poca atual.<\/p>\n\n\n\n<p>O jogador de 28 anos recuperou, pelo segundo dia consecutivo, da desvantagem de um set e esta tarde superou o ucraniano&nbsp;<strong>Georgii Kravchenko<\/strong>&nbsp;(552.\u00ba), por duas vezes finalista em Vale do Lobo no passado m\u00eas de novembro, com os parciais de 4-6, 6-3 e 6-4 quando estavam decorridas 2h40 de embate.<\/p>\n\n\n\n<p>Este foi o quarto encontro consecutivo que Tiago Ca\u00e7\u00e3o concluiu em tr\u00eas partidas. Na semana passada, o jogador de Peniche salvou um&nbsp;<em>match point<\/em>&nbsp;para vencer a primeira ronda do Vale do Lobo Open no&nbsp;<em>tie-break<\/em>&nbsp;do \u00faltimo&nbsp;<em>set<\/em>&nbsp;e no dia seguinte os pap\u00e9is inverteram-se, sendo ele a deixar escapar um ponto de encontro antes de ceder no tira-teimas. Tamb\u00e9m ele ter\u00e1 pela frente um jogador transalpino, no caso&nbsp;<strong>Michele Ribecai<\/strong>&nbsp;(413.\u00ba), nunca antes das 12 horas.<\/p>\n\n\n\n<p>Al\u00e9m das tr\u00eas vit\u00f3rias em singulares, a jornada tamb\u00e9m foi positiva nos pares e ficou, desde j\u00e1, assegurada a presen\u00e7a de uma dupla portuguesa na final.<\/p>\n\n\n\n<p>Isto porque Jo\u00e3o Domingues\/<strong>Diogo Marques<\/strong>&nbsp;e&nbsp;<strong>Hugo Maia\/Guilherme Valdoleiros<\/strong>&nbsp;marcaram encontro na meia-final da metade inferior do quadro ao vencerem, respetivamente,&nbsp;<strong>Liam Hignett\/Jannik Opitz<\/strong>&nbsp;por 6-2 e 6-4 e Tiago Ca\u00e7\u00e3o\/Tiago Torres por 7-5, 3-6 e 10-4.<\/p>\n\n\n\n<p>Na semana passada, Domingues e Marques foram finalistas em Vale do Lobo, onde perderam a final para o algarvio&nbsp;<strong>Tiago Pereira<\/strong>, que esta semana optou por competir num Challenger na Gr\u00e9cia, e Justin Boulais, que agora est\u00e1 apurado para as &#8220;meias&#8221; com&nbsp;<strong>Francisco Rocha<\/strong>.<\/p>\n\n\n\n<p>Primeiros cabe\u00e7as de s\u00e9rie, o canadiano e o portugu\u00eas levaram a melhor contra Georgii Kravchenko e Oleksii Krytykh por 7-6(5) e 6-4 para marcarem encontro com os brit\u00e2nicos&nbsp;<strong>James Beaven<\/strong>&nbsp;e&nbsp;<strong>Sean Hodkin<\/strong>.<\/p>\n","protected":false},"excerpt":{"rendered":"<p>Tiago Torres, Tiago Ca\u00e7\u00e3o&nbsp;e&nbsp;Jo\u00e3o Domingues&nbsp;voltaram a vencer no Centro de T\u00e9nis e Padel de Faro e apuraram-se para os quartos<\/p>\n","protected":false},"author":1,"featured_media":59537,"comment_status":"closed","ping_status":"closed","sticky":false,"template":"","format":"standard","meta":{"colormag_page_container_layout":"default_layout","colormag_page_sidebar_layout":"default_layout","_monsterinsights_skip_tracking":false,"_monsterinsights_sitenote_active":false,"_monsterinsights_sitenote_note":"","_monsterinsights_sitenote_category":0,"jetpack_post_was_ever_published":false,"_jetpack_newsletter_access":"","_jetpack_dont_email_post_to_subs":false,"_jetpack_newsletter_tier_id":0,"_jetpack_memberships_contains_paywalled_content":false,"_jetpack_memberships_contains_paid_content":false,"footnotes":"","jetpack_publicize_message":"","jetpack_publicize_feature_enabled":true,"jetpack_social_post_already_shared":true,"jetpack_social_options":{"image_generator_settings":{"template":"highway","default_image_id":0,"font":"","enabled":false},"version":2}},"categories":[15],"tags":[36,40,57,1233],"class_list":["post-59536","post","type-post","status-publish","format-standard","has-post-thumbnail","hentry","category-desporto","tag-algarve","tag-desporto","tag-faro","tag-faro-open"],"yoast_head":"<!-- This site is optimized with the Yoast SEO plugin v27.5 - https:\/\/yoast.com\/product\/yoast-seo-wordpress\/ -->\n<title>Tiago Torres, Tiago Ca\u00e7\u00e3o e Jo\u00e3o Domingues voltam a vencer e chegam aos quartos de final do Faro Open - Algarve 7<\/title>\n<meta name=\"description\" content=\"Tiago Torres, Tiago Ca\u00e7\u00e3o e Jo\u00e3o Domingues voltam a vencer e chegam aos quartos de final do Faro Open Desporto\" \/>\n<meta name=\"robots\" content=\"index, follow, max-snippet:-1, max-image-preview:large, max-video-preview:-1\" \/>\n<link rel=\"canonical\" href=\"https:\/\/algarve7.pt\/index.php\/2026\/03\/tiago-torres-tiago-cacao-e-joao-domingues-voltam-a-vencer-e-chegam-aos-quartos-de-final-do-faro-open\/desporto\/19\/53\/\" \/>\n<meta property=\"og:locale\" content=\"pt_PT\" \/>\n<meta property=\"og:type\" content=\"article\" \/>\n<meta property=\"og:title\" content=\"Tiago Torres, Tiago Ca\u00e7\u00e3o e Jo\u00e3o Domingues voltam a vencer e chegam aos quartos de final do Faro Open - Algarve 7\" \/>\n<meta property=\"og:description\" content=\"Tiago Torres, Tiago Ca\u00e7\u00e3o e Jo\u00e3o Domingues voltam a vencer e chegam aos quartos de final do Faro Open Desporto\" \/>\n<meta property=\"og:url\" content=\"https:\/\/algarve7.pt\/index.php\/2026\/03\/tiago-torres-tiago-cacao-e-joao-domingues-voltam-a-vencer-e-chegam-aos-quartos-de-final-do-faro-open\/desporto\/19\/53\/\" \/>\n<meta property=\"og:site_name\" content=\"Algarve 7\" \/>\n<meta property=\"article:publisher\" content=\"https:\/\/www.facebook.com\/algarve7\" \/>\n<meta property=\"article:author\" content=\"https:\/\/www.facebook.com\/algarve7\" \/>\n<meta property=\"article:published_time\" content=\"2026-03-05T19:53:31+00:00\" \/>\n<meta property=\"article:modified_time\" content=\"2026-03-05T19:53:37+00:00\" \/>\n<meta property=\"og:image\" content=\"https:\/\/algarve7.pt\/wp-content\/uploads\/2026\/03\/Joao-Domingues.jpg\" \/>\n\t<meta property=\"og:image:width\" content=\"800\" \/>\n\t<meta property=\"og:image:height\" content=\"445\" \/>\n\t<meta property=\"og:image:type\" content=\"image\/jpeg\" \/>\n<meta name=\"author\" content=\"Algarve 7\" \/>\n<meta name=\"twitter:card\" content=\"summary_large_image\" \/>\n<meta name=\"twitter:creator\" content=\"@Algarvesete\" \/>\n<meta name=\"twitter:site\" content=\"@Algarvesete\" \/>\n<meta name=\"twitter:label1\" content=\"Escrito por\" \/>\n\t<meta name=\"twitter:data1\" content=\"Algarve 7\" \/>\n\t<meta name=\"twitter:label2\" content=\"Tempo estimado de leitura\" \/>\n\t<meta name=\"twitter:data2\" content=\"6 minutos\" \/>\n<script type=\"application\/ld+json\" class=\"yoast-schema-graph\">{\"@context\":\"https:\\\/\\\/schema.org\",\"@graph\":[{\"@type\":\"Article\",\"@id\":\"https:\\\/\\\/algarve7.pt\\\/index.php\\\/2026\\\/03\\\/tiago-torres-tiago-cacao-e-joao-domingues-voltam-a-vencer-e-chegam-aos-quartos-de-final-do-faro-open\\\/desporto\\\/19\\\/53\\\/#article\",\"isPartOf\":{\"@id\":\"https:\\\/\\\/algarve7.pt\\\/index.php\\\/2026\\\/03\\\/tiago-torres-tiago-cacao-e-joao-domingues-voltam-a-vencer-e-chegam-aos-quartos-de-final-do-faro-open\\\/desporto\\\/19\\\/53\\\/\"},\"author\":{\"name\":\"Algarve 7\",\"@id\":\"https:\\\/\\\/algarve7.pt\\\/#\\\/schema\\\/person\\\/23fa70681308e7b319a3204bcea45e0c\"},\"headline\":\"Tiago Torres, Tiago Ca\u00e7\u00e3o e Jo\u00e3o Domingues voltam a vencer e chegam aos quartos de final do Faro Open\",\"datePublished\":\"2026-03-05T19:53:31+00:00\",\"dateModified\":\"2026-03-05T19:53:37+00:00\",\"mainEntityOfPage\":{\"@id\":\"https:\\\/\\\/algarve7.pt\\\/index.php\\\/2026\\\/03\\\/tiago-torres-tiago-cacao-e-joao-domingues-voltam-a-vencer-e-chegam-aos-quartos-de-final-do-faro-open\\\/desporto\\\/19\\\/53\\\/\"},\"wordCount\":1030,\"publisher\":{\"@id\":\"https:\\\/\\\/algarve7.pt\\\/#organization\"},\"image\":{\"@id\":\"https:\\\/\\\/algarve7.pt\\\/index.php\\\/2026\\\/03\\\/tiago-torres-tiago-cacao-e-joao-domingues-voltam-a-vencer-e-chegam-aos-quartos-de-final-do-faro-open\\\/desporto\\\/19\\\/53\\\/#primaryimage\"},\"thumbnailUrl\":\"https:\\\/\\\/algarve7.pt\\\/wp-content\\\/uploads\\\/2026\\\/03\\\/Joao-Domingues.jpg\",\"keywords\":[\"Algarve\",\"Desporto\",\"Faro\",\"Faro Open\"],\"articleSection\":[\"Desporto\"],\"inLanguage\":\"pt-PT\"},{\"@type\":\"WebPage\",\"@id\":\"https:\\\/\\\/algarve7.pt\\\/index.php\\\/2026\\\/03\\\/tiago-torres-tiago-cacao-e-joao-domingues-voltam-a-vencer-e-chegam-aos-quartos-de-final-do-faro-open\\\/desporto\\\/19\\\/53\\\/\",\"url\":\"https:\\\/\\\/algarve7.pt\\\/index.php\\\/2026\\\/03\\\/tiago-torres-tiago-cacao-e-joao-domingues-voltam-a-vencer-e-chegam-aos-quartos-de-final-do-faro-open\\\/desporto\\\/19\\\/53\\\/\",\"name\":\"Tiago Torres, Tiago Ca\u00e7\u00e3o e Jo\u00e3o Domingues voltam a vencer e chegam aos quartos de final do Faro Open - Algarve 7\",\"isPartOf\":{\"@id\":\"https:\\\/\\\/algarve7.pt\\\/#website\"},\"primaryImageOfPage\":{\"@id\":\"https:\\\/\\\/algarve7.pt\\\/index.php\\\/2026\\\/03\\\/tiago-torres-tiago-cacao-e-joao-domingues-voltam-a-vencer-e-chegam-aos-quartos-de-final-do-faro-open\\\/desporto\\\/19\\\/53\\\/#primaryimage\"},\"image\":{\"@id\":\"https:\\\/\\\/algarve7.pt\\\/index.php\\\/2026\\\/03\\\/tiago-torres-tiago-cacao-e-joao-domingues-voltam-a-vencer-e-chegam-aos-quartos-de-final-do-faro-open\\\/desporto\\\/19\\\/53\\\/#primaryimage\"},\"thumbnailUrl\":\"https:\\\/\\\/algarve7.pt\\\/wp-content\\\/uploads\\\/2026\\\/03\\\/Joao-Domingues.jpg\",\"datePublished\":\"2026-03-05T19:53:31+00:00\",\"dateModified\":\"2026-03-05T19:53:37+00:00\",\"description\":\"Tiago Torres, Tiago Ca\u00e7\u00e3o e Jo\u00e3o Domingues voltam a vencer e chegam aos quartos de final do Faro Open Desporto\",\"breadcrumb\":{\"@id\":\"https:\\\/\\\/algarve7.pt\\\/index.php\\\/2026\\\/03\\\/tiago-torres-tiago-cacao-e-joao-domingues-voltam-a-vencer-e-chegam-aos-quartos-de-final-do-faro-open\\\/desporto\\\/19\\\/53\\\/#breadcrumb\"},\"inLanguage\":\"pt-PT\",\"potentialAction\":[{\"@type\":\"ReadAction\",\"target\":[\"https:\\\/\\\/algarve7.pt\\\/index.php\\\/2026\\\/03\\\/tiago-torres-tiago-cacao-e-joao-domingues-voltam-a-vencer-e-chegam-aos-quartos-de-final-do-faro-open\\\/desporto\\\/19\\\/53\\\/\"]}]},{\"@type\":\"ImageObject\",\"inLanguage\":\"pt-PT\",\"@id\":\"https:\\\/\\\/algarve7.pt\\\/index.php\\\/2026\\\/03\\\/tiago-torres-tiago-cacao-e-joao-domingues-voltam-a-vencer-e-chegam-aos-quartos-de-final-do-faro-open\\\/desporto\\\/19\\\/53\\\/#primaryimage\",\"url\":\"https:\\\/\\\/algarve7.pt\\\/wp-content\\\/uploads\\\/2026\\\/03\\\/Joao-Domingues.jpg\",\"contentUrl\":\"https:\\\/\\\/algarve7.pt\\\/wp-content\\\/uploads\\\/2026\\\/03\\\/Joao-Domingues.jpg\",\"width\":800,\"height\":445},{\"@type\":\"BreadcrumbList\",\"@id\":\"https:\\\/\\\/algarve7.pt\\\/index.php\\\/2026\\\/03\\\/tiago-torres-tiago-cacao-e-joao-domingues-voltam-a-vencer-e-chegam-aos-quartos-de-final-do-faro-open\\\/desporto\\\/19\\\/53\\\/#breadcrumb\",\"itemListElement\":[{\"@type\":\"ListItem\",\"position\":1,\"name\":\"In\u00edcio\",\"item\":\"https:\\\/\\\/algarve7.pt\\\/\"},{\"@type\":\"ListItem\",\"position\":2,\"name\":\"Tiago Torres, Tiago Ca\u00e7\u00e3o e Jo\u00e3o Domingues voltam a vencer e chegam aos quartos de final do Faro Open\"}]},{\"@type\":\"WebSite\",\"@id\":\"https:\\\/\\\/algarve7.pt\\\/#website\",\"url\":\"https:\\\/\\\/algarve7.pt\\\/\",\"name\":\"Algarve 7\",\"description\":\"Informa\u00e7\u00e3o sobre o Algarve\",\"publisher\":{\"@id\":\"https:\\\/\\\/algarve7.pt\\\/#organization\"},\"potentialAction\":[{\"@type\":\"SearchAction\",\"target\":{\"@type\":\"EntryPoint\",\"urlTemplate\":\"https:\\\/\\\/algarve7.pt\\\/?s={search_term_string}\"},\"query-input\":{\"@type\":\"PropertyValueSpecification\",\"valueRequired\":true,\"valueName\":\"search_term_string\"}}],\"inLanguage\":\"pt-PT\"},{\"@type\":\"Organization\",\"@id\":\"https:\\\/\\\/algarve7.pt\\\/#organization\",\"name\":\"Algarve 7\",\"url\":\"https:\\\/\\\/algarve7.pt\\\/\",\"logo\":{\"@type\":\"ImageObject\",\"inLanguage\":\"pt-PT\",\"@id\":\"https:\\\/\\\/algarve7.pt\\\/#\\\/schema\\\/logo\\\/image\\\/\",\"url\":\"https:\\\/\\\/algarve7.pt\\\/wp-content\\\/uploads\\\/2020\\\/10\\\/Logo-8.jpg\",\"contentUrl\":\"https:\\\/\\\/algarve7.pt\\\/wp-content\\\/uploads\\\/2020\\\/10\\\/Logo-8.jpg\",\"width\":1680,\"height\":1186,\"caption\":\"Algarve 7\"},\"image\":{\"@id\":\"https:\\\/\\\/algarve7.pt\\\/#\\\/schema\\\/logo\\\/image\\\/\"},\"sameAs\":[\"https:\\\/\\\/www.facebook.com\\\/algarve7\",\"https:\\\/\\\/x.com\\\/Algarvesete\",\"https:\\\/\\\/www.instagram.com\\\/jornalalgarve7\\\/\",\"https:\\\/\\\/www.linkedin.com\\\/company\\\/algarve7\",\"https:\\\/\\\/www.pinterest.pt\\\/geral0939\\\/_created\\\/\"]},{\"@type\":\"Person\",\"@id\":\"https:\\\/\\\/algarve7.pt\\\/#\\\/schema\\\/person\\\/23fa70681308e7b319a3204bcea45e0c\",\"name\":\"Algarve 7\",\"sameAs\":[\"https:\\\/\\\/algarve7.pt\",\"https:\\\/\\\/www.facebook.com\\\/algarve7\"],\"url\":\"https:\\\/\\\/algarve7.pt\\\/index.php\\\/author\\\/geralalgarve7-pt\\\/\"}]}<\/script>\n<!-- \/ Yoast SEO plugin. -->","yoast_head_json":{"title":"Tiago Torres, Tiago Ca\u00e7\u00e3o e Jo\u00e3o Domingues voltam a vencer e chegam aos quartos de final do Faro Open - Algarve 7","description":"Tiago Torres, Tiago Ca\u00e7\u00e3o e Jo\u00e3o Domingues voltam a vencer e chegam aos quartos de final do Faro Open Desporto","robots":{"index":"index","follow":"follow","max-snippet":"max-snippet:-1","max-image-preview":"max-image-preview:large","max-video-preview":"max-video-preview:-1"},"canonical":"https:\/\/algarve7.pt\/index.php\/2026\/03\/tiago-torres-tiago-cacao-e-joao-domingues-voltam-a-vencer-e-chegam-aos-quartos-de-final-do-faro-open\/desporto\/19\/53\/","og_locale":"pt_PT","og_type":"article","og_title":"Tiago Torres, Tiago Ca\u00e7\u00e3o e Jo\u00e3o Domingues voltam a vencer e chegam aos quartos de final do Faro Open - Algarve 7","og_description":"Tiago Torres, Tiago Ca\u00e7\u00e3o e Jo\u00e3o Domingues voltam a vencer e chegam aos quartos de final do Faro Open Desporto","og_url":"https:\/\/algarve7.pt\/index.php\/2026\/03\/tiago-torres-tiago-cacao-e-joao-domingues-voltam-a-vencer-e-chegam-aos-quartos-de-final-do-faro-open\/desporto\/19\/53\/","og_site_name":"Algarve 7","article_publisher":"https:\/\/www.facebook.com\/algarve7","article_author":"https:\/\/www.facebook.com\/algarve7","article_published_time":"2026-03-05T19:53:31+00:00","article_modified_time":"2026-03-05T19:53:37+00:00","og_image":[{"width":800,"height":445,"url":"https:\/\/algarve7.pt\/wp-content\/uploads\/2026\/03\/Joao-Domingues.jpg","type":"image\/jpeg"}],"author":"Algarve 7","twitter_card":"summary_large_image","twitter_creator":"@Algarvesete","twitter_site":"@Algarvesete","twitter_misc":{"Escrito por":"Algarve 7","Tempo estimado de leitura":"6 minutos"},"schema":{"@context":"https:\/\/schema.org","@graph":[{"@type":"Article","@id":"https:\/\/algarve7.pt\/index.php\/2026\/03\/tiago-torres-tiago-cacao-e-joao-domingues-voltam-a-vencer-e-chegam-aos-quartos-de-final-do-faro-open\/desporto\/19\/53\/#article","isPartOf":{"@id":"https:\/\/algarve7.pt\/index.php\/2026\/03\/tiago-torres-tiago-cacao-e-joao-domingues-voltam-a-vencer-e-chegam-aos-quartos-de-final-do-faro-open\/desporto\/19\/53\/"},"author":{"name":"Algarve 7","@id":"https:\/\/algarve7.pt\/#\/schema\/person\/23fa70681308e7b319a3204bcea45e0c"},"headline":"Tiago Torres, Tiago Ca\u00e7\u00e3o e Jo\u00e3o Domingues voltam a vencer e chegam aos quartos de final do Faro Open","datePublished":"2026-03-05T19:53:31+00:00","dateModified":"2026-03-05T19:53:37+00:00","mainEntityOfPage":{"@id":"https:\/\/algarve7.pt\/index.php\/2026\/03\/tiago-torres-tiago-cacao-e-joao-domingues-voltam-a-vencer-e-chegam-aos-quartos-de-final-do-faro-open\/desporto\/19\/53\/"},"wordCount":1030,"publisher":{"@id":"https:\/\/algarve7.pt\/#organization"},"image":{"@id":"https:\/\/algarve7.pt\/index.php\/2026\/03\/tiago-torres-tiago-cacao-e-joao-domingues-voltam-a-vencer-e-chegam-aos-quartos-de-final-do-faro-open\/desporto\/19\/53\/#primaryimage"},"thumbnailUrl":"https:\/\/algarve7.pt\/wp-content\/uploads\/2026\/03\/Joao-Domingues.jpg","keywords":["Algarve","Desporto","Faro","Faro Open"],"articleSection":["Desporto"],"inLanguage":"pt-PT"},{"@type":"WebPage","@id":"https:\/\/algarve7.pt\/index.php\/2026\/03\/tiago-torres-tiago-cacao-e-joao-domingues-voltam-a-vencer-e-chegam-aos-quartos-de-final-do-faro-open\/desporto\/19\/53\/","url":"https:\/\/algarve7.pt\/index.php\/2026\/03\/tiago-torres-tiago-cacao-e-joao-domingues-voltam-a-vencer-e-chegam-aos-quartos-de-final-do-faro-open\/desporto\/19\/53\/","name":"Tiago Torres, Tiago Ca\u00e7\u00e3o e Jo\u00e3o Domingues voltam a vencer e chegam aos quartos de final do Faro Open - Algarve 7","isPartOf":{"@id":"https:\/\/algarve7.pt\/#website"},"primaryImageOfPage":{"@id":"https:\/\/algarve7.pt\/index.php\/2026\/03\/tiago-torres-tiago-cacao-e-joao-domingues-voltam-a-vencer-e-chegam-aos-quartos-de-final-do-faro-open\/desporto\/19\/53\/#primaryimage"},"image":{"@id":"https:\/\/algarve7.pt\/index.php\/2026\/03\/tiago-torres-tiago-cacao-e-joao-domingues-voltam-a-vencer-e-chegam-aos-quartos-de-final-do-faro-open\/desporto\/19\/53\/#primaryimage"},"thumbnailUrl":"https:\/\/algarve7.pt\/wp-content\/uploads\/2026\/03\/Joao-Domingues.jpg","datePublished":"2026-03-05T19:53:31+00:00","dateModified":"2026-03-05T19:53:37+00:00","description":"Tiago Torres, Tiago Ca\u00e7\u00e3o e Jo\u00e3o Domingues voltam a vencer e chegam aos quartos de final do Faro Open Desporto","breadcrumb":{"@id":"https:\/\/algarve7.pt\/index.php\/2026\/03\/tiago-torres-tiago-cacao-e-joao-domingues-voltam-a-vencer-e-chegam-aos-quartos-de-final-do-faro-open\/desporto\/19\/53\/#breadcrumb"},"inLanguage":"pt-PT","potentialAction":[{"@type":"ReadAction","target":["https:\/\/algarve7.pt\/index.php\/2026\/03\/tiago-torres-tiago-cacao-e-joao-domingues-voltam-a-vencer-e-chegam-aos-quartos-de-final-do-faro-open\/desporto\/19\/53\/"]}]},{"@type":"ImageObject","inLanguage":"pt-PT","@id":"https:\/\/algarve7.pt\/index.php\/2026\/03\/tiago-torres-tiago-cacao-e-joao-domingues-voltam-a-vencer-e-chegam-aos-quartos-de-final-do-faro-open\/desporto\/19\/53\/#primaryimage","url":"https:\/\/algarve7.pt\/wp-content\/uploads\/2026\/03\/Joao-Domingues.jpg","contentUrl":"https:\/\/algarve7.pt\/wp-content\/uploads\/2026\/03\/Joao-Domingues.jpg","width":800,"height":445},{"@type":"BreadcrumbList","@id":"https:\/\/algarve7.pt\/index.php\/2026\/03\/tiago-torres-tiago-cacao-e-joao-domingues-voltam-a-vencer-e-chegam-aos-quartos-de-final-do-faro-open\/desporto\/19\/53\/#breadcrumb","itemListElement":[{"@type":"ListItem","position":1,"name":"In\u00edcio","item":"https:\/\/algarve7.pt\/"},{"@type":"ListItem","position":2,"name":"Tiago Torres, Tiago Ca\u00e7\u00e3o e Jo\u00e3o Domingues voltam a vencer e chegam aos quartos de final do Faro Open"}]},{"@type":"WebSite","@id":"https:\/\/algarve7.pt\/#website","url":"https:\/\/algarve7.pt\/","name":"Algarve 7","description":"Informa\u00e7\u00e3o sobre o Algarve","publisher":{"@id":"https:\/\/algarve7.pt\/#organization"},"potentialAction":[{"@type":"SearchAction","target":{"@type":"EntryPoint","urlTemplate":"https:\/\/algarve7.pt\/?s={search_term_string}"},"query-input":{"@type":"PropertyValueSpecification","valueRequired":true,"valueName":"search_term_string"}}],"inLanguage":"pt-PT"},{"@type":"Organization","@id":"https:\/\/algarve7.pt\/#organization","name":"Algarve 7","url":"https:\/\/algarve7.pt\/","logo":{"@type":"ImageObject","inLanguage":"pt-PT","@id":"https:\/\/algarve7.pt\/#\/schema\/logo\/image\/","url":"https:\/\/algarve7.pt\/wp-content\/uploads\/2020\/10\/Logo-8.jpg","contentUrl":"https:\/\/algarve7.pt\/wp-content\/uploads\/2020\/10\/Logo-8.jpg","width":1680,"height":1186,"caption":"Algarve 7"},"image":{"@id":"https:\/\/algarve7.pt\/#\/schema\/logo\/image\/"},"sameAs":["https:\/\/www.facebook.com\/algarve7","https:\/\/x.com\/Algarvesete","https:\/\/www.instagram.com\/jornalalgarve7\/","https:\/\/www.linkedin.com\/company\/algarve7","https:\/\/www.pinterest.pt\/geral0939\/_created\/"]},{"@type":"Person","@id":"https:\/\/algarve7.pt\/#\/schema\/person\/23fa70681308e7b319a3204bcea45e0c","name":"Algarve 7","sameAs":["https:\/\/algarve7.pt","https:\/\/www.facebook.com\/algarve7"],"url":"https:\/\/algarve7.pt\/index.php\/author\/geralalgarve7-pt\/"}]}},"jetpack_publicize_connections":[],"jetpack_featured_media_url":"https:\/\/algarve7.pt\/wp-content\/uploads\/2026\/03\/Joao-Domingues.jpg","jetpack_shortlink":"https:\/\/wp.me\/pcezmW-fug","jetpack_sharing_enabled":true,"_links":{"self":[{"href":"https:\/\/algarve7.pt\/index.php\/wp-json\/wp\/v2\/posts\/59536","targetHints":{"allow":["GET"]}}],"collection":[{"href":"https:\/\/algarve7.pt\/index.php\/wp-json\/wp\/v2\/posts"}],"about":[{"href":"https:\/\/algarve7.pt\/index.php\/wp-json\/wp\/v2\/types\/post"}],"author":[{"embeddable":true,"href":"https:\/\/algarve7.pt\/index.php\/wp-json\/wp\/v2\/users\/1"}],"replies":[{"embeddable":true,"href":"https:\/\/algarve7.pt\/index.php\/wp-json\/wp\/v2\/comments?post=59536"}],"version-history":[{"count":0,"href":"https:\/\/algarve7.pt\/index.php\/wp-json\/wp\/v2\/posts\/59536\/revisions"}],"wp:featuredmedia":[{"embeddable":true,"href":"https:\/\/algarve7.pt\/index.php\/wp-json\/wp\/v2\/media\/59537"}],"wp:attachment":[{"href":"https:\/\/algarve7.pt\/index.php\/wp-json\/wp\/v2\/media?parent=59536"}],"wp:term":[{"taxonomy":"category","embeddable":true,"href":"https:\/\/algarve7.pt\/index.php\/wp-json\/wp\/v2\/categories?post=59536"},{"taxonomy":"post_tag","embeddable":true,"href":"https:\/\/algarve7.pt\/index.php\/wp-json\/wp\/v2\/tags?post=59536"}],"curies":[{"name":"wp","href":"https:\/\/api.w.org\/{rel}","templated":true}]}}