{"id":59490,"date":"2026-03-06T08:15:00","date_gmt":"2026-03-06T08:15:00","guid":{"rendered":"https:\/\/algarve7.pt\/?p=59490"},"modified":"2026-03-05T15:16:16","modified_gmt":"2026-03-05T15:16:16","slug":"salvar-a-arte-xavega-tradicional-da-meia-praia","status":"publish","type":"post","link":"https:\/\/algarve7.pt\/index.php\/2026\/03\/salvar-a-arte-xavega-tradicional-da-meia-praia\/cultura\/08\/15\/","title":{"rendered":"Salvar a Arte X\u00e1vega Tradicional da Meia Praia"},"content":{"rendered":"\n<p>No final de 2025 chegava a triste not\u00edcia do falecimento de Jos\u00e9 da Gl\u00f3ria Santos, mais conhecido como Z\u00e9 Bala, figura \u00edmpar da Arte X\u00e1vega da Meia Praia, considerada patrim\u00f3nio vivo da comunidade lacobrigense. Para que tal pr\u00e1tica n\u00e3o morra com o guardi\u00e3o desta tradi\u00e7\u00e3o, a C\u00e2mara Municipal de Lagos aprovou, ontem, a minuta do protocolo de colabora\u00e7\u00e3o, a estabelecer com a Associa\u00e7\u00e3o de Moradores 1.\u00ba de Maio, para a dinamiza\u00e7\u00e3o da atividade da Arte X\u00e1vega Tradicional, agora j\u00e1 n\u00e3o como atividade econ\u00f3mica privada, mas como manifesta\u00e7\u00e3o cultural.<\/p>\n\n\n\n<p>Jos\u00e9 da Gl\u00f3ria Santos dedicou a sua vida ao mar e \u00e0 preserva\u00e7\u00e3o de uma pr\u00e1tica ancestral, n\u00e3o por retorno material, mas por amor \u00e0 cultura, \u00e0 partilha intergeracional e ao esp\u00edrito comunit\u00e1rio que a Arte X\u00e1vega representa. O seu contributo foi determinante para manter viva uma heran\u00e7a coletiva que hoje faz parte da identidade lacobrigense. Por isso, ao apresentar a proposta em reuni\u00e3o de c\u00e2mara, o presidente da autarquia defendeu o estabelecimento desta parceria como um tributo que a comunidade lhe presta: \u201c<em>Temos de garantir que a Arte X\u00e1vega n\u00e3o morreu com o Jos\u00e9 Bala. Em sua mem\u00f3ria \u00e9 muito importante continuar, pelo que com este protocolo ficam reunidas as condi\u00e7\u00f5es para que tal aconte\u00e7a<\/em>\u201d. Uma posi\u00e7\u00e3o secundada por toda a verea\u00e7\u00e3o, que apoiou e votou favor\u00e1vel e unanimemente a proposta.<\/p>\n\n\n\n<p>O apoio do munic\u00edpio \u00e0 prote\u00e7\u00e3o da Arte X\u00e1vega Tradicional da Meia Praia n\u00e3o \u00e9 de agora. Remonta a 2019 o processo do pedido de inclus\u00e3o desta pr\u00e1tica na\u00a0Matriz PCI do Invent\u00e1rio Nacional do Patrim\u00f3nio Cultural Imaterial. Nesse \u00e2mbito foi realizado &#8211; por t\u00e9cnicos municipais, com o apoio de servi\u00e7os externos especializados &#8211; o levantamento e sistematiza\u00e7\u00e3o dos diversos aspetos associados \u00e0 pr\u00e1tica e um estudo de natureza hist\u00f3rica e antropol\u00f3gica, incluindo registos audiovisuais e fotogr\u00e1ficos. A interrup\u00e7\u00e3o da atividade, motivada por avarias na embarca\u00e7\u00e3o, assim como pelo decl\u00ednio do estado de sa\u00fade do arrais e propriet\u00e1rio da arte, fizeram com que este processo de inscri\u00e7\u00e3o n\u00e3o tivesse sido conclu\u00eddo. As exig\u00eancias legais aplic\u00e1veis a esta arte piscat\u00f3ria tradicional tamb\u00e9m n\u00e3o facilitaram a sua sobreviv\u00eancia, j\u00e1 que a emiss\u00e3o da licen\u00e7a de pesca estava dependente, entre outros aspetos, do cumprimento de um valor m\u00ednimo de vendagem de pescado em lota, o qual dificilmente era atingido, j\u00e1 que a atividade era feita por carolice, mais do que com intuito econ\u00f3mico.<\/p>\n\n\n\n<p>Empenhados em preservar este saber tradicional, munic\u00edpio e Associa\u00e7\u00e3o 1.\u00ba de Maio, com a orienta\u00e7\u00e3o da Dire\u00e7\u00e3o-Geral de Recursos Naturais, Seguran\u00e7a e Servi\u00e7os Mar\u00edtimos (DGRM) e o apoio da Autoridade Mar\u00edtima Nacional, na pessoa do Capit\u00e3o do Porto de Lagos, que assumiu um importante papel de interlocu\u00e7\u00e3o ao longo do processo, decidiram avan\u00e7ar com um modelo de parceria que passa a enquadrar a faina como manifesta\u00e7\u00e3o cultural epis\u00f3dica. A Associa\u00e7\u00e3o 1.\u00ba de Maio, que tem no seu seio arrais de pesca mar\u00edtima, entre os quais familiares de Z\u00e9 Bala, compromete-se a organizar as atividades de recria\u00e7\u00e3o da faina piscat\u00f3ria de car\u00e1cter hist\u00f3rico e tradicional, realizando, anualmente, pelo menos nove lances de pesca com a Arte X\u00e1vega, preferencialmente aos s\u00e1bados de manh\u00e3, condicionados \u00e0 autoriza\u00e7\u00e3o pr\u00e9via da DGRM, \u00e0s condi\u00e7\u00f5es meteorol\u00f3gicas e ao estado do mar. Por seu turno, o munic\u00edpio avan\u00e7a com o apoio financeiro necess\u00e1rio para cobrir as despesas relativas \u00e0 operacionalidade da arte e garante o espa\u00e7o de praia necess\u00e1rio \u00e0 log\u00edstica da atividade.&nbsp;<\/p>\n\n\n\n<p>O objetivo, partilhado por todas as entidades envolvidas, \u00e9 preservar e valorizar a Arte X\u00e1vega Tradicional (isto \u00e9, aquela que \u00e9 praticada sem recurso a meios mec\u00e2nicos) como manifesta\u00e7\u00e3o do patrim\u00f3nio cultural mar\u00edtimo e comunit\u00e1rio lacobrigense. Uma pr\u00e1tica que acaba por promover a coes\u00e3o social, o sentimento de perten\u00e7a coletiva, a identidade local e, simultaneamente, contribuir para o enriquecimento da oferta hist\u00f3rica e cultural do concelho num territ\u00f3rio com forte voca\u00e7\u00e3o tur\u00edstica, como \u00e9 Lagos.<\/p>\n\n\n\n<ul class=\"wp-block-list\">\n<li>Arte X\u00e1vega &#8211; pesca de arrasto que executa um cerco e varre o fundo arenoso. A rede, largada pela lancha, fica ligada a terra pelos cabos e \u00e9, depois, puxada para a praia, capturando o peixe que se encontra dentro do cerco. Esta arte, realizada na Meia Praia, em Lagos, \u00e9 a \u00fanica x\u00e1vega do pa\u00eds que usa a for\u00e7a bra\u00e7al.<\/li>\n<\/ul>\n","protected":false},"excerpt":{"rendered":"<p>No final de 2025 chegava a triste not\u00edcia do falecimento de Jos\u00e9 da Gl\u00f3ria Santos, mais conhecido como Z\u00e9 Bala,<\/p>\n","protected":false},"author":1,"featured_media":59491,"comment_status":"closed","ping_status":"closed","sticky":false,"template":"","format":"standard","meta":{"colormag_page_container_layout":"default_layout","colormag_page_sidebar_layout":"default_layout","_monsterinsights_skip_tracking":false,"_monsterinsights_sitenote_active":false,"_monsterinsights_sitenote_note":"","_monsterinsights_sitenote_category":0,"jetpack_post_was_ever_published":false,"_jetpack_newsletter_access":"","_jetpack_dont_email_post_to_subs":false,"_jetpack_newsletter_tier_id":0,"_jetpack_memberships_contains_paywalled_content":false,"_jetpack_memberships_contains_paid_content":false,"footnotes":"","jetpack_publicize_message":"","jetpack_publicize_feature_enabled":true,"jetpack_social_post_already_shared":true,"jetpack_social_options":{"image_generator_settings":{"template":"highway","default_image_id":0,"font":"","enabled":false},"version":2}},"categories":[14],"tags":[36,35,68],"class_list":["post-59490","post","type-post","status-publish","format-standard","has-post-thumbnail","hentry","category-cultura","tag-algarve","tag-cultura","tag-lagos"],"yoast_head":"<!-- This site is optimized with the Yoast SEO plugin v27.5 - https:\/\/yoast.com\/product\/yoast-seo-wordpress\/ -->\n<title>Salvar a Arte X\u00e1vega Tradicional da Meia Praia - Algarve 7<\/title>\n<meta name=\"description\" content=\"Salvar a Arte X\u00e1vega Tradicional da Meia Praia Cultura\" \/>\n<meta name=\"robots\" content=\"index, follow, max-snippet:-1, max-image-preview:large, max-video-preview:-1\" \/>\n<link rel=\"canonical\" href=\"https:\/\/algarve7.pt\/index.php\/2026\/03\/salvar-a-arte-xavega-tradicional-da-meia-praia\/cultura\/08\/15\/\" \/>\n<meta property=\"og:locale\" content=\"pt_PT\" \/>\n<meta property=\"og:type\" content=\"article\" \/>\n<meta property=\"og:title\" content=\"Salvar a Arte X\u00e1vega Tradicional da Meia Praia - Algarve 7\" \/>\n<meta property=\"og:description\" content=\"Salvar a Arte X\u00e1vega Tradicional da Meia Praia Cultura\" \/>\n<meta property=\"og:url\" content=\"https:\/\/algarve7.pt\/index.php\/2026\/03\/salvar-a-arte-xavega-tradicional-da-meia-praia\/cultura\/08\/15\/\" \/>\n<meta property=\"og:site_name\" content=\"Algarve 7\" \/>\n<meta property=\"article:publisher\" content=\"https:\/\/www.facebook.com\/algarve7\" \/>\n<meta property=\"article:author\" content=\"https:\/\/www.facebook.com\/algarve7\" \/>\n<meta property=\"article:published_time\" content=\"2026-03-06T08:15:00+00:00\" \/>\n<meta property=\"og:image\" content=\"https:\/\/algarve7.pt\/wp-content\/uploads\/2026\/03\/xavega-5Mai-3.jpg\" \/>\n\t<meta property=\"og:image:width\" content=\"800\" \/>\n\t<meta property=\"og:image:height\" content=\"445\" \/>\n\t<meta property=\"og:image:type\" content=\"image\/jpeg\" \/>\n<meta name=\"author\" content=\"Algarve 7\" \/>\n<meta name=\"twitter:card\" content=\"summary_large_image\" \/>\n<meta name=\"twitter:creator\" content=\"@Algarvesete\" \/>\n<meta name=\"twitter:site\" content=\"@Algarvesete\" \/>\n<meta name=\"twitter:label1\" content=\"Escrito por\" \/>\n\t<meta name=\"twitter:data1\" content=\"Algarve 7\" \/>\n\t<meta name=\"twitter:label2\" content=\"Tempo estimado de leitura\" \/>\n\t<meta name=\"twitter:data2\" content=\"5 minutos\" \/>\n<script type=\"application\/ld+json\" class=\"yoast-schema-graph\">{\"@context\":\"https:\\\/\\\/schema.org\",\"@graph\":[{\"@type\":\"Article\",\"@id\":\"https:\\\/\\\/algarve7.pt\\\/index.php\\\/2026\\\/03\\\/salvar-a-arte-xavega-tradicional-da-meia-praia\\\/cultura\\\/08\\\/15\\\/#article\",\"isPartOf\":{\"@id\":\"https:\\\/\\\/algarve7.pt\\\/index.php\\\/2026\\\/03\\\/salvar-a-arte-xavega-tradicional-da-meia-praia\\\/cultura\\\/08\\\/15\\\/\"},\"author\":{\"name\":\"Algarve 7\",\"@id\":\"https:\\\/\\\/algarve7.pt\\\/#\\\/schema\\\/person\\\/23fa70681308e7b319a3204bcea45e0c\"},\"headline\":\"Salvar a Arte X\u00e1vega Tradicional da Meia Praia\",\"datePublished\":\"2026-03-06T08:15:00+00:00\",\"mainEntityOfPage\":{\"@id\":\"https:\\\/\\\/algarve7.pt\\\/index.php\\\/2026\\\/03\\\/salvar-a-arte-xavega-tradicional-da-meia-praia\\\/cultura\\\/08\\\/15\\\/\"},\"wordCount\":797,\"publisher\":{\"@id\":\"https:\\\/\\\/algarve7.pt\\\/#organization\"},\"image\":{\"@id\":\"https:\\\/\\\/algarve7.pt\\\/index.php\\\/2026\\\/03\\\/salvar-a-arte-xavega-tradicional-da-meia-praia\\\/cultura\\\/08\\\/15\\\/#primaryimage\"},\"thumbnailUrl\":\"https:\\\/\\\/algarve7.pt\\\/wp-content\\\/uploads\\\/2026\\\/03\\\/xavega-5Mai-3.jpg\",\"keywords\":[\"Algarve\",\"Cultura\",\"Lagos\"],\"articleSection\":[\"Cultura\"],\"inLanguage\":\"pt-PT\"},{\"@type\":\"WebPage\",\"@id\":\"https:\\\/\\\/algarve7.pt\\\/index.php\\\/2026\\\/03\\\/salvar-a-arte-xavega-tradicional-da-meia-praia\\\/cultura\\\/08\\\/15\\\/\",\"url\":\"https:\\\/\\\/algarve7.pt\\\/index.php\\\/2026\\\/03\\\/salvar-a-arte-xavega-tradicional-da-meia-praia\\\/cultura\\\/08\\\/15\\\/\",\"name\":\"Salvar a Arte X\u00e1vega Tradicional da Meia Praia - Algarve 7\",\"isPartOf\":{\"@id\":\"https:\\\/\\\/algarve7.pt\\\/#website\"},\"primaryImageOfPage\":{\"@id\":\"https:\\\/\\\/algarve7.pt\\\/index.php\\\/2026\\\/03\\\/salvar-a-arte-xavega-tradicional-da-meia-praia\\\/cultura\\\/08\\\/15\\\/#primaryimage\"},\"image\":{\"@id\":\"https:\\\/\\\/algarve7.pt\\\/index.php\\\/2026\\\/03\\\/salvar-a-arte-xavega-tradicional-da-meia-praia\\\/cultura\\\/08\\\/15\\\/#primaryimage\"},\"thumbnailUrl\":\"https:\\\/\\\/algarve7.pt\\\/wp-content\\\/uploads\\\/2026\\\/03\\\/xavega-5Mai-3.jpg\",\"datePublished\":\"2026-03-06T08:15:00+00:00\",\"description\":\"Salvar a Arte X\u00e1vega Tradicional da Meia Praia Cultura\",\"breadcrumb\":{\"@id\":\"https:\\\/\\\/algarve7.pt\\\/index.php\\\/2026\\\/03\\\/salvar-a-arte-xavega-tradicional-da-meia-praia\\\/cultura\\\/08\\\/15\\\/#breadcrumb\"},\"inLanguage\":\"pt-PT\",\"potentialAction\":[{\"@type\":\"ReadAction\",\"target\":[\"https:\\\/\\\/algarve7.pt\\\/index.php\\\/2026\\\/03\\\/salvar-a-arte-xavega-tradicional-da-meia-praia\\\/cultura\\\/08\\\/15\\\/\"]}]},{\"@type\":\"ImageObject\",\"inLanguage\":\"pt-PT\",\"@id\":\"https:\\\/\\\/algarve7.pt\\\/index.php\\\/2026\\\/03\\\/salvar-a-arte-xavega-tradicional-da-meia-praia\\\/cultura\\\/08\\\/15\\\/#primaryimage\",\"url\":\"https:\\\/\\\/algarve7.pt\\\/wp-content\\\/uploads\\\/2026\\\/03\\\/xavega-5Mai-3.jpg\",\"contentUrl\":\"https:\\\/\\\/algarve7.pt\\\/wp-content\\\/uploads\\\/2026\\\/03\\\/xavega-5Mai-3.jpg\",\"width\":800,\"height\":445},{\"@type\":\"BreadcrumbList\",\"@id\":\"https:\\\/\\\/algarve7.pt\\\/index.php\\\/2026\\\/03\\\/salvar-a-arte-xavega-tradicional-da-meia-praia\\\/cultura\\\/08\\\/15\\\/#breadcrumb\",\"itemListElement\":[{\"@type\":\"ListItem\",\"position\":1,\"name\":\"In\u00edcio\",\"item\":\"https:\\\/\\\/algarve7.pt\\\/\"},{\"@type\":\"ListItem\",\"position\":2,\"name\":\"Salvar a Arte X\u00e1vega Tradicional da Meia Praia\"}]},{\"@type\":\"WebSite\",\"@id\":\"https:\\\/\\\/algarve7.pt\\\/#website\",\"url\":\"https:\\\/\\\/algarve7.pt\\\/\",\"name\":\"Algarve 7\",\"description\":\"Informa\u00e7\u00e3o sobre o Algarve\",\"publisher\":{\"@id\":\"https:\\\/\\\/algarve7.pt\\\/#organization\"},\"potentialAction\":[{\"@type\":\"SearchAction\",\"target\":{\"@type\":\"EntryPoint\",\"urlTemplate\":\"https:\\\/\\\/algarve7.pt\\\/?s={search_term_string}\"},\"query-input\":{\"@type\":\"PropertyValueSpecification\",\"valueRequired\":true,\"valueName\":\"search_term_string\"}}],\"inLanguage\":\"pt-PT\"},{\"@type\":\"Organization\",\"@id\":\"https:\\\/\\\/algarve7.pt\\\/#organization\",\"name\":\"Algarve 7\",\"url\":\"https:\\\/\\\/algarve7.pt\\\/\",\"logo\":{\"@type\":\"ImageObject\",\"inLanguage\":\"pt-PT\",\"@id\":\"https:\\\/\\\/algarve7.pt\\\/#\\\/schema\\\/logo\\\/image\\\/\",\"url\":\"https:\\\/\\\/algarve7.pt\\\/wp-content\\\/uploads\\\/2020\\\/10\\\/Logo-8.jpg\",\"contentUrl\":\"https:\\\/\\\/algarve7.pt\\\/wp-content\\\/uploads\\\/2020\\\/10\\\/Logo-8.jpg\",\"width\":1680,\"height\":1186,\"caption\":\"Algarve 7\"},\"image\":{\"@id\":\"https:\\\/\\\/algarve7.pt\\\/#\\\/schema\\\/logo\\\/image\\\/\"},\"sameAs\":[\"https:\\\/\\\/www.facebook.com\\\/algarve7\",\"https:\\\/\\\/x.com\\\/Algarvesete\",\"https:\\\/\\\/www.instagram.com\\\/jornalalgarve7\\\/\",\"https:\\\/\\\/www.linkedin.com\\\/company\\\/algarve7\",\"https:\\\/\\\/www.pinterest.pt\\\/geral0939\\\/_created\\\/\"]},{\"@type\":\"Person\",\"@id\":\"https:\\\/\\\/algarve7.pt\\\/#\\\/schema\\\/person\\\/23fa70681308e7b319a3204bcea45e0c\",\"name\":\"Algarve 7\",\"sameAs\":[\"https:\\\/\\\/algarve7.pt\",\"https:\\\/\\\/www.facebook.com\\\/algarve7\"],\"url\":\"https:\\\/\\\/algarve7.pt\\\/index.php\\\/author\\\/geralalgarve7-pt\\\/\"}]}<\/script>\n<!-- \/ Yoast SEO plugin. -->","yoast_head_json":{"title":"Salvar a Arte X\u00e1vega Tradicional da Meia Praia - Algarve 7","description":"Salvar a Arte X\u00e1vega Tradicional da Meia Praia Cultura","robots":{"index":"index","follow":"follow","max-snippet":"max-snippet:-1","max-image-preview":"max-image-preview:large","max-video-preview":"max-video-preview:-1"},"canonical":"https:\/\/algarve7.pt\/index.php\/2026\/03\/salvar-a-arte-xavega-tradicional-da-meia-praia\/cultura\/08\/15\/","og_locale":"pt_PT","og_type":"article","og_title":"Salvar a Arte X\u00e1vega Tradicional da Meia Praia - Algarve 7","og_description":"Salvar a Arte X\u00e1vega Tradicional da Meia Praia Cultura","og_url":"https:\/\/algarve7.pt\/index.php\/2026\/03\/salvar-a-arte-xavega-tradicional-da-meia-praia\/cultura\/08\/15\/","og_site_name":"Algarve 7","article_publisher":"https:\/\/www.facebook.com\/algarve7","article_author":"https:\/\/www.facebook.com\/algarve7","article_published_time":"2026-03-06T08:15:00+00:00","og_image":[{"width":800,"height":445,"url":"https:\/\/algarve7.pt\/wp-content\/uploads\/2026\/03\/xavega-5Mai-3.jpg","type":"image\/jpeg"}],"author":"Algarve 7","twitter_card":"summary_large_image","twitter_creator":"@Algarvesete","twitter_site":"@Algarvesete","twitter_misc":{"Escrito por":"Algarve 7","Tempo estimado de leitura":"5 minutos"},"schema":{"@context":"https:\/\/schema.org","@graph":[{"@type":"Article","@id":"https:\/\/algarve7.pt\/index.php\/2026\/03\/salvar-a-arte-xavega-tradicional-da-meia-praia\/cultura\/08\/15\/#article","isPartOf":{"@id":"https:\/\/algarve7.pt\/index.php\/2026\/03\/salvar-a-arte-xavega-tradicional-da-meia-praia\/cultura\/08\/15\/"},"author":{"name":"Algarve 7","@id":"https:\/\/algarve7.pt\/#\/schema\/person\/23fa70681308e7b319a3204bcea45e0c"},"headline":"Salvar a Arte X\u00e1vega Tradicional da Meia Praia","datePublished":"2026-03-06T08:15:00+00:00","mainEntityOfPage":{"@id":"https:\/\/algarve7.pt\/index.php\/2026\/03\/salvar-a-arte-xavega-tradicional-da-meia-praia\/cultura\/08\/15\/"},"wordCount":797,"publisher":{"@id":"https:\/\/algarve7.pt\/#organization"},"image":{"@id":"https:\/\/algarve7.pt\/index.php\/2026\/03\/salvar-a-arte-xavega-tradicional-da-meia-praia\/cultura\/08\/15\/#primaryimage"},"thumbnailUrl":"https:\/\/algarve7.pt\/wp-content\/uploads\/2026\/03\/xavega-5Mai-3.jpg","keywords":["Algarve","Cultura","Lagos"],"articleSection":["Cultura"],"inLanguage":"pt-PT"},{"@type":"WebPage","@id":"https:\/\/algarve7.pt\/index.php\/2026\/03\/salvar-a-arte-xavega-tradicional-da-meia-praia\/cultura\/08\/15\/","url":"https:\/\/algarve7.pt\/index.php\/2026\/03\/salvar-a-arte-xavega-tradicional-da-meia-praia\/cultura\/08\/15\/","name":"Salvar a Arte X\u00e1vega Tradicional da Meia Praia - Algarve 7","isPartOf":{"@id":"https:\/\/algarve7.pt\/#website"},"primaryImageOfPage":{"@id":"https:\/\/algarve7.pt\/index.php\/2026\/03\/salvar-a-arte-xavega-tradicional-da-meia-praia\/cultura\/08\/15\/#primaryimage"},"image":{"@id":"https:\/\/algarve7.pt\/index.php\/2026\/03\/salvar-a-arte-xavega-tradicional-da-meia-praia\/cultura\/08\/15\/#primaryimage"},"thumbnailUrl":"https:\/\/algarve7.pt\/wp-content\/uploads\/2026\/03\/xavega-5Mai-3.jpg","datePublished":"2026-03-06T08:15:00+00:00","description":"Salvar a Arte X\u00e1vega Tradicional da Meia Praia Cultura","breadcrumb":{"@id":"https:\/\/algarve7.pt\/index.php\/2026\/03\/salvar-a-arte-xavega-tradicional-da-meia-praia\/cultura\/08\/15\/#breadcrumb"},"inLanguage":"pt-PT","potentialAction":[{"@type":"ReadAction","target":["https:\/\/algarve7.pt\/index.php\/2026\/03\/salvar-a-arte-xavega-tradicional-da-meia-praia\/cultura\/08\/15\/"]}]},{"@type":"ImageObject","inLanguage":"pt-PT","@id":"https:\/\/algarve7.pt\/index.php\/2026\/03\/salvar-a-arte-xavega-tradicional-da-meia-praia\/cultura\/08\/15\/#primaryimage","url":"https:\/\/algarve7.pt\/wp-content\/uploads\/2026\/03\/xavega-5Mai-3.jpg","contentUrl":"https:\/\/algarve7.pt\/wp-content\/uploads\/2026\/03\/xavega-5Mai-3.jpg","width":800,"height":445},{"@type":"BreadcrumbList","@id":"https:\/\/algarve7.pt\/index.php\/2026\/03\/salvar-a-arte-xavega-tradicional-da-meia-praia\/cultura\/08\/15\/#breadcrumb","itemListElement":[{"@type":"ListItem","position":1,"name":"In\u00edcio","item":"https:\/\/algarve7.pt\/"},{"@type":"ListItem","position":2,"name":"Salvar a Arte X\u00e1vega Tradicional da Meia Praia"}]},{"@type":"WebSite","@id":"https:\/\/algarve7.pt\/#website","url":"https:\/\/algarve7.pt\/","name":"Algarve 7","description":"Informa\u00e7\u00e3o sobre o Algarve","publisher":{"@id":"https:\/\/algarve7.pt\/#organization"},"potentialAction":[{"@type":"SearchAction","target":{"@type":"EntryPoint","urlTemplate":"https:\/\/algarve7.pt\/?s={search_term_string}"},"query-input":{"@type":"PropertyValueSpecification","valueRequired":true,"valueName":"search_term_string"}}],"inLanguage":"pt-PT"},{"@type":"Organization","@id":"https:\/\/algarve7.pt\/#organization","name":"Algarve 7","url":"https:\/\/algarve7.pt\/","logo":{"@type":"ImageObject","inLanguage":"pt-PT","@id":"https:\/\/algarve7.pt\/#\/schema\/logo\/image\/","url":"https:\/\/algarve7.pt\/wp-content\/uploads\/2020\/10\/Logo-8.jpg","contentUrl":"https:\/\/algarve7.pt\/wp-content\/uploads\/2020\/10\/Logo-8.jpg","width":1680,"height":1186,"caption":"Algarve 7"},"image":{"@id":"https:\/\/algarve7.pt\/#\/schema\/logo\/image\/"},"sameAs":["https:\/\/www.facebook.com\/algarve7","https:\/\/x.com\/Algarvesete","https:\/\/www.instagram.com\/jornalalgarve7\/","https:\/\/www.linkedin.com\/company\/algarve7","https:\/\/www.pinterest.pt\/geral0939\/_created\/"]},{"@type":"Person","@id":"https:\/\/algarve7.pt\/#\/schema\/person\/23fa70681308e7b319a3204bcea45e0c","name":"Algarve 7","sameAs":["https:\/\/algarve7.pt","https:\/\/www.facebook.com\/algarve7"],"url":"https:\/\/algarve7.pt\/index.php\/author\/geralalgarve7-pt\/"}]}},"jetpack_publicize_connections":[],"jetpack_featured_media_url":"https:\/\/algarve7.pt\/wp-content\/uploads\/2026\/03\/xavega-5Mai-3.jpg","jetpack_shortlink":"https:\/\/wp.me\/pcezmW-ftw","jetpack_sharing_enabled":true,"_links":{"self":[{"href":"https:\/\/algarve7.pt\/index.php\/wp-json\/wp\/v2\/posts\/59490","targetHints":{"allow":["GET"]}}],"collection":[{"href":"https:\/\/algarve7.pt\/index.php\/wp-json\/wp\/v2\/posts"}],"about":[{"href":"https:\/\/algarve7.pt\/index.php\/wp-json\/wp\/v2\/types\/post"}],"author":[{"embeddable":true,"href":"https:\/\/algarve7.pt\/index.php\/wp-json\/wp\/v2\/users\/1"}],"replies":[{"embeddable":true,"href":"https:\/\/algarve7.pt\/index.php\/wp-json\/wp\/v2\/comments?post=59490"}],"version-history":[{"count":0,"href":"https:\/\/algarve7.pt\/index.php\/wp-json\/wp\/v2\/posts\/59490\/revisions"}],"wp:featuredmedia":[{"embeddable":true,"href":"https:\/\/algarve7.pt\/index.php\/wp-json\/wp\/v2\/media\/59491"}],"wp:attachment":[{"href":"https:\/\/algarve7.pt\/index.php\/wp-json\/wp\/v2\/media?parent=59490"}],"wp:term":[{"taxonomy":"category","embeddable":true,"href":"https:\/\/algarve7.pt\/index.php\/wp-json\/wp\/v2\/categories?post=59490"},{"taxonomy":"post_tag","embeddable":true,"href":"https:\/\/algarve7.pt\/index.php\/wp-json\/wp\/v2\/tags?post=59490"}],"curies":[{"name":"wp","href":"https:\/\/api.w.org\/{rel}","templated":true}]}}