{"id":59419,"date":"2026-03-05T08:15:00","date_gmt":"2026-03-05T08:15:00","guid":{"rendered":"https:\/\/algarve7.pt\/?p=59419"},"modified":"2026-03-04T17:33:01","modified_gmt":"2026-03-04T17:33:01","slug":"parque-de-estacionamento-rocha-prime-passa-a-funcionar-24h-por-dia-durante-todo-o-ano","status":"publish","type":"post","link":"https:\/\/algarve7.pt\/index.php\/2026\/03\/parque-de-estacionamento-rocha-prime-passa-a-funcionar-24h-por-dia-durante-todo-o-ano\/atualidade\/08\/15\/","title":{"rendered":"Parque de Estacionamento Rocha Prime passa a funcionar 24H por dia durante todo o ano"},"content":{"rendered":"\n<p>O Parque de Estacionamento subterr\u00e2neo Rocha Prime, localizado na Praia da Rocha, encontra-se a funcionar 24 horas por dia, 7 dias por semana, ao longo de todo o ano.<\/p>\n\n\n\n<p>Ao contr\u00e1rio dos anos anteriores, em que o parque tinha per\u00edodos e hor\u00e1rios de funcionamento espec\u00edficos, este espa\u00e7o encontra-se agora permanentemente dispon\u00edvel, refor\u00e7ando o compromisso com a qualidade do servi\u00e7o, a seguran\u00e7a e a conveni\u00eancia para os utilizadores.<\/p>\n\n\n\n<p>Com 272 lugares, distribu\u00eddos por tr\u00eas pisos, o parque oferece uma solu\u00e7\u00e3o ampla, c\u00f3moda e acess\u00edvel para residentes, visitantes e utilizadores regulares da zona da Praia da Rocha. O espa\u00e7o disp\u00f5e ainda de vigil\u00e2ncia humana permanente, garantindo elevados padr\u00f5es de seguran\u00e7a e tranquilidade a todos os clientes.<\/p>\n\n\n\n<p>Para mais informa\u00e7\u00f5es sobre tarif\u00e1rios e aven\u00e7as, os interessados podem contactar atrav\u00e9s do endere\u00e7o eletr\u00f3nico geral@portipark.pt ou consultar o site\u00a0<a href=\"http:\/\/www.portipark.pt\/\" target=\"_blank\" rel=\"noreferrer noopener\">www.portipark.pt<\/a>.<\/p>\n","protected":false},"excerpt":{"rendered":"<p>O Parque de Estacionamento subterr\u00e2neo Rocha Prime, localizado na Praia da Rocha, encontra-se a funcionar 24 horas por dia, 7<\/p>\n","protected":false},"author":1,"featured_media":59420,"comment_status":"closed","ping_status":"closed","sticky":false,"template":"","format":"standard","meta":{"colormag_page_container_layout":"default_layout","colormag_page_sidebar_layout":"default_layout","_monsterinsights_skip_tracking":false,"_monsterinsights_sitenote_active":false,"_monsterinsights_sitenote_note":"","_monsterinsights_sitenote_category":0,"jetpack_post_was_ever_published":false,"_jetpack_newsletter_access":"","_jetpack_dont_email_post_to_subs":false,"_jetpack_newsletter_tier_id":0,"_jetpack_memberships_contains_paywalled_content":false,"_jetpack_memberships_contains_paid_content":false,"footnotes":"","jetpack_publicize_message":"","jetpack_publicize_feature_enabled":true,"jetpack_social_post_already_shared":true,"jetpack_social_options":{"image_generator_settings":{"template":"highway","default_image_id":0,"font":"","enabled":false},"version":2}},"categories":[11],"tags":[36,611,72],"class_list":["post-59419","post","type-post","status-publish","format-standard","has-post-thumbnail","hentry","category-atualidade","tag-algarve","tag-emarp","tag-portimao"],"yoast_head":"<!-- This site is optimized with the Yoast SEO plugin v27.5 - https:\/\/yoast.com\/product\/yoast-seo-wordpress\/ -->\n<title>Parque de Estacionamento Rocha Prime passa a funcionar 24H por dia durante todo o ano - Algarve 7<\/title>\n<meta name=\"description\" content=\"Parque de Estacionamento Rocha Prime passa a funcionar 24H por dia durante todo o ano Atualidade\" \/>\n<meta name=\"robots\" content=\"index, follow, max-snippet:-1, max-image-preview:large, max-video-preview:-1\" \/>\n<link rel=\"canonical\" href=\"https:\/\/algarve7.pt\/index.php\/2026\/03\/parque-de-estacionamento-rocha-prime-passa-a-funcionar-24h-por-dia-durante-todo-o-ano\/atualidade\/08\/15\/\" \/>\n<meta property=\"og:locale\" content=\"pt_PT\" \/>\n<meta property=\"og:type\" content=\"article\" \/>\n<meta property=\"og:title\" content=\"Parque de Estacionamento Rocha Prime passa a funcionar 24H por dia durante todo o ano - Algarve 7\" \/>\n<meta property=\"og:description\" content=\"Parque de Estacionamento Rocha Prime passa a funcionar 24H por dia durante todo o ano Atualidade\" \/>\n<meta property=\"og:url\" content=\"https:\/\/algarve7.pt\/index.php\/2026\/03\/parque-de-estacionamento-rocha-prime-passa-a-funcionar-24h-por-dia-durante-todo-o-ano\/atualidade\/08\/15\/\" \/>\n<meta property=\"og:site_name\" content=\"Algarve 7\" \/>\n<meta property=\"article:publisher\" content=\"https:\/\/www.facebook.com\/algarve7\" \/>\n<meta property=\"article:author\" content=\"https:\/\/www.facebook.com\/algarve7\" \/>\n<meta property=\"article:published_time\" content=\"2026-03-05T08:15:00+00:00\" \/>\n<meta property=\"og:image\" content=\"https:\/\/algarve7.pt\/wp-content\/uploads\/2026\/03\/Rocha-Prime.jpg\" \/>\n\t<meta property=\"og:image:width\" content=\"800\" \/>\n\t<meta property=\"og:image:height\" content=\"445\" \/>\n\t<meta property=\"og:image:type\" content=\"image\/jpeg\" \/>\n<meta name=\"author\" content=\"Algarve 7\" \/>\n<meta name=\"twitter:card\" content=\"summary_large_image\" \/>\n<meta name=\"twitter:creator\" content=\"@Algarvesete\" \/>\n<meta name=\"twitter:site\" content=\"@Algarvesete\" \/>\n<meta name=\"twitter:label1\" content=\"Escrito por\" \/>\n\t<meta name=\"twitter:data1\" content=\"Algarve 7\" \/>\n\t<meta name=\"twitter:label2\" content=\"Tempo estimado de leitura\" \/>\n\t<meta name=\"twitter:data2\" content=\"1 minuto\" \/>\n<script type=\"application\/ld+json\" class=\"yoast-schema-graph\">{\"@context\":\"https:\\\/\\\/schema.org\",\"@graph\":[{\"@type\":\"Article\",\"@id\":\"https:\\\/\\\/algarve7.pt\\\/index.php\\\/2026\\\/03\\\/parque-de-estacionamento-rocha-prime-passa-a-funcionar-24h-por-dia-durante-todo-o-ano\\\/atualidade\\\/08\\\/15\\\/#article\",\"isPartOf\":{\"@id\":\"https:\\\/\\\/algarve7.pt\\\/index.php\\\/2026\\\/03\\\/parque-de-estacionamento-rocha-prime-passa-a-funcionar-24h-por-dia-durante-todo-o-ano\\\/atualidade\\\/08\\\/15\\\/\"},\"author\":{\"name\":\"Algarve 7\",\"@id\":\"https:\\\/\\\/algarve7.pt\\\/#\\\/schema\\\/person\\\/23fa70681308e7b319a3204bcea45e0c\"},\"headline\":\"Parque de Estacionamento Rocha Prime passa a funcionar 24H por dia durante todo o ano\",\"datePublished\":\"2026-03-05T08:15:00+00:00\",\"mainEntityOfPage\":{\"@id\":\"https:\\\/\\\/algarve7.pt\\\/index.php\\\/2026\\\/03\\\/parque-de-estacionamento-rocha-prime-passa-a-funcionar-24h-por-dia-durante-todo-o-ano\\\/atualidade\\\/08\\\/15\\\/\"},\"wordCount\":178,\"publisher\":{\"@id\":\"https:\\\/\\\/algarve7.pt\\\/#organization\"},\"image\":{\"@id\":\"https:\\\/\\\/algarve7.pt\\\/index.php\\\/2026\\\/03\\\/parque-de-estacionamento-rocha-prime-passa-a-funcionar-24h-por-dia-durante-todo-o-ano\\\/atualidade\\\/08\\\/15\\\/#primaryimage\"},\"thumbnailUrl\":\"https:\\\/\\\/algarve7.pt\\\/wp-content\\\/uploads\\\/2026\\\/03\\\/Rocha-Prime.jpg\",\"keywords\":[\"Algarve\",\"EMARP\",\"Portim\u00e3o\"],\"articleSection\":[\"Atualidade\"],\"inLanguage\":\"pt-PT\"},{\"@type\":\"WebPage\",\"@id\":\"https:\\\/\\\/algarve7.pt\\\/index.php\\\/2026\\\/03\\\/parque-de-estacionamento-rocha-prime-passa-a-funcionar-24h-por-dia-durante-todo-o-ano\\\/atualidade\\\/08\\\/15\\\/\",\"url\":\"https:\\\/\\\/algarve7.pt\\\/index.php\\\/2026\\\/03\\\/parque-de-estacionamento-rocha-prime-passa-a-funcionar-24h-por-dia-durante-todo-o-ano\\\/atualidade\\\/08\\\/15\\\/\",\"name\":\"Parque de Estacionamento Rocha Prime passa a funcionar 24H por dia durante todo o ano - Algarve 7\",\"isPartOf\":{\"@id\":\"https:\\\/\\\/algarve7.pt\\\/#website\"},\"primaryImageOfPage\":{\"@id\":\"https:\\\/\\\/algarve7.pt\\\/index.php\\\/2026\\\/03\\\/parque-de-estacionamento-rocha-prime-passa-a-funcionar-24h-por-dia-durante-todo-o-ano\\\/atualidade\\\/08\\\/15\\\/#primaryimage\"},\"image\":{\"@id\":\"https:\\\/\\\/algarve7.pt\\\/index.php\\\/2026\\\/03\\\/parque-de-estacionamento-rocha-prime-passa-a-funcionar-24h-por-dia-durante-todo-o-ano\\\/atualidade\\\/08\\\/15\\\/#primaryimage\"},\"thumbnailUrl\":\"https:\\\/\\\/algarve7.pt\\\/wp-content\\\/uploads\\\/2026\\\/03\\\/Rocha-Prime.jpg\",\"datePublished\":\"2026-03-05T08:15:00+00:00\",\"description\":\"Parque de Estacionamento Rocha Prime passa a funcionar 24H por dia durante todo o ano Atualidade\",\"breadcrumb\":{\"@id\":\"https:\\\/\\\/algarve7.pt\\\/index.php\\\/2026\\\/03\\\/parque-de-estacionamento-rocha-prime-passa-a-funcionar-24h-por-dia-durante-todo-o-ano\\\/atualidade\\\/08\\\/15\\\/#breadcrumb\"},\"inLanguage\":\"pt-PT\",\"potentialAction\":[{\"@type\":\"ReadAction\",\"target\":[\"https:\\\/\\\/algarve7.pt\\\/index.php\\\/2026\\\/03\\\/parque-de-estacionamento-rocha-prime-passa-a-funcionar-24h-por-dia-durante-todo-o-ano\\\/atualidade\\\/08\\\/15\\\/\"]}]},{\"@type\":\"ImageObject\",\"inLanguage\":\"pt-PT\",\"@id\":\"https:\\\/\\\/algarve7.pt\\\/index.php\\\/2026\\\/03\\\/parque-de-estacionamento-rocha-prime-passa-a-funcionar-24h-por-dia-durante-todo-o-ano\\\/atualidade\\\/08\\\/15\\\/#primaryimage\",\"url\":\"https:\\\/\\\/algarve7.pt\\\/wp-content\\\/uploads\\\/2026\\\/03\\\/Rocha-Prime.jpg\",\"contentUrl\":\"https:\\\/\\\/algarve7.pt\\\/wp-content\\\/uploads\\\/2026\\\/03\\\/Rocha-Prime.jpg\",\"width\":800,\"height\":445},{\"@type\":\"BreadcrumbList\",\"@id\":\"https:\\\/\\\/algarve7.pt\\\/index.php\\\/2026\\\/03\\\/parque-de-estacionamento-rocha-prime-passa-a-funcionar-24h-por-dia-durante-todo-o-ano\\\/atualidade\\\/08\\\/15\\\/#breadcrumb\",\"itemListElement\":[{\"@type\":\"ListItem\",\"position\":1,\"name\":\"In\u00edcio\",\"item\":\"https:\\\/\\\/algarve7.pt\\\/\"},{\"@type\":\"ListItem\",\"position\":2,\"name\":\"Parque de Estacionamento Rocha Prime passa a funcionar 24H por dia durante todo o ano\"}]},{\"@type\":\"WebSite\",\"@id\":\"https:\\\/\\\/algarve7.pt\\\/#website\",\"url\":\"https:\\\/\\\/algarve7.pt\\\/\",\"name\":\"Algarve 7\",\"description\":\"Informa\u00e7\u00e3o sobre o Algarve\",\"publisher\":{\"@id\":\"https:\\\/\\\/algarve7.pt\\\/#organization\"},\"potentialAction\":[{\"@type\":\"SearchAction\",\"target\":{\"@type\":\"EntryPoint\",\"urlTemplate\":\"https:\\\/\\\/algarve7.pt\\\/?s={search_term_string}\"},\"query-input\":{\"@type\":\"PropertyValueSpecification\",\"valueRequired\":true,\"valueName\":\"search_term_string\"}}],\"inLanguage\":\"pt-PT\"},{\"@type\":\"Organization\",\"@id\":\"https:\\\/\\\/algarve7.pt\\\/#organization\",\"name\":\"Algarve 7\",\"url\":\"https:\\\/\\\/algarve7.pt\\\/\",\"logo\":{\"@type\":\"ImageObject\",\"inLanguage\":\"pt-PT\",\"@id\":\"https:\\\/\\\/algarve7.pt\\\/#\\\/schema\\\/logo\\\/image\\\/\",\"url\":\"https:\\\/\\\/algarve7.pt\\\/wp-content\\\/uploads\\\/2020\\\/10\\\/Logo-8.jpg\",\"contentUrl\":\"https:\\\/\\\/algarve7.pt\\\/wp-content\\\/uploads\\\/2020\\\/10\\\/Logo-8.jpg\",\"width\":1680,\"height\":1186,\"caption\":\"Algarve 7\"},\"image\":{\"@id\":\"https:\\\/\\\/algarve7.pt\\\/#\\\/schema\\\/logo\\\/image\\\/\"},\"sameAs\":[\"https:\\\/\\\/www.facebook.com\\\/algarve7\",\"https:\\\/\\\/x.com\\\/Algarvesete\",\"https:\\\/\\\/www.instagram.com\\\/jornalalgarve7\\\/\",\"https:\\\/\\\/www.linkedin.com\\\/company\\\/algarve7\",\"https:\\\/\\\/www.pinterest.pt\\\/geral0939\\\/_created\\\/\"]},{\"@type\":\"Person\",\"@id\":\"https:\\\/\\\/algarve7.pt\\\/#\\\/schema\\\/person\\\/23fa70681308e7b319a3204bcea45e0c\",\"name\":\"Algarve 7\",\"sameAs\":[\"https:\\\/\\\/algarve7.pt\",\"https:\\\/\\\/www.facebook.com\\\/algarve7\"],\"url\":\"https:\\\/\\\/algarve7.pt\\\/index.php\\\/author\\\/geralalgarve7-pt\\\/\"}]}<\/script>\n<!-- \/ Yoast SEO plugin. -->","yoast_head_json":{"title":"Parque de Estacionamento Rocha Prime passa a funcionar 24H por dia durante todo o ano - Algarve 7","description":"Parque de Estacionamento Rocha Prime passa a funcionar 24H por dia durante todo o ano Atualidade","robots":{"index":"index","follow":"follow","max-snippet":"max-snippet:-1","max-image-preview":"max-image-preview:large","max-video-preview":"max-video-preview:-1"},"canonical":"https:\/\/algarve7.pt\/index.php\/2026\/03\/parque-de-estacionamento-rocha-prime-passa-a-funcionar-24h-por-dia-durante-todo-o-ano\/atualidade\/08\/15\/","og_locale":"pt_PT","og_type":"article","og_title":"Parque de Estacionamento Rocha Prime passa a funcionar 24H por dia durante todo o ano - Algarve 7","og_description":"Parque de Estacionamento Rocha Prime passa a funcionar 24H por dia durante todo o ano Atualidade","og_url":"https:\/\/algarve7.pt\/index.php\/2026\/03\/parque-de-estacionamento-rocha-prime-passa-a-funcionar-24h-por-dia-durante-todo-o-ano\/atualidade\/08\/15\/","og_site_name":"Algarve 7","article_publisher":"https:\/\/www.facebook.com\/algarve7","article_author":"https:\/\/www.facebook.com\/algarve7","article_published_time":"2026-03-05T08:15:00+00:00","og_image":[{"width":800,"height":445,"url":"https:\/\/algarve7.pt\/wp-content\/uploads\/2026\/03\/Rocha-Prime.jpg","type":"image\/jpeg"}],"author":"Algarve 7","twitter_card":"summary_large_image","twitter_creator":"@Algarvesete","twitter_site":"@Algarvesete","twitter_misc":{"Escrito por":"Algarve 7","Tempo estimado de leitura":"1 minuto"},"schema":{"@context":"https:\/\/schema.org","@graph":[{"@type":"Article","@id":"https:\/\/algarve7.pt\/index.php\/2026\/03\/parque-de-estacionamento-rocha-prime-passa-a-funcionar-24h-por-dia-durante-todo-o-ano\/atualidade\/08\/15\/#article","isPartOf":{"@id":"https:\/\/algarve7.pt\/index.php\/2026\/03\/parque-de-estacionamento-rocha-prime-passa-a-funcionar-24h-por-dia-durante-todo-o-ano\/atualidade\/08\/15\/"},"author":{"name":"Algarve 7","@id":"https:\/\/algarve7.pt\/#\/schema\/person\/23fa70681308e7b319a3204bcea45e0c"},"headline":"Parque de Estacionamento Rocha Prime passa a funcionar 24H por dia durante todo o ano","datePublished":"2026-03-05T08:15:00+00:00","mainEntityOfPage":{"@id":"https:\/\/algarve7.pt\/index.php\/2026\/03\/parque-de-estacionamento-rocha-prime-passa-a-funcionar-24h-por-dia-durante-todo-o-ano\/atualidade\/08\/15\/"},"wordCount":178,"publisher":{"@id":"https:\/\/algarve7.pt\/#organization"},"image":{"@id":"https:\/\/algarve7.pt\/index.php\/2026\/03\/parque-de-estacionamento-rocha-prime-passa-a-funcionar-24h-por-dia-durante-todo-o-ano\/atualidade\/08\/15\/#primaryimage"},"thumbnailUrl":"https:\/\/algarve7.pt\/wp-content\/uploads\/2026\/03\/Rocha-Prime.jpg","keywords":["Algarve","EMARP","Portim\u00e3o"],"articleSection":["Atualidade"],"inLanguage":"pt-PT"},{"@type":"WebPage","@id":"https:\/\/algarve7.pt\/index.php\/2026\/03\/parque-de-estacionamento-rocha-prime-passa-a-funcionar-24h-por-dia-durante-todo-o-ano\/atualidade\/08\/15\/","url":"https:\/\/algarve7.pt\/index.php\/2026\/03\/parque-de-estacionamento-rocha-prime-passa-a-funcionar-24h-por-dia-durante-todo-o-ano\/atualidade\/08\/15\/","name":"Parque de Estacionamento Rocha Prime passa a funcionar 24H por dia durante todo o ano - Algarve 7","isPartOf":{"@id":"https:\/\/algarve7.pt\/#website"},"primaryImageOfPage":{"@id":"https:\/\/algarve7.pt\/index.php\/2026\/03\/parque-de-estacionamento-rocha-prime-passa-a-funcionar-24h-por-dia-durante-todo-o-ano\/atualidade\/08\/15\/#primaryimage"},"image":{"@id":"https:\/\/algarve7.pt\/index.php\/2026\/03\/parque-de-estacionamento-rocha-prime-passa-a-funcionar-24h-por-dia-durante-todo-o-ano\/atualidade\/08\/15\/#primaryimage"},"thumbnailUrl":"https:\/\/algarve7.pt\/wp-content\/uploads\/2026\/03\/Rocha-Prime.jpg","datePublished":"2026-03-05T08:15:00+00:00","description":"Parque de Estacionamento Rocha Prime passa a funcionar 24H por dia durante todo o ano Atualidade","breadcrumb":{"@id":"https:\/\/algarve7.pt\/index.php\/2026\/03\/parque-de-estacionamento-rocha-prime-passa-a-funcionar-24h-por-dia-durante-todo-o-ano\/atualidade\/08\/15\/#breadcrumb"},"inLanguage":"pt-PT","potentialAction":[{"@type":"ReadAction","target":["https:\/\/algarve7.pt\/index.php\/2026\/03\/parque-de-estacionamento-rocha-prime-passa-a-funcionar-24h-por-dia-durante-todo-o-ano\/atualidade\/08\/15\/"]}]},{"@type":"ImageObject","inLanguage":"pt-PT","@id":"https:\/\/algarve7.pt\/index.php\/2026\/03\/parque-de-estacionamento-rocha-prime-passa-a-funcionar-24h-por-dia-durante-todo-o-ano\/atualidade\/08\/15\/#primaryimage","url":"https:\/\/algarve7.pt\/wp-content\/uploads\/2026\/03\/Rocha-Prime.jpg","contentUrl":"https:\/\/algarve7.pt\/wp-content\/uploads\/2026\/03\/Rocha-Prime.jpg","width":800,"height":445},{"@type":"BreadcrumbList","@id":"https:\/\/algarve7.pt\/index.php\/2026\/03\/parque-de-estacionamento-rocha-prime-passa-a-funcionar-24h-por-dia-durante-todo-o-ano\/atualidade\/08\/15\/#breadcrumb","itemListElement":[{"@type":"ListItem","position":1,"name":"In\u00edcio","item":"https:\/\/algarve7.pt\/"},{"@type":"ListItem","position":2,"name":"Parque de Estacionamento Rocha Prime passa a funcionar 24H por dia durante todo o ano"}]},{"@type":"WebSite","@id":"https:\/\/algarve7.pt\/#website","url":"https:\/\/algarve7.pt\/","name":"Algarve 7","description":"Informa\u00e7\u00e3o sobre o Algarve","publisher":{"@id":"https:\/\/algarve7.pt\/#organization"},"potentialAction":[{"@type":"SearchAction","target":{"@type":"EntryPoint","urlTemplate":"https:\/\/algarve7.pt\/?s={search_term_string}"},"query-input":{"@type":"PropertyValueSpecification","valueRequired":true,"valueName":"search_term_string"}}],"inLanguage":"pt-PT"},{"@type":"Organization","@id":"https:\/\/algarve7.pt\/#organization","name":"Algarve 7","url":"https:\/\/algarve7.pt\/","logo":{"@type":"ImageObject","inLanguage":"pt-PT","@id":"https:\/\/algarve7.pt\/#\/schema\/logo\/image\/","url":"https:\/\/algarve7.pt\/wp-content\/uploads\/2020\/10\/Logo-8.jpg","contentUrl":"https:\/\/algarve7.pt\/wp-content\/uploads\/2020\/10\/Logo-8.jpg","width":1680,"height":1186,"caption":"Algarve 7"},"image":{"@id":"https:\/\/algarve7.pt\/#\/schema\/logo\/image\/"},"sameAs":["https:\/\/www.facebook.com\/algarve7","https:\/\/x.com\/Algarvesete","https:\/\/www.instagram.com\/jornalalgarve7\/","https:\/\/www.linkedin.com\/company\/algarve7","https:\/\/www.pinterest.pt\/geral0939\/_created\/"]},{"@type":"Person","@id":"https:\/\/algarve7.pt\/#\/schema\/person\/23fa70681308e7b319a3204bcea45e0c","name":"Algarve 7","sameAs":["https:\/\/algarve7.pt","https:\/\/www.facebook.com\/algarve7"],"url":"https:\/\/algarve7.pt\/index.php\/author\/geralalgarve7-pt\/"}]}},"jetpack_publicize_connections":[],"jetpack_featured_media_url":"https:\/\/algarve7.pt\/wp-content\/uploads\/2026\/03\/Rocha-Prime.jpg","jetpack_shortlink":"https:\/\/wp.me\/pcezmW-fsn","jetpack_sharing_enabled":true,"_links":{"self":[{"href":"https:\/\/algarve7.pt\/index.php\/wp-json\/wp\/v2\/posts\/59419","targetHints":{"allow":["GET"]}}],"collection":[{"href":"https:\/\/algarve7.pt\/index.php\/wp-json\/wp\/v2\/posts"}],"about":[{"href":"https:\/\/algarve7.pt\/index.php\/wp-json\/wp\/v2\/types\/post"}],"author":[{"embeddable":true,"href":"https:\/\/algarve7.pt\/index.php\/wp-json\/wp\/v2\/users\/1"}],"replies":[{"embeddable":true,"href":"https:\/\/algarve7.pt\/index.php\/wp-json\/wp\/v2\/comments?post=59419"}],"version-history":[{"count":0,"href":"https:\/\/algarve7.pt\/index.php\/wp-json\/wp\/v2\/posts\/59419\/revisions"}],"wp:featuredmedia":[{"embeddable":true,"href":"https:\/\/algarve7.pt\/index.php\/wp-json\/wp\/v2\/media\/59420"}],"wp:attachment":[{"href":"https:\/\/algarve7.pt\/index.php\/wp-json\/wp\/v2\/media?parent=59419"}],"wp:term":[{"taxonomy":"category","embeddable":true,"href":"https:\/\/algarve7.pt\/index.php\/wp-json\/wp\/v2\/categories?post=59419"},{"taxonomy":"post_tag","embeddable":true,"href":"https:\/\/algarve7.pt\/index.php\/wp-json\/wp\/v2\/tags?post=59419"}],"curies":[{"name":"wp","href":"https:\/\/api.w.org\/{rel}","templated":true}]}}