{"id":59394,"date":"2026-03-05T07:30:00","date_gmt":"2026-03-05T07:30:00","guid":{"rendered":"https:\/\/algarve7.pt\/?p=59394"},"modified":"2026-03-04T09:37:31","modified_gmt":"2026-03-04T09:37:31","slug":"presenca-forte-de-vila-real-de-santo-antonio-na-btl-2026-destaca-eventos-da-epoca-baixa","status":"publish","type":"post","link":"https:\/\/algarve7.pt\/index.php\/2026\/03\/presenca-forte-de-vila-real-de-santo-antonio-na-btl-2026-destaca-eventos-da-epoca-baixa\/turismo\/07\/30\/","title":{"rendered":"Presen\u00e7a forte de Vila Real de Santo Ant\u00f3nio na BTL 2026 destaca eventos da \u00e9poca baixa"},"content":{"rendered":"\n<p>A C\u00e2mara Municipal de Vila Real de Santo Ant\u00f3nio marcou presen\u00e7a na&nbsp;<em>BTL &#8211; Lisbon Travel Market<\/em>, que decorreu de 25 de fevereiro a 1 de mar\u00e7o de 2026, na Feira Internacional de Lisboa, refor\u00e7ando a sua estrat\u00e9gia de promo\u00e7\u00e3o tur\u00edstica junto dos mercados nacional e internacional.<\/p>\n\n\n\n<p>Durante o evento, a autarquia deu a conhecer a sua programa\u00e7\u00e3o cultural, desportiva e de dinamiza\u00e7\u00e3o do centro hist\u00f3rico, com apresenta\u00e7\u00f5es realizadas no stand do Turismo do Algarve, onde o munic\u00edpio contou igualmente com um espa\u00e7o expositivo pr\u00f3prio.<\/p>\n\n\n\n<p>A participa\u00e7\u00e3o da edilidade vila-realense na principal feira de turismo do pa\u00eds centrou-se na promo\u00e7\u00e3o de grandes eventos realizados maioritariamente em \u00e9poca baixa, no \u00e2mbito de uma estrat\u00e9gia clara de combate \u00e0 sazonalidade e de afirma\u00e7\u00e3o do concelho como destino de refer\u00eancia ao longo de todo o ano.&nbsp;<\/p>\n\n\n\n<p>O primeiro grande momento do calend\u00e1rio \u00e9 o&nbsp;<strong>Festival Hist\u00f3rico \u2013 Vila Real de Santo Ant\u00f3nio Setecentista,<\/strong>&nbsp;que regressa nos dias 15, 16 e 17 de maio de 2026. Durante este per\u00edodo, o centro hist\u00f3rico transforma-se num cen\u00e1rio do s\u00e9culo XVIII, evocando a funda\u00e7\u00e3o pombalina da cidade e proporcionando uma experi\u00eancia cultural diferenciadora, capaz de atrair centenas de visitantes fora da \u00e9poca alta.<\/p>\n\n\n\n<p>Seguindo esta linha estrat\u00e9gica, foi igualmente apresentada a&nbsp;<strong><em>Monte Gordo Sand Race 2026<\/em>,&nbsp;<\/strong>agendada para 27, 28 e 29 de novembro, na Praia de Monte Gordo. Integrada no calend\u00e1rio do Campeonato do Mundo de Corridas em Areia, a prova \u00e9 coorganizada pelo Munic\u00edpio e pelo Autom\u00f3vel Club de Portugal, sob a \u00e9gide da Federa\u00e7\u00e3o Internacional de Motociclismo e da Federa\u00e7\u00e3o de Motociclismo de Portugal. Depois de ter reunido mais de 30 mil espectadores nas \u00faltimas edi\u00e7\u00f5es, o evento consolida o posicionamento internacional do concelho no segmento do turismo desportivo.<\/p>\n\n\n\n<p>Entre 30 de novembro de 2026 e 6 de janeiro de 2027, o concelho volta a viver intensamente a quadra festiva com a&nbsp;<strong>programa\u00e7\u00e3o de Natal, que inclui a Vila Natal, o Pres\u00e9pio Gigante&nbsp;<\/strong>e um conjunto alargado de iniciativas recreativas. A estrat\u00e9gia aposta na valoriza\u00e7\u00e3o do Centro Comercial a C\u00e9u Aberto e do com\u00e9rcio local, criando experi\u00eancias no espa\u00e7o p\u00fablico capazes de atrair visitantes nacionais e espanh\u00f3is, em articula\u00e7\u00e3o com a Eurocidade do Guadiana.&nbsp;<\/p>\n\n\n\n<p>Integrada nesta programa\u00e7\u00e3o, destaca-se a 3.\u00aa edi\u00e7\u00e3o da&nbsp;<strong>S\u00e3o Silvestre Vila Real de Santo Ant\u00f3nio \u2013 Monte Gordo,<\/strong>&nbsp;que se realiza a 5 de dezembro de 2026, com in\u00edcio \u00e0s 16h30. A prova de 10 km, com homologa\u00e7\u00e3o oficial e 5.000 euros em pr\u00e9mios, aponta para uma meta de 2.000 inscritos e conta com o apoio das atletas ol\u00edmpicas Ana Dias e Ana Cabecinha como madrinhas.<\/p>\n\n\n\n<p>Durante a BTL 2026, foi ainda apresentada a&nbsp;<strong>candidatura da Eurocidade do Guadiana a Comunidade Europeia do Desporto 2026,<\/strong>&nbsp;refor\u00e7ando a dimens\u00e3o transfronteiri\u00e7a e a coopera\u00e7\u00e3o entre as duas margens do rio.&nbsp;<\/p>\n\n\n\n<p>A presen\u00e7a de Vila Real de Santo Ant\u00f3nio na feira incluiu tamb\u00e9m um momento de promo\u00e7\u00e3o da identidade gastron\u00f3mica local, com uma degusta\u00e7\u00e3o de pratos \u00e0 base de atum, em parceria com o Restaurante &#8220;Os Arcos&#8221;, valorizando um dos produtos mais emblem\u00e1ticos da tradi\u00e7\u00e3o culin\u00e1ria da regi\u00e3o.<\/p>\n\n\n\n<p>\u201cO que apresent\u00e1mos na BTL \u00e9 uma estrat\u00e9gia consistente de promo\u00e7\u00e3o tur\u00edstica que aposta em eventos estruturantes, maioritariamente fora do per\u00edodo estival, para gerar din\u00e2mica econ\u00f3mica, atrair visitantes e afirmar Vila Real de Santo Ant\u00f3nio como um destino que se vive 365 dias por ano\u201d, sublinhou o presidente da C\u00e2mara Municipal, \u00c1lvaro Ara\u00fajo.<\/p>\n","protected":false},"excerpt":{"rendered":"<p>A C\u00e2mara Municipal de Vila Real de Santo Ant\u00f3nio marcou presen\u00e7a na&nbsp;BTL &#8211; Lisbon Travel Market, que decorreu de 25<\/p>\n","protected":false},"author":1,"featured_media":59395,"comment_status":"closed","ping_status":"closed","sticky":false,"template":"","format":"standard","meta":{"colormag_page_container_layout":"default_layout","colormag_page_sidebar_layout":"default_layout","_monsterinsights_skip_tracking":false,"_monsterinsights_sitenote_active":false,"_monsterinsights_sitenote_note":"","_monsterinsights_sitenote_category":0,"jetpack_post_was_ever_published":false,"_jetpack_newsletter_access":"","_jetpack_dont_email_post_to_subs":false,"_jetpack_newsletter_tier_id":0,"_jetpack_memberships_contains_paywalled_content":false,"_jetpack_memberships_contains_paid_content":false,"footnotes":"","jetpack_publicize_message":"","jetpack_publicize_feature_enabled":true,"jetpack_social_post_already_shared":true,"jetpack_social_options":{"image_generator_settings":{"template":"highway","default_image_id":0,"font":"","enabled":false},"version":2}},"categories":[17],"tags":[36,45,123],"class_list":["post-59394","post","type-post","status-publish","format-standard","has-post-thumbnail","hentry","category-turismo","tag-algarve","tag-turismo","tag-vila-real-de-sto-antonio"],"yoast_head":"<!-- This site is optimized with the Yoast SEO plugin v27.5 - https:\/\/yoast.com\/product\/yoast-seo-wordpress\/ -->\n<title>Presen\u00e7a forte de Vila Real de Santo Ant\u00f3nio na BTL 2026 destaca eventos da \u00e9poca baixa - Algarve 7<\/title>\n<meta name=\"description\" content=\"Presen\u00e7a forte de Vila Real de Santo Ant\u00f3nio na BTL 2026 destaca eventos da \u00e9poca baixa Turismo\" \/>\n<meta name=\"robots\" content=\"index, follow, max-snippet:-1, max-image-preview:large, max-video-preview:-1\" \/>\n<link rel=\"canonical\" href=\"https:\/\/algarve7.pt\/index.php\/2026\/03\/presenca-forte-de-vila-real-de-santo-antonio-na-btl-2026-destaca-eventos-da-epoca-baixa\/turismo\/07\/30\/\" \/>\n<meta property=\"og:locale\" content=\"pt_PT\" \/>\n<meta property=\"og:type\" content=\"article\" \/>\n<meta property=\"og:title\" content=\"Presen\u00e7a forte de Vila Real de Santo Ant\u00f3nio na BTL 2026 destaca eventos da \u00e9poca baixa - Algarve 7\" \/>\n<meta property=\"og:description\" content=\"Presen\u00e7a forte de Vila Real de Santo Ant\u00f3nio na BTL 2026 destaca eventos da \u00e9poca baixa Turismo\" \/>\n<meta property=\"og:url\" content=\"https:\/\/algarve7.pt\/index.php\/2026\/03\/presenca-forte-de-vila-real-de-santo-antonio-na-btl-2026-destaca-eventos-da-epoca-baixa\/turismo\/07\/30\/\" \/>\n<meta property=\"og:site_name\" content=\"Algarve 7\" \/>\n<meta property=\"article:publisher\" content=\"https:\/\/www.facebook.com\/algarve7\" \/>\n<meta property=\"article:author\" content=\"https:\/\/www.facebook.com\/algarve7\" \/>\n<meta property=\"article:published_time\" content=\"2026-03-05T07:30:00+00:00\" \/>\n<meta property=\"og:image\" content=\"https:\/\/algarve7.pt\/wp-content\/uploads\/2026\/03\/Captura-de-ecra-2026-03-04-as-09.35.03.png\" \/>\n\t<meta property=\"og:image:width\" content=\"800\" \/>\n\t<meta property=\"og:image:height\" content=\"445\" \/>\n\t<meta property=\"og:image:type\" content=\"image\/png\" \/>\n<meta name=\"author\" content=\"Algarve 7\" \/>\n<meta name=\"twitter:card\" content=\"summary_large_image\" \/>\n<meta name=\"twitter:creator\" content=\"@Algarvesete\" \/>\n<meta name=\"twitter:site\" content=\"@Algarvesete\" \/>\n<meta name=\"twitter:label1\" content=\"Escrito por\" \/>\n\t<meta name=\"twitter:data1\" content=\"Algarve 7\" \/>\n\t<meta name=\"twitter:label2\" content=\"Tempo estimado de leitura\" \/>\n\t<meta name=\"twitter:data2\" content=\"4 minutos\" \/>\n<script type=\"application\/ld+json\" class=\"yoast-schema-graph\">{\"@context\":\"https:\\\/\\\/schema.org\",\"@graph\":[{\"@type\":\"Article\",\"@id\":\"https:\\\/\\\/algarve7.pt\\\/index.php\\\/2026\\\/03\\\/presenca-forte-de-vila-real-de-santo-antonio-na-btl-2026-destaca-eventos-da-epoca-baixa\\\/turismo\\\/07\\\/30\\\/#article\",\"isPartOf\":{\"@id\":\"https:\\\/\\\/algarve7.pt\\\/index.php\\\/2026\\\/03\\\/presenca-forte-de-vila-real-de-santo-antonio-na-btl-2026-destaca-eventos-da-epoca-baixa\\\/turismo\\\/07\\\/30\\\/\"},\"author\":{\"name\":\"Algarve 7\",\"@id\":\"https:\\\/\\\/algarve7.pt\\\/#\\\/schema\\\/person\\\/23fa70681308e7b319a3204bcea45e0c\"},\"headline\":\"Presen\u00e7a forte de Vila Real de Santo Ant\u00f3nio na BTL 2026 destaca eventos da \u00e9poca baixa\",\"datePublished\":\"2026-03-05T07:30:00+00:00\",\"mainEntityOfPage\":{\"@id\":\"https:\\\/\\\/algarve7.pt\\\/index.php\\\/2026\\\/03\\\/presenca-forte-de-vila-real-de-santo-antonio-na-btl-2026-destaca-eventos-da-epoca-baixa\\\/turismo\\\/07\\\/30\\\/\"},\"wordCount\":637,\"publisher\":{\"@id\":\"https:\\\/\\\/algarve7.pt\\\/#organization\"},\"image\":{\"@id\":\"https:\\\/\\\/algarve7.pt\\\/index.php\\\/2026\\\/03\\\/presenca-forte-de-vila-real-de-santo-antonio-na-btl-2026-destaca-eventos-da-epoca-baixa\\\/turismo\\\/07\\\/30\\\/#primaryimage\"},\"thumbnailUrl\":\"https:\\\/\\\/algarve7.pt\\\/wp-content\\\/uploads\\\/2026\\\/03\\\/Captura-de-ecra-2026-03-04-as-09.35.03.png\",\"keywords\":[\"Algarve\",\"Turismo\",\"Vila Real de St\u00ba Ant\u00f3nio\"],\"articleSection\":[\"Turismo\"],\"inLanguage\":\"pt-PT\"},{\"@type\":\"WebPage\",\"@id\":\"https:\\\/\\\/algarve7.pt\\\/index.php\\\/2026\\\/03\\\/presenca-forte-de-vila-real-de-santo-antonio-na-btl-2026-destaca-eventos-da-epoca-baixa\\\/turismo\\\/07\\\/30\\\/\",\"url\":\"https:\\\/\\\/algarve7.pt\\\/index.php\\\/2026\\\/03\\\/presenca-forte-de-vila-real-de-santo-antonio-na-btl-2026-destaca-eventos-da-epoca-baixa\\\/turismo\\\/07\\\/30\\\/\",\"name\":\"Presen\u00e7a forte de Vila Real de Santo Ant\u00f3nio na BTL 2026 destaca eventos da \u00e9poca baixa - Algarve 7\",\"isPartOf\":{\"@id\":\"https:\\\/\\\/algarve7.pt\\\/#website\"},\"primaryImageOfPage\":{\"@id\":\"https:\\\/\\\/algarve7.pt\\\/index.php\\\/2026\\\/03\\\/presenca-forte-de-vila-real-de-santo-antonio-na-btl-2026-destaca-eventos-da-epoca-baixa\\\/turismo\\\/07\\\/30\\\/#primaryimage\"},\"image\":{\"@id\":\"https:\\\/\\\/algarve7.pt\\\/index.php\\\/2026\\\/03\\\/presenca-forte-de-vila-real-de-santo-antonio-na-btl-2026-destaca-eventos-da-epoca-baixa\\\/turismo\\\/07\\\/30\\\/#primaryimage\"},\"thumbnailUrl\":\"https:\\\/\\\/algarve7.pt\\\/wp-content\\\/uploads\\\/2026\\\/03\\\/Captura-de-ecra-2026-03-04-as-09.35.03.png\",\"datePublished\":\"2026-03-05T07:30:00+00:00\",\"description\":\"Presen\u00e7a forte de Vila Real de Santo Ant\u00f3nio na BTL 2026 destaca eventos da \u00e9poca baixa Turismo\",\"breadcrumb\":{\"@id\":\"https:\\\/\\\/algarve7.pt\\\/index.php\\\/2026\\\/03\\\/presenca-forte-de-vila-real-de-santo-antonio-na-btl-2026-destaca-eventos-da-epoca-baixa\\\/turismo\\\/07\\\/30\\\/#breadcrumb\"},\"inLanguage\":\"pt-PT\",\"potentialAction\":[{\"@type\":\"ReadAction\",\"target\":[\"https:\\\/\\\/algarve7.pt\\\/index.php\\\/2026\\\/03\\\/presenca-forte-de-vila-real-de-santo-antonio-na-btl-2026-destaca-eventos-da-epoca-baixa\\\/turismo\\\/07\\\/30\\\/\"]}]},{\"@type\":\"ImageObject\",\"inLanguage\":\"pt-PT\",\"@id\":\"https:\\\/\\\/algarve7.pt\\\/index.php\\\/2026\\\/03\\\/presenca-forte-de-vila-real-de-santo-antonio-na-btl-2026-destaca-eventos-da-epoca-baixa\\\/turismo\\\/07\\\/30\\\/#primaryimage\",\"url\":\"https:\\\/\\\/algarve7.pt\\\/wp-content\\\/uploads\\\/2026\\\/03\\\/Captura-de-ecra-2026-03-04-as-09.35.03.png\",\"contentUrl\":\"https:\\\/\\\/algarve7.pt\\\/wp-content\\\/uploads\\\/2026\\\/03\\\/Captura-de-ecra-2026-03-04-as-09.35.03.png\",\"width\":800,\"height\":445},{\"@type\":\"BreadcrumbList\",\"@id\":\"https:\\\/\\\/algarve7.pt\\\/index.php\\\/2026\\\/03\\\/presenca-forte-de-vila-real-de-santo-antonio-na-btl-2026-destaca-eventos-da-epoca-baixa\\\/turismo\\\/07\\\/30\\\/#breadcrumb\",\"itemListElement\":[{\"@type\":\"ListItem\",\"position\":1,\"name\":\"In\u00edcio\",\"item\":\"https:\\\/\\\/algarve7.pt\\\/\"},{\"@type\":\"ListItem\",\"position\":2,\"name\":\"Presen\u00e7a forte de Vila Real de Santo Ant\u00f3nio na BTL 2026 destaca eventos da \u00e9poca baixa\"}]},{\"@type\":\"WebSite\",\"@id\":\"https:\\\/\\\/algarve7.pt\\\/#website\",\"url\":\"https:\\\/\\\/algarve7.pt\\\/\",\"name\":\"Algarve 7\",\"description\":\"Informa\u00e7\u00e3o sobre o Algarve\",\"publisher\":{\"@id\":\"https:\\\/\\\/algarve7.pt\\\/#organization\"},\"potentialAction\":[{\"@type\":\"SearchAction\",\"target\":{\"@type\":\"EntryPoint\",\"urlTemplate\":\"https:\\\/\\\/algarve7.pt\\\/?s={search_term_string}\"},\"query-input\":{\"@type\":\"PropertyValueSpecification\",\"valueRequired\":true,\"valueName\":\"search_term_string\"}}],\"inLanguage\":\"pt-PT\"},{\"@type\":\"Organization\",\"@id\":\"https:\\\/\\\/algarve7.pt\\\/#organization\",\"name\":\"Algarve 7\",\"url\":\"https:\\\/\\\/algarve7.pt\\\/\",\"logo\":{\"@type\":\"ImageObject\",\"inLanguage\":\"pt-PT\",\"@id\":\"https:\\\/\\\/algarve7.pt\\\/#\\\/schema\\\/logo\\\/image\\\/\",\"url\":\"https:\\\/\\\/algarve7.pt\\\/wp-content\\\/uploads\\\/2020\\\/10\\\/Logo-8.jpg\",\"contentUrl\":\"https:\\\/\\\/algarve7.pt\\\/wp-content\\\/uploads\\\/2020\\\/10\\\/Logo-8.jpg\",\"width\":1680,\"height\":1186,\"caption\":\"Algarve 7\"},\"image\":{\"@id\":\"https:\\\/\\\/algarve7.pt\\\/#\\\/schema\\\/logo\\\/image\\\/\"},\"sameAs\":[\"https:\\\/\\\/www.facebook.com\\\/algarve7\",\"https:\\\/\\\/x.com\\\/Algarvesete\",\"https:\\\/\\\/www.instagram.com\\\/jornalalgarve7\\\/\",\"https:\\\/\\\/www.linkedin.com\\\/company\\\/algarve7\",\"https:\\\/\\\/www.pinterest.pt\\\/geral0939\\\/_created\\\/\"]},{\"@type\":\"Person\",\"@id\":\"https:\\\/\\\/algarve7.pt\\\/#\\\/schema\\\/person\\\/23fa70681308e7b319a3204bcea45e0c\",\"name\":\"Algarve 7\",\"sameAs\":[\"https:\\\/\\\/algarve7.pt\",\"https:\\\/\\\/www.facebook.com\\\/algarve7\"],\"url\":\"https:\\\/\\\/algarve7.pt\\\/index.php\\\/author\\\/geralalgarve7-pt\\\/\"}]}<\/script>\n<!-- \/ Yoast SEO plugin. -->","yoast_head_json":{"title":"Presen\u00e7a forte de Vila Real de Santo Ant\u00f3nio na BTL 2026 destaca eventos da \u00e9poca baixa - Algarve 7","description":"Presen\u00e7a forte de Vila Real de Santo Ant\u00f3nio na BTL 2026 destaca eventos da \u00e9poca baixa Turismo","robots":{"index":"index","follow":"follow","max-snippet":"max-snippet:-1","max-image-preview":"max-image-preview:large","max-video-preview":"max-video-preview:-1"},"canonical":"https:\/\/algarve7.pt\/index.php\/2026\/03\/presenca-forte-de-vila-real-de-santo-antonio-na-btl-2026-destaca-eventos-da-epoca-baixa\/turismo\/07\/30\/","og_locale":"pt_PT","og_type":"article","og_title":"Presen\u00e7a forte de Vila Real de Santo Ant\u00f3nio na BTL 2026 destaca eventos da \u00e9poca baixa - Algarve 7","og_description":"Presen\u00e7a forte de Vila Real de Santo Ant\u00f3nio na BTL 2026 destaca eventos da \u00e9poca baixa Turismo","og_url":"https:\/\/algarve7.pt\/index.php\/2026\/03\/presenca-forte-de-vila-real-de-santo-antonio-na-btl-2026-destaca-eventos-da-epoca-baixa\/turismo\/07\/30\/","og_site_name":"Algarve 7","article_publisher":"https:\/\/www.facebook.com\/algarve7","article_author":"https:\/\/www.facebook.com\/algarve7","article_published_time":"2026-03-05T07:30:00+00:00","og_image":[{"width":800,"height":445,"url":"https:\/\/algarve7.pt\/wp-content\/uploads\/2026\/03\/Captura-de-ecra-2026-03-04-as-09.35.03.png","type":"image\/png"}],"author":"Algarve 7","twitter_card":"summary_large_image","twitter_creator":"@Algarvesete","twitter_site":"@Algarvesete","twitter_misc":{"Escrito por":"Algarve 7","Tempo estimado de leitura":"4 minutos"},"schema":{"@context":"https:\/\/schema.org","@graph":[{"@type":"Article","@id":"https:\/\/algarve7.pt\/index.php\/2026\/03\/presenca-forte-de-vila-real-de-santo-antonio-na-btl-2026-destaca-eventos-da-epoca-baixa\/turismo\/07\/30\/#article","isPartOf":{"@id":"https:\/\/algarve7.pt\/index.php\/2026\/03\/presenca-forte-de-vila-real-de-santo-antonio-na-btl-2026-destaca-eventos-da-epoca-baixa\/turismo\/07\/30\/"},"author":{"name":"Algarve 7","@id":"https:\/\/algarve7.pt\/#\/schema\/person\/23fa70681308e7b319a3204bcea45e0c"},"headline":"Presen\u00e7a forte de Vila Real de Santo Ant\u00f3nio na BTL 2026 destaca eventos da \u00e9poca baixa","datePublished":"2026-03-05T07:30:00+00:00","mainEntityOfPage":{"@id":"https:\/\/algarve7.pt\/index.php\/2026\/03\/presenca-forte-de-vila-real-de-santo-antonio-na-btl-2026-destaca-eventos-da-epoca-baixa\/turismo\/07\/30\/"},"wordCount":637,"publisher":{"@id":"https:\/\/algarve7.pt\/#organization"},"image":{"@id":"https:\/\/algarve7.pt\/index.php\/2026\/03\/presenca-forte-de-vila-real-de-santo-antonio-na-btl-2026-destaca-eventos-da-epoca-baixa\/turismo\/07\/30\/#primaryimage"},"thumbnailUrl":"https:\/\/algarve7.pt\/wp-content\/uploads\/2026\/03\/Captura-de-ecra-2026-03-04-as-09.35.03.png","keywords":["Algarve","Turismo","Vila Real de St\u00ba Ant\u00f3nio"],"articleSection":["Turismo"],"inLanguage":"pt-PT"},{"@type":"WebPage","@id":"https:\/\/algarve7.pt\/index.php\/2026\/03\/presenca-forte-de-vila-real-de-santo-antonio-na-btl-2026-destaca-eventos-da-epoca-baixa\/turismo\/07\/30\/","url":"https:\/\/algarve7.pt\/index.php\/2026\/03\/presenca-forte-de-vila-real-de-santo-antonio-na-btl-2026-destaca-eventos-da-epoca-baixa\/turismo\/07\/30\/","name":"Presen\u00e7a forte de Vila Real de Santo Ant\u00f3nio na BTL 2026 destaca eventos da \u00e9poca baixa - Algarve 7","isPartOf":{"@id":"https:\/\/algarve7.pt\/#website"},"primaryImageOfPage":{"@id":"https:\/\/algarve7.pt\/index.php\/2026\/03\/presenca-forte-de-vila-real-de-santo-antonio-na-btl-2026-destaca-eventos-da-epoca-baixa\/turismo\/07\/30\/#primaryimage"},"image":{"@id":"https:\/\/algarve7.pt\/index.php\/2026\/03\/presenca-forte-de-vila-real-de-santo-antonio-na-btl-2026-destaca-eventos-da-epoca-baixa\/turismo\/07\/30\/#primaryimage"},"thumbnailUrl":"https:\/\/algarve7.pt\/wp-content\/uploads\/2026\/03\/Captura-de-ecra-2026-03-04-as-09.35.03.png","datePublished":"2026-03-05T07:30:00+00:00","description":"Presen\u00e7a forte de Vila Real de Santo Ant\u00f3nio na BTL 2026 destaca eventos da \u00e9poca baixa Turismo","breadcrumb":{"@id":"https:\/\/algarve7.pt\/index.php\/2026\/03\/presenca-forte-de-vila-real-de-santo-antonio-na-btl-2026-destaca-eventos-da-epoca-baixa\/turismo\/07\/30\/#breadcrumb"},"inLanguage":"pt-PT","potentialAction":[{"@type":"ReadAction","target":["https:\/\/algarve7.pt\/index.php\/2026\/03\/presenca-forte-de-vila-real-de-santo-antonio-na-btl-2026-destaca-eventos-da-epoca-baixa\/turismo\/07\/30\/"]}]},{"@type":"ImageObject","inLanguage":"pt-PT","@id":"https:\/\/algarve7.pt\/index.php\/2026\/03\/presenca-forte-de-vila-real-de-santo-antonio-na-btl-2026-destaca-eventos-da-epoca-baixa\/turismo\/07\/30\/#primaryimage","url":"https:\/\/algarve7.pt\/wp-content\/uploads\/2026\/03\/Captura-de-ecra-2026-03-04-as-09.35.03.png","contentUrl":"https:\/\/algarve7.pt\/wp-content\/uploads\/2026\/03\/Captura-de-ecra-2026-03-04-as-09.35.03.png","width":800,"height":445},{"@type":"BreadcrumbList","@id":"https:\/\/algarve7.pt\/index.php\/2026\/03\/presenca-forte-de-vila-real-de-santo-antonio-na-btl-2026-destaca-eventos-da-epoca-baixa\/turismo\/07\/30\/#breadcrumb","itemListElement":[{"@type":"ListItem","position":1,"name":"In\u00edcio","item":"https:\/\/algarve7.pt\/"},{"@type":"ListItem","position":2,"name":"Presen\u00e7a forte de Vila Real de Santo Ant\u00f3nio na BTL 2026 destaca eventos da \u00e9poca baixa"}]},{"@type":"WebSite","@id":"https:\/\/algarve7.pt\/#website","url":"https:\/\/algarve7.pt\/","name":"Algarve 7","description":"Informa\u00e7\u00e3o sobre o Algarve","publisher":{"@id":"https:\/\/algarve7.pt\/#organization"},"potentialAction":[{"@type":"SearchAction","target":{"@type":"EntryPoint","urlTemplate":"https:\/\/algarve7.pt\/?s={search_term_string}"},"query-input":{"@type":"PropertyValueSpecification","valueRequired":true,"valueName":"search_term_string"}}],"inLanguage":"pt-PT"},{"@type":"Organization","@id":"https:\/\/algarve7.pt\/#organization","name":"Algarve 7","url":"https:\/\/algarve7.pt\/","logo":{"@type":"ImageObject","inLanguage":"pt-PT","@id":"https:\/\/algarve7.pt\/#\/schema\/logo\/image\/","url":"https:\/\/algarve7.pt\/wp-content\/uploads\/2020\/10\/Logo-8.jpg","contentUrl":"https:\/\/algarve7.pt\/wp-content\/uploads\/2020\/10\/Logo-8.jpg","width":1680,"height":1186,"caption":"Algarve 7"},"image":{"@id":"https:\/\/algarve7.pt\/#\/schema\/logo\/image\/"},"sameAs":["https:\/\/www.facebook.com\/algarve7","https:\/\/x.com\/Algarvesete","https:\/\/www.instagram.com\/jornalalgarve7\/","https:\/\/www.linkedin.com\/company\/algarve7","https:\/\/www.pinterest.pt\/geral0939\/_created\/"]},{"@type":"Person","@id":"https:\/\/algarve7.pt\/#\/schema\/person\/23fa70681308e7b319a3204bcea45e0c","name":"Algarve 7","sameAs":["https:\/\/algarve7.pt","https:\/\/www.facebook.com\/algarve7"],"url":"https:\/\/algarve7.pt\/index.php\/author\/geralalgarve7-pt\/"}]}},"jetpack_publicize_connections":[],"jetpack_featured_media_url":"https:\/\/algarve7.pt\/wp-content\/uploads\/2026\/03\/Captura-de-ecra-2026-03-04-as-09.35.03.png","jetpack_shortlink":"https:\/\/wp.me\/pcezmW-frY","jetpack_sharing_enabled":true,"_links":{"self":[{"href":"https:\/\/algarve7.pt\/index.php\/wp-json\/wp\/v2\/posts\/59394","targetHints":{"allow":["GET"]}}],"collection":[{"href":"https:\/\/algarve7.pt\/index.php\/wp-json\/wp\/v2\/posts"}],"about":[{"href":"https:\/\/algarve7.pt\/index.php\/wp-json\/wp\/v2\/types\/post"}],"author":[{"embeddable":true,"href":"https:\/\/algarve7.pt\/index.php\/wp-json\/wp\/v2\/users\/1"}],"replies":[{"embeddable":true,"href":"https:\/\/algarve7.pt\/index.php\/wp-json\/wp\/v2\/comments?post=59394"}],"version-history":[{"count":0,"href":"https:\/\/algarve7.pt\/index.php\/wp-json\/wp\/v2\/posts\/59394\/revisions"}],"wp:featuredmedia":[{"embeddable":true,"href":"https:\/\/algarve7.pt\/index.php\/wp-json\/wp\/v2\/media\/59395"}],"wp:attachment":[{"href":"https:\/\/algarve7.pt\/index.php\/wp-json\/wp\/v2\/media?parent=59394"}],"wp:term":[{"taxonomy":"category","embeddable":true,"href":"https:\/\/algarve7.pt\/index.php\/wp-json\/wp\/v2\/categories?post=59394"},{"taxonomy":"post_tag","embeddable":true,"href":"https:\/\/algarve7.pt\/index.php\/wp-json\/wp\/v2\/tags?post=59394"}],"curies":[{"name":"wp","href":"https:\/\/api.w.org\/{rel}","templated":true}]}}