{"id":59107,"date":"2026-02-24T09:00:00","date_gmt":"2026-02-24T09:00:00","guid":{"rendered":"https:\/\/algarve7.pt\/?p=59107"},"modified":"2026-02-23T20:00:30","modified_gmt":"2026-02-23T20:00:30","slug":"vila-real-de-santo-antonio-quer-afirmar-se-como-polo-nacional-da-economia-azul","status":"publish","type":"post","link":"https:\/\/algarve7.pt\/index.php\/2026\/02\/vila-real-de-santo-antonio-quer-afirmar-se-como-polo-nacional-da-economia-azul\/atualidade\/09\/00\/","title":{"rendered":"Vila Real de Santo Ant\u00f3nio quer afirmar-se como polo nacional da Economia Azul"},"content":{"rendered":"\n<p>A estrat\u00e9gia para afirmar Vila Real de Santo Ant\u00f3nio como polo nacional da Economia Azul esteve no centro de uma reuni\u00e3o de trabalho que juntou o Governo, o Munic\u00edpio de Vila Real de Santo Ant\u00f3nio e as principais entidades ligadas ao setor do mar, refor\u00e7ando o alinhamento institucional em torno desta ambi\u00e7\u00e3o estrat\u00e9gica.<\/p>\n\n\n\n<p>O encontro decorreu na passada quinta-feira, 19 de fevereiro, e contou com a presen\u00e7a do Secret\u00e1rio de Estado das Pescas e do Mar, Salvador Malheiro, que se deslocou ao concelho para reunir com o Presidente da C\u00e2mara Municipal de VRSA, \u00c1lvaro Ara\u00fajo.<\/p>\n\n\n\n<p>A agenda incluiu uma visita \u00e0s instala\u00e7\u00f5es da Nautiber \u2013 Estaleiros Navais do Guadiana, Lda., onde estiveram tamb\u00e9m representantes da Docapesca, da Dire\u00e7\u00e3o-Geral de Recursos Naturais, Seguran\u00e7a e Servi\u00e7os Mar\u00edtimos, da Dire\u00e7\u00e3o-Geral de Pol\u00edtica do Mar, da Comiss\u00e3o de Coordena\u00e7\u00e3o e Desenvolvimento Regional do Algarve, da Associa\u00e7\u00e3o dos Armadores de Pesca do Algarve, entre outras entidades com interven\u00e7\u00e3o direta no setor. A visita contemplou ainda uma passagem pela Associa\u00e7\u00e3o Naval do Guadiana.<\/p>\n\n\n\n<p>Em an\u00e1lise estiveram as v\u00e1rias dimens\u00f5es da economia do mar no concelho, da pesca \u00e0 constru\u00e7\u00e3o e repara\u00e7\u00e3o naval, passando pela log\u00edstica, pelo turismo n\u00e1utico e pela sustentabilidade ambiental. O objetivo \u00e9 consolidar uma vis\u00e3o integrada que permita transformar o potencial instalado em investimento, emprego qualificado e maior competitividade territorial.<\/p>\n\n\n\n<p>Durante a reuni\u00e3o foram reiteradas prioridades consideradas estruturantes, nomeadamente a clarifica\u00e7\u00e3o do processo de descentraliza\u00e7\u00e3o de compet\u00eancias na zona da muralha e da frente ribeirinha, a requalifica\u00e7\u00e3o do Porto de Pesca, incluindo infraestruturas, arruamentos, ilumina\u00e7\u00e3o e cais de descarga, e a cria\u00e7\u00e3o de uma \u00e1rea \u201ccluster\u201d dedicada \u00e0 constru\u00e7\u00e3o e repara\u00e7\u00e3o naval.<\/p>\n\n\n\n<p>Foram igualmente abordadas a melhoria das condi\u00e7\u00f5es de exerc\u00edcio da atividade dos mariscadores, a garantia de navegabilidade do Rio Guadiana, com interven\u00e7\u00f5es ao n\u00edvel das dragagens e da sinaliza\u00e7\u00e3o, a viabiliza\u00e7\u00e3o de uma licen\u00e7a mar\u00edtimo-tur\u00edstica para transporte regular internacional de passageiros e o planeamento estrat\u00e9gico dos terrenos de expans\u00e3o atualmente sob gest\u00e3o da Docapesca.<\/p>\n\n\n\n<p>No final do encontro foi sublinhado o alinhamento institucional em torno desta estrat\u00e9gia. \u201cHoje demos um passo importante para fazer da nossa cidade um polo nacional da Economia Azul. Reunimos entidades e vontades para garantir que os nossos estaleiros e o nosso mar recebam a aten\u00e7\u00e3o e o investimento que merecem\u201d, afirmou \u00c1lvaro Ara\u00fajo.<\/p>\n\n\n\n<p>Tamb\u00e9m Salvador Malheiro destacou a import\u00e2ncia da articula\u00e7\u00e3o entre entidades e da defini\u00e7\u00e3o de um caminho comum para potenciar o setor, considerando que Vila Real de Santo Ant\u00f3nio re\u00fane condi\u00e7\u00f5es para afirmar-se como refer\u00eancia nacional nesta \u00e1rea.<\/p>\n\n\n\n<p>O Munic\u00edpio continuar\u00e1 a trabalhar em estreita articula\u00e7\u00e3o com o Governo e com os parceiros institucionais, com o objetivo de transformar esta vis\u00e3o partilhada em projetos concretos, capazes de gerar investimento, desenvolvimento sustent\u00e1vel e novas oportunidades para o concelho e para a regi\u00e3o.<\/p>\n","protected":false},"excerpt":{"rendered":"<p>A estrat\u00e9gia para afirmar Vila Real de Santo Ant\u00f3nio como polo nacional da Economia Azul esteve no centro de uma<\/p>\n","protected":false},"author":1,"featured_media":59108,"comment_status":"closed","ping_status":"closed","sticky":false,"template":"","format":"standard","meta":{"colormag_page_container_layout":"default_layout","colormag_page_sidebar_layout":"default_layout","_monsterinsights_skip_tracking":false,"_monsterinsights_sitenote_active":false,"_monsterinsights_sitenote_note":"","_monsterinsights_sitenote_category":0,"jetpack_post_was_ever_published":false,"_jetpack_newsletter_access":"","_jetpack_dont_email_post_to_subs":false,"_jetpack_newsletter_tier_id":0,"_jetpack_memberships_contains_paywalled_content":false,"_jetpack_memberships_contains_paid_content":false,"footnotes":"","jetpack_publicize_message":"","jetpack_publicize_feature_enabled":true,"jetpack_social_post_already_shared":true,"jetpack_social_options":{"image_generator_settings":{"template":"highway","default_image_id":0,"font":"","enabled":false},"version":2}},"categories":[11],"tags":[36,62,123],"class_list":["post-59107","post","type-post","status-publish","format-standard","has-post-thumbnail","hentry","category-atualidade","tag-algarve","tag-atualidade","tag-vila-real-de-sto-antonio"],"yoast_head":"<!-- This site is optimized with the Yoast SEO plugin v27.5 - https:\/\/yoast.com\/product\/yoast-seo-wordpress\/ -->\n<title>Vila Real de Santo Ant\u00f3nio quer afirmar-se como polo nacional da Economia Azul - Algarve 7<\/title>\n<meta name=\"description\" content=\"Vila Real de Santo Ant\u00f3nio quer afirmar-se como polo nacional da Economia Azul Atualidade\" \/>\n<meta name=\"robots\" content=\"index, follow, max-snippet:-1, max-image-preview:large, max-video-preview:-1\" \/>\n<link rel=\"canonical\" href=\"https:\/\/algarve7.pt\/index.php\/2026\/02\/vila-real-de-santo-antonio-quer-afirmar-se-como-polo-nacional-da-economia-azul\/atualidade\/09\/00\/\" \/>\n<meta property=\"og:locale\" content=\"pt_PT\" \/>\n<meta property=\"og:type\" content=\"article\" \/>\n<meta property=\"og:title\" content=\"Vila Real de Santo Ant\u00f3nio quer afirmar-se como polo nacional da Economia Azul - Algarve 7\" \/>\n<meta property=\"og:description\" content=\"Vila Real de Santo Ant\u00f3nio quer afirmar-se como polo nacional da Economia Azul Atualidade\" \/>\n<meta property=\"og:url\" content=\"https:\/\/algarve7.pt\/index.php\/2026\/02\/vila-real-de-santo-antonio-quer-afirmar-se-como-polo-nacional-da-economia-azul\/atualidade\/09\/00\/\" \/>\n<meta property=\"og:site_name\" content=\"Algarve 7\" \/>\n<meta property=\"article:publisher\" content=\"https:\/\/www.facebook.com\/algarve7\" \/>\n<meta property=\"article:author\" content=\"https:\/\/www.facebook.com\/algarve7\" \/>\n<meta property=\"article:published_time\" content=\"2026-02-24T09:00:00+00:00\" \/>\n<meta property=\"og:image\" content=\"https:\/\/algarve7.pt\/wp-content\/uploads\/2026\/02\/Economia-Azul_Visita-SE-Pescas-e-Mar_VRSA-3.jpg\" \/>\n\t<meta property=\"og:image:width\" content=\"800\" \/>\n\t<meta property=\"og:image:height\" content=\"500\" \/>\n\t<meta property=\"og:image:type\" content=\"image\/jpeg\" \/>\n<meta name=\"author\" content=\"Algarve 7\" \/>\n<meta name=\"twitter:card\" content=\"summary_large_image\" \/>\n<meta name=\"twitter:creator\" content=\"@Algarvesete\" \/>\n<meta name=\"twitter:site\" content=\"@Algarvesete\" \/>\n<meta name=\"twitter:label1\" content=\"Escrito por\" \/>\n\t<meta name=\"twitter:data1\" content=\"Algarve 7\" \/>\n\t<meta name=\"twitter:label2\" content=\"Tempo estimado de leitura\" \/>\n\t<meta name=\"twitter:data2\" content=\"3 minutos\" \/>\n<script type=\"application\/ld+json\" class=\"yoast-schema-graph\">{\"@context\":\"https:\\\/\\\/schema.org\",\"@graph\":[{\"@type\":\"Article\",\"@id\":\"https:\\\/\\\/algarve7.pt\\\/index.php\\\/2026\\\/02\\\/vila-real-de-santo-antonio-quer-afirmar-se-como-polo-nacional-da-economia-azul\\\/atualidade\\\/09\\\/00\\\/#article\",\"isPartOf\":{\"@id\":\"https:\\\/\\\/algarve7.pt\\\/index.php\\\/2026\\\/02\\\/vila-real-de-santo-antonio-quer-afirmar-se-como-polo-nacional-da-economia-azul\\\/atualidade\\\/09\\\/00\\\/\"},\"author\":{\"name\":\"Algarve 7\",\"@id\":\"https:\\\/\\\/algarve7.pt\\\/#\\\/schema\\\/person\\\/23fa70681308e7b319a3204bcea45e0c\"},\"headline\":\"Vila Real de Santo Ant\u00f3nio quer afirmar-se como polo nacional da Economia Azul\",\"datePublished\":\"2026-02-24T09:00:00+00:00\",\"mainEntityOfPage\":{\"@id\":\"https:\\\/\\\/algarve7.pt\\\/index.php\\\/2026\\\/02\\\/vila-real-de-santo-antonio-quer-afirmar-se-como-polo-nacional-da-economia-azul\\\/atualidade\\\/09\\\/00\\\/\"},\"wordCount\":536,\"publisher\":{\"@id\":\"https:\\\/\\\/algarve7.pt\\\/#organization\"},\"image\":{\"@id\":\"https:\\\/\\\/algarve7.pt\\\/index.php\\\/2026\\\/02\\\/vila-real-de-santo-antonio-quer-afirmar-se-como-polo-nacional-da-economia-azul\\\/atualidade\\\/09\\\/00\\\/#primaryimage\"},\"thumbnailUrl\":\"https:\\\/\\\/algarve7.pt\\\/wp-content\\\/uploads\\\/2026\\\/02\\\/Economia-Azul_Visita-SE-Pescas-e-Mar_VRSA-3.jpg\",\"keywords\":[\"Algarve\",\"Atualidade\",\"Vila Real de St\u00ba Ant\u00f3nio\"],\"articleSection\":[\"Atualidade\"],\"inLanguage\":\"pt-PT\"},{\"@type\":\"WebPage\",\"@id\":\"https:\\\/\\\/algarve7.pt\\\/index.php\\\/2026\\\/02\\\/vila-real-de-santo-antonio-quer-afirmar-se-como-polo-nacional-da-economia-azul\\\/atualidade\\\/09\\\/00\\\/\",\"url\":\"https:\\\/\\\/algarve7.pt\\\/index.php\\\/2026\\\/02\\\/vila-real-de-santo-antonio-quer-afirmar-se-como-polo-nacional-da-economia-azul\\\/atualidade\\\/09\\\/00\\\/\",\"name\":\"Vila Real de Santo Ant\u00f3nio quer afirmar-se como polo nacional da Economia Azul - Algarve 7\",\"isPartOf\":{\"@id\":\"https:\\\/\\\/algarve7.pt\\\/#website\"},\"primaryImageOfPage\":{\"@id\":\"https:\\\/\\\/algarve7.pt\\\/index.php\\\/2026\\\/02\\\/vila-real-de-santo-antonio-quer-afirmar-se-como-polo-nacional-da-economia-azul\\\/atualidade\\\/09\\\/00\\\/#primaryimage\"},\"image\":{\"@id\":\"https:\\\/\\\/algarve7.pt\\\/index.php\\\/2026\\\/02\\\/vila-real-de-santo-antonio-quer-afirmar-se-como-polo-nacional-da-economia-azul\\\/atualidade\\\/09\\\/00\\\/#primaryimage\"},\"thumbnailUrl\":\"https:\\\/\\\/algarve7.pt\\\/wp-content\\\/uploads\\\/2026\\\/02\\\/Economia-Azul_Visita-SE-Pescas-e-Mar_VRSA-3.jpg\",\"datePublished\":\"2026-02-24T09:00:00+00:00\",\"description\":\"Vila Real de Santo Ant\u00f3nio quer afirmar-se como polo nacional da Economia Azul Atualidade\",\"breadcrumb\":{\"@id\":\"https:\\\/\\\/algarve7.pt\\\/index.php\\\/2026\\\/02\\\/vila-real-de-santo-antonio-quer-afirmar-se-como-polo-nacional-da-economia-azul\\\/atualidade\\\/09\\\/00\\\/#breadcrumb\"},\"inLanguage\":\"pt-PT\",\"potentialAction\":[{\"@type\":\"ReadAction\",\"target\":[\"https:\\\/\\\/algarve7.pt\\\/index.php\\\/2026\\\/02\\\/vila-real-de-santo-antonio-quer-afirmar-se-como-polo-nacional-da-economia-azul\\\/atualidade\\\/09\\\/00\\\/\"]}]},{\"@type\":\"ImageObject\",\"inLanguage\":\"pt-PT\",\"@id\":\"https:\\\/\\\/algarve7.pt\\\/index.php\\\/2026\\\/02\\\/vila-real-de-santo-antonio-quer-afirmar-se-como-polo-nacional-da-economia-azul\\\/atualidade\\\/09\\\/00\\\/#primaryimage\",\"url\":\"https:\\\/\\\/algarve7.pt\\\/wp-content\\\/uploads\\\/2026\\\/02\\\/Economia-Azul_Visita-SE-Pescas-e-Mar_VRSA-3.jpg\",\"contentUrl\":\"https:\\\/\\\/algarve7.pt\\\/wp-content\\\/uploads\\\/2026\\\/02\\\/Economia-Azul_Visita-SE-Pescas-e-Mar_VRSA-3.jpg\",\"width\":800,\"height\":500},{\"@type\":\"BreadcrumbList\",\"@id\":\"https:\\\/\\\/algarve7.pt\\\/index.php\\\/2026\\\/02\\\/vila-real-de-santo-antonio-quer-afirmar-se-como-polo-nacional-da-economia-azul\\\/atualidade\\\/09\\\/00\\\/#breadcrumb\",\"itemListElement\":[{\"@type\":\"ListItem\",\"position\":1,\"name\":\"In\u00edcio\",\"item\":\"https:\\\/\\\/algarve7.pt\\\/\"},{\"@type\":\"ListItem\",\"position\":2,\"name\":\"Vila Real de Santo Ant\u00f3nio quer afirmar-se como polo nacional da Economia Azul\"}]},{\"@type\":\"WebSite\",\"@id\":\"https:\\\/\\\/algarve7.pt\\\/#website\",\"url\":\"https:\\\/\\\/algarve7.pt\\\/\",\"name\":\"Algarve 7\",\"description\":\"Informa\u00e7\u00e3o sobre o Algarve\",\"publisher\":{\"@id\":\"https:\\\/\\\/algarve7.pt\\\/#organization\"},\"potentialAction\":[{\"@type\":\"SearchAction\",\"target\":{\"@type\":\"EntryPoint\",\"urlTemplate\":\"https:\\\/\\\/algarve7.pt\\\/?s={search_term_string}\"},\"query-input\":{\"@type\":\"PropertyValueSpecification\",\"valueRequired\":true,\"valueName\":\"search_term_string\"}}],\"inLanguage\":\"pt-PT\"},{\"@type\":\"Organization\",\"@id\":\"https:\\\/\\\/algarve7.pt\\\/#organization\",\"name\":\"Algarve 7\",\"url\":\"https:\\\/\\\/algarve7.pt\\\/\",\"logo\":{\"@type\":\"ImageObject\",\"inLanguage\":\"pt-PT\",\"@id\":\"https:\\\/\\\/algarve7.pt\\\/#\\\/schema\\\/logo\\\/image\\\/\",\"url\":\"https:\\\/\\\/algarve7.pt\\\/wp-content\\\/uploads\\\/2020\\\/10\\\/Logo-8.jpg\",\"contentUrl\":\"https:\\\/\\\/algarve7.pt\\\/wp-content\\\/uploads\\\/2020\\\/10\\\/Logo-8.jpg\",\"width\":1680,\"height\":1186,\"caption\":\"Algarve 7\"},\"image\":{\"@id\":\"https:\\\/\\\/algarve7.pt\\\/#\\\/schema\\\/logo\\\/image\\\/\"},\"sameAs\":[\"https:\\\/\\\/www.facebook.com\\\/algarve7\",\"https:\\\/\\\/x.com\\\/Algarvesete\",\"https:\\\/\\\/www.instagram.com\\\/jornalalgarve7\\\/\",\"https:\\\/\\\/www.linkedin.com\\\/company\\\/algarve7\",\"https:\\\/\\\/www.pinterest.pt\\\/geral0939\\\/_created\\\/\"]},{\"@type\":\"Person\",\"@id\":\"https:\\\/\\\/algarve7.pt\\\/#\\\/schema\\\/person\\\/23fa70681308e7b319a3204bcea45e0c\",\"name\":\"Algarve 7\",\"sameAs\":[\"https:\\\/\\\/algarve7.pt\",\"https:\\\/\\\/www.facebook.com\\\/algarve7\"],\"url\":\"https:\\\/\\\/algarve7.pt\\\/index.php\\\/author\\\/geralalgarve7-pt\\\/\"}]}<\/script>\n<!-- \/ Yoast SEO plugin. -->","yoast_head_json":{"title":"Vila Real de Santo Ant\u00f3nio quer afirmar-se como polo nacional da Economia Azul - Algarve 7","description":"Vila Real de Santo Ant\u00f3nio quer afirmar-se como polo nacional da Economia Azul Atualidade","robots":{"index":"index","follow":"follow","max-snippet":"max-snippet:-1","max-image-preview":"max-image-preview:large","max-video-preview":"max-video-preview:-1"},"canonical":"https:\/\/algarve7.pt\/index.php\/2026\/02\/vila-real-de-santo-antonio-quer-afirmar-se-como-polo-nacional-da-economia-azul\/atualidade\/09\/00\/","og_locale":"pt_PT","og_type":"article","og_title":"Vila Real de Santo Ant\u00f3nio quer afirmar-se como polo nacional da Economia Azul - Algarve 7","og_description":"Vila Real de Santo Ant\u00f3nio quer afirmar-se como polo nacional da Economia Azul Atualidade","og_url":"https:\/\/algarve7.pt\/index.php\/2026\/02\/vila-real-de-santo-antonio-quer-afirmar-se-como-polo-nacional-da-economia-azul\/atualidade\/09\/00\/","og_site_name":"Algarve 7","article_publisher":"https:\/\/www.facebook.com\/algarve7","article_author":"https:\/\/www.facebook.com\/algarve7","article_published_time":"2026-02-24T09:00:00+00:00","og_image":[{"width":800,"height":500,"url":"https:\/\/algarve7.pt\/wp-content\/uploads\/2026\/02\/Economia-Azul_Visita-SE-Pescas-e-Mar_VRSA-3.jpg","type":"image\/jpeg"}],"author":"Algarve 7","twitter_card":"summary_large_image","twitter_creator":"@Algarvesete","twitter_site":"@Algarvesete","twitter_misc":{"Escrito por":"Algarve 7","Tempo estimado de leitura":"3 minutos"},"schema":{"@context":"https:\/\/schema.org","@graph":[{"@type":"Article","@id":"https:\/\/algarve7.pt\/index.php\/2026\/02\/vila-real-de-santo-antonio-quer-afirmar-se-como-polo-nacional-da-economia-azul\/atualidade\/09\/00\/#article","isPartOf":{"@id":"https:\/\/algarve7.pt\/index.php\/2026\/02\/vila-real-de-santo-antonio-quer-afirmar-se-como-polo-nacional-da-economia-azul\/atualidade\/09\/00\/"},"author":{"name":"Algarve 7","@id":"https:\/\/algarve7.pt\/#\/schema\/person\/23fa70681308e7b319a3204bcea45e0c"},"headline":"Vila Real de Santo Ant\u00f3nio quer afirmar-se como polo nacional da Economia Azul","datePublished":"2026-02-24T09:00:00+00:00","mainEntityOfPage":{"@id":"https:\/\/algarve7.pt\/index.php\/2026\/02\/vila-real-de-santo-antonio-quer-afirmar-se-como-polo-nacional-da-economia-azul\/atualidade\/09\/00\/"},"wordCount":536,"publisher":{"@id":"https:\/\/algarve7.pt\/#organization"},"image":{"@id":"https:\/\/algarve7.pt\/index.php\/2026\/02\/vila-real-de-santo-antonio-quer-afirmar-se-como-polo-nacional-da-economia-azul\/atualidade\/09\/00\/#primaryimage"},"thumbnailUrl":"https:\/\/algarve7.pt\/wp-content\/uploads\/2026\/02\/Economia-Azul_Visita-SE-Pescas-e-Mar_VRSA-3.jpg","keywords":["Algarve","Atualidade","Vila Real de St\u00ba Ant\u00f3nio"],"articleSection":["Atualidade"],"inLanguage":"pt-PT"},{"@type":"WebPage","@id":"https:\/\/algarve7.pt\/index.php\/2026\/02\/vila-real-de-santo-antonio-quer-afirmar-se-como-polo-nacional-da-economia-azul\/atualidade\/09\/00\/","url":"https:\/\/algarve7.pt\/index.php\/2026\/02\/vila-real-de-santo-antonio-quer-afirmar-se-como-polo-nacional-da-economia-azul\/atualidade\/09\/00\/","name":"Vila Real de Santo Ant\u00f3nio quer afirmar-se como polo nacional da Economia Azul - Algarve 7","isPartOf":{"@id":"https:\/\/algarve7.pt\/#website"},"primaryImageOfPage":{"@id":"https:\/\/algarve7.pt\/index.php\/2026\/02\/vila-real-de-santo-antonio-quer-afirmar-se-como-polo-nacional-da-economia-azul\/atualidade\/09\/00\/#primaryimage"},"image":{"@id":"https:\/\/algarve7.pt\/index.php\/2026\/02\/vila-real-de-santo-antonio-quer-afirmar-se-como-polo-nacional-da-economia-azul\/atualidade\/09\/00\/#primaryimage"},"thumbnailUrl":"https:\/\/algarve7.pt\/wp-content\/uploads\/2026\/02\/Economia-Azul_Visita-SE-Pescas-e-Mar_VRSA-3.jpg","datePublished":"2026-02-24T09:00:00+00:00","description":"Vila Real de Santo Ant\u00f3nio quer afirmar-se como polo nacional da Economia Azul Atualidade","breadcrumb":{"@id":"https:\/\/algarve7.pt\/index.php\/2026\/02\/vila-real-de-santo-antonio-quer-afirmar-se-como-polo-nacional-da-economia-azul\/atualidade\/09\/00\/#breadcrumb"},"inLanguage":"pt-PT","potentialAction":[{"@type":"ReadAction","target":["https:\/\/algarve7.pt\/index.php\/2026\/02\/vila-real-de-santo-antonio-quer-afirmar-se-como-polo-nacional-da-economia-azul\/atualidade\/09\/00\/"]}]},{"@type":"ImageObject","inLanguage":"pt-PT","@id":"https:\/\/algarve7.pt\/index.php\/2026\/02\/vila-real-de-santo-antonio-quer-afirmar-se-como-polo-nacional-da-economia-azul\/atualidade\/09\/00\/#primaryimage","url":"https:\/\/algarve7.pt\/wp-content\/uploads\/2026\/02\/Economia-Azul_Visita-SE-Pescas-e-Mar_VRSA-3.jpg","contentUrl":"https:\/\/algarve7.pt\/wp-content\/uploads\/2026\/02\/Economia-Azul_Visita-SE-Pescas-e-Mar_VRSA-3.jpg","width":800,"height":500},{"@type":"BreadcrumbList","@id":"https:\/\/algarve7.pt\/index.php\/2026\/02\/vila-real-de-santo-antonio-quer-afirmar-se-como-polo-nacional-da-economia-azul\/atualidade\/09\/00\/#breadcrumb","itemListElement":[{"@type":"ListItem","position":1,"name":"In\u00edcio","item":"https:\/\/algarve7.pt\/"},{"@type":"ListItem","position":2,"name":"Vila Real de Santo Ant\u00f3nio quer afirmar-se como polo nacional da Economia Azul"}]},{"@type":"WebSite","@id":"https:\/\/algarve7.pt\/#website","url":"https:\/\/algarve7.pt\/","name":"Algarve 7","description":"Informa\u00e7\u00e3o sobre o Algarve","publisher":{"@id":"https:\/\/algarve7.pt\/#organization"},"potentialAction":[{"@type":"SearchAction","target":{"@type":"EntryPoint","urlTemplate":"https:\/\/algarve7.pt\/?s={search_term_string}"},"query-input":{"@type":"PropertyValueSpecification","valueRequired":true,"valueName":"search_term_string"}}],"inLanguage":"pt-PT"},{"@type":"Organization","@id":"https:\/\/algarve7.pt\/#organization","name":"Algarve 7","url":"https:\/\/algarve7.pt\/","logo":{"@type":"ImageObject","inLanguage":"pt-PT","@id":"https:\/\/algarve7.pt\/#\/schema\/logo\/image\/","url":"https:\/\/algarve7.pt\/wp-content\/uploads\/2020\/10\/Logo-8.jpg","contentUrl":"https:\/\/algarve7.pt\/wp-content\/uploads\/2020\/10\/Logo-8.jpg","width":1680,"height":1186,"caption":"Algarve 7"},"image":{"@id":"https:\/\/algarve7.pt\/#\/schema\/logo\/image\/"},"sameAs":["https:\/\/www.facebook.com\/algarve7","https:\/\/x.com\/Algarvesete","https:\/\/www.instagram.com\/jornalalgarve7\/","https:\/\/www.linkedin.com\/company\/algarve7","https:\/\/www.pinterest.pt\/geral0939\/_created\/"]},{"@type":"Person","@id":"https:\/\/algarve7.pt\/#\/schema\/person\/23fa70681308e7b319a3204bcea45e0c","name":"Algarve 7","sameAs":["https:\/\/algarve7.pt","https:\/\/www.facebook.com\/algarve7"],"url":"https:\/\/algarve7.pt\/index.php\/author\/geralalgarve7-pt\/"}]}},"jetpack_publicize_connections":[],"jetpack_featured_media_url":"https:\/\/algarve7.pt\/wp-content\/uploads\/2026\/02\/Economia-Azul_Visita-SE-Pescas-e-Mar_VRSA-3.jpg","jetpack_shortlink":"https:\/\/wp.me\/pcezmW-fnl","jetpack_sharing_enabled":true,"_links":{"self":[{"href":"https:\/\/algarve7.pt\/index.php\/wp-json\/wp\/v2\/posts\/59107","targetHints":{"allow":["GET"]}}],"collection":[{"href":"https:\/\/algarve7.pt\/index.php\/wp-json\/wp\/v2\/posts"}],"about":[{"href":"https:\/\/algarve7.pt\/index.php\/wp-json\/wp\/v2\/types\/post"}],"author":[{"embeddable":true,"href":"https:\/\/algarve7.pt\/index.php\/wp-json\/wp\/v2\/users\/1"}],"replies":[{"embeddable":true,"href":"https:\/\/algarve7.pt\/index.php\/wp-json\/wp\/v2\/comments?post=59107"}],"version-history":[{"count":0,"href":"https:\/\/algarve7.pt\/index.php\/wp-json\/wp\/v2\/posts\/59107\/revisions"}],"wp:featuredmedia":[{"embeddable":true,"href":"https:\/\/algarve7.pt\/index.php\/wp-json\/wp\/v2\/media\/59108"}],"wp:attachment":[{"href":"https:\/\/algarve7.pt\/index.php\/wp-json\/wp\/v2\/media?parent=59107"}],"wp:term":[{"taxonomy":"category","embeddable":true,"href":"https:\/\/algarve7.pt\/index.php\/wp-json\/wp\/v2\/categories?post=59107"},{"taxonomy":"post_tag","embeddable":true,"href":"https:\/\/algarve7.pt\/index.php\/wp-json\/wp\/v2\/tags?post=59107"}],"curies":[{"name":"wp","href":"https:\/\/api.w.org\/{rel}","templated":true}]}}